{"id":2036,"date":"2019-04-10T09:47:33","date_gmt":"2019-04-10T07:47:33","guid":{"rendered":"http:\/\/jennipitko.fi\/koti\/?p=2036"},"modified":"2019-04-10T09:47:40","modified_gmt":"2019-04-10T07:47:40","slug":"luonnonsuojelu","status":"publish","type":"post","link":"https:\/\/jennipitko.fi\/koti\/luonnonsuojelu\/","title":{"rendered":"Luonnonsuojelu tarvitsee lis\u00e4\u00e4 rahoitusta"},"content":{"rendered":"\n<p>Yksi Suomen erityispiirre on, ett\u00e4 l\u00e4himets\u00e4n ja hiljaisuuden voi kokea aivan kaupunkien keskustojen tuntumassa. K\u00e4velylenkill\u00e4 kotoa kauppaan voi kuulla kymmenien eri lintulajien laulun. Luonnossa vietetyll\u00e4 ajalla on my\u00f6s tutkitusti my\u00f6nteisi\u00e4 terveysvaikutuksia: mieli virkistyy, stressi ja verenpaine alenee.<\/p>\n\n\n\n<p>Yksi oma perinteeni on vierailla vuosittain Pudasj\u00e4rvell\u00e4 Sy\u00f6tteen kansallispuistossa vuodenaikojen muutosta seuraamassa: talvisin hiiht\u00e4en, kes\u00e4isin patikoiden tai ruskan aikaan, kun syksy muuttaa linnut. Viime kes\u00e4ni kohokohta oli Karhunkierroksen kiert\u00e4minen Kuusamossa kovien helteiden aikaan, vanhat puut tarjosivat varjoa ja lammet virkist\u00e4vi\u00e4 pulahduksia.<\/p>\n\n\n\n<h4 class=\"wp-block-heading\">Mets\u00e4hallituksen huolehdittava retkeilyrakenteista<\/h4>\n\n\n\n<p>Kansallispuisto tai l\u00e4himets\u00e4, viime aikoina on saatu huolestuttavia uutisia, joissa valtionyhti\u00f6 Mets\u00e4hallitus on kertonut lopettavansa joidenkin kaikille avoimien ja yhteisten retkeilyalueiden yll\u00e4pidon. Syyksi lakkautukselle on annettu muun muassa pitkospuiden ja taukopaikkojen aiheuttamat satunnaiset huoltokustannukset, joka ei sovi yhti\u00f6n aikeisiin kirist\u00e4\u00e4 tulostavoitetta. <br><\/p>\n\n\n\n<p>T\u00e4m\u00e4 ei ole lainkaan oikea suunta! Mets\u00e4hallituksen tulee yhten\u00e4 teht\u00e4v\u00e4n\u00e4 huolehtia, ett\u00e4 yhteiskunta tarjoaa kaikille monipuolisia ja maksuttomia virkist\u00e4ytymis ja harrastusmahdollisuuksia. On my\u00f6s lyhytn\u00e4k\u00f6ist\u00e4 <a href=\"https:\/\/www.kaleva.fi\/uutiset\/kotimaa\/luonnossa-harrastamisen-suosio-kasvaa-ja-samalla-huoltoa-tarvitaan-lisaa-retkeily-ja-opastusvarustuksen-korjausvelka-on-lahes-40-miljoonaa-euroa\/817285\/\">ulkoilun ja retkeilyn kasvattaessa<\/a> suosiotaan lakkauttaa retkeilyalueiden yll\u00e4pitoa. \u00a0<\/p>\n\n\n\n<h4 class=\"wp-block-heading\">Sanginjoki kansallispuistoksi!<\/h4>\n\n\n\n<p>Saimme muutama vuosi sitten uuden upean kansallispuiston Suomussalmen Hossaan, Kainuuseen. Olin syksyll\u00e4 retkell\u00e4 Hossan metsiss\u00e4 ja ihailin historiallisisia kalliomaalauksista ja p\u00e4\u00e4sin siten osaksi aikajatkumoa esihistoriasta t\u00e4h\u00e4n p\u00e4iv\u00e4\u00e4n.<\/p>\n\n\n\n<p>Retkeilyn ja luontomatkailun kasvattaessa tasaisesti suosiotaan olisi perusteltua esitt\u00e4\u00e4 kansallispuistoa my\u00f6s Oulun seudulle, upealle <a href=\"http:\/\/100luontohelmea.fi\/helmi\/sanginjoki\">Sanginjoen ulkomets\u00e4n alueelle<\/a>. Sanginjoen kansallispuisto olisi vetovoimatekij\u00e4 koko Oulun seudulle. Se on my\u00f6s niin liki Oulua, ett\u00e4 sinne voi kes\u00e4ll\u00e4 py\u00f6r\u00e4ill\u00e4 p\u00e4iv\u00e4retkelle arjesta irrottautumiseksi.<\/p>\n\n\n\n<h4 class=\"wp-block-heading\">Luonnon monimuotoisuuden hupeneminen pys\u00e4ytett\u00e4v\u00e4<\/h4>\n\n\n\n<p>Kansallispuistot ja arvokkaat l\u00e4hialueet ovat vain yksi palanen luonnonsuojelua, jonka rahoitusta meid\u00e4n t\u00e4ytyy tulevalla eduskuntakaudella kasvattaa. Suomi on niin monien maiden ohella sitoutunut pys\u00e4ytt\u00e4m\u00e4\u00e4n luonnon monimuotoisuuden heikentymisen, mutta olemme tavoitteesta pahasti j\u00e4ljess\u00e4. Hyvin huolestuttavia ovat my\u00f6s uutiset lajien katoamista uhkaavasta kuudennesta sukupuuttoaallosta. Jo nyt monia tuttuja lajejamme uhkaa sukupuutto, kuten <a href=\"https:\/\/yle.fi\/aihe\/artikkeli\/2019\/03\/08\/homotiainen-on-erittain-uhanalainen-koska-se-ei-loyda-hakatuista-metsista\">h\u00f6m\u00f6tiaista<\/a> ja naalia. <br> <br>Luonnolta on leikattu jo riitt\u00e4v\u00e4sti. Liikaa. Meid\u00e4n on varmistettava, ett\u00e4 metsiemme k\u00e4ytt\u00f6 on kohtuullisella tasolla. Meid\u00e4n on varmistettava, ett\u00e4 luonnonsuojelun rahoitusta kasvatetaan ensi eduskuntakaudella. Meid\u00e4n on teht\u00e4v\u00e4 aivan kaikki mahdollinen, ett\u00e4 saamme pys\u00e4ytetty\u00e4 luonnon monimuotoisuuden heikentymisen ja lajistojen katoamisen.<\/p>\n\n\n\n<figure class=\"wp-block-image\"><img decoding=\"async\" src=\"http:\/\/jennipitko.fi\/koti\/wp-content\/uploads\/2019\/04\/luonnonsuojelu.png\" alt=\"kansallispuisto Jenni Pitko\" class=\"wp-image-2038\" title=\"Luonnonsuojelu tarvitsee lis\u00e4\u00e4 rahoitusta\"><\/figure>\n","protected":false},"excerpt":{"rendered":"<p>Yksi Suomen erityispiirre on, ett\u00e4 l\u00e4himets\u00e4n ja hiljaisuuden voi kokea aivan kaupunkien keskustojen tuntumassa. K\u00e4velylenkill\u00e4 kotoa kauppaan voi kuulla kymmenien [&hellip;]<\/p>\n","protected":false},"author":1,"featured_media":0,"comment_status":"open","ping_status":"closed","sticky":false,"template":"","format":"standard","meta":{"_monsterinsights_skip_tracking":false,"_monsterinsights_sitenote_active":false,"_monsterinsights_sitenote_note":"","_monsterinsights_sitenote_category":0,"site-sidebar-layout":"default","site-content-layout":"","ast-site-content-layout":"default","site-content-style":"default","site-sidebar-style":"default","ast-global-header-display":"","ast-banner-title-visibility":"","ast-main-header-display":"","ast-hfb-above-header-display":"","ast-hfb-below-header-display":"","ast-hfb-mobile-header-display":"","site-post-title":"","ast-breadcrumbs-content":"","ast-featured-img":"","footer-sml-layout":"","ast-disable-related-posts":"","theme-transparent-header-meta":"","adv-header-id-meta":"","stick-header-meta":"","header-above-stick-meta":"","header-main-stick-meta":"","header-below-stick-meta":"","astra-migrate-meta-layouts":"default","ast-page-background-enabled":"default","ast-page-background-meta":{"desktop":{"background-color":"var(--ast-global-color-5)","background-image":"","background-repeat":"repeat","background-position":"center center","background-size":"auto","background-attachment":"scroll","background-type":"","background-media":"","overlay-type":"","overlay-color":"","overlay-opacity":"","overlay-gradient":""},"tablet":{"background-color":"","background-image":"","background-repeat":"repeat","background-position":"center center","background-size":"auto","background-attachment":"scroll","background-type":"","background-media":"","overlay-type":"","overlay-color":"","overlay-opacity":"","overlay-gradient":""},"mobile":{"background-color":"","background-image":"","background-repeat":"repeat","background-position":"center center","background-size":"auto","background-attachment":"scroll","background-type":"","background-media":"","overlay-type":"","overlay-color":"","overlay-opacity":"","overlay-gradient":""}},"ast-content-background-meta":{"desktop":{"background-color":"var(--ast-global-color-4)","background-image":"","background-repeat":"repeat","background-position":"center center","background-size":"auto","background-attachment":"scroll","background-type":"","background-media":"","overlay-type":"","overlay-color":"","overlay-opacity":"","overlay-gradient":""},"tablet":{"background-color":"var(--ast-global-color-4)","background-image":"","background-repeat":"repeat","background-position":"center center","background-size":"auto","background-attachment":"scroll","background-type":"","background-media":"","overlay-type":"","overlay-color":"","overlay-opacity":"","overlay-gradient":""},"mobile":{"background-color":"var(--ast-global-color-4)","background-image":"","background-repeat":"repeat","background-position":"center center","background-size":"auto","background-attachment":"scroll","background-type":"","background-media":"","overlay-type":"","overlay-color":"","overlay-opacity":"","overlay-gradient":""}},"footnotes":""},"categories":[2],"tags":[342,344,298,263],"class_list":["post-2036","post","type-post","status-publish","format-standard","hentry","category-blogi","tag-kansallispuisto","tag-luonnon-monimuotoisuus","tag-luonnonsuojelu","tag-luonto"],"yoast_head":"<!-- This site is optimized with the Yoast SEO plugin v27.5 - https:\/\/yoast.com\/product\/yoast-seo-wordpress\/ -->\n<title>Luonnonsuojelu tarvitsee lis\u00e4\u00e4 rahoitusta - Jenni Pitko - Vihreiden varapuheenjohtaja, ymp\u00e4rist\u00f6valiokunnan puheenjohtaja, kansanedustaja ja arkkitehti Oulusta %<\/title>\n<meta name=\"description\" content=\"Kansallispuistojen suosio on kasvussa, mutta retkeilyrakenteiden yll\u00e4pitoon ei ole riitt\u00e4v\u00e4sti rahaa. Luontoa t\u00e4ytyy suojella my\u00f6s luonnon monimuotoisuuden edist\u00e4miseksi.\" \/>\n<meta name=\"robots\" content=\"index, follow, max-snippet:-1, max-image-preview:large, max-video-preview:-1\" \/>\n<link rel=\"canonical\" href=\"https:\/\/jennipitko.fi\/koti\/luonnonsuojelu\/\" \/>\n<meta property=\"og:locale\" content=\"fi_FI\" \/>\n<meta property=\"og:type\" content=\"article\" \/>\n<meta property=\"og:title\" content=\"Luonnonsuojelu tarvitsee lis\u00e4\u00e4 rahoitusta - Jenni Pitko - Vihreiden varapuheenjohtaja, ymp\u00e4rist\u00f6valiokunnan puheenjohtaja, kansanedustaja ja arkkitehti Oulusta %\" \/>\n<meta property=\"og:description\" content=\"Kansallispuistojen suosio on kasvussa, mutta retkeilyrakenteiden yll\u00e4pitoon ei ole riitt\u00e4v\u00e4sti rahaa. Luontoa t\u00e4ytyy suojella my\u00f6s luonnon monimuotoisuuden edist\u00e4miseksi.\" \/>\n<meta property=\"og:url\" content=\"https:\/\/jennipitko.fi\/koti\/luonnonsuojelu\/\" \/>\n<meta property=\"og:site_name\" content=\"Jenni Pitko - Vihreiden varapuheenjohtaja, ymp\u00e4rist\u00f6valiokunnan puheenjohtaja, kansanedustaja ja arkkitehti Oulusta\" \/>\n<meta property=\"article:published_time\" content=\"2019-04-10T07:47:33+00:00\" \/>\n<meta property=\"article:modified_time\" content=\"2019-04-10T07:47:40+00:00\" \/>\n<meta property=\"og:image\" content=\"http:\/\/jennipitko.fi\/koti\/wp-content\/uploads\/2019\/04\/luonnonsuojelu.png\" \/>\n<meta name=\"author\" content=\"Jenni\" \/>\n<meta name=\"twitter:card\" content=\"summary_large_image\" \/>\n<meta name=\"twitter:label1\" content=\"Kirjoittanut\" \/>\n\t<meta name=\"twitter:data1\" content=\"Jenni\" \/>\n\t<meta name=\"twitter:label2\" content=\"Arvioitu lukuaika\" \/>\n\t<meta name=\"twitter:data2\" content=\"2 minuuttia\" \/>\n<script type=\"application\/ld+json\" class=\"yoast-schema-graph\">{\"@context\":\"https:\\\/\\\/schema.org\",\"@graph\":[{\"@type\":\"Article\",\"@id\":\"https:\\\/\\\/jennipitko.fi\\\/koti\\\/luonnonsuojelu\\\/#article\",\"isPartOf\":{\"@id\":\"https:\\\/\\\/jennipitko.fi\\\/koti\\\/luonnonsuojelu\\\/\"},\"author\":{\"name\":\"Jenni\",\"@id\":\"https:\\\/\\\/jennipitko.fi\\\/koti\\\/#\\\/schema\\\/person\\\/35955c467f851f10124809310e7e7ee8\"},\"headline\":\"Luonnonsuojelu tarvitsee lis\u00e4\u00e4 rahoitusta\",\"datePublished\":\"2019-04-10T07:47:33+00:00\",\"dateModified\":\"2019-04-10T07:47:40+00:00\",\"mainEntityOfPage\":{\"@id\":\"https:\\\/\\\/jennipitko.fi\\\/koti\\\/luonnonsuojelu\\\/\"},\"wordCount\":380,\"commentCount\":0,\"publisher\":{\"@id\":\"https:\\\/\\\/jennipitko.fi\\\/koti\\\/#organization\"},\"image\":{\"@id\":\"https:\\\/\\\/jennipitko.fi\\\/koti\\\/luonnonsuojelu\\\/#primaryimage\"},\"thumbnailUrl\":\"http:\\\/\\\/jennipitko.fi\\\/koti\\\/wp-content\\\/uploads\\\/2019\\\/04\\\/luonnonsuojelu.png\",\"keywords\":[\"kansallispuisto\",\"luonnon monimuotoisuus\",\"luonnonsuojelu\",\"luonto\"],\"articleSection\":[\"Blogi\"],\"inLanguage\":\"fi\",\"potentialAction\":[{\"@type\":\"CommentAction\",\"name\":\"Comment\",\"target\":[\"https:\\\/\\\/jennipitko.fi\\\/koti\\\/luonnonsuojelu\\\/#respond\"]}]},{\"@type\":\"WebPage\",\"@id\":\"https:\\\/\\\/jennipitko.fi\\\/koti\\\/luonnonsuojelu\\\/\",\"url\":\"https:\\\/\\\/jennipitko.fi\\\/koti\\\/luonnonsuojelu\\\/\",\"name\":\"Luonnonsuojelu tarvitsee lis\u00e4\u00e4 rahoitusta - Jenni Pitko - Vihreiden varapuheenjohtaja, ymp\u00e4rist\u00f6valiokunnan puheenjohtaja, kansanedustaja ja arkkitehti Oulusta %\",\"isPartOf\":{\"@id\":\"https:\\\/\\\/jennipitko.fi\\\/koti\\\/#website\"},\"primaryImageOfPage\":{\"@id\":\"https:\\\/\\\/jennipitko.fi\\\/koti\\\/luonnonsuojelu\\\/#primaryimage\"},\"image\":{\"@id\":\"https:\\\/\\\/jennipitko.fi\\\/koti\\\/luonnonsuojelu\\\/#primaryimage\"},\"thumbnailUrl\":\"http:\\\/\\\/jennipitko.fi\\\/koti\\\/wp-content\\\/uploads\\\/2019\\\/04\\\/luonnonsuojelu.png\",\"datePublished\":\"2019-04-10T07:47:33+00:00\",\"dateModified\":\"2019-04-10T07:47:40+00:00\",\"description\":\"Kansallispuistojen suosio on kasvussa, mutta retkeilyrakenteiden yll\u00e4pitoon ei ole riitt\u00e4v\u00e4sti rahaa. Luontoa t\u00e4ytyy suojella my\u00f6s luonnon monimuotoisuuden edist\u00e4miseksi.\",\"breadcrumb\":{\"@id\":\"https:\\\/\\\/jennipitko.fi\\\/koti\\\/luonnonsuojelu\\\/#breadcrumb\"},\"inLanguage\":\"fi\",\"potentialAction\":[{\"@type\":\"ReadAction\",\"target\":[\"https:\\\/\\\/jennipitko.fi\\\/koti\\\/luonnonsuojelu\\\/\"]}]},{\"@type\":\"ImageObject\",\"inLanguage\":\"fi\",\"@id\":\"https:\\\/\\\/jennipitko.fi\\\/koti\\\/luonnonsuojelu\\\/#primaryimage\",\"url\":\"http:\\\/\\\/jennipitko.fi\\\/koti\\\/wp-content\\\/uploads\\\/2019\\\/04\\\/luonnonsuojelu.png\",\"contentUrl\":\"http:\\\/\\\/jennipitko.fi\\\/koti\\\/wp-content\\\/uploads\\\/2019\\\/04\\\/luonnonsuojelu.png\"},{\"@type\":\"BreadcrumbList\",\"@id\":\"https:\\\/\\\/jennipitko.fi\\\/koti\\\/luonnonsuojelu\\\/#breadcrumb\",\"itemListElement\":[{\"@type\":\"ListItem\",\"position\":1,\"name\":\"Home\",\"item\":\"https:\\\/\\\/jennipitko.fi\\\/koti\\\/\"},{\"@type\":\"ListItem\",\"position\":2,\"name\":\"Luonnonsuojelu tarvitsee lis\u00e4\u00e4 rahoitusta\"}]},{\"@type\":\"WebSite\",\"@id\":\"https:\\\/\\\/jennipitko.fi\\\/koti\\\/#website\",\"url\":\"https:\\\/\\\/jennipitko.fi\\\/koti\\\/\",\"name\":\"Jenni Pitko - Vihreiden varapuheenjohtaja, ymp\u00e4rist\u00f6valiokunnan puheenjohtaja, kansanedustaja ja arkkitehti Oulusta\",\"description\":\"Jenni Pitko - Vihreiden varapuheenjohtaja, ymp\u00e4rist\u00f6valiokunnan puheenjohtaja, kansanedustaja ja arkkitehti Oulusta\",\"publisher\":{\"@id\":\"https:\\\/\\\/jennipitko.fi\\\/koti\\\/#organization\"},\"potentialAction\":[{\"@type\":\"SearchAction\",\"target\":{\"@type\":\"EntryPoint\",\"urlTemplate\":\"https:\\\/\\\/jennipitko.fi\\\/koti\\\/?s={search_term_string}\"},\"query-input\":{\"@type\":\"PropertyValueSpecification\",\"valueRequired\":true,\"valueName\":\"search_term_string\"}}],\"inLanguage\":\"fi\"},{\"@type\":\"Organization\",\"@id\":\"https:\\\/\\\/jennipitko.fi\\\/koti\\\/#organization\",\"name\":\"Jenni Pitko - Vihreiden varapuheenjohtaja, ymp\u00e4rist\u00f6valiokunnan puheenjohtaja, kansanedustaja ja arkkitehti Oulusta\",\"url\":\"https:\\\/\\\/jennipitko.fi\\\/koti\\\/\",\"logo\":{\"@type\":\"ImageObject\",\"inLanguage\":\"fi\",\"@id\":\"https:\\\/\\\/jennipitko.fi\\\/koti\\\/#\\\/schema\\\/logo\\\/image\\\/\",\"url\":\"https:\\\/\\\/jennipitko.fi\\\/koti\\\/wp-content\\\/uploads\\\/2025\\\/09\\\/Nimeton-malli-38.png\",\"contentUrl\":\"https:\\\/\\\/jennipitko.fi\\\/koti\\\/wp-content\\\/uploads\\\/2025\\\/09\\\/Nimeton-malli-38.png\",\"width\":1280,\"height\":847,\"caption\":\"Jenni Pitko - Vihreiden varapuheenjohtaja, ymp\u00e4rist\u00f6valiokunnan puheenjohtaja, kansanedustaja ja arkkitehti Oulusta\"},\"image\":{\"@id\":\"https:\\\/\\\/jennipitko.fi\\\/koti\\\/#\\\/schema\\\/logo\\\/image\\\/\"}},{\"@type\":\"Person\",\"@id\":\"https:\\\/\\\/jennipitko.fi\\\/koti\\\/#\\\/schema\\\/person\\\/35955c467f851f10124809310e7e7ee8\",\"name\":\"Jenni\",\"image\":{\"@type\":\"ImageObject\",\"inLanguage\":\"fi\",\"@id\":\"https:\\\/\\\/secure.gravatar.com\\\/avatar\\\/625a0e6413b293da7739d42617828d564a4d6028aec3f45d8939a2ba1617199f?s=96&d=blank&r=g\",\"url\":\"https:\\\/\\\/secure.gravatar.com\\\/avatar\\\/625a0e6413b293da7739d42617828d564a4d6028aec3f45d8939a2ba1617199f?s=96&d=blank&r=g\",\"contentUrl\":\"https:\\\/\\\/secure.gravatar.com\\\/avatar\\\/625a0e6413b293da7739d42617828d564a4d6028aec3f45d8939a2ba1617199f?s=96&d=blank&r=g\",\"caption\":\"Jenni\"},\"url\":\"https:\\\/\\\/jennipitko.fi\\\/koti\\\/author\\\/jenni\\\/\"}]}<\/script>\n<!-- \/ Yoast SEO plugin. -->","yoast_head_json":{"title":"Luonnonsuojelu tarvitsee lis\u00e4\u00e4 rahoitusta - Jenni Pitko - Vihreiden varapuheenjohtaja, ymp\u00e4rist\u00f6valiokunnan puheenjohtaja, kansanedustaja ja arkkitehti Oulusta %","description":"Kansallispuistojen suosio on kasvussa, mutta retkeilyrakenteiden yll\u00e4pitoon ei ole riitt\u00e4v\u00e4sti rahaa. Luontoa t\u00e4ytyy suojella my\u00f6s luonnon monimuotoisuuden edist\u00e4miseksi.","robots":{"index":"index","follow":"follow","max-snippet":"max-snippet:-1","max-image-preview":"max-image-preview:large","max-video-preview":"max-video-preview:-1"},"canonical":"https:\/\/jennipitko.fi\/koti\/luonnonsuojelu\/","og_locale":"fi_FI","og_type":"article","og_title":"Luonnonsuojelu tarvitsee lis\u00e4\u00e4 rahoitusta - Jenni Pitko - Vihreiden varapuheenjohtaja, ymp\u00e4rist\u00f6valiokunnan puheenjohtaja, kansanedustaja ja arkkitehti Oulusta %","og_description":"Kansallispuistojen suosio on kasvussa, mutta retkeilyrakenteiden yll\u00e4pitoon ei ole riitt\u00e4v\u00e4sti rahaa. Luontoa t\u00e4ytyy suojella my\u00f6s luonnon monimuotoisuuden edist\u00e4miseksi.","og_url":"https:\/\/jennipitko.fi\/koti\/luonnonsuojelu\/","og_site_name":"Jenni Pitko - Vihreiden varapuheenjohtaja, ymp\u00e4rist\u00f6valiokunnan puheenjohtaja, kansanedustaja ja arkkitehti Oulusta","article_published_time":"2019-04-10T07:47:33+00:00","article_modified_time":"2019-04-10T07:47:40+00:00","og_image":[{"url":"http:\/\/jennipitko.fi\/koti\/wp-content\/uploads\/2019\/04\/luonnonsuojelu.png","type":"","width":"","height":""}],"author":"Jenni","twitter_card":"summary_large_image","twitter_misc":{"Kirjoittanut":"Jenni","Arvioitu lukuaika":"2 minuuttia"},"schema":{"@context":"https:\/\/schema.org","@graph":[{"@type":"Article","@id":"https:\/\/jennipitko.fi\/koti\/luonnonsuojelu\/#article","isPartOf":{"@id":"https:\/\/jennipitko.fi\/koti\/luonnonsuojelu\/"},"author":{"name":"Jenni","@id":"https:\/\/jennipitko.fi\/koti\/#\/schema\/person\/35955c467f851f10124809310e7e7ee8"},"headline":"Luonnonsuojelu tarvitsee lis\u00e4\u00e4 rahoitusta","datePublished":"2019-04-10T07:47:33+00:00","dateModified":"2019-04-10T07:47:40+00:00","mainEntityOfPage":{"@id":"https:\/\/jennipitko.fi\/koti\/luonnonsuojelu\/"},"wordCount":380,"commentCount":0,"publisher":{"@id":"https:\/\/jennipitko.fi\/koti\/#organization"},"image":{"@id":"https:\/\/jennipitko.fi\/koti\/luonnonsuojelu\/#primaryimage"},"thumbnailUrl":"http:\/\/jennipitko.fi\/koti\/wp-content\/uploads\/2019\/04\/luonnonsuojelu.png","keywords":["kansallispuisto","luonnon monimuotoisuus","luonnonsuojelu","luonto"],"articleSection":["Blogi"],"inLanguage":"fi","potentialAction":[{"@type":"CommentAction","name":"Comment","target":["https:\/\/jennipitko.fi\/koti\/luonnonsuojelu\/#respond"]}]},{"@type":"WebPage","@id":"https:\/\/jennipitko.fi\/koti\/luonnonsuojelu\/","url":"https:\/\/jennipitko.fi\/koti\/luonnonsuojelu\/","name":"Luonnonsuojelu tarvitsee lis\u00e4\u00e4 rahoitusta - Jenni Pitko - Vihreiden varapuheenjohtaja, ymp\u00e4rist\u00f6valiokunnan puheenjohtaja, kansanedustaja ja arkkitehti Oulusta %","isPartOf":{"@id":"https:\/\/jennipitko.fi\/koti\/#website"},"primaryImageOfPage":{"@id":"https:\/\/jennipitko.fi\/koti\/luonnonsuojelu\/#primaryimage"},"image":{"@id":"https:\/\/jennipitko.fi\/koti\/luonnonsuojelu\/#primaryimage"},"thumbnailUrl":"http:\/\/jennipitko.fi\/koti\/wp-content\/uploads\/2019\/04\/luonnonsuojelu.png","datePublished":"2019-04-10T07:47:33+00:00","dateModified":"2019-04-10T07:47:40+00:00","description":"Kansallispuistojen suosio on kasvussa, mutta retkeilyrakenteiden yll\u00e4pitoon ei ole riitt\u00e4v\u00e4sti rahaa. Luontoa t\u00e4ytyy suojella my\u00f6s luonnon monimuotoisuuden edist\u00e4miseksi.","breadcrumb":{"@id":"https:\/\/jennipitko.fi\/koti\/luonnonsuojelu\/#breadcrumb"},"inLanguage":"fi","potentialAction":[{"@type":"ReadAction","target":["https:\/\/jennipitko.fi\/koti\/luonnonsuojelu\/"]}]},{"@type":"ImageObject","inLanguage":"fi","@id":"https:\/\/jennipitko.fi\/koti\/luonnonsuojelu\/#primaryimage","url":"http:\/\/jennipitko.fi\/koti\/wp-content\/uploads\/2019\/04\/luonnonsuojelu.png","contentUrl":"http:\/\/jennipitko.fi\/koti\/wp-content\/uploads\/2019\/04\/luonnonsuojelu.png"},{"@type":"BreadcrumbList","@id":"https:\/\/jennipitko.fi\/koti\/luonnonsuojelu\/#breadcrumb","itemListElement":[{"@type":"ListItem","position":1,"name":"Home","item":"https:\/\/jennipitko.fi\/koti\/"},{"@type":"ListItem","position":2,"name":"Luonnonsuojelu tarvitsee lis\u00e4\u00e4 rahoitusta"}]},{"@type":"WebSite","@id":"https:\/\/jennipitko.fi\/koti\/#website","url":"https:\/\/jennipitko.fi\/koti\/","name":"Jenni Pitko - Vihreiden varapuheenjohtaja, ymp\u00e4rist\u00f6valiokunnan puheenjohtaja, kansanedustaja ja arkkitehti Oulusta","description":"Jenni Pitko - Vihreiden varapuheenjohtaja, ymp\u00e4rist\u00f6valiokunnan puheenjohtaja, kansanedustaja ja arkkitehti Oulusta","publisher":{"@id":"https:\/\/jennipitko.fi\/koti\/#organization"},"potentialAction":[{"@type":"SearchAction","target":{"@type":"EntryPoint","urlTemplate":"https:\/\/jennipitko.fi\/koti\/?s={search_term_string}"},"query-input":{"@type":"PropertyValueSpecification","valueRequired":true,"valueName":"search_term_string"}}],"inLanguage":"fi"},{"@type":"Organization","@id":"https:\/\/jennipitko.fi\/koti\/#organization","name":"Jenni Pitko - Vihreiden varapuheenjohtaja, ymp\u00e4rist\u00f6valiokunnan puheenjohtaja, kansanedustaja ja arkkitehti Oulusta","url":"https:\/\/jennipitko.fi\/koti\/","logo":{"@type":"ImageObject","inLanguage":"fi","@id":"https:\/\/jennipitko.fi\/koti\/#\/schema\/logo\/image\/","url":"https:\/\/jennipitko.fi\/koti\/wp-content\/uploads\/2025\/09\/Nimeton-malli-38.png","contentUrl":"https:\/\/jennipitko.fi\/koti\/wp-content\/uploads\/2025\/09\/Nimeton-malli-38.png","width":1280,"height":847,"caption":"Jenni Pitko - Vihreiden varapuheenjohtaja, ymp\u00e4rist\u00f6valiokunnan puheenjohtaja, kansanedustaja ja arkkitehti Oulusta"},"image":{"@id":"https:\/\/jennipitko.fi\/koti\/#\/schema\/logo\/image\/"}},{"@type":"Person","@id":"https:\/\/jennipitko.fi\/koti\/#\/schema\/person\/35955c467f851f10124809310e7e7ee8","name":"Jenni","image":{"@type":"ImageObject","inLanguage":"fi","@id":"https:\/\/secure.gravatar.com\/avatar\/625a0e6413b293da7739d42617828d564a4d6028aec3f45d8939a2ba1617199f?s=96&d=blank&r=g","url":"https:\/\/secure.gravatar.com\/avatar\/625a0e6413b293da7739d42617828d564a4d6028aec3f45d8939a2ba1617199f?s=96&d=blank&r=g","contentUrl":"https:\/\/secure.gravatar.com\/avatar\/625a0e6413b293da7739d42617828d564a4d6028aec3f45d8939a2ba1617199f?s=96&d=blank&r=g","caption":"Jenni"},"url":"https:\/\/jennipitko.fi\/koti\/author\/jenni\/"}]}},"_links":{"self":[{"href":"https:\/\/jennipitko.fi\/koti\/wp-json\/wp\/v2\/posts\/2036","targetHints":{"allow":["GET"]}}],"collection":[{"href":"https:\/\/jennipitko.fi\/koti\/wp-json\/wp\/v2\/posts"}],"about":[{"href":"https:\/\/jennipitko.fi\/koti\/wp-json\/wp\/v2\/types\/post"}],"author":[{"embeddable":true,"href":"https:\/\/jennipitko.fi\/koti\/wp-json\/wp\/v2\/users\/1"}],"replies":[{"embeddable":true,"href":"https:\/\/jennipitko.fi\/koti\/wp-json\/wp\/v2\/comments?post=2036"}],"version-history":[{"count":1,"href":"https:\/\/jennipitko.fi\/koti\/wp-json\/wp\/v2\/posts\/2036\/revisions"}],"predecessor-version":[{"id":2039,"href":"https:\/\/jennipitko.fi\/koti\/wp-json\/wp\/v2\/posts\/2036\/revisions\/2039"}],"wp:attachment":[{"href":"https:\/\/jennipitko.fi\/koti\/wp-json\/wp\/v2\/media?parent=2036"}],"wp:term":[{"taxonomy":"category","embeddable":true,"href":"https:\/\/jennipitko.fi\/koti\/wp-json\/wp\/v2\/categories?post=2036"},{"taxonomy":"post_tag","embeddable":true,"href":"https:\/\/jennipitko.fi\/koti\/wp-json\/wp\/v2\/tags?post=2036"}],"curies":[{"name":"wp","href":"https:\/\/api.w.org\/{rel}","templated":true}]}}