{"id":2054,"date":"2019-04-11T09:01:56","date_gmt":"2019-04-11T07:01:56","guid":{"rendered":"http:\/\/jennipitko.fi\/koti\/?p=2054"},"modified":"2019-04-11T09:05:35","modified_gmt":"2019-04-11T07:05:35","slug":"10-ilmastotavoitetta","status":"publish","type":"post","link":"https:\/\/jennipitko.fi\/koti\/10-ilmastotavoitetta\/","title":{"rendered":"Ilmastonmuutos on torjuttava nyt. T\u00e4ss\u00e4 10 teht\u00e4v\u00e4\u00e4 tulevalle vaalikaudelle"},"content":{"rendered":"\n<p>Ilmastonmuutoksen torjunta on aikamme suurin haaste sek\u00e4 p\u00e4\u00e4tt\u00e4jille ett\u00e4 \u00e4\u00e4nest\u00e4jille. Vastuullamme on tehd\u00e4 kaikki voitava ilmastonmuutoksen pys\u00e4ytt\u00e4miseksi, jos haluamme el\u00e4\u00e4 turvassa ja menesty\u00e4 tulevaisuudessakin. Ilmastollisesti kest\u00e4v\u00e4n kehityksen k\u00e4rjess\u00e4 oleminen edist\u00e4\u00e4 my\u00f6s Suomen kilpailukyky\u00e4. T\u00e4ss\u00e4 kymmenen ilmastotavoitetta ensi eduskuntakaudelle:<br><\/p>\n\n\n\n<h4 class=\"wp-block-heading\"><strong>Joudutetaan kest\u00e4v\u00e4n energiantuotannon infastruktuurin syntymist\u00e4<\/strong><br><\/h4>\n\n\n\n<p>1.Euroopan unionin p\u00e4\u00e4st\u00f6kauppa on saatava kuntoon. Ilmastomme pilaamisesta on maksettava riitt\u00e4v\u00e4 hinta, jotta sill\u00e4 on ohjausvaikutusta p\u00e4\u00e4st\u00f6jen tuottajiin ja, jotta kulut tupruttelusta ohjautuvat oikeudenmukaisesti. Ehdottaisin harkittavaksi p\u00e4\u00e4st\u00f6oikeuksille \u201dlattiahintaa\u201d, jonka alle ei p\u00e4\u00e4st\u00f6oikeuksia myyt\u00e4isi. Lattiahinnasta p\u00e4\u00e4st\u00f6kaupan ja fossiilisten polttoaineiden k\u00e4yt\u00f6n ohjurina on <a href=\"http:\/\/smartenergytransition.fi\/fi\/eun-paastokauppa-ei-toimi-saataisiinko-paastoille-minimihinta-pohjoismaihin\/\">tulokselliset kokemukset Isosta-Britanniasta.<\/a><\/p>\n\n\n\n<p>2. Suomessa tulee luopua teollisuuden satojen miljoonien eurojen vuosittaisista energiaverojen palautuksista ilmastonmuutoksen torjumiseksi. T\u00e4ll\u00e4 hetkell\u00e4 <a href=\"https:\/\/vatt.fi\/documents\/2956369\/3011993\/vatt_policybrief_22016.pdf\">palautus suosii energiaintensiivist\u00e4 teollisuutta <\/a>muiden kustannuksella.<\/p>\n\n\n\n<p>3. Suomen tulee tehd\u00e4 kaikki mahdolliset lains\u00e4\u00e4d\u00e4nn\u00f6lliset toimenpiteet uusiutuvan energian pientuotannon vauhdittamiseksi. On kysymyksess\u00e4 sitten kotien aurinkopaneelit, taloyhti\u00f6iden kaksisuuntainen kaukol\u00e4mp\u00f6 tai maatalouden biokaasun tuotanto. <a href=\"https:\/\/media.sitra.fi\/2017\/02\/23225443\/sahkon_pientuotanto_keskustelupaperi_2012-9-3.pdf\">Energian pientuotannon kannattavuuden pullonkaulat pit\u00e4\u00e4 purkaa<\/a> ja t\u00e4ll\u00e4 tavoin ottaa k\u00e4ytt\u00f6\u00f6n paikalliset energiaresurssit, vahvistaa kotimaista energiantuotantoa ja mahdollistaa energiantuotannon aito kaksisuuntaisuus. S\u00e4hk\u00f6n pientuotanto edist\u00e4\u00e4 \u00e4lykk\u00e4\u00e4n s\u00e4hk\u00f6verkon kehityst\u00e4, joka on v\u00e4ltt\u00e4m\u00e4t\u00f6n kehityssuunta s\u00e4hk\u00f6n toimitusvarmuuden parantamiseksi uusiutuvan energiantuotannon lis\u00e4\u00e4ntyess\u00e4<\/p>\n\n\n\n<h4 class=\"wp-block-heading\"><strong>Helpotetaan ilmastollisesti kest\u00e4v\u00e4\u00e4 el\u00e4m\u00e4ntapaa<\/strong><br><\/h4>\n\n\n\n<p>4. Suomen tulee selvitt\u00e4\u00e4 mahdollisuudet lentoveron k\u00e4ytt\u00f6\u00f6notosta ilmastonmuutoksen torjumiseksi. Lentoveron tuloja vastaavat tuotot voidaan k\u00e4ytt\u00e4\u00e4 junayhteyksien parantamiseen. Junalla matkustaminen tulisi olla edullisin ja helpoin tapa matkustaa maan sis\u00e4iset matkat.<br><\/p>\n\n\n\n<p>5. K\u00e4vely\u00e4, py\u00f6r\u00e4ily\u00e4 ja joukkoliikennett\u00e4 tulee tukea voimakkaasti ja kaikkiin yhdyskuntarakennetta hajauttaviin tiehankkeisiin tulee suhtautua kriittisesti. On tutkittua tietoa, ett\u00e4 jokainen py\u00f6r\u00e4ilykilometri tuo yhteiskunnalle rahaa ja sit\u00e4 vastoin jokainen autolla ajettu kilometri kuluttaa yhteisi\u00e4 varojamme terveysmenojen muodossa.<br><\/p>\n\n\n\n<p>Ymp\u00e4ri Suomea on paikallisia ratahankkeita, joiden kapasiteetin tuoma lis\u00e4ys hy\u00f6dytt\u00e4\u00e4 merkitt\u00e4v\u00e4sti laajaa talousaluetta ellei jopa koko Suomea. Kesken j\u00e4\u00e4nyt kaksoisraide perille Ouluun on hyv\u00e4 esimerkki t\u00e4st\u00e4. Hanke pit\u00e4\u00e4 toteuttaa pian loppuun, sill\u00e4 ohitusliikenteen odottelu vaikuttaa koko p\u00e4\u00e4radan liikenteen sujuvuuteen ja vuorov\u00e4leihin hidastavasti. T\u00e4ll\u00e4 on kerrannaisvaikutuksensa alueen ty\u00f6ss\u00e4k\u00e4yntis\u00e4teeseen ja talouteen.<br><\/p>\n\n\n\n<p>6. Uusien laadukkaiden kasviproteiinivalmisteiden kehitt\u00e4miseen tulee panostaa, sill\u00e4 kansainv\u00e4linen kasviper\u00e4isen ruoan kysynn\u00e4n kasvu tulee lis\u00e4\u00e4m\u00e4\u00e4n my\u00f6s kotimaisten kasviper\u00e4isten tuotteiden kysynt\u00e4\u00e4. Ilmaston ja terveyden kannalta haitallisten el\u00e4inkunnan tuotteiden k\u00e4ytt\u00f6\u00e4 tulee v\u00e4hent\u00e4\u00e4 nykyisest\u00e4. T\u00e4m\u00e4 muutos voidaan aloittaa kouluista ja p\u00e4iv\u00e4kodeista julkisten hankintojen kautta. <br><\/p>\n\n\n\n<h4 class=\"wp-block-heading\"><strong>Tuetaan vihre\u00e4n infrastruktuurin voimistumista hiilinieluna<\/strong><br><\/h4>\n\n\n\n<p>Puhdas rauhallinen luontomme on suuri hyvinvoinnin l\u00e4hde meille itsellemme ja yksi merkitt\u00e4vimmist\u00e4 matkailun vetovoimatekij\u00f6ist\u00e4 sek\u00e4 elinkeinojen l\u00e4hteist\u00e4 maassamme. Ihmisten vaikutuksista vapaiden luonnonymp\u00e4rist\u00f6jen kapeneminen ja pirstaloituminen merkitsee el\u00e4inten ja eli\u00f6iden elintilan yksipuolistumista, v\u00e4henemist\u00e4 ja suistaa jopa tavanomaisia lajeja uhanalaisiksi. <br><\/p>\n\n\n\n<p>7. Suomessa mets\u00e4hakkuut ovat kasvaneet kuluvan eduskuntakauden aikana liian suuriksi ja se vaikuttaa paitsi ilmastoon my\u00f6s heikent\u00e4v\u00e4sti metsien biodiversiteettiin, avohakkuilta syntyviin humuspitoisiin valumiin vesist\u00f6iss\u00e4 ja toki my\u00f6s niiden maisemalliseen virkistysarvoon. On l\u00f6ydett\u00e4v\u00e4 keinoja hakkuiden palauttamiseksi korkeintaan 65 miljoonan m3 vuositasolle. Puuta tulee k\u00e4ytt\u00e4\u00e4 enemm\u00e4n korkean jalostusasteen tuotteisiin, kuten puurakentamiseen, jonka edist\u00e4miseksi tarvitaan toimia. <br><\/p>\n\n\n\n<p>8. T\u00e4m\u00e4n vuoksi metsiemme, luonnontilaisten soidemme ja muiden <a href=\"http:\/\/julkaisut.valtioneuvosto.fi\/bitstream\/handle\/10024\/79988\/YMra_17_2017_Ekosysteemipalveluiden_ja_luonnon%20moinimuotoisuuden.pdf\">arvokkaiden luontokohteidemme suojeluun<\/a> on varattava nykyist\u00e4 enemm\u00e4n rahaa suojeluohjelmien toteuttamiseen. <\/p>\n\n\n\n<p>9. Suomen kaivoslains\u00e4\u00e4d\u00e4nt\u00f6 vaatii kokonaisuudistuksen arvokkaan luonnon ja elinymp\u00e4rist\u00f6jen tulevaisuuden turvaamiseksi. Kaivosten tuotoista on j\u00e4\u00e4t\u00e4v\u00e4 enemm\u00e4n tuloja, ymp\u00e4rist\u00f6vaikutusten kompensointia ja hy\u00f6ty\u00e4 Suomelle ja paikallisille yhteis\u00f6ille esimerkiksi louhintaveron muodossa. <br><\/p>\n\n\n\n<p>10. Suomi on sitoutunut Pariisin sopimuksen ilmastotavoitteisiin ja meid\u00e4n on teht\u00e4v\u00e4 kaikkemme ilmaston l\u00e4mpenemisen pys\u00e4ytt\u00e4miseksi korkeintaan 1,5 asteeseen. Aion olla osaltani vaikuttamassa siihen, ett\u00e4 t\u00e4ss\u00e4 tavoitteessa pysyt\u00e4\u00e4n ja siihen pyrit\u00e4\u00e4n m\u00e4\u00e4r\u00e4tietoisin ja konkreettisin askelin.<\/p>\n","protected":false},"excerpt":{"rendered":"<p>Ilmastonmuutos on torjuttava nyt. Vastuullamme on tehd\u00e4 kaikki voitava ilmastonmuutoksen pys\u00e4ytt\u00e4miseksi, jos haluamme el\u00e4\u00e4 turvassa ja menesty\u00e4 tulevaisuudessakin. T\u00e4ss\u00e4 kymmenen ilmastotavoitetta ensi eduskuntakaudelle.<\/p>\n","protected":false},"author":1,"featured_media":0,"comment_status":"open","ping_status":"closed","sticky":false,"template":"","format":"standard","meta":{"_monsterinsights_skip_tracking":false,"_monsterinsights_sitenote_active":false,"_monsterinsights_sitenote_note":"","_monsterinsights_sitenote_category":0,"site-sidebar-layout":"default","site-content-layout":"","ast-site-content-layout":"default","site-content-style":"default","site-sidebar-style":"default","ast-global-header-display":"","ast-banner-title-visibility":"","ast-main-header-display":"","ast-hfb-above-header-display":"","ast-hfb-below-header-display":"","ast-hfb-mobile-header-display":"","site-post-title":"","ast-breadcrumbs-content":"","ast-featured-img":"","footer-sml-layout":"","ast-disable-related-posts":"","theme-transparent-header-meta":"","adv-header-id-meta":"","stick-header-meta":"","header-above-stick-meta":"","header-main-stick-meta":"","header-below-stick-meta":"","astra-migrate-meta-layouts":"default","ast-page-background-enabled":"default","ast-page-background-meta":{"desktop":{"background-color":"var(--ast-global-color-5)","background-image":"","background-repeat":"repeat","background-position":"center center","background-size":"auto","background-attachment":"scroll","background-type":"","background-media":"","overlay-type":"","overlay-color":"","overlay-opacity":"","overlay-gradient":""},"tablet":{"background-color":"","background-image":"","background-repeat":"repeat","background-position":"center center","background-size":"auto","background-attachment":"scroll","background-type":"","background-media":"","overlay-type":"","overlay-color":"","overlay-opacity":"","overlay-gradient":""},"mobile":{"background-color":"","background-image":"","background-repeat":"repeat","background-position":"center center","background-size":"auto","background-attachment":"scroll","background-type":"","background-media":"","overlay-type":"","overlay-color":"","overlay-opacity":"","overlay-gradient":""}},"ast-content-background-meta":{"desktop":{"background-color":"var(--ast-global-color-4)","background-image":"","background-repeat":"repeat","background-position":"center center","background-size":"auto","background-attachment":"scroll","background-type":"","background-media":"","overlay-type":"","overlay-color":"","overlay-opacity":"","overlay-gradient":""},"tablet":{"background-color":"var(--ast-global-color-4)","background-image":"","background-repeat":"repeat","background-position":"center center","background-size":"auto","background-attachment":"scroll","background-type":"","background-media":"","overlay-type":"","overlay-color":"","overlay-opacity":"","overlay-gradient":""},"mobile":{"background-color":"var(--ast-global-color-4)","background-image":"","background-repeat":"repeat","background-position":"center center","background-size":"auto","background-attachment":"scroll","background-type":"","background-media":"","overlay-type":"","overlay-color":"","overlay-opacity":"","overlay-gradient":""}},"footnotes":""},"categories":[2],"tags":[353,347,154,354,346,348,350,98,351,349],"class_list":["post-2054","post","type-post","status-publish","format-standard","hentry","category-blogi","tag-energian-pientuotanto","tag-hiilinielut","tag-ilmastonmuutos","tag-ilmastosopimus","tag-kestava-kehitys","tag-lentovero","tag-metsahakkuut","tag-paastokauppa","tag-ratahankkeet","tag-vihrea-infrastruktuuri"],"yoast_head":"<!-- This site is optimized with the Yoast SEO plugin v27.5 - https:\/\/yoast.com\/product\/yoast-seo-wordpress\/ -->\n<title>Ilmastonmuutos on torjuttava nyt. T\u00e4ss\u00e4 10 teht\u00e4v\u00e4\u00e4 tulevalle vaalikaudelle - Jenni Pitko - Vihreiden varapuheenjohtaja, ymp\u00e4rist\u00f6valiokunnan puheenjohtaja, kansanedustaja ja arkkitehti Oulusta<\/title>\n<meta name=\"description\" content=\"Ilmastonmuutos on torjuttava nyt. Vastuullamme on tehd\u00e4 kaikki voitava ilmastonmuutoksen pys\u00e4ytt\u00e4miseksi, jos haluamme el\u00e4\u00e4 turvassa ja menesty\u00e4 tulevaisuudessakin. T\u00e4ss\u00e4 kymmenen ilmastotavoitetta ensi eduskuntakaudelle.\" \/>\n<meta name=\"robots\" content=\"index, follow, max-snippet:-1, max-image-preview:large, max-video-preview:-1\" \/>\n<link rel=\"canonical\" href=\"https:\/\/jennipitko.fi\/koti\/10-ilmastotavoitetta\/\" \/>\n<meta property=\"og:locale\" content=\"fi_FI\" \/>\n<meta property=\"og:type\" content=\"article\" \/>\n<meta property=\"og:title\" content=\"Ilmastonmuutos on torjuttava nyt. T\u00e4ss\u00e4 10 teht\u00e4v\u00e4\u00e4 tulevalle vaalikaudelle - Jenni Pitko - Vihreiden varapuheenjohtaja, ymp\u00e4rist\u00f6valiokunnan puheenjohtaja, kansanedustaja ja arkkitehti Oulusta\" \/>\n<meta property=\"og:description\" content=\"Ilmastonmuutos on torjuttava nyt. Vastuullamme on tehd\u00e4 kaikki voitava ilmastonmuutoksen pys\u00e4ytt\u00e4miseksi, jos haluamme el\u00e4\u00e4 turvassa ja menesty\u00e4 tulevaisuudessakin. T\u00e4ss\u00e4 kymmenen ilmastotavoitetta ensi eduskuntakaudelle.\" \/>\n<meta property=\"og:url\" content=\"https:\/\/jennipitko.fi\/koti\/10-ilmastotavoitetta\/\" \/>\n<meta property=\"og:site_name\" content=\"Jenni Pitko - Vihreiden varapuheenjohtaja, ymp\u00e4rist\u00f6valiokunnan puheenjohtaja, kansanedustaja ja arkkitehti Oulusta\" \/>\n<meta property=\"article:published_time\" content=\"2019-04-11T07:01:56+00:00\" \/>\n<meta property=\"article:modified_time\" content=\"2019-04-11T07:05:35+00:00\" \/>\n<meta name=\"author\" content=\"Jenni\" \/>\n<meta name=\"twitter:card\" content=\"summary_large_image\" \/>\n<meta name=\"twitter:label1\" content=\"Kirjoittanut\" \/>\n\t<meta name=\"twitter:data1\" content=\"Jenni\" \/>\n\t<meta name=\"twitter:label2\" content=\"Arvioitu lukuaika\" \/>\n\t<meta name=\"twitter:data2\" content=\"3 minuuttia\" \/>\n<script type=\"application\/ld+json\" class=\"yoast-schema-graph\">{\"@context\":\"https:\\\/\\\/schema.org\",\"@graph\":[{\"@type\":\"Article\",\"@id\":\"https:\\\/\\\/jennipitko.fi\\\/koti\\\/10-ilmastotavoitetta\\\/#article\",\"isPartOf\":{\"@id\":\"https:\\\/\\\/jennipitko.fi\\\/koti\\\/10-ilmastotavoitetta\\\/\"},\"author\":{\"name\":\"Jenni\",\"@id\":\"https:\\\/\\\/jennipitko.fi\\\/koti\\\/#\\\/schema\\\/person\\\/35955c467f851f10124809310e7e7ee8\"},\"headline\":\"Ilmastonmuutos on torjuttava nyt. T\u00e4ss\u00e4 10 teht\u00e4v\u00e4\u00e4 tulevalle vaalikaudelle\",\"datePublished\":\"2019-04-11T07:01:56+00:00\",\"dateModified\":\"2019-04-11T07:05:35+00:00\",\"mainEntityOfPage\":{\"@id\":\"https:\\\/\\\/jennipitko.fi\\\/koti\\\/10-ilmastotavoitetta\\\/\"},\"wordCount\":636,\"commentCount\":0,\"publisher\":{\"@id\":\"https:\\\/\\\/jennipitko.fi\\\/koti\\\/#organization\"},\"keywords\":[\"energian pientuotanto\",\"hiilinielut\",\"ilmastonmuutos\",\"ilmastosopimus\",\"kest\u00e4v\u00e4 kehitys\",\"lentovero\",\"mets\u00e4hakkuut\",\"p\u00e4\u00e4st\u00f6kauppa\",\"ratahankkeet\",\"vihre\u00e4 infrastruktuuri\"],\"articleSection\":[\"Blogi\"],\"inLanguage\":\"fi\",\"potentialAction\":[{\"@type\":\"CommentAction\",\"name\":\"Comment\",\"target\":[\"https:\\\/\\\/jennipitko.fi\\\/koti\\\/10-ilmastotavoitetta\\\/#respond\"]}]},{\"@type\":\"WebPage\",\"@id\":\"https:\\\/\\\/jennipitko.fi\\\/koti\\\/10-ilmastotavoitetta\\\/\",\"url\":\"https:\\\/\\\/jennipitko.fi\\\/koti\\\/10-ilmastotavoitetta\\\/\",\"name\":\"Ilmastonmuutos on torjuttava nyt. T\u00e4ss\u00e4 10 teht\u00e4v\u00e4\u00e4 tulevalle vaalikaudelle - Jenni Pitko - Vihreiden varapuheenjohtaja, ymp\u00e4rist\u00f6valiokunnan puheenjohtaja, kansanedustaja ja arkkitehti Oulusta\",\"isPartOf\":{\"@id\":\"https:\\\/\\\/jennipitko.fi\\\/koti\\\/#website\"},\"datePublished\":\"2019-04-11T07:01:56+00:00\",\"dateModified\":\"2019-04-11T07:05:35+00:00\",\"description\":\"Ilmastonmuutos on torjuttava nyt. Vastuullamme on tehd\u00e4 kaikki voitava ilmastonmuutoksen pys\u00e4ytt\u00e4miseksi, jos haluamme el\u00e4\u00e4 turvassa ja menesty\u00e4 tulevaisuudessakin. T\u00e4ss\u00e4 kymmenen ilmastotavoitetta ensi eduskuntakaudelle.\",\"breadcrumb\":{\"@id\":\"https:\\\/\\\/jennipitko.fi\\\/koti\\\/10-ilmastotavoitetta\\\/#breadcrumb\"},\"inLanguage\":\"fi\",\"potentialAction\":[{\"@type\":\"ReadAction\",\"target\":[\"https:\\\/\\\/jennipitko.fi\\\/koti\\\/10-ilmastotavoitetta\\\/\"]}]},{\"@type\":\"BreadcrumbList\",\"@id\":\"https:\\\/\\\/jennipitko.fi\\\/koti\\\/10-ilmastotavoitetta\\\/#breadcrumb\",\"itemListElement\":[{\"@type\":\"ListItem\",\"position\":1,\"name\":\"Home\",\"item\":\"https:\\\/\\\/jennipitko.fi\\\/koti\\\/\"},{\"@type\":\"ListItem\",\"position\":2,\"name\":\"Ilmastonmuutos on torjuttava nyt. T\u00e4ss\u00e4 10 teht\u00e4v\u00e4\u00e4 tulevalle vaalikaudelle\"}]},{\"@type\":\"WebSite\",\"@id\":\"https:\\\/\\\/jennipitko.fi\\\/koti\\\/#website\",\"url\":\"https:\\\/\\\/jennipitko.fi\\\/koti\\\/\",\"name\":\"Jenni Pitko - Vihreiden varapuheenjohtaja, ymp\u00e4rist\u00f6valiokunnan puheenjohtaja, kansanedustaja ja arkkitehti Oulusta\",\"description\":\"Jenni Pitko - Vihreiden varapuheenjohtaja, ymp\u00e4rist\u00f6valiokunnan puheenjohtaja, kansanedustaja ja arkkitehti Oulusta\",\"publisher\":{\"@id\":\"https:\\\/\\\/jennipitko.fi\\\/koti\\\/#organization\"},\"potentialAction\":[{\"@type\":\"SearchAction\",\"target\":{\"@type\":\"EntryPoint\",\"urlTemplate\":\"https:\\\/\\\/jennipitko.fi\\\/koti\\\/?s={search_term_string}\"},\"query-input\":{\"@type\":\"PropertyValueSpecification\",\"valueRequired\":true,\"valueName\":\"search_term_string\"}}],\"inLanguage\":\"fi\"},{\"@type\":\"Organization\",\"@id\":\"https:\\\/\\\/jennipitko.fi\\\/koti\\\/#organization\",\"name\":\"Jenni Pitko - Vihreiden varapuheenjohtaja, ymp\u00e4rist\u00f6valiokunnan puheenjohtaja, kansanedustaja ja arkkitehti Oulusta\",\"url\":\"https:\\\/\\\/jennipitko.fi\\\/koti\\\/\",\"logo\":{\"@type\":\"ImageObject\",\"inLanguage\":\"fi\",\"@id\":\"https:\\\/\\\/jennipitko.fi\\\/koti\\\/#\\\/schema\\\/logo\\\/image\\\/\",\"url\":\"https:\\\/\\\/jennipitko.fi\\\/koti\\\/wp-content\\\/uploads\\\/2025\\\/09\\\/Nimeton-malli-38.png\",\"contentUrl\":\"https:\\\/\\\/jennipitko.fi\\\/koti\\\/wp-content\\\/uploads\\\/2025\\\/09\\\/Nimeton-malli-38.png\",\"width\":1280,\"height\":847,\"caption\":\"Jenni Pitko - Vihreiden varapuheenjohtaja, ymp\u00e4rist\u00f6valiokunnan puheenjohtaja, kansanedustaja ja arkkitehti Oulusta\"},\"image\":{\"@id\":\"https:\\\/\\\/jennipitko.fi\\\/koti\\\/#\\\/schema\\\/logo\\\/image\\\/\"}},{\"@type\":\"Person\",\"@id\":\"https:\\\/\\\/jennipitko.fi\\\/koti\\\/#\\\/schema\\\/person\\\/35955c467f851f10124809310e7e7ee8\",\"name\":\"Jenni\",\"image\":{\"@type\":\"ImageObject\",\"inLanguage\":\"fi\",\"@id\":\"https:\\\/\\\/secure.gravatar.com\\\/avatar\\\/625a0e6413b293da7739d42617828d564a4d6028aec3f45d8939a2ba1617199f?s=96&d=blank&r=g\",\"url\":\"https:\\\/\\\/secure.gravatar.com\\\/avatar\\\/625a0e6413b293da7739d42617828d564a4d6028aec3f45d8939a2ba1617199f?s=96&d=blank&r=g\",\"contentUrl\":\"https:\\\/\\\/secure.gravatar.com\\\/avatar\\\/625a0e6413b293da7739d42617828d564a4d6028aec3f45d8939a2ba1617199f?s=96&d=blank&r=g\",\"caption\":\"Jenni\"},\"url\":\"https:\\\/\\\/jennipitko.fi\\\/koti\\\/author\\\/jenni\\\/\"}]}<\/script>\n<!-- \/ Yoast SEO plugin. -->","yoast_head_json":{"title":"Ilmastonmuutos on torjuttava nyt. T\u00e4ss\u00e4 10 teht\u00e4v\u00e4\u00e4 tulevalle vaalikaudelle - Jenni Pitko - Vihreiden varapuheenjohtaja, ymp\u00e4rist\u00f6valiokunnan puheenjohtaja, kansanedustaja ja arkkitehti Oulusta","description":"Ilmastonmuutos on torjuttava nyt. Vastuullamme on tehd\u00e4 kaikki voitava ilmastonmuutoksen pys\u00e4ytt\u00e4miseksi, jos haluamme el\u00e4\u00e4 turvassa ja menesty\u00e4 tulevaisuudessakin. T\u00e4ss\u00e4 kymmenen ilmastotavoitetta ensi eduskuntakaudelle.","robots":{"index":"index","follow":"follow","max-snippet":"max-snippet:-1","max-image-preview":"max-image-preview:large","max-video-preview":"max-video-preview:-1"},"canonical":"https:\/\/jennipitko.fi\/koti\/10-ilmastotavoitetta\/","og_locale":"fi_FI","og_type":"article","og_title":"Ilmastonmuutos on torjuttava nyt. T\u00e4ss\u00e4 10 teht\u00e4v\u00e4\u00e4 tulevalle vaalikaudelle - Jenni Pitko - Vihreiden varapuheenjohtaja, ymp\u00e4rist\u00f6valiokunnan puheenjohtaja, kansanedustaja ja arkkitehti Oulusta","og_description":"Ilmastonmuutos on torjuttava nyt. Vastuullamme on tehd\u00e4 kaikki voitava ilmastonmuutoksen pys\u00e4ytt\u00e4miseksi, jos haluamme el\u00e4\u00e4 turvassa ja menesty\u00e4 tulevaisuudessakin. T\u00e4ss\u00e4 kymmenen ilmastotavoitetta ensi eduskuntakaudelle.","og_url":"https:\/\/jennipitko.fi\/koti\/10-ilmastotavoitetta\/","og_site_name":"Jenni Pitko - Vihreiden varapuheenjohtaja, ymp\u00e4rist\u00f6valiokunnan puheenjohtaja, kansanedustaja ja arkkitehti Oulusta","article_published_time":"2019-04-11T07:01:56+00:00","article_modified_time":"2019-04-11T07:05:35+00:00","author":"Jenni","twitter_card":"summary_large_image","twitter_misc":{"Kirjoittanut":"Jenni","Arvioitu lukuaika":"3 minuuttia"},"schema":{"@context":"https:\/\/schema.org","@graph":[{"@type":"Article","@id":"https:\/\/jennipitko.fi\/koti\/10-ilmastotavoitetta\/#article","isPartOf":{"@id":"https:\/\/jennipitko.fi\/koti\/10-ilmastotavoitetta\/"},"author":{"name":"Jenni","@id":"https:\/\/jennipitko.fi\/koti\/#\/schema\/person\/35955c467f851f10124809310e7e7ee8"},"headline":"Ilmastonmuutos on torjuttava nyt. T\u00e4ss\u00e4 10 teht\u00e4v\u00e4\u00e4 tulevalle vaalikaudelle","datePublished":"2019-04-11T07:01:56+00:00","dateModified":"2019-04-11T07:05:35+00:00","mainEntityOfPage":{"@id":"https:\/\/jennipitko.fi\/koti\/10-ilmastotavoitetta\/"},"wordCount":636,"commentCount":0,"publisher":{"@id":"https:\/\/jennipitko.fi\/koti\/#organization"},"keywords":["energian pientuotanto","hiilinielut","ilmastonmuutos","ilmastosopimus","kest\u00e4v\u00e4 kehitys","lentovero","mets\u00e4hakkuut","p\u00e4\u00e4st\u00f6kauppa","ratahankkeet","vihre\u00e4 infrastruktuuri"],"articleSection":["Blogi"],"inLanguage":"fi","potentialAction":[{"@type":"CommentAction","name":"Comment","target":["https:\/\/jennipitko.fi\/koti\/10-ilmastotavoitetta\/#respond"]}]},{"@type":"WebPage","@id":"https:\/\/jennipitko.fi\/koti\/10-ilmastotavoitetta\/","url":"https:\/\/jennipitko.fi\/koti\/10-ilmastotavoitetta\/","name":"Ilmastonmuutos on torjuttava nyt. T\u00e4ss\u00e4 10 teht\u00e4v\u00e4\u00e4 tulevalle vaalikaudelle - Jenni Pitko - Vihreiden varapuheenjohtaja, ymp\u00e4rist\u00f6valiokunnan puheenjohtaja, kansanedustaja ja arkkitehti Oulusta","isPartOf":{"@id":"https:\/\/jennipitko.fi\/koti\/#website"},"datePublished":"2019-04-11T07:01:56+00:00","dateModified":"2019-04-11T07:05:35+00:00","description":"Ilmastonmuutos on torjuttava nyt. Vastuullamme on tehd\u00e4 kaikki voitava ilmastonmuutoksen pys\u00e4ytt\u00e4miseksi, jos haluamme el\u00e4\u00e4 turvassa ja menesty\u00e4 tulevaisuudessakin. T\u00e4ss\u00e4 kymmenen ilmastotavoitetta ensi eduskuntakaudelle.","breadcrumb":{"@id":"https:\/\/jennipitko.fi\/koti\/10-ilmastotavoitetta\/#breadcrumb"},"inLanguage":"fi","potentialAction":[{"@type":"ReadAction","target":["https:\/\/jennipitko.fi\/koti\/10-ilmastotavoitetta\/"]}]},{"@type":"BreadcrumbList","@id":"https:\/\/jennipitko.fi\/koti\/10-ilmastotavoitetta\/#breadcrumb","itemListElement":[{"@type":"ListItem","position":1,"name":"Home","item":"https:\/\/jennipitko.fi\/koti\/"},{"@type":"ListItem","position":2,"name":"Ilmastonmuutos on torjuttava nyt. T\u00e4ss\u00e4 10 teht\u00e4v\u00e4\u00e4 tulevalle vaalikaudelle"}]},{"@type":"WebSite","@id":"https:\/\/jennipitko.fi\/koti\/#website","url":"https:\/\/jennipitko.fi\/koti\/","name":"Jenni Pitko - Vihreiden varapuheenjohtaja, ymp\u00e4rist\u00f6valiokunnan puheenjohtaja, kansanedustaja ja arkkitehti Oulusta","description":"Jenni Pitko - Vihreiden varapuheenjohtaja, ymp\u00e4rist\u00f6valiokunnan puheenjohtaja, kansanedustaja ja arkkitehti Oulusta","publisher":{"@id":"https:\/\/jennipitko.fi\/koti\/#organization"},"potentialAction":[{"@type":"SearchAction","target":{"@type":"EntryPoint","urlTemplate":"https:\/\/jennipitko.fi\/koti\/?s={search_term_string}"},"query-input":{"@type":"PropertyValueSpecification","valueRequired":true,"valueName":"search_term_string"}}],"inLanguage":"fi"},{"@type":"Organization","@id":"https:\/\/jennipitko.fi\/koti\/#organization","name":"Jenni Pitko - Vihreiden varapuheenjohtaja, ymp\u00e4rist\u00f6valiokunnan puheenjohtaja, kansanedustaja ja arkkitehti Oulusta","url":"https:\/\/jennipitko.fi\/koti\/","logo":{"@type":"ImageObject","inLanguage":"fi","@id":"https:\/\/jennipitko.fi\/koti\/#\/schema\/logo\/image\/","url":"https:\/\/jennipitko.fi\/koti\/wp-content\/uploads\/2025\/09\/Nimeton-malli-38.png","contentUrl":"https:\/\/jennipitko.fi\/koti\/wp-content\/uploads\/2025\/09\/Nimeton-malli-38.png","width":1280,"height":847,"caption":"Jenni Pitko - Vihreiden varapuheenjohtaja, ymp\u00e4rist\u00f6valiokunnan puheenjohtaja, kansanedustaja ja arkkitehti Oulusta"},"image":{"@id":"https:\/\/jennipitko.fi\/koti\/#\/schema\/logo\/image\/"}},{"@type":"Person","@id":"https:\/\/jennipitko.fi\/koti\/#\/schema\/person\/35955c467f851f10124809310e7e7ee8","name":"Jenni","image":{"@type":"ImageObject","inLanguage":"fi","@id":"https:\/\/secure.gravatar.com\/avatar\/625a0e6413b293da7739d42617828d564a4d6028aec3f45d8939a2ba1617199f?s=96&d=blank&r=g","url":"https:\/\/secure.gravatar.com\/avatar\/625a0e6413b293da7739d42617828d564a4d6028aec3f45d8939a2ba1617199f?s=96&d=blank&r=g","contentUrl":"https:\/\/secure.gravatar.com\/avatar\/625a0e6413b293da7739d42617828d564a4d6028aec3f45d8939a2ba1617199f?s=96&d=blank&r=g","caption":"Jenni"},"url":"https:\/\/jennipitko.fi\/koti\/author\/jenni\/"}]}},"_links":{"self":[{"href":"https:\/\/jennipitko.fi\/koti\/wp-json\/wp\/v2\/posts\/2054","targetHints":{"allow":["GET"]}}],"collection":[{"href":"https:\/\/jennipitko.fi\/koti\/wp-json\/wp\/v2\/posts"}],"about":[{"href":"https:\/\/jennipitko.fi\/koti\/wp-json\/wp\/v2\/types\/post"}],"author":[{"embeddable":true,"href":"https:\/\/jennipitko.fi\/koti\/wp-json\/wp\/v2\/users\/1"}],"replies":[{"embeddable":true,"href":"https:\/\/jennipitko.fi\/koti\/wp-json\/wp\/v2\/comments?post=2054"}],"version-history":[{"count":1,"href":"https:\/\/jennipitko.fi\/koti\/wp-json\/wp\/v2\/posts\/2054\/revisions"}],"predecessor-version":[{"id":2059,"href":"https:\/\/jennipitko.fi\/koti\/wp-json\/wp\/v2\/posts\/2054\/revisions\/2059"}],"wp:attachment":[{"href":"https:\/\/jennipitko.fi\/koti\/wp-json\/wp\/v2\/media?parent=2054"}],"wp:term":[{"taxonomy":"category","embeddable":true,"href":"https:\/\/jennipitko.fi\/koti\/wp-json\/wp\/v2\/categories?post=2054"},{"taxonomy":"post_tag","embeddable":true,"href":"https:\/\/jennipitko.fi\/koti\/wp-json\/wp\/v2\/tags?post=2054"}],"curies":[{"name":"wp","href":"https:\/\/api.w.org\/{rel}","templated":true}]}}