{"id":2061,"date":"2019-04-12T18:14:01","date_gmt":"2019-04-12T16:14:01","guid":{"rendered":"http:\/\/jennipitko.fi\/koti\/?p=2061"},"modified":"2019-04-12T18:39:17","modified_gmt":"2019-04-12T16:39:17","slug":"vaalikampanjani-on-hiilineutraali","status":"publish","type":"post","link":"https:\/\/jennipitko.fi\/koti\/vaalikampanjani-on-hiilineutraali\/","title":{"rendered":"Vaalikampanjani on hiilineutraali"},"content":{"rendered":"\n<p>Ilmastonmuutoksen torjunta on kampanjani k\u00e4rkiteema ja olemme \nottaneet p\u00e4\u00e4st\u00f6t huomioon my\u00f6s vaalikampanjani toteuttamisessa. \nKampanjointi vaatii monenlaista materiaalia ja kulkemista, jonka \ntuottamista emme voineet v\u00e4ltt\u00e4\u00e4, mutta olemme laskeneet niiden p\u00e4\u00e4st\u00f6t \nja kompensoin ne sijoituksella Hiilip\u00f6rssiin.<\/p>\n\n\n\n<p>Organisaatioiden,  ty\u00f6paikkojen ja j\u00e4rjest\u00f6jen on vastuullista huomioida oman toiminnan  hiilijalanj\u00e4lki ja pyrki\u00e4 minimoimaan sit\u00e4. Haluan kampanjassani n\u00e4ytt\u00e4\u00e4  esimerkki\u00e4 t\u00e4ll\u00e4 saralla.<\/p>\n\n\n\n<p>Esitteeni ovat kierr\u00e4tett\u00e4v\u00e4\u00e4 materiaalia, jaamme kadulla arkik\u00e4ytt\u00f6\u00f6n  sopivia nen\u00e4liinapaketteja ja myymme pest\u00e4vi\u00e4 ja uudelleen k\u00e4ytett\u00e4vi\u00e4  kestoluutuja. Tilaisuuksien tarjoilut ovat olleet vegaanisia.  Kampanjointimatkat on pyritty tekem\u00e4\u00e4n joukkoliikenteell\u00e4 tai  kimppakyydein. <\/p>\n\n\n\n<p>Olen p\u00e4\u00e4tt\u00e4nyt kompensoida kampanjani p\u00e4\u00e4st\u00f6t  sijoittamalla suomalaiseen Hiilip\u00f6rssiin, joka sitoo kampanjan aikana  syntyneet hiilidioksidin seuraavan vaalikauden aikana. Sijoitus soiden  ennallistamiseen sitoo hiilt\u00e4 pitk\u00e4\u00e4n my\u00f6s vaalikampanjani j\u00e4lkeen. <\/p>\n\n\n\n<p>P\u00e4\u00e4st\u00f6laskelman perusteena on k\u00e4ytetty Helsingin yliopiston ja Sitran kehitt\u00e4m\u00e4\u00e4 Hiilifiksu j\u00e4rjest\u00f6 -laskuria <a rel=\"noreferrer noopener\" href=\"https:\/\/blogs.helsinki.fi\/hiilifiksu\/?fbclid=IwAR38ZDH91e8WfrByQ3hq6GHOCww84Z0q9NfaJb5C101JU8Iluuk-B2iKSjc\" target=\"_blank\">https:\/\/blogs.helsinki.fi\/hiilifiksu\/<\/a>.<\/p>\n\n\n\n<figure class=\"wp-block-image\"><img fetchpriority=\"high\" decoding=\"async\" width=\"2500\" height=\"1313\" src=\"https:\/\/i2.wp.com\/jennipitko.fi\/koti\/wp-content\/uploads\/2019\/04\/kompensaatio1200x600.png?fit=1024%2C538\" alt=\"Kompensaatio1200x600\" class=\"wp-image-2063\" title=\"Vaalikampanjani on hiilineutraali\" srcset=\"https:\/\/jennipitko.fi\/koti\/wp-content\/uploads\/2019\/04\/kompensaatio1200x600.png 2500w, https:\/\/jennipitko.fi\/koti\/wp-content\/uploads\/2019\/04\/kompensaatio1200x600-300x158.png 300w, https:\/\/jennipitko.fi\/koti\/wp-content\/uploads\/2019\/04\/kompensaatio1200x600-768x403.png 768w, https:\/\/jennipitko.fi\/koti\/wp-content\/uploads\/2019\/04\/kompensaatio1200x600-1024x538.png 1024w\" sizes=\"(max-width: 2500px) 100vw, 2500px\" \/><\/figure>\n","protected":false},"excerpt":{"rendered":"<p>Ilmastonmuutoksen torjunta on kampanjani k\u00e4rkiteema ja olemme ottaneet p\u00e4\u00e4st\u00f6t huomioon my\u00f6s vaalikampanjani toteuttamisessa. Kampanjointi vaatii monenlaista materiaalia ja kulkemista, jonka [&hellip;]<\/p>\n","protected":false},"author":1,"featured_media":0,"comment_status":"closed","ping_status":"closed","sticky":false,"template":"","format":"standard","meta":{"_monsterinsights_skip_tracking":false,"_monsterinsights_sitenote_active":false,"_monsterinsights_sitenote_note":"","_monsterinsights_sitenote_category":0,"site-sidebar-layout":"default","site-content-layout":"","ast-site-content-layout":"default","site-content-style":"default","site-sidebar-style":"default","ast-global-header-display":"","ast-banner-title-visibility":"","ast-main-header-display":"","ast-hfb-above-header-display":"","ast-hfb-below-header-display":"","ast-hfb-mobile-header-display":"","site-post-title":"","ast-breadcrumbs-content":"","ast-featured-img":"","footer-sml-layout":"","ast-disable-related-posts":"","theme-transparent-header-meta":"","adv-header-id-meta":"","stick-header-meta":"","header-above-stick-meta":"","header-main-stick-meta":"","header-below-stick-meta":"","astra-migrate-meta-layouts":"default","ast-page-background-enabled":"default","ast-page-background-meta":{"desktop":{"background-color":"var(--ast-global-color-5)","background-image":"","background-repeat":"repeat","background-position":"center center","background-size":"auto","background-attachment":"scroll","background-type":"","background-media":"","overlay-type":"","overlay-color":"","overlay-opacity":"","overlay-gradient":""},"tablet":{"background-color":"","background-image":"","background-repeat":"repeat","background-position":"center center","background-size":"auto","background-attachment":"scroll","background-type":"","background-media":"","overlay-type":"","overlay-color":"","overlay-opacity":"","overlay-gradient":""},"mobile":{"background-color":"","background-image":"","background-repeat":"repeat","background-position":"center center","background-size":"auto","background-attachment":"scroll","background-type":"","background-media":"","overlay-type":"","overlay-color":"","overlay-opacity":"","overlay-gradient":""}},"ast-content-background-meta":{"desktop":{"background-color":"var(--ast-global-color-4)","background-image":"","background-repeat":"repeat","background-position":"center center","background-size":"auto","background-attachment":"scroll","background-type":"","background-media":"","overlay-type":"","overlay-color":"","overlay-opacity":"","overlay-gradient":""},"tablet":{"background-color":"var(--ast-global-color-4)","background-image":"","background-repeat":"repeat","background-position":"center center","background-size":"auto","background-attachment":"scroll","background-type":"","background-media":"","overlay-type":"","overlay-color":"","overlay-opacity":"","overlay-gradient":""},"mobile":{"background-color":"var(--ast-global-color-4)","background-image":"","background-repeat":"repeat","background-position":"center center","background-size":"auto","background-attachment":"scroll","background-type":"","background-media":"","overlay-type":"","overlay-color":"","overlay-opacity":"","overlay-gradient":""}},"footnotes":""},"categories":[2],"tags":[116,272],"class_list":["post-2061","post","type-post","status-publish","format-standard","hentry","category-blogi","tag-eduskuntavaalit","tag-ilmastovaalit"],"yoast_head":"<!-- This site is optimized with the Yoast SEO plugin v27.5 - https:\/\/yoast.com\/product\/yoast-seo-wordpress\/ -->\n<title>Vaalikampanjani on hiilineutraali - Jenni Pitko - Vihreiden varapuheenjohtaja, ymp\u00e4rist\u00f6valiokunnan puheenjohtaja, kansanedustaja ja arkkitehti Oulusta<\/title>\n<meta name=\"robots\" content=\"index, follow, max-snippet:-1, max-image-preview:large, max-video-preview:-1\" \/>\n<link rel=\"canonical\" href=\"https:\/\/jennipitko.fi\/koti\/vaalikampanjani-on-hiilineutraali\/\" \/>\n<meta property=\"og:locale\" content=\"fi_FI\" \/>\n<meta property=\"og:type\" content=\"article\" \/>\n<meta property=\"og:title\" content=\"Vaalikampanjani on hiilineutraali - Jenni Pitko - Vihreiden varapuheenjohtaja, ymp\u00e4rist\u00f6valiokunnan puheenjohtaja, kansanedustaja ja arkkitehti Oulusta\" \/>\n<meta property=\"og:description\" content=\"Ilmastonmuutoksen torjunta on kampanjani k\u00e4rkiteema ja olemme ottaneet p\u00e4\u00e4st\u00f6t huomioon my\u00f6s vaalikampanjani toteuttamisessa. Kampanjointi vaatii monenlaista materiaalia ja kulkemista, jonka [&hellip;]\" \/>\n<meta property=\"og:url\" content=\"https:\/\/jennipitko.fi\/koti\/vaalikampanjani-on-hiilineutraali\/\" \/>\n<meta property=\"og:site_name\" content=\"Jenni Pitko - Vihreiden varapuheenjohtaja, ymp\u00e4rist\u00f6valiokunnan puheenjohtaja, kansanedustaja ja arkkitehti Oulusta\" \/>\n<meta property=\"article:published_time\" content=\"2019-04-12T16:14:01+00:00\" \/>\n<meta property=\"article:modified_time\" content=\"2019-04-12T16:39:17+00:00\" \/>\n<meta property=\"og:image\" content=\"https:\/\/i2.wp.com\/jennipitko.fi\/koti\/wp-content\/uploads\/2019\/04\/kompensaatio1200x600.png?fit=1024%2C538\" \/>\n<meta name=\"author\" content=\"Jenni\" \/>\n<meta name=\"twitter:card\" content=\"summary_large_image\" \/>\n<meta name=\"twitter:label1\" content=\"Kirjoittanut\" \/>\n\t<meta name=\"twitter:data1\" content=\"Jenni\" \/>\n\t<meta name=\"twitter:label2\" content=\"Arvioitu lukuaika\" \/>\n\t<meta name=\"twitter:data2\" content=\"1 minuutti\" \/>\n<script type=\"application\/ld+json\" class=\"yoast-schema-graph\">{\"@context\":\"https:\\\/\\\/schema.org\",\"@graph\":[{\"@type\":\"Article\",\"@id\":\"https:\\\/\\\/jennipitko.fi\\\/koti\\\/vaalikampanjani-on-hiilineutraali\\\/#article\",\"isPartOf\":{\"@id\":\"https:\\\/\\\/jennipitko.fi\\\/koti\\\/vaalikampanjani-on-hiilineutraali\\\/\"},\"author\":{\"name\":\"Jenni\",\"@id\":\"https:\\\/\\\/jennipitko.fi\\\/koti\\\/#\\\/schema\\\/person\\\/35955c467f851f10124809310e7e7ee8\"},\"headline\":\"Vaalikampanjani on hiilineutraali\",\"datePublished\":\"2019-04-12T16:14:01+00:00\",\"dateModified\":\"2019-04-12T16:39:17+00:00\",\"mainEntityOfPage\":{\"@id\":\"https:\\\/\\\/jennipitko.fi\\\/koti\\\/vaalikampanjani-on-hiilineutraali\\\/\"},\"wordCount\":164,\"publisher\":{\"@id\":\"https:\\\/\\\/jennipitko.fi\\\/koti\\\/#organization\"},\"image\":{\"@id\":\"https:\\\/\\\/jennipitko.fi\\\/koti\\\/vaalikampanjani-on-hiilineutraali\\\/#primaryimage\"},\"thumbnailUrl\":\"https:\\\/\\\/i2.wp.com\\\/jennipitko.fi\\\/koti\\\/wp-content\\\/uploads\\\/2019\\\/04\\\/kompensaatio1200x600.png?fit=1024%2C538\",\"keywords\":[\"eduskuntavaalit\",\"ilmastovaalit\"],\"articleSection\":[\"Blogi\"],\"inLanguage\":\"fi\"},{\"@type\":\"WebPage\",\"@id\":\"https:\\\/\\\/jennipitko.fi\\\/koti\\\/vaalikampanjani-on-hiilineutraali\\\/\",\"url\":\"https:\\\/\\\/jennipitko.fi\\\/koti\\\/vaalikampanjani-on-hiilineutraali\\\/\",\"name\":\"Vaalikampanjani on hiilineutraali - Jenni Pitko - Vihreiden varapuheenjohtaja, ymp\u00e4rist\u00f6valiokunnan puheenjohtaja, kansanedustaja ja arkkitehti Oulusta\",\"isPartOf\":{\"@id\":\"https:\\\/\\\/jennipitko.fi\\\/koti\\\/#website\"},\"primaryImageOfPage\":{\"@id\":\"https:\\\/\\\/jennipitko.fi\\\/koti\\\/vaalikampanjani-on-hiilineutraali\\\/#primaryimage\"},\"image\":{\"@id\":\"https:\\\/\\\/jennipitko.fi\\\/koti\\\/vaalikampanjani-on-hiilineutraali\\\/#primaryimage\"},\"thumbnailUrl\":\"https:\\\/\\\/i2.wp.com\\\/jennipitko.fi\\\/koti\\\/wp-content\\\/uploads\\\/2019\\\/04\\\/kompensaatio1200x600.png?fit=1024%2C538\",\"datePublished\":\"2019-04-12T16:14:01+00:00\",\"dateModified\":\"2019-04-12T16:39:17+00:00\",\"breadcrumb\":{\"@id\":\"https:\\\/\\\/jennipitko.fi\\\/koti\\\/vaalikampanjani-on-hiilineutraali\\\/#breadcrumb\"},\"inLanguage\":\"fi\",\"potentialAction\":[{\"@type\":\"ReadAction\",\"target\":[\"https:\\\/\\\/jennipitko.fi\\\/koti\\\/vaalikampanjani-on-hiilineutraali\\\/\"]}]},{\"@type\":\"ImageObject\",\"inLanguage\":\"fi\",\"@id\":\"https:\\\/\\\/jennipitko.fi\\\/koti\\\/vaalikampanjani-on-hiilineutraali\\\/#primaryimage\",\"url\":\"https:\\\/\\\/i2.wp.com\\\/jennipitko.fi\\\/koti\\\/wp-content\\\/uploads\\\/2019\\\/04\\\/kompensaatio1200x600.png?fit=1024%2C538\",\"contentUrl\":\"https:\\\/\\\/i2.wp.com\\\/jennipitko.fi\\\/koti\\\/wp-content\\\/uploads\\\/2019\\\/04\\\/kompensaatio1200x600.png?fit=1024%2C538\"},{\"@type\":\"BreadcrumbList\",\"@id\":\"https:\\\/\\\/jennipitko.fi\\\/koti\\\/vaalikampanjani-on-hiilineutraali\\\/#breadcrumb\",\"itemListElement\":[{\"@type\":\"ListItem\",\"position\":1,\"name\":\"Home\",\"item\":\"https:\\\/\\\/jennipitko.fi\\\/koti\\\/\"},{\"@type\":\"ListItem\",\"position\":2,\"name\":\"Vaalikampanjani on hiilineutraali\"}]},{\"@type\":\"WebSite\",\"@id\":\"https:\\\/\\\/jennipitko.fi\\\/koti\\\/#website\",\"url\":\"https:\\\/\\\/jennipitko.fi\\\/koti\\\/\",\"name\":\"Jenni Pitko - Vihreiden varapuheenjohtaja, ymp\u00e4rist\u00f6valiokunnan puheenjohtaja, kansanedustaja ja arkkitehti Oulusta\",\"description\":\"Jenni Pitko - Vihreiden varapuheenjohtaja, ymp\u00e4rist\u00f6valiokunnan puheenjohtaja, kansanedustaja ja arkkitehti Oulusta\",\"publisher\":{\"@id\":\"https:\\\/\\\/jennipitko.fi\\\/koti\\\/#organization\"},\"potentialAction\":[{\"@type\":\"SearchAction\",\"target\":{\"@type\":\"EntryPoint\",\"urlTemplate\":\"https:\\\/\\\/jennipitko.fi\\\/koti\\\/?s={search_term_string}\"},\"query-input\":{\"@type\":\"PropertyValueSpecification\",\"valueRequired\":true,\"valueName\":\"search_term_string\"}}],\"inLanguage\":\"fi\"},{\"@type\":\"Organization\",\"@id\":\"https:\\\/\\\/jennipitko.fi\\\/koti\\\/#organization\",\"name\":\"Jenni Pitko - Vihreiden varapuheenjohtaja, ymp\u00e4rist\u00f6valiokunnan puheenjohtaja, kansanedustaja ja arkkitehti Oulusta\",\"url\":\"https:\\\/\\\/jennipitko.fi\\\/koti\\\/\",\"logo\":{\"@type\":\"ImageObject\",\"inLanguage\":\"fi\",\"@id\":\"https:\\\/\\\/jennipitko.fi\\\/koti\\\/#\\\/schema\\\/logo\\\/image\\\/\",\"url\":\"https:\\\/\\\/jennipitko.fi\\\/koti\\\/wp-content\\\/uploads\\\/2025\\\/09\\\/Nimeton-malli-38.png\",\"contentUrl\":\"https:\\\/\\\/jennipitko.fi\\\/koti\\\/wp-content\\\/uploads\\\/2025\\\/09\\\/Nimeton-malli-38.png\",\"width\":1280,\"height\":847,\"caption\":\"Jenni Pitko - Vihreiden varapuheenjohtaja, ymp\u00e4rist\u00f6valiokunnan puheenjohtaja, kansanedustaja ja arkkitehti Oulusta\"},\"image\":{\"@id\":\"https:\\\/\\\/jennipitko.fi\\\/koti\\\/#\\\/schema\\\/logo\\\/image\\\/\"}},{\"@type\":\"Person\",\"@id\":\"https:\\\/\\\/jennipitko.fi\\\/koti\\\/#\\\/schema\\\/person\\\/35955c467f851f10124809310e7e7ee8\",\"name\":\"Jenni\",\"image\":{\"@type\":\"ImageObject\",\"inLanguage\":\"fi\",\"@id\":\"https:\\\/\\\/secure.gravatar.com\\\/avatar\\\/625a0e6413b293da7739d42617828d564a4d6028aec3f45d8939a2ba1617199f?s=96&d=blank&r=g\",\"url\":\"https:\\\/\\\/secure.gravatar.com\\\/avatar\\\/625a0e6413b293da7739d42617828d564a4d6028aec3f45d8939a2ba1617199f?s=96&d=blank&r=g\",\"contentUrl\":\"https:\\\/\\\/secure.gravatar.com\\\/avatar\\\/625a0e6413b293da7739d42617828d564a4d6028aec3f45d8939a2ba1617199f?s=96&d=blank&r=g\",\"caption\":\"Jenni\"},\"url\":\"https:\\\/\\\/jennipitko.fi\\\/koti\\\/author\\\/jenni\\\/\"}]}<\/script>\n<!-- \/ Yoast SEO plugin. -->","yoast_head_json":{"title":"Vaalikampanjani on hiilineutraali - Jenni Pitko - Vihreiden varapuheenjohtaja, ymp\u00e4rist\u00f6valiokunnan puheenjohtaja, kansanedustaja ja arkkitehti Oulusta","robots":{"index":"index","follow":"follow","max-snippet":"max-snippet:-1","max-image-preview":"max-image-preview:large","max-video-preview":"max-video-preview:-1"},"canonical":"https:\/\/jennipitko.fi\/koti\/vaalikampanjani-on-hiilineutraali\/","og_locale":"fi_FI","og_type":"article","og_title":"Vaalikampanjani on hiilineutraali - Jenni Pitko - Vihreiden varapuheenjohtaja, ymp\u00e4rist\u00f6valiokunnan puheenjohtaja, kansanedustaja ja arkkitehti Oulusta","og_description":"Ilmastonmuutoksen torjunta on kampanjani k\u00e4rkiteema ja olemme ottaneet p\u00e4\u00e4st\u00f6t huomioon my\u00f6s vaalikampanjani toteuttamisessa. Kampanjointi vaatii monenlaista materiaalia ja kulkemista, jonka [&hellip;]","og_url":"https:\/\/jennipitko.fi\/koti\/vaalikampanjani-on-hiilineutraali\/","og_site_name":"Jenni Pitko - Vihreiden varapuheenjohtaja, ymp\u00e4rist\u00f6valiokunnan puheenjohtaja, kansanedustaja ja arkkitehti Oulusta","article_published_time":"2019-04-12T16:14:01+00:00","article_modified_time":"2019-04-12T16:39:17+00:00","og_image":[{"url":"https:\/\/i2.wp.com\/jennipitko.fi\/koti\/wp-content\/uploads\/2019\/04\/kompensaatio1200x600.png?fit=1024%2C538","type":"","width":"","height":""}],"author":"Jenni","twitter_card":"summary_large_image","twitter_misc":{"Kirjoittanut":"Jenni","Arvioitu lukuaika":"1 minuutti"},"schema":{"@context":"https:\/\/schema.org","@graph":[{"@type":"Article","@id":"https:\/\/jennipitko.fi\/koti\/vaalikampanjani-on-hiilineutraali\/#article","isPartOf":{"@id":"https:\/\/jennipitko.fi\/koti\/vaalikampanjani-on-hiilineutraali\/"},"author":{"name":"Jenni","@id":"https:\/\/jennipitko.fi\/koti\/#\/schema\/person\/35955c467f851f10124809310e7e7ee8"},"headline":"Vaalikampanjani on hiilineutraali","datePublished":"2019-04-12T16:14:01+00:00","dateModified":"2019-04-12T16:39:17+00:00","mainEntityOfPage":{"@id":"https:\/\/jennipitko.fi\/koti\/vaalikampanjani-on-hiilineutraali\/"},"wordCount":164,"publisher":{"@id":"https:\/\/jennipitko.fi\/koti\/#organization"},"image":{"@id":"https:\/\/jennipitko.fi\/koti\/vaalikampanjani-on-hiilineutraali\/#primaryimage"},"thumbnailUrl":"https:\/\/i2.wp.com\/jennipitko.fi\/koti\/wp-content\/uploads\/2019\/04\/kompensaatio1200x600.png?fit=1024%2C538","keywords":["eduskuntavaalit","ilmastovaalit"],"articleSection":["Blogi"],"inLanguage":"fi"},{"@type":"WebPage","@id":"https:\/\/jennipitko.fi\/koti\/vaalikampanjani-on-hiilineutraali\/","url":"https:\/\/jennipitko.fi\/koti\/vaalikampanjani-on-hiilineutraali\/","name":"Vaalikampanjani on hiilineutraali - Jenni Pitko - Vihreiden varapuheenjohtaja, ymp\u00e4rist\u00f6valiokunnan puheenjohtaja, kansanedustaja ja arkkitehti Oulusta","isPartOf":{"@id":"https:\/\/jennipitko.fi\/koti\/#website"},"primaryImageOfPage":{"@id":"https:\/\/jennipitko.fi\/koti\/vaalikampanjani-on-hiilineutraali\/#primaryimage"},"image":{"@id":"https:\/\/jennipitko.fi\/koti\/vaalikampanjani-on-hiilineutraali\/#primaryimage"},"thumbnailUrl":"https:\/\/i2.wp.com\/jennipitko.fi\/koti\/wp-content\/uploads\/2019\/04\/kompensaatio1200x600.png?fit=1024%2C538","datePublished":"2019-04-12T16:14:01+00:00","dateModified":"2019-04-12T16:39:17+00:00","breadcrumb":{"@id":"https:\/\/jennipitko.fi\/koti\/vaalikampanjani-on-hiilineutraali\/#breadcrumb"},"inLanguage":"fi","potentialAction":[{"@type":"ReadAction","target":["https:\/\/jennipitko.fi\/koti\/vaalikampanjani-on-hiilineutraali\/"]}]},{"@type":"ImageObject","inLanguage":"fi","@id":"https:\/\/jennipitko.fi\/koti\/vaalikampanjani-on-hiilineutraali\/#primaryimage","url":"https:\/\/i2.wp.com\/jennipitko.fi\/koti\/wp-content\/uploads\/2019\/04\/kompensaatio1200x600.png?fit=1024%2C538","contentUrl":"https:\/\/i2.wp.com\/jennipitko.fi\/koti\/wp-content\/uploads\/2019\/04\/kompensaatio1200x600.png?fit=1024%2C538"},{"@type":"BreadcrumbList","@id":"https:\/\/jennipitko.fi\/koti\/vaalikampanjani-on-hiilineutraali\/#breadcrumb","itemListElement":[{"@type":"ListItem","position":1,"name":"Home","item":"https:\/\/jennipitko.fi\/koti\/"},{"@type":"ListItem","position":2,"name":"Vaalikampanjani on hiilineutraali"}]},{"@type":"WebSite","@id":"https:\/\/jennipitko.fi\/koti\/#website","url":"https:\/\/jennipitko.fi\/koti\/","name":"Jenni Pitko - Vihreiden varapuheenjohtaja, ymp\u00e4rist\u00f6valiokunnan puheenjohtaja, kansanedustaja ja arkkitehti Oulusta","description":"Jenni Pitko - Vihreiden varapuheenjohtaja, ymp\u00e4rist\u00f6valiokunnan puheenjohtaja, kansanedustaja ja arkkitehti Oulusta","publisher":{"@id":"https:\/\/jennipitko.fi\/koti\/#organization"},"potentialAction":[{"@type":"SearchAction","target":{"@type":"EntryPoint","urlTemplate":"https:\/\/jennipitko.fi\/koti\/?s={search_term_string}"},"query-input":{"@type":"PropertyValueSpecification","valueRequired":true,"valueName":"search_term_string"}}],"inLanguage":"fi"},{"@type":"Organization","@id":"https:\/\/jennipitko.fi\/koti\/#organization","name":"Jenni Pitko - Vihreiden varapuheenjohtaja, ymp\u00e4rist\u00f6valiokunnan puheenjohtaja, kansanedustaja ja arkkitehti Oulusta","url":"https:\/\/jennipitko.fi\/koti\/","logo":{"@type":"ImageObject","inLanguage":"fi","@id":"https:\/\/jennipitko.fi\/koti\/#\/schema\/logo\/image\/","url":"https:\/\/jennipitko.fi\/koti\/wp-content\/uploads\/2025\/09\/Nimeton-malli-38.png","contentUrl":"https:\/\/jennipitko.fi\/koti\/wp-content\/uploads\/2025\/09\/Nimeton-malli-38.png","width":1280,"height":847,"caption":"Jenni Pitko - Vihreiden varapuheenjohtaja, ymp\u00e4rist\u00f6valiokunnan puheenjohtaja, kansanedustaja ja arkkitehti Oulusta"},"image":{"@id":"https:\/\/jennipitko.fi\/koti\/#\/schema\/logo\/image\/"}},{"@type":"Person","@id":"https:\/\/jennipitko.fi\/koti\/#\/schema\/person\/35955c467f851f10124809310e7e7ee8","name":"Jenni","image":{"@type":"ImageObject","inLanguage":"fi","@id":"https:\/\/secure.gravatar.com\/avatar\/625a0e6413b293da7739d42617828d564a4d6028aec3f45d8939a2ba1617199f?s=96&d=blank&r=g","url":"https:\/\/secure.gravatar.com\/avatar\/625a0e6413b293da7739d42617828d564a4d6028aec3f45d8939a2ba1617199f?s=96&d=blank&r=g","contentUrl":"https:\/\/secure.gravatar.com\/avatar\/625a0e6413b293da7739d42617828d564a4d6028aec3f45d8939a2ba1617199f?s=96&d=blank&r=g","caption":"Jenni"},"url":"https:\/\/jennipitko.fi\/koti\/author\/jenni\/"}]}},"_links":{"self":[{"href":"https:\/\/jennipitko.fi\/koti\/wp-json\/wp\/v2\/posts\/2061","targetHints":{"allow":["GET"]}}],"collection":[{"href":"https:\/\/jennipitko.fi\/koti\/wp-json\/wp\/v2\/posts"}],"about":[{"href":"https:\/\/jennipitko.fi\/koti\/wp-json\/wp\/v2\/types\/post"}],"author":[{"embeddable":true,"href":"https:\/\/jennipitko.fi\/koti\/wp-json\/wp\/v2\/users\/1"}],"replies":[{"embeddable":true,"href":"https:\/\/jennipitko.fi\/koti\/wp-json\/wp\/v2\/comments?post=2061"}],"version-history":[{"count":1,"href":"https:\/\/jennipitko.fi\/koti\/wp-json\/wp\/v2\/posts\/2061\/revisions"}],"predecessor-version":[{"id":2064,"href":"https:\/\/jennipitko.fi\/koti\/wp-json\/wp\/v2\/posts\/2061\/revisions\/2064"}],"wp:attachment":[{"href":"https:\/\/jennipitko.fi\/koti\/wp-json\/wp\/v2\/media?parent=2061"}],"wp:term":[{"taxonomy":"category","embeddable":true,"href":"https:\/\/jennipitko.fi\/koti\/wp-json\/wp\/v2\/categories?post=2061"},{"taxonomy":"post_tag","embeddable":true,"href":"https:\/\/jennipitko.fi\/koti\/wp-json\/wp\/v2\/tags?post=2061"}],"curies":[{"name":"wp","href":"https:\/\/api.w.org\/{rel}","templated":true}]}}