{"id":2092,"date":"2019-09-11T15:28:42","date_gmt":"2019-09-11T13:28:42","guid":{"rendered":"http:\/\/jennipitko.fi\/koti\/?p=2092"},"modified":"2019-09-11T15:28:45","modified_gmt":"2019-09-11T13:28:45","slug":"kirjallinen-kysymys-alle-neljan-tunnin-junasta-oulu-helsinki-valille","status":"publish","type":"post","link":"https:\/\/jennipitko.fi\/koti\/kirjallinen-kysymys-alle-neljan-tunnin-junasta-oulu-helsinki-valille\/","title":{"rendered":"Kirjallinen kysymys alle nelj\u00e4n tunnin junasta Oulu-Helsinki-v\u00e4lille"},"content":{"rendered":"\n<p>Eduskunnan puhemiehelle,<br><\/p>\n\n\n\n<p>Hallitus on asettanut kunniainhimoiset ilmastotavoitteet, miss\u00e4 osana ovat merkitt\u00e4v\u00e4t liikenteen p\u00e4\u00e4st\u00f6v\u00e4hennykset. Liikenteen p\u00e4\u00e4st\u00f6t muodostavat viidenneksen maamme kasvihuonep\u00e4\u00e4st\u00f6ist\u00e4. Suomi on sitoutunut puolittamaan liikenteen p\u00e4\u00e4st\u00f6t vuoteen 2030 menness\u00e4.<br><\/p>\n\n\n\n<p>Oulu-Helsinki-v\u00e4li on Suomen suosituin sis\u00e4inen lentoreitti ja my\u00f6s merkitt\u00e4v\u00e4 p\u00e4\u00e4st\u00f6l\u00e4hde. Alle nelj\u00e4n tunnin junan saaminen t\u00e4lle v\u00e4lille toisi aidosti kilpailukykyisen vaihtoehdon lentomatkustamiselle ja auttaisi Suomea kohti v\u00e4h\u00e4hiilisyystavoitteita. Alle nelj\u00e4n tunnin juna vaatisi Helsinki-Tampere-v\u00e4lin pullonkaulojen poistamisen sek\u00e4 kaksoisraiteen Oulusta etel\u00e4\u00e4n.&nbsp;<br><\/p>\n\n\n\n<p>Pohjoisella p\u00e4\u00e4radalla kulkevien junamatkustajien m\u00e4\u00e4r\u00e4 on my\u00f6s viime vuosina kasvanut merkitt\u00e4v\u00e4sti ja kapasiteetti kasvavien matkustajam\u00e4\u00e4rien kanssa on joutunut toistuvasti ahtaalle. Viime vuonna esimerkiksi Kemin ja Tampereen v\u00e4lill\u00e4 matkustajien m\u00e4\u00e4r\u00e4 kasvoi 7 prosenttia, yli 650 000 matkalla. Oulun ja Helsingin v\u00e4liss\u00e4 matkustajien m\u00e4\u00e4r\u00e4 on jatkuvassa nousussa ja vuonna 2017 matkustajam\u00e4\u00e4r\u00e4 nousi l\u00e4hes 50 prosenttia rataan tehtyjen parannusten j\u00e4lkeen. Nopeammat yhteydet hy\u00f6dytt\u00e4isiv\u00e4t paljon my\u00f6s Lapin aluetta ja sen kest\u00e4v\u00e4n matkailun mahdollisuuksia.<br><\/p>\n\n\n\n<p>VR on pyrkinyt vastaamaan runsaasti kasvaneeseen kysynt\u00e4\u00e4n lis\u00e4\u00e4m\u00e4ll\u00e4 kalustoa. Kaksikerroksisia vaunuja lis\u00e4\u00e4m\u00e4lll\u00e4 kapasiteettia on saatu kasvatettua, mutta matkustajam\u00e4\u00e4rien kasvattaminen tulevaisuudessa tarvitsee radan parannuksia, jotta yhteyksien m\u00e4\u00e4r\u00e4\u00e4 voidaan merkitt\u00e4v\u00e4sti lis\u00e4t\u00e4.<br><\/p>\n\n\n\n<p>P\u00e4\u00e4rata ollaan oletettavasti nime\u00e4m\u00e4ss\u00e4 osaksi Euroopan ydinverkkok\u00e4yt\u00e4v\u00e4\u00e4 TEN-T-verkostoa, joka mahdollistaa my\u00f6s korotetun EU:n rahoitusosuuden hakemiselle verkostoon kuuluville rataosuuksille. Hallitusohjelmassa onkin aiheellisesti kirjattu, ett\u00e4 EU-rahoitushakujen varmistamiseksi v\u00e4yl\u00e4hankkeiden suunnitteluvalmiutta edistet\u00e4\u00e4n.&nbsp;<br><\/p>\n\n\n\n<p>Kes\u00e4kuussa eduskunta hyv\u00e4ksyi lis\u00e4talousarvion, jossa hyv\u00e4ksyttiin suunnittelum\u00e4\u00e4r\u00e4raha Helsinki-Tampere-v\u00e4lin suunnittelemiseen, joka onkin merkitt\u00e4v\u00e4 pullonkaula p\u00e4\u00e4radalla ja joka edist\u00e4\u00e4 my\u00f6s koko pohjoisen Suomen yhteyksien parantamista. Kriittisi\u00e4 tarpeita on kuitenkin my\u00f6s Tampereelta pohjoiseen.&nbsp;<br><\/p>\n\n\n\n<p>Edell\u00e4 olevan perusteella ja eduskunnan ty\u00f6j\u00e4rjestyksen 27 \u00a7:\u00e4\u00e4n viitaten esit\u00e4n \/ esit\u00e4mme asianomaisen ministerin vastattavaksi seuraavan kysymyksen,<br><\/p>\n\n\n\n<p><em>mit\u00e4 hallitus tekee Oulu-Tampere-v\u00e4lin yhteyksien parantamiselle, jotta Oulu-Helsinki-v\u00e4lin junayhteys nopeutuisi nelj\u00e4\u00e4n tuntiin?<\/em><br><\/p>\n\n\n\n<p>Helsingiss\u00e4 10.9.2019<\/p>\n\n\n\n<p>Jenni Pitko \/ Vihr.<\/p>\n","protected":false},"excerpt":{"rendered":"<p>Eduskunnan puhemiehelle, Hallitus on asettanut kunniainhimoiset ilmastotavoitteet, miss\u00e4 osana ovat merkitt\u00e4v\u00e4t liikenteen p\u00e4\u00e4st\u00f6v\u00e4hennykset. Liikenteen p\u00e4\u00e4st\u00f6t muodostavat viidenneksen maamme kasvihuonep\u00e4\u00e4st\u00f6ist\u00e4. Suomi [&hellip;]<\/p>\n","protected":false},"author":1,"featured_media":0,"comment_status":"closed","ping_status":"closed","sticky":false,"template":"","format":"standard","meta":{"_monsterinsights_skip_tracking":false,"_monsterinsights_sitenote_active":false,"_monsterinsights_sitenote_note":"","_monsterinsights_sitenote_category":0,"site-sidebar-layout":"default","site-content-layout":"","ast-site-content-layout":"default","site-content-style":"default","site-sidebar-style":"default","ast-global-header-display":"","ast-banner-title-visibility":"","ast-main-header-display":"","ast-hfb-above-header-display":"","ast-hfb-below-header-display":"","ast-hfb-mobile-header-display":"","site-post-title":"","ast-breadcrumbs-content":"","ast-featured-img":"","footer-sml-layout":"","ast-disable-related-posts":"","theme-transparent-header-meta":"","adv-header-id-meta":"","stick-header-meta":"","header-above-stick-meta":"","header-main-stick-meta":"","header-below-stick-meta":"","astra-migrate-meta-layouts":"default","ast-page-background-enabled":"default","ast-page-background-meta":{"desktop":{"background-color":"var(--ast-global-color-5)","background-image":"","background-repeat":"repeat","background-position":"center center","background-size":"auto","background-attachment":"scroll","background-type":"","background-media":"","overlay-type":"","overlay-color":"","overlay-opacity":"","overlay-gradient":""},"tablet":{"background-color":"","background-image":"","background-repeat":"repeat","background-position":"center center","background-size":"auto","background-attachment":"scroll","background-type":"","background-media":"","overlay-type":"","overlay-color":"","overlay-opacity":"","overlay-gradient":""},"mobile":{"background-color":"","background-image":"","background-repeat":"repeat","background-position":"center center","background-size":"auto","background-attachment":"scroll","background-type":"","background-media":"","overlay-type":"","overlay-color":"","overlay-opacity":"","overlay-gradient":""}},"ast-content-background-meta":{"desktop":{"background-color":"var(--ast-global-color-4)","background-image":"","background-repeat":"repeat","background-position":"center center","background-size":"auto","background-attachment":"scroll","background-type":"","background-media":"","overlay-type":"","overlay-color":"","overlay-opacity":"","overlay-gradient":""},"tablet":{"background-color":"var(--ast-global-color-4)","background-image":"","background-repeat":"repeat","background-position":"center center","background-size":"auto","background-attachment":"scroll","background-type":"","background-media":"","overlay-type":"","overlay-color":"","overlay-opacity":"","overlay-gradient":""},"mobile":{"background-color":"var(--ast-global-color-4)","background-image":"","background-repeat":"repeat","background-position":"center center","background-size":"auto","background-attachment":"scroll","background-type":"","background-media":"","overlay-type":"","overlay-color":"","overlay-opacity":"","overlay-gradient":""}},"footnotes":""},"categories":[1,359],"tags":[],"class_list":["post-2092","post","type-post","status-publish","format-standard","hentry","category-uncategorized","category-valtiopaivatoimet"],"yoast_head":"<!-- This site is optimized with the Yoast SEO plugin v27.5 - https:\/\/yoast.com\/product\/yoast-seo-wordpress\/ -->\n<title>Kirjallinen kysymys alle nelj\u00e4n tunnin junasta Oulu-Helsinki-v\u00e4lille - Jenni Pitko - Vihreiden varapuheenjohtaja, ymp\u00e4rist\u00f6valiokunnan puheenjohtaja, kansanedustaja ja arkkitehti Oulusta<\/title>\n<meta name=\"robots\" content=\"index, follow, max-snippet:-1, max-image-preview:large, max-video-preview:-1\" \/>\n<link rel=\"canonical\" href=\"https:\/\/jennipitko.fi\/koti\/kirjallinen-kysymys-alle-neljan-tunnin-junasta-oulu-helsinki-valille\/\" \/>\n<meta property=\"og:locale\" content=\"fi_FI\" \/>\n<meta property=\"og:type\" content=\"article\" \/>\n<meta property=\"og:title\" content=\"Kirjallinen kysymys alle nelj\u00e4n tunnin junasta Oulu-Helsinki-v\u00e4lille - Jenni Pitko - Vihreiden varapuheenjohtaja, ymp\u00e4rist\u00f6valiokunnan puheenjohtaja, kansanedustaja ja arkkitehti Oulusta\" \/>\n<meta property=\"og:description\" content=\"Eduskunnan puhemiehelle, Hallitus on asettanut kunniainhimoiset ilmastotavoitteet, miss\u00e4 osana ovat merkitt\u00e4v\u00e4t liikenteen p\u00e4\u00e4st\u00f6v\u00e4hennykset. Liikenteen p\u00e4\u00e4st\u00f6t muodostavat viidenneksen maamme kasvihuonep\u00e4\u00e4st\u00f6ist\u00e4. Suomi [&hellip;]\" \/>\n<meta property=\"og:url\" content=\"https:\/\/jennipitko.fi\/koti\/kirjallinen-kysymys-alle-neljan-tunnin-junasta-oulu-helsinki-valille\/\" \/>\n<meta property=\"og:site_name\" content=\"Jenni Pitko - Vihreiden varapuheenjohtaja, ymp\u00e4rist\u00f6valiokunnan puheenjohtaja, kansanedustaja ja arkkitehti Oulusta\" \/>\n<meta property=\"article:published_time\" content=\"2019-09-11T13:28:42+00:00\" \/>\n<meta property=\"article:modified_time\" content=\"2019-09-11T13:28:45+00:00\" \/>\n<meta name=\"author\" content=\"Jenni\" \/>\n<meta name=\"twitter:card\" content=\"summary_large_image\" \/>\n<meta name=\"twitter:label1\" content=\"Kirjoittanut\" \/>\n\t<meta name=\"twitter:data1\" content=\"Jenni\" \/>\n\t<meta name=\"twitter:label2\" content=\"Arvioitu lukuaika\" \/>\n\t<meta name=\"twitter:data2\" content=\"2 minuuttia\" \/>\n<script type=\"application\/ld+json\" class=\"yoast-schema-graph\">{\"@context\":\"https:\\\/\\\/schema.org\",\"@graph\":[{\"@type\":\"Article\",\"@id\":\"https:\\\/\\\/jennipitko.fi\\\/koti\\\/kirjallinen-kysymys-alle-neljan-tunnin-junasta-oulu-helsinki-valille\\\/#article\",\"isPartOf\":{\"@id\":\"https:\\\/\\\/jennipitko.fi\\\/koti\\\/kirjallinen-kysymys-alle-neljan-tunnin-junasta-oulu-helsinki-valille\\\/\"},\"author\":{\"name\":\"Jenni\",\"@id\":\"https:\\\/\\\/jennipitko.fi\\\/koti\\\/#\\\/schema\\\/person\\\/35955c467f851f10124809310e7e7ee8\"},\"headline\":\"Kirjallinen kysymys alle nelj\u00e4n tunnin junasta Oulu-Helsinki-v\u00e4lille\",\"datePublished\":\"2019-09-11T13:28:42+00:00\",\"dateModified\":\"2019-09-11T13:28:45+00:00\",\"mainEntityOfPage\":{\"@id\":\"https:\\\/\\\/jennipitko.fi\\\/koti\\\/kirjallinen-kysymys-alle-neljan-tunnin-junasta-oulu-helsinki-valille\\\/\"},\"wordCount\":343,\"publisher\":{\"@id\":\"https:\\\/\\\/jennipitko.fi\\\/koti\\\/#organization\"},\"articleSection\":[\"Uncategorized\",\"Valtiop\u00e4iv\u00e4toimet\"],\"inLanguage\":\"fi\"},{\"@type\":\"WebPage\",\"@id\":\"https:\\\/\\\/jennipitko.fi\\\/koti\\\/kirjallinen-kysymys-alle-neljan-tunnin-junasta-oulu-helsinki-valille\\\/\",\"url\":\"https:\\\/\\\/jennipitko.fi\\\/koti\\\/kirjallinen-kysymys-alle-neljan-tunnin-junasta-oulu-helsinki-valille\\\/\",\"name\":\"Kirjallinen kysymys alle nelj\u00e4n tunnin junasta Oulu-Helsinki-v\u00e4lille - Jenni Pitko - Vihreiden varapuheenjohtaja, ymp\u00e4rist\u00f6valiokunnan puheenjohtaja, kansanedustaja ja arkkitehti Oulusta\",\"isPartOf\":{\"@id\":\"https:\\\/\\\/jennipitko.fi\\\/koti\\\/#website\"},\"datePublished\":\"2019-09-11T13:28:42+00:00\",\"dateModified\":\"2019-09-11T13:28:45+00:00\",\"breadcrumb\":{\"@id\":\"https:\\\/\\\/jennipitko.fi\\\/koti\\\/kirjallinen-kysymys-alle-neljan-tunnin-junasta-oulu-helsinki-valille\\\/#breadcrumb\"},\"inLanguage\":\"fi\",\"potentialAction\":[{\"@type\":\"ReadAction\",\"target\":[\"https:\\\/\\\/jennipitko.fi\\\/koti\\\/kirjallinen-kysymys-alle-neljan-tunnin-junasta-oulu-helsinki-valille\\\/\"]}]},{\"@type\":\"BreadcrumbList\",\"@id\":\"https:\\\/\\\/jennipitko.fi\\\/koti\\\/kirjallinen-kysymys-alle-neljan-tunnin-junasta-oulu-helsinki-valille\\\/#breadcrumb\",\"itemListElement\":[{\"@type\":\"ListItem\",\"position\":1,\"name\":\"Home\",\"item\":\"https:\\\/\\\/jennipitko.fi\\\/koti\\\/\"},{\"@type\":\"ListItem\",\"position\":2,\"name\":\"Kirjallinen kysymys alle nelj\u00e4n tunnin junasta Oulu-Helsinki-v\u00e4lille\"}]},{\"@type\":\"WebSite\",\"@id\":\"https:\\\/\\\/jennipitko.fi\\\/koti\\\/#website\",\"url\":\"https:\\\/\\\/jennipitko.fi\\\/koti\\\/\",\"name\":\"Jenni Pitko - Vihreiden varapuheenjohtaja, ymp\u00e4rist\u00f6valiokunnan puheenjohtaja, kansanedustaja ja arkkitehti Oulusta\",\"description\":\"Jenni Pitko - Vihreiden varapuheenjohtaja, ymp\u00e4rist\u00f6valiokunnan puheenjohtaja, kansanedustaja ja arkkitehti Oulusta\",\"publisher\":{\"@id\":\"https:\\\/\\\/jennipitko.fi\\\/koti\\\/#organization\"},\"potentialAction\":[{\"@type\":\"SearchAction\",\"target\":{\"@type\":\"EntryPoint\",\"urlTemplate\":\"https:\\\/\\\/jennipitko.fi\\\/koti\\\/?s={search_term_string}\"},\"query-input\":{\"@type\":\"PropertyValueSpecification\",\"valueRequired\":true,\"valueName\":\"search_term_string\"}}],\"inLanguage\":\"fi\"},{\"@type\":\"Organization\",\"@id\":\"https:\\\/\\\/jennipitko.fi\\\/koti\\\/#organization\",\"name\":\"Jenni Pitko - Vihreiden varapuheenjohtaja, ymp\u00e4rist\u00f6valiokunnan puheenjohtaja, kansanedustaja ja arkkitehti Oulusta\",\"url\":\"https:\\\/\\\/jennipitko.fi\\\/koti\\\/\",\"logo\":{\"@type\":\"ImageObject\",\"inLanguage\":\"fi\",\"@id\":\"https:\\\/\\\/jennipitko.fi\\\/koti\\\/#\\\/schema\\\/logo\\\/image\\\/\",\"url\":\"https:\\\/\\\/jennipitko.fi\\\/koti\\\/wp-content\\\/uploads\\\/2025\\\/09\\\/Nimeton-malli-38.png\",\"contentUrl\":\"https:\\\/\\\/jennipitko.fi\\\/koti\\\/wp-content\\\/uploads\\\/2025\\\/09\\\/Nimeton-malli-38.png\",\"width\":1280,\"height\":847,\"caption\":\"Jenni Pitko - Vihreiden varapuheenjohtaja, ymp\u00e4rist\u00f6valiokunnan puheenjohtaja, kansanedustaja ja arkkitehti Oulusta\"},\"image\":{\"@id\":\"https:\\\/\\\/jennipitko.fi\\\/koti\\\/#\\\/schema\\\/logo\\\/image\\\/\"}},{\"@type\":\"Person\",\"@id\":\"https:\\\/\\\/jennipitko.fi\\\/koti\\\/#\\\/schema\\\/person\\\/35955c467f851f10124809310e7e7ee8\",\"name\":\"Jenni\",\"image\":{\"@type\":\"ImageObject\",\"inLanguage\":\"fi\",\"@id\":\"https:\\\/\\\/secure.gravatar.com\\\/avatar\\\/625a0e6413b293da7739d42617828d564a4d6028aec3f45d8939a2ba1617199f?s=96&d=blank&r=g\",\"url\":\"https:\\\/\\\/secure.gravatar.com\\\/avatar\\\/625a0e6413b293da7739d42617828d564a4d6028aec3f45d8939a2ba1617199f?s=96&d=blank&r=g\",\"contentUrl\":\"https:\\\/\\\/secure.gravatar.com\\\/avatar\\\/625a0e6413b293da7739d42617828d564a4d6028aec3f45d8939a2ba1617199f?s=96&d=blank&r=g\",\"caption\":\"Jenni\"},\"url\":\"https:\\\/\\\/jennipitko.fi\\\/koti\\\/author\\\/jenni\\\/\"}]}<\/script>\n<!-- \/ Yoast SEO plugin. -->","yoast_head_json":{"title":"Kirjallinen kysymys alle nelj\u00e4n tunnin junasta Oulu-Helsinki-v\u00e4lille - Jenni Pitko - Vihreiden varapuheenjohtaja, ymp\u00e4rist\u00f6valiokunnan puheenjohtaja, kansanedustaja ja arkkitehti Oulusta","robots":{"index":"index","follow":"follow","max-snippet":"max-snippet:-1","max-image-preview":"max-image-preview:large","max-video-preview":"max-video-preview:-1"},"canonical":"https:\/\/jennipitko.fi\/koti\/kirjallinen-kysymys-alle-neljan-tunnin-junasta-oulu-helsinki-valille\/","og_locale":"fi_FI","og_type":"article","og_title":"Kirjallinen kysymys alle nelj\u00e4n tunnin junasta Oulu-Helsinki-v\u00e4lille - Jenni Pitko - Vihreiden varapuheenjohtaja, ymp\u00e4rist\u00f6valiokunnan puheenjohtaja, kansanedustaja ja arkkitehti Oulusta","og_description":"Eduskunnan puhemiehelle, Hallitus on asettanut kunniainhimoiset ilmastotavoitteet, miss\u00e4 osana ovat merkitt\u00e4v\u00e4t liikenteen p\u00e4\u00e4st\u00f6v\u00e4hennykset. Liikenteen p\u00e4\u00e4st\u00f6t muodostavat viidenneksen maamme kasvihuonep\u00e4\u00e4st\u00f6ist\u00e4. Suomi [&hellip;]","og_url":"https:\/\/jennipitko.fi\/koti\/kirjallinen-kysymys-alle-neljan-tunnin-junasta-oulu-helsinki-valille\/","og_site_name":"Jenni Pitko - Vihreiden varapuheenjohtaja, ymp\u00e4rist\u00f6valiokunnan puheenjohtaja, kansanedustaja ja arkkitehti Oulusta","article_published_time":"2019-09-11T13:28:42+00:00","article_modified_time":"2019-09-11T13:28:45+00:00","author":"Jenni","twitter_card":"summary_large_image","twitter_misc":{"Kirjoittanut":"Jenni","Arvioitu lukuaika":"2 minuuttia"},"schema":{"@context":"https:\/\/schema.org","@graph":[{"@type":"Article","@id":"https:\/\/jennipitko.fi\/koti\/kirjallinen-kysymys-alle-neljan-tunnin-junasta-oulu-helsinki-valille\/#article","isPartOf":{"@id":"https:\/\/jennipitko.fi\/koti\/kirjallinen-kysymys-alle-neljan-tunnin-junasta-oulu-helsinki-valille\/"},"author":{"name":"Jenni","@id":"https:\/\/jennipitko.fi\/koti\/#\/schema\/person\/35955c467f851f10124809310e7e7ee8"},"headline":"Kirjallinen kysymys alle nelj\u00e4n tunnin junasta Oulu-Helsinki-v\u00e4lille","datePublished":"2019-09-11T13:28:42+00:00","dateModified":"2019-09-11T13:28:45+00:00","mainEntityOfPage":{"@id":"https:\/\/jennipitko.fi\/koti\/kirjallinen-kysymys-alle-neljan-tunnin-junasta-oulu-helsinki-valille\/"},"wordCount":343,"publisher":{"@id":"https:\/\/jennipitko.fi\/koti\/#organization"},"articleSection":["Uncategorized","Valtiop\u00e4iv\u00e4toimet"],"inLanguage":"fi"},{"@type":"WebPage","@id":"https:\/\/jennipitko.fi\/koti\/kirjallinen-kysymys-alle-neljan-tunnin-junasta-oulu-helsinki-valille\/","url":"https:\/\/jennipitko.fi\/koti\/kirjallinen-kysymys-alle-neljan-tunnin-junasta-oulu-helsinki-valille\/","name":"Kirjallinen kysymys alle nelj\u00e4n tunnin junasta Oulu-Helsinki-v\u00e4lille - Jenni Pitko - Vihreiden varapuheenjohtaja, ymp\u00e4rist\u00f6valiokunnan puheenjohtaja, kansanedustaja ja arkkitehti Oulusta","isPartOf":{"@id":"https:\/\/jennipitko.fi\/koti\/#website"},"datePublished":"2019-09-11T13:28:42+00:00","dateModified":"2019-09-11T13:28:45+00:00","breadcrumb":{"@id":"https:\/\/jennipitko.fi\/koti\/kirjallinen-kysymys-alle-neljan-tunnin-junasta-oulu-helsinki-valille\/#breadcrumb"},"inLanguage":"fi","potentialAction":[{"@type":"ReadAction","target":["https:\/\/jennipitko.fi\/koti\/kirjallinen-kysymys-alle-neljan-tunnin-junasta-oulu-helsinki-valille\/"]}]},{"@type":"BreadcrumbList","@id":"https:\/\/jennipitko.fi\/koti\/kirjallinen-kysymys-alle-neljan-tunnin-junasta-oulu-helsinki-valille\/#breadcrumb","itemListElement":[{"@type":"ListItem","position":1,"name":"Home","item":"https:\/\/jennipitko.fi\/koti\/"},{"@type":"ListItem","position":2,"name":"Kirjallinen kysymys alle nelj\u00e4n tunnin junasta Oulu-Helsinki-v\u00e4lille"}]},{"@type":"WebSite","@id":"https:\/\/jennipitko.fi\/koti\/#website","url":"https:\/\/jennipitko.fi\/koti\/","name":"Jenni Pitko - Vihreiden varapuheenjohtaja, ymp\u00e4rist\u00f6valiokunnan puheenjohtaja, kansanedustaja ja arkkitehti Oulusta","description":"Jenni Pitko - Vihreiden varapuheenjohtaja, ymp\u00e4rist\u00f6valiokunnan puheenjohtaja, kansanedustaja ja arkkitehti Oulusta","publisher":{"@id":"https:\/\/jennipitko.fi\/koti\/#organization"},"potentialAction":[{"@type":"SearchAction","target":{"@type":"EntryPoint","urlTemplate":"https:\/\/jennipitko.fi\/koti\/?s={search_term_string}"},"query-input":{"@type":"PropertyValueSpecification","valueRequired":true,"valueName":"search_term_string"}}],"inLanguage":"fi"},{"@type":"Organization","@id":"https:\/\/jennipitko.fi\/koti\/#organization","name":"Jenni Pitko - Vihreiden varapuheenjohtaja, ymp\u00e4rist\u00f6valiokunnan puheenjohtaja, kansanedustaja ja arkkitehti Oulusta","url":"https:\/\/jennipitko.fi\/koti\/","logo":{"@type":"ImageObject","inLanguage":"fi","@id":"https:\/\/jennipitko.fi\/koti\/#\/schema\/logo\/image\/","url":"https:\/\/jennipitko.fi\/koti\/wp-content\/uploads\/2025\/09\/Nimeton-malli-38.png","contentUrl":"https:\/\/jennipitko.fi\/koti\/wp-content\/uploads\/2025\/09\/Nimeton-malli-38.png","width":1280,"height":847,"caption":"Jenni Pitko - Vihreiden varapuheenjohtaja, ymp\u00e4rist\u00f6valiokunnan puheenjohtaja, kansanedustaja ja arkkitehti Oulusta"},"image":{"@id":"https:\/\/jennipitko.fi\/koti\/#\/schema\/logo\/image\/"}},{"@type":"Person","@id":"https:\/\/jennipitko.fi\/koti\/#\/schema\/person\/35955c467f851f10124809310e7e7ee8","name":"Jenni","image":{"@type":"ImageObject","inLanguage":"fi","@id":"https:\/\/secure.gravatar.com\/avatar\/625a0e6413b293da7739d42617828d564a4d6028aec3f45d8939a2ba1617199f?s=96&d=blank&r=g","url":"https:\/\/secure.gravatar.com\/avatar\/625a0e6413b293da7739d42617828d564a4d6028aec3f45d8939a2ba1617199f?s=96&d=blank&r=g","contentUrl":"https:\/\/secure.gravatar.com\/avatar\/625a0e6413b293da7739d42617828d564a4d6028aec3f45d8939a2ba1617199f?s=96&d=blank&r=g","caption":"Jenni"},"url":"https:\/\/jennipitko.fi\/koti\/author\/jenni\/"}]}},"_links":{"self":[{"href":"https:\/\/jennipitko.fi\/koti\/wp-json\/wp\/v2\/posts\/2092","targetHints":{"allow":["GET"]}}],"collection":[{"href":"https:\/\/jennipitko.fi\/koti\/wp-json\/wp\/v2\/posts"}],"about":[{"href":"https:\/\/jennipitko.fi\/koti\/wp-json\/wp\/v2\/types\/post"}],"author":[{"embeddable":true,"href":"https:\/\/jennipitko.fi\/koti\/wp-json\/wp\/v2\/users\/1"}],"replies":[{"embeddable":true,"href":"https:\/\/jennipitko.fi\/koti\/wp-json\/wp\/v2\/comments?post=2092"}],"version-history":[{"count":1,"href":"https:\/\/jennipitko.fi\/koti\/wp-json\/wp\/v2\/posts\/2092\/revisions"}],"predecessor-version":[{"id":2093,"href":"https:\/\/jennipitko.fi\/koti\/wp-json\/wp\/v2\/posts\/2092\/revisions\/2093"}],"wp:attachment":[{"href":"https:\/\/jennipitko.fi\/koti\/wp-json\/wp\/v2\/media?parent=2092"}],"wp:term":[{"taxonomy":"category","embeddable":true,"href":"https:\/\/jennipitko.fi\/koti\/wp-json\/wp\/v2\/categories?post=2092"},{"taxonomy":"post_tag","embeddable":true,"href":"https:\/\/jennipitko.fi\/koti\/wp-json\/wp\/v2\/tags?post=2092"}],"curies":[{"name":"wp","href":"https:\/\/api.w.org\/{rel}","templated":true}]}}