{"id":2107,"date":"2019-10-03T18:41:20","date_gmt":"2019-10-03T16:41:20","guid":{"rendered":"http:\/\/jennipitko.fi\/koti\/?p=2107"},"modified":"2019-10-03T18:41:23","modified_gmt":"2019-10-03T16:41:23","slug":"suomi-on-paattanyt-olla-maailman-ensimmainen-fossiilivapaa-hyvinvointiyhteiskunta-ja-linjauksia-on-jo-tehty-kivihiilesta-luopumiseksi-turvetta-on-kohdeltava-yhta-tiukasti-kuin-kivihiilta","status":"publish","type":"post","link":"https:\/\/jennipitko.fi\/koti\/suomi-on-paattanyt-olla-maailman-ensimmainen-fossiilivapaa-hyvinvointiyhteiskunta-ja-linjauksia-on-jo-tehty-kivihiilesta-luopumiseksi-turvetta-on-kohdeltava-yhta-tiukasti-kuin-kivihiilta\/","title":{"rendered":"Viimeinen k\u00e4ytt\u00f6p\u00e4iv\u00e4 turpeelle"},"content":{"rendered":"\n<p>Suomi on p\u00e4\u00e4tt\u00e4nyt olla maailman ensimm\u00e4inen fossiilivapaa hyvinvointiyhteiskunta ja linjauksia on jo tehty kivihiilest\u00e4 luopumiseksi. Turpeen poltosta luopumisesta ei ole viel\u00e4 lopullista p\u00e4\u00e4t\u00f6st\u00e4, mutta hallitus on luvannut v\u00e4hint\u00e4\u00e4n puolittaa turpeen 2030 menness\u00e4.\u00a0<\/p>\n\n\n\n<p>Turve on fossiilinen polttoaine, jonka ominaisp\u00e4\u00e4st\u00f6t ovat kivihiilen luokkaa ja ilmaston n\u00e4k\u00f6kulmasta n\u00e4it\u00e4 tulisi kohdella yht\u00e4&nbsp;tiukasti. Turpeen osuus energiankulutuksesta on noin 5% ja kokonaisp\u00e4\u00e4st\u00f6ist\u00e4 turve aiheuttaa jopa 13%, joka on enemm\u00e4n kuin henkil\u00f6autoilu kokonaan. Onkin hyv\u00e4 kysymys \u2013 jos turpeesta ei luovuta, mill\u00e4 p\u00e4\u00e4st\u00f6t korvataan?&nbsp;<\/p>\n\n\n\n<p>P\u00e4\u00e4st\u00f6jen lis\u00e4ksi turve kuormittaa vesist\u00f6j\u00e4, pilaa kalojen elinymp\u00e4rist\u00f6j\u00e4 sek\u00e4 likaa m\u00f6kkirantoja ja virkistysvesi\u00e4. Suoluonnosta valtaosa on ojitettu ja jopa puolet suotyypeist\u00e4 on uhanalaisia. Turve on uusiutumaton luonnonvara, joka kuuluu maaper\u00e4\u00e4n hiilivarastoksi.&nbsp;<\/p>\n\n\n\n<p>Kaukol\u00e4mm\u00f6ss\u00e4 turve on korvattavissa, kun siirrymme polttamiseen perustuvasta j\u00e4rjestelm\u00e4st\u00e4 kohti uusiutuvaa kotimaista hajautettua energiaj\u00e4rjestelm\u00e4\u00e4, jossa l\u00e4mp\u00f6 ker\u00e4t\u00e4\u00e4n ymp\u00e4rist\u00f6st\u00e4, j\u00e4tevesien ja teollisuuden hukkal\u00e4mm\u00f6st\u00e4. L\u00e4mp\u00f6pumput pidet\u00e4\u00e4n k\u00e4ynniss\u00e4 tuulen ja auringon voimalla. L\u00e4mp\u00f6\u00e4 varastoidaan suuriin l\u00e4mp\u00f6varastoihin ja kulutusjoustoja tasataan \u00e4lykk\u00e4ill\u00e4 verkoilla ja energians\u00e4\u00e4st\u00f6ll\u00e4 rakennuksissa. T\u00e4t\u00e4 j\u00e4rjestelm\u00e4\u00e4 on tutkittu esimerkiksi Aalto yliopistossa, se on mahdollista ottaa k\u00e4ytt\u00f6\u00f6n jo nykyisell\u00e4 teknologialla.&nbsp;<\/p>\n\n\n\n<p>Fossiilisille polttoaineille on syyt\u00e4 asettaa viimeinen k\u00e4ytt\u00f6p\u00e4iv\u00e4, jotta kaupungeille, kunnille ja taloyhti\u00f6ille tulee kannustin investoida puhtaaseen energiaan. Juuri nyt turvetta polttoaineena tuetaan yhteisist\u00e4 varoista niin paljon, ett\u00e4 sen polttaminen on kaupungeille kaikista kannattavinta. Saastuttamista siis tuetaan vaikka periaatteen modernissa maailmassa tulisi olla, ett\u00e4 saastuttaja maksaa.&nbsp;<\/p>\n\n\n\n<p>Turvetuotannolla on pitk\u00e4 historia. Turve on ollut k\u00e4yt\u00f6ss\u00e4 Keski-Euroopassa jo useita vuosisatoja sitten. Suomessa turvetuotanto on valtavirtaistunut kunnolla vasta muutamia vuosikymmeni\u00e4 sitten, kun turvetta alettiin tukemaan. Turvetta k\u00e4ytet\u00e4\u00e4n isommassa kansallisessa mittakaavassa Suomessa ja Irlannissa. Irlanti on sitoutunut luopumaan turpeesta 2028 menness\u00e4.<\/p>\n\n\n\n<p>Suomen on seurattava t\u00e4t\u00e4 tiet\u00e4, otettava askeleita kohti hiilineutraalia kiertotaloutta, suojeltava yhteist\u00e4 ymp\u00e4rist\u00f6\u00e4 ja t\u00e4rke\u00e4\u00e4 suoluontoamme.\u00a0 <\/p>\n\n\n\n<p>\n\nOlin keskustelemassa turpeesta keskiviikkoiltana A-studiossa. T\u00e4\u00e4lt\u00e4 voit katsoa tallenteen:<a href=\"https:\/\/l.facebook.com\/l.php?u=https%3A%2F%2Fareena.yle.fi%2F1-4584675%3Ffbclid%3DIwAR1eB5pfoqNI-8auqTjTrfI7hF2UYtZbV7vLaWkjtQg-hfamxUcmeJz5JLA&amp;h=AT2bAOcNIl0ok3vFp5sWxx7zXKCr3YnEY_NUmNjsuuyfq4tMQAA0LG-5zOEYxl-wdFi1FiypwFX5LmMDviTtOpOAhOXw46CZb4Yoq5_fGZlkwlNNJLqPNCpivvu4Ibk2QR23f6U\" rel=\"noreferrer noopener\" target=\"_blank\">https:\/\/areena.yle.fi\/1-4584675<\/a><\/p>\n","protected":false},"excerpt":{"rendered":"<p>Suomi on p\u00e4\u00e4tt\u00e4nyt olla maailman ensimm\u00e4inen fossiilivapaa hyvinvointiyhteiskunta ja linjauksia on jo tehty kivihiilest\u00e4 luopumiseksi. Turpeen poltosta luopumisesta ei ole [&hellip;]<\/p>\n","protected":false},"author":1,"featured_media":0,"comment_status":"open","ping_status":"closed","sticky":false,"template":"","format":"standard","meta":{"_monsterinsights_skip_tracking":false,"_monsterinsights_sitenote_active":false,"_monsterinsights_sitenote_note":"","_monsterinsights_sitenote_category":0,"site-sidebar-layout":"default","site-content-layout":"","ast-site-content-layout":"default","site-content-style":"default","site-sidebar-style":"default","ast-global-header-display":"","ast-banner-title-visibility":"","ast-main-header-display":"","ast-hfb-above-header-display":"","ast-hfb-below-header-display":"","ast-hfb-mobile-header-display":"","site-post-title":"","ast-breadcrumbs-content":"","ast-featured-img":"","footer-sml-layout":"","ast-disable-related-posts":"","theme-transparent-header-meta":"","adv-header-id-meta":"","stick-header-meta":"","header-above-stick-meta":"","header-main-stick-meta":"","header-below-stick-meta":"","astra-migrate-meta-layouts":"default","ast-page-background-enabled":"default","ast-page-background-meta":{"desktop":{"background-color":"var(--ast-global-color-5)","background-image":"","background-repeat":"repeat","background-position":"center center","background-size":"auto","background-attachment":"scroll","background-type":"","background-media":"","overlay-type":"","overlay-color":"","overlay-opacity":"","overlay-gradient":""},"tablet":{"background-color":"","background-image":"","background-repeat":"repeat","background-position":"center center","background-size":"auto","background-attachment":"scroll","background-type":"","background-media":"","overlay-type":"","overlay-color":"","overlay-opacity":"","overlay-gradient":""},"mobile":{"background-color":"","background-image":"","background-repeat":"repeat","background-position":"center center","background-size":"auto","background-attachment":"scroll","background-type":"","background-media":"","overlay-type":"","overlay-color":"","overlay-opacity":"","overlay-gradient":""}},"ast-content-background-meta":{"desktop":{"background-color":"var(--ast-global-color-4)","background-image":"","background-repeat":"repeat","background-position":"center center","background-size":"auto","background-attachment":"scroll","background-type":"","background-media":"","overlay-type":"","overlay-color":"","overlay-opacity":"","overlay-gradient":""},"tablet":{"background-color":"var(--ast-global-color-4)","background-image":"","background-repeat":"repeat","background-position":"center center","background-size":"auto","background-attachment":"scroll","background-type":"","background-media":"","overlay-type":"","overlay-color":"","overlay-opacity":"","overlay-gradient":""},"mobile":{"background-color":"var(--ast-global-color-4)","background-image":"","background-repeat":"repeat","background-position":"center center","background-size":"auto","background-attachment":"scroll","background-type":"","background-media":"","overlay-type":"","overlay-color":"","overlay-opacity":"","overlay-gradient":""}},"footnotes":""},"categories":[2],"tags":[189,344,367,368,365,192],"class_list":["post-2107","post","type-post","status-publish","format-standard","hentry","category-blogi","tag-energia","tag-luonnon-monimuotoisuus","tag-suo","tag-suoluonto","tag-turve","tag-ymparisto"],"yoast_head":"<!-- This site is optimized with the Yoast SEO plugin v27.5 - https:\/\/yoast.com\/product\/yoast-seo-wordpress\/ -->\n<title>Viimeinen k\u00e4ytt\u00f6p\u00e4iv\u00e4 turpeelle - Jenni Pitko - Vihreiden varapuheenjohtaja, ymp\u00e4rist\u00f6valiokunnan puheenjohtaja, kansanedustaja ja arkkitehti Oulusta<\/title>\n<meta name=\"description\" content=\"Suomi on p\u00e4\u00e4tt\u00e4nyt olla maailman ensimm\u00e4inen fossiilivapaa hyvinvointiyhteiskunta.Turvetta on kohdeltava yht\u00e4 tiukasti kuin kivihiilt\u00e4.\" \/>\n<meta name=\"robots\" content=\"index, follow, max-snippet:-1, max-image-preview:large, max-video-preview:-1\" \/>\n<link rel=\"canonical\" href=\"https:\/\/jennipitko.fi\/koti\/suomi-on-paattanyt-olla-maailman-ensimmainen-fossiilivapaa-hyvinvointiyhteiskunta-ja-linjauksia-on-jo-tehty-kivihiilesta-luopumiseksi-turvetta-on-kohdeltava-yhta-tiukasti-kuin-kivihiilta\/\" \/>\n<meta property=\"og:locale\" content=\"fi_FI\" \/>\n<meta property=\"og:type\" content=\"article\" \/>\n<meta property=\"og:title\" content=\"Viimeinen k\u00e4ytt\u00f6p\u00e4iv\u00e4 turpeelle - Jenni Pitko - Vihreiden varapuheenjohtaja, ymp\u00e4rist\u00f6valiokunnan puheenjohtaja, kansanedustaja ja arkkitehti Oulusta\" \/>\n<meta property=\"og:description\" content=\"Suomi on p\u00e4\u00e4tt\u00e4nyt olla maailman ensimm\u00e4inen fossiilivapaa hyvinvointiyhteiskunta.Turvetta on kohdeltava yht\u00e4 tiukasti kuin kivihiilt\u00e4.\" \/>\n<meta property=\"og:url\" content=\"https:\/\/jennipitko.fi\/koti\/suomi-on-paattanyt-olla-maailman-ensimmainen-fossiilivapaa-hyvinvointiyhteiskunta-ja-linjauksia-on-jo-tehty-kivihiilesta-luopumiseksi-turvetta-on-kohdeltava-yhta-tiukasti-kuin-kivihiilta\/\" \/>\n<meta property=\"og:site_name\" content=\"Jenni Pitko - Vihreiden varapuheenjohtaja, ymp\u00e4rist\u00f6valiokunnan puheenjohtaja, kansanedustaja ja arkkitehti Oulusta\" \/>\n<meta property=\"article:published_time\" content=\"2019-10-03T16:41:20+00:00\" \/>\n<meta property=\"article:modified_time\" content=\"2019-10-03T16:41:23+00:00\" \/>\n<meta name=\"author\" content=\"Jenni\" \/>\n<meta name=\"twitter:card\" content=\"summary_large_image\" \/>\n<meta name=\"twitter:label1\" content=\"Kirjoittanut\" \/>\n\t<meta name=\"twitter:data1\" content=\"Jenni\" \/>\n\t<meta name=\"twitter:label2\" content=\"Arvioitu lukuaika\" \/>\n\t<meta name=\"twitter:data2\" content=\"2 minuuttia\" \/>\n<script type=\"application\/ld+json\" class=\"yoast-schema-graph\">{\"@context\":\"https:\\\/\\\/schema.org\",\"@graph\":[{\"@type\":\"Article\",\"@id\":\"https:\\\/\\\/jennipitko.fi\\\/koti\\\/suomi-on-paattanyt-olla-maailman-ensimmainen-fossiilivapaa-hyvinvointiyhteiskunta-ja-linjauksia-on-jo-tehty-kivihiilesta-luopumiseksi-turvetta-on-kohdeltava-yhta-tiukasti-kuin-kivihiilta\\\/#article\",\"isPartOf\":{\"@id\":\"https:\\\/\\\/jennipitko.fi\\\/koti\\\/suomi-on-paattanyt-olla-maailman-ensimmainen-fossiilivapaa-hyvinvointiyhteiskunta-ja-linjauksia-on-jo-tehty-kivihiilesta-luopumiseksi-turvetta-on-kohdeltava-yhta-tiukasti-kuin-kivihiilta\\\/\"},\"author\":{\"name\":\"Jenni\",\"@id\":\"https:\\\/\\\/jennipitko.fi\\\/koti\\\/#\\\/schema\\\/person\\\/35955c467f851f10124809310e7e7ee8\"},\"headline\":\"Viimeinen k\u00e4ytt\u00f6p\u00e4iv\u00e4 turpeelle\",\"datePublished\":\"2019-10-03T16:41:20+00:00\",\"dateModified\":\"2019-10-03T16:41:23+00:00\",\"mainEntityOfPage\":{\"@id\":\"https:\\\/\\\/jennipitko.fi\\\/koti\\\/suomi-on-paattanyt-olla-maailman-ensimmainen-fossiilivapaa-hyvinvointiyhteiskunta-ja-linjauksia-on-jo-tehty-kivihiilesta-luopumiseksi-turvetta-on-kohdeltava-yhta-tiukasti-kuin-kivihiilta\\\/\"},\"wordCount\":352,\"commentCount\":0,\"publisher\":{\"@id\":\"https:\\\/\\\/jennipitko.fi\\\/koti\\\/#organization\"},\"keywords\":[\"energia\",\"luonnon monimuotoisuus\",\"suo\",\"suoluonto\",\"turve\",\"ymp\u00e4rist\u00f6\"],\"articleSection\":[\"Blogi\"],\"inLanguage\":\"fi\",\"potentialAction\":[{\"@type\":\"CommentAction\",\"name\":\"Comment\",\"target\":[\"https:\\\/\\\/jennipitko.fi\\\/koti\\\/suomi-on-paattanyt-olla-maailman-ensimmainen-fossiilivapaa-hyvinvointiyhteiskunta-ja-linjauksia-on-jo-tehty-kivihiilesta-luopumiseksi-turvetta-on-kohdeltava-yhta-tiukasti-kuin-kivihiilta\\\/#respond\"]}]},{\"@type\":\"WebPage\",\"@id\":\"https:\\\/\\\/jennipitko.fi\\\/koti\\\/suomi-on-paattanyt-olla-maailman-ensimmainen-fossiilivapaa-hyvinvointiyhteiskunta-ja-linjauksia-on-jo-tehty-kivihiilesta-luopumiseksi-turvetta-on-kohdeltava-yhta-tiukasti-kuin-kivihiilta\\\/\",\"url\":\"https:\\\/\\\/jennipitko.fi\\\/koti\\\/suomi-on-paattanyt-olla-maailman-ensimmainen-fossiilivapaa-hyvinvointiyhteiskunta-ja-linjauksia-on-jo-tehty-kivihiilesta-luopumiseksi-turvetta-on-kohdeltava-yhta-tiukasti-kuin-kivihiilta\\\/\",\"name\":\"Viimeinen k\u00e4ytt\u00f6p\u00e4iv\u00e4 turpeelle - Jenni Pitko - Vihreiden varapuheenjohtaja, ymp\u00e4rist\u00f6valiokunnan puheenjohtaja, kansanedustaja ja arkkitehti Oulusta\",\"isPartOf\":{\"@id\":\"https:\\\/\\\/jennipitko.fi\\\/koti\\\/#website\"},\"datePublished\":\"2019-10-03T16:41:20+00:00\",\"dateModified\":\"2019-10-03T16:41:23+00:00\",\"description\":\"Suomi on p\u00e4\u00e4tt\u00e4nyt olla maailman ensimm\u00e4inen fossiilivapaa hyvinvointiyhteiskunta.Turvetta on kohdeltava yht\u00e4 tiukasti kuin kivihiilt\u00e4.\",\"breadcrumb\":{\"@id\":\"https:\\\/\\\/jennipitko.fi\\\/koti\\\/suomi-on-paattanyt-olla-maailman-ensimmainen-fossiilivapaa-hyvinvointiyhteiskunta-ja-linjauksia-on-jo-tehty-kivihiilesta-luopumiseksi-turvetta-on-kohdeltava-yhta-tiukasti-kuin-kivihiilta\\\/#breadcrumb\"},\"inLanguage\":\"fi\",\"potentialAction\":[{\"@type\":\"ReadAction\",\"target\":[\"https:\\\/\\\/jennipitko.fi\\\/koti\\\/suomi-on-paattanyt-olla-maailman-ensimmainen-fossiilivapaa-hyvinvointiyhteiskunta-ja-linjauksia-on-jo-tehty-kivihiilesta-luopumiseksi-turvetta-on-kohdeltava-yhta-tiukasti-kuin-kivihiilta\\\/\"]}]},{\"@type\":\"BreadcrumbList\",\"@id\":\"https:\\\/\\\/jennipitko.fi\\\/koti\\\/suomi-on-paattanyt-olla-maailman-ensimmainen-fossiilivapaa-hyvinvointiyhteiskunta-ja-linjauksia-on-jo-tehty-kivihiilesta-luopumiseksi-turvetta-on-kohdeltava-yhta-tiukasti-kuin-kivihiilta\\\/#breadcrumb\",\"itemListElement\":[{\"@type\":\"ListItem\",\"position\":1,\"name\":\"Home\",\"item\":\"https:\\\/\\\/jennipitko.fi\\\/koti\\\/\"},{\"@type\":\"ListItem\",\"position\":2,\"name\":\"Viimeinen k\u00e4ytt\u00f6p\u00e4iv\u00e4 turpeelle\"}]},{\"@type\":\"WebSite\",\"@id\":\"https:\\\/\\\/jennipitko.fi\\\/koti\\\/#website\",\"url\":\"https:\\\/\\\/jennipitko.fi\\\/koti\\\/\",\"name\":\"Jenni Pitko - Vihreiden varapuheenjohtaja, ymp\u00e4rist\u00f6valiokunnan puheenjohtaja, kansanedustaja ja arkkitehti Oulusta\",\"description\":\"Jenni Pitko - Vihreiden varapuheenjohtaja, ymp\u00e4rist\u00f6valiokunnan puheenjohtaja, kansanedustaja ja arkkitehti Oulusta\",\"publisher\":{\"@id\":\"https:\\\/\\\/jennipitko.fi\\\/koti\\\/#organization\"},\"potentialAction\":[{\"@type\":\"SearchAction\",\"target\":{\"@type\":\"EntryPoint\",\"urlTemplate\":\"https:\\\/\\\/jennipitko.fi\\\/koti\\\/?s={search_term_string}\"},\"query-input\":{\"@type\":\"PropertyValueSpecification\",\"valueRequired\":true,\"valueName\":\"search_term_string\"}}],\"inLanguage\":\"fi\"},{\"@type\":\"Organization\",\"@id\":\"https:\\\/\\\/jennipitko.fi\\\/koti\\\/#organization\",\"name\":\"Jenni Pitko - Vihreiden varapuheenjohtaja, ymp\u00e4rist\u00f6valiokunnan puheenjohtaja, kansanedustaja ja arkkitehti Oulusta\",\"url\":\"https:\\\/\\\/jennipitko.fi\\\/koti\\\/\",\"logo\":{\"@type\":\"ImageObject\",\"inLanguage\":\"fi\",\"@id\":\"https:\\\/\\\/jennipitko.fi\\\/koti\\\/#\\\/schema\\\/logo\\\/image\\\/\",\"url\":\"https:\\\/\\\/jennipitko.fi\\\/koti\\\/wp-content\\\/uploads\\\/2025\\\/09\\\/Nimeton-malli-38.png\",\"contentUrl\":\"https:\\\/\\\/jennipitko.fi\\\/koti\\\/wp-content\\\/uploads\\\/2025\\\/09\\\/Nimeton-malli-38.png\",\"width\":1280,\"height\":847,\"caption\":\"Jenni Pitko - Vihreiden varapuheenjohtaja, ymp\u00e4rist\u00f6valiokunnan puheenjohtaja, kansanedustaja ja arkkitehti Oulusta\"},\"image\":{\"@id\":\"https:\\\/\\\/jennipitko.fi\\\/koti\\\/#\\\/schema\\\/logo\\\/image\\\/\"}},{\"@type\":\"Person\",\"@id\":\"https:\\\/\\\/jennipitko.fi\\\/koti\\\/#\\\/schema\\\/person\\\/35955c467f851f10124809310e7e7ee8\",\"name\":\"Jenni\",\"image\":{\"@type\":\"ImageObject\",\"inLanguage\":\"fi\",\"@id\":\"https:\\\/\\\/secure.gravatar.com\\\/avatar\\\/625a0e6413b293da7739d42617828d564a4d6028aec3f45d8939a2ba1617199f?s=96&d=blank&r=g\",\"url\":\"https:\\\/\\\/secure.gravatar.com\\\/avatar\\\/625a0e6413b293da7739d42617828d564a4d6028aec3f45d8939a2ba1617199f?s=96&d=blank&r=g\",\"contentUrl\":\"https:\\\/\\\/secure.gravatar.com\\\/avatar\\\/625a0e6413b293da7739d42617828d564a4d6028aec3f45d8939a2ba1617199f?s=96&d=blank&r=g\",\"caption\":\"Jenni\"},\"url\":\"https:\\\/\\\/jennipitko.fi\\\/koti\\\/author\\\/jenni\\\/\"}]}<\/script>\n<!-- \/ Yoast SEO plugin. -->","yoast_head_json":{"title":"Viimeinen k\u00e4ytt\u00f6p\u00e4iv\u00e4 turpeelle - Jenni Pitko - Vihreiden varapuheenjohtaja, ymp\u00e4rist\u00f6valiokunnan puheenjohtaja, kansanedustaja ja arkkitehti Oulusta","description":"Suomi on p\u00e4\u00e4tt\u00e4nyt olla maailman ensimm\u00e4inen fossiilivapaa hyvinvointiyhteiskunta.Turvetta on kohdeltava yht\u00e4 tiukasti kuin kivihiilt\u00e4.","robots":{"index":"index","follow":"follow","max-snippet":"max-snippet:-1","max-image-preview":"max-image-preview:large","max-video-preview":"max-video-preview:-1"},"canonical":"https:\/\/jennipitko.fi\/koti\/suomi-on-paattanyt-olla-maailman-ensimmainen-fossiilivapaa-hyvinvointiyhteiskunta-ja-linjauksia-on-jo-tehty-kivihiilesta-luopumiseksi-turvetta-on-kohdeltava-yhta-tiukasti-kuin-kivihiilta\/","og_locale":"fi_FI","og_type":"article","og_title":"Viimeinen k\u00e4ytt\u00f6p\u00e4iv\u00e4 turpeelle - Jenni Pitko - Vihreiden varapuheenjohtaja, ymp\u00e4rist\u00f6valiokunnan puheenjohtaja, kansanedustaja ja arkkitehti Oulusta","og_description":"Suomi on p\u00e4\u00e4tt\u00e4nyt olla maailman ensimm\u00e4inen fossiilivapaa hyvinvointiyhteiskunta.Turvetta on kohdeltava yht\u00e4 tiukasti kuin kivihiilt\u00e4.","og_url":"https:\/\/jennipitko.fi\/koti\/suomi-on-paattanyt-olla-maailman-ensimmainen-fossiilivapaa-hyvinvointiyhteiskunta-ja-linjauksia-on-jo-tehty-kivihiilesta-luopumiseksi-turvetta-on-kohdeltava-yhta-tiukasti-kuin-kivihiilta\/","og_site_name":"Jenni Pitko - Vihreiden varapuheenjohtaja, ymp\u00e4rist\u00f6valiokunnan puheenjohtaja, kansanedustaja ja arkkitehti Oulusta","article_published_time":"2019-10-03T16:41:20+00:00","article_modified_time":"2019-10-03T16:41:23+00:00","author":"Jenni","twitter_card":"summary_large_image","twitter_misc":{"Kirjoittanut":"Jenni","Arvioitu lukuaika":"2 minuuttia"},"schema":{"@context":"https:\/\/schema.org","@graph":[{"@type":"Article","@id":"https:\/\/jennipitko.fi\/koti\/suomi-on-paattanyt-olla-maailman-ensimmainen-fossiilivapaa-hyvinvointiyhteiskunta-ja-linjauksia-on-jo-tehty-kivihiilesta-luopumiseksi-turvetta-on-kohdeltava-yhta-tiukasti-kuin-kivihiilta\/#article","isPartOf":{"@id":"https:\/\/jennipitko.fi\/koti\/suomi-on-paattanyt-olla-maailman-ensimmainen-fossiilivapaa-hyvinvointiyhteiskunta-ja-linjauksia-on-jo-tehty-kivihiilesta-luopumiseksi-turvetta-on-kohdeltava-yhta-tiukasti-kuin-kivihiilta\/"},"author":{"name":"Jenni","@id":"https:\/\/jennipitko.fi\/koti\/#\/schema\/person\/35955c467f851f10124809310e7e7ee8"},"headline":"Viimeinen k\u00e4ytt\u00f6p\u00e4iv\u00e4 turpeelle","datePublished":"2019-10-03T16:41:20+00:00","dateModified":"2019-10-03T16:41:23+00:00","mainEntityOfPage":{"@id":"https:\/\/jennipitko.fi\/koti\/suomi-on-paattanyt-olla-maailman-ensimmainen-fossiilivapaa-hyvinvointiyhteiskunta-ja-linjauksia-on-jo-tehty-kivihiilesta-luopumiseksi-turvetta-on-kohdeltava-yhta-tiukasti-kuin-kivihiilta\/"},"wordCount":352,"commentCount":0,"publisher":{"@id":"https:\/\/jennipitko.fi\/koti\/#organization"},"keywords":["energia","luonnon monimuotoisuus","suo","suoluonto","turve","ymp\u00e4rist\u00f6"],"articleSection":["Blogi"],"inLanguage":"fi","potentialAction":[{"@type":"CommentAction","name":"Comment","target":["https:\/\/jennipitko.fi\/koti\/suomi-on-paattanyt-olla-maailman-ensimmainen-fossiilivapaa-hyvinvointiyhteiskunta-ja-linjauksia-on-jo-tehty-kivihiilesta-luopumiseksi-turvetta-on-kohdeltava-yhta-tiukasti-kuin-kivihiilta\/#respond"]}]},{"@type":"WebPage","@id":"https:\/\/jennipitko.fi\/koti\/suomi-on-paattanyt-olla-maailman-ensimmainen-fossiilivapaa-hyvinvointiyhteiskunta-ja-linjauksia-on-jo-tehty-kivihiilesta-luopumiseksi-turvetta-on-kohdeltava-yhta-tiukasti-kuin-kivihiilta\/","url":"https:\/\/jennipitko.fi\/koti\/suomi-on-paattanyt-olla-maailman-ensimmainen-fossiilivapaa-hyvinvointiyhteiskunta-ja-linjauksia-on-jo-tehty-kivihiilesta-luopumiseksi-turvetta-on-kohdeltava-yhta-tiukasti-kuin-kivihiilta\/","name":"Viimeinen k\u00e4ytt\u00f6p\u00e4iv\u00e4 turpeelle - Jenni Pitko - Vihreiden varapuheenjohtaja, ymp\u00e4rist\u00f6valiokunnan puheenjohtaja, kansanedustaja ja arkkitehti Oulusta","isPartOf":{"@id":"https:\/\/jennipitko.fi\/koti\/#website"},"datePublished":"2019-10-03T16:41:20+00:00","dateModified":"2019-10-03T16:41:23+00:00","description":"Suomi on p\u00e4\u00e4tt\u00e4nyt olla maailman ensimm\u00e4inen fossiilivapaa hyvinvointiyhteiskunta.Turvetta on kohdeltava yht\u00e4 tiukasti kuin kivihiilt\u00e4.","breadcrumb":{"@id":"https:\/\/jennipitko.fi\/koti\/suomi-on-paattanyt-olla-maailman-ensimmainen-fossiilivapaa-hyvinvointiyhteiskunta-ja-linjauksia-on-jo-tehty-kivihiilesta-luopumiseksi-turvetta-on-kohdeltava-yhta-tiukasti-kuin-kivihiilta\/#breadcrumb"},"inLanguage":"fi","potentialAction":[{"@type":"ReadAction","target":["https:\/\/jennipitko.fi\/koti\/suomi-on-paattanyt-olla-maailman-ensimmainen-fossiilivapaa-hyvinvointiyhteiskunta-ja-linjauksia-on-jo-tehty-kivihiilesta-luopumiseksi-turvetta-on-kohdeltava-yhta-tiukasti-kuin-kivihiilta\/"]}]},{"@type":"BreadcrumbList","@id":"https:\/\/jennipitko.fi\/koti\/suomi-on-paattanyt-olla-maailman-ensimmainen-fossiilivapaa-hyvinvointiyhteiskunta-ja-linjauksia-on-jo-tehty-kivihiilesta-luopumiseksi-turvetta-on-kohdeltava-yhta-tiukasti-kuin-kivihiilta\/#breadcrumb","itemListElement":[{"@type":"ListItem","position":1,"name":"Home","item":"https:\/\/jennipitko.fi\/koti\/"},{"@type":"ListItem","position":2,"name":"Viimeinen k\u00e4ytt\u00f6p\u00e4iv\u00e4 turpeelle"}]},{"@type":"WebSite","@id":"https:\/\/jennipitko.fi\/koti\/#website","url":"https:\/\/jennipitko.fi\/koti\/","name":"Jenni Pitko - Vihreiden varapuheenjohtaja, ymp\u00e4rist\u00f6valiokunnan puheenjohtaja, kansanedustaja ja arkkitehti Oulusta","description":"Jenni Pitko - Vihreiden varapuheenjohtaja, ymp\u00e4rist\u00f6valiokunnan puheenjohtaja, kansanedustaja ja arkkitehti Oulusta","publisher":{"@id":"https:\/\/jennipitko.fi\/koti\/#organization"},"potentialAction":[{"@type":"SearchAction","target":{"@type":"EntryPoint","urlTemplate":"https:\/\/jennipitko.fi\/koti\/?s={search_term_string}"},"query-input":{"@type":"PropertyValueSpecification","valueRequired":true,"valueName":"search_term_string"}}],"inLanguage":"fi"},{"@type":"Organization","@id":"https:\/\/jennipitko.fi\/koti\/#organization","name":"Jenni Pitko - Vihreiden varapuheenjohtaja, ymp\u00e4rist\u00f6valiokunnan puheenjohtaja, kansanedustaja ja arkkitehti Oulusta","url":"https:\/\/jennipitko.fi\/koti\/","logo":{"@type":"ImageObject","inLanguage":"fi","@id":"https:\/\/jennipitko.fi\/koti\/#\/schema\/logo\/image\/","url":"https:\/\/jennipitko.fi\/koti\/wp-content\/uploads\/2025\/09\/Nimeton-malli-38.png","contentUrl":"https:\/\/jennipitko.fi\/koti\/wp-content\/uploads\/2025\/09\/Nimeton-malli-38.png","width":1280,"height":847,"caption":"Jenni Pitko - Vihreiden varapuheenjohtaja, ymp\u00e4rist\u00f6valiokunnan puheenjohtaja, kansanedustaja ja arkkitehti Oulusta"},"image":{"@id":"https:\/\/jennipitko.fi\/koti\/#\/schema\/logo\/image\/"}},{"@type":"Person","@id":"https:\/\/jennipitko.fi\/koti\/#\/schema\/person\/35955c467f851f10124809310e7e7ee8","name":"Jenni","image":{"@type":"ImageObject","inLanguage":"fi","@id":"https:\/\/secure.gravatar.com\/avatar\/625a0e6413b293da7739d42617828d564a4d6028aec3f45d8939a2ba1617199f?s=96&d=blank&r=g","url":"https:\/\/secure.gravatar.com\/avatar\/625a0e6413b293da7739d42617828d564a4d6028aec3f45d8939a2ba1617199f?s=96&d=blank&r=g","contentUrl":"https:\/\/secure.gravatar.com\/avatar\/625a0e6413b293da7739d42617828d564a4d6028aec3f45d8939a2ba1617199f?s=96&d=blank&r=g","caption":"Jenni"},"url":"https:\/\/jennipitko.fi\/koti\/author\/jenni\/"}]}},"_links":{"self":[{"href":"https:\/\/jennipitko.fi\/koti\/wp-json\/wp\/v2\/posts\/2107","targetHints":{"allow":["GET"]}}],"collection":[{"href":"https:\/\/jennipitko.fi\/koti\/wp-json\/wp\/v2\/posts"}],"about":[{"href":"https:\/\/jennipitko.fi\/koti\/wp-json\/wp\/v2\/types\/post"}],"author":[{"embeddable":true,"href":"https:\/\/jennipitko.fi\/koti\/wp-json\/wp\/v2\/users\/1"}],"replies":[{"embeddable":true,"href":"https:\/\/jennipitko.fi\/koti\/wp-json\/wp\/v2\/comments?post=2107"}],"version-history":[{"count":1,"href":"https:\/\/jennipitko.fi\/koti\/wp-json\/wp\/v2\/posts\/2107\/revisions"}],"predecessor-version":[{"id":2108,"href":"https:\/\/jennipitko.fi\/koti\/wp-json\/wp\/v2\/posts\/2107\/revisions\/2108"}],"wp:attachment":[{"href":"https:\/\/jennipitko.fi\/koti\/wp-json\/wp\/v2\/media?parent=2107"}],"wp:term":[{"taxonomy":"category","embeddable":true,"href":"https:\/\/jennipitko.fi\/koti\/wp-json\/wp\/v2\/categories?post=2107"},{"taxonomy":"post_tag","embeddable":true,"href":"https:\/\/jennipitko.fi\/koti\/wp-json\/wp\/v2\/tags?post=2107"}],"curies":[{"name":"wp","href":"https:\/\/api.w.org\/{rel}","templated":true}]}}