{"id":2109,"date":"2019-10-08T18:10:10","date_gmt":"2019-10-08T16:10:10","guid":{"rendered":"https:\/\/jennipitko.fi\/koti\/?p=2109"},"modified":"2019-10-08T18:15:55","modified_gmt":"2019-10-08T16:15:55","slug":"sata-miljoonaa-euroa-lisaa-luonnonsuojeluun-ei-tule-yhtaan-liian-aikaisin","status":"publish","type":"post","link":"https:\/\/jennipitko.fi\/koti\/sata-miljoonaa-euroa-lisaa-luonnonsuojeluun-ei-tule-yhtaan-liian-aikaisin\/","title":{"rendered":"Historialliset sata miljoonaa luonnonsuojeluun &#8211; ajatuksiani valtion talousarviosta"},"content":{"rendered":"<p dir=\"ltr\" style=\"line-height: 1.38; margin-top: 0pt; margin-bottom: 0pt\" id=\"docs-internal-guid-1c68c2b4-7fff-80a8-8c18-2628d0f1fa68\"><span style=\"font-size: 11pt; font-family: Arial; color: #000000; background-color: transparent; font-weight: 400; font-style: normal; font-variant: normal; text-decoration: none; vertical-align: baseline; white-space: pre; white-space: pre-wrap\">Planeetan ja luonnon hyvinvoinnin merkityst\u00e4 ihmisel\u00e4m\u00e4lle ei voi koskaan korostaa liikaa. T\u00e4ss\u00e4 budjettiesityksess\u00e4 otetaan merkitt\u00e4v\u00e4 harppaus elinkelpoisen planeetan suojelemiseksi ja ihmisel\u00e4m\u00e4n ja ihmiskunnan kukoistuksen edellytyksien turvaamiseksi.<\/span><\/p>\n<p dir=\"ltr\" style=\"line-height: 1.38; margin-top: 0pt; margin-bottom: 0pt\" id=\"docs-internal-guid-1c68c2b4-7fff-80a8-8c18-2628d0f1fa68\"><span style=\"font-size: 11pt; font-family: Arial; color: #000000; background-color: transparent; font-weight: 400; font-style: normal; font-variant: normal; text-decoration: none; vertical-align: baseline; white-space: pre; white-space: pre-wrap\"><\/span><\/p>\n<p dir=\"ltr\" style=\"line-height: 1.38; margin-top: 0pt; margin-bottom: 0pt\"><span style=\"font-size: 11pt; font-family: Arial; color: #000000; background-color: transparent; font-weight: 400; font-style: normal; font-variant: normal; text-decoration: none; vertical-align: baseline; white-space: pre; white-space: pre-wrap\">Budjettiesityksess\u00e4 panostetaan luonnonsuojeluun 100 miljoonaan aiempaa enemm\u00e4n. Sata miljoonaa, jotka eiv\u00e4t tule hetke\u00e4k\u00e4\u00e4n liian aikaisin. Ilmaston kannalta mets\u00e4t ja maaper\u00e4t ovat kriittisen t\u00e4rke\u00e4ss\u00e4 roolissa hiilen sitojina, budjetissa panostetaan my\u00f6s t\u00e4h\u00e4n.&nbsp;<\/span><\/p>\n<p dir=\"ltr\" style=\"line-height: 1.38; margin-top: 0pt; margin-bottom: 0pt\"><span style=\"font-size: 11pt; font-family: Arial; color: #000000; background-color: transparent; font-weight: 400; font-style: normal; font-variant: normal; text-decoration: none; vertical-align: baseline; white-space: pre; white-space: pre-wrap\"><\/span><\/p>\n<p dir=\"ltr\" style=\"line-height: 1.38; margin-top: 0pt; margin-bottom: 0pt\"><span style=\"font-size: 11pt; font-family: Arial; color: #000000; background-color: transparent; font-weight: 400; font-style: normal; font-variant: normal; text-decoration: none; vertical-align: baseline; white-space: pre; white-space: pre-wrap\">N\u00e4ill\u00e4 rahoilla tehd\u00e4\u00e4n todella t\u00e4rke\u00e4\u00e4 ty\u00f6t\u00e4:&nbsp;<\/span><\/p>\n<ul style=\"margin-top: 0; margin-bottom: 0\">\n<li dir=\"ltr\" style=\"list-style-type: disc; font-size: 11pt; font-family: Arial; color: #000000; background-color: transparent; font-weight: 400; font-style: normal; font-variant: normal; text-decoration: none; vertical-align: baseline; white-space: pre\">\n<p dir=\"ltr\" style=\"line-height: 1.38; margin-top: 0pt; margin-bottom: 0pt\"><span style=\"font-size: 11pt; font-family: Arial; color: #000000; background-color: transparent; font-weight: 400; font-style: normal; font-variant: normal; text-decoration: none; vertical-align: baseline; white-space: pre; white-space: pre-wrap\">ennalistetaan soita ja muita luontotyyppej\u00e4&nbsp;<\/span><\/p>\n<\/li>\n<li dir=\"ltr\" style=\"list-style-type: disc; font-size: 11pt; font-family: Arial; color: #000000; background-color: transparent; font-weight: 400; font-style: normal; font-variant: normal; text-decoration: none; vertical-align: baseline; white-space: pre\">\n<p dir=\"ltr\" style=\"line-height: 1.38; margin-top: 0pt; margin-bottom: 0pt\"><span style=\"font-size: 11pt; font-family: Arial; color: #000000; background-color: transparent; font-weight: 400; font-style: normal; font-variant: normal; text-decoration: none; vertical-align: baseline; white-space: pre; white-space: pre-wrap\">perustetaan uusia luonnonsuojelualueita<\/span><\/p>\n<\/li>\n<li dir=\"ltr\" style=\"list-style-type: disc; font-size: 11pt; font-family: Arial; color: #000000; background-color: transparent; font-weight: 400; font-style: normal; font-variant: normal; text-decoration: none; vertical-align: baseline; white-space: pre\">\n<p dir=\"ltr\" style=\"line-height: 1.38; margin-top: 0pt; margin-bottom: 0pt\"><span style=\"font-size: 11pt; font-family: Arial; color: #000000; background-color: transparent; font-weight: 400; font-style: normal; font-variant: normal; text-decoration: none; vertical-align: baseline; white-space: pre; white-space: pre-wrap\">suojellaan vanhoja metsi\u00e4<\/span><\/p>\n<\/li>\n<li dir=\"ltr\" style=\"list-style-type: disc; font-size: 11pt; font-family: Arial; color: #000000; background-color: transparent; font-weight: 400; font-style: normal; font-variant: normal; text-decoration: none; vertical-align: baseline; white-space: pre\">\n<p dir=\"ltr\" style=\"line-height: 1.38; margin-top: 0pt; margin-bottom: 0pt\"><span style=\"font-size: 11pt; font-family: Arial; color: #000000; background-color: transparent; font-weight: 400; font-style: normal; font-variant: normal; text-decoration: none; vertical-align: baseline; white-space: pre; white-space: pre-wrap\">vahvistetaan ymp\u00e4rist\u00f6hallintoa<\/span><\/p>\n<\/li>\n<li dir=\"ltr\" style=\"list-style-type: disc; font-size: 11pt; font-family: Arial; color: #000000; background-color: transparent; font-weight: 400; font-style: normal; font-variant: normal; text-decoration: none; vertical-align: baseline; white-space: pre\">\n<p dir=\"ltr\" style=\"line-height: 1.38; margin-top: 0pt; margin-bottom: 0pt\"><span style=\"font-size: 11pt; font-family: Arial; color: #000000; background-color: transparent; font-weight: 400; font-style: normal; font-variant: normal; text-decoration: none; vertical-align: baseline; white-space: pre; white-space: pre-wrap\">Pidet\u00e4\u00e4n yll\u00e4 kansallispuistojemme rakenteita<\/span><\/p>\n<\/li>\n<li dir=\"ltr\" style=\"list-style-type: disc; font-size: 11pt; font-family: Arial; color: #000000; background-color: transparent; font-weight: 400; font-style: normal; font-variant: normal; text-decoration: none; vertical-align: baseline; white-space: pre\">\n<p dir=\"ltr\" style=\"line-height: 1.38; margin-top: 0pt; margin-bottom: 0pt\"><span style=\"font-size: 11pt; font-family: Arial; color: #000000; background-color: transparent; font-weight: 400; font-style: normal; font-variant: normal; text-decoration: none; vertical-align: baseline; white-space: pre; white-space: pre-wrap\">Leikataan ymp\u00e4rist\u00f6lle haitallisia tukia<\/span><\/p>\n<\/li>\n<li dir=\"ltr\" style=\"list-style-type: disc; font-size: 11pt; font-family: Arial; color: #000000; background-color: transparent; font-weight: 400; font-style: normal; font-variant: normal; text-decoration: none; vertical-align: baseline; white-space: pre\">\n<p dir=\"ltr\" style=\"line-height: 1.38; margin-top: 0pt; margin-bottom: 0pt\"><span style=\"font-size: 11pt; font-family: Arial; color: #000000; background-color: transparent; font-weight: 400; font-style: normal; font-variant: normal; text-decoration: none; vertical-align: baseline; white-space: pre; white-space: pre-wrap\">Tuetaan ymp\u00e4rist\u00f6yst\u00e4v\u00e4llisemp\u00e4\u00e4 energiaa ja energiaremontteja<\/span><\/p>\n<\/li>\n<li dir=\"ltr\" style=\"list-style-type: disc; font-size: 11pt; font-family: Arial; color: #000000; background-color: transparent; font-weight: 400; font-style: normal; font-variant: normal; text-decoration: none; vertical-align: baseline; white-space: pre\">\n<p dir=\"ltr\" style=\"line-height: 1.38; margin-top: 0pt; margin-bottom: 0pt\"><span style=\"font-size: 11pt; font-family: Arial; color: #000000; background-color: transparent; font-weight: 400; font-style: normal; font-variant: normal; text-decoration: none; vertical-align: baseline; white-space: pre; white-space: pre-wrap\">Ja edistet\u00e4\u00e4n ekologista liikkumista<\/span><\/p>\n<\/li>\n<\/ul>\n<p dir=\"ltr\" style=\"line-height: 1.38; margin-top: 0pt; margin-bottom: 0pt\"><span style=\"font-size: 11pt; font-family: Arial; color: #000000; background-color: transparent; font-weight: 400; font-style: normal; font-variant: normal; text-decoration: none; vertical-align: baseline; white-space: pre; white-space: pre-wrap\"><\/span><\/p>\n<p dir=\"ltr\" style=\"line-height: 1.38; margin-top: 0pt; margin-bottom: 0pt\"><span style=\"font-size: 11pt; font-family: Arial; color: #000000; background-color: transparent; font-weight: 400; font-style: normal; font-variant: normal; text-decoration: none; vertical-align: baseline; white-space: pre; white-space: pre-wrap\">Panostukset ymp\u00e4rist\u00f6n ja luonnon suojeluun eiv\u00e4t ole mit\u00e4\u00e4n enemp\u00e4\u00e4 tai v\u00e4hemp\u00e4\u00e4 kuin kohtalonkysymys. Etenk\u00e4\u00e4n en\u00e4\u00e4, t\u00e4n\u00e4 aikana ei ole varaa ajatella, ett\u00e4 ymp\u00e4rist\u00f6politiikka ja luonnonsuojelu ovat jokin erillinen, oma kokonaisuutensa. Luonnon monimuotoisuus ja ymp\u00e4rist\u00f6n hyvinvointi liittyy v\u00e4ist\u00e4m\u00e4tt\u00e4 kaikkeen.&nbsp;<\/span><\/p>\n<p dir=\"ltr\" style=\"line-height: 1.38; margin-top: 0pt; margin-bottom: 0pt\"><span style=\"font-size: 11pt; font-family: Arial; color: #000000; background-color: transparent; font-weight: 400; font-style: normal; font-variant: normal; text-decoration: none; vertical-align: baseline; white-space: pre; white-space: pre-wrap\"><\/span><\/p>\n<p dir=\"ltr\" style=\"line-height: 1.38; margin-top: 0pt; margin-bottom: 0pt\"><span style=\"font-size: 11pt; font-family: Arial; color: #000000; background-color: transparent; font-weight: 400; font-style: normal; font-variant: normal; text-decoration: none; vertical-align: baseline; white-space: pre; white-space: pre-wrap\">Ilman hyvinvoivaa maapalloa ei ole lopulta ihmiskuntaa. Ilman mehil\u00e4isi\u00e4 ja muita p\u00f6lytt\u00e4ji\u00e4 meill\u00e4 ei ole ruoantuotantoa eik\u00e4 lopulta ruokaa. \u00c4\u00e4ri-ilmi\u00f6iden lis\u00e4\u00e4ntyess\u00e4 ei ole en\u00e4\u00e4 samoissa m\u00e4\u00e4rin turvallisia asuinseutuja. Ilman monimuotoisia luontotyyppej\u00e4 meill\u00e4 on v\u00e4hemm\u00e4n elinkelpoisia asuinseutuja. Sen sijaan on lis\u00e4\u00e4ntyvi\u00e4 aavikoita ja pelkistyvi\u00e4, asuinkelvottomia ymp\u00e4rist\u00f6j\u00e4. Jos ymp\u00e4rist\u00f6jen pilaantuminen, lajien kato ja maapallon kurjistuminen jatkuu, ei ole en\u00e4\u00e4 lopulta taloutta, yhteiskuntaa tai sivilisaatiota.<\/span><\/p>\n<p dir=\"ltr\" style=\"line-height: 1.38; margin-top: 0pt; margin-bottom: 0pt\"><span style=\"font-size: 11pt; font-family: Arial; color: #000000; background-color: transparent; font-weight: 400; font-style: normal; font-variant: normal; text-decoration: none; vertical-align: baseline; white-space: pre; white-space: pre-wrap\"><\/span><\/p>\n<p dir=\"ltr\" style=\"line-height: 1.38; margin-top: 0pt; margin-bottom: 0pt\"><span style=\"font-size: 11pt; font-family: Arial; color: #000000; background-color: transparent; font-weight: 400; font-style: normal; font-variant: normal; text-decoration: none; vertical-align: baseline; white-space: pre; white-space: pre-wrap\">Luonto on rajattoman monimutkainen joukko keskin\u00e4isriippuvuuksia ja takaisinkytkent\u00f6j\u00e4. Muutokset voivat saada aikaan uusia, odottamattomia muutoksia. Esimerkiksi mainittu mehil\u00e4isten v\u00e4heneminen johtaa luonnon monimuotoisuuden kapenemiseen, sill\u00e4 paitsi viljelyskasvit my\u00f6s villit kasvit ovat riippuvaisia p\u00f6lytt\u00e4jien l\u00e4sn\u00e4olosta. Elinymp\u00e4rist\u00f6jen h\u00e4vi\u00e4minen ja luonnon monimuotoisuuden kapeneminen ovat puolestaan keskeinen p\u00f6lytt\u00e4ji\u00e4 uhkaava tekij\u00e4.<\/span><\/p>\n<p dir=\"ltr\" style=\"line-height: 1.38; margin-top: 0pt; margin-bottom: 0pt\"><span style=\"font-size: 11pt; font-family: Arial; color: #000000; background-color: transparent; font-weight: 400; font-style: normal; font-variant: normal; text-decoration: none; vertical-align: baseline; white-space: pre; white-space: pre-wrap\"><\/span><\/p>\n<p dir=\"ltr\" style=\"line-height: 1.38; margin-top: 0pt; margin-bottom: 0pt\"><span style=\"font-size: 11pt; font-family: Arial; color: #000000; background-color: transparent; font-weight: 400; font-style: normal; font-variant: normal; text-decoration: none; vertical-align: baseline; white-space: pre; white-space: pre-wrap\">Meid\u00e4n on teht\u00e4v\u00e4 kaikkemme, jotta tuhoisat kehityssuunnat saadaan pys\u00e4ytetty\u00e4. Siksi on t\u00e4rke\u00e4\u00e4 ja arvokasta, ett\u00e4 t\u00e4m\u00e4 budjetti tuo mukanaan merkitt\u00e4vi\u00e4 luonnonsuojelun panostuksia.&nbsp; Luonnon monimuotoisuuden hupeneminen ei ole vain sademetsien ongelma. My\u00f6s Suomessa mets\u00e4luonnon v\u00e4heneminen on johtanut monien tuttujen kotoper\u00e4isten lajien harvenemiseen ja uhanalaistumiseen.<\/span><\/p>\n<p dir=\"ltr\" style=\"line-height: 1.38; margin-top: 0pt; margin-bottom: 0pt\"><span style=\"font-size: 11pt; font-family: Arial; color: #000000; background-color: transparent; font-weight: 400; font-style: normal; font-variant: normal; text-decoration: none; vertical-align: baseline; white-space: pre; white-space: pre-wrap\"><\/span><\/p>\n<p dir=\"ltr\" style=\"line-height: 1.38; margin-top: 0pt; margin-bottom: 0pt\"><span style=\"font-size: 11pt; font-family: Arial; color: #000000; background-color: transparent; font-weight: 400; font-style: normal; font-variant: normal; text-decoration: none; vertical-align: baseline; white-space: pre; white-space: pre-wrap\">Samaan aikaan ilmaston l\u00e4mpeneminen tuo maahamme uusia lajeja ja siirt\u00e4\u00e4 tuttuja lajeja uusille seuduille ja ajaa ne ahtaammalle. Muutokset lumihangissa vaikeuttaa pesimist\u00e4 jo nyt. Pohjoisen lajeilla vastaan tulee J\u00e4\u00e4meri.&nbsp;<\/span><\/p>\n<p dir=\"ltr\" style=\"line-height: 1.38; margin-top: 0pt; margin-bottom: 0pt\"><span style=\"font-size: 11pt; font-family: Arial; color: #000000; background-color: transparent; font-weight: 400; font-style: normal; font-variant: normal; text-decoration: none; vertical-align: baseline; white-space: pre; white-space: pre-wrap\"><\/span><\/p>\n<p dir=\"ltr\" style=\"line-height: 1.38; margin-top: 0pt; margin-bottom: 0pt\"><span style=\"font-size: 11pt; font-family: Arial; color: #000000; background-color: transparent; font-weight: 400; font-style: normal; font-variant: normal; text-decoration: none; vertical-align: baseline; white-space: pre; white-space: pre-wrap\">Ilmaston l\u00e4mpenemisen ja lajien kadolla on my\u00f6s kohtalonyhteys, joka kulkee molempiin suuntin. T\u00e4m\u00e4 kierre on aiheutunut ihmisen toiminnasta ja vain m\u00e4\u00e4r\u00e4tietoisilla toimilla sit\u00e4 voidaan hidastaa ja katkaista.&nbsp;<\/span><\/p>\n","protected":false},"excerpt":{"rendered":"<p>Planeetan ja luonnon hyvinvoinnin merkityst\u00e4 ihmisel\u00e4m\u00e4lle ei voi koskaan korostaa liikaa. T\u00e4ss\u00e4 budjettiesityksess\u00e4 otetaan merkitt\u00e4v\u00e4 harppaus elinkelpoisen planeetan suojelemiseksi ja [&hellip;]<\/p>\n","protected":false},"author":1,"featured_media":0,"comment_status":"closed","ping_status":"closed","sticky":false,"template":"","format":"standard","meta":{"_monsterinsights_skip_tracking":false,"_monsterinsights_sitenote_active":false,"_monsterinsights_sitenote_note":"","_monsterinsights_sitenote_category":0,"site-sidebar-layout":"default","site-content-layout":"","ast-site-content-layout":"default","site-content-style":"default","site-sidebar-style":"default","ast-global-header-display":"","ast-banner-title-visibility":"","ast-main-header-display":"","ast-hfb-above-header-display":"","ast-hfb-below-header-display":"","ast-hfb-mobile-header-display":"","site-post-title":"","ast-breadcrumbs-content":"","ast-featured-img":"","footer-sml-layout":"","ast-disable-related-posts":"","theme-transparent-header-meta":"","adv-header-id-meta":"","stick-header-meta":"","header-above-stick-meta":"","header-main-stick-meta":"","header-below-stick-meta":"","astra-migrate-meta-layouts":"default","ast-page-background-enabled":"default","ast-page-background-meta":{"desktop":{"background-color":"var(--ast-global-color-5)","background-image":"","background-repeat":"repeat","background-position":"center center","background-size":"auto","background-attachment":"scroll","background-type":"","background-media":"","overlay-type":"","overlay-color":"","overlay-opacity":"","overlay-gradient":""},"tablet":{"background-color":"","background-image":"","background-repeat":"repeat","background-position":"center center","background-size":"auto","background-attachment":"scroll","background-type":"","background-media":"","overlay-type":"","overlay-color":"","overlay-opacity":"","overlay-gradient":""},"mobile":{"background-color":"","background-image":"","background-repeat":"repeat","background-position":"center center","background-size":"auto","background-attachment":"scroll","background-type":"","background-media":"","overlay-type":"","overlay-color":"","overlay-opacity":"","overlay-gradient":""}},"ast-content-background-meta":{"desktop":{"background-color":"var(--ast-global-color-4)","background-image":"","background-repeat":"repeat","background-position":"center center","background-size":"auto","background-attachment":"scroll","background-type":"","background-media":"","overlay-type":"","overlay-color":"","overlay-opacity":"","overlay-gradient":""},"tablet":{"background-color":"var(--ast-global-color-4)","background-image":"","background-repeat":"repeat","background-position":"center center","background-size":"auto","background-attachment":"scroll","background-type":"","background-media":"","overlay-type":"","overlay-color":"","overlay-opacity":"","overlay-gradient":""},"mobile":{"background-color":"var(--ast-global-color-4)","background-image":"","background-repeat":"repeat","background-position":"center center","background-size":"auto","background-attachment":"scroll","background-type":"","background-media":"","overlay-type":"","overlay-color":"","overlay-opacity":"","overlay-gradient":""}},"footnotes":""},"categories":[2],"tags":[84,93,344,298,263,157],"class_list":["post-2109","post","type-post","status-publish","format-standard","hentry","category-blogi","tag-budjetti","tag-ilmasto","tag-luonnon-monimuotoisuus","tag-luonnonsuojelu","tag-luonto","tag-talous"],"yoast_head":"<!-- This site is optimized with the Yoast SEO plugin v27.5 - https:\/\/yoast.com\/product\/yoast-seo-wordpress\/ -->\n<title>Historialliset sata miljoonaa luonnonsuojeluun - ajatuksiani valtion talousarviosta - Jenni Pitko - Vihreiden varapuheenjohtaja, ymp\u00e4rist\u00f6valiokunnan puheenjohtaja, kansanedustaja ja arkkitehti Oulusta<\/title>\n<meta name=\"robots\" content=\"index, follow, max-snippet:-1, max-image-preview:large, max-video-preview:-1\" \/>\n<link rel=\"canonical\" href=\"https:\/\/jennipitko.fi\/koti\/sata-miljoonaa-euroa-lisaa-luonnonsuojeluun-ei-tule-yhtaan-liian-aikaisin\/\" \/>\n<meta property=\"og:locale\" content=\"fi_FI\" \/>\n<meta property=\"og:type\" content=\"article\" \/>\n<meta property=\"og:title\" content=\"Historialliset sata miljoonaa luonnonsuojeluun - ajatuksiani valtion talousarviosta - Jenni Pitko - Vihreiden varapuheenjohtaja, ymp\u00e4rist\u00f6valiokunnan puheenjohtaja, kansanedustaja ja arkkitehti Oulusta\" \/>\n<meta property=\"og:description\" content=\"Planeetan ja luonnon hyvinvoinnin merkityst\u00e4 ihmisel\u00e4m\u00e4lle ei voi koskaan korostaa liikaa. T\u00e4ss\u00e4 budjettiesityksess\u00e4 otetaan merkitt\u00e4v\u00e4 harppaus elinkelpoisen planeetan suojelemiseksi ja [&hellip;]\" \/>\n<meta property=\"og:url\" content=\"https:\/\/jennipitko.fi\/koti\/sata-miljoonaa-euroa-lisaa-luonnonsuojeluun-ei-tule-yhtaan-liian-aikaisin\/\" \/>\n<meta property=\"og:site_name\" content=\"Jenni Pitko - Vihreiden varapuheenjohtaja, ymp\u00e4rist\u00f6valiokunnan puheenjohtaja, kansanedustaja ja arkkitehti Oulusta\" \/>\n<meta property=\"article:published_time\" content=\"2019-10-08T16:10:10+00:00\" \/>\n<meta property=\"article:modified_time\" content=\"2019-10-08T16:15:55+00:00\" \/>\n<meta name=\"author\" content=\"Jenni\" \/>\n<meta name=\"twitter:card\" content=\"summary_large_image\" \/>\n<meta name=\"twitter:label1\" content=\"Kirjoittanut\" \/>\n\t<meta name=\"twitter:data1\" content=\"Jenni\" \/>\n\t<meta name=\"twitter:label2\" content=\"Arvioitu lukuaika\" \/>\n\t<meta name=\"twitter:data2\" content=\"2 minuuttia\" \/>\n<script type=\"application\/ld+json\" class=\"yoast-schema-graph\">{\"@context\":\"https:\\\/\\\/schema.org\",\"@graph\":[{\"@type\":\"Article\",\"@id\":\"https:\\\/\\\/jennipitko.fi\\\/koti\\\/sata-miljoonaa-euroa-lisaa-luonnonsuojeluun-ei-tule-yhtaan-liian-aikaisin\\\/#article\",\"isPartOf\":{\"@id\":\"https:\\\/\\\/jennipitko.fi\\\/koti\\\/sata-miljoonaa-euroa-lisaa-luonnonsuojeluun-ei-tule-yhtaan-liian-aikaisin\\\/\"},\"author\":{\"name\":\"Jenni\",\"@id\":\"https:\\\/\\\/jennipitko.fi\\\/koti\\\/#\\\/schema\\\/person\\\/35955c467f851f10124809310e7e7ee8\"},\"headline\":\"Historialliset sata miljoonaa luonnonsuojeluun &#8211; ajatuksiani valtion talousarviosta\",\"datePublished\":\"2019-10-08T16:10:10+00:00\",\"dateModified\":\"2019-10-08T16:15:55+00:00\",\"mainEntityOfPage\":{\"@id\":\"https:\\\/\\\/jennipitko.fi\\\/koti\\\/sata-miljoonaa-euroa-lisaa-luonnonsuojeluun-ei-tule-yhtaan-liian-aikaisin\\\/\"},\"wordCount\":440,\"publisher\":{\"@id\":\"https:\\\/\\\/jennipitko.fi\\\/koti\\\/#organization\"},\"keywords\":[\"budjetti\",\"ilmasto\",\"luonnon monimuotoisuus\",\"luonnonsuojelu\",\"luonto\",\"talous\"],\"articleSection\":[\"Blogi\"],\"inLanguage\":\"fi\"},{\"@type\":\"WebPage\",\"@id\":\"https:\\\/\\\/jennipitko.fi\\\/koti\\\/sata-miljoonaa-euroa-lisaa-luonnonsuojeluun-ei-tule-yhtaan-liian-aikaisin\\\/\",\"url\":\"https:\\\/\\\/jennipitko.fi\\\/koti\\\/sata-miljoonaa-euroa-lisaa-luonnonsuojeluun-ei-tule-yhtaan-liian-aikaisin\\\/\",\"name\":\"Historialliset sata miljoonaa luonnonsuojeluun - ajatuksiani valtion talousarviosta - Jenni Pitko - Vihreiden varapuheenjohtaja, ymp\u00e4rist\u00f6valiokunnan puheenjohtaja, kansanedustaja ja arkkitehti Oulusta\",\"isPartOf\":{\"@id\":\"https:\\\/\\\/jennipitko.fi\\\/koti\\\/#website\"},\"datePublished\":\"2019-10-08T16:10:10+00:00\",\"dateModified\":\"2019-10-08T16:15:55+00:00\",\"breadcrumb\":{\"@id\":\"https:\\\/\\\/jennipitko.fi\\\/koti\\\/sata-miljoonaa-euroa-lisaa-luonnonsuojeluun-ei-tule-yhtaan-liian-aikaisin\\\/#breadcrumb\"},\"inLanguage\":\"fi\",\"potentialAction\":[{\"@type\":\"ReadAction\",\"target\":[\"https:\\\/\\\/jennipitko.fi\\\/koti\\\/sata-miljoonaa-euroa-lisaa-luonnonsuojeluun-ei-tule-yhtaan-liian-aikaisin\\\/\"]}]},{\"@type\":\"BreadcrumbList\",\"@id\":\"https:\\\/\\\/jennipitko.fi\\\/koti\\\/sata-miljoonaa-euroa-lisaa-luonnonsuojeluun-ei-tule-yhtaan-liian-aikaisin\\\/#breadcrumb\",\"itemListElement\":[{\"@type\":\"ListItem\",\"position\":1,\"name\":\"Home\",\"item\":\"https:\\\/\\\/jennipitko.fi\\\/koti\\\/\"},{\"@type\":\"ListItem\",\"position\":2,\"name\":\"Historialliset sata miljoonaa luonnonsuojeluun &#8211; ajatuksiani valtion talousarviosta\"}]},{\"@type\":\"WebSite\",\"@id\":\"https:\\\/\\\/jennipitko.fi\\\/koti\\\/#website\",\"url\":\"https:\\\/\\\/jennipitko.fi\\\/koti\\\/\",\"name\":\"Jenni Pitko - Vihreiden varapuheenjohtaja, ymp\u00e4rist\u00f6valiokunnan puheenjohtaja, kansanedustaja ja arkkitehti Oulusta\",\"description\":\"Jenni Pitko - Vihreiden varapuheenjohtaja, ymp\u00e4rist\u00f6valiokunnan puheenjohtaja, kansanedustaja ja arkkitehti Oulusta\",\"publisher\":{\"@id\":\"https:\\\/\\\/jennipitko.fi\\\/koti\\\/#organization\"},\"potentialAction\":[{\"@type\":\"SearchAction\",\"target\":{\"@type\":\"EntryPoint\",\"urlTemplate\":\"https:\\\/\\\/jennipitko.fi\\\/koti\\\/?s={search_term_string}\"},\"query-input\":{\"@type\":\"PropertyValueSpecification\",\"valueRequired\":true,\"valueName\":\"search_term_string\"}}],\"inLanguage\":\"fi\"},{\"@type\":\"Organization\",\"@id\":\"https:\\\/\\\/jennipitko.fi\\\/koti\\\/#organization\",\"name\":\"Jenni Pitko - Vihreiden varapuheenjohtaja, ymp\u00e4rist\u00f6valiokunnan puheenjohtaja, kansanedustaja ja arkkitehti Oulusta\",\"url\":\"https:\\\/\\\/jennipitko.fi\\\/koti\\\/\",\"logo\":{\"@type\":\"ImageObject\",\"inLanguage\":\"fi\",\"@id\":\"https:\\\/\\\/jennipitko.fi\\\/koti\\\/#\\\/schema\\\/logo\\\/image\\\/\",\"url\":\"https:\\\/\\\/jennipitko.fi\\\/koti\\\/wp-content\\\/uploads\\\/2025\\\/09\\\/Nimeton-malli-38.png\",\"contentUrl\":\"https:\\\/\\\/jennipitko.fi\\\/koti\\\/wp-content\\\/uploads\\\/2025\\\/09\\\/Nimeton-malli-38.png\",\"width\":1280,\"height\":847,\"caption\":\"Jenni Pitko - Vihreiden varapuheenjohtaja, ymp\u00e4rist\u00f6valiokunnan puheenjohtaja, kansanedustaja ja arkkitehti Oulusta\"},\"image\":{\"@id\":\"https:\\\/\\\/jennipitko.fi\\\/koti\\\/#\\\/schema\\\/logo\\\/image\\\/\"}},{\"@type\":\"Person\",\"@id\":\"https:\\\/\\\/jennipitko.fi\\\/koti\\\/#\\\/schema\\\/person\\\/35955c467f851f10124809310e7e7ee8\",\"name\":\"Jenni\",\"image\":{\"@type\":\"ImageObject\",\"inLanguage\":\"fi\",\"@id\":\"https:\\\/\\\/secure.gravatar.com\\\/avatar\\\/625a0e6413b293da7739d42617828d564a4d6028aec3f45d8939a2ba1617199f?s=96&d=blank&r=g\",\"url\":\"https:\\\/\\\/secure.gravatar.com\\\/avatar\\\/625a0e6413b293da7739d42617828d564a4d6028aec3f45d8939a2ba1617199f?s=96&d=blank&r=g\",\"contentUrl\":\"https:\\\/\\\/secure.gravatar.com\\\/avatar\\\/625a0e6413b293da7739d42617828d564a4d6028aec3f45d8939a2ba1617199f?s=96&d=blank&r=g\",\"caption\":\"Jenni\"},\"url\":\"https:\\\/\\\/jennipitko.fi\\\/koti\\\/author\\\/jenni\\\/\"}]}<\/script>\n<!-- \/ Yoast SEO plugin. -->","yoast_head_json":{"title":"Historialliset sata miljoonaa luonnonsuojeluun - ajatuksiani valtion talousarviosta - Jenni Pitko - Vihreiden varapuheenjohtaja, ymp\u00e4rist\u00f6valiokunnan puheenjohtaja, kansanedustaja ja arkkitehti Oulusta","robots":{"index":"index","follow":"follow","max-snippet":"max-snippet:-1","max-image-preview":"max-image-preview:large","max-video-preview":"max-video-preview:-1"},"canonical":"https:\/\/jennipitko.fi\/koti\/sata-miljoonaa-euroa-lisaa-luonnonsuojeluun-ei-tule-yhtaan-liian-aikaisin\/","og_locale":"fi_FI","og_type":"article","og_title":"Historialliset sata miljoonaa luonnonsuojeluun - ajatuksiani valtion talousarviosta - Jenni Pitko - Vihreiden varapuheenjohtaja, ymp\u00e4rist\u00f6valiokunnan puheenjohtaja, kansanedustaja ja arkkitehti Oulusta","og_description":"Planeetan ja luonnon hyvinvoinnin merkityst\u00e4 ihmisel\u00e4m\u00e4lle ei voi koskaan korostaa liikaa. T\u00e4ss\u00e4 budjettiesityksess\u00e4 otetaan merkitt\u00e4v\u00e4 harppaus elinkelpoisen planeetan suojelemiseksi ja [&hellip;]","og_url":"https:\/\/jennipitko.fi\/koti\/sata-miljoonaa-euroa-lisaa-luonnonsuojeluun-ei-tule-yhtaan-liian-aikaisin\/","og_site_name":"Jenni Pitko - Vihreiden varapuheenjohtaja, ymp\u00e4rist\u00f6valiokunnan puheenjohtaja, kansanedustaja ja arkkitehti Oulusta","article_published_time":"2019-10-08T16:10:10+00:00","article_modified_time":"2019-10-08T16:15:55+00:00","author":"Jenni","twitter_card":"summary_large_image","twitter_misc":{"Kirjoittanut":"Jenni","Arvioitu lukuaika":"2 minuuttia"},"schema":{"@context":"https:\/\/schema.org","@graph":[{"@type":"Article","@id":"https:\/\/jennipitko.fi\/koti\/sata-miljoonaa-euroa-lisaa-luonnonsuojeluun-ei-tule-yhtaan-liian-aikaisin\/#article","isPartOf":{"@id":"https:\/\/jennipitko.fi\/koti\/sata-miljoonaa-euroa-lisaa-luonnonsuojeluun-ei-tule-yhtaan-liian-aikaisin\/"},"author":{"name":"Jenni","@id":"https:\/\/jennipitko.fi\/koti\/#\/schema\/person\/35955c467f851f10124809310e7e7ee8"},"headline":"Historialliset sata miljoonaa luonnonsuojeluun &#8211; ajatuksiani valtion talousarviosta","datePublished":"2019-10-08T16:10:10+00:00","dateModified":"2019-10-08T16:15:55+00:00","mainEntityOfPage":{"@id":"https:\/\/jennipitko.fi\/koti\/sata-miljoonaa-euroa-lisaa-luonnonsuojeluun-ei-tule-yhtaan-liian-aikaisin\/"},"wordCount":440,"publisher":{"@id":"https:\/\/jennipitko.fi\/koti\/#organization"},"keywords":["budjetti","ilmasto","luonnon monimuotoisuus","luonnonsuojelu","luonto","talous"],"articleSection":["Blogi"],"inLanguage":"fi"},{"@type":"WebPage","@id":"https:\/\/jennipitko.fi\/koti\/sata-miljoonaa-euroa-lisaa-luonnonsuojeluun-ei-tule-yhtaan-liian-aikaisin\/","url":"https:\/\/jennipitko.fi\/koti\/sata-miljoonaa-euroa-lisaa-luonnonsuojeluun-ei-tule-yhtaan-liian-aikaisin\/","name":"Historialliset sata miljoonaa luonnonsuojeluun - ajatuksiani valtion talousarviosta - Jenni Pitko - Vihreiden varapuheenjohtaja, ymp\u00e4rist\u00f6valiokunnan puheenjohtaja, kansanedustaja ja arkkitehti Oulusta","isPartOf":{"@id":"https:\/\/jennipitko.fi\/koti\/#website"},"datePublished":"2019-10-08T16:10:10+00:00","dateModified":"2019-10-08T16:15:55+00:00","breadcrumb":{"@id":"https:\/\/jennipitko.fi\/koti\/sata-miljoonaa-euroa-lisaa-luonnonsuojeluun-ei-tule-yhtaan-liian-aikaisin\/#breadcrumb"},"inLanguage":"fi","potentialAction":[{"@type":"ReadAction","target":["https:\/\/jennipitko.fi\/koti\/sata-miljoonaa-euroa-lisaa-luonnonsuojeluun-ei-tule-yhtaan-liian-aikaisin\/"]}]},{"@type":"BreadcrumbList","@id":"https:\/\/jennipitko.fi\/koti\/sata-miljoonaa-euroa-lisaa-luonnonsuojeluun-ei-tule-yhtaan-liian-aikaisin\/#breadcrumb","itemListElement":[{"@type":"ListItem","position":1,"name":"Home","item":"https:\/\/jennipitko.fi\/koti\/"},{"@type":"ListItem","position":2,"name":"Historialliset sata miljoonaa luonnonsuojeluun &#8211; ajatuksiani valtion talousarviosta"}]},{"@type":"WebSite","@id":"https:\/\/jennipitko.fi\/koti\/#website","url":"https:\/\/jennipitko.fi\/koti\/","name":"Jenni Pitko - Vihreiden varapuheenjohtaja, ymp\u00e4rist\u00f6valiokunnan puheenjohtaja, kansanedustaja ja arkkitehti Oulusta","description":"Jenni Pitko - Vihreiden varapuheenjohtaja, ymp\u00e4rist\u00f6valiokunnan puheenjohtaja, kansanedustaja ja arkkitehti Oulusta","publisher":{"@id":"https:\/\/jennipitko.fi\/koti\/#organization"},"potentialAction":[{"@type":"SearchAction","target":{"@type":"EntryPoint","urlTemplate":"https:\/\/jennipitko.fi\/koti\/?s={search_term_string}"},"query-input":{"@type":"PropertyValueSpecification","valueRequired":true,"valueName":"search_term_string"}}],"inLanguage":"fi"},{"@type":"Organization","@id":"https:\/\/jennipitko.fi\/koti\/#organization","name":"Jenni Pitko - Vihreiden varapuheenjohtaja, ymp\u00e4rist\u00f6valiokunnan puheenjohtaja, kansanedustaja ja arkkitehti Oulusta","url":"https:\/\/jennipitko.fi\/koti\/","logo":{"@type":"ImageObject","inLanguage":"fi","@id":"https:\/\/jennipitko.fi\/koti\/#\/schema\/logo\/image\/","url":"https:\/\/jennipitko.fi\/koti\/wp-content\/uploads\/2025\/09\/Nimeton-malli-38.png","contentUrl":"https:\/\/jennipitko.fi\/koti\/wp-content\/uploads\/2025\/09\/Nimeton-malli-38.png","width":1280,"height":847,"caption":"Jenni Pitko - Vihreiden varapuheenjohtaja, ymp\u00e4rist\u00f6valiokunnan puheenjohtaja, kansanedustaja ja arkkitehti Oulusta"},"image":{"@id":"https:\/\/jennipitko.fi\/koti\/#\/schema\/logo\/image\/"}},{"@type":"Person","@id":"https:\/\/jennipitko.fi\/koti\/#\/schema\/person\/35955c467f851f10124809310e7e7ee8","name":"Jenni","image":{"@type":"ImageObject","inLanguage":"fi","@id":"https:\/\/secure.gravatar.com\/avatar\/625a0e6413b293da7739d42617828d564a4d6028aec3f45d8939a2ba1617199f?s=96&d=blank&r=g","url":"https:\/\/secure.gravatar.com\/avatar\/625a0e6413b293da7739d42617828d564a4d6028aec3f45d8939a2ba1617199f?s=96&d=blank&r=g","contentUrl":"https:\/\/secure.gravatar.com\/avatar\/625a0e6413b293da7739d42617828d564a4d6028aec3f45d8939a2ba1617199f?s=96&d=blank&r=g","caption":"Jenni"},"url":"https:\/\/jennipitko.fi\/koti\/author\/jenni\/"}]}},"_links":{"self":[{"href":"https:\/\/jennipitko.fi\/koti\/wp-json\/wp\/v2\/posts\/2109","targetHints":{"allow":["GET"]}}],"collection":[{"href":"https:\/\/jennipitko.fi\/koti\/wp-json\/wp\/v2\/posts"}],"about":[{"href":"https:\/\/jennipitko.fi\/koti\/wp-json\/wp\/v2\/types\/post"}],"author":[{"embeddable":true,"href":"https:\/\/jennipitko.fi\/koti\/wp-json\/wp\/v2\/users\/1"}],"replies":[{"embeddable":true,"href":"https:\/\/jennipitko.fi\/koti\/wp-json\/wp\/v2\/comments?post=2109"}],"version-history":[{"count":1,"href":"https:\/\/jennipitko.fi\/koti\/wp-json\/wp\/v2\/posts\/2109\/revisions"}],"predecessor-version":[{"id":2111,"href":"https:\/\/jennipitko.fi\/koti\/wp-json\/wp\/v2\/posts\/2109\/revisions\/2111"}],"wp:attachment":[{"href":"https:\/\/jennipitko.fi\/koti\/wp-json\/wp\/v2\/media?parent=2109"}],"wp:term":[{"taxonomy":"category","embeddable":true,"href":"https:\/\/jennipitko.fi\/koti\/wp-json\/wp\/v2\/categories?post=2109"},{"taxonomy":"post_tag","embeddable":true,"href":"https:\/\/jennipitko.fi\/koti\/wp-json\/wp\/v2\/tags?post=2109"}],"curies":[{"name":"wp","href":"https:\/\/api.w.org\/{rel}","templated":true}]}}