{"id":2121,"date":"2020-01-17T10:55:39","date_gmt":"2020-01-17T08:55:39","guid":{"rendered":"http:\/\/jennipitko.fi\/koti\/?p=2121"},"modified":"2020-03-27T13:07:24","modified_gmt":"2020-03-27T11:07:24","slug":"metsalaki-paivitettava-turvaamaan-luonnon-monimuotoisuus","status":"publish","type":"post","link":"https:\/\/jennipitko.fi\/koti\/metsalaki-paivitettava-turvaamaan-luonnon-monimuotoisuus\/","title":{"rendered":"Mets\u00e4laki p\u00e4ivitett\u00e4v\u00e4 turvaamaan luonnon monimuotoisuus"},"content":{"rendered":"\n<p>Luonnonvarakeskus julkaisi tiistaina arvioinnin, jonka mukaan vuonna 2014 voimaan tullut mets\u00e4laki on heikent\u00e4nyt mets\u00e4luonnon monimuotoisuuden suojelua. Yhdess\u00e4 kollegani kansanedustaja Satu Hassin kanssa vaadimme, ett\u00e4 mets\u00e4lakia on uudistettava, jotta se turvaa ja lis\u00e4\u00e4 luonnon monimuotoisuutta &#8211; ei v\u00e4henn\u00e4 sit\u00e4.<\/p>\n\n\n\n<p>Luonnon monimuotoisuuden v\u00e4heneminen on ilmastonmuutoksen vertainen ongelma. Lajeja kuolee sukupuuttoon enn\u00e4tystahtia ja uhanalaisuus on lis\u00e4\u00e4ntynyt my\u00f6s Suomessa. Joka yhdeks\u00e4s suomalainen laji uhkaa kuolla meilt\u00e4 sukupuuttoon ja kolmannes uhanalaista lajeistamme el\u00e4\u00e4 metsiss\u00e4<\/p>\n\n\n\n<p>Vuonna 2014 uudistetun mets\u00e4lain tavoitteena oli s\u00e4ilytt\u00e4\u00e4 mets\u00e4luonnon monimuotoisuus, mutta tiistaina 14.1. julkaistun Luonnonvarakeskuksen arvioinnin mukaan lailla on ollut p\u00e4invastaisia vaikutuksia. Lakimuutoksen seurauksena yhteens\u00e4 27 000 hehtaaria ennen arvokkaaksi luokiteltua elinymp\u00e4rist\u00f6\u00e4 on nyt j\u00e4\u00e4nyt ilman lain suojaa.<\/p>\n\n\n\n<p>Lakiuudistuksen my\u00f6t\u00e4 hakkuilta suojeltujen erityisen t\u00e4rkeiden elinymp\u00e4rist\u00f6jen, kuten puronvarsien ja rehevien lehtojen, m\u00e4\u00e4ritelm\u00e4\u00e4 muutettiin siten, ett\u00e4 niiden on oltava kooltaan pienialaisia tai mets\u00e4taloudelliselta merkitykselt\u00e4\u00e4n v\u00e4h\u00e4isi\u00e4. Aiemmin t\u00e4llaista vaatimusta ei ollut.<\/p>\n\n\n\n<p>Arvokkaiden luontokohteiden ahdinkoa lis\u00e4\u00e4 se, ett\u00e4 nykytila ei tuo riitt\u00e4v\u00e4\u00e4 suojaa edes niille kohteille, joiden tulisi my\u00f6s lain mukaan kuulua suojelun piiriin. Keskeinen tietol\u00e4hde suojeltavien kohteiden paikannuksessa on Suomen Mets\u00e4keskuksen tietokanta. Mets\u00e4keskus on kuitenkin muuttanut tulkintaansa suojeltavista kohteista. Nyt vaarana on, ett\u00e4 jopa tuhansia hehtaareja arvokasta puronvarsiluontoa j\u00e4\u00e4 vaille suojaa, koska kohteet eiv\u00e4t t\u00e4yt\u00e4 mets\u00e4keskuksen uutta tulkintaa.<\/p>\n\n\n\n<p>Olemme Satu Hassin kanssa j\u00e4tt\u00e4neet kaksi kirjallista kysymyst\u00e4 puronvarsien suojelusta ja Mets\u00e4keskuksen tietokannan sis\u00e4ll\u00f6n muutoksista. Vastausten perusteella huoli arvokkaiden luontokohteiden sivuuttamisesta k\u00e4yt\u00e4nn\u00f6n mets\u00e4taloudessa on vahvistunut. <\/p>\n\n\n\n<p>Erityisen t\u00e4rkeiden elinymp\u00e4rist\u00f6jen s\u00e4ilytt\u00e4misen lis\u00e4ksi mets\u00e4lain on taattava my\u00f6s muu luonnonhoito talousmetsiss\u00e4. Monet uhanalaiset lajit ovat riippuvaisia lahopuusta eik\u00e4 mets\u00e4lains\u00e4\u00e4d\u00e4nt\u00f6 nykyisell\u00e4\u00e4n varmista sen s\u00e4ilytt\u00e4mist\u00e4 hakkuissa. <\/p>\n\n\n\n<p>Vain 6 % mets\u00e4maastamme on rajattu hakkuiden ulkopuolelle, joten toimia tarvitaan my\u00f6s talousmetsiss\u00e4. Lains\u00e4\u00e4d\u00e4nn\u00f6n nykytila on kest\u00e4m\u00e4t\u00f6n ja mets\u00e4laki uudistettava. Suomalainen luonto tarvitsee ja ansaitsee suojakseen lain, joka turvaa aidosti monimuotoisuuden s\u00e4ilymisen tuleville sukupolville.<\/p>\n\n\n\n<p>Lis\u00e4tietoja:<\/p>\n\n\n\n<p>Kirjallinen kysymys ja vastaus puronvarsien mets\u00e4luonnon suojelusta 25.10.2019 <a href=\"https:\/\/www.eduskunta.fi\/FI\/vaski\/KasittelytiedotValtiopaivaasia\/Sivut\/KK_272+2019.aspx\">eduskunnan sivuilla<\/a><br>Kirjallinen kysymys ja vastaus puronvarsiluonnon suojelusta 20.12.2019 <a href=\"https:\/\/www.eduskunta.fi\/FI\/vaski\/KasittelytiedotValtiopaivaasia\/Sivut\/KK_433+2019.aspx\">eduskunnan sivuilla<\/a><br>Luonnonvarakeskuksen <a href=\"http:\/\/jukuri.luke.fi\/handle\/10024\/545373\">arviointi mets\u00e4lain muutoksista<\/a><\/p>\n","protected":false},"excerpt":{"rendered":"<p>Luonnonvarakeskus julkaisi tiistaina arvioinnin, jonka mukaan vuonna 2014 voimaan tullut mets\u00e4laki on heikent\u00e4nyt mets\u00e4luonnon monimuotoisuuden suojelua. Yhdess\u00e4 kollegani kansanedustaja Satu [&hellip;]<\/p>\n","protected":false},"author":1,"featured_media":0,"comment_status":"closed","ping_status":"closed","sticky":false,"template":"","format":"standard","meta":{"_monsterinsights_skip_tracking":false,"_monsterinsights_sitenote_active":false,"_monsterinsights_sitenote_note":"","_monsterinsights_sitenote_category":0,"site-sidebar-layout":"default","site-content-layout":"","ast-site-content-layout":"default","site-content-style":"default","site-sidebar-style":"default","ast-global-header-display":"","ast-banner-title-visibility":"","ast-main-header-display":"","ast-hfb-above-header-display":"","ast-hfb-below-header-display":"","ast-hfb-mobile-header-display":"","site-post-title":"","ast-breadcrumbs-content":"","ast-featured-img":"","footer-sml-layout":"","ast-disable-related-posts":"","theme-transparent-header-meta":"","adv-header-id-meta":"","stick-header-meta":"","header-above-stick-meta":"","header-main-stick-meta":"","header-below-stick-meta":"","astra-migrate-meta-layouts":"default","ast-page-background-enabled":"default","ast-page-background-meta":{"desktop":{"background-color":"var(--ast-global-color-5)","background-image":"","background-repeat":"repeat","background-position":"center center","background-size":"auto","background-attachment":"scroll","background-type":"","background-media":"","overlay-type":"","overlay-color":"","overlay-opacity":"","overlay-gradient":""},"tablet":{"background-color":"","background-image":"","background-repeat":"repeat","background-position":"center center","background-size":"auto","background-attachment":"scroll","background-type":"","background-media":"","overlay-type":"","overlay-color":"","overlay-opacity":"","overlay-gradient":""},"mobile":{"background-color":"","background-image":"","background-repeat":"repeat","background-position":"center center","background-size":"auto","background-attachment":"scroll","background-type":"","background-media":"","overlay-type":"","overlay-color":"","overlay-opacity":"","overlay-gradient":""}},"ast-content-background-meta":{"desktop":{"background-color":"var(--ast-global-color-4)","background-image":"","background-repeat":"repeat","background-position":"center center","background-size":"auto","background-attachment":"scroll","background-type":"","background-media":"","overlay-type":"","overlay-color":"","overlay-opacity":"","overlay-gradient":""},"tablet":{"background-color":"var(--ast-global-color-4)","background-image":"","background-repeat":"repeat","background-position":"center center","background-size":"auto","background-attachment":"scroll","background-type":"","background-media":"","overlay-type":"","overlay-color":"","overlay-opacity":"","overlay-gradient":""},"mobile":{"background-color":"var(--ast-global-color-4)","background-image":"","background-repeat":"repeat","background-position":"center center","background-size":"auto","background-attachment":"scroll","background-type":"","background-media":"","overlay-type":"","overlay-color":"","overlay-opacity":"","overlay-gradient":""}},"footnotes":""},"categories":[2,117],"tags":[344,298,374,375,369],"class_list":["post-2121","post","type-post","status-publish","format-standard","hentry","category-blogi","category-tiedotteet","tag-luonnon-monimuotoisuus","tag-luonnonsuojelu","tag-metsa","tag-metsalaki","tag-purot"],"yoast_head":"<!-- This site is optimized with the Yoast SEO plugin v27.5 - https:\/\/yoast.com\/product\/yoast-seo-wordpress\/ -->\n<title>Mets\u00e4laki p\u00e4ivitett\u00e4v\u00e4 turvaamaan luonnon monimuotoisuus - Jenni Pitko - Vihreiden varapuheenjohtaja, ymp\u00e4rist\u00f6valiokunnan puheenjohtaja, kansanedustaja ja arkkitehti Oulusta<\/title>\n<meta name=\"description\" content=\"Luonnonvarakeskus julkaisi tiistaina arvioinnin, jonka mukaan vuonna 2014 voimaan tullut mets\u00e4laki on heikent\u00e4nyt mets\u00e4luonnon monimuotoisuuden suojelua. Yhdess\u00e4 kollegani kansanedustaja Satu Hassin kanssa vaadimme, ett\u00e4 mets\u00e4lakia on uudistettava, jotta se turvaa ja lis\u00e4\u00e4 luonnon monimuotoisuutta - ei v\u00e4henn\u00e4 sit\u00e4.\" \/>\n<meta name=\"robots\" content=\"index, follow, max-snippet:-1, max-image-preview:large, max-video-preview:-1\" \/>\n<link rel=\"canonical\" href=\"https:\/\/jennipitko.fi\/koti\/metsalaki-paivitettava-turvaamaan-luonnon-monimuotoisuus\/\" \/>\n<meta property=\"og:locale\" content=\"fi_FI\" \/>\n<meta property=\"og:type\" content=\"article\" \/>\n<meta property=\"og:title\" content=\"Mets\u00e4laki p\u00e4ivitett\u00e4v\u00e4 turvaamaan luonnon monimuotoisuus - Jenni Pitko - Vihreiden varapuheenjohtaja, ymp\u00e4rist\u00f6valiokunnan puheenjohtaja, kansanedustaja ja arkkitehti Oulusta\" \/>\n<meta property=\"og:description\" content=\"Luonnonvarakeskus julkaisi tiistaina arvioinnin, jonka mukaan vuonna 2014 voimaan tullut mets\u00e4laki on heikent\u00e4nyt mets\u00e4luonnon monimuotoisuuden suojelua. Yhdess\u00e4 kollegani kansanedustaja Satu Hassin kanssa vaadimme, ett\u00e4 mets\u00e4lakia on uudistettava, jotta se turvaa ja lis\u00e4\u00e4 luonnon monimuotoisuutta - ei v\u00e4henn\u00e4 sit\u00e4.\" \/>\n<meta property=\"og:url\" content=\"https:\/\/jennipitko.fi\/koti\/metsalaki-paivitettava-turvaamaan-luonnon-monimuotoisuus\/\" \/>\n<meta property=\"og:site_name\" content=\"Jenni Pitko - Vihreiden varapuheenjohtaja, ymp\u00e4rist\u00f6valiokunnan puheenjohtaja, kansanedustaja ja arkkitehti Oulusta\" \/>\n<meta property=\"article:published_time\" content=\"2020-01-17T08:55:39+00:00\" \/>\n<meta property=\"article:modified_time\" content=\"2020-03-27T11:07:24+00:00\" \/>\n<meta name=\"author\" content=\"Jenni\" \/>\n<meta name=\"twitter:card\" content=\"summary_large_image\" \/>\n<meta name=\"twitter:label1\" content=\"Kirjoittanut\" \/>\n\t<meta name=\"twitter:data1\" content=\"Jenni\" \/>\n\t<meta name=\"twitter:label2\" content=\"Arvioitu lukuaika\" \/>\n\t<meta name=\"twitter:data2\" content=\"2 minuuttia\" \/>\n<script type=\"application\/ld+json\" class=\"yoast-schema-graph\">{\"@context\":\"https:\\\/\\\/schema.org\",\"@graph\":[{\"@type\":\"Article\",\"@id\":\"https:\\\/\\\/jennipitko.fi\\\/koti\\\/metsalaki-paivitettava-turvaamaan-luonnon-monimuotoisuus\\\/#article\",\"isPartOf\":{\"@id\":\"https:\\\/\\\/jennipitko.fi\\\/koti\\\/metsalaki-paivitettava-turvaamaan-luonnon-monimuotoisuus\\\/\"},\"author\":{\"name\":\"Jenni\",\"@id\":\"https:\\\/\\\/jennipitko.fi\\\/koti\\\/#\\\/schema\\\/person\\\/35955c467f851f10124809310e7e7ee8\"},\"headline\":\"Mets\u00e4laki p\u00e4ivitett\u00e4v\u00e4 turvaamaan luonnon monimuotoisuus\",\"datePublished\":\"2020-01-17T08:55:39+00:00\",\"dateModified\":\"2020-03-27T11:07:24+00:00\",\"mainEntityOfPage\":{\"@id\":\"https:\\\/\\\/jennipitko.fi\\\/koti\\\/metsalaki-paivitettava-turvaamaan-luonnon-monimuotoisuus\\\/\"},\"wordCount\":370,\"publisher\":{\"@id\":\"https:\\\/\\\/jennipitko.fi\\\/koti\\\/#organization\"},\"keywords\":[\"luonnon monimuotoisuus\",\"luonnonsuojelu\",\"mets\u00e4\",\"mets\u00e4laki\",\"purot\"],\"articleSection\":[\"Blogi\",\"Tiedotteet\"],\"inLanguage\":\"fi\"},{\"@type\":\"WebPage\",\"@id\":\"https:\\\/\\\/jennipitko.fi\\\/koti\\\/metsalaki-paivitettava-turvaamaan-luonnon-monimuotoisuus\\\/\",\"url\":\"https:\\\/\\\/jennipitko.fi\\\/koti\\\/metsalaki-paivitettava-turvaamaan-luonnon-monimuotoisuus\\\/\",\"name\":\"Mets\u00e4laki p\u00e4ivitett\u00e4v\u00e4 turvaamaan luonnon monimuotoisuus - Jenni Pitko - Vihreiden varapuheenjohtaja, ymp\u00e4rist\u00f6valiokunnan puheenjohtaja, kansanedustaja ja arkkitehti Oulusta\",\"isPartOf\":{\"@id\":\"https:\\\/\\\/jennipitko.fi\\\/koti\\\/#website\"},\"datePublished\":\"2020-01-17T08:55:39+00:00\",\"dateModified\":\"2020-03-27T11:07:24+00:00\",\"description\":\"Luonnonvarakeskus julkaisi tiistaina arvioinnin, jonka mukaan vuonna 2014 voimaan tullut mets\u00e4laki on heikent\u00e4nyt mets\u00e4luonnon monimuotoisuuden suojelua. Yhdess\u00e4 kollegani kansanedustaja Satu Hassin kanssa vaadimme, ett\u00e4 mets\u00e4lakia on uudistettava, jotta se turvaa ja lis\u00e4\u00e4 luonnon monimuotoisuutta - ei v\u00e4henn\u00e4 sit\u00e4.\",\"breadcrumb\":{\"@id\":\"https:\\\/\\\/jennipitko.fi\\\/koti\\\/metsalaki-paivitettava-turvaamaan-luonnon-monimuotoisuus\\\/#breadcrumb\"},\"inLanguage\":\"fi\",\"potentialAction\":[{\"@type\":\"ReadAction\",\"target\":[\"https:\\\/\\\/jennipitko.fi\\\/koti\\\/metsalaki-paivitettava-turvaamaan-luonnon-monimuotoisuus\\\/\"]}]},{\"@type\":\"BreadcrumbList\",\"@id\":\"https:\\\/\\\/jennipitko.fi\\\/koti\\\/metsalaki-paivitettava-turvaamaan-luonnon-monimuotoisuus\\\/#breadcrumb\",\"itemListElement\":[{\"@type\":\"ListItem\",\"position\":1,\"name\":\"Home\",\"item\":\"https:\\\/\\\/jennipitko.fi\\\/koti\\\/\"},{\"@type\":\"ListItem\",\"position\":2,\"name\":\"Mets\u00e4laki p\u00e4ivitett\u00e4v\u00e4 turvaamaan luonnon monimuotoisuus\"}]},{\"@type\":\"WebSite\",\"@id\":\"https:\\\/\\\/jennipitko.fi\\\/koti\\\/#website\",\"url\":\"https:\\\/\\\/jennipitko.fi\\\/koti\\\/\",\"name\":\"Jenni Pitko - Vihreiden varapuheenjohtaja, ymp\u00e4rist\u00f6valiokunnan puheenjohtaja, kansanedustaja ja arkkitehti Oulusta\",\"description\":\"Jenni Pitko - Vihreiden varapuheenjohtaja, ymp\u00e4rist\u00f6valiokunnan puheenjohtaja, kansanedustaja ja arkkitehti Oulusta\",\"publisher\":{\"@id\":\"https:\\\/\\\/jennipitko.fi\\\/koti\\\/#organization\"},\"potentialAction\":[{\"@type\":\"SearchAction\",\"target\":{\"@type\":\"EntryPoint\",\"urlTemplate\":\"https:\\\/\\\/jennipitko.fi\\\/koti\\\/?s={search_term_string}\"},\"query-input\":{\"@type\":\"PropertyValueSpecification\",\"valueRequired\":true,\"valueName\":\"search_term_string\"}}],\"inLanguage\":\"fi\"},{\"@type\":\"Organization\",\"@id\":\"https:\\\/\\\/jennipitko.fi\\\/koti\\\/#organization\",\"name\":\"Jenni Pitko - Vihreiden varapuheenjohtaja, ymp\u00e4rist\u00f6valiokunnan puheenjohtaja, kansanedustaja ja arkkitehti Oulusta\",\"url\":\"https:\\\/\\\/jennipitko.fi\\\/koti\\\/\",\"logo\":{\"@type\":\"ImageObject\",\"inLanguage\":\"fi\",\"@id\":\"https:\\\/\\\/jennipitko.fi\\\/koti\\\/#\\\/schema\\\/logo\\\/image\\\/\",\"url\":\"https:\\\/\\\/jennipitko.fi\\\/koti\\\/wp-content\\\/uploads\\\/2025\\\/09\\\/Nimeton-malli-38.png\",\"contentUrl\":\"https:\\\/\\\/jennipitko.fi\\\/koti\\\/wp-content\\\/uploads\\\/2025\\\/09\\\/Nimeton-malli-38.png\",\"width\":1280,\"height\":847,\"caption\":\"Jenni Pitko - Vihreiden varapuheenjohtaja, ymp\u00e4rist\u00f6valiokunnan puheenjohtaja, kansanedustaja ja arkkitehti Oulusta\"},\"image\":{\"@id\":\"https:\\\/\\\/jennipitko.fi\\\/koti\\\/#\\\/schema\\\/logo\\\/image\\\/\"}},{\"@type\":\"Person\",\"@id\":\"https:\\\/\\\/jennipitko.fi\\\/koti\\\/#\\\/schema\\\/person\\\/35955c467f851f10124809310e7e7ee8\",\"name\":\"Jenni\",\"image\":{\"@type\":\"ImageObject\",\"inLanguage\":\"fi\",\"@id\":\"https:\\\/\\\/secure.gravatar.com\\\/avatar\\\/625a0e6413b293da7739d42617828d564a4d6028aec3f45d8939a2ba1617199f?s=96&d=blank&r=g\",\"url\":\"https:\\\/\\\/secure.gravatar.com\\\/avatar\\\/625a0e6413b293da7739d42617828d564a4d6028aec3f45d8939a2ba1617199f?s=96&d=blank&r=g\",\"contentUrl\":\"https:\\\/\\\/secure.gravatar.com\\\/avatar\\\/625a0e6413b293da7739d42617828d564a4d6028aec3f45d8939a2ba1617199f?s=96&d=blank&r=g\",\"caption\":\"Jenni\"},\"url\":\"https:\\\/\\\/jennipitko.fi\\\/koti\\\/author\\\/jenni\\\/\"}]}<\/script>\n<!-- \/ Yoast SEO plugin. -->","yoast_head_json":{"title":"Mets\u00e4laki p\u00e4ivitett\u00e4v\u00e4 turvaamaan luonnon monimuotoisuus - Jenni Pitko - Vihreiden varapuheenjohtaja, ymp\u00e4rist\u00f6valiokunnan puheenjohtaja, kansanedustaja ja arkkitehti Oulusta","description":"Luonnonvarakeskus julkaisi tiistaina arvioinnin, jonka mukaan vuonna 2014 voimaan tullut mets\u00e4laki on heikent\u00e4nyt mets\u00e4luonnon monimuotoisuuden suojelua. Yhdess\u00e4 kollegani kansanedustaja Satu Hassin kanssa vaadimme, ett\u00e4 mets\u00e4lakia on uudistettava, jotta se turvaa ja lis\u00e4\u00e4 luonnon monimuotoisuutta - ei v\u00e4henn\u00e4 sit\u00e4.","robots":{"index":"index","follow":"follow","max-snippet":"max-snippet:-1","max-image-preview":"max-image-preview:large","max-video-preview":"max-video-preview:-1"},"canonical":"https:\/\/jennipitko.fi\/koti\/metsalaki-paivitettava-turvaamaan-luonnon-monimuotoisuus\/","og_locale":"fi_FI","og_type":"article","og_title":"Mets\u00e4laki p\u00e4ivitett\u00e4v\u00e4 turvaamaan luonnon monimuotoisuus - Jenni Pitko - Vihreiden varapuheenjohtaja, ymp\u00e4rist\u00f6valiokunnan puheenjohtaja, kansanedustaja ja arkkitehti Oulusta","og_description":"Luonnonvarakeskus julkaisi tiistaina arvioinnin, jonka mukaan vuonna 2014 voimaan tullut mets\u00e4laki on heikent\u00e4nyt mets\u00e4luonnon monimuotoisuuden suojelua. Yhdess\u00e4 kollegani kansanedustaja Satu Hassin kanssa vaadimme, ett\u00e4 mets\u00e4lakia on uudistettava, jotta se turvaa ja lis\u00e4\u00e4 luonnon monimuotoisuutta - ei v\u00e4henn\u00e4 sit\u00e4.","og_url":"https:\/\/jennipitko.fi\/koti\/metsalaki-paivitettava-turvaamaan-luonnon-monimuotoisuus\/","og_site_name":"Jenni Pitko - Vihreiden varapuheenjohtaja, ymp\u00e4rist\u00f6valiokunnan puheenjohtaja, kansanedustaja ja arkkitehti Oulusta","article_published_time":"2020-01-17T08:55:39+00:00","article_modified_time":"2020-03-27T11:07:24+00:00","author":"Jenni","twitter_card":"summary_large_image","twitter_misc":{"Kirjoittanut":"Jenni","Arvioitu lukuaika":"2 minuuttia"},"schema":{"@context":"https:\/\/schema.org","@graph":[{"@type":"Article","@id":"https:\/\/jennipitko.fi\/koti\/metsalaki-paivitettava-turvaamaan-luonnon-monimuotoisuus\/#article","isPartOf":{"@id":"https:\/\/jennipitko.fi\/koti\/metsalaki-paivitettava-turvaamaan-luonnon-monimuotoisuus\/"},"author":{"name":"Jenni","@id":"https:\/\/jennipitko.fi\/koti\/#\/schema\/person\/35955c467f851f10124809310e7e7ee8"},"headline":"Mets\u00e4laki p\u00e4ivitett\u00e4v\u00e4 turvaamaan luonnon monimuotoisuus","datePublished":"2020-01-17T08:55:39+00:00","dateModified":"2020-03-27T11:07:24+00:00","mainEntityOfPage":{"@id":"https:\/\/jennipitko.fi\/koti\/metsalaki-paivitettava-turvaamaan-luonnon-monimuotoisuus\/"},"wordCount":370,"publisher":{"@id":"https:\/\/jennipitko.fi\/koti\/#organization"},"keywords":["luonnon monimuotoisuus","luonnonsuojelu","mets\u00e4","mets\u00e4laki","purot"],"articleSection":["Blogi","Tiedotteet"],"inLanguage":"fi"},{"@type":"WebPage","@id":"https:\/\/jennipitko.fi\/koti\/metsalaki-paivitettava-turvaamaan-luonnon-monimuotoisuus\/","url":"https:\/\/jennipitko.fi\/koti\/metsalaki-paivitettava-turvaamaan-luonnon-monimuotoisuus\/","name":"Mets\u00e4laki p\u00e4ivitett\u00e4v\u00e4 turvaamaan luonnon monimuotoisuus - Jenni Pitko - Vihreiden varapuheenjohtaja, ymp\u00e4rist\u00f6valiokunnan puheenjohtaja, kansanedustaja ja arkkitehti Oulusta","isPartOf":{"@id":"https:\/\/jennipitko.fi\/koti\/#website"},"datePublished":"2020-01-17T08:55:39+00:00","dateModified":"2020-03-27T11:07:24+00:00","description":"Luonnonvarakeskus julkaisi tiistaina arvioinnin, jonka mukaan vuonna 2014 voimaan tullut mets\u00e4laki on heikent\u00e4nyt mets\u00e4luonnon monimuotoisuuden suojelua. Yhdess\u00e4 kollegani kansanedustaja Satu Hassin kanssa vaadimme, ett\u00e4 mets\u00e4lakia on uudistettava, jotta se turvaa ja lis\u00e4\u00e4 luonnon monimuotoisuutta - ei v\u00e4henn\u00e4 sit\u00e4.","breadcrumb":{"@id":"https:\/\/jennipitko.fi\/koti\/metsalaki-paivitettava-turvaamaan-luonnon-monimuotoisuus\/#breadcrumb"},"inLanguage":"fi","potentialAction":[{"@type":"ReadAction","target":["https:\/\/jennipitko.fi\/koti\/metsalaki-paivitettava-turvaamaan-luonnon-monimuotoisuus\/"]}]},{"@type":"BreadcrumbList","@id":"https:\/\/jennipitko.fi\/koti\/metsalaki-paivitettava-turvaamaan-luonnon-monimuotoisuus\/#breadcrumb","itemListElement":[{"@type":"ListItem","position":1,"name":"Home","item":"https:\/\/jennipitko.fi\/koti\/"},{"@type":"ListItem","position":2,"name":"Mets\u00e4laki p\u00e4ivitett\u00e4v\u00e4 turvaamaan luonnon monimuotoisuus"}]},{"@type":"WebSite","@id":"https:\/\/jennipitko.fi\/koti\/#website","url":"https:\/\/jennipitko.fi\/koti\/","name":"Jenni Pitko - Vihreiden varapuheenjohtaja, ymp\u00e4rist\u00f6valiokunnan puheenjohtaja, kansanedustaja ja arkkitehti Oulusta","description":"Jenni Pitko - Vihreiden varapuheenjohtaja, ymp\u00e4rist\u00f6valiokunnan puheenjohtaja, kansanedustaja ja arkkitehti Oulusta","publisher":{"@id":"https:\/\/jennipitko.fi\/koti\/#organization"},"potentialAction":[{"@type":"SearchAction","target":{"@type":"EntryPoint","urlTemplate":"https:\/\/jennipitko.fi\/koti\/?s={search_term_string}"},"query-input":{"@type":"PropertyValueSpecification","valueRequired":true,"valueName":"search_term_string"}}],"inLanguage":"fi"},{"@type":"Organization","@id":"https:\/\/jennipitko.fi\/koti\/#organization","name":"Jenni Pitko - Vihreiden varapuheenjohtaja, ymp\u00e4rist\u00f6valiokunnan puheenjohtaja, kansanedustaja ja arkkitehti Oulusta","url":"https:\/\/jennipitko.fi\/koti\/","logo":{"@type":"ImageObject","inLanguage":"fi","@id":"https:\/\/jennipitko.fi\/koti\/#\/schema\/logo\/image\/","url":"https:\/\/jennipitko.fi\/koti\/wp-content\/uploads\/2025\/09\/Nimeton-malli-38.png","contentUrl":"https:\/\/jennipitko.fi\/koti\/wp-content\/uploads\/2025\/09\/Nimeton-malli-38.png","width":1280,"height":847,"caption":"Jenni Pitko - Vihreiden varapuheenjohtaja, ymp\u00e4rist\u00f6valiokunnan puheenjohtaja, kansanedustaja ja arkkitehti Oulusta"},"image":{"@id":"https:\/\/jennipitko.fi\/koti\/#\/schema\/logo\/image\/"}},{"@type":"Person","@id":"https:\/\/jennipitko.fi\/koti\/#\/schema\/person\/35955c467f851f10124809310e7e7ee8","name":"Jenni","image":{"@type":"ImageObject","inLanguage":"fi","@id":"https:\/\/secure.gravatar.com\/avatar\/625a0e6413b293da7739d42617828d564a4d6028aec3f45d8939a2ba1617199f?s=96&d=blank&r=g","url":"https:\/\/secure.gravatar.com\/avatar\/625a0e6413b293da7739d42617828d564a4d6028aec3f45d8939a2ba1617199f?s=96&d=blank&r=g","contentUrl":"https:\/\/secure.gravatar.com\/avatar\/625a0e6413b293da7739d42617828d564a4d6028aec3f45d8939a2ba1617199f?s=96&d=blank&r=g","caption":"Jenni"},"url":"https:\/\/jennipitko.fi\/koti\/author\/jenni\/"}]}},"_links":{"self":[{"href":"https:\/\/jennipitko.fi\/koti\/wp-json\/wp\/v2\/posts\/2121","targetHints":{"allow":["GET"]}}],"collection":[{"href":"https:\/\/jennipitko.fi\/koti\/wp-json\/wp\/v2\/posts"}],"about":[{"href":"https:\/\/jennipitko.fi\/koti\/wp-json\/wp\/v2\/types\/post"}],"author":[{"embeddable":true,"href":"https:\/\/jennipitko.fi\/koti\/wp-json\/wp\/v2\/users\/1"}],"replies":[{"embeddable":true,"href":"https:\/\/jennipitko.fi\/koti\/wp-json\/wp\/v2\/comments?post=2121"}],"version-history":[{"count":1,"href":"https:\/\/jennipitko.fi\/koti\/wp-json\/wp\/v2\/posts\/2121\/revisions"}],"predecessor-version":[{"id":2122,"href":"https:\/\/jennipitko.fi\/koti\/wp-json\/wp\/v2\/posts\/2121\/revisions\/2122"}],"wp:attachment":[{"href":"https:\/\/jennipitko.fi\/koti\/wp-json\/wp\/v2\/media?parent=2121"}],"wp:term":[{"taxonomy":"category","embeddable":true,"href":"https:\/\/jennipitko.fi\/koti\/wp-json\/wp\/v2\/categories?post=2121"},{"taxonomy":"post_tag","embeddable":true,"href":"https:\/\/jennipitko.fi\/koti\/wp-json\/wp\/v2\/tags?post=2121"}],"curies":[{"name":"wp","href":"https:\/\/api.w.org\/{rel}","templated":true}]}}