{"id":2274,"date":"2020-02-06T10:51:51","date_gmt":"2020-02-06T08:51:51","guid":{"rendered":"http:\/\/jennipitko.fi\/koti\/?p=2274"},"modified":"2020-02-06T10:52:43","modified_gmt":"2020-02-06T08:52:43","slug":"saamelaistieto-lisaa-ymmarrysta-ja-sivistaa","status":"publish","type":"post","link":"https:\/\/jennipitko.fi\/koti\/saamelaistieto-lisaa-ymmarrysta-ja-sivistaa\/","title":{"rendered":"Saamelaistieto lis\u00e4\u00e4 ymm\u00e4rryst\u00e4 ja sivist\u00e4\u00e4"},"content":{"rendered":"\n<p>Havahduin vasta aikuisena siihen, ett\u00e4 tiesin aika v\u00e4h\u00e4n saamelaisista. Havahtumista seurasi ihmetys. Miten Lapissa kasvanut lapsi voi k\u00e4yd\u00e4 koko peruskoulun sek\u00e4 lukion tutustumatta kansaan, joka el\u00e4\u00e4 samoilla mailla? N\u00e4in oli kuitenkin k\u00e4ynyt ja sama tapahtuu lapsille ja nuorille edelleen. Opetussuunnitelmiin ei nimitt\u00e4in t\u00e4n\u00e4 p\u00e4iv\u00e4n\u00e4k\u00e4\u00e4n sis\u00e4lly juuri mit\u00e4\u00e4n saamelaisista. Onkin pitk\u00e4lti opettajasta kiinni, saavatko lapset ja nuoret tietoa Euroopan unionin ainoasta alkuper\u00e4iskansasta.<\/p>\n\n\n\n<p>Tiedon puute luo otollisen alustan vihan ja syrjimisen kasvulle viel\u00e4 t\u00e4n\u00e4kin p\u00e4iv\u00e4n\u00e4. Saamelaiset kokevat edelleen rasismia, syrjint\u00e4\u00e4 ja v\u00e4h\u00e4ttely\u00e4, jopa kasvavissa m\u00e4\u00e4rin, kuten moni muukin v\u00e4hemmist\u00f6. Syv\u00e4\u00e4n juurtuneet stereotypiat saamelaisista eiv\u00e4t pid\u00e4 paikkaansa, mutta ilman parempaa tietoa ne jatkavat el\u00e4m\u00e4\u00e4 syv\u00e4ll\u00e4 ihmisten asenteissa.<\/p>\n\n\n\n<p>Minulle tutustuminen saamelaisten kulttuuriin ja historiaan aikuisi\u00e4ll\u00e4 on ollut valtavan avartava kokemus. Saamelaistaide ja -musiikki, lukeminen ja saamelaisten kanssa k\u00e4ydyt keskustelut ovat vieneet minut hyv\u00e4\u00e4n alkuun oppimisessa. Saamelaisuudessa minua kiehtovat suuresti sopusointuinen ja l\u00e4heinen luontosuhde ja rikas kulttuuri. Upea kokemus oli osallistua viime kes\u00e4n\u00e4 Inarissa saamelaismusiikin festivaaleille Ijahis idjaan. Joiku lipui suoraan syd\u00e4meen, tanssitti, nauratti ja kosketti.<\/p>\n\n\n\n<p>T\u00e4n\u00e4\u00e4n 6.2. vietet\u00e4\u00e4n saamelaisten kansallisp\u00e4iv\u00e4\u00e4. Se n\u00e4kyy Suomessa monissa paikoissa salkoihin nostettavissa Saamen v\u00e4rikk\u00e4iss\u00e4 lipuissa. Se tarjoaa my\u00f6s jokaiselle mahdollisuuden pys\u00e4hty\u00e4 ja antaa tilaa itselleen oppia jotain uutta. Suosittelen tarttumaan esimerkiksi Kukka Rannan ja Jaana Kannisen saamelaisten pakkosuomalaistamisesta kertovaan Vastatuulessa-uutuuskirjaan tai laittamaan Spotifysta soimaan saamelaisartisti Mari Boinea. Sosiaalisessa mediassa on helppo seurata saamelaisvaikuttajia ja pysy\u00e4 k\u00e4rryill\u00e4 nykyp\u00e4iv\u00e4n saamelaisuudesta. Frozen 2 -elokuva voisi olla hieno el\u00e4mys katsoa pohjoissaameksi puhuttuna \u2013 kertoohan koko elokuva juuri alkuper\u00e4iskansan tarinaa.<\/p>\n\n\n\n<p>Saamelaisen kulttuurin s\u00e4ilymisen ja vahvistumisen esteen\u00e4 on niin hallinnollisia kuin inhimillisi\u00e4 haasteita. Suomi sai viimeksi viime vuonna YK:n ihmisoikeustuomioistuimelta tuomion saamelaisten oikeuksien polkemisesta eik\u00e4 saamelaisten itsehallintoa turvaavaa ILO169-sopimusta ole meill\u00e4 viel\u00e4k\u00e4\u00e4n ratifioitu. Saamen uhanalaisia kieli\u00e4 on saatu elpym\u00e4\u00e4n, mutta muuttoliike perinteisten alueiden ja kaupunkien v\u00e4lill\u00e4 aiheuttaa haasteita ja saamelaisalueellakin palveluissa on parantamista. Esimerkiksi mielenterveyspalveluiden saaminen omalla \u00e4idinkielell\u00e4 olisi t\u00e4rke\u00e4\u00e4. Saamelaisasioita k\u00e4sittelev\u00e4\u00e4 sovintoprosessia varten ollaan perustamassa totuus- ja sovintokomissiota, joka voi olla merkitt\u00e4v\u00e4 askel historian tapahtumien aiheuttamien ylisukupolvisten traumojen k\u00e4sittelemisess\u00e4.<\/p>\n\n\n\n<p>Politiikalla voidaan parantaa saamelaisten asemaa, mutta me voimme my\u00f6s jokainen tehd\u00e4 sit\u00e4 omalla esimerkill\u00e4mme. Lopetetaan kuluneiden saamelaisstereotypioiden levitt\u00e4minen ja otetaan selv\u00e4\u00e4 ennemmin itse &#8211; samalla voi jopa ihastua, innostua ja oppia uutta.<br><\/p>\n","protected":false},"excerpt":{"rendered":"<p>Havahduin vasta aikuisena siihen, ett\u00e4 tiesin aika v\u00e4h\u00e4n saamelaisista. Havahtumista seurasi ihmetys. Miten Lapissa kasvanut lapsi voi k\u00e4yd\u00e4 koko peruskoulun [&hellip;]<\/p>\n","protected":false},"author":1,"featured_media":0,"comment_status":"closed","ping_status":"closed","sticky":false,"template":"","format":"standard","meta":{"_monsterinsights_skip_tracking":false,"_monsterinsights_sitenote_active":false,"_monsterinsights_sitenote_note":"","_monsterinsights_sitenote_category":0,"site-sidebar-layout":"default","site-content-layout":"","ast-site-content-layout":"default","site-content-style":"default","site-sidebar-style":"default","ast-global-header-display":"","ast-banner-title-visibility":"","ast-main-header-display":"","ast-hfb-above-header-display":"","ast-hfb-below-header-display":"","ast-hfb-mobile-header-display":"","site-post-title":"","ast-breadcrumbs-content":"","ast-featured-img":"","footer-sml-layout":"","ast-disable-related-posts":"","theme-transparent-header-meta":"","adv-header-id-meta":"","stick-header-meta":"","header-above-stick-meta":"","header-main-stick-meta":"","header-below-stick-meta":"","astra-migrate-meta-layouts":"default","ast-page-background-enabled":"default","ast-page-background-meta":{"desktop":{"background-color":"var(--ast-global-color-5)","background-image":"","background-repeat":"repeat","background-position":"center center","background-size":"auto","background-attachment":"scroll","background-type":"","background-media":"","overlay-type":"","overlay-color":"","overlay-opacity":"","overlay-gradient":""},"tablet":{"background-color":"","background-image":"","background-repeat":"repeat","background-position":"center center","background-size":"auto","background-attachment":"scroll","background-type":"","background-media":"","overlay-type":"","overlay-color":"","overlay-opacity":"","overlay-gradient":""},"mobile":{"background-color":"","background-image":"","background-repeat":"repeat","background-position":"center center","background-size":"auto","background-attachment":"scroll","background-type":"","background-media":"","overlay-type":"","overlay-color":"","overlay-opacity":"","overlay-gradient":""}},"ast-content-background-meta":{"desktop":{"background-color":"var(--ast-global-color-4)","background-image":"","background-repeat":"repeat","background-position":"center center","background-size":"auto","background-attachment":"scroll","background-type":"","background-media":"","overlay-type":"","overlay-color":"","overlay-opacity":"","overlay-gradient":""},"tablet":{"background-color":"var(--ast-global-color-4)","background-image":"","background-repeat":"repeat","background-position":"center center","background-size":"auto","background-attachment":"scroll","background-type":"","background-media":"","overlay-type":"","overlay-color":"","overlay-opacity":"","overlay-gradient":""},"mobile":{"background-color":"var(--ast-global-color-4)","background-image":"","background-repeat":"repeat","background-position":"center center","background-size":"auto","background-attachment":"scroll","background-type":"","background-media":"","overlay-type":"","overlay-color":"","overlay-opacity":"","overlay-gradient":""}},"footnotes":""},"categories":[2],"tags":[287],"class_list":["post-2274","post","type-post","status-publish","format-standard","hentry","category-blogi","tag-saamelaiset"],"yoast_head":"<!-- This site is optimized with the Yoast SEO plugin v27.5 - https:\/\/yoast.com\/product\/yoast-seo-wordpress\/ -->\n<title>Saamelaistieto lis\u00e4\u00e4 ymm\u00e4rryst\u00e4 ja sivist\u00e4\u00e4 - Jenni Pitko - Vihreiden varapuheenjohtaja, ymp\u00e4rist\u00f6valiokunnan puheenjohtaja, kansanedustaja ja arkkitehti Oulusta<\/title>\n<meta name=\"description\" content=\"Havahduin vasta aikuisena siihen, ett\u00e4 tiesin aika v\u00e4h\u00e4n saamelaisista. Havahtumista seurasi ihmetys. Miten Lapissa kasvanut lapsi voi k\u00e4yd\u00e4 koko peruskoulun sek\u00e4 lukion tutustumatta kansaan, joka el\u00e4\u00e4 samoilla mailla?\" \/>\n<meta name=\"robots\" content=\"index, follow, max-snippet:-1, max-image-preview:large, max-video-preview:-1\" \/>\n<link rel=\"canonical\" href=\"https:\/\/jennipitko.fi\/koti\/saamelaistieto-lisaa-ymmarrysta-ja-sivistaa\/\" \/>\n<meta property=\"og:locale\" content=\"fi_FI\" \/>\n<meta property=\"og:type\" content=\"article\" \/>\n<meta property=\"og:title\" content=\"Saamelaistieto lis\u00e4\u00e4 ymm\u00e4rryst\u00e4 ja sivist\u00e4\u00e4 - Jenni Pitko - Vihreiden varapuheenjohtaja, ymp\u00e4rist\u00f6valiokunnan puheenjohtaja, kansanedustaja ja arkkitehti Oulusta\" \/>\n<meta property=\"og:description\" content=\"Havahduin vasta aikuisena siihen, ett\u00e4 tiesin aika v\u00e4h\u00e4n saamelaisista. Havahtumista seurasi ihmetys. Miten Lapissa kasvanut lapsi voi k\u00e4yd\u00e4 koko peruskoulun sek\u00e4 lukion tutustumatta kansaan, joka el\u00e4\u00e4 samoilla mailla?\" \/>\n<meta property=\"og:url\" content=\"https:\/\/jennipitko.fi\/koti\/saamelaistieto-lisaa-ymmarrysta-ja-sivistaa\/\" \/>\n<meta property=\"og:site_name\" content=\"Jenni Pitko - Vihreiden varapuheenjohtaja, ymp\u00e4rist\u00f6valiokunnan puheenjohtaja, kansanedustaja ja arkkitehti Oulusta\" \/>\n<meta property=\"article:published_time\" content=\"2020-02-06T08:51:51+00:00\" \/>\n<meta property=\"article:modified_time\" content=\"2020-02-06T08:52:43+00:00\" \/>\n<meta name=\"author\" content=\"Jenni\" \/>\n<meta name=\"twitter:card\" content=\"summary_large_image\" \/>\n<meta name=\"twitter:label1\" content=\"Kirjoittanut\" \/>\n\t<meta name=\"twitter:data1\" content=\"Jenni\" \/>\n\t<meta name=\"twitter:label2\" content=\"Arvioitu lukuaika\" \/>\n\t<meta name=\"twitter:data2\" content=\"2 minuuttia\" \/>\n<script type=\"application\/ld+json\" class=\"yoast-schema-graph\">{\"@context\":\"https:\\\/\\\/schema.org\",\"@graph\":[{\"@type\":\"Article\",\"@id\":\"https:\\\/\\\/jennipitko.fi\\\/koti\\\/saamelaistieto-lisaa-ymmarrysta-ja-sivistaa\\\/#article\",\"isPartOf\":{\"@id\":\"https:\\\/\\\/jennipitko.fi\\\/koti\\\/saamelaistieto-lisaa-ymmarrysta-ja-sivistaa\\\/\"},\"author\":{\"name\":\"Jenni\",\"@id\":\"https:\\\/\\\/jennipitko.fi\\\/koti\\\/#\\\/schema\\\/person\\\/35955c467f851f10124809310e7e7ee8\"},\"headline\":\"Saamelaistieto lis\u00e4\u00e4 ymm\u00e4rryst\u00e4 ja sivist\u00e4\u00e4\",\"datePublished\":\"2020-02-06T08:51:51+00:00\",\"dateModified\":\"2020-02-06T08:52:43+00:00\",\"mainEntityOfPage\":{\"@id\":\"https:\\\/\\\/jennipitko.fi\\\/koti\\\/saamelaistieto-lisaa-ymmarrysta-ja-sivistaa\\\/\"},\"wordCount\":411,\"publisher\":{\"@id\":\"https:\\\/\\\/jennipitko.fi\\\/koti\\\/#organization\"},\"keywords\":[\"saamelaiset\"],\"articleSection\":[\"Blogi\"],\"inLanguage\":\"fi\"},{\"@type\":\"WebPage\",\"@id\":\"https:\\\/\\\/jennipitko.fi\\\/koti\\\/saamelaistieto-lisaa-ymmarrysta-ja-sivistaa\\\/\",\"url\":\"https:\\\/\\\/jennipitko.fi\\\/koti\\\/saamelaistieto-lisaa-ymmarrysta-ja-sivistaa\\\/\",\"name\":\"Saamelaistieto lis\u00e4\u00e4 ymm\u00e4rryst\u00e4 ja sivist\u00e4\u00e4 - Jenni Pitko - Vihreiden varapuheenjohtaja, ymp\u00e4rist\u00f6valiokunnan puheenjohtaja, kansanedustaja ja arkkitehti Oulusta\",\"isPartOf\":{\"@id\":\"https:\\\/\\\/jennipitko.fi\\\/koti\\\/#website\"},\"datePublished\":\"2020-02-06T08:51:51+00:00\",\"dateModified\":\"2020-02-06T08:52:43+00:00\",\"description\":\"Havahduin vasta aikuisena siihen, ett\u00e4 tiesin aika v\u00e4h\u00e4n saamelaisista. Havahtumista seurasi ihmetys. Miten Lapissa kasvanut lapsi voi k\u00e4yd\u00e4 koko peruskoulun sek\u00e4 lukion tutustumatta kansaan, joka el\u00e4\u00e4 samoilla mailla?\",\"breadcrumb\":{\"@id\":\"https:\\\/\\\/jennipitko.fi\\\/koti\\\/saamelaistieto-lisaa-ymmarrysta-ja-sivistaa\\\/#breadcrumb\"},\"inLanguage\":\"fi\",\"potentialAction\":[{\"@type\":\"ReadAction\",\"target\":[\"https:\\\/\\\/jennipitko.fi\\\/koti\\\/saamelaistieto-lisaa-ymmarrysta-ja-sivistaa\\\/\"]}]},{\"@type\":\"BreadcrumbList\",\"@id\":\"https:\\\/\\\/jennipitko.fi\\\/koti\\\/saamelaistieto-lisaa-ymmarrysta-ja-sivistaa\\\/#breadcrumb\",\"itemListElement\":[{\"@type\":\"ListItem\",\"position\":1,\"name\":\"Home\",\"item\":\"https:\\\/\\\/jennipitko.fi\\\/koti\\\/\"},{\"@type\":\"ListItem\",\"position\":2,\"name\":\"Saamelaistieto lis\u00e4\u00e4 ymm\u00e4rryst\u00e4 ja sivist\u00e4\u00e4\"}]},{\"@type\":\"WebSite\",\"@id\":\"https:\\\/\\\/jennipitko.fi\\\/koti\\\/#website\",\"url\":\"https:\\\/\\\/jennipitko.fi\\\/koti\\\/\",\"name\":\"Jenni Pitko - Vihreiden varapuheenjohtaja, ymp\u00e4rist\u00f6valiokunnan puheenjohtaja, kansanedustaja ja arkkitehti Oulusta\",\"description\":\"Jenni Pitko - Vihreiden varapuheenjohtaja, ymp\u00e4rist\u00f6valiokunnan puheenjohtaja, kansanedustaja ja arkkitehti Oulusta\",\"publisher\":{\"@id\":\"https:\\\/\\\/jennipitko.fi\\\/koti\\\/#organization\"},\"potentialAction\":[{\"@type\":\"SearchAction\",\"target\":{\"@type\":\"EntryPoint\",\"urlTemplate\":\"https:\\\/\\\/jennipitko.fi\\\/koti\\\/?s={search_term_string}\"},\"query-input\":{\"@type\":\"PropertyValueSpecification\",\"valueRequired\":true,\"valueName\":\"search_term_string\"}}],\"inLanguage\":\"fi\"},{\"@type\":\"Organization\",\"@id\":\"https:\\\/\\\/jennipitko.fi\\\/koti\\\/#organization\",\"name\":\"Jenni Pitko - Vihreiden varapuheenjohtaja, ymp\u00e4rist\u00f6valiokunnan puheenjohtaja, kansanedustaja ja arkkitehti Oulusta\",\"url\":\"https:\\\/\\\/jennipitko.fi\\\/koti\\\/\",\"logo\":{\"@type\":\"ImageObject\",\"inLanguage\":\"fi\",\"@id\":\"https:\\\/\\\/jennipitko.fi\\\/koti\\\/#\\\/schema\\\/logo\\\/image\\\/\",\"url\":\"https:\\\/\\\/jennipitko.fi\\\/koti\\\/wp-content\\\/uploads\\\/2025\\\/09\\\/Nimeton-malli-38.png\",\"contentUrl\":\"https:\\\/\\\/jennipitko.fi\\\/koti\\\/wp-content\\\/uploads\\\/2025\\\/09\\\/Nimeton-malli-38.png\",\"width\":1280,\"height\":847,\"caption\":\"Jenni Pitko - Vihreiden varapuheenjohtaja, ymp\u00e4rist\u00f6valiokunnan puheenjohtaja, kansanedustaja ja arkkitehti Oulusta\"},\"image\":{\"@id\":\"https:\\\/\\\/jennipitko.fi\\\/koti\\\/#\\\/schema\\\/logo\\\/image\\\/\"}},{\"@type\":\"Person\",\"@id\":\"https:\\\/\\\/jennipitko.fi\\\/koti\\\/#\\\/schema\\\/person\\\/35955c467f851f10124809310e7e7ee8\",\"name\":\"Jenni\",\"image\":{\"@type\":\"ImageObject\",\"inLanguage\":\"fi\",\"@id\":\"https:\\\/\\\/secure.gravatar.com\\\/avatar\\\/625a0e6413b293da7739d42617828d564a4d6028aec3f45d8939a2ba1617199f?s=96&d=blank&r=g\",\"url\":\"https:\\\/\\\/secure.gravatar.com\\\/avatar\\\/625a0e6413b293da7739d42617828d564a4d6028aec3f45d8939a2ba1617199f?s=96&d=blank&r=g\",\"contentUrl\":\"https:\\\/\\\/secure.gravatar.com\\\/avatar\\\/625a0e6413b293da7739d42617828d564a4d6028aec3f45d8939a2ba1617199f?s=96&d=blank&r=g\",\"caption\":\"Jenni\"},\"url\":\"https:\\\/\\\/jennipitko.fi\\\/koti\\\/author\\\/jenni\\\/\"}]}<\/script>\n<!-- \/ Yoast SEO plugin. -->","yoast_head_json":{"title":"Saamelaistieto lis\u00e4\u00e4 ymm\u00e4rryst\u00e4 ja sivist\u00e4\u00e4 - Jenni Pitko - Vihreiden varapuheenjohtaja, ymp\u00e4rist\u00f6valiokunnan puheenjohtaja, kansanedustaja ja arkkitehti Oulusta","description":"Havahduin vasta aikuisena siihen, ett\u00e4 tiesin aika v\u00e4h\u00e4n saamelaisista. Havahtumista seurasi ihmetys. Miten Lapissa kasvanut lapsi voi k\u00e4yd\u00e4 koko peruskoulun sek\u00e4 lukion tutustumatta kansaan, joka el\u00e4\u00e4 samoilla mailla?","robots":{"index":"index","follow":"follow","max-snippet":"max-snippet:-1","max-image-preview":"max-image-preview:large","max-video-preview":"max-video-preview:-1"},"canonical":"https:\/\/jennipitko.fi\/koti\/saamelaistieto-lisaa-ymmarrysta-ja-sivistaa\/","og_locale":"fi_FI","og_type":"article","og_title":"Saamelaistieto lis\u00e4\u00e4 ymm\u00e4rryst\u00e4 ja sivist\u00e4\u00e4 - Jenni Pitko - Vihreiden varapuheenjohtaja, ymp\u00e4rist\u00f6valiokunnan puheenjohtaja, kansanedustaja ja arkkitehti Oulusta","og_description":"Havahduin vasta aikuisena siihen, ett\u00e4 tiesin aika v\u00e4h\u00e4n saamelaisista. Havahtumista seurasi ihmetys. Miten Lapissa kasvanut lapsi voi k\u00e4yd\u00e4 koko peruskoulun sek\u00e4 lukion tutustumatta kansaan, joka el\u00e4\u00e4 samoilla mailla?","og_url":"https:\/\/jennipitko.fi\/koti\/saamelaistieto-lisaa-ymmarrysta-ja-sivistaa\/","og_site_name":"Jenni Pitko - Vihreiden varapuheenjohtaja, ymp\u00e4rist\u00f6valiokunnan puheenjohtaja, kansanedustaja ja arkkitehti Oulusta","article_published_time":"2020-02-06T08:51:51+00:00","article_modified_time":"2020-02-06T08:52:43+00:00","author":"Jenni","twitter_card":"summary_large_image","twitter_misc":{"Kirjoittanut":"Jenni","Arvioitu lukuaika":"2 minuuttia"},"schema":{"@context":"https:\/\/schema.org","@graph":[{"@type":"Article","@id":"https:\/\/jennipitko.fi\/koti\/saamelaistieto-lisaa-ymmarrysta-ja-sivistaa\/#article","isPartOf":{"@id":"https:\/\/jennipitko.fi\/koti\/saamelaistieto-lisaa-ymmarrysta-ja-sivistaa\/"},"author":{"name":"Jenni","@id":"https:\/\/jennipitko.fi\/koti\/#\/schema\/person\/35955c467f851f10124809310e7e7ee8"},"headline":"Saamelaistieto lis\u00e4\u00e4 ymm\u00e4rryst\u00e4 ja sivist\u00e4\u00e4","datePublished":"2020-02-06T08:51:51+00:00","dateModified":"2020-02-06T08:52:43+00:00","mainEntityOfPage":{"@id":"https:\/\/jennipitko.fi\/koti\/saamelaistieto-lisaa-ymmarrysta-ja-sivistaa\/"},"wordCount":411,"publisher":{"@id":"https:\/\/jennipitko.fi\/koti\/#organization"},"keywords":["saamelaiset"],"articleSection":["Blogi"],"inLanguage":"fi"},{"@type":"WebPage","@id":"https:\/\/jennipitko.fi\/koti\/saamelaistieto-lisaa-ymmarrysta-ja-sivistaa\/","url":"https:\/\/jennipitko.fi\/koti\/saamelaistieto-lisaa-ymmarrysta-ja-sivistaa\/","name":"Saamelaistieto lis\u00e4\u00e4 ymm\u00e4rryst\u00e4 ja sivist\u00e4\u00e4 - Jenni Pitko - Vihreiden varapuheenjohtaja, ymp\u00e4rist\u00f6valiokunnan puheenjohtaja, kansanedustaja ja arkkitehti Oulusta","isPartOf":{"@id":"https:\/\/jennipitko.fi\/koti\/#website"},"datePublished":"2020-02-06T08:51:51+00:00","dateModified":"2020-02-06T08:52:43+00:00","description":"Havahduin vasta aikuisena siihen, ett\u00e4 tiesin aika v\u00e4h\u00e4n saamelaisista. Havahtumista seurasi ihmetys. Miten Lapissa kasvanut lapsi voi k\u00e4yd\u00e4 koko peruskoulun sek\u00e4 lukion tutustumatta kansaan, joka el\u00e4\u00e4 samoilla mailla?","breadcrumb":{"@id":"https:\/\/jennipitko.fi\/koti\/saamelaistieto-lisaa-ymmarrysta-ja-sivistaa\/#breadcrumb"},"inLanguage":"fi","potentialAction":[{"@type":"ReadAction","target":["https:\/\/jennipitko.fi\/koti\/saamelaistieto-lisaa-ymmarrysta-ja-sivistaa\/"]}]},{"@type":"BreadcrumbList","@id":"https:\/\/jennipitko.fi\/koti\/saamelaistieto-lisaa-ymmarrysta-ja-sivistaa\/#breadcrumb","itemListElement":[{"@type":"ListItem","position":1,"name":"Home","item":"https:\/\/jennipitko.fi\/koti\/"},{"@type":"ListItem","position":2,"name":"Saamelaistieto lis\u00e4\u00e4 ymm\u00e4rryst\u00e4 ja sivist\u00e4\u00e4"}]},{"@type":"WebSite","@id":"https:\/\/jennipitko.fi\/koti\/#website","url":"https:\/\/jennipitko.fi\/koti\/","name":"Jenni Pitko - Vihreiden varapuheenjohtaja, ymp\u00e4rist\u00f6valiokunnan puheenjohtaja, kansanedustaja ja arkkitehti Oulusta","description":"Jenni Pitko - Vihreiden varapuheenjohtaja, ymp\u00e4rist\u00f6valiokunnan puheenjohtaja, kansanedustaja ja arkkitehti Oulusta","publisher":{"@id":"https:\/\/jennipitko.fi\/koti\/#organization"},"potentialAction":[{"@type":"SearchAction","target":{"@type":"EntryPoint","urlTemplate":"https:\/\/jennipitko.fi\/koti\/?s={search_term_string}"},"query-input":{"@type":"PropertyValueSpecification","valueRequired":true,"valueName":"search_term_string"}}],"inLanguage":"fi"},{"@type":"Organization","@id":"https:\/\/jennipitko.fi\/koti\/#organization","name":"Jenni Pitko - Vihreiden varapuheenjohtaja, ymp\u00e4rist\u00f6valiokunnan puheenjohtaja, kansanedustaja ja arkkitehti Oulusta","url":"https:\/\/jennipitko.fi\/koti\/","logo":{"@type":"ImageObject","inLanguage":"fi","@id":"https:\/\/jennipitko.fi\/koti\/#\/schema\/logo\/image\/","url":"https:\/\/jennipitko.fi\/koti\/wp-content\/uploads\/2025\/09\/Nimeton-malli-38.png","contentUrl":"https:\/\/jennipitko.fi\/koti\/wp-content\/uploads\/2025\/09\/Nimeton-malli-38.png","width":1280,"height":847,"caption":"Jenni Pitko - Vihreiden varapuheenjohtaja, ymp\u00e4rist\u00f6valiokunnan puheenjohtaja, kansanedustaja ja arkkitehti Oulusta"},"image":{"@id":"https:\/\/jennipitko.fi\/koti\/#\/schema\/logo\/image\/"}},{"@type":"Person","@id":"https:\/\/jennipitko.fi\/koti\/#\/schema\/person\/35955c467f851f10124809310e7e7ee8","name":"Jenni","image":{"@type":"ImageObject","inLanguage":"fi","@id":"https:\/\/secure.gravatar.com\/avatar\/625a0e6413b293da7739d42617828d564a4d6028aec3f45d8939a2ba1617199f?s=96&d=blank&r=g","url":"https:\/\/secure.gravatar.com\/avatar\/625a0e6413b293da7739d42617828d564a4d6028aec3f45d8939a2ba1617199f?s=96&d=blank&r=g","contentUrl":"https:\/\/secure.gravatar.com\/avatar\/625a0e6413b293da7739d42617828d564a4d6028aec3f45d8939a2ba1617199f?s=96&d=blank&r=g","caption":"Jenni"},"url":"https:\/\/jennipitko.fi\/koti\/author\/jenni\/"}]}},"_links":{"self":[{"href":"https:\/\/jennipitko.fi\/koti\/wp-json\/wp\/v2\/posts\/2274","targetHints":{"allow":["GET"]}}],"collection":[{"href":"https:\/\/jennipitko.fi\/koti\/wp-json\/wp\/v2\/posts"}],"about":[{"href":"https:\/\/jennipitko.fi\/koti\/wp-json\/wp\/v2\/types\/post"}],"author":[{"embeddable":true,"href":"https:\/\/jennipitko.fi\/koti\/wp-json\/wp\/v2\/users\/1"}],"replies":[{"embeddable":true,"href":"https:\/\/jennipitko.fi\/koti\/wp-json\/wp\/v2\/comments?post=2274"}],"version-history":[{"count":1,"href":"https:\/\/jennipitko.fi\/koti\/wp-json\/wp\/v2\/posts\/2274\/revisions"}],"predecessor-version":[{"id":2275,"href":"https:\/\/jennipitko.fi\/koti\/wp-json\/wp\/v2\/posts\/2274\/revisions\/2275"}],"wp:attachment":[{"href":"https:\/\/jennipitko.fi\/koti\/wp-json\/wp\/v2\/media?parent=2274"}],"wp:term":[{"taxonomy":"category","embeddable":true,"href":"https:\/\/jennipitko.fi\/koti\/wp-json\/wp\/v2\/categories?post=2274"},{"taxonomy":"post_tag","embeddable":true,"href":"https:\/\/jennipitko.fi\/koti\/wp-json\/wp\/v2\/tags?post=2274"}],"curies":[{"name":"wp","href":"https:\/\/api.w.org\/{rel}","templated":true}]}}