{"id":2276,"date":"2020-02-24T09:52:14","date_gmt":"2020-02-24T07:52:14","guid":{"rendered":"http:\/\/jennipitko.fi\/koti\/?p=2276"},"modified":"2020-02-24T09:52:17","modified_gmt":"2020-02-24T07:52:17","slug":"naisia-ei-saa-sivuuttaa-metsapaatoksenteossa","status":"publish","type":"post","link":"https:\/\/jennipitko.fi\/koti\/naisia-ei-saa-sivuuttaa-metsapaatoksenteossa\/","title":{"rendered":"Naisia ei saa sivuuttaa mets\u00e4p\u00e4\u00e4t\u00f6ksenteossa"},"content":{"rendered":"\n<p>J\u00e4tin 21.2. hallitukselle kirjallisen kysymyksen siit\u00e4, miten naiset voidaan ottaa paremmin huomioon metsien hoidosta p\u00e4\u00e4tett\u00e4ess\u00e4. Nykyisell\u00e4\u00e4n p\u00e4\u00e4t\u00f6ksenteko ei ole tasa-arvoista.&nbsp;<br><\/p>\n\n\n\n<p>Vaikka jopa 45% mets\u00e4nomistajista on naisia, vain 20% mets\u00e4tilan hoidosta vastaavista on naisia. Joskus metsiin liittyviss\u00e4 p\u00e4\u00e4t\u00f6ksiss\u00e4 ollaan yhteydess\u00e4 naisen aviomieheen, vaikka mies ei mets\u00e4\u00e4 omistaisikaan. Vaikka naiset siis omistavat mets\u00e4\u00e4, he eiv\u00e4t l\u00e4hesk\u00e4\u00e4n aina saa p\u00e4\u00e4tt\u00e4\u00e4 metsist\u00e4\u00e4n. T\u00e4h\u00e4n on saatava muutos.<br><\/p>\n\n\n\n<p>Mets\u00e4t puhuttavat nyt paljon, mutta eiv\u00e4t juuri sukupuolin\u00e4k\u00f6kulmasta. Mets\u00e4ala on perinteisesti ollut miesvaltainen ja on yleist\u00e4, ett\u00e4 mets\u00e4t periytyv\u00e4t is\u00e4lt\u00e4 pojalle. Naisia on kuitenkin mets\u00e4nomistajien joukossa paljon etenkin, kun otetaan huomioon yhteisomistuksessa olevat mets\u00e4t.&nbsp;<br><\/p>\n\n\n\n<p>Suomen metsien hiilinielu on pienentynyt 2000-luvulla eik\u00e4 mets\u00e4lajien uhanalaistumista ole saatu pys\u00e4ytetty\u00e4. Naismets\u00e4nomistajat ovat tutkimusten mukaan miehi\u00e4 kiinnostuneempia metsien suojelusta ja metsien hoidosta jatkuvan kasvatuksen periaatteiden mukaisesti. Mik\u00e4li mets\u00e4nomistajat haluavat olla mukana torjumassa ilmastonmuutosta ja suojelemassa mets\u00e4luonnon monimuotoisuutta, on n\u00e4it\u00e4 toiveita kuunneltava.&nbsp;<br><\/p>\n\n\n\n<p>On k\u00e4sitt\u00e4m\u00e4t\u00f6nt\u00e4, ett\u00e4 mets\u00e4nomistajan toiveita ei oteta huomioon siksi, ett\u00e4 mets\u00e4nomistaja on nainen. Siksi j\u00e4tin t\u00e4n\u00e4\u00e4n hallitukselle kirjallisen kysymyksen siit\u00e4, miten naisia voidaan paremmin osaltaa metsi\u00e4 koskevassa p\u00e4\u00e4t\u00f6ksenteossa.<br><\/p>\n\n\n\n<p>Kirjallinen kysymys:<br><br>Eduskunnan puhemiehelle<\/p>\n\n\n\n<p>Yksityishenkil\u00f6t omistavat noin 60 prosenttia Suomen mets\u00e4alasta. Siksi ilmaston ja luonnon monimuotoisuuden huomioivasta mets\u00e4nhoidosta puhuttaessa on teht\u00e4v\u00e4 tiivist\u00e4 yhteisty\u00f6t\u00e4 moninaisen mets\u00e4nomistajakent\u00e4n kanssa.<\/p>\n\n\n\n<p>Suomalaisista metsien omistajista naisia on yhteens\u00e4 n. 40\u201345 prosenttia. Yksin mets\u00e4\u00e4 omistavista naisia on noin 25%. Naisten osuus mets\u00e4nomistajissa on kasvanut, mutta vain joka nelj\u00e4nnest\u00e4 mets\u00e4tilan hoidosta vastaa nainen. Mets\u00e4nhoito on sukupuolittunutta, tasaisesta omistuspohjasta huolimatta.<\/p>\n\n\n\n<p>Lokakuussa 2019 julkaistussa Naisj\u00e4rjest\u00f6jen keskusliiton Pekingin +25 -raportissa todettiin, ett\u00e4 naisten \u00e4\u00e4ni saattaa j\u00e4\u00e4d\u00e4 metsi\u00e4 koskevassa p\u00e4\u00e4t\u00f6ksenteossa katveeseen. Valitettavan usein on my\u00f6s niin, ett\u00e4 naisia mets\u00e4nomistajina ei oteta vakavasti. Naisomistaja saatetaan ohittaa ja mets\u00e4nhoidollisissa asioissa ollaan mieluummin yhteydess\u00e4 esimerkiksi naisen aviomieheen, vaikka mies ei mets\u00e4\u00e4 omistaisikaan.<\/p>\n\n\n\n<p>Tutkimuksissa on todettu, ett\u00e4 naisten osallistuminen mets\u00e4p\u00e4\u00e4t\u00f6ksentekoon edesauttaa kest\u00e4vi\u00e4 mets\u00e4nhoitotapoja. Naiset mets\u00e4nomistajina ovat keskim\u00e4\u00e4rin miehi\u00e4 korkeammin koulutettuja ja hy\u00f6dynt\u00e4v\u00e4t koulutuksia sek\u00e4 neuvontaa miehi\u00e4 enemm\u00e4n.<\/p>\n\n\n\n<p>Edell\u00e4 olevan perusteella ja eduskunnan ty\u00f6j\u00e4rjestyksen 27 \u00a7:\u00e4\u00e4n viitaten esit\u00e4n asianomaisen ministerin vastattavaksi seuraavan kysymyksen:&nbsp;<\/p>\n\n\n\n<p><em>aikooko hallitus edist\u00e4\u00e4 naisten osallistumista metsi\u00e4 koskevaan p\u00e4\u00e4t\u00f6ksentekoon?<\/em><\/p>\n\n\n\n<p>Helsingiss\u00e4 21.2.2020<\/p>\n\n\n\n<p>Jenni Pitko, Vihre\u00e4 eduskuntaryhm\u00e4<br><\/p>\n","protected":false},"excerpt":{"rendered":"<p>J\u00e4tin 21.2. hallitukselle kirjallisen kysymyksen siit\u00e4, miten naiset voidaan ottaa paremmin huomioon metsien hoidosta p\u00e4\u00e4tett\u00e4ess\u00e4. Nykyisell\u00e4\u00e4n p\u00e4\u00e4t\u00f6ksenteko ei ole tasa-arvoista.&nbsp; [&hellip;]<\/p>\n","protected":false},"author":1,"featured_media":0,"comment_status":"closed","ping_status":"closed","sticky":false,"template":"","format":"standard","meta":{"_monsterinsights_skip_tracking":false,"_monsterinsights_sitenote_active":false,"_monsterinsights_sitenote_note":"","_monsterinsights_sitenote_category":0,"site-sidebar-layout":"default","site-content-layout":"","ast-site-content-layout":"default","site-content-style":"default","site-sidebar-style":"default","ast-global-header-display":"","ast-banner-title-visibility":"","ast-main-header-display":"","ast-hfb-above-header-display":"","ast-hfb-below-header-display":"","ast-hfb-mobile-header-display":"","site-post-title":"","ast-breadcrumbs-content":"","ast-featured-img":"","footer-sml-layout":"","ast-disable-related-posts":"","theme-transparent-header-meta":"","adv-header-id-meta":"","stick-header-meta":"","header-above-stick-meta":"","header-main-stick-meta":"","header-below-stick-meta":"","astra-migrate-meta-layouts":"default","ast-page-background-enabled":"default","ast-page-background-meta":{"desktop":{"background-color":"var(--ast-global-color-5)","background-image":"","background-repeat":"repeat","background-position":"center center","background-size":"auto","background-attachment":"scroll","background-type":"","background-media":"","overlay-type":"","overlay-color":"","overlay-opacity":"","overlay-gradient":""},"tablet":{"background-color":"","background-image":"","background-repeat":"repeat","background-position":"center center","background-size":"auto","background-attachment":"scroll","background-type":"","background-media":"","overlay-type":"","overlay-color":"","overlay-opacity":"","overlay-gradient":""},"mobile":{"background-color":"","background-image":"","background-repeat":"repeat","background-position":"center center","background-size":"auto","background-attachment":"scroll","background-type":"","background-media":"","overlay-type":"","overlay-color":"","overlay-opacity":"","overlay-gradient":""}},"ast-content-background-meta":{"desktop":{"background-color":"var(--ast-global-color-4)","background-image":"","background-repeat":"repeat","background-position":"center center","background-size":"auto","background-attachment":"scroll","background-type":"","background-media":"","overlay-type":"","overlay-color":"","overlay-opacity":"","overlay-gradient":""},"tablet":{"background-color":"var(--ast-global-color-4)","background-image":"","background-repeat":"repeat","background-position":"center center","background-size":"auto","background-attachment":"scroll","background-type":"","background-media":"","overlay-type":"","overlay-color":"","overlay-opacity":"","overlay-gradient":""},"mobile":{"background-color":"var(--ast-global-color-4)","background-image":"","background-repeat":"repeat","background-position":"center center","background-size":"auto","background-attachment":"scroll","background-type":"","background-media":"","overlay-type":"","overlay-color":"","overlay-opacity":"","overlay-gradient":""}},"footnotes":""},"categories":[2,117,359],"tags":[374,378,379,377,111],"class_list":["post-2276","post","type-post","status-publish","format-standard","hentry","category-blogi","category-tiedotteet","category-valtiopaivatoimet","tag-metsa","tag-metsanhoito","tag-metsatalous","tag-naiset","tag-tasa-arvo"],"yoast_head":"<!-- This site is optimized with the Yoast SEO plugin v27.5 - https:\/\/yoast.com\/product\/yoast-seo-wordpress\/ -->\n<title>Naisia ei saa sivuuttaa mets\u00e4p\u00e4\u00e4t\u00f6ksenteossa - Jenni Pitko - Vihreiden varapuheenjohtaja, ymp\u00e4rist\u00f6valiokunnan puheenjohtaja, kansanedustaja ja arkkitehti Oulusta<\/title>\n<meta name=\"description\" content=\"J\u00e4tin 21.2. hallitukselle kirjallisen kysymyksen siit\u00e4, miten naiset voidaan ottaa paremmin huomioon metsien hoidosta p\u00e4\u00e4tett\u00e4ess\u00e4. Nykyisell\u00e4\u00e4n p\u00e4\u00e4t\u00f6ksenteko ei ole tasa-arvoista.\" \/>\n<meta name=\"robots\" content=\"index, follow, max-snippet:-1, max-image-preview:large, max-video-preview:-1\" \/>\n<link rel=\"canonical\" href=\"https:\/\/jennipitko.fi\/koti\/naisia-ei-saa-sivuuttaa-metsapaatoksenteossa\/\" \/>\n<meta property=\"og:locale\" content=\"fi_FI\" \/>\n<meta property=\"og:type\" content=\"article\" \/>\n<meta property=\"og:title\" content=\"Naisia ei saa sivuuttaa mets\u00e4p\u00e4\u00e4t\u00f6ksenteossa - Jenni Pitko - Vihreiden varapuheenjohtaja, ymp\u00e4rist\u00f6valiokunnan puheenjohtaja, kansanedustaja ja arkkitehti Oulusta\" \/>\n<meta property=\"og:description\" content=\"J\u00e4tin 21.2. hallitukselle kirjallisen kysymyksen siit\u00e4, miten naiset voidaan ottaa paremmin huomioon metsien hoidosta p\u00e4\u00e4tett\u00e4ess\u00e4. Nykyisell\u00e4\u00e4n p\u00e4\u00e4t\u00f6ksenteko ei ole tasa-arvoista.\" \/>\n<meta property=\"og:url\" content=\"https:\/\/jennipitko.fi\/koti\/naisia-ei-saa-sivuuttaa-metsapaatoksenteossa\/\" \/>\n<meta property=\"og:site_name\" content=\"Jenni Pitko - Vihreiden varapuheenjohtaja, ymp\u00e4rist\u00f6valiokunnan puheenjohtaja, kansanedustaja ja arkkitehti Oulusta\" \/>\n<meta property=\"article:published_time\" content=\"2020-02-24T07:52:14+00:00\" \/>\n<meta property=\"article:modified_time\" content=\"2020-02-24T07:52:17+00:00\" \/>\n<meta name=\"author\" content=\"Jenni\" \/>\n<meta name=\"twitter:card\" content=\"summary_large_image\" \/>\n<meta name=\"twitter:label1\" content=\"Kirjoittanut\" \/>\n\t<meta name=\"twitter:data1\" content=\"Jenni\" \/>\n\t<meta name=\"twitter:label2\" content=\"Arvioitu lukuaika\" \/>\n\t<meta name=\"twitter:data2\" content=\"2 minuuttia\" \/>\n<script type=\"application\/ld+json\" class=\"yoast-schema-graph\">{\"@context\":\"https:\\\/\\\/schema.org\",\"@graph\":[{\"@type\":\"Article\",\"@id\":\"https:\\\/\\\/jennipitko.fi\\\/koti\\\/naisia-ei-saa-sivuuttaa-metsapaatoksenteossa\\\/#article\",\"isPartOf\":{\"@id\":\"https:\\\/\\\/jennipitko.fi\\\/koti\\\/naisia-ei-saa-sivuuttaa-metsapaatoksenteossa\\\/\"},\"author\":{\"name\":\"Jenni\",\"@id\":\"https:\\\/\\\/jennipitko.fi\\\/koti\\\/#\\\/schema\\\/person\\\/35955c467f851f10124809310e7e7ee8\"},\"headline\":\"Naisia ei saa sivuuttaa mets\u00e4p\u00e4\u00e4t\u00f6ksenteossa\",\"datePublished\":\"2020-02-24T07:52:14+00:00\",\"dateModified\":\"2020-02-24T07:52:17+00:00\",\"mainEntityOfPage\":{\"@id\":\"https:\\\/\\\/jennipitko.fi\\\/koti\\\/naisia-ei-saa-sivuuttaa-metsapaatoksenteossa\\\/\"},\"wordCount\":408,\"publisher\":{\"@id\":\"https:\\\/\\\/jennipitko.fi\\\/koti\\\/#organization\"},\"keywords\":[\"mets\u00e4\",\"mets\u00e4nhoito\",\"mets\u00e4talous\",\"naiset\",\"tasa-arvo\"],\"articleSection\":[\"Blogi\",\"Tiedotteet\",\"Valtiop\u00e4iv\u00e4toimet\"],\"inLanguage\":\"fi\"},{\"@type\":\"WebPage\",\"@id\":\"https:\\\/\\\/jennipitko.fi\\\/koti\\\/naisia-ei-saa-sivuuttaa-metsapaatoksenteossa\\\/\",\"url\":\"https:\\\/\\\/jennipitko.fi\\\/koti\\\/naisia-ei-saa-sivuuttaa-metsapaatoksenteossa\\\/\",\"name\":\"Naisia ei saa sivuuttaa mets\u00e4p\u00e4\u00e4t\u00f6ksenteossa - Jenni Pitko - Vihreiden varapuheenjohtaja, ymp\u00e4rist\u00f6valiokunnan puheenjohtaja, kansanedustaja ja arkkitehti Oulusta\",\"isPartOf\":{\"@id\":\"https:\\\/\\\/jennipitko.fi\\\/koti\\\/#website\"},\"datePublished\":\"2020-02-24T07:52:14+00:00\",\"dateModified\":\"2020-02-24T07:52:17+00:00\",\"description\":\"J\u00e4tin 21.2. hallitukselle kirjallisen kysymyksen siit\u00e4, miten naiset voidaan ottaa paremmin huomioon metsien hoidosta p\u00e4\u00e4tett\u00e4ess\u00e4. Nykyisell\u00e4\u00e4n p\u00e4\u00e4t\u00f6ksenteko ei ole tasa-arvoista.\",\"breadcrumb\":{\"@id\":\"https:\\\/\\\/jennipitko.fi\\\/koti\\\/naisia-ei-saa-sivuuttaa-metsapaatoksenteossa\\\/#breadcrumb\"},\"inLanguage\":\"fi\",\"potentialAction\":[{\"@type\":\"ReadAction\",\"target\":[\"https:\\\/\\\/jennipitko.fi\\\/koti\\\/naisia-ei-saa-sivuuttaa-metsapaatoksenteossa\\\/\"]}]},{\"@type\":\"BreadcrumbList\",\"@id\":\"https:\\\/\\\/jennipitko.fi\\\/koti\\\/naisia-ei-saa-sivuuttaa-metsapaatoksenteossa\\\/#breadcrumb\",\"itemListElement\":[{\"@type\":\"ListItem\",\"position\":1,\"name\":\"Home\",\"item\":\"https:\\\/\\\/jennipitko.fi\\\/koti\\\/\"},{\"@type\":\"ListItem\",\"position\":2,\"name\":\"Naisia ei saa sivuuttaa mets\u00e4p\u00e4\u00e4t\u00f6ksenteossa\"}]},{\"@type\":\"WebSite\",\"@id\":\"https:\\\/\\\/jennipitko.fi\\\/koti\\\/#website\",\"url\":\"https:\\\/\\\/jennipitko.fi\\\/koti\\\/\",\"name\":\"Jenni Pitko - Vihreiden varapuheenjohtaja, ymp\u00e4rist\u00f6valiokunnan puheenjohtaja, kansanedustaja ja arkkitehti Oulusta\",\"description\":\"Jenni Pitko - Vihreiden varapuheenjohtaja, ymp\u00e4rist\u00f6valiokunnan puheenjohtaja, kansanedustaja ja arkkitehti Oulusta\",\"publisher\":{\"@id\":\"https:\\\/\\\/jennipitko.fi\\\/koti\\\/#organization\"},\"potentialAction\":[{\"@type\":\"SearchAction\",\"target\":{\"@type\":\"EntryPoint\",\"urlTemplate\":\"https:\\\/\\\/jennipitko.fi\\\/koti\\\/?s={search_term_string}\"},\"query-input\":{\"@type\":\"PropertyValueSpecification\",\"valueRequired\":true,\"valueName\":\"search_term_string\"}}],\"inLanguage\":\"fi\"},{\"@type\":\"Organization\",\"@id\":\"https:\\\/\\\/jennipitko.fi\\\/koti\\\/#organization\",\"name\":\"Jenni Pitko - Vihreiden varapuheenjohtaja, ymp\u00e4rist\u00f6valiokunnan puheenjohtaja, kansanedustaja ja arkkitehti Oulusta\",\"url\":\"https:\\\/\\\/jennipitko.fi\\\/koti\\\/\",\"logo\":{\"@type\":\"ImageObject\",\"inLanguage\":\"fi\",\"@id\":\"https:\\\/\\\/jennipitko.fi\\\/koti\\\/#\\\/schema\\\/logo\\\/image\\\/\",\"url\":\"https:\\\/\\\/jennipitko.fi\\\/koti\\\/wp-content\\\/uploads\\\/2025\\\/09\\\/Nimeton-malli-38.png\",\"contentUrl\":\"https:\\\/\\\/jennipitko.fi\\\/koti\\\/wp-content\\\/uploads\\\/2025\\\/09\\\/Nimeton-malli-38.png\",\"width\":1280,\"height\":847,\"caption\":\"Jenni Pitko - Vihreiden varapuheenjohtaja, ymp\u00e4rist\u00f6valiokunnan puheenjohtaja, kansanedustaja ja arkkitehti Oulusta\"},\"image\":{\"@id\":\"https:\\\/\\\/jennipitko.fi\\\/koti\\\/#\\\/schema\\\/logo\\\/image\\\/\"}},{\"@type\":\"Person\",\"@id\":\"https:\\\/\\\/jennipitko.fi\\\/koti\\\/#\\\/schema\\\/person\\\/35955c467f851f10124809310e7e7ee8\",\"name\":\"Jenni\",\"image\":{\"@type\":\"ImageObject\",\"inLanguage\":\"fi\",\"@id\":\"https:\\\/\\\/secure.gravatar.com\\\/avatar\\\/625a0e6413b293da7739d42617828d564a4d6028aec3f45d8939a2ba1617199f?s=96&d=blank&r=g\",\"url\":\"https:\\\/\\\/secure.gravatar.com\\\/avatar\\\/625a0e6413b293da7739d42617828d564a4d6028aec3f45d8939a2ba1617199f?s=96&d=blank&r=g\",\"contentUrl\":\"https:\\\/\\\/secure.gravatar.com\\\/avatar\\\/625a0e6413b293da7739d42617828d564a4d6028aec3f45d8939a2ba1617199f?s=96&d=blank&r=g\",\"caption\":\"Jenni\"},\"url\":\"https:\\\/\\\/jennipitko.fi\\\/koti\\\/author\\\/jenni\\\/\"}]}<\/script>\n<!-- \/ Yoast SEO plugin. -->","yoast_head_json":{"title":"Naisia ei saa sivuuttaa mets\u00e4p\u00e4\u00e4t\u00f6ksenteossa - Jenni Pitko - Vihreiden varapuheenjohtaja, ymp\u00e4rist\u00f6valiokunnan puheenjohtaja, kansanedustaja ja arkkitehti Oulusta","description":"J\u00e4tin 21.2. hallitukselle kirjallisen kysymyksen siit\u00e4, miten naiset voidaan ottaa paremmin huomioon metsien hoidosta p\u00e4\u00e4tett\u00e4ess\u00e4. Nykyisell\u00e4\u00e4n p\u00e4\u00e4t\u00f6ksenteko ei ole tasa-arvoista.","robots":{"index":"index","follow":"follow","max-snippet":"max-snippet:-1","max-image-preview":"max-image-preview:large","max-video-preview":"max-video-preview:-1"},"canonical":"https:\/\/jennipitko.fi\/koti\/naisia-ei-saa-sivuuttaa-metsapaatoksenteossa\/","og_locale":"fi_FI","og_type":"article","og_title":"Naisia ei saa sivuuttaa mets\u00e4p\u00e4\u00e4t\u00f6ksenteossa - Jenni Pitko - Vihreiden varapuheenjohtaja, ymp\u00e4rist\u00f6valiokunnan puheenjohtaja, kansanedustaja ja arkkitehti Oulusta","og_description":"J\u00e4tin 21.2. hallitukselle kirjallisen kysymyksen siit\u00e4, miten naiset voidaan ottaa paremmin huomioon metsien hoidosta p\u00e4\u00e4tett\u00e4ess\u00e4. Nykyisell\u00e4\u00e4n p\u00e4\u00e4t\u00f6ksenteko ei ole tasa-arvoista.","og_url":"https:\/\/jennipitko.fi\/koti\/naisia-ei-saa-sivuuttaa-metsapaatoksenteossa\/","og_site_name":"Jenni Pitko - Vihreiden varapuheenjohtaja, ymp\u00e4rist\u00f6valiokunnan puheenjohtaja, kansanedustaja ja arkkitehti Oulusta","article_published_time":"2020-02-24T07:52:14+00:00","article_modified_time":"2020-02-24T07:52:17+00:00","author":"Jenni","twitter_card":"summary_large_image","twitter_misc":{"Kirjoittanut":"Jenni","Arvioitu lukuaika":"2 minuuttia"},"schema":{"@context":"https:\/\/schema.org","@graph":[{"@type":"Article","@id":"https:\/\/jennipitko.fi\/koti\/naisia-ei-saa-sivuuttaa-metsapaatoksenteossa\/#article","isPartOf":{"@id":"https:\/\/jennipitko.fi\/koti\/naisia-ei-saa-sivuuttaa-metsapaatoksenteossa\/"},"author":{"name":"Jenni","@id":"https:\/\/jennipitko.fi\/koti\/#\/schema\/person\/35955c467f851f10124809310e7e7ee8"},"headline":"Naisia ei saa sivuuttaa mets\u00e4p\u00e4\u00e4t\u00f6ksenteossa","datePublished":"2020-02-24T07:52:14+00:00","dateModified":"2020-02-24T07:52:17+00:00","mainEntityOfPage":{"@id":"https:\/\/jennipitko.fi\/koti\/naisia-ei-saa-sivuuttaa-metsapaatoksenteossa\/"},"wordCount":408,"publisher":{"@id":"https:\/\/jennipitko.fi\/koti\/#organization"},"keywords":["mets\u00e4","mets\u00e4nhoito","mets\u00e4talous","naiset","tasa-arvo"],"articleSection":["Blogi","Tiedotteet","Valtiop\u00e4iv\u00e4toimet"],"inLanguage":"fi"},{"@type":"WebPage","@id":"https:\/\/jennipitko.fi\/koti\/naisia-ei-saa-sivuuttaa-metsapaatoksenteossa\/","url":"https:\/\/jennipitko.fi\/koti\/naisia-ei-saa-sivuuttaa-metsapaatoksenteossa\/","name":"Naisia ei saa sivuuttaa mets\u00e4p\u00e4\u00e4t\u00f6ksenteossa - Jenni Pitko - Vihreiden varapuheenjohtaja, ymp\u00e4rist\u00f6valiokunnan puheenjohtaja, kansanedustaja ja arkkitehti Oulusta","isPartOf":{"@id":"https:\/\/jennipitko.fi\/koti\/#website"},"datePublished":"2020-02-24T07:52:14+00:00","dateModified":"2020-02-24T07:52:17+00:00","description":"J\u00e4tin 21.2. hallitukselle kirjallisen kysymyksen siit\u00e4, miten naiset voidaan ottaa paremmin huomioon metsien hoidosta p\u00e4\u00e4tett\u00e4ess\u00e4. Nykyisell\u00e4\u00e4n p\u00e4\u00e4t\u00f6ksenteko ei ole tasa-arvoista.","breadcrumb":{"@id":"https:\/\/jennipitko.fi\/koti\/naisia-ei-saa-sivuuttaa-metsapaatoksenteossa\/#breadcrumb"},"inLanguage":"fi","potentialAction":[{"@type":"ReadAction","target":["https:\/\/jennipitko.fi\/koti\/naisia-ei-saa-sivuuttaa-metsapaatoksenteossa\/"]}]},{"@type":"BreadcrumbList","@id":"https:\/\/jennipitko.fi\/koti\/naisia-ei-saa-sivuuttaa-metsapaatoksenteossa\/#breadcrumb","itemListElement":[{"@type":"ListItem","position":1,"name":"Home","item":"https:\/\/jennipitko.fi\/koti\/"},{"@type":"ListItem","position":2,"name":"Naisia ei saa sivuuttaa mets\u00e4p\u00e4\u00e4t\u00f6ksenteossa"}]},{"@type":"WebSite","@id":"https:\/\/jennipitko.fi\/koti\/#website","url":"https:\/\/jennipitko.fi\/koti\/","name":"Jenni Pitko - Vihreiden varapuheenjohtaja, ymp\u00e4rist\u00f6valiokunnan puheenjohtaja, kansanedustaja ja arkkitehti Oulusta","description":"Jenni Pitko - Vihreiden varapuheenjohtaja, ymp\u00e4rist\u00f6valiokunnan puheenjohtaja, kansanedustaja ja arkkitehti Oulusta","publisher":{"@id":"https:\/\/jennipitko.fi\/koti\/#organization"},"potentialAction":[{"@type":"SearchAction","target":{"@type":"EntryPoint","urlTemplate":"https:\/\/jennipitko.fi\/koti\/?s={search_term_string}"},"query-input":{"@type":"PropertyValueSpecification","valueRequired":true,"valueName":"search_term_string"}}],"inLanguage":"fi"},{"@type":"Organization","@id":"https:\/\/jennipitko.fi\/koti\/#organization","name":"Jenni Pitko - Vihreiden varapuheenjohtaja, ymp\u00e4rist\u00f6valiokunnan puheenjohtaja, kansanedustaja ja arkkitehti Oulusta","url":"https:\/\/jennipitko.fi\/koti\/","logo":{"@type":"ImageObject","inLanguage":"fi","@id":"https:\/\/jennipitko.fi\/koti\/#\/schema\/logo\/image\/","url":"https:\/\/jennipitko.fi\/koti\/wp-content\/uploads\/2025\/09\/Nimeton-malli-38.png","contentUrl":"https:\/\/jennipitko.fi\/koti\/wp-content\/uploads\/2025\/09\/Nimeton-malli-38.png","width":1280,"height":847,"caption":"Jenni Pitko - Vihreiden varapuheenjohtaja, ymp\u00e4rist\u00f6valiokunnan puheenjohtaja, kansanedustaja ja arkkitehti Oulusta"},"image":{"@id":"https:\/\/jennipitko.fi\/koti\/#\/schema\/logo\/image\/"}},{"@type":"Person","@id":"https:\/\/jennipitko.fi\/koti\/#\/schema\/person\/35955c467f851f10124809310e7e7ee8","name":"Jenni","image":{"@type":"ImageObject","inLanguage":"fi","@id":"https:\/\/secure.gravatar.com\/avatar\/625a0e6413b293da7739d42617828d564a4d6028aec3f45d8939a2ba1617199f?s=96&d=blank&r=g","url":"https:\/\/secure.gravatar.com\/avatar\/625a0e6413b293da7739d42617828d564a4d6028aec3f45d8939a2ba1617199f?s=96&d=blank&r=g","contentUrl":"https:\/\/secure.gravatar.com\/avatar\/625a0e6413b293da7739d42617828d564a4d6028aec3f45d8939a2ba1617199f?s=96&d=blank&r=g","caption":"Jenni"},"url":"https:\/\/jennipitko.fi\/koti\/author\/jenni\/"}]}},"_links":{"self":[{"href":"https:\/\/jennipitko.fi\/koti\/wp-json\/wp\/v2\/posts\/2276","targetHints":{"allow":["GET"]}}],"collection":[{"href":"https:\/\/jennipitko.fi\/koti\/wp-json\/wp\/v2\/posts"}],"about":[{"href":"https:\/\/jennipitko.fi\/koti\/wp-json\/wp\/v2\/types\/post"}],"author":[{"embeddable":true,"href":"https:\/\/jennipitko.fi\/koti\/wp-json\/wp\/v2\/users\/1"}],"replies":[{"embeddable":true,"href":"https:\/\/jennipitko.fi\/koti\/wp-json\/wp\/v2\/comments?post=2276"}],"version-history":[{"count":1,"href":"https:\/\/jennipitko.fi\/koti\/wp-json\/wp\/v2\/posts\/2276\/revisions"}],"predecessor-version":[{"id":2277,"href":"https:\/\/jennipitko.fi\/koti\/wp-json\/wp\/v2\/posts\/2276\/revisions\/2277"}],"wp:attachment":[{"href":"https:\/\/jennipitko.fi\/koti\/wp-json\/wp\/v2\/media?parent=2276"}],"wp:term":[{"taxonomy":"category","embeddable":true,"href":"https:\/\/jennipitko.fi\/koti\/wp-json\/wp\/v2\/categories?post=2276"},{"taxonomy":"post_tag","embeddable":true,"href":"https:\/\/jennipitko.fi\/koti\/wp-json\/wp\/v2\/tags?post=2276"}],"curies":[{"name":"wp","href":"https:\/\/api.w.org\/{rel}","templated":true}]}}