{"id":2282,"date":"2020-04-06T10:37:27","date_gmt":"2020-04-06T08:37:27","guid":{"rendered":"http:\/\/jennipitko.fi\/koti\/?p=2282"},"modified":"2020-04-06T10:37:30","modified_gmt":"2020-04-06T08:37:30","slug":"koronakriisia-ei-ratkaista-ilman-tutkijoita","status":"publish","type":"post","link":"https:\/\/jennipitko.fi\/koti\/koronakriisia-ei-ratkaista-ilman-tutkijoita\/","title":{"rendered":"Koronakriisi\u00e4 ei ratkaista ilman tutkijoita"},"content":{"rendered":"\n<p>Tutkijoille koronaviruksen aiheuttama pandemia ei tullut yll\u00e4tyksen\u00e4. Oli vain ajan kysymys, milloin sika- ja lintuinfluenssan jatkoksi ilmestyy uusi tauti. Nyt koronaviruksen saavuttua sen taltuttamiseksi ty\u00f6skentelee t\u00e4ll\u00e4 hetkell\u00e4 l\u00e4\u00e4ke-, yhteiskunta-, luonnon- ja taloustieteiden tutkijat ymp\u00e4ri maailmaa. Ilman heit\u00e4 emme t\u00e4st\u00e4 kriisist\u00e4 selvi\u00e4, sill\u00e4 emme osaisi valita parhaita keinoja.<\/p>\n\n\n\n<p>Laadukas ja vapaa tutkimus on yhteiskuntamme kulmakivi. Koronakriisiss\u00e4 tutkijat ovat kultaakin kalliimpia. Avainasemassa ovat l\u00e4\u00e4ke- ja terveystieteen tutkijat, matemaatikot, tilastotieteilij\u00e4t sek\u00e4 epidemiologit. He tekev\u00e4t pitk\u00e4\u00e4 p\u00e4iv\u00e4\u00e4 ennustaen pandemian kulkua ja terveydenhuollon kapasiteetin riitt\u00e4vyytt\u00e4.&nbsp;<\/p>\n\n\n\n<p>Akuutin ihmishenkien pelastamisen lis\u00e4ksi on v\u00e4ltt\u00e4m\u00e4t\u00f6nt\u00e4 kehitt\u00e4\u00e4 virusta vastaan rokote. Sit\u00e4 varten tarvitsemme kuitenkin virologeja, koska itse SARS-CoV-2 -viruksesta ei viel\u00e4 tiedet\u00e4 kaikkea. Vaikka viruksen koko DNA sekvensoitiin eli luettiin enn\u00e4tysajassa, on siit\u00e4 viel\u00e4 matkaa rokotteen kehitt\u00e4miseen. Rokotetta varten on saatava selville viruksen kuoren proteiinien rakenne.&nbsp;<\/p>\n\n\n\n<p>Kriisi ei ole kuitenkaan ainoastaan luonnontieteellinen. Kyse on my\u00f6s yhteiskunnallisesta, taloudellisesta ja henkisest\u00e4 muutoksesta. Taudin levi\u00e4misen est\u00e4miseksi on rajoitettava ihmisten perusoikeuksia. Oikeustieteilij\u00f6iden asiantuntemuksella on ollut suuri rooli valmiuslain k\u00e4ytt\u00f6\u00f6notossa.&nbsp;<\/p>\n\n\n\n<p>Et\u00e4t\u00f6ihin- ja kouluun siirtyminen ei olisi onnistunut ilman teknologiatutkimuksen tuottamia sovelluksia ja kasvatustieteilij\u00f6iden osaamista. Suomen opettajakunta on globaalisti hyvin korkeakoulutettua. Sen ansiosta heill\u00e4 on kyky\u00e4 hy\u00f6dynt\u00e4\u00e4 pedagogista osaamistaan tehokkaasti my\u00f6s poikkeustilanteessa.<\/p>\n\n\n\n<p>Kriisist\u00e4 selvi\u00e4miseksi tarvitsemme talous- ja yhteiskuntatieteilij\u00f6it\u00e4. Miten yrityksi\u00e4 ja ty\u00f6ntekij\u00f6it\u00e4 voidaan auttaa kriisin yli? Miten talous saadaan palautettua kest\u00e4v\u00e4n kasvun uralle? Miten saamme pidetty\u00e4 kiinni ilmasto- ja ymp\u00e4rist\u00f6tavoitteista?<\/p>\n\n\n\n<p>Aikanaan, kun kriisist\u00e4 on selvitty, analysoidaan, millaisia vaikutuksia maailmanlaajuisella pandemialla oli ihmisten ajatusmaailmaan, taiteeseen ja kulttuuriin. On mielenkiintoista n\u00e4hd\u00e4, muuttuuko suhteemme toisiin ihmisiin tai ymp\u00e4rist\u00f6\u00f6n.<\/p>\n\n\n\n<p>Innovaatiot ja kest\u00e4v\u00e4t ratkaisut syntyv\u00e4t aina perustutkimuksen pohjalta. On valitettavaa, ett\u00e4 viime hallituskaudella ajettiin alas tieteellisen tutkimuksen rahoitusta. Esimerkiksi koronakriisin keskelle joutuneen Terveyden ja hyvinvoinnin laitoksen rahoitusta pienennettiin, mink\u00e4 seurauksena laitos irtisanoi tutkijoita ja l\u00e4\u00e4k\u00e4reit\u00e4. On mahdoton ajatus, ett\u00e4 voisimme huutaa tutkijoita apuun h\u00e4d\u00e4n hetkell\u00e4 jos heid\u00e4n ty\u00f6ns\u00e4 edellytykset on ensin ajettu alas. Siit\u00e4 huolimatta tutkijat ovat tietenkin valmiita auttamaan parhaansa mukaan. Kiitos siit\u00e4!<\/p>\n\n\n\n<p>Koronakriisin seurauksena onkin toivottavasti tieteen ja tutkimuksen kunnianpalautus. Poikkeusolot ovat osoittaneet, ett\u00e4 monimutkaisten ongelmien ratkaisemiseen tarvitaan kaikkia tieteenaloja. El\u00e4k\u00f6\u00f6n monialainen tiede ja tutkimus!<\/p>\n\n\n\n<hr class=\"wp-block-separator\"\/>\n\n\n\n<p><em>Auta tutkijoita! Omia kokemuksiaan koronaviruspandemiasta voi kirjoittaa <a href=\"https:\/\/www.finlit.fi\/fi\/arkisto\/vastaa-keruisiin\/koronakevat#.XorpEYgzY2w\">Suomalaisen kirjallisuuden seuralle<\/a>, joka taltio vastaukset arkistoihinsa tutkijoiden k\u00e4ytett\u00e4v\u00e4ksi.<\/em><\/p>\n","protected":false},"excerpt":{"rendered":"<p>Tutkijoille koronaviruksen aiheuttama pandemia ei tullut yll\u00e4tyksen\u00e4. Oli vain ajan kysymys, milloin sika- ja lintuinfluenssan jatkoksi ilmestyy uusi tauti. Nyt [&hellip;]<\/p>\n","protected":false},"author":1,"featured_media":0,"comment_status":"closed","ping_status":"closed","sticky":false,"template":"","format":"standard","meta":{"_monsterinsights_skip_tracking":false,"_monsterinsights_sitenote_active":false,"_monsterinsights_sitenote_note":"","_monsterinsights_sitenote_category":0,"site-sidebar-layout":"default","site-content-layout":"","ast-site-content-layout":"default","site-content-style":"default","site-sidebar-style":"default","ast-global-header-display":"","ast-banner-title-visibility":"","ast-main-header-display":"","ast-hfb-above-header-display":"","ast-hfb-below-header-display":"","ast-hfb-mobile-header-display":"","site-post-title":"","ast-breadcrumbs-content":"","ast-featured-img":"","footer-sml-layout":"","ast-disable-related-posts":"","theme-transparent-header-meta":"","adv-header-id-meta":"","stick-header-meta":"","header-above-stick-meta":"","header-main-stick-meta":"","header-below-stick-meta":"","astra-migrate-meta-layouts":"default","ast-page-background-enabled":"default","ast-page-background-meta":{"desktop":{"background-color":"var(--ast-global-color-5)","background-image":"","background-repeat":"repeat","background-position":"center center","background-size":"auto","background-attachment":"scroll","background-type":"","background-media":"","overlay-type":"","overlay-color":"","overlay-opacity":"","overlay-gradient":""},"tablet":{"background-color":"","background-image":"","background-repeat":"repeat","background-position":"center center","background-size":"auto","background-attachment":"scroll","background-type":"","background-media":"","overlay-type":"","overlay-color":"","overlay-opacity":"","overlay-gradient":""},"mobile":{"background-color":"","background-image":"","background-repeat":"repeat","background-position":"center center","background-size":"auto","background-attachment":"scroll","background-type":"","background-media":"","overlay-type":"","overlay-color":"","overlay-opacity":"","overlay-gradient":""}},"ast-content-background-meta":{"desktop":{"background-color":"var(--ast-global-color-4)","background-image":"","background-repeat":"repeat","background-position":"center center","background-size":"auto","background-attachment":"scroll","background-type":"","background-media":"","overlay-type":"","overlay-color":"","overlay-opacity":"","overlay-gradient":""},"tablet":{"background-color":"var(--ast-global-color-4)","background-image":"","background-repeat":"repeat","background-position":"center center","background-size":"auto","background-attachment":"scroll","background-type":"","background-media":"","overlay-type":"","overlay-color":"","overlay-opacity":"","overlay-gradient":""},"mobile":{"background-color":"var(--ast-global-color-4)","background-image":"","background-repeat":"repeat","background-position":"center center","background-size":"auto","background-attachment":"scroll","background-type":"","background-media":"","overlay-type":"","overlay-color":"","overlay-opacity":"","overlay-gradient":""}},"footnotes":""},"categories":[2],"tags":[380,382,381],"class_list":["post-2282","post","type-post","status-publish","format-standard","hentry","category-blogi","tag-korona","tag-tiede","tag-tutkimus"],"yoast_head":"<!-- This site is optimized with the Yoast SEO plugin v27.5 - https:\/\/yoast.com\/product\/yoast-seo-wordpress\/ -->\n<title>Koronakriisi\u00e4 ei ratkaista ilman tutkijoita - Jenni Pitko - Vihreiden varapuheenjohtaja, ymp\u00e4rist\u00f6valiokunnan puheenjohtaja, kansanedustaja ja arkkitehti Oulusta<\/title>\n<meta name=\"robots\" content=\"index, follow, max-snippet:-1, max-image-preview:large, max-video-preview:-1\" \/>\n<link rel=\"canonical\" href=\"https:\/\/jennipitko.fi\/koti\/koronakriisia-ei-ratkaista-ilman-tutkijoita\/\" \/>\n<meta property=\"og:locale\" content=\"fi_FI\" \/>\n<meta property=\"og:type\" content=\"article\" \/>\n<meta property=\"og:title\" content=\"Koronakriisi\u00e4 ei ratkaista ilman tutkijoita - Jenni Pitko - Vihreiden varapuheenjohtaja, ymp\u00e4rist\u00f6valiokunnan puheenjohtaja, kansanedustaja ja arkkitehti Oulusta\" \/>\n<meta property=\"og:description\" content=\"Tutkijoille koronaviruksen aiheuttama pandemia ei tullut yll\u00e4tyksen\u00e4. Oli vain ajan kysymys, milloin sika- ja lintuinfluenssan jatkoksi ilmestyy uusi tauti. Nyt [&hellip;]\" \/>\n<meta property=\"og:url\" content=\"https:\/\/jennipitko.fi\/koti\/koronakriisia-ei-ratkaista-ilman-tutkijoita\/\" \/>\n<meta property=\"og:site_name\" content=\"Jenni Pitko - Vihreiden varapuheenjohtaja, ymp\u00e4rist\u00f6valiokunnan puheenjohtaja, kansanedustaja ja arkkitehti Oulusta\" \/>\n<meta property=\"article:published_time\" content=\"2020-04-06T08:37:27+00:00\" \/>\n<meta property=\"article:modified_time\" content=\"2020-04-06T08:37:30+00:00\" \/>\n<meta name=\"author\" content=\"Jenni\" \/>\n<meta name=\"twitter:card\" content=\"summary_large_image\" \/>\n<meta name=\"twitter:label1\" content=\"Kirjoittanut\" \/>\n\t<meta name=\"twitter:data1\" content=\"Jenni\" \/>\n\t<meta name=\"twitter:label2\" content=\"Arvioitu lukuaika\" \/>\n\t<meta name=\"twitter:data2\" content=\"2 minuuttia\" \/>\n<script type=\"application\/ld+json\" class=\"yoast-schema-graph\">{\"@context\":\"https:\\\/\\\/schema.org\",\"@graph\":[{\"@type\":\"Article\",\"@id\":\"https:\\\/\\\/jennipitko.fi\\\/koti\\\/koronakriisia-ei-ratkaista-ilman-tutkijoita\\\/#article\",\"isPartOf\":{\"@id\":\"https:\\\/\\\/jennipitko.fi\\\/koti\\\/koronakriisia-ei-ratkaista-ilman-tutkijoita\\\/\"},\"author\":{\"name\":\"Jenni\",\"@id\":\"https:\\\/\\\/jennipitko.fi\\\/koti\\\/#\\\/schema\\\/person\\\/35955c467f851f10124809310e7e7ee8\"},\"headline\":\"Koronakriisi\u00e4 ei ratkaista ilman tutkijoita\",\"datePublished\":\"2020-04-06T08:37:27+00:00\",\"dateModified\":\"2020-04-06T08:37:30+00:00\",\"mainEntityOfPage\":{\"@id\":\"https:\\\/\\\/jennipitko.fi\\\/koti\\\/koronakriisia-ei-ratkaista-ilman-tutkijoita\\\/\"},\"wordCount\":404,\"publisher\":{\"@id\":\"https:\\\/\\\/jennipitko.fi\\\/koti\\\/#organization\"},\"keywords\":[\"korona\",\"tiede\",\"tutkimus\"],\"articleSection\":[\"Blogi\"],\"inLanguage\":\"fi\"},{\"@type\":\"WebPage\",\"@id\":\"https:\\\/\\\/jennipitko.fi\\\/koti\\\/koronakriisia-ei-ratkaista-ilman-tutkijoita\\\/\",\"url\":\"https:\\\/\\\/jennipitko.fi\\\/koti\\\/koronakriisia-ei-ratkaista-ilman-tutkijoita\\\/\",\"name\":\"Koronakriisi\u00e4 ei ratkaista ilman tutkijoita - Jenni Pitko - Vihreiden varapuheenjohtaja, ymp\u00e4rist\u00f6valiokunnan puheenjohtaja, kansanedustaja ja arkkitehti Oulusta\",\"isPartOf\":{\"@id\":\"https:\\\/\\\/jennipitko.fi\\\/koti\\\/#website\"},\"datePublished\":\"2020-04-06T08:37:27+00:00\",\"dateModified\":\"2020-04-06T08:37:30+00:00\",\"breadcrumb\":{\"@id\":\"https:\\\/\\\/jennipitko.fi\\\/koti\\\/koronakriisia-ei-ratkaista-ilman-tutkijoita\\\/#breadcrumb\"},\"inLanguage\":\"fi\",\"potentialAction\":[{\"@type\":\"ReadAction\",\"target\":[\"https:\\\/\\\/jennipitko.fi\\\/koti\\\/koronakriisia-ei-ratkaista-ilman-tutkijoita\\\/\"]}]},{\"@type\":\"BreadcrumbList\",\"@id\":\"https:\\\/\\\/jennipitko.fi\\\/koti\\\/koronakriisia-ei-ratkaista-ilman-tutkijoita\\\/#breadcrumb\",\"itemListElement\":[{\"@type\":\"ListItem\",\"position\":1,\"name\":\"Home\",\"item\":\"https:\\\/\\\/jennipitko.fi\\\/koti\\\/\"},{\"@type\":\"ListItem\",\"position\":2,\"name\":\"Koronakriisi\u00e4 ei ratkaista ilman tutkijoita\"}]},{\"@type\":\"WebSite\",\"@id\":\"https:\\\/\\\/jennipitko.fi\\\/koti\\\/#website\",\"url\":\"https:\\\/\\\/jennipitko.fi\\\/koti\\\/\",\"name\":\"Jenni Pitko - Vihreiden varapuheenjohtaja, ymp\u00e4rist\u00f6valiokunnan puheenjohtaja, kansanedustaja ja arkkitehti Oulusta\",\"description\":\"Jenni Pitko - Vihreiden varapuheenjohtaja, ymp\u00e4rist\u00f6valiokunnan puheenjohtaja, kansanedustaja ja arkkitehti Oulusta\",\"publisher\":{\"@id\":\"https:\\\/\\\/jennipitko.fi\\\/koti\\\/#organization\"},\"potentialAction\":[{\"@type\":\"SearchAction\",\"target\":{\"@type\":\"EntryPoint\",\"urlTemplate\":\"https:\\\/\\\/jennipitko.fi\\\/koti\\\/?s={search_term_string}\"},\"query-input\":{\"@type\":\"PropertyValueSpecification\",\"valueRequired\":true,\"valueName\":\"search_term_string\"}}],\"inLanguage\":\"fi\"},{\"@type\":\"Organization\",\"@id\":\"https:\\\/\\\/jennipitko.fi\\\/koti\\\/#organization\",\"name\":\"Jenni Pitko - Vihreiden varapuheenjohtaja, ymp\u00e4rist\u00f6valiokunnan puheenjohtaja, kansanedustaja ja arkkitehti Oulusta\",\"url\":\"https:\\\/\\\/jennipitko.fi\\\/koti\\\/\",\"logo\":{\"@type\":\"ImageObject\",\"inLanguage\":\"fi\",\"@id\":\"https:\\\/\\\/jennipitko.fi\\\/koti\\\/#\\\/schema\\\/logo\\\/image\\\/\",\"url\":\"https:\\\/\\\/jennipitko.fi\\\/koti\\\/wp-content\\\/uploads\\\/2025\\\/09\\\/Nimeton-malli-38.png\",\"contentUrl\":\"https:\\\/\\\/jennipitko.fi\\\/koti\\\/wp-content\\\/uploads\\\/2025\\\/09\\\/Nimeton-malli-38.png\",\"width\":1280,\"height\":847,\"caption\":\"Jenni Pitko - Vihreiden varapuheenjohtaja, ymp\u00e4rist\u00f6valiokunnan puheenjohtaja, kansanedustaja ja arkkitehti Oulusta\"},\"image\":{\"@id\":\"https:\\\/\\\/jennipitko.fi\\\/koti\\\/#\\\/schema\\\/logo\\\/image\\\/\"}},{\"@type\":\"Person\",\"@id\":\"https:\\\/\\\/jennipitko.fi\\\/koti\\\/#\\\/schema\\\/person\\\/35955c467f851f10124809310e7e7ee8\",\"name\":\"Jenni\",\"image\":{\"@type\":\"ImageObject\",\"inLanguage\":\"fi\",\"@id\":\"https:\\\/\\\/secure.gravatar.com\\\/avatar\\\/625a0e6413b293da7739d42617828d564a4d6028aec3f45d8939a2ba1617199f?s=96&d=blank&r=g\",\"url\":\"https:\\\/\\\/secure.gravatar.com\\\/avatar\\\/625a0e6413b293da7739d42617828d564a4d6028aec3f45d8939a2ba1617199f?s=96&d=blank&r=g\",\"contentUrl\":\"https:\\\/\\\/secure.gravatar.com\\\/avatar\\\/625a0e6413b293da7739d42617828d564a4d6028aec3f45d8939a2ba1617199f?s=96&d=blank&r=g\",\"caption\":\"Jenni\"},\"url\":\"https:\\\/\\\/jennipitko.fi\\\/koti\\\/author\\\/jenni\\\/\"}]}<\/script>\n<!-- \/ Yoast SEO plugin. -->","yoast_head_json":{"title":"Koronakriisi\u00e4 ei ratkaista ilman tutkijoita - Jenni Pitko - Vihreiden varapuheenjohtaja, ymp\u00e4rist\u00f6valiokunnan puheenjohtaja, kansanedustaja ja arkkitehti Oulusta","robots":{"index":"index","follow":"follow","max-snippet":"max-snippet:-1","max-image-preview":"max-image-preview:large","max-video-preview":"max-video-preview:-1"},"canonical":"https:\/\/jennipitko.fi\/koti\/koronakriisia-ei-ratkaista-ilman-tutkijoita\/","og_locale":"fi_FI","og_type":"article","og_title":"Koronakriisi\u00e4 ei ratkaista ilman tutkijoita - Jenni Pitko - Vihreiden varapuheenjohtaja, ymp\u00e4rist\u00f6valiokunnan puheenjohtaja, kansanedustaja ja arkkitehti Oulusta","og_description":"Tutkijoille koronaviruksen aiheuttama pandemia ei tullut yll\u00e4tyksen\u00e4. Oli vain ajan kysymys, milloin sika- ja lintuinfluenssan jatkoksi ilmestyy uusi tauti. Nyt [&hellip;]","og_url":"https:\/\/jennipitko.fi\/koti\/koronakriisia-ei-ratkaista-ilman-tutkijoita\/","og_site_name":"Jenni Pitko - Vihreiden varapuheenjohtaja, ymp\u00e4rist\u00f6valiokunnan puheenjohtaja, kansanedustaja ja arkkitehti Oulusta","article_published_time":"2020-04-06T08:37:27+00:00","article_modified_time":"2020-04-06T08:37:30+00:00","author":"Jenni","twitter_card":"summary_large_image","twitter_misc":{"Kirjoittanut":"Jenni","Arvioitu lukuaika":"2 minuuttia"},"schema":{"@context":"https:\/\/schema.org","@graph":[{"@type":"Article","@id":"https:\/\/jennipitko.fi\/koti\/koronakriisia-ei-ratkaista-ilman-tutkijoita\/#article","isPartOf":{"@id":"https:\/\/jennipitko.fi\/koti\/koronakriisia-ei-ratkaista-ilman-tutkijoita\/"},"author":{"name":"Jenni","@id":"https:\/\/jennipitko.fi\/koti\/#\/schema\/person\/35955c467f851f10124809310e7e7ee8"},"headline":"Koronakriisi\u00e4 ei ratkaista ilman tutkijoita","datePublished":"2020-04-06T08:37:27+00:00","dateModified":"2020-04-06T08:37:30+00:00","mainEntityOfPage":{"@id":"https:\/\/jennipitko.fi\/koti\/koronakriisia-ei-ratkaista-ilman-tutkijoita\/"},"wordCount":404,"publisher":{"@id":"https:\/\/jennipitko.fi\/koti\/#organization"},"keywords":["korona","tiede","tutkimus"],"articleSection":["Blogi"],"inLanguage":"fi"},{"@type":"WebPage","@id":"https:\/\/jennipitko.fi\/koti\/koronakriisia-ei-ratkaista-ilman-tutkijoita\/","url":"https:\/\/jennipitko.fi\/koti\/koronakriisia-ei-ratkaista-ilman-tutkijoita\/","name":"Koronakriisi\u00e4 ei ratkaista ilman tutkijoita - Jenni Pitko - Vihreiden varapuheenjohtaja, ymp\u00e4rist\u00f6valiokunnan puheenjohtaja, kansanedustaja ja arkkitehti Oulusta","isPartOf":{"@id":"https:\/\/jennipitko.fi\/koti\/#website"},"datePublished":"2020-04-06T08:37:27+00:00","dateModified":"2020-04-06T08:37:30+00:00","breadcrumb":{"@id":"https:\/\/jennipitko.fi\/koti\/koronakriisia-ei-ratkaista-ilman-tutkijoita\/#breadcrumb"},"inLanguage":"fi","potentialAction":[{"@type":"ReadAction","target":["https:\/\/jennipitko.fi\/koti\/koronakriisia-ei-ratkaista-ilman-tutkijoita\/"]}]},{"@type":"BreadcrumbList","@id":"https:\/\/jennipitko.fi\/koti\/koronakriisia-ei-ratkaista-ilman-tutkijoita\/#breadcrumb","itemListElement":[{"@type":"ListItem","position":1,"name":"Home","item":"https:\/\/jennipitko.fi\/koti\/"},{"@type":"ListItem","position":2,"name":"Koronakriisi\u00e4 ei ratkaista ilman tutkijoita"}]},{"@type":"WebSite","@id":"https:\/\/jennipitko.fi\/koti\/#website","url":"https:\/\/jennipitko.fi\/koti\/","name":"Jenni Pitko - Vihreiden varapuheenjohtaja, ymp\u00e4rist\u00f6valiokunnan puheenjohtaja, kansanedustaja ja arkkitehti Oulusta","description":"Jenni Pitko - Vihreiden varapuheenjohtaja, ymp\u00e4rist\u00f6valiokunnan puheenjohtaja, kansanedustaja ja arkkitehti Oulusta","publisher":{"@id":"https:\/\/jennipitko.fi\/koti\/#organization"},"potentialAction":[{"@type":"SearchAction","target":{"@type":"EntryPoint","urlTemplate":"https:\/\/jennipitko.fi\/koti\/?s={search_term_string}"},"query-input":{"@type":"PropertyValueSpecification","valueRequired":true,"valueName":"search_term_string"}}],"inLanguage":"fi"},{"@type":"Organization","@id":"https:\/\/jennipitko.fi\/koti\/#organization","name":"Jenni Pitko - Vihreiden varapuheenjohtaja, ymp\u00e4rist\u00f6valiokunnan puheenjohtaja, kansanedustaja ja arkkitehti Oulusta","url":"https:\/\/jennipitko.fi\/koti\/","logo":{"@type":"ImageObject","inLanguage":"fi","@id":"https:\/\/jennipitko.fi\/koti\/#\/schema\/logo\/image\/","url":"https:\/\/jennipitko.fi\/koti\/wp-content\/uploads\/2025\/09\/Nimeton-malli-38.png","contentUrl":"https:\/\/jennipitko.fi\/koti\/wp-content\/uploads\/2025\/09\/Nimeton-malli-38.png","width":1280,"height":847,"caption":"Jenni Pitko - Vihreiden varapuheenjohtaja, ymp\u00e4rist\u00f6valiokunnan puheenjohtaja, kansanedustaja ja arkkitehti Oulusta"},"image":{"@id":"https:\/\/jennipitko.fi\/koti\/#\/schema\/logo\/image\/"}},{"@type":"Person","@id":"https:\/\/jennipitko.fi\/koti\/#\/schema\/person\/35955c467f851f10124809310e7e7ee8","name":"Jenni","image":{"@type":"ImageObject","inLanguage":"fi","@id":"https:\/\/secure.gravatar.com\/avatar\/625a0e6413b293da7739d42617828d564a4d6028aec3f45d8939a2ba1617199f?s=96&d=blank&r=g","url":"https:\/\/secure.gravatar.com\/avatar\/625a0e6413b293da7739d42617828d564a4d6028aec3f45d8939a2ba1617199f?s=96&d=blank&r=g","contentUrl":"https:\/\/secure.gravatar.com\/avatar\/625a0e6413b293da7739d42617828d564a4d6028aec3f45d8939a2ba1617199f?s=96&d=blank&r=g","caption":"Jenni"},"url":"https:\/\/jennipitko.fi\/koti\/author\/jenni\/"}]}},"_links":{"self":[{"href":"https:\/\/jennipitko.fi\/koti\/wp-json\/wp\/v2\/posts\/2282","targetHints":{"allow":["GET"]}}],"collection":[{"href":"https:\/\/jennipitko.fi\/koti\/wp-json\/wp\/v2\/posts"}],"about":[{"href":"https:\/\/jennipitko.fi\/koti\/wp-json\/wp\/v2\/types\/post"}],"author":[{"embeddable":true,"href":"https:\/\/jennipitko.fi\/koti\/wp-json\/wp\/v2\/users\/1"}],"replies":[{"embeddable":true,"href":"https:\/\/jennipitko.fi\/koti\/wp-json\/wp\/v2\/comments?post=2282"}],"version-history":[{"count":1,"href":"https:\/\/jennipitko.fi\/koti\/wp-json\/wp\/v2\/posts\/2282\/revisions"}],"predecessor-version":[{"id":2283,"href":"https:\/\/jennipitko.fi\/koti\/wp-json\/wp\/v2\/posts\/2282\/revisions\/2283"}],"wp:attachment":[{"href":"https:\/\/jennipitko.fi\/koti\/wp-json\/wp\/v2\/media?parent=2282"}],"wp:term":[{"taxonomy":"category","embeddable":true,"href":"https:\/\/jennipitko.fi\/koti\/wp-json\/wp\/v2\/categories?post=2282"},{"taxonomy":"post_tag","embeddable":true,"href":"https:\/\/jennipitko.fi\/koti\/wp-json\/wp\/v2\/tags?post=2282"}],"curies":[{"name":"wp","href":"https:\/\/api.w.org\/{rel}","templated":true}]}}