{"id":2286,"date":"2020-04-08T18:37:10","date_gmt":"2020-04-08T16:37:10","guid":{"rendered":"http:\/\/jennipitko.fi\/koti\/?p=2286"},"modified":"2020-05-06T12:21:59","modified_gmt":"2020-05-06T10:21:59","slug":"kirje-maatalousministeri-jari-lepalle-nain-voisimme-kannustaa-kaupunkilaisia-maatalouden-kausitoihin-huoltovarmuuden-varmistamiseksi","status":"publish","type":"post","link":"https:\/\/jennipitko.fi\/koti\/kirje-maatalousministeri-jari-lepalle-nain-voisimme-kannustaa-kaupunkilaisia-maatalouden-kausitoihin-huoltovarmuuden-varmistamiseksi\/","title":{"rendered":"Kirje maatalousministeri Jari Lep\u00e4lle: N\u00e4in voisimme kannustaa kaupunkilaisia maatalouden kausit\u00f6ihin huoltovarmuuden varmistamiseksi"},"content":{"rendered":"\n<p>Arvoisa ministeri Lepp\u00e4,<\/p>\n\n\n\n<p>Koronaviruksen aiheuttama kriisi vaikuttaa laajasti yhteiskunnassa. Kovimmilla ovat nyt sosiaali- ja terveyspalvelut, joiden teht\u00e4v\u00e4n\u00e4 on pelastaa ihmishenki\u00e4 sek\u00e4 est\u00e4\u00e4 taudin levi\u00e4mist\u00e4. Vaikka virus uhkaa ennen kaikkea ihmisten terveytt\u00e4, n\u00e4kyv\u00e4t sen vaikutukset hyvin vahvasti my\u00f6s taloudessa. Ei ole sellaista sektoria, johon globaali pandemia ei vaikuttaisi. Kuten tied\u00e4tte, on my\u00f6s maatalous uhattuna.<\/p>\n\n\n\n<p>Kriisin keskell\u00e4 meid\u00e4n onkin turvattava suomalainen ruoantuotanto. Elintarvikkeiden tuonnissa ei t\u00e4ll\u00e4 hetkell\u00e4 ole ongelmia, mutta kotimaisen ruoantuotannon jatkuvuus on taattava my\u00f6s mahdollisissa h\u00e4iri\u00f6tilanteissa.<\/p>\n\n\n\n<p>Monilla maatiloilla tehd\u00e4\u00e4n nyt kev\u00e4\u00e4n istutust\u00f6it\u00e4, joihin tarvitaan paljon osaavaa ty\u00f6voimaa. Maatalous- ja puutarha-alalla ty\u00f6skentelee vuosittain 16 000 \u2013 20 000 ulkomaalaista ty\u00f6ntekij\u00e4\u00e4, joiden maahantulo on koronakriisin vuoksi vaikeutunut. Moni sadostaan huolestunut maatalousyritt\u00e4j\u00e4 on ollut meihin kansanedustajiin yhteydess\u00e4. Hallitus tekee nyt kaikkensa helpottaakseen maatalouden kriittisten ty\u00f6ntekij\u00f6iden maahantuloa minimoiden samalla koronaviruksen levi\u00e4misen. On kuitenkin selv\u00e4\u00e4, ett\u00e4 paikkaavaa ty\u00f6voimaa tarvitaan my\u00f6s kotimaasta.<br><br>Koronaviruksen aiheuttamat taloudelliset ongelmat ovat johtaneet kasvavaan lomautettujen ja irtisanottujen m\u00e4\u00e4r\u00e4\u00e4n Suomessa. Etenkin moni nuori on t\u00e4ll\u00e4 hetkell\u00e4 ilman kes\u00e4ty\u00f6t\u00e4. Suomalaisia tulee nyt kannustaa ja innostaa tekem\u00e4\u00e4n kausit\u00f6it\u00e4 maataloudessa.&nbsp;<\/p>\n\n\n\n<p>Maaseudulla on tarjolla t\u00f6it\u00e4 hyvin monipuolisesti ruoantuotannon parissa. Kasvihuoneissa ty\u00f6skentely voi olla hyvinkin teknist\u00e4, kun taas fyysisempi\u00e4 t\u00f6it\u00e4 voi tehd\u00e4 esimerkiksi pelloilla. Mielek\u00e4st\u00e4 ty\u00f6t\u00e4 on nyt tarjolla kaikille sit\u00e4 haluaville ja parhaassa tapauksessa maatilalla tehdyst\u00e4 kausity\u00f6st\u00e4 voi j\u00e4\u00e4d\u00e4 elinik\u00e4isi\u00e4 hyvi\u00e4 muistoja tai kipin\u00e4 j\u00e4\u00e4d\u00e4 alalle pysyv\u00e4sti.<\/p>\n\n\n\n<p>Arvoisa ministeri,<\/p>\n\n\n\n<p>ty\u00f6ntekij\u00f6iden ja ty\u00f6n kohtaanto-ongelma on kuitenkin merkitt\u00e4v\u00e4. Ty\u00f6tt\u00f6mi\u00e4 on etenkin kaupungeissa, kun maatalousty\u00f6t taas ovat maalla.&nbsp;<\/p>\n\n\n\n<p>Olen itse kotoisin kaupungista ja tied\u00e4n, ett\u00e4 kaupungeissa asuvat tunnistavat kotimaisen ruoantuotannon arvon sek\u00e4 haluavat auttaa suomalaista yhteiskuntaa kriisin yli. Samalla huomaan kuitenkin, ett\u00e4 kynnys siirty\u00e4 koronakriisin ajaksi uusiin t\u00f6ihin maatalouteen, on monelle kaupungissa asuvalle korkea. Erityisesti liikkumiseen, toimeentuloon ja majoittumiseen liittyv\u00e4t haasteet mietitytt\u00e4v\u00e4t ymm\u00e4rrett\u00e4v\u00e4sti monia.&nbsp;<\/p>\n\n\n\n<p>Jotta kaupungeissa asuvien v\u00e4liaikaista ty\u00f6llistymist\u00e4 maatalouden kausit\u00f6ihin voidaan helpottaa, on tunnistettava ty\u00f6llistymisen esteet ja purettava niit\u00e4. Ty\u00f6t tulee aloittaa seuraavien viiden ongelman ratkaisemisesta.<\/p>\n\n\n\n<p><strong>Ongelma #1:<\/strong> Kulkeminen. Juuri nyt se rajallinenkin maaseudun joukkoliikenne on v\u00e4hiss\u00e4. Kaupunkilaisilla on yh\u00e4 harvemmin ajokortti tai oma auto. Alle 18-vuotiailla ei ole ajo-oikeutta. Liikkuminen kaupungista maaseudulle on siis monelle vaikeaa.<\/p>\n\n\n\n<p><strong>Ratkaisuehdotus:<\/strong> Helpotetaan TE-toimistojen matkakustannusten korvauksen sek\u00e4 liikkumisavustuksen hakua ja saamista. J\u00e4rjestet\u00e4\u00e4n kunnallisten liikennelaitosten avulla kuljetuksia maaseudulle. Tuetaan maatalousyritt\u00e4ji\u00e4 kuljetusten j\u00e4rjest\u00e4misess\u00e4.&nbsp;<\/p>\n\n\n\n<p><strong>Ongelma #2:<\/strong> Palkka. Maatilalla ty\u00f6skentely, etenkin peltoty\u00f6t hyv\u00e4ll\u00e4 s\u00e4\u00e4ll\u00e4, voi olla el\u00e4mys, joka j\u00e4\u00e4 pitk\u00e4ksi ajaksi mieleen. Ty\u00f6ntekij\u00e4 tarvitsee silti palkkansa ja toimeentulon.<\/p>\n\n\n\n<p><strong>Ratkaisuehdotus:<\/strong> K\u00e4yd\u00e4\u00e4n l\u00e4pi erilaiset mallit, joilla maataloust\u00f6iden tekeminen on kannattavampaa taloudellisesti. Esimerkiksi ty\u00f6skentely tiettyyn rajaan asti ty\u00f6tt\u00f6myyskorvauksen p\u00e4\u00e4lle tai maatalousyritt\u00e4jille my\u00f6nnett\u00e4v\u00e4 palkkatuki ty\u00f6ntekij\u00f6iden palkkaamiseen.<\/p>\n\n\n\n<p>Pitk\u00e4ll\u00e4 t\u00e4ht\u00e4imell\u00e4 on nostettava suomalaisen ruuan arvostusta ja siit\u00e4 tuottajalle maksettavaa hintaa, jotta maatalouden kannattavuus paranee ja ty\u00f6voimalle voidaan maksaa riitt\u00e4v\u00e4\u00e4 korvausta.&nbsp;<\/p>\n\n\n\n<p><strong>Ongelma #3:<\/strong> Maatalouden vetovoima. Maatalousalalla on potentiaalia tarjota nuorille houkuttelevia kes\u00e4t\u00f6it\u00e4, mutta t\u00e4ll\u00e4 hetkell\u00e4 alan vetovoimaisuus puuttuu. Usein mediassa ja keskusteluissa korostuvat maatalouden ongelmat ja haasteet.<\/p>\n\n\n\n<p><strong>Ratkaisuehdotus:<\/strong> Tuodaan esille maaseudun hyvi\u00e4 ja ainutlaatuisia tarinoita, rauhallisuutta ja luonnonl\u00e4heisyytt\u00e4. Rauhallisten ja maanl\u00e4heisten ymp\u00e4rist\u00f6jen kaipuu on monella kaupunkilaisella kova. Sen on osoittanut esimerkiksi Mets\u00e4hallituksen Paimenviikot-kampanja, jossa tuhannet ihmiset ovat hakeutuneet luontokohteiden keskelle lammaspaimeniksi ja ovat valmiita maksamaan siit\u00e4.&nbsp;<\/p>\n\n\n\n<p>Se, mik\u00e4 on tilalliselle tavallista, voi monelle muulle olla suuri el\u00e4mys. Kamiinan r\u00e4iske, leivinuunissa tehty leip\u00e4, auringonlasku peltoaukean taakse ja mullan tunteminen k\u00e4siss\u00e4 ovat el\u00e4myksi\u00e4 monelle kaupungissa asuvalle.<\/p>\n\n\n\n<p>Poikkeustila tulee n\u00e4hd\u00e4 ainutlaatuisena mahdollisuutena p\u00e4\u00e4st\u00e4 t\u00f6ihin maatiloille, joille ty\u00f6llistyminen voi alan ulkopuolisille olla muulloin hankalaa. Nyt tarvitaan my\u00f6s maatalousyritt\u00e4jilt\u00e4 ennakkoluulotonta asennetta palkata t\u00f6ist\u00e4 kiinnostuneita kaupunkilaisia.<\/p>\n\n\n\n<p><strong>Ongelma #4:<\/strong> Majoitus. Monia kaupunkilaisia voi kiehtoa ajatus leiriolosuhteista, mutta pidemm\u00e4n p\u00e4\u00e4lle t\u00e4m\u00e4 ei suurinta osaa mahdollisista suomalaisista ty\u00f6ntekij\u00f6it\u00e4 vieh\u00e4t\u00e4. Kun oma koti on kaupungissa, monet miettiv\u00e4t, miten v\u00e4liaikainen asuminen j\u00e4rjestyisi maaseudulla.<\/p>\n\n\n\n<p><strong>Ratkaisuehdotus:<\/strong> Turvataan kriittisiss\u00e4 kausit\u00f6iss\u00e4 ty\u00f6skentelevien majoitusolosuhteet. Tuetaan majoittumista esimerkiksi maaseudun matkailuyritt\u00e4jien tyhjill\u00e4\u00e4n oleviin majoitustiloihin. Helpotetaan TE-keskusten y\u00f6pymiskustannusten korvauksien hakemista ja saamista.<\/p>\n\n\n\n<p><strong>Ongelma #5:<\/strong> T\u00f6iden saavutettavuus. Moni kaupunkilainen voisi olla kiinnostunut maataloust\u00f6ist\u00e4, mutta ei tied\u00e4 miten niihin p\u00e4\u00e4see. Maatalousyritt\u00e4jill\u00e4 ei ole useinkaan nettisivuja tai s\u00e4hk\u00f6isi\u00e4 palveluita, joita etenkin nuoret ovat tottuneet k\u00e4ytt\u00e4m\u00e4\u00e4n.&nbsp;<\/p>\n\n\n\n<p><strong>Ratkaisuehdotus:<\/strong> Autetaan tilallisia informoimaan ty\u00f6ntarpeesta ja kannustetaan my\u00f6s pitk\u00e4ll\u00e4 t\u00e4ht\u00e4imell\u00e4 maaseudun yrityksi\u00e4 tekem\u00e4\u00e4n itsens\u00e4 n\u00e4kyv\u00e4ksi internetin alustoilla. Maaseudun t\u00f6it\u00e4 on ker\u00e4tty jo muun muassa t\u00f6it\u00e4suomesta.fi-sivulle. Levitet\u00e4\u00e4n t\u00e4t\u00e4 tietoa mahdollisimman laajalle erityisesti nuorten ja kaupunkilaisten suosimissa some-kanavissa, joilla ei ole v\u00e4ltt\u00e4m\u00e4tt\u00e4 valmiiksi luontevaa yhteytt\u00e4 maaseutuyrityksiin.&nbsp;<\/p>\n\n\n\n<p>Arvoisa ministeri,&nbsp;<\/p>\n\n\n\n<p>meid\u00e4n tulee hy\u00f6dynt\u00e4\u00e4 nyt kaikki se maatalousty\u00f6st\u00e4 kiinnostunut ty\u00f6voima, jota Suomessa juuri nyt on voidaksemme varmistaa suomalaisten ihmisten ruokaturvan. Hallitus onkin p\u00e4\u00e4tt\u00e4nyt helpottaa Suomessa jo olevan kausity\u00f6voiman siirtymist\u00e4 maataloussektorille, mik\u00e4 on hyv\u00e4 alku. Lis\u00e4ksi ty\u00f6nteko-oikeus tulisi n\u00e4iss\u00e4 poikkeusoloissa mahdollistaa sellaisille henkil\u00f6ille, jotka odottavat maassamme asiansa ratkaisua eiv\u00e4tk\u00e4 voi odotusaikana tehd\u00e4 t\u00f6it\u00e4. N\u00e4it\u00e4 henkil\u00f6it\u00e4 ovat esimerkiksi turvapaikanhakijat, paperittomat ja heid\u00e4n perheenj\u00e4senens\u00e4.<\/p>\n\n\n\n<p>Samalla on todettava, ett\u00e4 kun pohdimme keinoja saada ihmisi\u00e4 t\u00f6ihin maatiloille, t\u00e4ytyy ymm\u00e4rt\u00e4\u00e4, ettei maatalousty\u00f6 sovi kaikille eik\u00e4 ket\u00e4\u00e4n pid\u00e4 painostaa tai pakottaa. Maataloust\u00f6iss\u00e4 tarvitaan osaamista ja usein my\u00f6s hyv\u00e4\u00e4 fyysist\u00e4 kuntoa. On huolehdittava, ett\u00e4 kausit\u00f6ihin l\u00e4htev\u00e4t saavat tarvittavan perehdytyksen ty\u00f6h\u00f6n. T\u00e4m\u00e4 on t\u00e4rke\u00e4\u00e4 my\u00f6s maatalousyritt\u00e4j\u00e4n n\u00e4k\u00f6kulmasta, koska vain ty\u00f6voiman osaaminen takaa sadon onnistumisen.&nbsp;<\/p>\n\n\n\n<p>Ty\u00f6voiman lis\u00e4ksi maatalousyritt\u00e4ji\u00e4 on tuettava kriisiss\u00e4 my\u00f6s muilla keinoilla. Mik\u00e4li maatalousyrityksen toiminta h\u00e4iriintyy pandemian vuoksi, tulee maatalousyrityst\u00e4 tukea, kuten muitakin yritt\u00e4ji\u00e4. Hallitus onkin p\u00e4\u00e4tt\u00e4nyt noin 40 miljardin euron tukipaketista maaseudun yritystoiminnalle. Moni maatalousyritt\u00e4j\u00e4 kuuluu itse koronaviruksen aiheuttaman taudin riskiryhm\u00e4\u00e4n ja huoli omasta sairastumisesta on suuri. Siksi maatalousyritt\u00e4jien turvana on kriisiaikanakin oltava toimiva lomitusj\u00e4rjestelm\u00e4.<\/p>\n\n\n\n<p>Akuutin kriisin keskell\u00e4kin kannattaa tukea uudenlaista liiketoimintaa. Moni kaupunkilainen haluaisi auttaa maatalousyritt\u00e4ji\u00e4 tilaamalla ruokaa suoraan tuottajalta. L\u00e4hiruokaringit ovat t\u00e4h\u00e4n oiva tapa, sill\u00e4 niiden avulla kuluttajat voivat ostaa ruokaa suoraan maatiloilta. K\u00e4yt\u00e4nn\u00f6ss\u00e4 l\u00e4hiruokarinkien toiminta on Suomessa kuitenkin pienimuotoista, ja k\u00e4tevi\u00e4 tilauspalveluja on l\u00e4hinn\u00e4 p\u00e4\u00e4kaupunkiseudulla. Maatalouselinkeinon kannattavuuden parantamiseksi nyt tulisi tukea my\u00f6s sellaisia yrityksi\u00e4, jotka kuljettavat ruokaa tiloilta suoraan eristyksiss\u00e4 olevien ihmisten kotioville.<\/p>\n\n\n\n<p>Iloinen uutinen on se, ett\u00e4 useat tilat ovat saaneet jo reilusti ty\u00f6hakemuksia. Lis\u00e4\u00e4 ty\u00f6ntekij\u00f6it\u00e4 kuitenkin tarvitaan ja niiden l\u00f6yt\u00e4miseksi on k\u00e4ytett\u00e4v\u00e4 kaikki mahdolliset keinot. On sanomattakin selv\u00e4\u00e4, ett\u00e4 kaikessa maatalousyrityksi\u00e4 tukevassa toiminnassa on otettava huomioon viranomaisten ohjeet koronaviruksen levi\u00e4misen est\u00e4miseksi. On t\u00e4rke\u00e4\u00e4 est\u00e4\u00e4 taudin levi\u00e4minen maatilallisiin ja ty\u00f6ntekij\u00f6ihin. Tiloille l\u00e4htevi\u00e4 ty\u00f6ntekij\u00f6it\u00e4 voitaisiin testata esimerkiksi vasta-ainetestill\u00e4 ennen t\u00f6iden aloittamista.<\/p>\n\n\n\n<p>Voimia poikkeukselliseen tilanteeseen, yhdess\u00e4 selvi\u00e4mme!<\/p>\n\n\n\n<p>Yst\u00e4v\u00e4llisin terveisin,<\/p>\n\n\n\n<p>Jenni Pitko<\/p>\n","protected":false},"excerpt":{"rendered":"<p>Arvoisa ministeri Lepp\u00e4, Koronaviruksen aiheuttama kriisi vaikuttaa laajasti yhteiskunnassa. Kovimmilla ovat nyt sosiaali- ja terveyspalvelut, joiden teht\u00e4v\u00e4n\u00e4 on pelastaa ihmishenki\u00e4 [&hellip;]<\/p>\n","protected":false},"author":1,"featured_media":0,"comment_status":"closed","ping_status":"closed","sticky":false,"template":"","format":"standard","meta":{"_monsterinsights_skip_tracking":false,"_monsterinsights_sitenote_active":false,"_monsterinsights_sitenote_note":"","_monsterinsights_sitenote_category":0,"site-sidebar-layout":"default","site-content-layout":"","ast-site-content-layout":"default","site-content-style":"default","site-sidebar-style":"default","ast-global-header-display":"","ast-banner-title-visibility":"","ast-main-header-display":"","ast-hfb-above-header-display":"","ast-hfb-below-header-display":"","ast-hfb-mobile-header-display":"","site-post-title":"","ast-breadcrumbs-content":"","ast-featured-img":"","footer-sml-layout":"","ast-disable-related-posts":"","theme-transparent-header-meta":"","adv-header-id-meta":"","stick-header-meta":"","header-above-stick-meta":"","header-main-stick-meta":"","header-below-stick-meta":"","astra-migrate-meta-layouts":"default","ast-page-background-enabled":"default","ast-page-background-meta":{"desktop":{"background-color":"var(--ast-global-color-5)","background-image":"","background-repeat":"repeat","background-position":"center center","background-size":"auto","background-attachment":"scroll","background-type":"","background-media":"","overlay-type":"","overlay-color":"","overlay-opacity":"","overlay-gradient":""},"tablet":{"background-color":"","background-image":"","background-repeat":"repeat","background-position":"center center","background-size":"auto","background-attachment":"scroll","background-type":"","background-media":"","overlay-type":"","overlay-color":"","overlay-opacity":"","overlay-gradient":""},"mobile":{"background-color":"","background-image":"","background-repeat":"repeat","background-position":"center center","background-size":"auto","background-attachment":"scroll","background-type":"","background-media":"","overlay-type":"","overlay-color":"","overlay-opacity":"","overlay-gradient":""}},"ast-content-background-meta":{"desktop":{"background-color":"var(--ast-global-color-4)","background-image":"","background-repeat":"repeat","background-position":"center center","background-size":"auto","background-attachment":"scroll","background-type":"","background-media":"","overlay-type":"","overlay-color":"","overlay-opacity":"","overlay-gradient":""},"tablet":{"background-color":"var(--ast-global-color-4)","background-image":"","background-repeat":"repeat","background-position":"center center","background-size":"auto","background-attachment":"scroll","background-type":"","background-media":"","overlay-type":"","overlay-color":"","overlay-opacity":"","overlay-gradient":""},"mobile":{"background-color":"var(--ast-global-color-4)","background-image":"","background-repeat":"repeat","background-position":"center center","background-size":"auto","background-attachment":"scroll","background-type":"","background-media":"","overlay-type":"","overlay-color":"","overlay-opacity":"","overlay-gradient":""}},"footnotes":""},"categories":[2,117],"tags":[383,384],"class_list":["post-2286","post","type-post","status-publish","format-standard","hentry","category-blogi","category-tiedotteet","tag-maatalous","tag-ruuantuotanto"],"yoast_head":"<!-- This site is optimized with the Yoast SEO plugin v27.5 - https:\/\/yoast.com\/product\/yoast-seo-wordpress\/ -->\n<title>Kirje maatalousministeri Jari Lep\u00e4lle: N\u00e4in voisimme kannustaa kaupunkilaisia maatalouden kausit\u00f6ihin huoltovarmuuden varmistamiseksi - Jenni Pitko - Vihreiden varapuheenjohtaja, ymp\u00e4rist\u00f6valiokunnan puheenjohtaja, kansanedustaja ja arkkitehti Oulusta<\/title>\n<meta name=\"robots\" content=\"index, follow, max-snippet:-1, max-image-preview:large, max-video-preview:-1\" \/>\n<link rel=\"canonical\" href=\"https:\/\/jennipitko.fi\/koti\/kirje-maatalousministeri-jari-lepalle-nain-voisimme-kannustaa-kaupunkilaisia-maatalouden-kausitoihin-huoltovarmuuden-varmistamiseksi\/\" \/>\n<meta property=\"og:locale\" content=\"fi_FI\" \/>\n<meta property=\"og:type\" content=\"article\" \/>\n<meta property=\"og:title\" content=\"Kirje maatalousministeri Jari Lep\u00e4lle: N\u00e4in voisimme kannustaa kaupunkilaisia maatalouden kausit\u00f6ihin huoltovarmuuden varmistamiseksi - Jenni Pitko - Vihreiden varapuheenjohtaja, ymp\u00e4rist\u00f6valiokunnan puheenjohtaja, kansanedustaja ja arkkitehti Oulusta\" \/>\n<meta property=\"og:description\" content=\"Arvoisa ministeri Lepp\u00e4, Koronaviruksen aiheuttama kriisi vaikuttaa laajasti yhteiskunnassa. Kovimmilla ovat nyt sosiaali- ja terveyspalvelut, joiden teht\u00e4v\u00e4n\u00e4 on pelastaa ihmishenki\u00e4 [&hellip;]\" \/>\n<meta property=\"og:url\" content=\"https:\/\/jennipitko.fi\/koti\/kirje-maatalousministeri-jari-lepalle-nain-voisimme-kannustaa-kaupunkilaisia-maatalouden-kausitoihin-huoltovarmuuden-varmistamiseksi\/\" \/>\n<meta property=\"og:site_name\" content=\"Jenni Pitko - Vihreiden varapuheenjohtaja, ymp\u00e4rist\u00f6valiokunnan puheenjohtaja, kansanedustaja ja arkkitehti Oulusta\" \/>\n<meta property=\"article:published_time\" content=\"2020-04-08T16:37:10+00:00\" \/>\n<meta property=\"article:modified_time\" content=\"2020-05-06T10:21:59+00:00\" \/>\n<meta name=\"author\" content=\"Jenni\" \/>\n<meta name=\"twitter:card\" content=\"summary_large_image\" \/>\n<meta name=\"twitter:label1\" content=\"Kirjoittanut\" \/>\n\t<meta name=\"twitter:data1\" content=\"Jenni\" \/>\n\t<meta name=\"twitter:label2\" content=\"Arvioitu lukuaika\" \/>\n\t<meta name=\"twitter:data2\" content=\"6 minuuttia\" \/>\n<script type=\"application\/ld+json\" class=\"yoast-schema-graph\">{\"@context\":\"https:\\\/\\\/schema.org\",\"@graph\":[{\"@type\":\"Article\",\"@id\":\"https:\\\/\\\/jennipitko.fi\\\/koti\\\/kirje-maatalousministeri-jari-lepalle-nain-voisimme-kannustaa-kaupunkilaisia-maatalouden-kausitoihin-huoltovarmuuden-varmistamiseksi\\\/#article\",\"isPartOf\":{\"@id\":\"https:\\\/\\\/jennipitko.fi\\\/koti\\\/kirje-maatalousministeri-jari-lepalle-nain-voisimme-kannustaa-kaupunkilaisia-maatalouden-kausitoihin-huoltovarmuuden-varmistamiseksi\\\/\"},\"author\":{\"name\":\"Jenni\",\"@id\":\"https:\\\/\\\/jennipitko.fi\\\/koti\\\/#\\\/schema\\\/person\\\/35955c467f851f10124809310e7e7ee8\"},\"headline\":\"Kirje maatalousministeri Jari Lep\u00e4lle: N\u00e4in voisimme kannustaa kaupunkilaisia maatalouden kausit\u00f6ihin huoltovarmuuden varmistamiseksi\",\"datePublished\":\"2020-04-08T16:37:10+00:00\",\"dateModified\":\"2020-05-06T10:21:59+00:00\",\"mainEntityOfPage\":{\"@id\":\"https:\\\/\\\/jennipitko.fi\\\/koti\\\/kirje-maatalousministeri-jari-lepalle-nain-voisimme-kannustaa-kaupunkilaisia-maatalouden-kausitoihin-huoltovarmuuden-varmistamiseksi\\\/\"},\"wordCount\":1210,\"publisher\":{\"@id\":\"https:\\\/\\\/jennipitko.fi\\\/koti\\\/#organization\"},\"keywords\":[\"maatalous\",\"ruuantuotanto\"],\"articleSection\":[\"Blogi\",\"Tiedotteet\"],\"inLanguage\":\"fi\"},{\"@type\":\"WebPage\",\"@id\":\"https:\\\/\\\/jennipitko.fi\\\/koti\\\/kirje-maatalousministeri-jari-lepalle-nain-voisimme-kannustaa-kaupunkilaisia-maatalouden-kausitoihin-huoltovarmuuden-varmistamiseksi\\\/\",\"url\":\"https:\\\/\\\/jennipitko.fi\\\/koti\\\/kirje-maatalousministeri-jari-lepalle-nain-voisimme-kannustaa-kaupunkilaisia-maatalouden-kausitoihin-huoltovarmuuden-varmistamiseksi\\\/\",\"name\":\"Kirje maatalousministeri Jari Lep\u00e4lle: N\u00e4in voisimme kannustaa kaupunkilaisia maatalouden kausit\u00f6ihin huoltovarmuuden varmistamiseksi - Jenni Pitko - Vihreiden varapuheenjohtaja, ymp\u00e4rist\u00f6valiokunnan puheenjohtaja, kansanedustaja ja arkkitehti Oulusta\",\"isPartOf\":{\"@id\":\"https:\\\/\\\/jennipitko.fi\\\/koti\\\/#website\"},\"datePublished\":\"2020-04-08T16:37:10+00:00\",\"dateModified\":\"2020-05-06T10:21:59+00:00\",\"breadcrumb\":{\"@id\":\"https:\\\/\\\/jennipitko.fi\\\/koti\\\/kirje-maatalousministeri-jari-lepalle-nain-voisimme-kannustaa-kaupunkilaisia-maatalouden-kausitoihin-huoltovarmuuden-varmistamiseksi\\\/#breadcrumb\"},\"inLanguage\":\"fi\",\"potentialAction\":[{\"@type\":\"ReadAction\",\"target\":[\"https:\\\/\\\/jennipitko.fi\\\/koti\\\/kirje-maatalousministeri-jari-lepalle-nain-voisimme-kannustaa-kaupunkilaisia-maatalouden-kausitoihin-huoltovarmuuden-varmistamiseksi\\\/\"]}]},{\"@type\":\"BreadcrumbList\",\"@id\":\"https:\\\/\\\/jennipitko.fi\\\/koti\\\/kirje-maatalousministeri-jari-lepalle-nain-voisimme-kannustaa-kaupunkilaisia-maatalouden-kausitoihin-huoltovarmuuden-varmistamiseksi\\\/#breadcrumb\",\"itemListElement\":[{\"@type\":\"ListItem\",\"position\":1,\"name\":\"Home\",\"item\":\"https:\\\/\\\/jennipitko.fi\\\/koti\\\/\"},{\"@type\":\"ListItem\",\"position\":2,\"name\":\"Kirje maatalousministeri Jari Lep\u00e4lle: N\u00e4in voisimme kannustaa kaupunkilaisia maatalouden kausit\u00f6ihin huoltovarmuuden varmistamiseksi\"}]},{\"@type\":\"WebSite\",\"@id\":\"https:\\\/\\\/jennipitko.fi\\\/koti\\\/#website\",\"url\":\"https:\\\/\\\/jennipitko.fi\\\/koti\\\/\",\"name\":\"Jenni Pitko - Vihreiden varapuheenjohtaja, ymp\u00e4rist\u00f6valiokunnan puheenjohtaja, kansanedustaja ja arkkitehti Oulusta\",\"description\":\"Jenni Pitko - Vihreiden varapuheenjohtaja, ymp\u00e4rist\u00f6valiokunnan puheenjohtaja, kansanedustaja ja arkkitehti Oulusta\",\"publisher\":{\"@id\":\"https:\\\/\\\/jennipitko.fi\\\/koti\\\/#organization\"},\"potentialAction\":[{\"@type\":\"SearchAction\",\"target\":{\"@type\":\"EntryPoint\",\"urlTemplate\":\"https:\\\/\\\/jennipitko.fi\\\/koti\\\/?s={search_term_string}\"},\"query-input\":{\"@type\":\"PropertyValueSpecification\",\"valueRequired\":true,\"valueName\":\"search_term_string\"}}],\"inLanguage\":\"fi\"},{\"@type\":\"Organization\",\"@id\":\"https:\\\/\\\/jennipitko.fi\\\/koti\\\/#organization\",\"name\":\"Jenni Pitko - Vihreiden varapuheenjohtaja, ymp\u00e4rist\u00f6valiokunnan puheenjohtaja, kansanedustaja ja arkkitehti Oulusta\",\"url\":\"https:\\\/\\\/jennipitko.fi\\\/koti\\\/\",\"logo\":{\"@type\":\"ImageObject\",\"inLanguage\":\"fi\",\"@id\":\"https:\\\/\\\/jennipitko.fi\\\/koti\\\/#\\\/schema\\\/logo\\\/image\\\/\",\"url\":\"https:\\\/\\\/jennipitko.fi\\\/koti\\\/wp-content\\\/uploads\\\/2025\\\/09\\\/Nimeton-malli-38.png\",\"contentUrl\":\"https:\\\/\\\/jennipitko.fi\\\/koti\\\/wp-content\\\/uploads\\\/2025\\\/09\\\/Nimeton-malli-38.png\",\"width\":1280,\"height\":847,\"caption\":\"Jenni Pitko - Vihreiden varapuheenjohtaja, ymp\u00e4rist\u00f6valiokunnan puheenjohtaja, kansanedustaja ja arkkitehti Oulusta\"},\"image\":{\"@id\":\"https:\\\/\\\/jennipitko.fi\\\/koti\\\/#\\\/schema\\\/logo\\\/image\\\/\"}},{\"@type\":\"Person\",\"@id\":\"https:\\\/\\\/jennipitko.fi\\\/koti\\\/#\\\/schema\\\/person\\\/35955c467f851f10124809310e7e7ee8\",\"name\":\"Jenni\",\"image\":{\"@type\":\"ImageObject\",\"inLanguage\":\"fi\",\"@id\":\"https:\\\/\\\/secure.gravatar.com\\\/avatar\\\/625a0e6413b293da7739d42617828d564a4d6028aec3f45d8939a2ba1617199f?s=96&d=blank&r=g\",\"url\":\"https:\\\/\\\/secure.gravatar.com\\\/avatar\\\/625a0e6413b293da7739d42617828d564a4d6028aec3f45d8939a2ba1617199f?s=96&d=blank&r=g\",\"contentUrl\":\"https:\\\/\\\/secure.gravatar.com\\\/avatar\\\/625a0e6413b293da7739d42617828d564a4d6028aec3f45d8939a2ba1617199f?s=96&d=blank&r=g\",\"caption\":\"Jenni\"},\"url\":\"https:\\\/\\\/jennipitko.fi\\\/koti\\\/author\\\/jenni\\\/\"}]}<\/script>\n<!-- \/ Yoast SEO plugin. -->","yoast_head_json":{"title":"Kirje maatalousministeri Jari Lep\u00e4lle: N\u00e4in voisimme kannustaa kaupunkilaisia maatalouden kausit\u00f6ihin huoltovarmuuden varmistamiseksi - Jenni Pitko - Vihreiden varapuheenjohtaja, ymp\u00e4rist\u00f6valiokunnan puheenjohtaja, kansanedustaja ja arkkitehti Oulusta","robots":{"index":"index","follow":"follow","max-snippet":"max-snippet:-1","max-image-preview":"max-image-preview:large","max-video-preview":"max-video-preview:-1"},"canonical":"https:\/\/jennipitko.fi\/koti\/kirje-maatalousministeri-jari-lepalle-nain-voisimme-kannustaa-kaupunkilaisia-maatalouden-kausitoihin-huoltovarmuuden-varmistamiseksi\/","og_locale":"fi_FI","og_type":"article","og_title":"Kirje maatalousministeri Jari Lep\u00e4lle: N\u00e4in voisimme kannustaa kaupunkilaisia maatalouden kausit\u00f6ihin huoltovarmuuden varmistamiseksi - Jenni Pitko - Vihreiden varapuheenjohtaja, ymp\u00e4rist\u00f6valiokunnan puheenjohtaja, kansanedustaja ja arkkitehti Oulusta","og_description":"Arvoisa ministeri Lepp\u00e4, Koronaviruksen aiheuttama kriisi vaikuttaa laajasti yhteiskunnassa. Kovimmilla ovat nyt sosiaali- ja terveyspalvelut, joiden teht\u00e4v\u00e4n\u00e4 on pelastaa ihmishenki\u00e4 [&hellip;]","og_url":"https:\/\/jennipitko.fi\/koti\/kirje-maatalousministeri-jari-lepalle-nain-voisimme-kannustaa-kaupunkilaisia-maatalouden-kausitoihin-huoltovarmuuden-varmistamiseksi\/","og_site_name":"Jenni Pitko - Vihreiden varapuheenjohtaja, ymp\u00e4rist\u00f6valiokunnan puheenjohtaja, kansanedustaja ja arkkitehti Oulusta","article_published_time":"2020-04-08T16:37:10+00:00","article_modified_time":"2020-05-06T10:21:59+00:00","author":"Jenni","twitter_card":"summary_large_image","twitter_misc":{"Kirjoittanut":"Jenni","Arvioitu lukuaika":"6 minuuttia"},"schema":{"@context":"https:\/\/schema.org","@graph":[{"@type":"Article","@id":"https:\/\/jennipitko.fi\/koti\/kirje-maatalousministeri-jari-lepalle-nain-voisimme-kannustaa-kaupunkilaisia-maatalouden-kausitoihin-huoltovarmuuden-varmistamiseksi\/#article","isPartOf":{"@id":"https:\/\/jennipitko.fi\/koti\/kirje-maatalousministeri-jari-lepalle-nain-voisimme-kannustaa-kaupunkilaisia-maatalouden-kausitoihin-huoltovarmuuden-varmistamiseksi\/"},"author":{"name":"Jenni","@id":"https:\/\/jennipitko.fi\/koti\/#\/schema\/person\/35955c467f851f10124809310e7e7ee8"},"headline":"Kirje maatalousministeri Jari Lep\u00e4lle: N\u00e4in voisimme kannustaa kaupunkilaisia maatalouden kausit\u00f6ihin huoltovarmuuden varmistamiseksi","datePublished":"2020-04-08T16:37:10+00:00","dateModified":"2020-05-06T10:21:59+00:00","mainEntityOfPage":{"@id":"https:\/\/jennipitko.fi\/koti\/kirje-maatalousministeri-jari-lepalle-nain-voisimme-kannustaa-kaupunkilaisia-maatalouden-kausitoihin-huoltovarmuuden-varmistamiseksi\/"},"wordCount":1210,"publisher":{"@id":"https:\/\/jennipitko.fi\/koti\/#organization"},"keywords":["maatalous","ruuantuotanto"],"articleSection":["Blogi","Tiedotteet"],"inLanguage":"fi"},{"@type":"WebPage","@id":"https:\/\/jennipitko.fi\/koti\/kirje-maatalousministeri-jari-lepalle-nain-voisimme-kannustaa-kaupunkilaisia-maatalouden-kausitoihin-huoltovarmuuden-varmistamiseksi\/","url":"https:\/\/jennipitko.fi\/koti\/kirje-maatalousministeri-jari-lepalle-nain-voisimme-kannustaa-kaupunkilaisia-maatalouden-kausitoihin-huoltovarmuuden-varmistamiseksi\/","name":"Kirje maatalousministeri Jari Lep\u00e4lle: N\u00e4in voisimme kannustaa kaupunkilaisia maatalouden kausit\u00f6ihin huoltovarmuuden varmistamiseksi - Jenni Pitko - Vihreiden varapuheenjohtaja, ymp\u00e4rist\u00f6valiokunnan puheenjohtaja, kansanedustaja ja arkkitehti Oulusta","isPartOf":{"@id":"https:\/\/jennipitko.fi\/koti\/#website"},"datePublished":"2020-04-08T16:37:10+00:00","dateModified":"2020-05-06T10:21:59+00:00","breadcrumb":{"@id":"https:\/\/jennipitko.fi\/koti\/kirje-maatalousministeri-jari-lepalle-nain-voisimme-kannustaa-kaupunkilaisia-maatalouden-kausitoihin-huoltovarmuuden-varmistamiseksi\/#breadcrumb"},"inLanguage":"fi","potentialAction":[{"@type":"ReadAction","target":["https:\/\/jennipitko.fi\/koti\/kirje-maatalousministeri-jari-lepalle-nain-voisimme-kannustaa-kaupunkilaisia-maatalouden-kausitoihin-huoltovarmuuden-varmistamiseksi\/"]}]},{"@type":"BreadcrumbList","@id":"https:\/\/jennipitko.fi\/koti\/kirje-maatalousministeri-jari-lepalle-nain-voisimme-kannustaa-kaupunkilaisia-maatalouden-kausitoihin-huoltovarmuuden-varmistamiseksi\/#breadcrumb","itemListElement":[{"@type":"ListItem","position":1,"name":"Home","item":"https:\/\/jennipitko.fi\/koti\/"},{"@type":"ListItem","position":2,"name":"Kirje maatalousministeri Jari Lep\u00e4lle: N\u00e4in voisimme kannustaa kaupunkilaisia maatalouden kausit\u00f6ihin huoltovarmuuden varmistamiseksi"}]},{"@type":"WebSite","@id":"https:\/\/jennipitko.fi\/koti\/#website","url":"https:\/\/jennipitko.fi\/koti\/","name":"Jenni Pitko - Vihreiden varapuheenjohtaja, ymp\u00e4rist\u00f6valiokunnan puheenjohtaja, kansanedustaja ja arkkitehti Oulusta","description":"Jenni Pitko - Vihreiden varapuheenjohtaja, ymp\u00e4rist\u00f6valiokunnan puheenjohtaja, kansanedustaja ja arkkitehti Oulusta","publisher":{"@id":"https:\/\/jennipitko.fi\/koti\/#organization"},"potentialAction":[{"@type":"SearchAction","target":{"@type":"EntryPoint","urlTemplate":"https:\/\/jennipitko.fi\/koti\/?s={search_term_string}"},"query-input":{"@type":"PropertyValueSpecification","valueRequired":true,"valueName":"search_term_string"}}],"inLanguage":"fi"},{"@type":"Organization","@id":"https:\/\/jennipitko.fi\/koti\/#organization","name":"Jenni Pitko - Vihreiden varapuheenjohtaja, ymp\u00e4rist\u00f6valiokunnan puheenjohtaja, kansanedustaja ja arkkitehti Oulusta","url":"https:\/\/jennipitko.fi\/koti\/","logo":{"@type":"ImageObject","inLanguage":"fi","@id":"https:\/\/jennipitko.fi\/koti\/#\/schema\/logo\/image\/","url":"https:\/\/jennipitko.fi\/koti\/wp-content\/uploads\/2025\/09\/Nimeton-malli-38.png","contentUrl":"https:\/\/jennipitko.fi\/koti\/wp-content\/uploads\/2025\/09\/Nimeton-malli-38.png","width":1280,"height":847,"caption":"Jenni Pitko - Vihreiden varapuheenjohtaja, ymp\u00e4rist\u00f6valiokunnan puheenjohtaja, kansanedustaja ja arkkitehti Oulusta"},"image":{"@id":"https:\/\/jennipitko.fi\/koti\/#\/schema\/logo\/image\/"}},{"@type":"Person","@id":"https:\/\/jennipitko.fi\/koti\/#\/schema\/person\/35955c467f851f10124809310e7e7ee8","name":"Jenni","image":{"@type":"ImageObject","inLanguage":"fi","@id":"https:\/\/secure.gravatar.com\/avatar\/625a0e6413b293da7739d42617828d564a4d6028aec3f45d8939a2ba1617199f?s=96&d=blank&r=g","url":"https:\/\/secure.gravatar.com\/avatar\/625a0e6413b293da7739d42617828d564a4d6028aec3f45d8939a2ba1617199f?s=96&d=blank&r=g","contentUrl":"https:\/\/secure.gravatar.com\/avatar\/625a0e6413b293da7739d42617828d564a4d6028aec3f45d8939a2ba1617199f?s=96&d=blank&r=g","caption":"Jenni"},"url":"https:\/\/jennipitko.fi\/koti\/author\/jenni\/"}]}},"_links":{"self":[{"href":"https:\/\/jennipitko.fi\/koti\/wp-json\/wp\/v2\/posts\/2286","targetHints":{"allow":["GET"]}}],"collection":[{"href":"https:\/\/jennipitko.fi\/koti\/wp-json\/wp\/v2\/posts"}],"about":[{"href":"https:\/\/jennipitko.fi\/koti\/wp-json\/wp\/v2\/types\/post"}],"author":[{"embeddable":true,"href":"https:\/\/jennipitko.fi\/koti\/wp-json\/wp\/v2\/users\/1"}],"replies":[{"embeddable":true,"href":"https:\/\/jennipitko.fi\/koti\/wp-json\/wp\/v2\/comments?post=2286"}],"version-history":[{"count":1,"href":"https:\/\/jennipitko.fi\/koti\/wp-json\/wp\/v2\/posts\/2286\/revisions"}],"predecessor-version":[{"id":2315,"href":"https:\/\/jennipitko.fi\/koti\/wp-json\/wp\/v2\/posts\/2286\/revisions\/2315"}],"wp:attachment":[{"href":"https:\/\/jennipitko.fi\/koti\/wp-json\/wp\/v2\/media?parent=2286"}],"wp:term":[{"taxonomy":"category","embeddable":true,"href":"https:\/\/jennipitko.fi\/koti\/wp-json\/wp\/v2\/categories?post=2286"},{"taxonomy":"post_tag","embeddable":true,"href":"https:\/\/jennipitko.fi\/koti\/wp-json\/wp\/v2\/tags?post=2286"}],"curies":[{"name":"wp","href":"https:\/\/api.w.org\/{rel}","templated":true}]}}