{"id":2290,"date":"2020-03-23T14:03:00","date_gmt":"2020-03-23T12:03:00","guid":{"rendered":"http:\/\/jennipitko.fi\/koti\/?p=2290"},"modified":"2020-04-28T14:07:45","modified_gmt":"2020-04-28T12:07:45","slug":"kun-koti-on-koronaakin-pelottavampi-paikka","status":"publish","type":"post","link":"https:\/\/jennipitko.fi\/koti\/kun-koti-on-koronaakin-pelottavampi-paikka\/","title":{"rendered":"Kun koti on koronaakin pelottavampi paikka"},"content":{"rendered":"\n<p>Moni maa on turvautunut tai turvautumassa liikkumisen rajoittamiseen koronavirusepidemian rajoittamiseksi. Toteutustapoja on erilaisia: julkista liikennett\u00e4 on rajoitettu ja joissakin maissa on asetettu ulkonaliikkumiskielto. Meill\u00e4 Suomessa on monissa ty\u00f6paikoissa siirrytty et\u00e4t\u00f6ihin, koulut ja p\u00e4iv\u00e4kodit ovat osin kiinni ja korkeakoulujen ovet suljettu.<\/p>\n\n\n\n<p>Liikkumisen rajoittaminen on ainoa tapa saada pandemia kuriin, ja j\u00e4reimm\u00e4t keinot on voitava ottaa oikea-aikaisesti k\u00e4ytt\u00f6\u00f6n, jotta turvaamme ihmishenki\u00e4. Samalla on kuitenkin muistettava, ett\u00e4 koti ei ole kaikille turvallinen paikka.<\/p>\n\n\n\n<p>Kotiin nelj\u00e4n sein\u00e4n sis\u00e4lle j\u00e4\u00e4minen on monelle vankila. Alkoholin kulutus ja perhev\u00e4kivalta lis\u00e4\u00e4ntyv\u00e4t, kun ihmisen viett\u00e4v\u00e4t paljon aikaa kotona. T\u00e4m\u00e4 ilmi\u00f6 n\u00e4kyy jo lyhyemmill\u00e4 kotona vietett\u00e4vill\u00e4 ajanjaksoilla, kuten joulun aikaan ja kes\u00e4lomilla. Koti on naisten vaarallisin paikka siin\u00e4 miss\u00e4 katu on miehelle.<\/p>\n\n\n\n<p>Nyt on t\u00e4rke\u00e4\u00e4, ett\u00e4 kun erist\u00e4mme ihmisi\u00e4, saamme l\u00e4hisuhdev\u00e4kivallan uhreja auttavia palveluja toimimaan et\u00e4n\u00e4. Kriisipuhelimien toimintaa on vahvistettava. Naisten linja on jo lis\u00e4nnyt chat-aikoja ja on perustamassa verkkovertaistukiryhm\u00e4\u00e4.<\/p>\n\n\n\n<p>L\u00e4hisuhdev\u00e4kivallan kohteilla on oltava poisp\u00e4\u00e4sy kotoa my\u00f6s koronaepidemian aikana. Turvakotipaikkojen tarve voi hyvinkin kasvaa. Turvakodeissa on jo valmistauduttu koronavirukseen muun muassa erist\u00e4m\u00e4ll\u00e4 riskiryhm\u00e4\u00e4n kuuluvia ja mahdollistamalla palveluiden tarjoaminen fyysist\u00e4 kontaktia v\u00e4ltt\u00e4en. Virustartunnan saanut voi t\u00e4ll\u00e4 hetkell\u00e4 p\u00e4\u00e4st\u00e4 turvakotiin vain etel\u00e4isess\u00e4 Suomessa, Helsingiss\u00e4 tai Porissa. T\u00e4m\u00e4n toivoisi laajentuvan my\u00f6s muuhun Suomeen.<\/p>\n\n\n\n<p>Nettiturvakodin palveluiden piiriin p\u00e4\u00e4see oman kodin kautta, mutta monelle se ei ole turvallinen vaihtoehto, jos v\u00e4kivaltainen perheenj\u00e4sen valvoo laitteiden ja internetin k\u00e4ytt\u00f6\u00e4. Siksi maantieteellinen kattavuus fyysisess\u00e4 verkossa on t\u00e4rke\u00e4\u00e4.<\/p>\n\n\n\n<p>Avun hakemisen kynnys on korkea ilman yhteiskunnan poikkeustilaakin. Perhev\u00e4kivalta tapahtuu salassa ja piilossa ja sen havaitseminen on vaikeaa. K\u00e4sien pesun lis\u00e4ksi nyt onkin t\u00e4rke\u00e4\u00e4 olla valppaana ja auttaa apua tarvitsevia ja hakeutua avun piiriin, kun itse tai l\u00e4heinen sit\u00e4 tarvitsee. Lastensuojeluun voi j\u00e4tt\u00e4\u00e4 ilmoituksen jos ep\u00e4ilee lapsen kaltoinkohtelua ja poliisiin voi olla yhteydess\u00e4, jos ep\u00e4ilee v\u00e4kivaltaa esimerikiksi naapurissa.\u00a0My\u00f6s v\u00e4kivaltaa tekeville on paljon auttavia palveluita tarjolla.<\/p>\n\n\n\n<p>Vaarallisten tilanteiden havaitsemista auttaa se kun olemme toisiimme yhteydess\u00e4. S\u00e4\u00e4nn\u00f6lliset puhelut ja vaikka lasten videoleikkitreffit tuovat helpotusta tukaliin oloihin nyt, kun lapsilla ei ole koulua, vierailut isovanhemmille on peruttu eik\u00e4 huoltajilla ole aikaa lev\u00e4ht\u00e4\u00e4 kaaoksen keskell\u00e4.<\/p>\n\n\n\n<p>Olemme yhteiskuntana akuutissa kriisiss\u00e4, jonka hoitaminen kaikkine lieveilmi\u00f6ineen on nyt t\u00e4rkein teht\u00e4v\u00e4mme. Meid\u00e4n on muistettava, ett\u00e4 Suomi on l\u00e4hisuhdev\u00e4kivallan kehitysmaa. Olemme Euroopan mittakaavassa toiseksi turvattomin maa naisille ja tyt\u00f6ille. Joka kolmas nainen on kokenut l\u00e4hisuhdev\u00e4kivaltaa. Kun kriisi on ohi, on meid\u00e4n puututtava entist\u00e4kin ponnekkaammin l\u00e4hisuhdev\u00e4kivallan kitkemiseen.\u00a0<\/p>\n\n\n\n<p>Teksti on julkaistu Vihreiden naisten blogissa 23.3.2020.<\/p>\n","protected":false},"excerpt":{"rendered":"<p>Moni maa on turvautunut tai turvautumassa liikkumisen rajoittamiseen koronavirusepidemian rajoittamiseksi. Toteutustapoja on erilaisia: julkista liikennett\u00e4 on rajoitettu ja joissakin maissa [&hellip;]<\/p>\n","protected":false},"author":1,"featured_media":0,"comment_status":"closed","ping_status":"closed","sticky":false,"template":"","format":"standard","meta":{"_monsterinsights_skip_tracking":false,"_monsterinsights_sitenote_active":false,"_monsterinsights_sitenote_note":"","_monsterinsights_sitenote_category":0,"site-sidebar-layout":"default","site-content-layout":"","ast-site-content-layout":"default","site-content-style":"default","site-sidebar-style":"default","ast-global-header-display":"","ast-banner-title-visibility":"","ast-main-header-display":"","ast-hfb-above-header-display":"","ast-hfb-below-header-display":"","ast-hfb-mobile-header-display":"","site-post-title":"","ast-breadcrumbs-content":"","ast-featured-img":"","footer-sml-layout":"","ast-disable-related-posts":"","theme-transparent-header-meta":"","adv-header-id-meta":"","stick-header-meta":"","header-above-stick-meta":"","header-main-stick-meta":"","header-below-stick-meta":"","astra-migrate-meta-layouts":"default","ast-page-background-enabled":"default","ast-page-background-meta":{"desktop":{"background-color":"var(--ast-global-color-5)","background-image":"","background-repeat":"repeat","background-position":"center center","background-size":"auto","background-attachment":"scroll","background-type":"","background-media":"","overlay-type":"","overlay-color":"","overlay-opacity":"","overlay-gradient":""},"tablet":{"background-color":"","background-image":"","background-repeat":"repeat","background-position":"center center","background-size":"auto","background-attachment":"scroll","background-type":"","background-media":"","overlay-type":"","overlay-color":"","overlay-opacity":"","overlay-gradient":""},"mobile":{"background-color":"","background-image":"","background-repeat":"repeat","background-position":"center center","background-size":"auto","background-attachment":"scroll","background-type":"","background-media":"","overlay-type":"","overlay-color":"","overlay-opacity":"","overlay-gradient":""}},"ast-content-background-meta":{"desktop":{"background-color":"var(--ast-global-color-4)","background-image":"","background-repeat":"repeat","background-position":"center center","background-size":"auto","background-attachment":"scroll","background-type":"","background-media":"","overlay-type":"","overlay-color":"","overlay-opacity":"","overlay-gradient":""},"tablet":{"background-color":"var(--ast-global-color-4)","background-image":"","background-repeat":"repeat","background-position":"center center","background-size":"auto","background-attachment":"scroll","background-type":"","background-media":"","overlay-type":"","overlay-color":"","overlay-opacity":"","overlay-gradient":""},"mobile":{"background-color":"var(--ast-global-color-4)","background-image":"","background-repeat":"repeat","background-position":"center center","background-size":"auto","background-attachment":"scroll","background-type":"","background-media":"","overlay-type":"","overlay-color":"","overlay-opacity":"","overlay-gradient":""}},"footnotes":""},"categories":[2],"tags":[380,390,316,111],"class_list":["post-2290","post","type-post","status-publish","format-standard","hentry","category-blogi","tag-korona","tag-lahisuhdevakivalta","tag-sukupuolten-valinen-tasa-arvo","tag-tasa-arvo"],"yoast_head":"<!-- This site is optimized with the Yoast SEO plugin v27.5 - https:\/\/yoast.com\/product\/yoast-seo-wordpress\/ -->\n<title>Kun koti on koronaakin pelottavampi paikka - Jenni Pitko - Vihreiden varapuheenjohtaja, ymp\u00e4rist\u00f6valiokunnan puheenjohtaja, kansanedustaja ja arkkitehti Oulusta<\/title>\n<meta name=\"robots\" content=\"index, follow, max-snippet:-1, max-image-preview:large, max-video-preview:-1\" \/>\n<link rel=\"canonical\" href=\"https:\/\/jennipitko.fi\/koti\/kun-koti-on-koronaakin-pelottavampi-paikka\/\" \/>\n<meta property=\"og:locale\" content=\"fi_FI\" \/>\n<meta property=\"og:type\" content=\"article\" \/>\n<meta property=\"og:title\" content=\"Kun koti on koronaakin pelottavampi paikka - Jenni Pitko - Vihreiden varapuheenjohtaja, ymp\u00e4rist\u00f6valiokunnan puheenjohtaja, kansanedustaja ja arkkitehti Oulusta\" \/>\n<meta property=\"og:description\" content=\"Moni maa on turvautunut tai turvautumassa liikkumisen rajoittamiseen koronavirusepidemian rajoittamiseksi. Toteutustapoja on erilaisia: julkista liikennett\u00e4 on rajoitettu ja joissakin maissa [&hellip;]\" \/>\n<meta property=\"og:url\" content=\"https:\/\/jennipitko.fi\/koti\/kun-koti-on-koronaakin-pelottavampi-paikka\/\" \/>\n<meta property=\"og:site_name\" content=\"Jenni Pitko - Vihreiden varapuheenjohtaja, ymp\u00e4rist\u00f6valiokunnan puheenjohtaja, kansanedustaja ja arkkitehti Oulusta\" \/>\n<meta property=\"article:published_time\" content=\"2020-03-23T12:03:00+00:00\" \/>\n<meta property=\"article:modified_time\" content=\"2020-04-28T12:07:45+00:00\" \/>\n<meta name=\"author\" content=\"Jenni\" \/>\n<meta name=\"twitter:card\" content=\"summary_large_image\" \/>\n<meta name=\"twitter:label1\" content=\"Kirjoittanut\" \/>\n\t<meta name=\"twitter:data1\" content=\"Jenni\" \/>\n\t<meta name=\"twitter:label2\" content=\"Arvioitu lukuaika\" \/>\n\t<meta name=\"twitter:data2\" content=\"2 minuuttia\" \/>\n<script type=\"application\/ld+json\" class=\"yoast-schema-graph\">{\"@context\":\"https:\\\/\\\/schema.org\",\"@graph\":[{\"@type\":\"Article\",\"@id\":\"https:\\\/\\\/jennipitko.fi\\\/koti\\\/kun-koti-on-koronaakin-pelottavampi-paikka\\\/#article\",\"isPartOf\":{\"@id\":\"https:\\\/\\\/jennipitko.fi\\\/koti\\\/kun-koti-on-koronaakin-pelottavampi-paikka\\\/\"},\"author\":{\"name\":\"Jenni\",\"@id\":\"https:\\\/\\\/jennipitko.fi\\\/koti\\\/#\\\/schema\\\/person\\\/35955c467f851f10124809310e7e7ee8\"},\"headline\":\"Kun koti on koronaakin pelottavampi paikka\",\"datePublished\":\"2020-03-23T12:03:00+00:00\",\"dateModified\":\"2020-04-28T12:07:45+00:00\",\"mainEntityOfPage\":{\"@id\":\"https:\\\/\\\/jennipitko.fi\\\/koti\\\/kun-koti-on-koronaakin-pelottavampi-paikka\\\/\"},\"wordCount\":455,\"publisher\":{\"@id\":\"https:\\\/\\\/jennipitko.fi\\\/koti\\\/#organization\"},\"keywords\":[\"korona\",\"l\u00e4hisuhdev\u00e4kivalta\",\"sukupuolten v\u00e4linen tasa-arvo\",\"tasa-arvo\"],\"articleSection\":[\"Blogi\"],\"inLanguage\":\"fi\"},{\"@type\":\"WebPage\",\"@id\":\"https:\\\/\\\/jennipitko.fi\\\/koti\\\/kun-koti-on-koronaakin-pelottavampi-paikka\\\/\",\"url\":\"https:\\\/\\\/jennipitko.fi\\\/koti\\\/kun-koti-on-koronaakin-pelottavampi-paikka\\\/\",\"name\":\"Kun koti on koronaakin pelottavampi paikka - Jenni Pitko - Vihreiden varapuheenjohtaja, ymp\u00e4rist\u00f6valiokunnan puheenjohtaja, kansanedustaja ja arkkitehti Oulusta\",\"isPartOf\":{\"@id\":\"https:\\\/\\\/jennipitko.fi\\\/koti\\\/#website\"},\"datePublished\":\"2020-03-23T12:03:00+00:00\",\"dateModified\":\"2020-04-28T12:07:45+00:00\",\"breadcrumb\":{\"@id\":\"https:\\\/\\\/jennipitko.fi\\\/koti\\\/kun-koti-on-koronaakin-pelottavampi-paikka\\\/#breadcrumb\"},\"inLanguage\":\"fi\",\"potentialAction\":[{\"@type\":\"ReadAction\",\"target\":[\"https:\\\/\\\/jennipitko.fi\\\/koti\\\/kun-koti-on-koronaakin-pelottavampi-paikka\\\/\"]}]},{\"@type\":\"BreadcrumbList\",\"@id\":\"https:\\\/\\\/jennipitko.fi\\\/koti\\\/kun-koti-on-koronaakin-pelottavampi-paikka\\\/#breadcrumb\",\"itemListElement\":[{\"@type\":\"ListItem\",\"position\":1,\"name\":\"Home\",\"item\":\"https:\\\/\\\/jennipitko.fi\\\/koti\\\/\"},{\"@type\":\"ListItem\",\"position\":2,\"name\":\"Kun koti on koronaakin pelottavampi paikka\"}]},{\"@type\":\"WebSite\",\"@id\":\"https:\\\/\\\/jennipitko.fi\\\/koti\\\/#website\",\"url\":\"https:\\\/\\\/jennipitko.fi\\\/koti\\\/\",\"name\":\"Jenni Pitko - Vihreiden varapuheenjohtaja, ymp\u00e4rist\u00f6valiokunnan puheenjohtaja, kansanedustaja ja arkkitehti Oulusta\",\"description\":\"Jenni Pitko - Vihreiden varapuheenjohtaja, ymp\u00e4rist\u00f6valiokunnan puheenjohtaja, kansanedustaja ja arkkitehti Oulusta\",\"publisher\":{\"@id\":\"https:\\\/\\\/jennipitko.fi\\\/koti\\\/#organization\"},\"potentialAction\":[{\"@type\":\"SearchAction\",\"target\":{\"@type\":\"EntryPoint\",\"urlTemplate\":\"https:\\\/\\\/jennipitko.fi\\\/koti\\\/?s={search_term_string}\"},\"query-input\":{\"@type\":\"PropertyValueSpecification\",\"valueRequired\":true,\"valueName\":\"search_term_string\"}}],\"inLanguage\":\"fi\"},{\"@type\":\"Organization\",\"@id\":\"https:\\\/\\\/jennipitko.fi\\\/koti\\\/#organization\",\"name\":\"Jenni Pitko - Vihreiden varapuheenjohtaja, ymp\u00e4rist\u00f6valiokunnan puheenjohtaja, kansanedustaja ja arkkitehti Oulusta\",\"url\":\"https:\\\/\\\/jennipitko.fi\\\/koti\\\/\",\"logo\":{\"@type\":\"ImageObject\",\"inLanguage\":\"fi\",\"@id\":\"https:\\\/\\\/jennipitko.fi\\\/koti\\\/#\\\/schema\\\/logo\\\/image\\\/\",\"url\":\"https:\\\/\\\/jennipitko.fi\\\/koti\\\/wp-content\\\/uploads\\\/2025\\\/09\\\/Nimeton-malli-38.png\",\"contentUrl\":\"https:\\\/\\\/jennipitko.fi\\\/koti\\\/wp-content\\\/uploads\\\/2025\\\/09\\\/Nimeton-malli-38.png\",\"width\":1280,\"height\":847,\"caption\":\"Jenni Pitko - Vihreiden varapuheenjohtaja, ymp\u00e4rist\u00f6valiokunnan puheenjohtaja, kansanedustaja ja arkkitehti Oulusta\"},\"image\":{\"@id\":\"https:\\\/\\\/jennipitko.fi\\\/koti\\\/#\\\/schema\\\/logo\\\/image\\\/\"}},{\"@type\":\"Person\",\"@id\":\"https:\\\/\\\/jennipitko.fi\\\/koti\\\/#\\\/schema\\\/person\\\/35955c467f851f10124809310e7e7ee8\",\"name\":\"Jenni\",\"image\":{\"@type\":\"ImageObject\",\"inLanguage\":\"fi\",\"@id\":\"https:\\\/\\\/secure.gravatar.com\\\/avatar\\\/625a0e6413b293da7739d42617828d564a4d6028aec3f45d8939a2ba1617199f?s=96&d=blank&r=g\",\"url\":\"https:\\\/\\\/secure.gravatar.com\\\/avatar\\\/625a0e6413b293da7739d42617828d564a4d6028aec3f45d8939a2ba1617199f?s=96&d=blank&r=g\",\"contentUrl\":\"https:\\\/\\\/secure.gravatar.com\\\/avatar\\\/625a0e6413b293da7739d42617828d564a4d6028aec3f45d8939a2ba1617199f?s=96&d=blank&r=g\",\"caption\":\"Jenni\"},\"url\":\"https:\\\/\\\/jennipitko.fi\\\/koti\\\/author\\\/jenni\\\/\"}]}<\/script>\n<!-- \/ Yoast SEO plugin. -->","yoast_head_json":{"title":"Kun koti on koronaakin pelottavampi paikka - Jenni Pitko - Vihreiden varapuheenjohtaja, ymp\u00e4rist\u00f6valiokunnan puheenjohtaja, kansanedustaja ja arkkitehti Oulusta","robots":{"index":"index","follow":"follow","max-snippet":"max-snippet:-1","max-image-preview":"max-image-preview:large","max-video-preview":"max-video-preview:-1"},"canonical":"https:\/\/jennipitko.fi\/koti\/kun-koti-on-koronaakin-pelottavampi-paikka\/","og_locale":"fi_FI","og_type":"article","og_title":"Kun koti on koronaakin pelottavampi paikka - Jenni Pitko - Vihreiden varapuheenjohtaja, ymp\u00e4rist\u00f6valiokunnan puheenjohtaja, kansanedustaja ja arkkitehti Oulusta","og_description":"Moni maa on turvautunut tai turvautumassa liikkumisen rajoittamiseen koronavirusepidemian rajoittamiseksi. Toteutustapoja on erilaisia: julkista liikennett\u00e4 on rajoitettu ja joissakin maissa [&hellip;]","og_url":"https:\/\/jennipitko.fi\/koti\/kun-koti-on-koronaakin-pelottavampi-paikka\/","og_site_name":"Jenni Pitko - Vihreiden varapuheenjohtaja, ymp\u00e4rist\u00f6valiokunnan puheenjohtaja, kansanedustaja ja arkkitehti Oulusta","article_published_time":"2020-03-23T12:03:00+00:00","article_modified_time":"2020-04-28T12:07:45+00:00","author":"Jenni","twitter_card":"summary_large_image","twitter_misc":{"Kirjoittanut":"Jenni","Arvioitu lukuaika":"2 minuuttia"},"schema":{"@context":"https:\/\/schema.org","@graph":[{"@type":"Article","@id":"https:\/\/jennipitko.fi\/koti\/kun-koti-on-koronaakin-pelottavampi-paikka\/#article","isPartOf":{"@id":"https:\/\/jennipitko.fi\/koti\/kun-koti-on-koronaakin-pelottavampi-paikka\/"},"author":{"name":"Jenni","@id":"https:\/\/jennipitko.fi\/koti\/#\/schema\/person\/35955c467f851f10124809310e7e7ee8"},"headline":"Kun koti on koronaakin pelottavampi paikka","datePublished":"2020-03-23T12:03:00+00:00","dateModified":"2020-04-28T12:07:45+00:00","mainEntityOfPage":{"@id":"https:\/\/jennipitko.fi\/koti\/kun-koti-on-koronaakin-pelottavampi-paikka\/"},"wordCount":455,"publisher":{"@id":"https:\/\/jennipitko.fi\/koti\/#organization"},"keywords":["korona","l\u00e4hisuhdev\u00e4kivalta","sukupuolten v\u00e4linen tasa-arvo","tasa-arvo"],"articleSection":["Blogi"],"inLanguage":"fi"},{"@type":"WebPage","@id":"https:\/\/jennipitko.fi\/koti\/kun-koti-on-koronaakin-pelottavampi-paikka\/","url":"https:\/\/jennipitko.fi\/koti\/kun-koti-on-koronaakin-pelottavampi-paikka\/","name":"Kun koti on koronaakin pelottavampi paikka - Jenni Pitko - Vihreiden varapuheenjohtaja, ymp\u00e4rist\u00f6valiokunnan puheenjohtaja, kansanedustaja ja arkkitehti Oulusta","isPartOf":{"@id":"https:\/\/jennipitko.fi\/koti\/#website"},"datePublished":"2020-03-23T12:03:00+00:00","dateModified":"2020-04-28T12:07:45+00:00","breadcrumb":{"@id":"https:\/\/jennipitko.fi\/koti\/kun-koti-on-koronaakin-pelottavampi-paikka\/#breadcrumb"},"inLanguage":"fi","potentialAction":[{"@type":"ReadAction","target":["https:\/\/jennipitko.fi\/koti\/kun-koti-on-koronaakin-pelottavampi-paikka\/"]}]},{"@type":"BreadcrumbList","@id":"https:\/\/jennipitko.fi\/koti\/kun-koti-on-koronaakin-pelottavampi-paikka\/#breadcrumb","itemListElement":[{"@type":"ListItem","position":1,"name":"Home","item":"https:\/\/jennipitko.fi\/koti\/"},{"@type":"ListItem","position":2,"name":"Kun koti on koronaakin pelottavampi paikka"}]},{"@type":"WebSite","@id":"https:\/\/jennipitko.fi\/koti\/#website","url":"https:\/\/jennipitko.fi\/koti\/","name":"Jenni Pitko - Vihreiden varapuheenjohtaja, ymp\u00e4rist\u00f6valiokunnan puheenjohtaja, kansanedustaja ja arkkitehti Oulusta","description":"Jenni Pitko - Vihreiden varapuheenjohtaja, ymp\u00e4rist\u00f6valiokunnan puheenjohtaja, kansanedustaja ja arkkitehti Oulusta","publisher":{"@id":"https:\/\/jennipitko.fi\/koti\/#organization"},"potentialAction":[{"@type":"SearchAction","target":{"@type":"EntryPoint","urlTemplate":"https:\/\/jennipitko.fi\/koti\/?s={search_term_string}"},"query-input":{"@type":"PropertyValueSpecification","valueRequired":true,"valueName":"search_term_string"}}],"inLanguage":"fi"},{"@type":"Organization","@id":"https:\/\/jennipitko.fi\/koti\/#organization","name":"Jenni Pitko - Vihreiden varapuheenjohtaja, ymp\u00e4rist\u00f6valiokunnan puheenjohtaja, kansanedustaja ja arkkitehti Oulusta","url":"https:\/\/jennipitko.fi\/koti\/","logo":{"@type":"ImageObject","inLanguage":"fi","@id":"https:\/\/jennipitko.fi\/koti\/#\/schema\/logo\/image\/","url":"https:\/\/jennipitko.fi\/koti\/wp-content\/uploads\/2025\/09\/Nimeton-malli-38.png","contentUrl":"https:\/\/jennipitko.fi\/koti\/wp-content\/uploads\/2025\/09\/Nimeton-malli-38.png","width":1280,"height":847,"caption":"Jenni Pitko - Vihreiden varapuheenjohtaja, ymp\u00e4rist\u00f6valiokunnan puheenjohtaja, kansanedustaja ja arkkitehti Oulusta"},"image":{"@id":"https:\/\/jennipitko.fi\/koti\/#\/schema\/logo\/image\/"}},{"@type":"Person","@id":"https:\/\/jennipitko.fi\/koti\/#\/schema\/person\/35955c467f851f10124809310e7e7ee8","name":"Jenni","image":{"@type":"ImageObject","inLanguage":"fi","@id":"https:\/\/secure.gravatar.com\/avatar\/625a0e6413b293da7739d42617828d564a4d6028aec3f45d8939a2ba1617199f?s=96&d=blank&r=g","url":"https:\/\/secure.gravatar.com\/avatar\/625a0e6413b293da7739d42617828d564a4d6028aec3f45d8939a2ba1617199f?s=96&d=blank&r=g","contentUrl":"https:\/\/secure.gravatar.com\/avatar\/625a0e6413b293da7739d42617828d564a4d6028aec3f45d8939a2ba1617199f?s=96&d=blank&r=g","caption":"Jenni"},"url":"https:\/\/jennipitko.fi\/koti\/author\/jenni\/"}]}},"_links":{"self":[{"href":"https:\/\/jennipitko.fi\/koti\/wp-json\/wp\/v2\/posts\/2290","targetHints":{"allow":["GET"]}}],"collection":[{"href":"https:\/\/jennipitko.fi\/koti\/wp-json\/wp\/v2\/posts"}],"about":[{"href":"https:\/\/jennipitko.fi\/koti\/wp-json\/wp\/v2\/types\/post"}],"author":[{"embeddable":true,"href":"https:\/\/jennipitko.fi\/koti\/wp-json\/wp\/v2\/users\/1"}],"replies":[{"embeddable":true,"href":"https:\/\/jennipitko.fi\/koti\/wp-json\/wp\/v2\/comments?post=2290"}],"version-history":[{"count":1,"href":"https:\/\/jennipitko.fi\/koti\/wp-json\/wp\/v2\/posts\/2290\/revisions"}],"predecessor-version":[{"id":2291,"href":"https:\/\/jennipitko.fi\/koti\/wp-json\/wp\/v2\/posts\/2290\/revisions\/2291"}],"wp:attachment":[{"href":"https:\/\/jennipitko.fi\/koti\/wp-json\/wp\/v2\/media?parent=2290"}],"wp:term":[{"taxonomy":"category","embeddable":true,"href":"https:\/\/jennipitko.fi\/koti\/wp-json\/wp\/v2\/categories?post=2290"},{"taxonomy":"post_tag","embeddable":true,"href":"https:\/\/jennipitko.fi\/koti\/wp-json\/wp\/v2\/tags?post=2290"}],"curies":[{"name":"wp","href":"https:\/\/api.w.org\/{rel}","templated":true}]}}