{"id":2292,"date":"2019-07-18T14:12:00","date_gmt":"2019-07-18T12:12:00","guid":{"rendered":"http:\/\/jennipitko.fi\/koti\/?p=2292"},"modified":"2020-04-28T14:32:44","modified_gmt":"2020-04-28T12:32:44","slug":"junalla-saa-ekologisen-ja-elamyksellisen-loman","status":"publish","type":"post","link":"https:\/\/jennipitko.fi\/koti\/junalla-saa-ekologisen-ja-elamyksellisen-loman\/","title":{"rendered":"Junalla saa ekologisen ja el\u00e4myksellisen loman"},"content":{"rendered":"\n<p>Kes\u00e4isin on mukavaa ja stressit\u00f6nt\u00e4 matkustaa junalla. Rauhallisessa matkanteossa siirtym\u00e4n aikana mieli orientoituu kohteeseen. Matkalla on aikaa ihastella maisemia ja lukea vaikka matkaopasta kaikessa rauhassa. Omat matkani Euroopassa reilatessa ovat ikimuistoisia. Junan ikkunasta olen saanut ihailla Keski-Euroopan maaseutua, jylhi\u00e4 vuoristoja ja ohi vilahtavia pikkukaupunkeja.<\/p>\n\n\n\n<p>Ensimm\u00e4inen rautatie Suomeen valmistui vuonna 1862 ja junamatkustamisen m\u00e4\u00e4r\u00e4 jatkaa edelleen kasvuaan. Sata vuotta ennen syntym\u00e4\u00e4ni juhlittiin Oulun nykyisell\u00e4 kaupungintalolla, silloisella Seurahuoneella Pohjoisen radan avajaisia vuonna 1886. Junamatkustaminen on edelleen helppo ja moderni tapa liikkua.<\/p>\n\n\n\n<p>Ollakseen yh\u00e4 houkuttelevampi vaihtoehto, junan t\u00e4ytyy pysty\u00e4 kilpailemaan entist\u00e4kin paremmin vaihtoehtojen kanssa. Matkojen t\u00e4ytyy olla sujuvia ja matka-aikojen viel\u00e4 nykyist\u00e4kin nopeampia. Alkaneella hallituskaudella aiotaankin panostaa reilusti raiteisiin. Panostukset p\u00e4\u00e4rataan kaikilla v\u00e4leill\u00e4 palvelevat merkitt\u00e4v\u00e4\u00e4 osaa Suomesta. Panostamalla parempaan raideinfraan junamatkaan kuluva aika vaikkapa Oulun ja Helsingin v\u00e4liss\u00e4 voi supistua alle nelj\u00e4\u00e4n tuntiin.<\/p>\n\n\n\n<p>Yksi toistuva huomautusten aihe ovat junaliikenteen my\u00f6h\u00e4stelyt. Tilanne on pahimpia mielikuvia parempi, mutta emme p\u00e4\u00e4se pakoon sit\u00e4, ett\u00e4 Suomessa junat my\u00f6h\u00e4stelev\u00e4t enemm\u00e4n kuin vaikkapa Saksassa. My\u00f6h\u00e4stelyyn voidaan my\u00f6s vaikuttaa panostamalla raideinfraan. P\u00e4\u00e4radan osalta Tampereen ja Helsingin v\u00e4li on merkitt\u00e4v\u00e4 pullonkaula, joka k\u00e4rsii kaikkein eniten my\u00f6h\u00e4stymisist\u00e4.<\/p>\n\n\n\n<p>Lis\u00e4palvelut ovat yksi tapa lis\u00e4t\u00e4 matkustamisen laatua. Kansanedustajan ty\u00f6n vuoksi istun itse junassa viikoittain ja ideat mahdollisista junissa tarjottavasta palveluista py\u00f6riv\u00e4t usein mieless\u00e4ni. Olen haaveillut ainakin joogatilasta ja pienest\u00e4 kuntosalista. VR:ll\u00e4 on ollutkin kokeiluja ainakin videovaunuista ja hiljaisista vaunuista sek\u00e4 hierontapalveluista ja satutunneista.<\/p>\n\n\n\n<p>Junamatkustamisen suosio on kasvussa. Ilmastonmuutoksen torjunnan kannalta liikenteen p\u00e4\u00e4st\u00f6jen v\u00e4hent\u00e4minen on yksi keskeisimmist\u00e4 tavoitteista. Juna on liikenteess\u00e4 kaikkia verrokkejaan v\u00e4h\u00e4p\u00e4\u00e4st\u00f6isempi. Siksi yh\u00e4 useampi matka tulisi tehd\u00e4 raiteilla lentokoneen tai yksityisauton sijaan. Sen vuoksi tarvitaan panostuksia sek\u00e4 toimivaan infraan, ett\u00e4 matkustamisen laatuun.<\/p>\n\n\n\n<p>Teksti on julkaistu kolumnina Forum24-lehdess\u00e4 18.7.2019.<\/p>\n","protected":false},"excerpt":{"rendered":"<p>Kes\u00e4isin on mukavaa ja stressit\u00f6nt\u00e4 matkustaa junalla. Rauhallisessa matkanteossa siirtym\u00e4n aikana mieli orientoituu kohteeseen. Matkalla on aikaa ihastella maisemia ja [&hellip;]<\/p>\n","protected":false},"author":1,"featured_media":0,"comment_status":"closed","ping_status":"closed","sticky":false,"template":"","format":"standard","meta":{"_monsterinsights_skip_tracking":false,"_monsterinsights_sitenote_active":false,"_monsterinsights_sitenote_note":"","_monsterinsights_sitenote_category":0,"site-sidebar-layout":"default","site-content-layout":"","ast-site-content-layout":"default","site-content-style":"default","site-sidebar-style":"default","ast-global-header-display":"","ast-banner-title-visibility":"","ast-main-header-display":"","ast-hfb-above-header-display":"","ast-hfb-below-header-display":"","ast-hfb-mobile-header-display":"","site-post-title":"","ast-breadcrumbs-content":"","ast-featured-img":"","footer-sml-layout":"","ast-disable-related-posts":"","theme-transparent-header-meta":"","adv-header-id-meta":"","stick-header-meta":"","header-above-stick-meta":"","header-main-stick-meta":"","header-below-stick-meta":"","astra-migrate-meta-layouts":"default","ast-page-background-enabled":"default","ast-page-background-meta":{"desktop":{"background-color":"var(--ast-global-color-5)","background-image":"","background-repeat":"repeat","background-position":"center center","background-size":"auto","background-attachment":"scroll","background-type":"","background-media":"","overlay-type":"","overlay-color":"","overlay-opacity":"","overlay-gradient":""},"tablet":{"background-color":"","background-image":"","background-repeat":"repeat","background-position":"center center","background-size":"auto","background-attachment":"scroll","background-type":"","background-media":"","overlay-type":"","overlay-color":"","overlay-opacity":"","overlay-gradient":""},"mobile":{"background-color":"","background-image":"","background-repeat":"repeat","background-position":"center center","background-size":"auto","background-attachment":"scroll","background-type":"","background-media":"","overlay-type":"","overlay-color":"","overlay-opacity":"","overlay-gradient":""}},"ast-content-background-meta":{"desktop":{"background-color":"var(--ast-global-color-4)","background-image":"","background-repeat":"repeat","background-position":"center center","background-size":"auto","background-attachment":"scroll","background-type":"","background-media":"","overlay-type":"","overlay-color":"","overlay-opacity":"","overlay-gradient":""},"tablet":{"background-color":"var(--ast-global-color-4)","background-image":"","background-repeat":"repeat","background-position":"center center","background-size":"auto","background-attachment":"scroll","background-type":"","background-media":"","overlay-type":"","overlay-color":"","overlay-opacity":"","overlay-gradient":""},"mobile":{"background-color":"var(--ast-global-color-4)","background-image":"","background-repeat":"repeat","background-position":"center center","background-size":"auto","background-attachment":"scroll","background-type":"","background-media":"","overlay-type":"","overlay-color":"","overlay-opacity":"","overlay-gradient":""}},"footnotes":""},"categories":[2],"tags":[154,338,296],"class_list":["post-2292","post","type-post","status-publish","format-standard","hentry","category-blogi","tag-ilmastonmuutos","tag-juna","tag-junamatkustaminen"],"yoast_head":"<!-- This site is optimized with the Yoast SEO plugin v27.5 - https:\/\/yoast.com\/product\/yoast-seo-wordpress\/ -->\n<title>Junalla saa ekologisen ja el\u00e4myksellisen loman - Jenni Pitko - Vihreiden varapuheenjohtaja, ymp\u00e4rist\u00f6valiokunnan puheenjohtaja, kansanedustaja ja arkkitehti Oulusta<\/title>\n<meta name=\"robots\" content=\"index, follow, max-snippet:-1, max-image-preview:large, max-video-preview:-1\" \/>\n<link rel=\"canonical\" href=\"https:\/\/jennipitko.fi\/koti\/junalla-saa-ekologisen-ja-elamyksellisen-loman\/\" \/>\n<meta property=\"og:locale\" content=\"fi_FI\" \/>\n<meta property=\"og:type\" content=\"article\" \/>\n<meta property=\"og:title\" content=\"Junalla saa ekologisen ja el\u00e4myksellisen loman - Jenni Pitko - Vihreiden varapuheenjohtaja, ymp\u00e4rist\u00f6valiokunnan puheenjohtaja, kansanedustaja ja arkkitehti Oulusta\" \/>\n<meta property=\"og:description\" content=\"Kes\u00e4isin on mukavaa ja stressit\u00f6nt\u00e4 matkustaa junalla. Rauhallisessa matkanteossa siirtym\u00e4n aikana mieli orientoituu kohteeseen. Matkalla on aikaa ihastella maisemia ja [&hellip;]\" \/>\n<meta property=\"og:url\" content=\"https:\/\/jennipitko.fi\/koti\/junalla-saa-ekologisen-ja-elamyksellisen-loman\/\" \/>\n<meta property=\"og:site_name\" content=\"Jenni Pitko - Vihreiden varapuheenjohtaja, ymp\u00e4rist\u00f6valiokunnan puheenjohtaja, kansanedustaja ja arkkitehti Oulusta\" \/>\n<meta property=\"article:published_time\" content=\"2019-07-18T12:12:00+00:00\" \/>\n<meta property=\"article:modified_time\" content=\"2020-04-28T12:32:44+00:00\" \/>\n<meta name=\"author\" content=\"Jenni\" \/>\n<meta name=\"twitter:card\" content=\"summary_large_image\" \/>\n<meta name=\"twitter:label1\" content=\"Kirjoittanut\" \/>\n\t<meta name=\"twitter:data1\" content=\"Jenni\" \/>\n\t<meta name=\"twitter:label2\" content=\"Arvioitu lukuaika\" \/>\n\t<meta name=\"twitter:data2\" content=\"2 minuuttia\" \/>\n<script type=\"application\/ld+json\" class=\"yoast-schema-graph\">{\"@context\":\"https:\\\/\\\/schema.org\",\"@graph\":[{\"@type\":\"Article\",\"@id\":\"https:\\\/\\\/jennipitko.fi\\\/koti\\\/junalla-saa-ekologisen-ja-elamyksellisen-loman\\\/#article\",\"isPartOf\":{\"@id\":\"https:\\\/\\\/jennipitko.fi\\\/koti\\\/junalla-saa-ekologisen-ja-elamyksellisen-loman\\\/\"},\"author\":{\"name\":\"Jenni\",\"@id\":\"https:\\\/\\\/jennipitko.fi\\\/koti\\\/#\\\/schema\\\/person\\\/35955c467f851f10124809310e7e7ee8\"},\"headline\":\"Junalla saa ekologisen ja el\u00e4myksellisen loman\",\"datePublished\":\"2019-07-18T12:12:00+00:00\",\"dateModified\":\"2020-04-28T12:32:44+00:00\",\"mainEntityOfPage\":{\"@id\":\"https:\\\/\\\/jennipitko.fi\\\/koti\\\/junalla-saa-ekologisen-ja-elamyksellisen-loman\\\/\"},\"wordCount\":316,\"publisher\":{\"@id\":\"https:\\\/\\\/jennipitko.fi\\\/koti\\\/#organization\"},\"keywords\":[\"ilmastonmuutos\",\"juna\",\"junamatkustaminen\"],\"articleSection\":[\"Blogi\"],\"inLanguage\":\"fi\"},{\"@type\":\"WebPage\",\"@id\":\"https:\\\/\\\/jennipitko.fi\\\/koti\\\/junalla-saa-ekologisen-ja-elamyksellisen-loman\\\/\",\"url\":\"https:\\\/\\\/jennipitko.fi\\\/koti\\\/junalla-saa-ekologisen-ja-elamyksellisen-loman\\\/\",\"name\":\"Junalla saa ekologisen ja el\u00e4myksellisen loman - Jenni Pitko - Vihreiden varapuheenjohtaja, ymp\u00e4rist\u00f6valiokunnan puheenjohtaja, kansanedustaja ja arkkitehti Oulusta\",\"isPartOf\":{\"@id\":\"https:\\\/\\\/jennipitko.fi\\\/koti\\\/#website\"},\"datePublished\":\"2019-07-18T12:12:00+00:00\",\"dateModified\":\"2020-04-28T12:32:44+00:00\",\"breadcrumb\":{\"@id\":\"https:\\\/\\\/jennipitko.fi\\\/koti\\\/junalla-saa-ekologisen-ja-elamyksellisen-loman\\\/#breadcrumb\"},\"inLanguage\":\"fi\",\"potentialAction\":[{\"@type\":\"ReadAction\",\"target\":[\"https:\\\/\\\/jennipitko.fi\\\/koti\\\/junalla-saa-ekologisen-ja-elamyksellisen-loman\\\/\"]}]},{\"@type\":\"BreadcrumbList\",\"@id\":\"https:\\\/\\\/jennipitko.fi\\\/koti\\\/junalla-saa-ekologisen-ja-elamyksellisen-loman\\\/#breadcrumb\",\"itemListElement\":[{\"@type\":\"ListItem\",\"position\":1,\"name\":\"Home\",\"item\":\"https:\\\/\\\/jennipitko.fi\\\/koti\\\/\"},{\"@type\":\"ListItem\",\"position\":2,\"name\":\"Junalla saa ekologisen ja el\u00e4myksellisen loman\"}]},{\"@type\":\"WebSite\",\"@id\":\"https:\\\/\\\/jennipitko.fi\\\/koti\\\/#website\",\"url\":\"https:\\\/\\\/jennipitko.fi\\\/koti\\\/\",\"name\":\"Jenni Pitko - Vihreiden varapuheenjohtaja, ymp\u00e4rist\u00f6valiokunnan puheenjohtaja, kansanedustaja ja arkkitehti Oulusta\",\"description\":\"Jenni Pitko - Vihreiden varapuheenjohtaja, ymp\u00e4rist\u00f6valiokunnan puheenjohtaja, kansanedustaja ja arkkitehti Oulusta\",\"publisher\":{\"@id\":\"https:\\\/\\\/jennipitko.fi\\\/koti\\\/#organization\"},\"potentialAction\":[{\"@type\":\"SearchAction\",\"target\":{\"@type\":\"EntryPoint\",\"urlTemplate\":\"https:\\\/\\\/jennipitko.fi\\\/koti\\\/?s={search_term_string}\"},\"query-input\":{\"@type\":\"PropertyValueSpecification\",\"valueRequired\":true,\"valueName\":\"search_term_string\"}}],\"inLanguage\":\"fi\"},{\"@type\":\"Organization\",\"@id\":\"https:\\\/\\\/jennipitko.fi\\\/koti\\\/#organization\",\"name\":\"Jenni Pitko - Vihreiden varapuheenjohtaja, ymp\u00e4rist\u00f6valiokunnan puheenjohtaja, kansanedustaja ja arkkitehti Oulusta\",\"url\":\"https:\\\/\\\/jennipitko.fi\\\/koti\\\/\",\"logo\":{\"@type\":\"ImageObject\",\"inLanguage\":\"fi\",\"@id\":\"https:\\\/\\\/jennipitko.fi\\\/koti\\\/#\\\/schema\\\/logo\\\/image\\\/\",\"url\":\"https:\\\/\\\/jennipitko.fi\\\/koti\\\/wp-content\\\/uploads\\\/2025\\\/09\\\/Nimeton-malli-38.png\",\"contentUrl\":\"https:\\\/\\\/jennipitko.fi\\\/koti\\\/wp-content\\\/uploads\\\/2025\\\/09\\\/Nimeton-malli-38.png\",\"width\":1280,\"height\":847,\"caption\":\"Jenni Pitko - Vihreiden varapuheenjohtaja, ymp\u00e4rist\u00f6valiokunnan puheenjohtaja, kansanedustaja ja arkkitehti Oulusta\"},\"image\":{\"@id\":\"https:\\\/\\\/jennipitko.fi\\\/koti\\\/#\\\/schema\\\/logo\\\/image\\\/\"}},{\"@type\":\"Person\",\"@id\":\"https:\\\/\\\/jennipitko.fi\\\/koti\\\/#\\\/schema\\\/person\\\/35955c467f851f10124809310e7e7ee8\",\"name\":\"Jenni\",\"image\":{\"@type\":\"ImageObject\",\"inLanguage\":\"fi\",\"@id\":\"https:\\\/\\\/secure.gravatar.com\\\/avatar\\\/625a0e6413b293da7739d42617828d564a4d6028aec3f45d8939a2ba1617199f?s=96&d=blank&r=g\",\"url\":\"https:\\\/\\\/secure.gravatar.com\\\/avatar\\\/625a0e6413b293da7739d42617828d564a4d6028aec3f45d8939a2ba1617199f?s=96&d=blank&r=g\",\"contentUrl\":\"https:\\\/\\\/secure.gravatar.com\\\/avatar\\\/625a0e6413b293da7739d42617828d564a4d6028aec3f45d8939a2ba1617199f?s=96&d=blank&r=g\",\"caption\":\"Jenni\"},\"url\":\"https:\\\/\\\/jennipitko.fi\\\/koti\\\/author\\\/jenni\\\/\"}]}<\/script>\n<!-- \/ Yoast SEO plugin. -->","yoast_head_json":{"title":"Junalla saa ekologisen ja el\u00e4myksellisen loman - Jenni Pitko - Vihreiden varapuheenjohtaja, ymp\u00e4rist\u00f6valiokunnan puheenjohtaja, kansanedustaja ja arkkitehti Oulusta","robots":{"index":"index","follow":"follow","max-snippet":"max-snippet:-1","max-image-preview":"max-image-preview:large","max-video-preview":"max-video-preview:-1"},"canonical":"https:\/\/jennipitko.fi\/koti\/junalla-saa-ekologisen-ja-elamyksellisen-loman\/","og_locale":"fi_FI","og_type":"article","og_title":"Junalla saa ekologisen ja el\u00e4myksellisen loman - Jenni Pitko - Vihreiden varapuheenjohtaja, ymp\u00e4rist\u00f6valiokunnan puheenjohtaja, kansanedustaja ja arkkitehti Oulusta","og_description":"Kes\u00e4isin on mukavaa ja stressit\u00f6nt\u00e4 matkustaa junalla. Rauhallisessa matkanteossa siirtym\u00e4n aikana mieli orientoituu kohteeseen. Matkalla on aikaa ihastella maisemia ja [&hellip;]","og_url":"https:\/\/jennipitko.fi\/koti\/junalla-saa-ekologisen-ja-elamyksellisen-loman\/","og_site_name":"Jenni Pitko - Vihreiden varapuheenjohtaja, ymp\u00e4rist\u00f6valiokunnan puheenjohtaja, kansanedustaja ja arkkitehti Oulusta","article_published_time":"2019-07-18T12:12:00+00:00","article_modified_time":"2020-04-28T12:32:44+00:00","author":"Jenni","twitter_card":"summary_large_image","twitter_misc":{"Kirjoittanut":"Jenni","Arvioitu lukuaika":"2 minuuttia"},"schema":{"@context":"https:\/\/schema.org","@graph":[{"@type":"Article","@id":"https:\/\/jennipitko.fi\/koti\/junalla-saa-ekologisen-ja-elamyksellisen-loman\/#article","isPartOf":{"@id":"https:\/\/jennipitko.fi\/koti\/junalla-saa-ekologisen-ja-elamyksellisen-loman\/"},"author":{"name":"Jenni","@id":"https:\/\/jennipitko.fi\/koti\/#\/schema\/person\/35955c467f851f10124809310e7e7ee8"},"headline":"Junalla saa ekologisen ja el\u00e4myksellisen loman","datePublished":"2019-07-18T12:12:00+00:00","dateModified":"2020-04-28T12:32:44+00:00","mainEntityOfPage":{"@id":"https:\/\/jennipitko.fi\/koti\/junalla-saa-ekologisen-ja-elamyksellisen-loman\/"},"wordCount":316,"publisher":{"@id":"https:\/\/jennipitko.fi\/koti\/#organization"},"keywords":["ilmastonmuutos","juna","junamatkustaminen"],"articleSection":["Blogi"],"inLanguage":"fi"},{"@type":"WebPage","@id":"https:\/\/jennipitko.fi\/koti\/junalla-saa-ekologisen-ja-elamyksellisen-loman\/","url":"https:\/\/jennipitko.fi\/koti\/junalla-saa-ekologisen-ja-elamyksellisen-loman\/","name":"Junalla saa ekologisen ja el\u00e4myksellisen loman - Jenni Pitko - Vihreiden varapuheenjohtaja, ymp\u00e4rist\u00f6valiokunnan puheenjohtaja, kansanedustaja ja arkkitehti Oulusta","isPartOf":{"@id":"https:\/\/jennipitko.fi\/koti\/#website"},"datePublished":"2019-07-18T12:12:00+00:00","dateModified":"2020-04-28T12:32:44+00:00","breadcrumb":{"@id":"https:\/\/jennipitko.fi\/koti\/junalla-saa-ekologisen-ja-elamyksellisen-loman\/#breadcrumb"},"inLanguage":"fi","potentialAction":[{"@type":"ReadAction","target":["https:\/\/jennipitko.fi\/koti\/junalla-saa-ekologisen-ja-elamyksellisen-loman\/"]}]},{"@type":"BreadcrumbList","@id":"https:\/\/jennipitko.fi\/koti\/junalla-saa-ekologisen-ja-elamyksellisen-loman\/#breadcrumb","itemListElement":[{"@type":"ListItem","position":1,"name":"Home","item":"https:\/\/jennipitko.fi\/koti\/"},{"@type":"ListItem","position":2,"name":"Junalla saa ekologisen ja el\u00e4myksellisen loman"}]},{"@type":"WebSite","@id":"https:\/\/jennipitko.fi\/koti\/#website","url":"https:\/\/jennipitko.fi\/koti\/","name":"Jenni Pitko - Vihreiden varapuheenjohtaja, ymp\u00e4rist\u00f6valiokunnan puheenjohtaja, kansanedustaja ja arkkitehti Oulusta","description":"Jenni Pitko - Vihreiden varapuheenjohtaja, ymp\u00e4rist\u00f6valiokunnan puheenjohtaja, kansanedustaja ja arkkitehti Oulusta","publisher":{"@id":"https:\/\/jennipitko.fi\/koti\/#organization"},"potentialAction":[{"@type":"SearchAction","target":{"@type":"EntryPoint","urlTemplate":"https:\/\/jennipitko.fi\/koti\/?s={search_term_string}"},"query-input":{"@type":"PropertyValueSpecification","valueRequired":true,"valueName":"search_term_string"}}],"inLanguage":"fi"},{"@type":"Organization","@id":"https:\/\/jennipitko.fi\/koti\/#organization","name":"Jenni Pitko - Vihreiden varapuheenjohtaja, ymp\u00e4rist\u00f6valiokunnan puheenjohtaja, kansanedustaja ja arkkitehti Oulusta","url":"https:\/\/jennipitko.fi\/koti\/","logo":{"@type":"ImageObject","inLanguage":"fi","@id":"https:\/\/jennipitko.fi\/koti\/#\/schema\/logo\/image\/","url":"https:\/\/jennipitko.fi\/koti\/wp-content\/uploads\/2025\/09\/Nimeton-malli-38.png","contentUrl":"https:\/\/jennipitko.fi\/koti\/wp-content\/uploads\/2025\/09\/Nimeton-malli-38.png","width":1280,"height":847,"caption":"Jenni Pitko - Vihreiden varapuheenjohtaja, ymp\u00e4rist\u00f6valiokunnan puheenjohtaja, kansanedustaja ja arkkitehti Oulusta"},"image":{"@id":"https:\/\/jennipitko.fi\/koti\/#\/schema\/logo\/image\/"}},{"@type":"Person","@id":"https:\/\/jennipitko.fi\/koti\/#\/schema\/person\/35955c467f851f10124809310e7e7ee8","name":"Jenni","image":{"@type":"ImageObject","inLanguage":"fi","@id":"https:\/\/secure.gravatar.com\/avatar\/625a0e6413b293da7739d42617828d564a4d6028aec3f45d8939a2ba1617199f?s=96&d=blank&r=g","url":"https:\/\/secure.gravatar.com\/avatar\/625a0e6413b293da7739d42617828d564a4d6028aec3f45d8939a2ba1617199f?s=96&d=blank&r=g","contentUrl":"https:\/\/secure.gravatar.com\/avatar\/625a0e6413b293da7739d42617828d564a4d6028aec3f45d8939a2ba1617199f?s=96&d=blank&r=g","caption":"Jenni"},"url":"https:\/\/jennipitko.fi\/koti\/author\/jenni\/"}]}},"_links":{"self":[{"href":"https:\/\/jennipitko.fi\/koti\/wp-json\/wp\/v2\/posts\/2292","targetHints":{"allow":["GET"]}}],"collection":[{"href":"https:\/\/jennipitko.fi\/koti\/wp-json\/wp\/v2\/posts"}],"about":[{"href":"https:\/\/jennipitko.fi\/koti\/wp-json\/wp\/v2\/types\/post"}],"author":[{"embeddable":true,"href":"https:\/\/jennipitko.fi\/koti\/wp-json\/wp\/v2\/users\/1"}],"replies":[{"embeddable":true,"href":"https:\/\/jennipitko.fi\/koti\/wp-json\/wp\/v2\/comments?post=2292"}],"version-history":[{"count":1,"href":"https:\/\/jennipitko.fi\/koti\/wp-json\/wp\/v2\/posts\/2292\/revisions"}],"predecessor-version":[{"id":2293,"href":"https:\/\/jennipitko.fi\/koti\/wp-json\/wp\/v2\/posts\/2292\/revisions\/2293"}],"wp:attachment":[{"href":"https:\/\/jennipitko.fi\/koti\/wp-json\/wp\/v2\/media?parent=2292"}],"wp:term":[{"taxonomy":"category","embeddable":true,"href":"https:\/\/jennipitko.fi\/koti\/wp-json\/wp\/v2\/categories?post=2292"},{"taxonomy":"post_tag","embeddable":true,"href":"https:\/\/jennipitko.fi\/koti\/wp-json\/wp\/v2\/tags?post=2292"}],"curies":[{"name":"wp","href":"https:\/\/api.w.org\/{rel}","templated":true}]}}