{"id":2294,"date":"2019-07-24T14:33:00","date_gmt":"2019-07-24T12:33:00","guid":{"rendered":"http:\/\/jennipitko.fi\/koti\/?p=2294"},"modified":"2020-04-28T14:35:36","modified_gmt":"2020-04-28T12:35:36","slug":"maata-pitkin-pohjoiseen","status":"publish","type":"post","link":"https:\/\/jennipitko.fi\/koti\/maata-pitkin-pohjoiseen\/","title":{"rendered":"Maata pitkin pohjoiseen"},"content":{"rendered":"\n<p>Maata pitkin matkustaminen on trendi, joka n\u00e4kyy hyvin Suomessa myytyjen Interrail-lippujen voimakkaana kasvuna. Se on osa suurempaa kest\u00e4v\u00e4n el\u00e4m\u00e4ntavan mukaista muutosta, jossa omilla valinnoilla halutaan torjua ilmastonmuutosta.<\/p>\n\n\n\n<p>Suomen ylivoimaisin matkailuvaltti on puhtaus ja rauhallisuus. Kaupunkimme ovat kansainv\u00e4lisesti monin tavoin turvallisia ja helteist\u00e4 k\u00e4rsiville ne tarjoavat helpotusta. Suomen kansallispuistot eiv\u00e4t ole esimerkiksi Norjaan verrattuna yht\u00e4 ruuhkaisia, eik\u00e4 stressitt\u00f6myytt\u00e4 tarvitse etsi\u00e4 kauaa. Metsien ja kaupunkien lis\u00e4ksi meill\u00e4 on maailmalle n\u00e4ytett\u00e4v\u00e4n\u00e4 kulttuuriamme ja pohjoista taidetta.&nbsp;<\/p>\n\n\n\n<p>N\u00e4m\u00e4 sopivat loistavasti yhteen hitaan matkustamisen kanssa. Rauhallisessa matkanteossa siirtym\u00e4n aikana mieli rentoutuu ja orientoituu kohteeseen. Jo itse matka tarjoaa vastapainoa hektiselle arjelle.<\/p>\n\n\n\n<p>Junat Suomen ja Euroopan v\u00e4lill\u00e4 Haaparannan kautta tulisi saada liikenn\u00f6im\u00e4\u00e4n pian, jotta yh\u00e4 useamman matka voisi suuntautua Suomeen junalla. Hallitusohjelmaan onkin kirjattu Kemi-Laurila-v\u00e4lin s\u00e4hk\u00f6istys, joka mahdollistaa henkil\u00f6liikenteen rajan yli. Ruotsissa aloitetaan l\u00e4hivuosina henkil\u00f6liikenne Haaparannasta Luulajaan, josta matkaa voi jatkaa vaikka y\u00f6junalla Tukholmaan.<\/p>\n\n\n\n<p>My\u00f6s Suomen sis\u00e4isi\u00e4 yhteyksi\u00e4 pit\u00e4\u00e4 parantaa. Omatoimimatkailu on kasvussa ja turisti harvoin saapuu Pohjois-Suomeen omalla autolla tai liikkuu matkatoimiston j\u00e4rjest\u00e4m\u00e4ll\u00e4 kyydill\u00e4. Esimerkiksi Pohjoisen kansallispuistoihin on vaikea p\u00e4\u00e4st\u00e4 joukkoliikenteell\u00e4 ja se on yksi suurimmista Pohjois-Suomeen suuntautuvan maata pitkin matkustamisen esteist\u00e4, mutta my\u00f6s tekee turhan hankalaksi monen autottoman kotimaan matkailijan seikkailun.<\/p>\n\n\n\n<p>Voimme j\u00e4\u00e4d\u00e4 odottelemaan kehittyvi\u00e4 liikennepalveluita tai aktivoitua t\u00e4ss\u00e4 kunnissa ja alueilla my\u00f6s itse. Olen j\u00e4tt\u00e4nyt Oulun kaupunginvaltuustossa vuosi sitten aloitteen luontobussista, joka liikkuisi Oulun hienojen luontokohteiden v\u00e4lill\u00e4, kuten Sanginjoella, Pilpasuolla ja Koitelinkoskella.&nbsp;<\/p>\n\n\n\n<p>Matkailijat haluavat yh\u00e4 useammin tehd\u00e4 kohteissa niin sanotusti tavallisia asioita. Asioita, joita my\u00f6s paikalliset tekev\u00e4t. Paikallisuudesta kumpuava matkailu tukee kest\u00e4v\u00e4n kehityksen mukaista laadukasta turismia, joka on vastakohta luonnonvaroja kuluttavalle massaturismille.<\/p>\n\n\n\n<p>Matkailuyrityksiss\u00e4 tehd\u00e4\u00e4n Suomessa valtavasti asioita kest\u00e4v\u00e4sti. Reilut ty\u00f6ehdot ja verovastuullisuus ovat ekologisuuden, kuten energians\u00e4\u00e4st\u00f6n ja j\u00e4tteiden kierr\u00e4tyksen lis\u00e4ksi kest\u00e4v\u00e4n kehityksen asioita, joita kannattaa t\u00e4lle kohderyhm\u00e4lle tuoda esiin. Moni meille Suomessa itsest\u00e4\u00e4nselv\u00e4 asia voikin olla asia, joka sinet\u00f6i kohdep\u00e4\u00e4t\u00f6ksen.<\/p>\n\n\n\n<p>Teksti on julkaistu kolumnina Kalevassa 24.7.2019.<\/p>\n","protected":false},"excerpt":{"rendered":"<p>Maata pitkin matkustaminen on trendi, joka n\u00e4kyy hyvin Suomessa myytyjen Interrail-lippujen voimakkaana kasvuna. Se on osa suurempaa kest\u00e4v\u00e4n el\u00e4m\u00e4ntavan mukaista [&hellip;]<\/p>\n","protected":false},"author":1,"featured_media":0,"comment_status":"closed","ping_status":"closed","sticky":false,"template":"","format":"standard","meta":{"_monsterinsights_skip_tracking":false,"_monsterinsights_sitenote_active":false,"_monsterinsights_sitenote_note":"","_monsterinsights_sitenote_category":0,"site-sidebar-layout":"default","site-content-layout":"","ast-site-content-layout":"default","site-content-style":"default","site-sidebar-style":"default","ast-global-header-display":"","ast-banner-title-visibility":"","ast-main-header-display":"","ast-hfb-above-header-display":"","ast-hfb-below-header-display":"","ast-hfb-mobile-header-display":"","site-post-title":"","ast-breadcrumbs-content":"","ast-featured-img":"","footer-sml-layout":"","ast-disable-related-posts":"","theme-transparent-header-meta":"","adv-header-id-meta":"","stick-header-meta":"","header-above-stick-meta":"","header-main-stick-meta":"","header-below-stick-meta":"","astra-migrate-meta-layouts":"default","ast-page-background-enabled":"default","ast-page-background-meta":{"desktop":{"background-color":"var(--ast-global-color-5)","background-image":"","background-repeat":"repeat","background-position":"center center","background-size":"auto","background-attachment":"scroll","background-type":"","background-media":"","overlay-type":"","overlay-color":"","overlay-opacity":"","overlay-gradient":""},"tablet":{"background-color":"","background-image":"","background-repeat":"repeat","background-position":"center center","background-size":"auto","background-attachment":"scroll","background-type":"","background-media":"","overlay-type":"","overlay-color":"","overlay-opacity":"","overlay-gradient":""},"mobile":{"background-color":"","background-image":"","background-repeat":"repeat","background-position":"center center","background-size":"auto","background-attachment":"scroll","background-type":"","background-media":"","overlay-type":"","overlay-color":"","overlay-opacity":"","overlay-gradient":""}},"ast-content-background-meta":{"desktop":{"background-color":"var(--ast-global-color-4)","background-image":"","background-repeat":"repeat","background-position":"center center","background-size":"auto","background-attachment":"scroll","background-type":"","background-media":"","overlay-type":"","overlay-color":"","overlay-opacity":"","overlay-gradient":""},"tablet":{"background-color":"var(--ast-global-color-4)","background-image":"","background-repeat":"repeat","background-position":"center center","background-size":"auto","background-attachment":"scroll","background-type":"","background-media":"","overlay-type":"","overlay-color":"","overlay-opacity":"","overlay-gradient":""},"mobile":{"background-color":"var(--ast-global-color-4)","background-image":"","background-repeat":"repeat","background-position":"center center","background-size":"auto","background-attachment":"scroll","background-type":"","background-media":"","overlay-type":"","overlay-color":"","overlay-opacity":"","overlay-gradient":""}},"footnotes":""},"categories":[2],"tags":[338,15],"class_list":["post-2294","post","type-post","status-publish","format-standard","hentry","category-blogi","tag-juna","tag-matkailu"],"yoast_head":"<!-- This site is optimized with the Yoast SEO plugin v27.5 - https:\/\/yoast.com\/product\/yoast-seo-wordpress\/ -->\n<title>Maata pitkin pohjoiseen - Jenni Pitko - Vihreiden varapuheenjohtaja, ymp\u00e4rist\u00f6valiokunnan puheenjohtaja, kansanedustaja ja arkkitehti Oulusta<\/title>\n<meta name=\"robots\" content=\"index, follow, max-snippet:-1, max-image-preview:large, max-video-preview:-1\" \/>\n<link rel=\"canonical\" href=\"https:\/\/jennipitko.fi\/koti\/maata-pitkin-pohjoiseen\/\" \/>\n<meta property=\"og:locale\" content=\"fi_FI\" \/>\n<meta property=\"og:type\" content=\"article\" \/>\n<meta property=\"og:title\" content=\"Maata pitkin pohjoiseen - Jenni Pitko - Vihreiden varapuheenjohtaja, ymp\u00e4rist\u00f6valiokunnan puheenjohtaja, kansanedustaja ja arkkitehti Oulusta\" \/>\n<meta property=\"og:description\" content=\"Maata pitkin matkustaminen on trendi, joka n\u00e4kyy hyvin Suomessa myytyjen Interrail-lippujen voimakkaana kasvuna. Se on osa suurempaa kest\u00e4v\u00e4n el\u00e4m\u00e4ntavan mukaista [&hellip;]\" \/>\n<meta property=\"og:url\" content=\"https:\/\/jennipitko.fi\/koti\/maata-pitkin-pohjoiseen\/\" \/>\n<meta property=\"og:site_name\" content=\"Jenni Pitko - Vihreiden varapuheenjohtaja, ymp\u00e4rist\u00f6valiokunnan puheenjohtaja, kansanedustaja ja arkkitehti Oulusta\" \/>\n<meta property=\"article:published_time\" content=\"2019-07-24T12:33:00+00:00\" \/>\n<meta property=\"article:modified_time\" content=\"2020-04-28T12:35:36+00:00\" \/>\n<meta name=\"author\" content=\"Jenni\" \/>\n<meta name=\"twitter:card\" content=\"summary_large_image\" \/>\n<meta name=\"twitter:label1\" content=\"Kirjoittanut\" \/>\n\t<meta name=\"twitter:data1\" content=\"Jenni\" \/>\n\t<meta name=\"twitter:label2\" content=\"Arvioitu lukuaika\" \/>\n\t<meta name=\"twitter:data2\" content=\"2 minuuttia\" \/>\n<script type=\"application\/ld+json\" class=\"yoast-schema-graph\">{\"@context\":\"https:\\\/\\\/schema.org\",\"@graph\":[{\"@type\":\"Article\",\"@id\":\"https:\\\/\\\/jennipitko.fi\\\/koti\\\/maata-pitkin-pohjoiseen\\\/#article\",\"isPartOf\":{\"@id\":\"https:\\\/\\\/jennipitko.fi\\\/koti\\\/maata-pitkin-pohjoiseen\\\/\"},\"author\":{\"name\":\"Jenni\",\"@id\":\"https:\\\/\\\/jennipitko.fi\\\/koti\\\/#\\\/schema\\\/person\\\/35955c467f851f10124809310e7e7ee8\"},\"headline\":\"Maata pitkin pohjoiseen\",\"datePublished\":\"2019-07-24T12:33:00+00:00\",\"dateModified\":\"2020-04-28T12:35:36+00:00\",\"mainEntityOfPage\":{\"@id\":\"https:\\\/\\\/jennipitko.fi\\\/koti\\\/maata-pitkin-pohjoiseen\\\/\"},\"wordCount\":355,\"publisher\":{\"@id\":\"https:\\\/\\\/jennipitko.fi\\\/koti\\\/#organization\"},\"keywords\":[\"juna\",\"matkailu\"],\"articleSection\":[\"Blogi\"],\"inLanguage\":\"fi\"},{\"@type\":\"WebPage\",\"@id\":\"https:\\\/\\\/jennipitko.fi\\\/koti\\\/maata-pitkin-pohjoiseen\\\/\",\"url\":\"https:\\\/\\\/jennipitko.fi\\\/koti\\\/maata-pitkin-pohjoiseen\\\/\",\"name\":\"Maata pitkin pohjoiseen - Jenni Pitko - Vihreiden varapuheenjohtaja, ymp\u00e4rist\u00f6valiokunnan puheenjohtaja, kansanedustaja ja arkkitehti Oulusta\",\"isPartOf\":{\"@id\":\"https:\\\/\\\/jennipitko.fi\\\/koti\\\/#website\"},\"datePublished\":\"2019-07-24T12:33:00+00:00\",\"dateModified\":\"2020-04-28T12:35:36+00:00\",\"breadcrumb\":{\"@id\":\"https:\\\/\\\/jennipitko.fi\\\/koti\\\/maata-pitkin-pohjoiseen\\\/#breadcrumb\"},\"inLanguage\":\"fi\",\"potentialAction\":[{\"@type\":\"ReadAction\",\"target\":[\"https:\\\/\\\/jennipitko.fi\\\/koti\\\/maata-pitkin-pohjoiseen\\\/\"]}]},{\"@type\":\"BreadcrumbList\",\"@id\":\"https:\\\/\\\/jennipitko.fi\\\/koti\\\/maata-pitkin-pohjoiseen\\\/#breadcrumb\",\"itemListElement\":[{\"@type\":\"ListItem\",\"position\":1,\"name\":\"Home\",\"item\":\"https:\\\/\\\/jennipitko.fi\\\/koti\\\/\"},{\"@type\":\"ListItem\",\"position\":2,\"name\":\"Maata pitkin pohjoiseen\"}]},{\"@type\":\"WebSite\",\"@id\":\"https:\\\/\\\/jennipitko.fi\\\/koti\\\/#website\",\"url\":\"https:\\\/\\\/jennipitko.fi\\\/koti\\\/\",\"name\":\"Jenni Pitko - Vihreiden varapuheenjohtaja, ymp\u00e4rist\u00f6valiokunnan puheenjohtaja, kansanedustaja ja arkkitehti Oulusta\",\"description\":\"Jenni Pitko - Vihreiden varapuheenjohtaja, ymp\u00e4rist\u00f6valiokunnan puheenjohtaja, kansanedustaja ja arkkitehti Oulusta\",\"publisher\":{\"@id\":\"https:\\\/\\\/jennipitko.fi\\\/koti\\\/#organization\"},\"potentialAction\":[{\"@type\":\"SearchAction\",\"target\":{\"@type\":\"EntryPoint\",\"urlTemplate\":\"https:\\\/\\\/jennipitko.fi\\\/koti\\\/?s={search_term_string}\"},\"query-input\":{\"@type\":\"PropertyValueSpecification\",\"valueRequired\":true,\"valueName\":\"search_term_string\"}}],\"inLanguage\":\"fi\"},{\"@type\":\"Organization\",\"@id\":\"https:\\\/\\\/jennipitko.fi\\\/koti\\\/#organization\",\"name\":\"Jenni Pitko - Vihreiden varapuheenjohtaja, ymp\u00e4rist\u00f6valiokunnan puheenjohtaja, kansanedustaja ja arkkitehti Oulusta\",\"url\":\"https:\\\/\\\/jennipitko.fi\\\/koti\\\/\",\"logo\":{\"@type\":\"ImageObject\",\"inLanguage\":\"fi\",\"@id\":\"https:\\\/\\\/jennipitko.fi\\\/koti\\\/#\\\/schema\\\/logo\\\/image\\\/\",\"url\":\"https:\\\/\\\/jennipitko.fi\\\/koti\\\/wp-content\\\/uploads\\\/2025\\\/09\\\/Nimeton-malli-38.png\",\"contentUrl\":\"https:\\\/\\\/jennipitko.fi\\\/koti\\\/wp-content\\\/uploads\\\/2025\\\/09\\\/Nimeton-malli-38.png\",\"width\":1280,\"height\":847,\"caption\":\"Jenni Pitko - Vihreiden varapuheenjohtaja, ymp\u00e4rist\u00f6valiokunnan puheenjohtaja, kansanedustaja ja arkkitehti Oulusta\"},\"image\":{\"@id\":\"https:\\\/\\\/jennipitko.fi\\\/koti\\\/#\\\/schema\\\/logo\\\/image\\\/\"}},{\"@type\":\"Person\",\"@id\":\"https:\\\/\\\/jennipitko.fi\\\/koti\\\/#\\\/schema\\\/person\\\/35955c467f851f10124809310e7e7ee8\",\"name\":\"Jenni\",\"image\":{\"@type\":\"ImageObject\",\"inLanguage\":\"fi\",\"@id\":\"https:\\\/\\\/secure.gravatar.com\\\/avatar\\\/625a0e6413b293da7739d42617828d564a4d6028aec3f45d8939a2ba1617199f?s=96&d=blank&r=g\",\"url\":\"https:\\\/\\\/secure.gravatar.com\\\/avatar\\\/625a0e6413b293da7739d42617828d564a4d6028aec3f45d8939a2ba1617199f?s=96&d=blank&r=g\",\"contentUrl\":\"https:\\\/\\\/secure.gravatar.com\\\/avatar\\\/625a0e6413b293da7739d42617828d564a4d6028aec3f45d8939a2ba1617199f?s=96&d=blank&r=g\",\"caption\":\"Jenni\"},\"url\":\"https:\\\/\\\/jennipitko.fi\\\/koti\\\/author\\\/jenni\\\/\"}]}<\/script>\n<!-- \/ Yoast SEO plugin. -->","yoast_head_json":{"title":"Maata pitkin pohjoiseen - Jenni Pitko - Vihreiden varapuheenjohtaja, ymp\u00e4rist\u00f6valiokunnan puheenjohtaja, kansanedustaja ja arkkitehti Oulusta","robots":{"index":"index","follow":"follow","max-snippet":"max-snippet:-1","max-image-preview":"max-image-preview:large","max-video-preview":"max-video-preview:-1"},"canonical":"https:\/\/jennipitko.fi\/koti\/maata-pitkin-pohjoiseen\/","og_locale":"fi_FI","og_type":"article","og_title":"Maata pitkin pohjoiseen - Jenni Pitko - Vihreiden varapuheenjohtaja, ymp\u00e4rist\u00f6valiokunnan puheenjohtaja, kansanedustaja ja arkkitehti Oulusta","og_description":"Maata pitkin matkustaminen on trendi, joka n\u00e4kyy hyvin Suomessa myytyjen Interrail-lippujen voimakkaana kasvuna. Se on osa suurempaa kest\u00e4v\u00e4n el\u00e4m\u00e4ntavan mukaista [&hellip;]","og_url":"https:\/\/jennipitko.fi\/koti\/maata-pitkin-pohjoiseen\/","og_site_name":"Jenni Pitko - Vihreiden varapuheenjohtaja, ymp\u00e4rist\u00f6valiokunnan puheenjohtaja, kansanedustaja ja arkkitehti Oulusta","article_published_time":"2019-07-24T12:33:00+00:00","article_modified_time":"2020-04-28T12:35:36+00:00","author":"Jenni","twitter_card":"summary_large_image","twitter_misc":{"Kirjoittanut":"Jenni","Arvioitu lukuaika":"2 minuuttia"},"schema":{"@context":"https:\/\/schema.org","@graph":[{"@type":"Article","@id":"https:\/\/jennipitko.fi\/koti\/maata-pitkin-pohjoiseen\/#article","isPartOf":{"@id":"https:\/\/jennipitko.fi\/koti\/maata-pitkin-pohjoiseen\/"},"author":{"name":"Jenni","@id":"https:\/\/jennipitko.fi\/koti\/#\/schema\/person\/35955c467f851f10124809310e7e7ee8"},"headline":"Maata pitkin pohjoiseen","datePublished":"2019-07-24T12:33:00+00:00","dateModified":"2020-04-28T12:35:36+00:00","mainEntityOfPage":{"@id":"https:\/\/jennipitko.fi\/koti\/maata-pitkin-pohjoiseen\/"},"wordCount":355,"publisher":{"@id":"https:\/\/jennipitko.fi\/koti\/#organization"},"keywords":["juna","matkailu"],"articleSection":["Blogi"],"inLanguage":"fi"},{"@type":"WebPage","@id":"https:\/\/jennipitko.fi\/koti\/maata-pitkin-pohjoiseen\/","url":"https:\/\/jennipitko.fi\/koti\/maata-pitkin-pohjoiseen\/","name":"Maata pitkin pohjoiseen - Jenni Pitko - Vihreiden varapuheenjohtaja, ymp\u00e4rist\u00f6valiokunnan puheenjohtaja, kansanedustaja ja arkkitehti Oulusta","isPartOf":{"@id":"https:\/\/jennipitko.fi\/koti\/#website"},"datePublished":"2019-07-24T12:33:00+00:00","dateModified":"2020-04-28T12:35:36+00:00","breadcrumb":{"@id":"https:\/\/jennipitko.fi\/koti\/maata-pitkin-pohjoiseen\/#breadcrumb"},"inLanguage":"fi","potentialAction":[{"@type":"ReadAction","target":["https:\/\/jennipitko.fi\/koti\/maata-pitkin-pohjoiseen\/"]}]},{"@type":"BreadcrumbList","@id":"https:\/\/jennipitko.fi\/koti\/maata-pitkin-pohjoiseen\/#breadcrumb","itemListElement":[{"@type":"ListItem","position":1,"name":"Home","item":"https:\/\/jennipitko.fi\/koti\/"},{"@type":"ListItem","position":2,"name":"Maata pitkin pohjoiseen"}]},{"@type":"WebSite","@id":"https:\/\/jennipitko.fi\/koti\/#website","url":"https:\/\/jennipitko.fi\/koti\/","name":"Jenni Pitko - Vihreiden varapuheenjohtaja, ymp\u00e4rist\u00f6valiokunnan puheenjohtaja, kansanedustaja ja arkkitehti Oulusta","description":"Jenni Pitko - Vihreiden varapuheenjohtaja, ymp\u00e4rist\u00f6valiokunnan puheenjohtaja, kansanedustaja ja arkkitehti Oulusta","publisher":{"@id":"https:\/\/jennipitko.fi\/koti\/#organization"},"potentialAction":[{"@type":"SearchAction","target":{"@type":"EntryPoint","urlTemplate":"https:\/\/jennipitko.fi\/koti\/?s={search_term_string}"},"query-input":{"@type":"PropertyValueSpecification","valueRequired":true,"valueName":"search_term_string"}}],"inLanguage":"fi"},{"@type":"Organization","@id":"https:\/\/jennipitko.fi\/koti\/#organization","name":"Jenni Pitko - Vihreiden varapuheenjohtaja, ymp\u00e4rist\u00f6valiokunnan puheenjohtaja, kansanedustaja ja arkkitehti Oulusta","url":"https:\/\/jennipitko.fi\/koti\/","logo":{"@type":"ImageObject","inLanguage":"fi","@id":"https:\/\/jennipitko.fi\/koti\/#\/schema\/logo\/image\/","url":"https:\/\/jennipitko.fi\/koti\/wp-content\/uploads\/2025\/09\/Nimeton-malli-38.png","contentUrl":"https:\/\/jennipitko.fi\/koti\/wp-content\/uploads\/2025\/09\/Nimeton-malli-38.png","width":1280,"height":847,"caption":"Jenni Pitko - Vihreiden varapuheenjohtaja, ymp\u00e4rist\u00f6valiokunnan puheenjohtaja, kansanedustaja ja arkkitehti Oulusta"},"image":{"@id":"https:\/\/jennipitko.fi\/koti\/#\/schema\/logo\/image\/"}},{"@type":"Person","@id":"https:\/\/jennipitko.fi\/koti\/#\/schema\/person\/35955c467f851f10124809310e7e7ee8","name":"Jenni","image":{"@type":"ImageObject","inLanguage":"fi","@id":"https:\/\/secure.gravatar.com\/avatar\/625a0e6413b293da7739d42617828d564a4d6028aec3f45d8939a2ba1617199f?s=96&d=blank&r=g","url":"https:\/\/secure.gravatar.com\/avatar\/625a0e6413b293da7739d42617828d564a4d6028aec3f45d8939a2ba1617199f?s=96&d=blank&r=g","contentUrl":"https:\/\/secure.gravatar.com\/avatar\/625a0e6413b293da7739d42617828d564a4d6028aec3f45d8939a2ba1617199f?s=96&d=blank&r=g","caption":"Jenni"},"url":"https:\/\/jennipitko.fi\/koti\/author\/jenni\/"}]}},"_links":{"self":[{"href":"https:\/\/jennipitko.fi\/koti\/wp-json\/wp\/v2\/posts\/2294","targetHints":{"allow":["GET"]}}],"collection":[{"href":"https:\/\/jennipitko.fi\/koti\/wp-json\/wp\/v2\/posts"}],"about":[{"href":"https:\/\/jennipitko.fi\/koti\/wp-json\/wp\/v2\/types\/post"}],"author":[{"embeddable":true,"href":"https:\/\/jennipitko.fi\/koti\/wp-json\/wp\/v2\/users\/1"}],"replies":[{"embeddable":true,"href":"https:\/\/jennipitko.fi\/koti\/wp-json\/wp\/v2\/comments?post=2294"}],"version-history":[{"count":1,"href":"https:\/\/jennipitko.fi\/koti\/wp-json\/wp\/v2\/posts\/2294\/revisions"}],"predecessor-version":[{"id":2295,"href":"https:\/\/jennipitko.fi\/koti\/wp-json\/wp\/v2\/posts\/2294\/revisions\/2295"}],"wp:attachment":[{"href":"https:\/\/jennipitko.fi\/koti\/wp-json\/wp\/v2\/media?parent=2294"}],"wp:term":[{"taxonomy":"category","embeddable":true,"href":"https:\/\/jennipitko.fi\/koti\/wp-json\/wp\/v2\/categories?post=2294"},{"taxonomy":"post_tag","embeddable":true,"href":"https:\/\/jennipitko.fi\/koti\/wp-json\/wp\/v2\/tags?post=2294"}],"curies":[{"name":"wp","href":"https:\/\/api.w.org\/{rel}","templated":true}]}}