{"id":2297,"date":"2019-11-27T14:37:00","date_gmt":"2019-11-27T12:37:00","guid":{"rendered":"http:\/\/jennipitko.fi\/koti\/?p=2297"},"modified":"2020-04-28T14:42:37","modified_gmt":"2020-04-28T12:42:37","slug":"tarvitsemme-harmonisempaa-metsapolitiikkaa","status":"publish","type":"post","link":"https:\/\/jennipitko.fi\/koti\/tarvitsemme-harmonisempaa-metsapolitiikkaa\/","title":{"rendered":"Tarvitsemme harmonisempaa mets\u00e4politiikkaa"},"content":{"rendered":"\n<p>Suomen luonto on h\u00e4t\u00e4tilassa. Yksi keskeinen syy siihen on tapamme k\u00e4ytt\u00e4\u00e4 metsi\u00e4.<\/p>\n\n\n\n<p>Suomen mets\u00e4t ovat olleet t\u00e4rkeit\u00e4 suomalaisille l\u00e4pi historian. Mets\u00e4mme tuottavat my\u00f6s tulevaisuudessa ty\u00f6t\u00e4, toimeentuloa ja innovatiivisia ratkaisuja maapallon ongelmiin. Kaikki t\u00e4m\u00e4 t\u00e4ytyy kuitenkin toteuttaa kest\u00e4v\u00e4sti siten, ett\u00e4 voimme suojella meille t\u00e4rke\u00e4\u00e4 lajistoa. Nykyisell\u00e4\u00e4n mets\u00e4politiikallamme on liian kova hintalappu.<\/p>\n\n\n\n<p>Suomalainen tapa hy\u00f6dynt\u00e4\u00e4 metsi\u00e4 perustuu hyvin pitk\u00e4lti avohakkuisiin, jossa puusto korjataan kerrallaan ja j\u00e4ljelle j\u00e4\u00e4 puuton aukko. T\u00e4m\u00e4 tehomets\u00e4talous aiheuttaa elinymp\u00e4rist\u00f6jen vaarantumista ja katoamista, lajien uhanalaistumista ja edesauttaa ilmaston l\u00e4mpenemist\u00e4. Avohakkuut tuhoavat monien lajien koteja ja vaarantavat alueellisia populaatioita pahimmillaan vuosikymmenten ajoiksi tai jopa lopullisesti.<\/p>\n\n\n\n<p>Avohakkuista k\u00e4rsiv\u00e4t metsiemme lajeista esimerkiksi metso ja pyy. Retkeilij\u00e4n tuttu toveri, kuukkeli, miellet\u00e4\u00e4n usein juuri pohjoisten metsiemme lajiksi. Todellisuudessa kuukkeli asutti aiemmin koko maata, mutta laajat hakkuut ovat ajaneet sen l\u00e4hes kokonaan etel\u00e4isest\u00e4 Suomesta. Tuttu pikkulintumme h\u00f6m\u00f6tiainen on ajautunut vuosituhannen aikana elinvoimasesta lajista eritt\u00e4in uhanalaiseksi.<\/p>\n\n\n\n<p>Etenkin valtion mailla tulisi avohakkuiden sijaan siirty\u00e4 muihin mets\u00e4nhoidon menetelmiin avohakkuiden sijaan. Suomalainen mets\u00e4alan tutkimus on ollut vahvasti painottunut avohakkuiden tutkimiseen. Mit\u00e4 enemm\u00e4n jatkuvan kasvatuksen menetelmi\u00e4 tutkitaan, sit\u00e4 edullisemmilta ne n\u00e4ytt\u00e4v\u00e4t, my\u00f6s taloudelliselta kannalta. Jatkuva kasvatus tuottaa my\u00f6s merkitt\u00e4v\u00e4sti avohakkuita v\u00e4hemm\u00e4n ilmastop\u00e4\u00e4st\u00f6j\u00e4, sill\u00e4 merkitt\u00e4v\u00e4 osa metsien hiilest\u00e4 on sitoutunut maaper\u00e4\u00e4n, johon jatkuvan kasvatuksen menetelm\u00e4ss\u00e4 ei kajota.<\/p>\n\n\n\n<p>T\u00e4m\u00e4 kaikki on erityisen merkitt\u00e4v\u00e4\u00e4 pohjoisten metsien kannalta kahdesta keskeisest\u00e4 syyst\u00e4. Vaihtoehtoiset, jatkuvaan kasvatukseen perustuvat menetelm\u00e4t ovat suhteessa tuottoisimpia juuri pohjoisen metsiss\u00e4, joissa puuston koko on etel\u00e4ist\u00e4 maata pienempi. Toiseksi pohjoisen metsist\u00e4 on valtion omistuksessa merkitt\u00e4v\u00e4sti suurempi osa kuin etel\u00e4ss\u00e4.<\/p>\n\n\n\n<p>Pelkk\u00e4 avohakkuiden v\u00e4hent\u00e4minen ei viel\u00e4 ratkaise lajien suojelua. Tarvitaan my\u00f6s nykyist\u00e4 aktiivisempaa vanhojen metsien suojelua. Vanhat mets\u00e4t tarjoavat luonnon monimuotoisuudelle lokeroita, joita talousmets\u00e4t eiv\u00e4t voi t\u00e4ytt\u00e4\u00e4.<\/p>\n\n\n\n<p>Suomalaiset mets\u00e4t ovat avainasemassa liikuttaessa kohti kest\u00e4v\u00e4\u00e4 tulevaisuutta ja ekokriisin ratkaisua. Mets\u00e4 tuottaa raaka-aineita ja toimii t\u00e4rke\u00e4n\u00e4 hiilivarastona ja -nieluna. Mets\u00e4pohjaisilla tuotteilla on t\u00e4rke\u00e4 rooli fossiilitalouden tuotteiden korvaamisessa. Nyt on aika siirty\u00e4 hy\u00f6dynt\u00e4m\u00e4\u00e4n metsi\u00e4 harmonisella tavalla, jossa hy\u00f6dyt eiv\u00e4t vaaranna meille kaikille t\u00e4rke\u00e4\u00e4 ymp\u00e4rist\u00f6\u00e4mme ja rakasta luontoamme.<\/p>\n\n\n\n<p>Teksti on julkaistu kolumnina Kalevassa 27.11.2019.<\/p>\n","protected":false},"excerpt":{"rendered":"<p>Suomen luonto on h\u00e4t\u00e4tilassa. Yksi keskeinen syy siihen on tapamme k\u00e4ytt\u00e4\u00e4 metsi\u00e4. Suomen mets\u00e4t ovat olleet t\u00e4rkeit\u00e4 suomalaisille l\u00e4pi historian. [&hellip;]<\/p>\n","protected":false},"author":1,"featured_media":0,"comment_status":"closed","ping_status":"closed","sticky":false,"template":"","format":"standard","meta":{"_monsterinsights_skip_tracking":false,"_monsterinsights_sitenote_active":false,"_monsterinsights_sitenote_note":"","_monsterinsights_sitenote_category":0,"site-sidebar-layout":"default","site-content-layout":"","ast-site-content-layout":"default","site-content-style":"default","site-sidebar-style":"default","ast-global-header-display":"","ast-banner-title-visibility":"","ast-main-header-display":"","ast-hfb-above-header-display":"","ast-hfb-below-header-display":"","ast-hfb-mobile-header-display":"","site-post-title":"","ast-breadcrumbs-content":"","ast-featured-img":"","footer-sml-layout":"","ast-disable-related-posts":"","theme-transparent-header-meta":"","adv-header-id-meta":"","stick-header-meta":"","header-above-stick-meta":"","header-main-stick-meta":"","header-below-stick-meta":"","astra-migrate-meta-layouts":"default","ast-page-background-enabled":"default","ast-page-background-meta":{"desktop":{"background-color":"var(--ast-global-color-5)","background-image":"","background-repeat":"repeat","background-position":"center center","background-size":"auto","background-attachment":"scroll","background-type":"","background-media":"","overlay-type":"","overlay-color":"","overlay-opacity":"","overlay-gradient":""},"tablet":{"background-color":"","background-image":"","background-repeat":"repeat","background-position":"center center","background-size":"auto","background-attachment":"scroll","background-type":"","background-media":"","overlay-type":"","overlay-color":"","overlay-opacity":"","overlay-gradient":""},"mobile":{"background-color":"","background-image":"","background-repeat":"repeat","background-position":"center center","background-size":"auto","background-attachment":"scroll","background-type":"","background-media":"","overlay-type":"","overlay-color":"","overlay-opacity":"","overlay-gradient":""}},"ast-content-background-meta":{"desktop":{"background-color":"var(--ast-global-color-4)","background-image":"","background-repeat":"repeat","background-position":"center center","background-size":"auto","background-attachment":"scroll","background-type":"","background-media":"","overlay-type":"","overlay-color":"","overlay-opacity":"","overlay-gradient":""},"tablet":{"background-color":"var(--ast-global-color-4)","background-image":"","background-repeat":"repeat","background-position":"center center","background-size":"auto","background-attachment":"scroll","background-type":"","background-media":"","overlay-type":"","overlay-color":"","overlay-opacity":"","overlay-gradient":""},"mobile":{"background-color":"var(--ast-global-color-4)","background-image":"","background-repeat":"repeat","background-position":"center center","background-size":"auto","background-attachment":"scroll","background-type":"","background-media":"","overlay-type":"","overlay-color":"","overlay-opacity":"","overlay-gradient":""}},"footnotes":""},"categories":[2],"tags":[374,378,379],"class_list":["post-2297","post","type-post","status-publish","format-standard","hentry","category-blogi","tag-metsa","tag-metsanhoito","tag-metsatalous"],"yoast_head":"<!-- This site is optimized with the Yoast SEO plugin v27.5 - https:\/\/yoast.com\/product\/yoast-seo-wordpress\/ -->\n<title>Tarvitsemme harmonisempaa mets\u00e4politiikkaa - Jenni Pitko - Vihreiden varapuheenjohtaja, ymp\u00e4rist\u00f6valiokunnan puheenjohtaja, kansanedustaja ja arkkitehti Oulusta<\/title>\n<meta name=\"robots\" content=\"index, follow, max-snippet:-1, max-image-preview:large, max-video-preview:-1\" \/>\n<link rel=\"canonical\" href=\"https:\/\/jennipitko.fi\/koti\/tarvitsemme-harmonisempaa-metsapolitiikkaa\/\" \/>\n<meta property=\"og:locale\" content=\"fi_FI\" \/>\n<meta property=\"og:type\" content=\"article\" \/>\n<meta property=\"og:title\" content=\"Tarvitsemme harmonisempaa mets\u00e4politiikkaa - Jenni Pitko - Vihreiden varapuheenjohtaja, ymp\u00e4rist\u00f6valiokunnan puheenjohtaja, kansanedustaja ja arkkitehti Oulusta\" \/>\n<meta property=\"og:description\" content=\"Suomen luonto on h\u00e4t\u00e4tilassa. Yksi keskeinen syy siihen on tapamme k\u00e4ytt\u00e4\u00e4 metsi\u00e4. Suomen mets\u00e4t ovat olleet t\u00e4rkeit\u00e4 suomalaisille l\u00e4pi historian. [&hellip;]\" \/>\n<meta property=\"og:url\" content=\"https:\/\/jennipitko.fi\/koti\/tarvitsemme-harmonisempaa-metsapolitiikkaa\/\" \/>\n<meta property=\"og:site_name\" content=\"Jenni Pitko - Vihreiden varapuheenjohtaja, ymp\u00e4rist\u00f6valiokunnan puheenjohtaja, kansanedustaja ja arkkitehti Oulusta\" \/>\n<meta property=\"article:published_time\" content=\"2019-11-27T12:37:00+00:00\" \/>\n<meta property=\"article:modified_time\" content=\"2020-04-28T12:42:37+00:00\" \/>\n<meta name=\"author\" content=\"Jenni\" \/>\n<meta name=\"twitter:card\" content=\"summary_large_image\" \/>\n<meta name=\"twitter:label1\" content=\"Kirjoittanut\" \/>\n\t<meta name=\"twitter:data1\" content=\"Jenni\" \/>\n\t<meta name=\"twitter:label2\" content=\"Arvioitu lukuaika\" \/>\n\t<meta name=\"twitter:data2\" content=\"2 minuuttia\" \/>\n<script type=\"application\/ld+json\" class=\"yoast-schema-graph\">{\"@context\":\"https:\\\/\\\/schema.org\",\"@graph\":[{\"@type\":\"Article\",\"@id\":\"https:\\\/\\\/jennipitko.fi\\\/koti\\\/tarvitsemme-harmonisempaa-metsapolitiikkaa\\\/#article\",\"isPartOf\":{\"@id\":\"https:\\\/\\\/jennipitko.fi\\\/koti\\\/tarvitsemme-harmonisempaa-metsapolitiikkaa\\\/\"},\"author\":{\"name\":\"Jenni\",\"@id\":\"https:\\\/\\\/jennipitko.fi\\\/koti\\\/#\\\/schema\\\/person\\\/35955c467f851f10124809310e7e7ee8\"},\"headline\":\"Tarvitsemme harmonisempaa mets\u00e4politiikkaa\",\"datePublished\":\"2019-11-27T12:37:00+00:00\",\"dateModified\":\"2020-04-28T12:42:37+00:00\",\"mainEntityOfPage\":{\"@id\":\"https:\\\/\\\/jennipitko.fi\\\/koti\\\/tarvitsemme-harmonisempaa-metsapolitiikkaa\\\/\"},\"wordCount\":396,\"publisher\":{\"@id\":\"https:\\\/\\\/jennipitko.fi\\\/koti\\\/#organization\"},\"keywords\":[\"mets\u00e4\",\"mets\u00e4nhoito\",\"mets\u00e4talous\"],\"articleSection\":[\"Blogi\"],\"inLanguage\":\"fi\"},{\"@type\":\"WebPage\",\"@id\":\"https:\\\/\\\/jennipitko.fi\\\/koti\\\/tarvitsemme-harmonisempaa-metsapolitiikkaa\\\/\",\"url\":\"https:\\\/\\\/jennipitko.fi\\\/koti\\\/tarvitsemme-harmonisempaa-metsapolitiikkaa\\\/\",\"name\":\"Tarvitsemme harmonisempaa mets\u00e4politiikkaa - Jenni Pitko - Vihreiden varapuheenjohtaja, ymp\u00e4rist\u00f6valiokunnan puheenjohtaja, kansanedustaja ja arkkitehti Oulusta\",\"isPartOf\":{\"@id\":\"https:\\\/\\\/jennipitko.fi\\\/koti\\\/#website\"},\"datePublished\":\"2019-11-27T12:37:00+00:00\",\"dateModified\":\"2020-04-28T12:42:37+00:00\",\"breadcrumb\":{\"@id\":\"https:\\\/\\\/jennipitko.fi\\\/koti\\\/tarvitsemme-harmonisempaa-metsapolitiikkaa\\\/#breadcrumb\"},\"inLanguage\":\"fi\",\"potentialAction\":[{\"@type\":\"ReadAction\",\"target\":[\"https:\\\/\\\/jennipitko.fi\\\/koti\\\/tarvitsemme-harmonisempaa-metsapolitiikkaa\\\/\"]}]},{\"@type\":\"BreadcrumbList\",\"@id\":\"https:\\\/\\\/jennipitko.fi\\\/koti\\\/tarvitsemme-harmonisempaa-metsapolitiikkaa\\\/#breadcrumb\",\"itemListElement\":[{\"@type\":\"ListItem\",\"position\":1,\"name\":\"Home\",\"item\":\"https:\\\/\\\/jennipitko.fi\\\/koti\\\/\"},{\"@type\":\"ListItem\",\"position\":2,\"name\":\"Tarvitsemme harmonisempaa mets\u00e4politiikkaa\"}]},{\"@type\":\"WebSite\",\"@id\":\"https:\\\/\\\/jennipitko.fi\\\/koti\\\/#website\",\"url\":\"https:\\\/\\\/jennipitko.fi\\\/koti\\\/\",\"name\":\"Jenni Pitko - Vihreiden varapuheenjohtaja, ymp\u00e4rist\u00f6valiokunnan puheenjohtaja, kansanedustaja ja arkkitehti Oulusta\",\"description\":\"Jenni Pitko - Vihreiden varapuheenjohtaja, ymp\u00e4rist\u00f6valiokunnan puheenjohtaja, kansanedustaja ja arkkitehti Oulusta\",\"publisher\":{\"@id\":\"https:\\\/\\\/jennipitko.fi\\\/koti\\\/#organization\"},\"potentialAction\":[{\"@type\":\"SearchAction\",\"target\":{\"@type\":\"EntryPoint\",\"urlTemplate\":\"https:\\\/\\\/jennipitko.fi\\\/koti\\\/?s={search_term_string}\"},\"query-input\":{\"@type\":\"PropertyValueSpecification\",\"valueRequired\":true,\"valueName\":\"search_term_string\"}}],\"inLanguage\":\"fi\"},{\"@type\":\"Organization\",\"@id\":\"https:\\\/\\\/jennipitko.fi\\\/koti\\\/#organization\",\"name\":\"Jenni Pitko - Vihreiden varapuheenjohtaja, ymp\u00e4rist\u00f6valiokunnan puheenjohtaja, kansanedustaja ja arkkitehti Oulusta\",\"url\":\"https:\\\/\\\/jennipitko.fi\\\/koti\\\/\",\"logo\":{\"@type\":\"ImageObject\",\"inLanguage\":\"fi\",\"@id\":\"https:\\\/\\\/jennipitko.fi\\\/koti\\\/#\\\/schema\\\/logo\\\/image\\\/\",\"url\":\"https:\\\/\\\/jennipitko.fi\\\/koti\\\/wp-content\\\/uploads\\\/2025\\\/09\\\/Nimeton-malli-38.png\",\"contentUrl\":\"https:\\\/\\\/jennipitko.fi\\\/koti\\\/wp-content\\\/uploads\\\/2025\\\/09\\\/Nimeton-malli-38.png\",\"width\":1280,\"height\":847,\"caption\":\"Jenni Pitko - Vihreiden varapuheenjohtaja, ymp\u00e4rist\u00f6valiokunnan puheenjohtaja, kansanedustaja ja arkkitehti Oulusta\"},\"image\":{\"@id\":\"https:\\\/\\\/jennipitko.fi\\\/koti\\\/#\\\/schema\\\/logo\\\/image\\\/\"}},{\"@type\":\"Person\",\"@id\":\"https:\\\/\\\/jennipitko.fi\\\/koti\\\/#\\\/schema\\\/person\\\/35955c467f851f10124809310e7e7ee8\",\"name\":\"Jenni\",\"image\":{\"@type\":\"ImageObject\",\"inLanguage\":\"fi\",\"@id\":\"https:\\\/\\\/secure.gravatar.com\\\/avatar\\\/625a0e6413b293da7739d42617828d564a4d6028aec3f45d8939a2ba1617199f?s=96&d=blank&r=g\",\"url\":\"https:\\\/\\\/secure.gravatar.com\\\/avatar\\\/625a0e6413b293da7739d42617828d564a4d6028aec3f45d8939a2ba1617199f?s=96&d=blank&r=g\",\"contentUrl\":\"https:\\\/\\\/secure.gravatar.com\\\/avatar\\\/625a0e6413b293da7739d42617828d564a4d6028aec3f45d8939a2ba1617199f?s=96&d=blank&r=g\",\"caption\":\"Jenni\"},\"url\":\"https:\\\/\\\/jennipitko.fi\\\/koti\\\/author\\\/jenni\\\/\"}]}<\/script>\n<!-- \/ Yoast SEO plugin. -->","yoast_head_json":{"title":"Tarvitsemme harmonisempaa mets\u00e4politiikkaa - Jenni Pitko - Vihreiden varapuheenjohtaja, ymp\u00e4rist\u00f6valiokunnan puheenjohtaja, kansanedustaja ja arkkitehti Oulusta","robots":{"index":"index","follow":"follow","max-snippet":"max-snippet:-1","max-image-preview":"max-image-preview:large","max-video-preview":"max-video-preview:-1"},"canonical":"https:\/\/jennipitko.fi\/koti\/tarvitsemme-harmonisempaa-metsapolitiikkaa\/","og_locale":"fi_FI","og_type":"article","og_title":"Tarvitsemme harmonisempaa mets\u00e4politiikkaa - Jenni Pitko - Vihreiden varapuheenjohtaja, ymp\u00e4rist\u00f6valiokunnan puheenjohtaja, kansanedustaja ja arkkitehti Oulusta","og_description":"Suomen luonto on h\u00e4t\u00e4tilassa. Yksi keskeinen syy siihen on tapamme k\u00e4ytt\u00e4\u00e4 metsi\u00e4. Suomen mets\u00e4t ovat olleet t\u00e4rkeit\u00e4 suomalaisille l\u00e4pi historian. [&hellip;]","og_url":"https:\/\/jennipitko.fi\/koti\/tarvitsemme-harmonisempaa-metsapolitiikkaa\/","og_site_name":"Jenni Pitko - Vihreiden varapuheenjohtaja, ymp\u00e4rist\u00f6valiokunnan puheenjohtaja, kansanedustaja ja arkkitehti Oulusta","article_published_time":"2019-11-27T12:37:00+00:00","article_modified_time":"2020-04-28T12:42:37+00:00","author":"Jenni","twitter_card":"summary_large_image","twitter_misc":{"Kirjoittanut":"Jenni","Arvioitu lukuaika":"2 minuuttia"},"schema":{"@context":"https:\/\/schema.org","@graph":[{"@type":"Article","@id":"https:\/\/jennipitko.fi\/koti\/tarvitsemme-harmonisempaa-metsapolitiikkaa\/#article","isPartOf":{"@id":"https:\/\/jennipitko.fi\/koti\/tarvitsemme-harmonisempaa-metsapolitiikkaa\/"},"author":{"name":"Jenni","@id":"https:\/\/jennipitko.fi\/koti\/#\/schema\/person\/35955c467f851f10124809310e7e7ee8"},"headline":"Tarvitsemme harmonisempaa mets\u00e4politiikkaa","datePublished":"2019-11-27T12:37:00+00:00","dateModified":"2020-04-28T12:42:37+00:00","mainEntityOfPage":{"@id":"https:\/\/jennipitko.fi\/koti\/tarvitsemme-harmonisempaa-metsapolitiikkaa\/"},"wordCount":396,"publisher":{"@id":"https:\/\/jennipitko.fi\/koti\/#organization"},"keywords":["mets\u00e4","mets\u00e4nhoito","mets\u00e4talous"],"articleSection":["Blogi"],"inLanguage":"fi"},{"@type":"WebPage","@id":"https:\/\/jennipitko.fi\/koti\/tarvitsemme-harmonisempaa-metsapolitiikkaa\/","url":"https:\/\/jennipitko.fi\/koti\/tarvitsemme-harmonisempaa-metsapolitiikkaa\/","name":"Tarvitsemme harmonisempaa mets\u00e4politiikkaa - Jenni Pitko - Vihreiden varapuheenjohtaja, ymp\u00e4rist\u00f6valiokunnan puheenjohtaja, kansanedustaja ja arkkitehti Oulusta","isPartOf":{"@id":"https:\/\/jennipitko.fi\/koti\/#website"},"datePublished":"2019-11-27T12:37:00+00:00","dateModified":"2020-04-28T12:42:37+00:00","breadcrumb":{"@id":"https:\/\/jennipitko.fi\/koti\/tarvitsemme-harmonisempaa-metsapolitiikkaa\/#breadcrumb"},"inLanguage":"fi","potentialAction":[{"@type":"ReadAction","target":["https:\/\/jennipitko.fi\/koti\/tarvitsemme-harmonisempaa-metsapolitiikkaa\/"]}]},{"@type":"BreadcrumbList","@id":"https:\/\/jennipitko.fi\/koti\/tarvitsemme-harmonisempaa-metsapolitiikkaa\/#breadcrumb","itemListElement":[{"@type":"ListItem","position":1,"name":"Home","item":"https:\/\/jennipitko.fi\/koti\/"},{"@type":"ListItem","position":2,"name":"Tarvitsemme harmonisempaa mets\u00e4politiikkaa"}]},{"@type":"WebSite","@id":"https:\/\/jennipitko.fi\/koti\/#website","url":"https:\/\/jennipitko.fi\/koti\/","name":"Jenni Pitko - Vihreiden varapuheenjohtaja, ymp\u00e4rist\u00f6valiokunnan puheenjohtaja, kansanedustaja ja arkkitehti Oulusta","description":"Jenni Pitko - Vihreiden varapuheenjohtaja, ymp\u00e4rist\u00f6valiokunnan puheenjohtaja, kansanedustaja ja arkkitehti Oulusta","publisher":{"@id":"https:\/\/jennipitko.fi\/koti\/#organization"},"potentialAction":[{"@type":"SearchAction","target":{"@type":"EntryPoint","urlTemplate":"https:\/\/jennipitko.fi\/koti\/?s={search_term_string}"},"query-input":{"@type":"PropertyValueSpecification","valueRequired":true,"valueName":"search_term_string"}}],"inLanguage":"fi"},{"@type":"Organization","@id":"https:\/\/jennipitko.fi\/koti\/#organization","name":"Jenni Pitko - Vihreiden varapuheenjohtaja, ymp\u00e4rist\u00f6valiokunnan puheenjohtaja, kansanedustaja ja arkkitehti Oulusta","url":"https:\/\/jennipitko.fi\/koti\/","logo":{"@type":"ImageObject","inLanguage":"fi","@id":"https:\/\/jennipitko.fi\/koti\/#\/schema\/logo\/image\/","url":"https:\/\/jennipitko.fi\/koti\/wp-content\/uploads\/2025\/09\/Nimeton-malli-38.png","contentUrl":"https:\/\/jennipitko.fi\/koti\/wp-content\/uploads\/2025\/09\/Nimeton-malli-38.png","width":1280,"height":847,"caption":"Jenni Pitko - Vihreiden varapuheenjohtaja, ymp\u00e4rist\u00f6valiokunnan puheenjohtaja, kansanedustaja ja arkkitehti Oulusta"},"image":{"@id":"https:\/\/jennipitko.fi\/koti\/#\/schema\/logo\/image\/"}},{"@type":"Person","@id":"https:\/\/jennipitko.fi\/koti\/#\/schema\/person\/35955c467f851f10124809310e7e7ee8","name":"Jenni","image":{"@type":"ImageObject","inLanguage":"fi","@id":"https:\/\/secure.gravatar.com\/avatar\/625a0e6413b293da7739d42617828d564a4d6028aec3f45d8939a2ba1617199f?s=96&d=blank&r=g","url":"https:\/\/secure.gravatar.com\/avatar\/625a0e6413b293da7739d42617828d564a4d6028aec3f45d8939a2ba1617199f?s=96&d=blank&r=g","contentUrl":"https:\/\/secure.gravatar.com\/avatar\/625a0e6413b293da7739d42617828d564a4d6028aec3f45d8939a2ba1617199f?s=96&d=blank&r=g","caption":"Jenni"},"url":"https:\/\/jennipitko.fi\/koti\/author\/jenni\/"}]}},"_links":{"self":[{"href":"https:\/\/jennipitko.fi\/koti\/wp-json\/wp\/v2\/posts\/2297","targetHints":{"allow":["GET"]}}],"collection":[{"href":"https:\/\/jennipitko.fi\/koti\/wp-json\/wp\/v2\/posts"}],"about":[{"href":"https:\/\/jennipitko.fi\/koti\/wp-json\/wp\/v2\/types\/post"}],"author":[{"embeddable":true,"href":"https:\/\/jennipitko.fi\/koti\/wp-json\/wp\/v2\/users\/1"}],"replies":[{"embeddable":true,"href":"https:\/\/jennipitko.fi\/koti\/wp-json\/wp\/v2\/comments?post=2297"}],"version-history":[{"count":1,"href":"https:\/\/jennipitko.fi\/koti\/wp-json\/wp\/v2\/posts\/2297\/revisions"}],"predecessor-version":[{"id":2298,"href":"https:\/\/jennipitko.fi\/koti\/wp-json\/wp\/v2\/posts\/2297\/revisions\/2298"}],"wp:attachment":[{"href":"https:\/\/jennipitko.fi\/koti\/wp-json\/wp\/v2\/media?parent=2297"}],"wp:term":[{"taxonomy":"category","embeddable":true,"href":"https:\/\/jennipitko.fi\/koti\/wp-json\/wp\/v2\/categories?post=2297"},{"taxonomy":"post_tag","embeddable":true,"href":"https:\/\/jennipitko.fi\/koti\/wp-json\/wp\/v2\/tags?post=2297"}],"curies":[{"name":"wp","href":"https:\/\/api.w.org\/{rel}","templated":true}]}}