{"id":2299,"date":"2019-12-02T14:44:00","date_gmt":"2019-12-02T12:44:00","guid":{"rendered":"http:\/\/jennipitko.fi\/koti\/?p=2299"},"modified":"2020-04-28T14:46:22","modified_gmt":"2020-04-28T12:46:22","slug":"valtuustoaloite-puurakentamisen-ohjelma-ouluun","status":"publish","type":"post","link":"https:\/\/jennipitko.fi\/koti\/valtuustoaloite-puurakentamisen-ohjelma-ouluun\/","title":{"rendered":"Valtuustoaloite: Puurakentamisen ohjelma Ouluun"},"content":{"rendered":"\n<p>Rakentaminen aiheuttaa ilmastoa l\u00e4mmitt\u00e4vist\u00e4 kasvihuonep\u00e4\u00e4st\u00f6ist\u00e4 Suomessa noin 5\u20137 prosenttia. Puurakentamisella voidaan korvata paljon p\u00e4\u00e4st\u00f6j\u00e4 aiheuttavia betonirakenteita. Puurakennus toimii hiilivarastona.<\/p>\n\n\n\n<p>Puurakentaminen tuo my\u00f6s euroja aluetalouteen. Pohjois-Suomessa on osaamista, niin suunnittelun kuin toteuttamisen puolella my\u00f6s vaativaan puurakentamiseen. Puhumattakaan raaka-aineesta, joka kasvaa metsiss\u00e4mme.<\/p>\n\n\n\n<p>Puurakentamista koskevia esteit\u00e4 on karsittu viime vuosina valtionhallinnon tasolla ja nyt puurakentamisen kustannukset eiv\u00e4t merkitt\u00e4v\u00e4sti eroa tavanomaisesta betonirakentamisesta. Kaupungeilla on mahdollisuus ohjata yksityist\u00e4 rakentamista puurakentamiseen esimerkiksi kaavalla, rakennusj\u00e4rjestyksell\u00f6 ja maank\u00e4ytt\u00f6- ja tontinluovutussopimuksilla. Omassa rakentamisessa puuta pit\u00e4isi k\u00e4ytt\u00e4\u00e4 aina kun se mahdollista.<\/p>\n\n\n\n<p>Ehdotan, ett\u00e4 Oulussa tehd\u00e4\u00e4n kunnianhimoinen puurakentamisen ohjelma, jossa asetetaan tavoite puurakentamiselle niin yksityisess\u00e4 kuin julkisessa rakentamisessa. Tavoitteeksi voisi asettaa, ett\u00e4 puolet kaikesta rakentamisesta on puurakentamista vuoteen 2025 menness\u00e4 ja ett\u00e4 2021 l\u00e4htien kaikki julkinen rakentaminen on puurakentamista.<\/p>\n\n\n\n<p>Jenni Pitko&nbsp;<\/p>\n\n\n\n<p>Kaupunginvaltuutettu (vihr.)<\/p>\n","protected":false},"excerpt":{"rendered":"<p>Rakentaminen aiheuttaa ilmastoa l\u00e4mmitt\u00e4vist\u00e4 kasvihuonep\u00e4\u00e4st\u00f6ist\u00e4 Suomessa noin 5\u20137 prosenttia. Puurakentamisella voidaan korvata paljon p\u00e4\u00e4st\u00f6j\u00e4 aiheuttavia betonirakenteita. Puurakennus toimii hiilivarastona. Puurakentaminen [&hellip;]<\/p>\n","protected":false},"author":1,"featured_media":0,"comment_status":"closed","ping_status":"closed","sticky":false,"template":"","format":"standard","meta":{"_monsterinsights_skip_tracking":false,"_monsterinsights_sitenote_active":false,"_monsterinsights_sitenote_note":"","_monsterinsights_sitenote_category":0,"site-sidebar-layout":"default","site-content-layout":"","ast-site-content-layout":"default","site-content-style":"default","site-sidebar-style":"default","ast-global-header-display":"","ast-banner-title-visibility":"","ast-main-header-display":"","ast-hfb-above-header-display":"","ast-hfb-below-header-display":"","ast-hfb-mobile-header-display":"","site-post-title":"","ast-breadcrumbs-content":"","ast-featured-img":"","footer-sml-layout":"","ast-disable-related-posts":"","theme-transparent-header-meta":"","adv-header-id-meta":"","stick-header-meta":"","header-above-stick-meta":"","header-main-stick-meta":"","header-below-stick-meta":"","astra-migrate-meta-layouts":"default","ast-page-background-enabled":"default","ast-page-background-meta":{"desktop":{"background-color":"var(--ast-global-color-5)","background-image":"","background-repeat":"repeat","background-position":"center center","background-size":"auto","background-attachment":"scroll","background-type":"","background-media":"","overlay-type":"","overlay-color":"","overlay-opacity":"","overlay-gradient":""},"tablet":{"background-color":"","background-image":"","background-repeat":"repeat","background-position":"center center","background-size":"auto","background-attachment":"scroll","background-type":"","background-media":"","overlay-type":"","overlay-color":"","overlay-opacity":"","overlay-gradient":""},"mobile":{"background-color":"","background-image":"","background-repeat":"repeat","background-position":"center center","background-size":"auto","background-attachment":"scroll","background-type":"","background-media":"","overlay-type":"","overlay-color":"","overlay-opacity":"","overlay-gradient":""}},"ast-content-background-meta":{"desktop":{"background-color":"var(--ast-global-color-4)","background-image":"","background-repeat":"repeat","background-position":"center center","background-size":"auto","background-attachment":"scroll","background-type":"","background-media":"","overlay-type":"","overlay-color":"","overlay-opacity":"","overlay-gradient":""},"tablet":{"background-color":"var(--ast-global-color-4)","background-image":"","background-repeat":"repeat","background-position":"center center","background-size":"auto","background-attachment":"scroll","background-type":"","background-media":"","overlay-type":"","overlay-color":"","overlay-opacity":"","overlay-gradient":""},"mobile":{"background-color":"var(--ast-global-color-4)","background-image":"","background-repeat":"repeat","background-position":"center center","background-size":"auto","background-attachment":"scroll","background-type":"","background-media":"","overlay-type":"","overlay-color":"","overlay-opacity":"","overlay-gradient":""}},"footnotes":""},"categories":[2,125],"tags":[154,9,146],"class_list":["post-2299","post","type-post","status-publish","format-standard","hentry","category-blogi","category-valtuustoaloitteet","tag-ilmastonmuutos","tag-oulu","tag-rakentaminen"],"yoast_head":"<!-- This site is optimized with the Yoast SEO plugin v27.5 - https:\/\/yoast.com\/product\/yoast-seo-wordpress\/ -->\n<title>Valtuustoaloite: Puurakentamisen ohjelma Ouluun - Jenni Pitko - Vihreiden varapuheenjohtaja, ymp\u00e4rist\u00f6valiokunnan puheenjohtaja, kansanedustaja ja arkkitehti Oulusta<\/title>\n<meta name=\"robots\" content=\"index, follow, max-snippet:-1, max-image-preview:large, max-video-preview:-1\" \/>\n<link rel=\"canonical\" href=\"https:\/\/jennipitko.fi\/koti\/valtuustoaloite-puurakentamisen-ohjelma-ouluun\/\" \/>\n<meta property=\"og:locale\" content=\"fi_FI\" \/>\n<meta property=\"og:type\" content=\"article\" \/>\n<meta property=\"og:title\" content=\"Valtuustoaloite: Puurakentamisen ohjelma Ouluun - Jenni Pitko - Vihreiden varapuheenjohtaja, ymp\u00e4rist\u00f6valiokunnan puheenjohtaja, kansanedustaja ja arkkitehti Oulusta\" \/>\n<meta property=\"og:description\" content=\"Rakentaminen aiheuttaa ilmastoa l\u00e4mmitt\u00e4vist\u00e4 kasvihuonep\u00e4\u00e4st\u00f6ist\u00e4 Suomessa noin 5\u20137 prosenttia. Puurakentamisella voidaan korvata paljon p\u00e4\u00e4st\u00f6j\u00e4 aiheuttavia betonirakenteita. Puurakennus toimii hiilivarastona. Puurakentaminen [&hellip;]\" \/>\n<meta property=\"og:url\" content=\"https:\/\/jennipitko.fi\/koti\/valtuustoaloite-puurakentamisen-ohjelma-ouluun\/\" \/>\n<meta property=\"og:site_name\" content=\"Jenni Pitko - Vihreiden varapuheenjohtaja, ymp\u00e4rist\u00f6valiokunnan puheenjohtaja, kansanedustaja ja arkkitehti Oulusta\" \/>\n<meta property=\"article:published_time\" content=\"2019-12-02T12:44:00+00:00\" \/>\n<meta property=\"article:modified_time\" content=\"2020-04-28T12:46:22+00:00\" \/>\n<meta name=\"author\" content=\"Jenni\" \/>\n<meta name=\"twitter:card\" content=\"summary_large_image\" \/>\n<meta name=\"twitter:label1\" content=\"Kirjoittanut\" \/>\n\t<meta name=\"twitter:data1\" content=\"Jenni\" \/>\n\t<meta name=\"twitter:label2\" content=\"Arvioitu lukuaika\" \/>\n\t<meta name=\"twitter:data2\" content=\"1 minuutti\" \/>\n<script type=\"application\/ld+json\" class=\"yoast-schema-graph\">{\"@context\":\"https:\\\/\\\/schema.org\",\"@graph\":[{\"@type\":\"Article\",\"@id\":\"https:\\\/\\\/jennipitko.fi\\\/koti\\\/valtuustoaloite-puurakentamisen-ohjelma-ouluun\\\/#article\",\"isPartOf\":{\"@id\":\"https:\\\/\\\/jennipitko.fi\\\/koti\\\/valtuustoaloite-puurakentamisen-ohjelma-ouluun\\\/\"},\"author\":{\"name\":\"Jenni\",\"@id\":\"https:\\\/\\\/jennipitko.fi\\\/koti\\\/#\\\/schema\\\/person\\\/35955c467f851f10124809310e7e7ee8\"},\"headline\":\"Valtuustoaloite: Puurakentamisen ohjelma Ouluun\",\"datePublished\":\"2019-12-02T12:44:00+00:00\",\"dateModified\":\"2020-04-28T12:46:22+00:00\",\"mainEntityOfPage\":{\"@id\":\"https:\\\/\\\/jennipitko.fi\\\/koti\\\/valtuustoaloite-puurakentamisen-ohjelma-ouluun\\\/\"},\"wordCount\":143,\"publisher\":{\"@id\":\"https:\\\/\\\/jennipitko.fi\\\/koti\\\/#organization\"},\"keywords\":[\"ilmastonmuutos\",\"oulu\",\"rakentaminen\"],\"articleSection\":[\"Blogi\",\"Valtuustoaloitteet\"],\"inLanguage\":\"fi\"},{\"@type\":\"WebPage\",\"@id\":\"https:\\\/\\\/jennipitko.fi\\\/koti\\\/valtuustoaloite-puurakentamisen-ohjelma-ouluun\\\/\",\"url\":\"https:\\\/\\\/jennipitko.fi\\\/koti\\\/valtuustoaloite-puurakentamisen-ohjelma-ouluun\\\/\",\"name\":\"Valtuustoaloite: Puurakentamisen ohjelma Ouluun - Jenni Pitko - Vihreiden varapuheenjohtaja, ymp\u00e4rist\u00f6valiokunnan puheenjohtaja, kansanedustaja ja arkkitehti Oulusta\",\"isPartOf\":{\"@id\":\"https:\\\/\\\/jennipitko.fi\\\/koti\\\/#website\"},\"datePublished\":\"2019-12-02T12:44:00+00:00\",\"dateModified\":\"2020-04-28T12:46:22+00:00\",\"breadcrumb\":{\"@id\":\"https:\\\/\\\/jennipitko.fi\\\/koti\\\/valtuustoaloite-puurakentamisen-ohjelma-ouluun\\\/#breadcrumb\"},\"inLanguage\":\"fi\",\"potentialAction\":[{\"@type\":\"ReadAction\",\"target\":[\"https:\\\/\\\/jennipitko.fi\\\/koti\\\/valtuustoaloite-puurakentamisen-ohjelma-ouluun\\\/\"]}]},{\"@type\":\"BreadcrumbList\",\"@id\":\"https:\\\/\\\/jennipitko.fi\\\/koti\\\/valtuustoaloite-puurakentamisen-ohjelma-ouluun\\\/#breadcrumb\",\"itemListElement\":[{\"@type\":\"ListItem\",\"position\":1,\"name\":\"Home\",\"item\":\"https:\\\/\\\/jennipitko.fi\\\/koti\\\/\"},{\"@type\":\"ListItem\",\"position\":2,\"name\":\"Valtuustoaloite: Puurakentamisen ohjelma Ouluun\"}]},{\"@type\":\"WebSite\",\"@id\":\"https:\\\/\\\/jennipitko.fi\\\/koti\\\/#website\",\"url\":\"https:\\\/\\\/jennipitko.fi\\\/koti\\\/\",\"name\":\"Jenni Pitko - Vihreiden varapuheenjohtaja, ymp\u00e4rist\u00f6valiokunnan puheenjohtaja, kansanedustaja ja arkkitehti Oulusta\",\"description\":\"Jenni Pitko - Vihreiden varapuheenjohtaja, ymp\u00e4rist\u00f6valiokunnan puheenjohtaja, kansanedustaja ja arkkitehti Oulusta\",\"publisher\":{\"@id\":\"https:\\\/\\\/jennipitko.fi\\\/koti\\\/#organization\"},\"potentialAction\":[{\"@type\":\"SearchAction\",\"target\":{\"@type\":\"EntryPoint\",\"urlTemplate\":\"https:\\\/\\\/jennipitko.fi\\\/koti\\\/?s={search_term_string}\"},\"query-input\":{\"@type\":\"PropertyValueSpecification\",\"valueRequired\":true,\"valueName\":\"search_term_string\"}}],\"inLanguage\":\"fi\"},{\"@type\":\"Organization\",\"@id\":\"https:\\\/\\\/jennipitko.fi\\\/koti\\\/#organization\",\"name\":\"Jenni Pitko - Vihreiden varapuheenjohtaja, ymp\u00e4rist\u00f6valiokunnan puheenjohtaja, kansanedustaja ja arkkitehti Oulusta\",\"url\":\"https:\\\/\\\/jennipitko.fi\\\/koti\\\/\",\"logo\":{\"@type\":\"ImageObject\",\"inLanguage\":\"fi\",\"@id\":\"https:\\\/\\\/jennipitko.fi\\\/koti\\\/#\\\/schema\\\/logo\\\/image\\\/\",\"url\":\"https:\\\/\\\/jennipitko.fi\\\/koti\\\/wp-content\\\/uploads\\\/2025\\\/09\\\/Nimeton-malli-38.png\",\"contentUrl\":\"https:\\\/\\\/jennipitko.fi\\\/koti\\\/wp-content\\\/uploads\\\/2025\\\/09\\\/Nimeton-malli-38.png\",\"width\":1280,\"height\":847,\"caption\":\"Jenni Pitko - Vihreiden varapuheenjohtaja, ymp\u00e4rist\u00f6valiokunnan puheenjohtaja, kansanedustaja ja arkkitehti Oulusta\"},\"image\":{\"@id\":\"https:\\\/\\\/jennipitko.fi\\\/koti\\\/#\\\/schema\\\/logo\\\/image\\\/\"}},{\"@type\":\"Person\",\"@id\":\"https:\\\/\\\/jennipitko.fi\\\/koti\\\/#\\\/schema\\\/person\\\/35955c467f851f10124809310e7e7ee8\",\"name\":\"Jenni\",\"image\":{\"@type\":\"ImageObject\",\"inLanguage\":\"fi\",\"@id\":\"https:\\\/\\\/secure.gravatar.com\\\/avatar\\\/625a0e6413b293da7739d42617828d564a4d6028aec3f45d8939a2ba1617199f?s=96&d=blank&r=g\",\"url\":\"https:\\\/\\\/secure.gravatar.com\\\/avatar\\\/625a0e6413b293da7739d42617828d564a4d6028aec3f45d8939a2ba1617199f?s=96&d=blank&r=g\",\"contentUrl\":\"https:\\\/\\\/secure.gravatar.com\\\/avatar\\\/625a0e6413b293da7739d42617828d564a4d6028aec3f45d8939a2ba1617199f?s=96&d=blank&r=g\",\"caption\":\"Jenni\"},\"url\":\"https:\\\/\\\/jennipitko.fi\\\/koti\\\/author\\\/jenni\\\/\"}]}<\/script>\n<!-- \/ Yoast SEO plugin. -->","yoast_head_json":{"title":"Valtuustoaloite: Puurakentamisen ohjelma Ouluun - Jenni Pitko - Vihreiden varapuheenjohtaja, ymp\u00e4rist\u00f6valiokunnan puheenjohtaja, kansanedustaja ja arkkitehti Oulusta","robots":{"index":"index","follow":"follow","max-snippet":"max-snippet:-1","max-image-preview":"max-image-preview:large","max-video-preview":"max-video-preview:-1"},"canonical":"https:\/\/jennipitko.fi\/koti\/valtuustoaloite-puurakentamisen-ohjelma-ouluun\/","og_locale":"fi_FI","og_type":"article","og_title":"Valtuustoaloite: Puurakentamisen ohjelma Ouluun - Jenni Pitko - Vihreiden varapuheenjohtaja, ymp\u00e4rist\u00f6valiokunnan puheenjohtaja, kansanedustaja ja arkkitehti Oulusta","og_description":"Rakentaminen aiheuttaa ilmastoa l\u00e4mmitt\u00e4vist\u00e4 kasvihuonep\u00e4\u00e4st\u00f6ist\u00e4 Suomessa noin 5\u20137 prosenttia. Puurakentamisella voidaan korvata paljon p\u00e4\u00e4st\u00f6j\u00e4 aiheuttavia betonirakenteita. Puurakennus toimii hiilivarastona. Puurakentaminen [&hellip;]","og_url":"https:\/\/jennipitko.fi\/koti\/valtuustoaloite-puurakentamisen-ohjelma-ouluun\/","og_site_name":"Jenni Pitko - Vihreiden varapuheenjohtaja, ymp\u00e4rist\u00f6valiokunnan puheenjohtaja, kansanedustaja ja arkkitehti Oulusta","article_published_time":"2019-12-02T12:44:00+00:00","article_modified_time":"2020-04-28T12:46:22+00:00","author":"Jenni","twitter_card":"summary_large_image","twitter_misc":{"Kirjoittanut":"Jenni","Arvioitu lukuaika":"1 minuutti"},"schema":{"@context":"https:\/\/schema.org","@graph":[{"@type":"Article","@id":"https:\/\/jennipitko.fi\/koti\/valtuustoaloite-puurakentamisen-ohjelma-ouluun\/#article","isPartOf":{"@id":"https:\/\/jennipitko.fi\/koti\/valtuustoaloite-puurakentamisen-ohjelma-ouluun\/"},"author":{"name":"Jenni","@id":"https:\/\/jennipitko.fi\/koti\/#\/schema\/person\/35955c467f851f10124809310e7e7ee8"},"headline":"Valtuustoaloite: Puurakentamisen ohjelma Ouluun","datePublished":"2019-12-02T12:44:00+00:00","dateModified":"2020-04-28T12:46:22+00:00","mainEntityOfPage":{"@id":"https:\/\/jennipitko.fi\/koti\/valtuustoaloite-puurakentamisen-ohjelma-ouluun\/"},"wordCount":143,"publisher":{"@id":"https:\/\/jennipitko.fi\/koti\/#organization"},"keywords":["ilmastonmuutos","oulu","rakentaminen"],"articleSection":["Blogi","Valtuustoaloitteet"],"inLanguage":"fi"},{"@type":"WebPage","@id":"https:\/\/jennipitko.fi\/koti\/valtuustoaloite-puurakentamisen-ohjelma-ouluun\/","url":"https:\/\/jennipitko.fi\/koti\/valtuustoaloite-puurakentamisen-ohjelma-ouluun\/","name":"Valtuustoaloite: Puurakentamisen ohjelma Ouluun - Jenni Pitko - Vihreiden varapuheenjohtaja, ymp\u00e4rist\u00f6valiokunnan puheenjohtaja, kansanedustaja ja arkkitehti Oulusta","isPartOf":{"@id":"https:\/\/jennipitko.fi\/koti\/#website"},"datePublished":"2019-12-02T12:44:00+00:00","dateModified":"2020-04-28T12:46:22+00:00","breadcrumb":{"@id":"https:\/\/jennipitko.fi\/koti\/valtuustoaloite-puurakentamisen-ohjelma-ouluun\/#breadcrumb"},"inLanguage":"fi","potentialAction":[{"@type":"ReadAction","target":["https:\/\/jennipitko.fi\/koti\/valtuustoaloite-puurakentamisen-ohjelma-ouluun\/"]}]},{"@type":"BreadcrumbList","@id":"https:\/\/jennipitko.fi\/koti\/valtuustoaloite-puurakentamisen-ohjelma-ouluun\/#breadcrumb","itemListElement":[{"@type":"ListItem","position":1,"name":"Home","item":"https:\/\/jennipitko.fi\/koti\/"},{"@type":"ListItem","position":2,"name":"Valtuustoaloite: Puurakentamisen ohjelma Ouluun"}]},{"@type":"WebSite","@id":"https:\/\/jennipitko.fi\/koti\/#website","url":"https:\/\/jennipitko.fi\/koti\/","name":"Jenni Pitko - Vihreiden varapuheenjohtaja, ymp\u00e4rist\u00f6valiokunnan puheenjohtaja, kansanedustaja ja arkkitehti Oulusta","description":"Jenni Pitko - Vihreiden varapuheenjohtaja, ymp\u00e4rist\u00f6valiokunnan puheenjohtaja, kansanedustaja ja arkkitehti Oulusta","publisher":{"@id":"https:\/\/jennipitko.fi\/koti\/#organization"},"potentialAction":[{"@type":"SearchAction","target":{"@type":"EntryPoint","urlTemplate":"https:\/\/jennipitko.fi\/koti\/?s={search_term_string}"},"query-input":{"@type":"PropertyValueSpecification","valueRequired":true,"valueName":"search_term_string"}}],"inLanguage":"fi"},{"@type":"Organization","@id":"https:\/\/jennipitko.fi\/koti\/#organization","name":"Jenni Pitko - Vihreiden varapuheenjohtaja, ymp\u00e4rist\u00f6valiokunnan puheenjohtaja, kansanedustaja ja arkkitehti Oulusta","url":"https:\/\/jennipitko.fi\/koti\/","logo":{"@type":"ImageObject","inLanguage":"fi","@id":"https:\/\/jennipitko.fi\/koti\/#\/schema\/logo\/image\/","url":"https:\/\/jennipitko.fi\/koti\/wp-content\/uploads\/2025\/09\/Nimeton-malli-38.png","contentUrl":"https:\/\/jennipitko.fi\/koti\/wp-content\/uploads\/2025\/09\/Nimeton-malli-38.png","width":1280,"height":847,"caption":"Jenni Pitko - Vihreiden varapuheenjohtaja, ymp\u00e4rist\u00f6valiokunnan puheenjohtaja, kansanedustaja ja arkkitehti Oulusta"},"image":{"@id":"https:\/\/jennipitko.fi\/koti\/#\/schema\/logo\/image\/"}},{"@type":"Person","@id":"https:\/\/jennipitko.fi\/koti\/#\/schema\/person\/35955c467f851f10124809310e7e7ee8","name":"Jenni","image":{"@type":"ImageObject","inLanguage":"fi","@id":"https:\/\/secure.gravatar.com\/avatar\/625a0e6413b293da7739d42617828d564a4d6028aec3f45d8939a2ba1617199f?s=96&d=blank&r=g","url":"https:\/\/secure.gravatar.com\/avatar\/625a0e6413b293da7739d42617828d564a4d6028aec3f45d8939a2ba1617199f?s=96&d=blank&r=g","contentUrl":"https:\/\/secure.gravatar.com\/avatar\/625a0e6413b293da7739d42617828d564a4d6028aec3f45d8939a2ba1617199f?s=96&d=blank&r=g","caption":"Jenni"},"url":"https:\/\/jennipitko.fi\/koti\/author\/jenni\/"}]}},"_links":{"self":[{"href":"https:\/\/jennipitko.fi\/koti\/wp-json\/wp\/v2\/posts\/2299","targetHints":{"allow":["GET"]}}],"collection":[{"href":"https:\/\/jennipitko.fi\/koti\/wp-json\/wp\/v2\/posts"}],"about":[{"href":"https:\/\/jennipitko.fi\/koti\/wp-json\/wp\/v2\/types\/post"}],"author":[{"embeddable":true,"href":"https:\/\/jennipitko.fi\/koti\/wp-json\/wp\/v2\/users\/1"}],"replies":[{"embeddable":true,"href":"https:\/\/jennipitko.fi\/koti\/wp-json\/wp\/v2\/comments?post=2299"}],"version-history":[{"count":1,"href":"https:\/\/jennipitko.fi\/koti\/wp-json\/wp\/v2\/posts\/2299\/revisions"}],"predecessor-version":[{"id":2300,"href":"https:\/\/jennipitko.fi\/koti\/wp-json\/wp\/v2\/posts\/2299\/revisions\/2300"}],"wp:attachment":[{"href":"https:\/\/jennipitko.fi\/koti\/wp-json\/wp\/v2\/media?parent=2299"}],"wp:term":[{"taxonomy":"category","embeddable":true,"href":"https:\/\/jennipitko.fi\/koti\/wp-json\/wp\/v2\/categories?post=2299"},{"taxonomy":"post_tag","embeddable":true,"href":"https:\/\/jennipitko.fi\/koti\/wp-json\/wp\/v2\/tags?post=2299"}],"curies":[{"name":"wp","href":"https:\/\/api.w.org\/{rel}","templated":true}]}}