{"id":2304,"date":"2020-01-23T15:00:00","date_gmt":"2020-01-23T13:00:00","guid":{"rendered":"http:\/\/jennipitko.fi\/koti\/?p=2304"},"modified":"2020-04-28T15:03:26","modified_gmt":"2020-04-28T13:03:26","slug":"ekologinen-rakennemuutos-on-valttamaton-elinkelpoisen-maapallon-sailyttamiseksi","status":"publish","type":"post","link":"https:\/\/jennipitko.fi\/koti\/ekologinen-rakennemuutos-on-valttamaton-elinkelpoisen-maapallon-sailyttamiseksi\/","title":{"rendered":"Ekologinen rakennemuutos on v\u00e4ltt\u00e4m\u00e4t\u00f6n elinkelpoisen maapallon s\u00e4ilytt\u00e4miseksi"},"content":{"rendered":"\n<p>Ilmaston l\u00e4mpenemisen vaikutukset alkavat tuntua arjessa. Talvi on ollut leuto ja tulevaisuudessa pime\u00e4t, lumettomat kadut sek\u00e4 vetiset hiihtoladut ovat yh\u00e4 yleisempi\u00e4. Suomen keskil\u00e4mp\u00f6tila on jo noussut 2,3 astetta, mutta samaan aikaan v\u00e4hemm\u00e4lle huomiolle on j\u00e4\u00e4nyt toinen v\u00e4hint\u00e4\u00e4n yht\u00e4 viheli\u00e4s ymp\u00e4rist\u00f6ongelma: luonnon monimuotoisuuden v\u00e4heneminen.<\/p>\n\n\n\n<p>Ihminen on t\u00e4ysin riippuvainen ymp\u00e4r\u00f6iv\u00e4st\u00e4 luonnosta. Eli\u00f6lajien ja ymp\u00e4rist\u00f6n muodostamat toimivat ekosysteemit tarjoavat meille puhdasta vett\u00e4 ja ilmaa sek\u00e4 maata, jota viljell\u00e4. Kun luonnosta h\u00e4vi\u00e4\u00e4 lajeja, voivat ihmisen hy\u00f6dynt\u00e4m\u00e4t palvelut vaarantua. P\u00f6lytt\u00e4j\u00e4hy\u00f6nteisten v\u00e4heneminen on jo johtanut siihen, ett\u00e4 joillakin kiinalaisilla omenatarhoilla puut p\u00f6lytet\u00e4\u00e4n k\u00e4sin.<\/p>\n\n\n\n<p>My\u00f6s Suomessa luonto on uhattuna. Joka yhdeks\u00e4tt\u00e4 suomalaista lajia uhkaa sukupuutto. Suomen hallitus onneksi ottaa luonnon monimuotoisuuden suojelun tosissaan. Tavoitteena on pys\u00e4ytt\u00e4\u00e4 lajikato Suomessa. Hallitus panostaa nyt historiallisen paljon luonnonsuojeluun: noin 100 miljoonaa euroa lis\u00e4\u00e4j\u00e4 t\u00e4n\u00e4 vuonna. T\u00e4ll\u00e4 rahalla suojellaan elinymp\u00e4rist\u00f6j\u00e4 ja niiss\u00e4 el\u00e4vi\u00e4 lajeja. Rahalla my\u00f6s palkataan asiantuntijoita tutkimaan ainutlaatuista luontoamme. Vain puolet lajeistamme tunnetaan niin hyvin, ett\u00e4 niiden uhanalaisuutta on edes voitu arvioida.<\/p>\n\n\n\n<p>Uhanalaisista lajeistamme kolmannes asuu metsiss\u00e4. Metsien k\u00e4ytt\u00f6\u00e4 s\u00e4\u00e4telee useampi laki, joista t\u00e4rkeimp\u00e4n\u00e4 mets\u00e4laki. Luonnonvarakeskuksen uusimman arvioinnin mukaan vuonna 2014 voimaan tullut mets\u00e4laki on heikent\u00e4nyt mets\u00e4luonnon monimuotoisuuden suojelua ja poistanut lain suojan 27 000 hehtaarilta aiemmin erityisen t\u00e4rke\u00e4ksi elinymp\u00e4rist\u00f6ksi luokiteltua aluetta. Uutinen on j\u00e4rkytt\u00e4v\u00e4 ja mets\u00e4lakia uudistettava pikimmiten, sill\u00e4 lains\u00e4\u00e4d\u00e4nn\u00f6n teht\u00e4v\u00e4 on suojella ja lis\u00e4t\u00e4 luonnon monimuotoisuutta \u2013 ei v\u00e4hent\u00e4\u00e4 sit\u00e4.<\/p>\n\n\n\n<p>Moni suomen yli puolesta miljoonasta mets\u00e4nomistajasta tekee talousmetsiss\u00e4\u00e4n luonnonhoitoa vapaaehtoisesti, mutta eiv\u00e4t kaikki. Siksi tarvitaan vahvaa lains\u00e4\u00e4d\u00e4nt\u00f6\u00e4 my\u00f6s talousmetsiss\u00e4.<\/p>\n\n\n\n<p>Luonto p\u00e4rj\u00e4\u00e4 ilman ihmist\u00e4, mutta ihminen ei ilman luontoa. Siksi biodiversiteetti on otettava huomioon kaikessa p\u00e4\u00e4t\u00f6ksenteossa, mik\u00e4li haluamme j\u00e4tt\u00e4\u00e4 elinkelpoisen planeetan my\u00f6s tuleville sukupolville. Tarvitsemme ekologisen rakennemuutoksen ja pitk\u00e4j\u00e4nteist\u00e4 politiikkaa sen toteutumiseksi.<\/p>\n\n\n\n<p>Teksti on julkaistu kolumnina Forum24-lehdess\u00e4 23.1.2020.<\/p>\n","protected":false},"excerpt":{"rendered":"<p>Ilmaston l\u00e4mpenemisen vaikutukset alkavat tuntua arjessa. Talvi on ollut leuto ja tulevaisuudessa pime\u00e4t, lumettomat kadut sek\u00e4 vetiset hiihtoladut ovat yh\u00e4 [&hellip;]<\/p>\n","protected":false},"author":1,"featured_media":0,"comment_status":"closed","ping_status":"closed","sticky":false,"template":"","format":"standard","meta":{"_monsterinsights_skip_tracking":false,"_monsterinsights_sitenote_active":false,"_monsterinsights_sitenote_note":"","_monsterinsights_sitenote_category":0,"site-sidebar-layout":"default","site-content-layout":"","ast-site-content-layout":"default","site-content-style":"default","site-sidebar-style":"default","ast-global-header-display":"","ast-banner-title-visibility":"","ast-main-header-display":"","ast-hfb-above-header-display":"","ast-hfb-below-header-display":"","ast-hfb-mobile-header-display":"","site-post-title":"","ast-breadcrumbs-content":"","ast-featured-img":"","footer-sml-layout":"","ast-disable-related-posts":"","theme-transparent-header-meta":"","adv-header-id-meta":"","stick-header-meta":"","header-above-stick-meta":"","header-main-stick-meta":"","header-below-stick-meta":"","astra-migrate-meta-layouts":"default","ast-page-background-enabled":"default","ast-page-background-meta":{"desktop":{"background-color":"var(--ast-global-color-5)","background-image":"","background-repeat":"repeat","background-position":"center center","background-size":"auto","background-attachment":"scroll","background-type":"","background-media":"","overlay-type":"","overlay-color":"","overlay-opacity":"","overlay-gradient":""},"tablet":{"background-color":"","background-image":"","background-repeat":"repeat","background-position":"center center","background-size":"auto","background-attachment":"scroll","background-type":"","background-media":"","overlay-type":"","overlay-color":"","overlay-opacity":"","overlay-gradient":""},"mobile":{"background-color":"","background-image":"","background-repeat":"repeat","background-position":"center center","background-size":"auto","background-attachment":"scroll","background-type":"","background-media":"","overlay-type":"","overlay-color":"","overlay-opacity":"","overlay-gradient":""}},"ast-content-background-meta":{"desktop":{"background-color":"var(--ast-global-color-4)","background-image":"","background-repeat":"repeat","background-position":"center center","background-size":"auto","background-attachment":"scroll","background-type":"","background-media":"","overlay-type":"","overlay-color":"","overlay-opacity":"","overlay-gradient":""},"tablet":{"background-color":"var(--ast-global-color-4)","background-image":"","background-repeat":"repeat","background-position":"center center","background-size":"auto","background-attachment":"scroll","background-type":"","background-media":"","overlay-type":"","overlay-color":"","overlay-opacity":"","overlay-gradient":""},"mobile":{"background-color":"var(--ast-global-color-4)","background-image":"","background-repeat":"repeat","background-position":"center center","background-size":"auto","background-attachment":"scroll","background-type":"","background-media":"","overlay-type":"","overlay-color":"","overlay-opacity":"","overlay-gradient":""}},"footnotes":""},"categories":[2],"tags":[154,344,374,378],"class_list":["post-2304","post","type-post","status-publish","format-standard","hentry","category-blogi","tag-ilmastonmuutos","tag-luonnon-monimuotoisuus","tag-metsa","tag-metsanhoito"],"yoast_head":"<!-- This site is optimized with the Yoast SEO plugin v27.5 - https:\/\/yoast.com\/product\/yoast-seo-wordpress\/ -->\n<title>Ekologinen rakennemuutos on v\u00e4ltt\u00e4m\u00e4t\u00f6n elinkelpoisen maapallon s\u00e4ilytt\u00e4miseksi - Jenni Pitko - Vihreiden varapuheenjohtaja, ymp\u00e4rist\u00f6valiokunnan puheenjohtaja, kansanedustaja ja arkkitehti Oulusta<\/title>\n<meta name=\"robots\" content=\"index, follow, max-snippet:-1, max-image-preview:large, max-video-preview:-1\" \/>\n<link rel=\"canonical\" href=\"https:\/\/jennipitko.fi\/koti\/ekologinen-rakennemuutos-on-valttamaton-elinkelpoisen-maapallon-sailyttamiseksi\/\" \/>\n<meta property=\"og:locale\" content=\"fi_FI\" \/>\n<meta property=\"og:type\" content=\"article\" \/>\n<meta property=\"og:title\" content=\"Ekologinen rakennemuutos on v\u00e4ltt\u00e4m\u00e4t\u00f6n elinkelpoisen maapallon s\u00e4ilytt\u00e4miseksi - Jenni Pitko - Vihreiden varapuheenjohtaja, ymp\u00e4rist\u00f6valiokunnan puheenjohtaja, kansanedustaja ja arkkitehti Oulusta\" \/>\n<meta property=\"og:description\" content=\"Ilmaston l\u00e4mpenemisen vaikutukset alkavat tuntua arjessa. Talvi on ollut leuto ja tulevaisuudessa pime\u00e4t, lumettomat kadut sek\u00e4 vetiset hiihtoladut ovat yh\u00e4 [&hellip;]\" \/>\n<meta property=\"og:url\" content=\"https:\/\/jennipitko.fi\/koti\/ekologinen-rakennemuutos-on-valttamaton-elinkelpoisen-maapallon-sailyttamiseksi\/\" \/>\n<meta property=\"og:site_name\" content=\"Jenni Pitko - Vihreiden varapuheenjohtaja, ymp\u00e4rist\u00f6valiokunnan puheenjohtaja, kansanedustaja ja arkkitehti Oulusta\" \/>\n<meta property=\"article:published_time\" content=\"2020-01-23T13:00:00+00:00\" \/>\n<meta property=\"article:modified_time\" content=\"2020-04-28T13:03:26+00:00\" \/>\n<meta name=\"author\" content=\"Jenni\" \/>\n<meta name=\"twitter:card\" content=\"summary_large_image\" \/>\n<meta name=\"twitter:label1\" content=\"Kirjoittanut\" \/>\n\t<meta name=\"twitter:data1\" content=\"Jenni\" \/>\n\t<meta name=\"twitter:label2\" content=\"Arvioitu lukuaika\" \/>\n\t<meta name=\"twitter:data2\" content=\"2 minuuttia\" \/>\n<script type=\"application\/ld+json\" class=\"yoast-schema-graph\">{\"@context\":\"https:\\\/\\\/schema.org\",\"@graph\":[{\"@type\":\"Article\",\"@id\":\"https:\\\/\\\/jennipitko.fi\\\/koti\\\/ekologinen-rakennemuutos-on-valttamaton-elinkelpoisen-maapallon-sailyttamiseksi\\\/#article\",\"isPartOf\":{\"@id\":\"https:\\\/\\\/jennipitko.fi\\\/koti\\\/ekologinen-rakennemuutos-on-valttamaton-elinkelpoisen-maapallon-sailyttamiseksi\\\/\"},\"author\":{\"name\":\"Jenni\",\"@id\":\"https:\\\/\\\/jennipitko.fi\\\/koti\\\/#\\\/schema\\\/person\\\/35955c467f851f10124809310e7e7ee8\"},\"headline\":\"Ekologinen rakennemuutos on v\u00e4ltt\u00e4m\u00e4t\u00f6n elinkelpoisen maapallon s\u00e4ilytt\u00e4miseksi\",\"datePublished\":\"2020-01-23T13:00:00+00:00\",\"dateModified\":\"2020-04-28T13:03:26+00:00\",\"mainEntityOfPage\":{\"@id\":\"https:\\\/\\\/jennipitko.fi\\\/koti\\\/ekologinen-rakennemuutos-on-valttamaton-elinkelpoisen-maapallon-sailyttamiseksi\\\/\"},\"wordCount\":353,\"publisher\":{\"@id\":\"https:\\\/\\\/jennipitko.fi\\\/koti\\\/#organization\"},\"keywords\":[\"ilmastonmuutos\",\"luonnon monimuotoisuus\",\"mets\u00e4\",\"mets\u00e4nhoito\"],\"articleSection\":[\"Blogi\"],\"inLanguage\":\"fi\"},{\"@type\":\"WebPage\",\"@id\":\"https:\\\/\\\/jennipitko.fi\\\/koti\\\/ekologinen-rakennemuutos-on-valttamaton-elinkelpoisen-maapallon-sailyttamiseksi\\\/\",\"url\":\"https:\\\/\\\/jennipitko.fi\\\/koti\\\/ekologinen-rakennemuutos-on-valttamaton-elinkelpoisen-maapallon-sailyttamiseksi\\\/\",\"name\":\"Ekologinen rakennemuutos on v\u00e4ltt\u00e4m\u00e4t\u00f6n elinkelpoisen maapallon s\u00e4ilytt\u00e4miseksi - Jenni Pitko - Vihreiden varapuheenjohtaja, ymp\u00e4rist\u00f6valiokunnan puheenjohtaja, kansanedustaja ja arkkitehti Oulusta\",\"isPartOf\":{\"@id\":\"https:\\\/\\\/jennipitko.fi\\\/koti\\\/#website\"},\"datePublished\":\"2020-01-23T13:00:00+00:00\",\"dateModified\":\"2020-04-28T13:03:26+00:00\",\"breadcrumb\":{\"@id\":\"https:\\\/\\\/jennipitko.fi\\\/koti\\\/ekologinen-rakennemuutos-on-valttamaton-elinkelpoisen-maapallon-sailyttamiseksi\\\/#breadcrumb\"},\"inLanguage\":\"fi\",\"potentialAction\":[{\"@type\":\"ReadAction\",\"target\":[\"https:\\\/\\\/jennipitko.fi\\\/koti\\\/ekologinen-rakennemuutos-on-valttamaton-elinkelpoisen-maapallon-sailyttamiseksi\\\/\"]}]},{\"@type\":\"BreadcrumbList\",\"@id\":\"https:\\\/\\\/jennipitko.fi\\\/koti\\\/ekologinen-rakennemuutos-on-valttamaton-elinkelpoisen-maapallon-sailyttamiseksi\\\/#breadcrumb\",\"itemListElement\":[{\"@type\":\"ListItem\",\"position\":1,\"name\":\"Home\",\"item\":\"https:\\\/\\\/jennipitko.fi\\\/koti\\\/\"},{\"@type\":\"ListItem\",\"position\":2,\"name\":\"Ekologinen rakennemuutos on v\u00e4ltt\u00e4m\u00e4t\u00f6n elinkelpoisen maapallon s\u00e4ilytt\u00e4miseksi\"}]},{\"@type\":\"WebSite\",\"@id\":\"https:\\\/\\\/jennipitko.fi\\\/koti\\\/#website\",\"url\":\"https:\\\/\\\/jennipitko.fi\\\/koti\\\/\",\"name\":\"Jenni Pitko - Vihreiden varapuheenjohtaja, ymp\u00e4rist\u00f6valiokunnan puheenjohtaja, kansanedustaja ja arkkitehti Oulusta\",\"description\":\"Jenni Pitko - Vihreiden varapuheenjohtaja, ymp\u00e4rist\u00f6valiokunnan puheenjohtaja, kansanedustaja ja arkkitehti Oulusta\",\"publisher\":{\"@id\":\"https:\\\/\\\/jennipitko.fi\\\/koti\\\/#organization\"},\"potentialAction\":[{\"@type\":\"SearchAction\",\"target\":{\"@type\":\"EntryPoint\",\"urlTemplate\":\"https:\\\/\\\/jennipitko.fi\\\/koti\\\/?s={search_term_string}\"},\"query-input\":{\"@type\":\"PropertyValueSpecification\",\"valueRequired\":true,\"valueName\":\"search_term_string\"}}],\"inLanguage\":\"fi\"},{\"@type\":\"Organization\",\"@id\":\"https:\\\/\\\/jennipitko.fi\\\/koti\\\/#organization\",\"name\":\"Jenni Pitko - Vihreiden varapuheenjohtaja, ymp\u00e4rist\u00f6valiokunnan puheenjohtaja, kansanedustaja ja arkkitehti Oulusta\",\"url\":\"https:\\\/\\\/jennipitko.fi\\\/koti\\\/\",\"logo\":{\"@type\":\"ImageObject\",\"inLanguage\":\"fi\",\"@id\":\"https:\\\/\\\/jennipitko.fi\\\/koti\\\/#\\\/schema\\\/logo\\\/image\\\/\",\"url\":\"https:\\\/\\\/jennipitko.fi\\\/koti\\\/wp-content\\\/uploads\\\/2025\\\/09\\\/Nimeton-malli-38.png\",\"contentUrl\":\"https:\\\/\\\/jennipitko.fi\\\/koti\\\/wp-content\\\/uploads\\\/2025\\\/09\\\/Nimeton-malli-38.png\",\"width\":1280,\"height\":847,\"caption\":\"Jenni Pitko - Vihreiden varapuheenjohtaja, ymp\u00e4rist\u00f6valiokunnan puheenjohtaja, kansanedustaja ja arkkitehti Oulusta\"},\"image\":{\"@id\":\"https:\\\/\\\/jennipitko.fi\\\/koti\\\/#\\\/schema\\\/logo\\\/image\\\/\"}},{\"@type\":\"Person\",\"@id\":\"https:\\\/\\\/jennipitko.fi\\\/koti\\\/#\\\/schema\\\/person\\\/35955c467f851f10124809310e7e7ee8\",\"name\":\"Jenni\",\"image\":{\"@type\":\"ImageObject\",\"inLanguage\":\"fi\",\"@id\":\"https:\\\/\\\/secure.gravatar.com\\\/avatar\\\/625a0e6413b293da7739d42617828d564a4d6028aec3f45d8939a2ba1617199f?s=96&d=blank&r=g\",\"url\":\"https:\\\/\\\/secure.gravatar.com\\\/avatar\\\/625a0e6413b293da7739d42617828d564a4d6028aec3f45d8939a2ba1617199f?s=96&d=blank&r=g\",\"contentUrl\":\"https:\\\/\\\/secure.gravatar.com\\\/avatar\\\/625a0e6413b293da7739d42617828d564a4d6028aec3f45d8939a2ba1617199f?s=96&d=blank&r=g\",\"caption\":\"Jenni\"},\"url\":\"https:\\\/\\\/jennipitko.fi\\\/koti\\\/author\\\/jenni\\\/\"}]}<\/script>\n<!-- \/ Yoast SEO plugin. -->","yoast_head_json":{"title":"Ekologinen rakennemuutos on v\u00e4ltt\u00e4m\u00e4t\u00f6n elinkelpoisen maapallon s\u00e4ilytt\u00e4miseksi - Jenni Pitko - Vihreiden varapuheenjohtaja, ymp\u00e4rist\u00f6valiokunnan puheenjohtaja, kansanedustaja ja arkkitehti Oulusta","robots":{"index":"index","follow":"follow","max-snippet":"max-snippet:-1","max-image-preview":"max-image-preview:large","max-video-preview":"max-video-preview:-1"},"canonical":"https:\/\/jennipitko.fi\/koti\/ekologinen-rakennemuutos-on-valttamaton-elinkelpoisen-maapallon-sailyttamiseksi\/","og_locale":"fi_FI","og_type":"article","og_title":"Ekologinen rakennemuutos on v\u00e4ltt\u00e4m\u00e4t\u00f6n elinkelpoisen maapallon s\u00e4ilytt\u00e4miseksi - Jenni Pitko - Vihreiden varapuheenjohtaja, ymp\u00e4rist\u00f6valiokunnan puheenjohtaja, kansanedustaja ja arkkitehti Oulusta","og_description":"Ilmaston l\u00e4mpenemisen vaikutukset alkavat tuntua arjessa. Talvi on ollut leuto ja tulevaisuudessa pime\u00e4t, lumettomat kadut sek\u00e4 vetiset hiihtoladut ovat yh\u00e4 [&hellip;]","og_url":"https:\/\/jennipitko.fi\/koti\/ekologinen-rakennemuutos-on-valttamaton-elinkelpoisen-maapallon-sailyttamiseksi\/","og_site_name":"Jenni Pitko - Vihreiden varapuheenjohtaja, ymp\u00e4rist\u00f6valiokunnan puheenjohtaja, kansanedustaja ja arkkitehti Oulusta","article_published_time":"2020-01-23T13:00:00+00:00","article_modified_time":"2020-04-28T13:03:26+00:00","author":"Jenni","twitter_card":"summary_large_image","twitter_misc":{"Kirjoittanut":"Jenni","Arvioitu lukuaika":"2 minuuttia"},"schema":{"@context":"https:\/\/schema.org","@graph":[{"@type":"Article","@id":"https:\/\/jennipitko.fi\/koti\/ekologinen-rakennemuutos-on-valttamaton-elinkelpoisen-maapallon-sailyttamiseksi\/#article","isPartOf":{"@id":"https:\/\/jennipitko.fi\/koti\/ekologinen-rakennemuutos-on-valttamaton-elinkelpoisen-maapallon-sailyttamiseksi\/"},"author":{"name":"Jenni","@id":"https:\/\/jennipitko.fi\/koti\/#\/schema\/person\/35955c467f851f10124809310e7e7ee8"},"headline":"Ekologinen rakennemuutos on v\u00e4ltt\u00e4m\u00e4t\u00f6n elinkelpoisen maapallon s\u00e4ilytt\u00e4miseksi","datePublished":"2020-01-23T13:00:00+00:00","dateModified":"2020-04-28T13:03:26+00:00","mainEntityOfPage":{"@id":"https:\/\/jennipitko.fi\/koti\/ekologinen-rakennemuutos-on-valttamaton-elinkelpoisen-maapallon-sailyttamiseksi\/"},"wordCount":353,"publisher":{"@id":"https:\/\/jennipitko.fi\/koti\/#organization"},"keywords":["ilmastonmuutos","luonnon monimuotoisuus","mets\u00e4","mets\u00e4nhoito"],"articleSection":["Blogi"],"inLanguage":"fi"},{"@type":"WebPage","@id":"https:\/\/jennipitko.fi\/koti\/ekologinen-rakennemuutos-on-valttamaton-elinkelpoisen-maapallon-sailyttamiseksi\/","url":"https:\/\/jennipitko.fi\/koti\/ekologinen-rakennemuutos-on-valttamaton-elinkelpoisen-maapallon-sailyttamiseksi\/","name":"Ekologinen rakennemuutos on v\u00e4ltt\u00e4m\u00e4t\u00f6n elinkelpoisen maapallon s\u00e4ilytt\u00e4miseksi - Jenni Pitko - Vihreiden varapuheenjohtaja, ymp\u00e4rist\u00f6valiokunnan puheenjohtaja, kansanedustaja ja arkkitehti Oulusta","isPartOf":{"@id":"https:\/\/jennipitko.fi\/koti\/#website"},"datePublished":"2020-01-23T13:00:00+00:00","dateModified":"2020-04-28T13:03:26+00:00","breadcrumb":{"@id":"https:\/\/jennipitko.fi\/koti\/ekologinen-rakennemuutos-on-valttamaton-elinkelpoisen-maapallon-sailyttamiseksi\/#breadcrumb"},"inLanguage":"fi","potentialAction":[{"@type":"ReadAction","target":["https:\/\/jennipitko.fi\/koti\/ekologinen-rakennemuutos-on-valttamaton-elinkelpoisen-maapallon-sailyttamiseksi\/"]}]},{"@type":"BreadcrumbList","@id":"https:\/\/jennipitko.fi\/koti\/ekologinen-rakennemuutos-on-valttamaton-elinkelpoisen-maapallon-sailyttamiseksi\/#breadcrumb","itemListElement":[{"@type":"ListItem","position":1,"name":"Home","item":"https:\/\/jennipitko.fi\/koti\/"},{"@type":"ListItem","position":2,"name":"Ekologinen rakennemuutos on v\u00e4ltt\u00e4m\u00e4t\u00f6n elinkelpoisen maapallon s\u00e4ilytt\u00e4miseksi"}]},{"@type":"WebSite","@id":"https:\/\/jennipitko.fi\/koti\/#website","url":"https:\/\/jennipitko.fi\/koti\/","name":"Jenni Pitko - Vihreiden varapuheenjohtaja, ymp\u00e4rist\u00f6valiokunnan puheenjohtaja, kansanedustaja ja arkkitehti Oulusta","description":"Jenni Pitko - Vihreiden varapuheenjohtaja, ymp\u00e4rist\u00f6valiokunnan puheenjohtaja, kansanedustaja ja arkkitehti Oulusta","publisher":{"@id":"https:\/\/jennipitko.fi\/koti\/#organization"},"potentialAction":[{"@type":"SearchAction","target":{"@type":"EntryPoint","urlTemplate":"https:\/\/jennipitko.fi\/koti\/?s={search_term_string}"},"query-input":{"@type":"PropertyValueSpecification","valueRequired":true,"valueName":"search_term_string"}}],"inLanguage":"fi"},{"@type":"Organization","@id":"https:\/\/jennipitko.fi\/koti\/#organization","name":"Jenni Pitko - Vihreiden varapuheenjohtaja, ymp\u00e4rist\u00f6valiokunnan puheenjohtaja, kansanedustaja ja arkkitehti Oulusta","url":"https:\/\/jennipitko.fi\/koti\/","logo":{"@type":"ImageObject","inLanguage":"fi","@id":"https:\/\/jennipitko.fi\/koti\/#\/schema\/logo\/image\/","url":"https:\/\/jennipitko.fi\/koti\/wp-content\/uploads\/2025\/09\/Nimeton-malli-38.png","contentUrl":"https:\/\/jennipitko.fi\/koti\/wp-content\/uploads\/2025\/09\/Nimeton-malli-38.png","width":1280,"height":847,"caption":"Jenni Pitko - Vihreiden varapuheenjohtaja, ymp\u00e4rist\u00f6valiokunnan puheenjohtaja, kansanedustaja ja arkkitehti Oulusta"},"image":{"@id":"https:\/\/jennipitko.fi\/koti\/#\/schema\/logo\/image\/"}},{"@type":"Person","@id":"https:\/\/jennipitko.fi\/koti\/#\/schema\/person\/35955c467f851f10124809310e7e7ee8","name":"Jenni","image":{"@type":"ImageObject","inLanguage":"fi","@id":"https:\/\/secure.gravatar.com\/avatar\/625a0e6413b293da7739d42617828d564a4d6028aec3f45d8939a2ba1617199f?s=96&d=blank&r=g","url":"https:\/\/secure.gravatar.com\/avatar\/625a0e6413b293da7739d42617828d564a4d6028aec3f45d8939a2ba1617199f?s=96&d=blank&r=g","contentUrl":"https:\/\/secure.gravatar.com\/avatar\/625a0e6413b293da7739d42617828d564a4d6028aec3f45d8939a2ba1617199f?s=96&d=blank&r=g","caption":"Jenni"},"url":"https:\/\/jennipitko.fi\/koti\/author\/jenni\/"}]}},"_links":{"self":[{"href":"https:\/\/jennipitko.fi\/koti\/wp-json\/wp\/v2\/posts\/2304","targetHints":{"allow":["GET"]}}],"collection":[{"href":"https:\/\/jennipitko.fi\/koti\/wp-json\/wp\/v2\/posts"}],"about":[{"href":"https:\/\/jennipitko.fi\/koti\/wp-json\/wp\/v2\/types\/post"}],"author":[{"embeddable":true,"href":"https:\/\/jennipitko.fi\/koti\/wp-json\/wp\/v2\/users\/1"}],"replies":[{"embeddable":true,"href":"https:\/\/jennipitko.fi\/koti\/wp-json\/wp\/v2\/comments?post=2304"}],"version-history":[{"count":1,"href":"https:\/\/jennipitko.fi\/koti\/wp-json\/wp\/v2\/posts\/2304\/revisions"}],"predecessor-version":[{"id":2305,"href":"https:\/\/jennipitko.fi\/koti\/wp-json\/wp\/v2\/posts\/2304\/revisions\/2305"}],"wp:attachment":[{"href":"https:\/\/jennipitko.fi\/koti\/wp-json\/wp\/v2\/media?parent=2304"}],"wp:term":[{"taxonomy":"category","embeddable":true,"href":"https:\/\/jennipitko.fi\/koti\/wp-json\/wp\/v2\/categories?post=2304"},{"taxonomy":"post_tag","embeddable":true,"href":"https:\/\/jennipitko.fi\/koti\/wp-json\/wp\/v2\/tags?post=2304"}],"curies":[{"name":"wp","href":"https:\/\/api.w.org\/{rel}","templated":true}]}}