{"id":2306,"date":"2020-04-01T15:03:00","date_gmt":"2020-04-01T13:03:00","guid":{"rendered":"http:\/\/jennipitko.fi\/koti\/?p=2306"},"modified":"2020-04-28T15:08:30","modified_gmt":"2020-04-28T13:08:30","slug":"vihreaa-elvytysta-koronashokkiin-2","status":"publish","type":"post","link":"https:\/\/jennipitko.fi\/koti\/vihreaa-elvytysta-koronashokkiin-2\/","title":{"rendered":"Vihre\u00e4\u00e4 elvytyst\u00e4 koronashokkiin"},"content":{"rendered":"\n<p>Koronakriisin torjumiseksi t\u00e4rkein teht\u00e4v\u00e4mme juuri nyt on suojella ihmishenki\u00e4 rajoittamalla viruksen tarttumista. Maailmanlaajuisen pandemian ja n\u00e4iden v\u00e4ltt\u00e4m\u00e4tt\u00f6mien rajoitustoimenpiteiden seurauksena olemme kuitenkin saamassa k\u00e4siimme my\u00f6s talouskriisin, joka voi ajaa Suomen taantumaan ja mahdollisesti jopa lamaan.\u00a0<\/p>\n\n\n\n<p>Koska emme halua, ett\u00e4 yritykset kaatuvat, olemme hallituksessa ja eduskunnassa hyv\u00e4ksyneet jo ensimm\u00e4isen tukipaketin. Sen avulla yrityksille jaetaan noin miljardin euron edest\u00e4 tukia. Tukea saavat my\u00f6s pienyritt\u00e4j\u00e4t, freelancerit ja itsens\u00e4ty\u00f6llist\u00e4j\u00e4t, jotka ovat juuri nyt kaikista heikoimmilla, sill\u00e4 kassassa ei heill\u00e4 ole suurten yritysten kaltaista puskuria.<\/p>\n\n\n\n<p>Kun akuutti kriisi on hoidettu ja tilanne tasaantunut, meid\u00e4n on teht\u00e4v\u00e4 mittavia elvytystoimia, jotta v\u00e4ltet\u00e4\u00e4n laaja taloudellinen ahdinko. Meid\u00e4n on luotava sellaista toimeliaisuutta, jolla sek\u00e4 ty\u00f6llistet\u00e4\u00e4n, ett\u00e4 parannetaan elinkeinoel\u00e4m\u00e4n mahdollisuuksia luoda uutta kasvua.&nbsp;<\/p>\n\n\n\n<p>Se, millaista uutta kasvua p\u00e4\u00e4t\u00e4mme hakea, on t\u00e4rke\u00e4 kysymys. Jo ennen koronaa talousj\u00e4rjestelm\u00e4mme oli murroksen edess\u00e4. Gloobalit markkinat, digitalisaatio ja automatisaatio ovat muuttaneet kysynt\u00e4\u00e4 ja tuotantoketjuja ja on selv\u00e4\u00e4, ett\u00e4 my\u00f6s ilmastonmuutosta kiihdytt\u00e4v\u00e4n ja biodiversiteetin hupenemista aiheuttavan fossiilitalouden loppulaskenta on alkanut.<\/p>\n\n\n\n<p>Nyt kun rakennamme mittavin panostuksin uutta taloutta, onkin syyt\u00e4 k\u00e4ytt\u00e4\u00e4 n\u00e4m\u00e4 eurot ihmiskunnan tulevaisuuden kannalta viisaasti. Suuri virhe olisi elvytt\u00e4m\u00e4ll\u00e4 tukea vanhanaikaista j\u00e4rjestelm\u00e4\u00e4, joka pit\u00e4isi sitten pian taas uudistaa.<\/p>\n\n\n\n<p>Rahaa tuleekin suunnata tukemaan sellaista taloudellista toimeliaisuutta, joka rakentaa ekologisesti kest\u00e4v\u00e4\u00e4 yhteiskuntaa. Yritysten tuki tulee suunnata p\u00e4\u00e4st\u00f6j\u00e4 v\u00e4hent\u00e4viin investointeihin ja innovaatioihin, kotitalouksille esimerkiksi energiaremontteihin ja kunnille k\u00e4velyn, py\u00f6r\u00e4ilyn, s\u00e4hk\u00f6autoilun ja joukkoliikenteen infrastruktuurin rakentamiseen. Valtion investoinnit taas tulee suunnata esimerkiksi isoihin raidehankkeisiin, joiden aloittamista on nyt syyt\u00e4 aikaistaa.<\/p>\n\n\n\n<p>Sitra on esitt\u00e4nyt kest\u00e4v\u00e4\u00e4 elvytyspakettia, jossa alennetaan ty\u00f6n verotusta ja my\u00f6hemmin kiristet\u00e4\u00e4n ymp\u00e4rist\u00f6- ja kulutusveroja, korotetaan uusiutuvan energian k\u00e4ytt\u00f6\u00f6nottoon kohdistettavaa kotitalousv\u00e4hennyst\u00e4 ja tuetaan kansainv\u00e4list\u00e4 liikennett\u00e4 leikkaamaan p\u00e4\u00e4st\u00f6j\u00e4\u00e4n. My\u00f6s n\u00e4it\u00e4 t\u00e4sm\u00e4toimenpiteit\u00e4 tulee harkita.<\/p>\n\n\n\n<p>Ilmasto- ja monimuotoisuuskriisi eiv\u00e4t odota, mutta juuri nyt on t\u00e4rkeint\u00e4 suojella ihmishenki\u00e4. Akuutin kriisin j\u00e4lkeen palaamme muiden ongelmien pariin ja tekemist\u00e4 riitt\u00e4\u00e4 taas yhteiskunnan jokaisella sektorilla. Siihen asti, noudatetaan viranomaisten ohjeita ja pidet\u00e4\u00e4n huolta toisistamme.<\/p>\n\n\n\n<p>Teksti on julkaistu kolumnina Kalevassa 1.4.2020.<\/p>\n","protected":false},"excerpt":{"rendered":"<p>Koronakriisin torjumiseksi t\u00e4rkein teht\u00e4v\u00e4mme juuri nyt on suojella ihmishenki\u00e4 rajoittamalla viruksen tarttumista. Maailmanlaajuisen pandemian ja n\u00e4iden v\u00e4ltt\u00e4m\u00e4tt\u00f6mien rajoitustoimenpiteiden seurauksena olemme [&hellip;]<\/p>\n","protected":false},"author":1,"featured_media":0,"comment_status":"closed","ping_status":"closed","sticky":false,"template":"","format":"standard","meta":{"_monsterinsights_skip_tracking":false,"_monsterinsights_sitenote_active":false,"_monsterinsights_sitenote_note":"","_monsterinsights_sitenote_category":0,"site-sidebar-layout":"default","site-content-layout":"","ast-site-content-layout":"default","site-content-style":"default","site-sidebar-style":"default","ast-global-header-display":"","ast-banner-title-visibility":"","ast-main-header-display":"","ast-hfb-above-header-display":"","ast-hfb-below-header-display":"","ast-hfb-mobile-header-display":"","site-post-title":"","ast-breadcrumbs-content":"","ast-featured-img":"","footer-sml-layout":"","ast-disable-related-posts":"","theme-transparent-header-meta":"","adv-header-id-meta":"","stick-header-meta":"","header-above-stick-meta":"","header-main-stick-meta":"","header-below-stick-meta":"","astra-migrate-meta-layouts":"default","ast-page-background-enabled":"default","ast-page-background-meta":{"desktop":{"background-color":"var(--ast-global-color-5)","background-image":"","background-repeat":"repeat","background-position":"center center","background-size":"auto","background-attachment":"scroll","background-type":"","background-media":"","overlay-type":"","overlay-color":"","overlay-opacity":"","overlay-gradient":""},"tablet":{"background-color":"","background-image":"","background-repeat":"repeat","background-position":"center center","background-size":"auto","background-attachment":"scroll","background-type":"","background-media":"","overlay-type":"","overlay-color":"","overlay-opacity":"","overlay-gradient":""},"mobile":{"background-color":"","background-image":"","background-repeat":"repeat","background-position":"center center","background-size":"auto","background-attachment":"scroll","background-type":"","background-media":"","overlay-type":"","overlay-color":"","overlay-opacity":"","overlay-gradient":""}},"ast-content-background-meta":{"desktop":{"background-color":"var(--ast-global-color-4)","background-image":"","background-repeat":"repeat","background-position":"center center","background-size":"auto","background-attachment":"scroll","background-type":"","background-media":"","overlay-type":"","overlay-color":"","overlay-opacity":"","overlay-gradient":""},"tablet":{"background-color":"var(--ast-global-color-4)","background-image":"","background-repeat":"repeat","background-position":"center center","background-size":"auto","background-attachment":"scroll","background-type":"","background-media":"","overlay-type":"","overlay-color":"","overlay-opacity":"","overlay-gradient":""},"mobile":{"background-color":"var(--ast-global-color-4)","background-image":"","background-repeat":"repeat","background-position":"center center","background-size":"auto","background-attachment":"scroll","background-type":"","background-media":"","overlay-type":"","overlay-color":"","overlay-opacity":"","overlay-gradient":""}},"footnotes":""},"categories":[2],"tags":[391,154,380,157],"class_list":["post-2306","post","type-post","status-publish","format-standard","hentry","category-blogi","tag-elvytys","tag-ilmastonmuutos","tag-korona","tag-talous"],"yoast_head":"<!-- This site is optimized with the Yoast SEO plugin v27.5 - https:\/\/yoast.com\/product\/yoast-seo-wordpress\/ -->\n<title>Vihre\u00e4\u00e4 elvytyst\u00e4 koronashokkiin - Jenni Pitko - Vihreiden varapuheenjohtaja, ymp\u00e4rist\u00f6valiokunnan puheenjohtaja, kansanedustaja ja arkkitehti Oulusta<\/title>\n<meta name=\"robots\" content=\"index, follow, max-snippet:-1, max-image-preview:large, max-video-preview:-1\" \/>\n<link rel=\"canonical\" href=\"https:\/\/jennipitko.fi\/koti\/vihreaa-elvytysta-koronashokkiin-2\/\" \/>\n<meta property=\"og:locale\" content=\"fi_FI\" \/>\n<meta property=\"og:type\" content=\"article\" \/>\n<meta property=\"og:title\" content=\"Vihre\u00e4\u00e4 elvytyst\u00e4 koronashokkiin - Jenni Pitko - Vihreiden varapuheenjohtaja, ymp\u00e4rist\u00f6valiokunnan puheenjohtaja, kansanedustaja ja arkkitehti Oulusta\" \/>\n<meta property=\"og:description\" content=\"Koronakriisin torjumiseksi t\u00e4rkein teht\u00e4v\u00e4mme juuri nyt on suojella ihmishenki\u00e4 rajoittamalla viruksen tarttumista. Maailmanlaajuisen pandemian ja n\u00e4iden v\u00e4ltt\u00e4m\u00e4tt\u00f6mien rajoitustoimenpiteiden seurauksena olemme [&hellip;]\" \/>\n<meta property=\"og:url\" content=\"https:\/\/jennipitko.fi\/koti\/vihreaa-elvytysta-koronashokkiin-2\/\" \/>\n<meta property=\"og:site_name\" content=\"Jenni Pitko - Vihreiden varapuheenjohtaja, ymp\u00e4rist\u00f6valiokunnan puheenjohtaja, kansanedustaja ja arkkitehti Oulusta\" \/>\n<meta property=\"article:published_time\" content=\"2020-04-01T13:03:00+00:00\" \/>\n<meta property=\"article:modified_time\" content=\"2020-04-28T13:08:30+00:00\" \/>\n<meta name=\"author\" content=\"Jenni\" \/>\n<meta name=\"twitter:card\" content=\"summary_large_image\" \/>\n<meta name=\"twitter:label1\" content=\"Kirjoittanut\" \/>\n\t<meta name=\"twitter:data1\" content=\"Jenni\" \/>\n\t<meta name=\"twitter:label2\" content=\"Arvioitu lukuaika\" \/>\n\t<meta name=\"twitter:data2\" content=\"2 minuuttia\" \/>\n<script type=\"application\/ld+json\" class=\"yoast-schema-graph\">{\"@context\":\"https:\\\/\\\/schema.org\",\"@graph\":[{\"@type\":\"Article\",\"@id\":\"https:\\\/\\\/jennipitko.fi\\\/koti\\\/vihreaa-elvytysta-koronashokkiin-2\\\/#article\",\"isPartOf\":{\"@id\":\"https:\\\/\\\/jennipitko.fi\\\/koti\\\/vihreaa-elvytysta-koronashokkiin-2\\\/\"},\"author\":{\"name\":\"Jenni\",\"@id\":\"https:\\\/\\\/jennipitko.fi\\\/koti\\\/#\\\/schema\\\/person\\\/35955c467f851f10124809310e7e7ee8\"},\"headline\":\"Vihre\u00e4\u00e4 elvytyst\u00e4 koronashokkiin\",\"datePublished\":\"2020-04-01T13:03:00+00:00\",\"dateModified\":\"2020-04-28T13:08:30+00:00\",\"mainEntityOfPage\":{\"@id\":\"https:\\\/\\\/jennipitko.fi\\\/koti\\\/vihreaa-elvytysta-koronashokkiin-2\\\/\"},\"wordCount\":379,\"publisher\":{\"@id\":\"https:\\\/\\\/jennipitko.fi\\\/koti\\\/#organization\"},\"keywords\":[\"elvytys\",\"ilmastonmuutos\",\"korona\",\"talous\"],\"articleSection\":[\"Blogi\"],\"inLanguage\":\"fi\"},{\"@type\":\"WebPage\",\"@id\":\"https:\\\/\\\/jennipitko.fi\\\/koti\\\/vihreaa-elvytysta-koronashokkiin-2\\\/\",\"url\":\"https:\\\/\\\/jennipitko.fi\\\/koti\\\/vihreaa-elvytysta-koronashokkiin-2\\\/\",\"name\":\"Vihre\u00e4\u00e4 elvytyst\u00e4 koronashokkiin - Jenni Pitko - Vihreiden varapuheenjohtaja, ymp\u00e4rist\u00f6valiokunnan puheenjohtaja, kansanedustaja ja arkkitehti Oulusta\",\"isPartOf\":{\"@id\":\"https:\\\/\\\/jennipitko.fi\\\/koti\\\/#website\"},\"datePublished\":\"2020-04-01T13:03:00+00:00\",\"dateModified\":\"2020-04-28T13:08:30+00:00\",\"breadcrumb\":{\"@id\":\"https:\\\/\\\/jennipitko.fi\\\/koti\\\/vihreaa-elvytysta-koronashokkiin-2\\\/#breadcrumb\"},\"inLanguage\":\"fi\",\"potentialAction\":[{\"@type\":\"ReadAction\",\"target\":[\"https:\\\/\\\/jennipitko.fi\\\/koti\\\/vihreaa-elvytysta-koronashokkiin-2\\\/\"]}]},{\"@type\":\"BreadcrumbList\",\"@id\":\"https:\\\/\\\/jennipitko.fi\\\/koti\\\/vihreaa-elvytysta-koronashokkiin-2\\\/#breadcrumb\",\"itemListElement\":[{\"@type\":\"ListItem\",\"position\":1,\"name\":\"Home\",\"item\":\"https:\\\/\\\/jennipitko.fi\\\/koti\\\/\"},{\"@type\":\"ListItem\",\"position\":2,\"name\":\"Vihre\u00e4\u00e4 elvytyst\u00e4 koronashokkiin\"}]},{\"@type\":\"WebSite\",\"@id\":\"https:\\\/\\\/jennipitko.fi\\\/koti\\\/#website\",\"url\":\"https:\\\/\\\/jennipitko.fi\\\/koti\\\/\",\"name\":\"Jenni Pitko - Vihreiden varapuheenjohtaja, ymp\u00e4rist\u00f6valiokunnan puheenjohtaja, kansanedustaja ja arkkitehti Oulusta\",\"description\":\"Jenni Pitko - Vihreiden varapuheenjohtaja, ymp\u00e4rist\u00f6valiokunnan puheenjohtaja, kansanedustaja ja arkkitehti Oulusta\",\"publisher\":{\"@id\":\"https:\\\/\\\/jennipitko.fi\\\/koti\\\/#organization\"},\"potentialAction\":[{\"@type\":\"SearchAction\",\"target\":{\"@type\":\"EntryPoint\",\"urlTemplate\":\"https:\\\/\\\/jennipitko.fi\\\/koti\\\/?s={search_term_string}\"},\"query-input\":{\"@type\":\"PropertyValueSpecification\",\"valueRequired\":true,\"valueName\":\"search_term_string\"}}],\"inLanguage\":\"fi\"},{\"@type\":\"Organization\",\"@id\":\"https:\\\/\\\/jennipitko.fi\\\/koti\\\/#organization\",\"name\":\"Jenni Pitko - Vihreiden varapuheenjohtaja, ymp\u00e4rist\u00f6valiokunnan puheenjohtaja, kansanedustaja ja arkkitehti Oulusta\",\"url\":\"https:\\\/\\\/jennipitko.fi\\\/koti\\\/\",\"logo\":{\"@type\":\"ImageObject\",\"inLanguage\":\"fi\",\"@id\":\"https:\\\/\\\/jennipitko.fi\\\/koti\\\/#\\\/schema\\\/logo\\\/image\\\/\",\"url\":\"https:\\\/\\\/jennipitko.fi\\\/koti\\\/wp-content\\\/uploads\\\/2025\\\/09\\\/Nimeton-malli-38.png\",\"contentUrl\":\"https:\\\/\\\/jennipitko.fi\\\/koti\\\/wp-content\\\/uploads\\\/2025\\\/09\\\/Nimeton-malli-38.png\",\"width\":1280,\"height\":847,\"caption\":\"Jenni Pitko - Vihreiden varapuheenjohtaja, ymp\u00e4rist\u00f6valiokunnan puheenjohtaja, kansanedustaja ja arkkitehti Oulusta\"},\"image\":{\"@id\":\"https:\\\/\\\/jennipitko.fi\\\/koti\\\/#\\\/schema\\\/logo\\\/image\\\/\"}},{\"@type\":\"Person\",\"@id\":\"https:\\\/\\\/jennipitko.fi\\\/koti\\\/#\\\/schema\\\/person\\\/35955c467f851f10124809310e7e7ee8\",\"name\":\"Jenni\",\"image\":{\"@type\":\"ImageObject\",\"inLanguage\":\"fi\",\"@id\":\"https:\\\/\\\/secure.gravatar.com\\\/avatar\\\/625a0e6413b293da7739d42617828d564a4d6028aec3f45d8939a2ba1617199f?s=96&d=blank&r=g\",\"url\":\"https:\\\/\\\/secure.gravatar.com\\\/avatar\\\/625a0e6413b293da7739d42617828d564a4d6028aec3f45d8939a2ba1617199f?s=96&d=blank&r=g\",\"contentUrl\":\"https:\\\/\\\/secure.gravatar.com\\\/avatar\\\/625a0e6413b293da7739d42617828d564a4d6028aec3f45d8939a2ba1617199f?s=96&d=blank&r=g\",\"caption\":\"Jenni\"},\"url\":\"https:\\\/\\\/jennipitko.fi\\\/koti\\\/author\\\/jenni\\\/\"}]}<\/script>\n<!-- \/ Yoast SEO plugin. -->","yoast_head_json":{"title":"Vihre\u00e4\u00e4 elvytyst\u00e4 koronashokkiin - Jenni Pitko - Vihreiden varapuheenjohtaja, ymp\u00e4rist\u00f6valiokunnan puheenjohtaja, kansanedustaja ja arkkitehti Oulusta","robots":{"index":"index","follow":"follow","max-snippet":"max-snippet:-1","max-image-preview":"max-image-preview:large","max-video-preview":"max-video-preview:-1"},"canonical":"https:\/\/jennipitko.fi\/koti\/vihreaa-elvytysta-koronashokkiin-2\/","og_locale":"fi_FI","og_type":"article","og_title":"Vihre\u00e4\u00e4 elvytyst\u00e4 koronashokkiin - Jenni Pitko - Vihreiden varapuheenjohtaja, ymp\u00e4rist\u00f6valiokunnan puheenjohtaja, kansanedustaja ja arkkitehti Oulusta","og_description":"Koronakriisin torjumiseksi t\u00e4rkein teht\u00e4v\u00e4mme juuri nyt on suojella ihmishenki\u00e4 rajoittamalla viruksen tarttumista. Maailmanlaajuisen pandemian ja n\u00e4iden v\u00e4ltt\u00e4m\u00e4tt\u00f6mien rajoitustoimenpiteiden seurauksena olemme [&hellip;]","og_url":"https:\/\/jennipitko.fi\/koti\/vihreaa-elvytysta-koronashokkiin-2\/","og_site_name":"Jenni Pitko - Vihreiden varapuheenjohtaja, ymp\u00e4rist\u00f6valiokunnan puheenjohtaja, kansanedustaja ja arkkitehti Oulusta","article_published_time":"2020-04-01T13:03:00+00:00","article_modified_time":"2020-04-28T13:08:30+00:00","author":"Jenni","twitter_card":"summary_large_image","twitter_misc":{"Kirjoittanut":"Jenni","Arvioitu lukuaika":"2 minuuttia"},"schema":{"@context":"https:\/\/schema.org","@graph":[{"@type":"Article","@id":"https:\/\/jennipitko.fi\/koti\/vihreaa-elvytysta-koronashokkiin-2\/#article","isPartOf":{"@id":"https:\/\/jennipitko.fi\/koti\/vihreaa-elvytysta-koronashokkiin-2\/"},"author":{"name":"Jenni","@id":"https:\/\/jennipitko.fi\/koti\/#\/schema\/person\/35955c467f851f10124809310e7e7ee8"},"headline":"Vihre\u00e4\u00e4 elvytyst\u00e4 koronashokkiin","datePublished":"2020-04-01T13:03:00+00:00","dateModified":"2020-04-28T13:08:30+00:00","mainEntityOfPage":{"@id":"https:\/\/jennipitko.fi\/koti\/vihreaa-elvytysta-koronashokkiin-2\/"},"wordCount":379,"publisher":{"@id":"https:\/\/jennipitko.fi\/koti\/#organization"},"keywords":["elvytys","ilmastonmuutos","korona","talous"],"articleSection":["Blogi"],"inLanguage":"fi"},{"@type":"WebPage","@id":"https:\/\/jennipitko.fi\/koti\/vihreaa-elvytysta-koronashokkiin-2\/","url":"https:\/\/jennipitko.fi\/koti\/vihreaa-elvytysta-koronashokkiin-2\/","name":"Vihre\u00e4\u00e4 elvytyst\u00e4 koronashokkiin - Jenni Pitko - Vihreiden varapuheenjohtaja, ymp\u00e4rist\u00f6valiokunnan puheenjohtaja, kansanedustaja ja arkkitehti Oulusta","isPartOf":{"@id":"https:\/\/jennipitko.fi\/koti\/#website"},"datePublished":"2020-04-01T13:03:00+00:00","dateModified":"2020-04-28T13:08:30+00:00","breadcrumb":{"@id":"https:\/\/jennipitko.fi\/koti\/vihreaa-elvytysta-koronashokkiin-2\/#breadcrumb"},"inLanguage":"fi","potentialAction":[{"@type":"ReadAction","target":["https:\/\/jennipitko.fi\/koti\/vihreaa-elvytysta-koronashokkiin-2\/"]}]},{"@type":"BreadcrumbList","@id":"https:\/\/jennipitko.fi\/koti\/vihreaa-elvytysta-koronashokkiin-2\/#breadcrumb","itemListElement":[{"@type":"ListItem","position":1,"name":"Home","item":"https:\/\/jennipitko.fi\/koti\/"},{"@type":"ListItem","position":2,"name":"Vihre\u00e4\u00e4 elvytyst\u00e4 koronashokkiin"}]},{"@type":"WebSite","@id":"https:\/\/jennipitko.fi\/koti\/#website","url":"https:\/\/jennipitko.fi\/koti\/","name":"Jenni Pitko - Vihreiden varapuheenjohtaja, ymp\u00e4rist\u00f6valiokunnan puheenjohtaja, kansanedustaja ja arkkitehti Oulusta","description":"Jenni Pitko - Vihreiden varapuheenjohtaja, ymp\u00e4rist\u00f6valiokunnan puheenjohtaja, kansanedustaja ja arkkitehti Oulusta","publisher":{"@id":"https:\/\/jennipitko.fi\/koti\/#organization"},"potentialAction":[{"@type":"SearchAction","target":{"@type":"EntryPoint","urlTemplate":"https:\/\/jennipitko.fi\/koti\/?s={search_term_string}"},"query-input":{"@type":"PropertyValueSpecification","valueRequired":true,"valueName":"search_term_string"}}],"inLanguage":"fi"},{"@type":"Organization","@id":"https:\/\/jennipitko.fi\/koti\/#organization","name":"Jenni Pitko - Vihreiden varapuheenjohtaja, ymp\u00e4rist\u00f6valiokunnan puheenjohtaja, kansanedustaja ja arkkitehti Oulusta","url":"https:\/\/jennipitko.fi\/koti\/","logo":{"@type":"ImageObject","inLanguage":"fi","@id":"https:\/\/jennipitko.fi\/koti\/#\/schema\/logo\/image\/","url":"https:\/\/jennipitko.fi\/koti\/wp-content\/uploads\/2025\/09\/Nimeton-malli-38.png","contentUrl":"https:\/\/jennipitko.fi\/koti\/wp-content\/uploads\/2025\/09\/Nimeton-malli-38.png","width":1280,"height":847,"caption":"Jenni Pitko - Vihreiden varapuheenjohtaja, ymp\u00e4rist\u00f6valiokunnan puheenjohtaja, kansanedustaja ja arkkitehti Oulusta"},"image":{"@id":"https:\/\/jennipitko.fi\/koti\/#\/schema\/logo\/image\/"}},{"@type":"Person","@id":"https:\/\/jennipitko.fi\/koti\/#\/schema\/person\/35955c467f851f10124809310e7e7ee8","name":"Jenni","image":{"@type":"ImageObject","inLanguage":"fi","@id":"https:\/\/secure.gravatar.com\/avatar\/625a0e6413b293da7739d42617828d564a4d6028aec3f45d8939a2ba1617199f?s=96&d=blank&r=g","url":"https:\/\/secure.gravatar.com\/avatar\/625a0e6413b293da7739d42617828d564a4d6028aec3f45d8939a2ba1617199f?s=96&d=blank&r=g","contentUrl":"https:\/\/secure.gravatar.com\/avatar\/625a0e6413b293da7739d42617828d564a4d6028aec3f45d8939a2ba1617199f?s=96&d=blank&r=g","caption":"Jenni"},"url":"https:\/\/jennipitko.fi\/koti\/author\/jenni\/"}]}},"_links":{"self":[{"href":"https:\/\/jennipitko.fi\/koti\/wp-json\/wp\/v2\/posts\/2306","targetHints":{"allow":["GET"]}}],"collection":[{"href":"https:\/\/jennipitko.fi\/koti\/wp-json\/wp\/v2\/posts"}],"about":[{"href":"https:\/\/jennipitko.fi\/koti\/wp-json\/wp\/v2\/types\/post"}],"author":[{"embeddable":true,"href":"https:\/\/jennipitko.fi\/koti\/wp-json\/wp\/v2\/users\/1"}],"replies":[{"embeddable":true,"href":"https:\/\/jennipitko.fi\/koti\/wp-json\/wp\/v2\/comments?post=2306"}],"version-history":[{"count":1,"href":"https:\/\/jennipitko.fi\/koti\/wp-json\/wp\/v2\/posts\/2306\/revisions"}],"predecessor-version":[{"id":2307,"href":"https:\/\/jennipitko.fi\/koti\/wp-json\/wp\/v2\/posts\/2306\/revisions\/2307"}],"wp:attachment":[{"href":"https:\/\/jennipitko.fi\/koti\/wp-json\/wp\/v2\/media?parent=2306"}],"wp:term":[{"taxonomy":"category","embeddable":true,"href":"https:\/\/jennipitko.fi\/koti\/wp-json\/wp\/v2\/categories?post=2306"},{"taxonomy":"post_tag","embeddable":true,"href":"https:\/\/jennipitko.fi\/koti\/wp-json\/wp\/v2\/tags?post=2306"}],"curies":[{"name":"wp","href":"https:\/\/api.w.org\/{rel}","templated":true}]}}