{"id":2308,"date":"2020-03-05T15:29:00","date_gmt":"2020-03-05T13:29:00","guid":{"rendered":"http:\/\/jennipitko.fi\/koti\/?p=2308"},"modified":"2020-04-28T15:39:34","modified_gmt":"2020-04-28T13:39:34","slug":"suomeen-tarvitaan-lentovero-puheeni-eduskunnassa","status":"publish","type":"post","link":"https:\/\/jennipitko.fi\/koti\/suomeen-tarvitaan-lentovero-puheeni-eduskunnassa\/","title":{"rendered":"Suomeen tarvitaan lentovero \u2013 puheeni eduskunnassa"},"content":{"rendered":"\n<p><em>Puheeni eduskunnassa 5.3.2020 lentoverokansalaisaloitteen l\u00e4hetekeskustelussa.<\/em><\/p>\n\n\n\n<p>Arvoisa puhemies! Haluan kiitt\u00e4\u00e4 teit\u00e4 kaikkia kansalaisaloitteen tekij\u00f6it\u00e4, jotka olette tuoneet t\u00e4m\u00e4n t\u00e4rke\u00e4n keskustelun t\u00e4nne eduskunnan t\u00e4ysistuntoon. \u00a0<\/p>\n\n\n\n<p>Ilmastonmuutoksen torjumiseen tarvitaan paljon toimia. Ei ole yht\u00e4 tai kahta asiaa, jotka tekem\u00e4ll\u00e4 voimme j\u00e4tt\u00e4\u00e4 muut sektorit huomioimatta. Ei voi olla sektoreita, joidenka ei tarvitsisi muuttua, samalla kun taistelemme t\u00e4t\u00e4 valtavaa terveytt\u00e4mme ja tulevaisuuttamme uhkaavaa kriisi\u00e4 vastaan. <\/p>\n\n\n\n<p>Itse ajattelen, ett\u00e4 meid\u00e4n kannattaa pikimmiten ottaa k\u00e4ytt\u00f6\u00f6n erityisesti sellaisia keinoja, jotka ovat tehokkaita ja ohjaavat systeemitason muutoksiin, ja sellaisia, jotka eiv\u00e4t tuo taloudellista kuormaa niille, joilla on pienimm\u00e4t k\u00e4yt\u00f6ss\u00e4 olevat varat. <\/p>\n\n\n\n<p>Lent\u00e4minen on juuri sellainen tapa, jolle on monissa tapauksissa korvaava keino, joko esimerkiksi junamatkustaminen tai matkakohteen valitseminen l\u00e4hemp\u00e4\u00e4 tai esimerkiksi ty\u00f6matkoille et\u00e4osallistuminen teknologian mahdollistamana.\u00a0Tied\u00e4mme my\u00f6s, ett\u00e4 kaikista rikkaimmat lent\u00e4v\u00e4t kaikista eniten. Lent\u00e4minen jakautuu suomalaisten kesken ep\u00e4tasaisesti, ja lent\u00e4misen osuus yksitt\u00e4isen suomalaisen hiilijalanj\u00e4ljest\u00e4 voi olla hyvinkin iso. Sek\u00e4 Suomessa ett\u00e4 globaalisti lent\u00e4mist\u00e4 voi syyst\u00e4 pit\u00e4\u00e4 ylellisyystuotteena. <\/p>\n\n\n\n<p>Yli 70 prosenttia suomalaisten lennoista on vapaa-ajanlentoja, ja hyv\u00e4tuloiset lent\u00e4v\u00e4t pienituloisia enemm\u00e4n. On k\u00e4sitt\u00e4m\u00e4t\u00f6nt\u00e4, ett\u00e4 suurista p\u00e4\u00e4st\u00f6ist\u00e4\u00e4n huolimatta lent\u00e4mist\u00e4 ei juuri veroteta. Ei voi olla niin, ett\u00e4 yksi liikkumisen muoto on vapaamatkustaja samaan aikaan, kun kest\u00e4vi\u00e4 liikkumisen tapoja verotetaan. Siksi kansalaisaloite matkustajakohtaisesta lentoverosta on tervetullut keskustelunavaus.\u00a0<\/p>\n\n\n\n<p>Arvoisa puhemies! T\u00e4m\u00e4n kansalaisaloitteen tavoitteena ei ole kielt\u00e4\u00e4 lent\u00e4mist\u00e4 vaan alkaa kohdella sit\u00e4 tasavertaisemmin muihin liikkumisen muotoihin verrattuna. Matkustajakohtaisen lentoveron k\u00e4ytt\u00f6\u00f6notto tuottaisi valtiolle verotuloja, jotka voitaisiin k\u00e4ytt\u00e4\u00e4 esimerkiksi junaliikenteeseen, ja ennen kaikkea se voisi v\u00e4hent\u00e4\u00e4 lent\u00e4mist\u00e4. <\/p>\n\n\n\n<p>Lent\u00e4misen v\u00e4hent\u00e4minen ei suinkaan tarkoita ihmisten el\u00e4m\u00e4nlaadun huonontumista tai edes matkustamisen v\u00e4hentymist\u00e4, kun samaan aikaan panostamme raideliikenteeseen. Hallitus onkin tehnyt jo merkitt\u00e4vi\u00e4 p\u00e4\u00e4t\u00f6ksi\u00e4 kotimaan ratahankkeista, jotka hy\u00f6dytt\u00e4v\u00e4t kotimaanmatkailun lis\u00e4ksi yhteyksi\u00e4 ulkomaille. <\/p>\n\n\n\n<p>Esimerkiksi hallitus hakee nyt EU-rahoitusta Kemi\u2013Haaparanta-radan s\u00e4hk\u00f6ist\u00e4miselle. Toteutuessaan t\u00e4m\u00e4 hanke mahdollistaa junayhteyden Suomesta Tukholmaan, ja Tukholmasta matka voi jatkua muutamassa tunnissa Tanskaan ja siit\u00e4 eteenp\u00e4in Keski- ja Etel\u00e4-Eurooppaan. T\u00e4llaista potentiaalia piilee liikennej\u00e4rjestelm\u00e4ss\u00e4mme paljon, ja se on nyt otettava hy\u00f6tyk\u00e4ytt\u00f6\u00f6n.\u00a0<\/p>\n\n\n\n<p>Lent\u00e4misen v\u00e4hent\u00e4misell\u00e4 on my\u00f6s kansalaisten tuki. Kyselyjen mukaan yli puolet suomalaisista kannattaa lentoveroa. Junamatkailukin on lis\u00e4\u00e4ntynyt viime vuosina, ja esimerkiksi matkustajam\u00e4\u00e4r\u00e4 Oulun ja Helsingin v\u00e4lill\u00e4, joka on perinteisesti ollut Suomen suosituin lentoreitti, on kasvanut miltei nelj\u00e4nneksell\u00e4 vuodesta 2008 vuoteen 2019. Samaan aikaan my\u00f6s interrailmatkustaminen on kasvattanut suosiotaan erityisesti aikuisten keskuudessa.\u00a0Ihmiset haluavat tehd\u00e4 kest\u00e4vi\u00e4 valintoja.<\/p>\n\n\n\n<p>Arvoisa puhemies! Lentovero on jo k\u00e4yt\u00f6ss\u00e4 monissa maissa. Ruotsissa lentoverolla on saatu lentomatkojen m\u00e4\u00e4r\u00e4n kasvu taittumaan. Se on merkitt\u00e4v\u00e4\u00e4. Suomen on vauraana hyvinvointivaltiona kannettava globaali vastuunsa ja otettava k\u00e4ytt\u00f6\u00f6n matkustajakohtainen lentovero viimeist\u00e4\u00e4n silloin, jos kansainv\u00e4lisiss\u00e4 yhteyksiss\u00e4 EU:n laajuista lentoveron k\u00e4ytt\u00f6\u00f6nottoa ei saada edistetty\u00e4.\u00a0<\/p>\n\n\n\n<p><em>Kaikki puheenvuoroni eduskunnassa l\u00f6ytyv\u00e4t eduskunnan <a href=\"https:\/\/www.eduskunta.fi\/FI\/kansanedustajat\/Sivut\/1449.aspx\">sivuilta<\/a>.<\/em><\/p>\n","protected":false},"excerpt":{"rendered":"<p>Puheeni eduskunnassa 5.3.2020 lentoverokansalaisaloitteen l\u00e4hetekeskustelussa. Arvoisa puhemies! Haluan kiitt\u00e4\u00e4 teit\u00e4 kaikkia kansalaisaloitteen tekij\u00f6it\u00e4, jotka olette tuoneet t\u00e4m\u00e4n t\u00e4rke\u00e4n keskustelun t\u00e4nne [&hellip;]<\/p>\n","protected":false},"author":1,"featured_media":0,"comment_status":"closed","ping_status":"closed","sticky":false,"template":"","format":"standard","meta":{"_monsterinsights_skip_tracking":false,"_monsterinsights_sitenote_active":false,"_monsterinsights_sitenote_note":"","_monsterinsights_sitenote_category":0,"site-sidebar-layout":"default","site-content-layout":"","ast-site-content-layout":"default","site-content-style":"default","site-sidebar-style":"default","ast-global-header-display":"","ast-banner-title-visibility":"","ast-main-header-display":"","ast-hfb-above-header-display":"","ast-hfb-below-header-display":"","ast-hfb-mobile-header-display":"","site-post-title":"","ast-breadcrumbs-content":"","ast-featured-img":"","footer-sml-layout":"","ast-disable-related-posts":"","theme-transparent-header-meta":"","adv-header-id-meta":"","stick-header-meta":"","header-above-stick-meta":"","header-main-stick-meta":"","header-below-stick-meta":"","astra-migrate-meta-layouts":"default","ast-page-background-enabled":"default","ast-page-background-meta":{"desktop":{"background-color":"var(--ast-global-color-5)","background-image":"","background-repeat":"repeat","background-position":"center center","background-size":"auto","background-attachment":"scroll","background-type":"","background-media":"","overlay-type":"","overlay-color":"","overlay-opacity":"","overlay-gradient":""},"tablet":{"background-color":"","background-image":"","background-repeat":"repeat","background-position":"center center","background-size":"auto","background-attachment":"scroll","background-type":"","background-media":"","overlay-type":"","overlay-color":"","overlay-opacity":"","overlay-gradient":""},"mobile":{"background-color":"","background-image":"","background-repeat":"repeat","background-position":"center center","background-size":"auto","background-attachment":"scroll","background-type":"","background-media":"","overlay-type":"","overlay-color":"","overlay-opacity":"","overlay-gradient":""}},"ast-content-background-meta":{"desktop":{"background-color":"var(--ast-global-color-4)","background-image":"","background-repeat":"repeat","background-position":"center center","background-size":"auto","background-attachment":"scroll","background-type":"","background-media":"","overlay-type":"","overlay-color":"","overlay-opacity":"","overlay-gradient":""},"tablet":{"background-color":"var(--ast-global-color-4)","background-image":"","background-repeat":"repeat","background-position":"center center","background-size":"auto","background-attachment":"scroll","background-type":"","background-media":"","overlay-type":"","overlay-color":"","overlay-opacity":"","overlay-gradient":""},"mobile":{"background-color":"var(--ast-global-color-4)","background-image":"","background-repeat":"repeat","background-position":"center center","background-size":"auto","background-attachment":"scroll","background-type":"","background-media":"","overlay-type":"","overlay-color":"","overlay-opacity":"","overlay-gradient":""}},"footnotes":""},"categories":[2,355],"tags":[338],"class_list":["post-2308","post","type-post","status-publish","format-standard","hentry","category-blogi","category-puheeni-eduskunnassa","tag-juna"],"yoast_head":"<!-- This site is optimized with the Yoast SEO plugin v27.5 - https:\/\/yoast.com\/product\/yoast-seo-wordpress\/ -->\n<title>Suomeen tarvitaan lentovero \u2013 puheeni eduskunnassa - Jenni Pitko - Vihreiden varapuheenjohtaja, ymp\u00e4rist\u00f6valiokunnan puheenjohtaja, kansanedustaja ja arkkitehti Oulusta<\/title>\n<meta name=\"robots\" content=\"index, follow, max-snippet:-1, max-image-preview:large, max-video-preview:-1\" \/>\n<link rel=\"canonical\" href=\"https:\/\/jennipitko.fi\/koti\/suomeen-tarvitaan-lentovero-puheeni-eduskunnassa\/\" \/>\n<meta property=\"og:locale\" content=\"fi_FI\" \/>\n<meta property=\"og:type\" content=\"article\" \/>\n<meta property=\"og:title\" content=\"Suomeen tarvitaan lentovero \u2013 puheeni eduskunnassa - Jenni Pitko - Vihreiden varapuheenjohtaja, ymp\u00e4rist\u00f6valiokunnan puheenjohtaja, kansanedustaja ja arkkitehti Oulusta\" \/>\n<meta property=\"og:description\" content=\"Puheeni eduskunnassa 5.3.2020 lentoverokansalaisaloitteen l\u00e4hetekeskustelussa. Arvoisa puhemies! Haluan kiitt\u00e4\u00e4 teit\u00e4 kaikkia kansalaisaloitteen tekij\u00f6it\u00e4, jotka olette tuoneet t\u00e4m\u00e4n t\u00e4rke\u00e4n keskustelun t\u00e4nne [&hellip;]\" \/>\n<meta property=\"og:url\" content=\"https:\/\/jennipitko.fi\/koti\/suomeen-tarvitaan-lentovero-puheeni-eduskunnassa\/\" \/>\n<meta property=\"og:site_name\" content=\"Jenni Pitko - Vihreiden varapuheenjohtaja, ymp\u00e4rist\u00f6valiokunnan puheenjohtaja, kansanedustaja ja arkkitehti Oulusta\" \/>\n<meta property=\"article:published_time\" content=\"2020-03-05T13:29:00+00:00\" \/>\n<meta property=\"article:modified_time\" content=\"2020-04-28T13:39:34+00:00\" \/>\n<meta name=\"author\" content=\"Jenni\" \/>\n<meta name=\"twitter:card\" content=\"summary_large_image\" \/>\n<meta name=\"twitter:label1\" content=\"Kirjoittanut\" \/>\n\t<meta name=\"twitter:data1\" content=\"Jenni\" \/>\n\t<meta name=\"twitter:label2\" content=\"Arvioitu lukuaika\" \/>\n\t<meta name=\"twitter:data2\" content=\"3 minuuttia\" \/>\n<script type=\"application\/ld+json\" class=\"yoast-schema-graph\">{\"@context\":\"https:\\\/\\\/schema.org\",\"@graph\":[{\"@type\":\"Article\",\"@id\":\"https:\\\/\\\/jennipitko.fi\\\/koti\\\/suomeen-tarvitaan-lentovero-puheeni-eduskunnassa\\\/#article\",\"isPartOf\":{\"@id\":\"https:\\\/\\\/jennipitko.fi\\\/koti\\\/suomeen-tarvitaan-lentovero-puheeni-eduskunnassa\\\/\"},\"author\":{\"name\":\"Jenni\",\"@id\":\"https:\\\/\\\/jennipitko.fi\\\/koti\\\/#\\\/schema\\\/person\\\/35955c467f851f10124809310e7e7ee8\"},\"headline\":\"Suomeen tarvitaan lentovero \u2013 puheeni eduskunnassa\",\"datePublished\":\"2020-03-05T13:29:00+00:00\",\"dateModified\":\"2020-04-28T13:39:34+00:00\",\"mainEntityOfPage\":{\"@id\":\"https:\\\/\\\/jennipitko.fi\\\/koti\\\/suomeen-tarvitaan-lentovero-puheeni-eduskunnassa\\\/\"},\"wordCount\":509,\"publisher\":{\"@id\":\"https:\\\/\\\/jennipitko.fi\\\/koti\\\/#organization\"},\"keywords\":[\"juna\"],\"articleSection\":[\"Blogi\",\"Puheeni eduskunnassa\"],\"inLanguage\":\"fi\"},{\"@type\":\"WebPage\",\"@id\":\"https:\\\/\\\/jennipitko.fi\\\/koti\\\/suomeen-tarvitaan-lentovero-puheeni-eduskunnassa\\\/\",\"url\":\"https:\\\/\\\/jennipitko.fi\\\/koti\\\/suomeen-tarvitaan-lentovero-puheeni-eduskunnassa\\\/\",\"name\":\"Suomeen tarvitaan lentovero \u2013 puheeni eduskunnassa - Jenni Pitko - Vihreiden varapuheenjohtaja, ymp\u00e4rist\u00f6valiokunnan puheenjohtaja, kansanedustaja ja arkkitehti Oulusta\",\"isPartOf\":{\"@id\":\"https:\\\/\\\/jennipitko.fi\\\/koti\\\/#website\"},\"datePublished\":\"2020-03-05T13:29:00+00:00\",\"dateModified\":\"2020-04-28T13:39:34+00:00\",\"breadcrumb\":{\"@id\":\"https:\\\/\\\/jennipitko.fi\\\/koti\\\/suomeen-tarvitaan-lentovero-puheeni-eduskunnassa\\\/#breadcrumb\"},\"inLanguage\":\"fi\",\"potentialAction\":[{\"@type\":\"ReadAction\",\"target\":[\"https:\\\/\\\/jennipitko.fi\\\/koti\\\/suomeen-tarvitaan-lentovero-puheeni-eduskunnassa\\\/\"]}]},{\"@type\":\"BreadcrumbList\",\"@id\":\"https:\\\/\\\/jennipitko.fi\\\/koti\\\/suomeen-tarvitaan-lentovero-puheeni-eduskunnassa\\\/#breadcrumb\",\"itemListElement\":[{\"@type\":\"ListItem\",\"position\":1,\"name\":\"Home\",\"item\":\"https:\\\/\\\/jennipitko.fi\\\/koti\\\/\"},{\"@type\":\"ListItem\",\"position\":2,\"name\":\"Suomeen tarvitaan lentovero \u2013 puheeni eduskunnassa\"}]},{\"@type\":\"WebSite\",\"@id\":\"https:\\\/\\\/jennipitko.fi\\\/koti\\\/#website\",\"url\":\"https:\\\/\\\/jennipitko.fi\\\/koti\\\/\",\"name\":\"Jenni Pitko - Vihreiden varapuheenjohtaja, ymp\u00e4rist\u00f6valiokunnan puheenjohtaja, kansanedustaja ja arkkitehti Oulusta\",\"description\":\"Jenni Pitko - Vihreiden varapuheenjohtaja, ymp\u00e4rist\u00f6valiokunnan puheenjohtaja, kansanedustaja ja arkkitehti Oulusta\",\"publisher\":{\"@id\":\"https:\\\/\\\/jennipitko.fi\\\/koti\\\/#organization\"},\"potentialAction\":[{\"@type\":\"SearchAction\",\"target\":{\"@type\":\"EntryPoint\",\"urlTemplate\":\"https:\\\/\\\/jennipitko.fi\\\/koti\\\/?s={search_term_string}\"},\"query-input\":{\"@type\":\"PropertyValueSpecification\",\"valueRequired\":true,\"valueName\":\"search_term_string\"}}],\"inLanguage\":\"fi\"},{\"@type\":\"Organization\",\"@id\":\"https:\\\/\\\/jennipitko.fi\\\/koti\\\/#organization\",\"name\":\"Jenni Pitko - Vihreiden varapuheenjohtaja, ymp\u00e4rist\u00f6valiokunnan puheenjohtaja, kansanedustaja ja arkkitehti Oulusta\",\"url\":\"https:\\\/\\\/jennipitko.fi\\\/koti\\\/\",\"logo\":{\"@type\":\"ImageObject\",\"inLanguage\":\"fi\",\"@id\":\"https:\\\/\\\/jennipitko.fi\\\/koti\\\/#\\\/schema\\\/logo\\\/image\\\/\",\"url\":\"https:\\\/\\\/jennipitko.fi\\\/koti\\\/wp-content\\\/uploads\\\/2025\\\/09\\\/Nimeton-malli-38.png\",\"contentUrl\":\"https:\\\/\\\/jennipitko.fi\\\/koti\\\/wp-content\\\/uploads\\\/2025\\\/09\\\/Nimeton-malli-38.png\",\"width\":1280,\"height\":847,\"caption\":\"Jenni Pitko - Vihreiden varapuheenjohtaja, ymp\u00e4rist\u00f6valiokunnan puheenjohtaja, kansanedustaja ja arkkitehti Oulusta\"},\"image\":{\"@id\":\"https:\\\/\\\/jennipitko.fi\\\/koti\\\/#\\\/schema\\\/logo\\\/image\\\/\"}},{\"@type\":\"Person\",\"@id\":\"https:\\\/\\\/jennipitko.fi\\\/koti\\\/#\\\/schema\\\/person\\\/35955c467f851f10124809310e7e7ee8\",\"name\":\"Jenni\",\"image\":{\"@type\":\"ImageObject\",\"inLanguage\":\"fi\",\"@id\":\"https:\\\/\\\/secure.gravatar.com\\\/avatar\\\/625a0e6413b293da7739d42617828d564a4d6028aec3f45d8939a2ba1617199f?s=96&d=blank&r=g\",\"url\":\"https:\\\/\\\/secure.gravatar.com\\\/avatar\\\/625a0e6413b293da7739d42617828d564a4d6028aec3f45d8939a2ba1617199f?s=96&d=blank&r=g\",\"contentUrl\":\"https:\\\/\\\/secure.gravatar.com\\\/avatar\\\/625a0e6413b293da7739d42617828d564a4d6028aec3f45d8939a2ba1617199f?s=96&d=blank&r=g\",\"caption\":\"Jenni\"},\"url\":\"https:\\\/\\\/jennipitko.fi\\\/koti\\\/author\\\/jenni\\\/\"}]}<\/script>\n<!-- \/ Yoast SEO plugin. -->","yoast_head_json":{"title":"Suomeen tarvitaan lentovero \u2013 puheeni eduskunnassa - Jenni Pitko - Vihreiden varapuheenjohtaja, ymp\u00e4rist\u00f6valiokunnan puheenjohtaja, kansanedustaja ja arkkitehti Oulusta","robots":{"index":"index","follow":"follow","max-snippet":"max-snippet:-1","max-image-preview":"max-image-preview:large","max-video-preview":"max-video-preview:-1"},"canonical":"https:\/\/jennipitko.fi\/koti\/suomeen-tarvitaan-lentovero-puheeni-eduskunnassa\/","og_locale":"fi_FI","og_type":"article","og_title":"Suomeen tarvitaan lentovero \u2013 puheeni eduskunnassa - Jenni Pitko - Vihreiden varapuheenjohtaja, ymp\u00e4rist\u00f6valiokunnan puheenjohtaja, kansanedustaja ja arkkitehti Oulusta","og_description":"Puheeni eduskunnassa 5.3.2020 lentoverokansalaisaloitteen l\u00e4hetekeskustelussa. Arvoisa puhemies! Haluan kiitt\u00e4\u00e4 teit\u00e4 kaikkia kansalaisaloitteen tekij\u00f6it\u00e4, jotka olette tuoneet t\u00e4m\u00e4n t\u00e4rke\u00e4n keskustelun t\u00e4nne [&hellip;]","og_url":"https:\/\/jennipitko.fi\/koti\/suomeen-tarvitaan-lentovero-puheeni-eduskunnassa\/","og_site_name":"Jenni Pitko - Vihreiden varapuheenjohtaja, ymp\u00e4rist\u00f6valiokunnan puheenjohtaja, kansanedustaja ja arkkitehti Oulusta","article_published_time":"2020-03-05T13:29:00+00:00","article_modified_time":"2020-04-28T13:39:34+00:00","author":"Jenni","twitter_card":"summary_large_image","twitter_misc":{"Kirjoittanut":"Jenni","Arvioitu lukuaika":"3 minuuttia"},"schema":{"@context":"https:\/\/schema.org","@graph":[{"@type":"Article","@id":"https:\/\/jennipitko.fi\/koti\/suomeen-tarvitaan-lentovero-puheeni-eduskunnassa\/#article","isPartOf":{"@id":"https:\/\/jennipitko.fi\/koti\/suomeen-tarvitaan-lentovero-puheeni-eduskunnassa\/"},"author":{"name":"Jenni","@id":"https:\/\/jennipitko.fi\/koti\/#\/schema\/person\/35955c467f851f10124809310e7e7ee8"},"headline":"Suomeen tarvitaan lentovero \u2013 puheeni eduskunnassa","datePublished":"2020-03-05T13:29:00+00:00","dateModified":"2020-04-28T13:39:34+00:00","mainEntityOfPage":{"@id":"https:\/\/jennipitko.fi\/koti\/suomeen-tarvitaan-lentovero-puheeni-eduskunnassa\/"},"wordCount":509,"publisher":{"@id":"https:\/\/jennipitko.fi\/koti\/#organization"},"keywords":["juna"],"articleSection":["Blogi","Puheeni eduskunnassa"],"inLanguage":"fi"},{"@type":"WebPage","@id":"https:\/\/jennipitko.fi\/koti\/suomeen-tarvitaan-lentovero-puheeni-eduskunnassa\/","url":"https:\/\/jennipitko.fi\/koti\/suomeen-tarvitaan-lentovero-puheeni-eduskunnassa\/","name":"Suomeen tarvitaan lentovero \u2013 puheeni eduskunnassa - Jenni Pitko - Vihreiden varapuheenjohtaja, ymp\u00e4rist\u00f6valiokunnan puheenjohtaja, kansanedustaja ja arkkitehti Oulusta","isPartOf":{"@id":"https:\/\/jennipitko.fi\/koti\/#website"},"datePublished":"2020-03-05T13:29:00+00:00","dateModified":"2020-04-28T13:39:34+00:00","breadcrumb":{"@id":"https:\/\/jennipitko.fi\/koti\/suomeen-tarvitaan-lentovero-puheeni-eduskunnassa\/#breadcrumb"},"inLanguage":"fi","potentialAction":[{"@type":"ReadAction","target":["https:\/\/jennipitko.fi\/koti\/suomeen-tarvitaan-lentovero-puheeni-eduskunnassa\/"]}]},{"@type":"BreadcrumbList","@id":"https:\/\/jennipitko.fi\/koti\/suomeen-tarvitaan-lentovero-puheeni-eduskunnassa\/#breadcrumb","itemListElement":[{"@type":"ListItem","position":1,"name":"Home","item":"https:\/\/jennipitko.fi\/koti\/"},{"@type":"ListItem","position":2,"name":"Suomeen tarvitaan lentovero \u2013 puheeni eduskunnassa"}]},{"@type":"WebSite","@id":"https:\/\/jennipitko.fi\/koti\/#website","url":"https:\/\/jennipitko.fi\/koti\/","name":"Jenni Pitko - Vihreiden varapuheenjohtaja, ymp\u00e4rist\u00f6valiokunnan puheenjohtaja, kansanedustaja ja arkkitehti Oulusta","description":"Jenni Pitko - Vihreiden varapuheenjohtaja, ymp\u00e4rist\u00f6valiokunnan puheenjohtaja, kansanedustaja ja arkkitehti Oulusta","publisher":{"@id":"https:\/\/jennipitko.fi\/koti\/#organization"},"potentialAction":[{"@type":"SearchAction","target":{"@type":"EntryPoint","urlTemplate":"https:\/\/jennipitko.fi\/koti\/?s={search_term_string}"},"query-input":{"@type":"PropertyValueSpecification","valueRequired":true,"valueName":"search_term_string"}}],"inLanguage":"fi"},{"@type":"Organization","@id":"https:\/\/jennipitko.fi\/koti\/#organization","name":"Jenni Pitko - Vihreiden varapuheenjohtaja, ymp\u00e4rist\u00f6valiokunnan puheenjohtaja, kansanedustaja ja arkkitehti Oulusta","url":"https:\/\/jennipitko.fi\/koti\/","logo":{"@type":"ImageObject","inLanguage":"fi","@id":"https:\/\/jennipitko.fi\/koti\/#\/schema\/logo\/image\/","url":"https:\/\/jennipitko.fi\/koti\/wp-content\/uploads\/2025\/09\/Nimeton-malli-38.png","contentUrl":"https:\/\/jennipitko.fi\/koti\/wp-content\/uploads\/2025\/09\/Nimeton-malli-38.png","width":1280,"height":847,"caption":"Jenni Pitko - Vihreiden varapuheenjohtaja, ymp\u00e4rist\u00f6valiokunnan puheenjohtaja, kansanedustaja ja arkkitehti Oulusta"},"image":{"@id":"https:\/\/jennipitko.fi\/koti\/#\/schema\/logo\/image\/"}},{"@type":"Person","@id":"https:\/\/jennipitko.fi\/koti\/#\/schema\/person\/35955c467f851f10124809310e7e7ee8","name":"Jenni","image":{"@type":"ImageObject","inLanguage":"fi","@id":"https:\/\/secure.gravatar.com\/avatar\/625a0e6413b293da7739d42617828d564a4d6028aec3f45d8939a2ba1617199f?s=96&d=blank&r=g","url":"https:\/\/secure.gravatar.com\/avatar\/625a0e6413b293da7739d42617828d564a4d6028aec3f45d8939a2ba1617199f?s=96&d=blank&r=g","contentUrl":"https:\/\/secure.gravatar.com\/avatar\/625a0e6413b293da7739d42617828d564a4d6028aec3f45d8939a2ba1617199f?s=96&d=blank&r=g","caption":"Jenni"},"url":"https:\/\/jennipitko.fi\/koti\/author\/jenni\/"}]}},"_links":{"self":[{"href":"https:\/\/jennipitko.fi\/koti\/wp-json\/wp\/v2\/posts\/2308","targetHints":{"allow":["GET"]}}],"collection":[{"href":"https:\/\/jennipitko.fi\/koti\/wp-json\/wp\/v2\/posts"}],"about":[{"href":"https:\/\/jennipitko.fi\/koti\/wp-json\/wp\/v2\/types\/post"}],"author":[{"embeddable":true,"href":"https:\/\/jennipitko.fi\/koti\/wp-json\/wp\/v2\/users\/1"}],"replies":[{"embeddable":true,"href":"https:\/\/jennipitko.fi\/koti\/wp-json\/wp\/v2\/comments?post=2308"}],"version-history":[{"count":1,"href":"https:\/\/jennipitko.fi\/koti\/wp-json\/wp\/v2\/posts\/2308\/revisions"}],"predecessor-version":[{"id":2310,"href":"https:\/\/jennipitko.fi\/koti\/wp-json\/wp\/v2\/posts\/2308\/revisions\/2310"}],"wp:attachment":[{"href":"https:\/\/jennipitko.fi\/koti\/wp-json\/wp\/v2\/media?parent=2308"}],"wp:term":[{"taxonomy":"category","embeddable":true,"href":"https:\/\/jennipitko.fi\/koti\/wp-json\/wp\/v2\/categories?post=2308"},{"taxonomy":"post_tag","embeddable":true,"href":"https:\/\/jennipitko.fi\/koti\/wp-json\/wp\/v2\/tags?post=2308"}],"curies":[{"name":"wp","href":"https:\/\/api.w.org\/{rel}","templated":true}]}}