{"id":2313,"date":"2020-05-06T12:20:54","date_gmt":"2020-05-06T10:20:54","guid":{"rendered":"http:\/\/jennipitko.fi\/koti\/?p=2313"},"modified":"2020-05-06T12:31:28","modified_gmt":"2020-05-06T10:31:28","slug":"rakennetaan-suomeen-pyorabaanaverkosto","status":"publish","type":"post","link":"https:\/\/jennipitko.fi\/koti\/rakennetaan-suomeen-pyorabaanaverkosto\/","title":{"rendered":"Rakennetaan Suomeen py\u00f6r\u00e4baanaverkosto"},"content":{"rendered":"\n<p>J\u00e4timme Tiina Elon kanssa hallitukselle kirjallisen kysymyksen, jossa esit\u00e4mme valtakunnallisen py\u00f6r\u00e4baanaverkoston rakentamista Suomeen. Koronakriisin vaatima taloudellinen elvytys on teht\u00e4v\u00e4 ilmaston kannalta kest\u00e4v\u00e4sti. Nyt onkin oikea aika panostaa py\u00f6r\u00e4ilyhankkeisiin!<br><br>Valtakunnallista py\u00f6r\u00e4baanaverkostoa on esitt\u00e4nyt my\u00f6s Py\u00f6r\u00e4liitto. Verkosto koostuisi kuntien ja valtion yll\u00e4pit\u00e4mist\u00e4 laadukkaista py\u00f6r\u00e4reiteist\u00e4. Verkosto palvelisi py\u00f6r\u00e4ll\u00e4 tapahtuvaa ty\u00f6- ja asiointiliikennett\u00e4, matkailua ja virkistyst\u00e4 niin lyhyill\u00e4 kuin pidemmill\u00e4kin matkoilla esimerkiksi kaupunkien ja taajamien v\u00e4lill\u00e4.<\/p>\n\n\n\n<p>Py\u00f6r\u00e4baanaverkosto nitoisi Suomen py\u00f6r\u00e4reitit yhdeksi kokonaisuudeksi ja mahdollistaisi niiden suunnitelmallisen kehitt\u00e4misen. Verkoston rakentaminen loisi ty\u00f6paikkoja laajalti eri puolelle maata.<\/p>\n\n\n\n<p>Unelma valtakunnallisesta py\u00f6r\u00e4baanaverkostosta on ollut olemassa jo pitk\u00e4\u00e4n \u2013 nyt on oikea aika ryhty\u00e4 toimeen sen toteuttamiseksi!<br><br>Lue kysymys kokonaisuudessaan t\u00e4st\u00e4:<\/p>\n\n\n\n<p>Kirjallinen kysymys valtakunnallisen py\u00f6r\u00e4baanaverkoston suunnittelusta ja toteutuksesta&nbsp;<\/p>\n\n\n\n<p>Eduskunnan puhemiehelle<\/p>\n\n\n\n<p>Hallituksen tavoitteena on lis\u00e4t\u00e4 jalankulun ja py\u00f6r\u00e4ilyn m\u00e4\u00e4r\u00e4\u00e4 vuoteen 2030 menness\u00e4 30 prosentilla verrattuna vuoteen 2018 sek\u00e4 samalla parantaa k\u00e4velyn ja py\u00f6r\u00e4ilyn turvallisuutta. Toteutuessaan tavoite v\u00e4hent\u00e4\u00e4 liikenteen kasvihuonekaasup\u00e4\u00e4st\u00f6j\u00e4 ja hillitsee ilmastonmuutosta. My\u00f6s melu, liikenneruuhkat ja ilmansaasteet v\u00e4henev\u00e4t, mik\u00e4 parantaa ymp\u00e4rist\u00f6n viihtyisyytt\u00e4.&nbsp;<\/p>\n\n\n\n<p>Lihasvoimin suoritettu liikkuminen kohentaa lis\u00e4ksi fyysist\u00e4 terveytt\u00e4 ja v\u00e4hent\u00e4\u00e4 sosiaali- ja terveysmenoja. K\u00e4velyn ja py\u00f6r\u00e4ilyn lis\u00e4\u00e4misen arvioidaan parantavan liikenneturvallisuutta sek\u00e4 edist\u00e4v\u00e4n kansanterveytt\u00e4 niin paljon, ett\u00e4 toteutuessaan tavoite tuottaisi valtiolle jopa miljardien eurojen s\u00e4\u00e4st\u00f6t.&nbsp;<\/p>\n\n\n\n<p>Py\u00f6r\u00e4ily on nykyisin yh\u00e4 useamman ulottuvilla, sill\u00e4 varusteet ovat parantuneet ja esimerkiksi s\u00e4hk\u00f6py\u00f6r\u00e4ily mahdollistaa my\u00f6s pidempien matkojen taittamisen py\u00f6r\u00e4ll\u00e4. Py\u00f6r\u00e4ily ei kuitenkaan lis\u00e4\u00e4nny ilman laadukasta py\u00f6r\u00e4ilyinfrastruktuuria, joka on rakenteeltaan turvallinen, miellytt\u00e4v\u00e4, sujuva sek\u00e4 kokonaisuutena kilpailukykyinen muihin liikkumisen muotoihin n\u00e4hden. T\u00e4ll\u00e4 hetkell\u00e4 Suomen py\u00f6r\u00e4reittien laatutaso ei vastaa niihin kohdistuvia vaatimuksia py\u00f6r\u00e4ilyn lis\u00e4\u00e4misest\u00e4 kuin paikoitellen.<\/p>\n\n\n\n<p>Monet kunnat ja kaupungit ovatkin aloittaneet omien py\u00f6r\u00e4tieverkostojen kehitt\u00e4misen ja valtioneuvosto on vuonna 2018 hyv\u00e4ksynyt valtion yll\u00e4pit\u00e4m\u00e4n py\u00f6r\u00e4tieverkon parantamisen osana k\u00e4velyn ja py\u00f6r\u00e4ilyn edist\u00e4misohjelmaa. V\u00e4yl\u00e4viraston t\u00e4n\u00e4 vuonna julkaisema kartoitus py\u00f6r\u00e4teiden toiminnallisesta luokittelusta Suomessa paljastaa kuitenkin, ett\u00e4 py\u00f6r\u00e4tieverkoston suunnittelu on hyvin eritasoista eri puolilla maata.<\/p>\n\n\n\n<p>Onkin v\u00e4ltt\u00e4m\u00e4t\u00f6nt\u00e4, ett\u00e4 valtio alkaa suunnitella Suomen py\u00f6r\u00e4ilyinfrastruktuurin parantamista kokonaisuutena. Valtion ja kuntien hankkeet on toteutettava siten, ett\u00e4 saadaan aikaan yhten\u00e4inen ja laadukas valtakunnallinen py\u00f6r\u00e4baanaverkosto.&nbsp;<\/p>\n\n\n\n<p>Valtakunnallinen py\u00f6r\u00e4baanaverkosto olisi yhten\u00e4inen ja laadukas py\u00f6r\u00e4reittien verkosto, joka nitoisi Suomen py\u00f6r\u00e4reitit yhdeksi kokonaisuudeksi. Verkosto koostuisi valtion ja kuntien yll\u00e4pit\u00e4mist\u00e4 laadukkaista py\u00f6r\u00e4reiteist\u00e4, jotka palvelisivat py\u00f6r\u00e4ll\u00e4 tapahtuvaa ty\u00f6- ja asiointiliikennett\u00e4, matkailua sek\u00e4 virkistyst\u00e4 niin lyhyill\u00e4 kuin my\u00f6s pidemmill\u00e4 matkoilla esimerkiksi kaupunkien ja taajamien v\u00e4lill\u00e4. Laadukas ja kattava py\u00f6r\u00e4baanaverkosto luotaisiin olemassa olevien py\u00f6r\u00e4reittien laatua parantamalla sek\u00e4 niit\u00e4 suunnitelmallisesti laajentamalla.&nbsp;<\/p>\n\n\n\n<p>Suunnitelma py\u00f6r\u00e4baanaverkostosta antaisi kokonaiskuvan Suomen py\u00f6r\u00e4reittien nykytilasta ja kehitt\u00e4mistarpeista. V\u00e4yl\u00e4viraston kartoitus py\u00f6r\u00e4teiden toiminnallisesta luokittelusta on askel oikeaan suuntaan ja se paljastaakin, ett\u00e4 valtion py\u00f6r\u00e4tieverkossa on 500 km uusia yhteystarpeita. Niiden paikkaamiseksi on ryhdytt\u00e4v\u00e4 toimeen.<\/p>\n\n\n\n<p>Hallitus on p\u00e4\u00e4tt\u00e4nyt, ett\u00e4 koronaviruksen aiheuttaman taloudellisen kriisin elvytystoimet tehd\u00e4\u00e4n linjassa hallituksen ilmastotavoitteiden kanssa. Nyt olisikin oikea hetki aloittaa py\u00f6r\u00e4ily\u00e4 edist\u00e4v\u00e4n, liikenteen p\u00e4\u00e4st\u00f6j\u00e4 v\u00e4hent\u00e4v\u00e4n ja ty\u00f6llisyytt\u00e4 eri puolella maata luovan valtakunnallisen py\u00f6r\u00e4baanaverkoston suunnittelu ja toteutus.<\/p>\n\n\n\n<p>Edell\u00e4 olevan perusteella ja eduskunnan ty\u00f6j\u00e4rjestyksen 27 \u00a7:\u00e4\u00e4n viitaten esit\u00e4mme asianomaisen ministerin vastattavaksi seuraavan kysymyksen:<\/p>\n\n\n\n<p><em>Milloin valtakunnallisen py\u00f6r\u00e4baanaverkoston suunnittelu ja toteutus aloitetaan?<\/em><br><br>Helsingiss\u00e4 6.5.2020<\/p>\n\n\n\n<p>Jenni Pitko vihr.<br>Tiina Elo vihr.<\/p>\n","protected":false},"excerpt":{"rendered":"<p>J\u00e4timme Tiina Elon kanssa hallitukselle kirjallisen kysymyksen, jossa esit\u00e4mme valtakunnallisen py\u00f6r\u00e4baanaverkoston rakentamista Suomeen. Koronakriisin vaatima taloudellinen elvytys on teht\u00e4v\u00e4 ilmaston [&hellip;]<\/p>\n","protected":false},"author":1,"featured_media":0,"comment_status":"closed","ping_status":"closed","sticky":false,"template":"","format":"standard","meta":{"_monsterinsights_skip_tracking":false,"_monsterinsights_sitenote_active":false,"_monsterinsights_sitenote_note":"","_monsterinsights_sitenote_category":0,"site-sidebar-layout":"default","site-content-layout":"","ast-site-content-layout":"default","site-content-style":"default","site-sidebar-style":"default","ast-global-header-display":"","ast-banner-title-visibility":"","ast-main-header-display":"","ast-hfb-above-header-display":"","ast-hfb-below-header-display":"","ast-hfb-mobile-header-display":"","site-post-title":"","ast-breadcrumbs-content":"","ast-featured-img":"","footer-sml-layout":"","ast-disable-related-posts":"","theme-transparent-header-meta":"","adv-header-id-meta":"","stick-header-meta":"","header-above-stick-meta":"","header-main-stick-meta":"","header-below-stick-meta":"","astra-migrate-meta-layouts":"default","ast-page-background-enabled":"default","ast-page-background-meta":{"desktop":{"background-color":"var(--ast-global-color-5)","background-image":"","background-repeat":"repeat","background-position":"center center","background-size":"auto","background-attachment":"scroll","background-type":"","background-media":"","overlay-type":"","overlay-color":"","overlay-opacity":"","overlay-gradient":""},"tablet":{"background-color":"","background-image":"","background-repeat":"repeat","background-position":"center center","background-size":"auto","background-attachment":"scroll","background-type":"","background-media":"","overlay-type":"","overlay-color":"","overlay-opacity":"","overlay-gradient":""},"mobile":{"background-color":"","background-image":"","background-repeat":"repeat","background-position":"center center","background-size":"auto","background-attachment":"scroll","background-type":"","background-media":"","overlay-type":"","overlay-color":"","overlay-opacity":"","overlay-gradient":""}},"ast-content-background-meta":{"desktop":{"background-color":"var(--ast-global-color-4)","background-image":"","background-repeat":"repeat","background-position":"center center","background-size":"auto","background-attachment":"scroll","background-type":"","background-media":"","overlay-type":"","overlay-color":"","overlay-opacity":"","overlay-gradient":""},"tablet":{"background-color":"var(--ast-global-color-4)","background-image":"","background-repeat":"repeat","background-position":"center center","background-size":"auto","background-attachment":"scroll","background-type":"","background-media":"","overlay-type":"","overlay-color":"","overlay-opacity":"","overlay-gradient":""},"mobile":{"background-color":"var(--ast-global-color-4)","background-image":"","background-repeat":"repeat","background-position":"center center","background-size":"auto","background-attachment":"scroll","background-type":"","background-media":"","overlay-type":"","overlay-color":"","overlay-opacity":"","overlay-gradient":""}},"footnotes":""},"categories":[2,117,359],"tags":[154,380,393,394,19,22],"class_list":["post-2313","post","type-post","status-publish","format-standard","hentry","category-blogi","category-tiedotteet","category-valtiopaivatoimet","tag-ilmastonmuutos","tag-korona","tag-pyorabaana","tag-pyorabaanaverkosto","tag-pyoraily","tag-pyoratie"],"yoast_head":"<!-- This site is optimized with the Yoast SEO plugin v27.5 - https:\/\/yoast.com\/product\/yoast-seo-wordpress\/ -->\n<title>Rakennetaan Suomeen py\u00f6r\u00e4baanaverkosto - Jenni Pitko - Vihreiden varapuheenjohtaja, ymp\u00e4rist\u00f6valiokunnan puheenjohtaja, kansanedustaja ja arkkitehti Oulusta<\/title>\n<meta name=\"description\" content=\"Nyt on oikea aika panostaa laadukkaaseen py\u00f6r\u00e4baanaverkostoon! Valtakunnallinen py\u00f6r\u00e4baanaverko koostuisi kuntien ja valtion yll\u00e4pit\u00e4mist\u00e4 laadukkaista py\u00f6r\u00e4reiteist\u00e4. Verkosto palvelisi py\u00f6r\u00e4ll\u00e4 tapahtuvaa ty\u00f6- ja asiointiliikennett\u00e4, matkailua ja virkistyst\u00e4 niin lyhyill\u00e4 kuin pidemmill\u00e4kin matkoilla esimerkiksi kaupunkien ja taajamien v\u00e4lill\u00e4.\" \/>\n<meta name=\"robots\" content=\"index, follow, max-snippet:-1, max-image-preview:large, max-video-preview:-1\" \/>\n<link rel=\"canonical\" href=\"https:\/\/jennipitko.fi\/koti\/rakennetaan-suomeen-pyorabaanaverkosto\/\" \/>\n<meta property=\"og:locale\" content=\"fi_FI\" \/>\n<meta property=\"og:type\" content=\"article\" \/>\n<meta property=\"og:title\" content=\"Rakennetaan Suomeen py\u00f6r\u00e4baanaverkosto - Jenni Pitko - Vihreiden varapuheenjohtaja, ymp\u00e4rist\u00f6valiokunnan puheenjohtaja, kansanedustaja ja arkkitehti Oulusta\" \/>\n<meta property=\"og:description\" content=\"Nyt on oikea aika panostaa laadukkaaseen py\u00f6r\u00e4baanaverkostoon! Valtakunnallinen py\u00f6r\u00e4baanaverko koostuisi kuntien ja valtion yll\u00e4pit\u00e4mist\u00e4 laadukkaista py\u00f6r\u00e4reiteist\u00e4. Verkosto palvelisi py\u00f6r\u00e4ll\u00e4 tapahtuvaa ty\u00f6- ja asiointiliikennett\u00e4, matkailua ja virkistyst\u00e4 niin lyhyill\u00e4 kuin pidemmill\u00e4kin matkoilla esimerkiksi kaupunkien ja taajamien v\u00e4lill\u00e4.\" \/>\n<meta property=\"og:url\" content=\"https:\/\/jennipitko.fi\/koti\/rakennetaan-suomeen-pyorabaanaverkosto\/\" \/>\n<meta property=\"og:site_name\" content=\"Jenni Pitko - Vihreiden varapuheenjohtaja, ymp\u00e4rist\u00f6valiokunnan puheenjohtaja, kansanedustaja ja arkkitehti Oulusta\" \/>\n<meta property=\"article:published_time\" content=\"2020-05-06T10:20:54+00:00\" \/>\n<meta property=\"article:modified_time\" content=\"2020-05-06T10:31:28+00:00\" \/>\n<meta name=\"author\" content=\"Jenni\" \/>\n<meta name=\"twitter:card\" content=\"summary_large_image\" \/>\n<meta name=\"twitter:label1\" content=\"Kirjoittanut\" \/>\n\t<meta name=\"twitter:data1\" content=\"Jenni\" \/>\n\t<meta name=\"twitter:label2\" content=\"Arvioitu lukuaika\" \/>\n\t<meta name=\"twitter:data2\" content=\"3 minuuttia\" \/>\n<script type=\"application\/ld+json\" class=\"yoast-schema-graph\">{\"@context\":\"https:\\\/\\\/schema.org\",\"@graph\":[{\"@type\":\"Article\",\"@id\":\"https:\\\/\\\/jennipitko.fi\\\/koti\\\/rakennetaan-suomeen-pyorabaanaverkosto\\\/#article\",\"isPartOf\":{\"@id\":\"https:\\\/\\\/jennipitko.fi\\\/koti\\\/rakennetaan-suomeen-pyorabaanaverkosto\\\/\"},\"author\":{\"name\":\"Jenni\",\"@id\":\"https:\\\/\\\/jennipitko.fi\\\/koti\\\/#\\\/schema\\\/person\\\/35955c467f851f10124809310e7e7ee8\"},\"headline\":\"Rakennetaan Suomeen py\u00f6r\u00e4baanaverkosto\",\"datePublished\":\"2020-05-06T10:20:54+00:00\",\"dateModified\":\"2020-05-06T10:31:28+00:00\",\"mainEntityOfPage\":{\"@id\":\"https:\\\/\\\/jennipitko.fi\\\/koti\\\/rakennetaan-suomeen-pyorabaanaverkosto\\\/\"},\"wordCount\":629,\"publisher\":{\"@id\":\"https:\\\/\\\/jennipitko.fi\\\/koti\\\/#organization\"},\"keywords\":[\"ilmastonmuutos\",\"korona\",\"py\u00f6r\u00e4baana\",\"py\u00f6r\u00e4baanaverkosto\",\"py\u00f6r\u00e4ily\",\"py\u00f6r\u00e4tie\"],\"articleSection\":[\"Blogi\",\"Tiedotteet\",\"Valtiop\u00e4iv\u00e4toimet\"],\"inLanguage\":\"fi\"},{\"@type\":\"WebPage\",\"@id\":\"https:\\\/\\\/jennipitko.fi\\\/koti\\\/rakennetaan-suomeen-pyorabaanaverkosto\\\/\",\"url\":\"https:\\\/\\\/jennipitko.fi\\\/koti\\\/rakennetaan-suomeen-pyorabaanaverkosto\\\/\",\"name\":\"Rakennetaan Suomeen py\u00f6r\u00e4baanaverkosto - Jenni Pitko - Vihreiden varapuheenjohtaja, ymp\u00e4rist\u00f6valiokunnan puheenjohtaja, kansanedustaja ja arkkitehti Oulusta\",\"isPartOf\":{\"@id\":\"https:\\\/\\\/jennipitko.fi\\\/koti\\\/#website\"},\"datePublished\":\"2020-05-06T10:20:54+00:00\",\"dateModified\":\"2020-05-06T10:31:28+00:00\",\"description\":\"Nyt on oikea aika panostaa laadukkaaseen py\u00f6r\u00e4baanaverkostoon! Valtakunnallinen py\u00f6r\u00e4baanaverko koostuisi kuntien ja valtion yll\u00e4pit\u00e4mist\u00e4 laadukkaista py\u00f6r\u00e4reiteist\u00e4. Verkosto palvelisi py\u00f6r\u00e4ll\u00e4 tapahtuvaa ty\u00f6- ja asiointiliikennett\u00e4, matkailua ja virkistyst\u00e4 niin lyhyill\u00e4 kuin pidemmill\u00e4kin matkoilla esimerkiksi kaupunkien ja taajamien v\u00e4lill\u00e4.\",\"breadcrumb\":{\"@id\":\"https:\\\/\\\/jennipitko.fi\\\/koti\\\/rakennetaan-suomeen-pyorabaanaverkosto\\\/#breadcrumb\"},\"inLanguage\":\"fi\",\"potentialAction\":[{\"@type\":\"ReadAction\",\"target\":[\"https:\\\/\\\/jennipitko.fi\\\/koti\\\/rakennetaan-suomeen-pyorabaanaverkosto\\\/\"]}]},{\"@type\":\"BreadcrumbList\",\"@id\":\"https:\\\/\\\/jennipitko.fi\\\/koti\\\/rakennetaan-suomeen-pyorabaanaverkosto\\\/#breadcrumb\",\"itemListElement\":[{\"@type\":\"ListItem\",\"position\":1,\"name\":\"Home\",\"item\":\"https:\\\/\\\/jennipitko.fi\\\/koti\\\/\"},{\"@type\":\"ListItem\",\"position\":2,\"name\":\"Rakennetaan Suomeen py\u00f6r\u00e4baanaverkosto\"}]},{\"@type\":\"WebSite\",\"@id\":\"https:\\\/\\\/jennipitko.fi\\\/koti\\\/#website\",\"url\":\"https:\\\/\\\/jennipitko.fi\\\/koti\\\/\",\"name\":\"Jenni Pitko - Vihreiden varapuheenjohtaja, ymp\u00e4rist\u00f6valiokunnan puheenjohtaja, kansanedustaja ja arkkitehti Oulusta\",\"description\":\"Jenni Pitko - Vihreiden varapuheenjohtaja, ymp\u00e4rist\u00f6valiokunnan puheenjohtaja, kansanedustaja ja arkkitehti Oulusta\",\"publisher\":{\"@id\":\"https:\\\/\\\/jennipitko.fi\\\/koti\\\/#organization\"},\"potentialAction\":[{\"@type\":\"SearchAction\",\"target\":{\"@type\":\"EntryPoint\",\"urlTemplate\":\"https:\\\/\\\/jennipitko.fi\\\/koti\\\/?s={search_term_string}\"},\"query-input\":{\"@type\":\"PropertyValueSpecification\",\"valueRequired\":true,\"valueName\":\"search_term_string\"}}],\"inLanguage\":\"fi\"},{\"@type\":\"Organization\",\"@id\":\"https:\\\/\\\/jennipitko.fi\\\/koti\\\/#organization\",\"name\":\"Jenni Pitko - Vihreiden varapuheenjohtaja, ymp\u00e4rist\u00f6valiokunnan puheenjohtaja, kansanedustaja ja arkkitehti Oulusta\",\"url\":\"https:\\\/\\\/jennipitko.fi\\\/koti\\\/\",\"logo\":{\"@type\":\"ImageObject\",\"inLanguage\":\"fi\",\"@id\":\"https:\\\/\\\/jennipitko.fi\\\/koti\\\/#\\\/schema\\\/logo\\\/image\\\/\",\"url\":\"https:\\\/\\\/jennipitko.fi\\\/koti\\\/wp-content\\\/uploads\\\/2025\\\/09\\\/Nimeton-malli-38.png\",\"contentUrl\":\"https:\\\/\\\/jennipitko.fi\\\/koti\\\/wp-content\\\/uploads\\\/2025\\\/09\\\/Nimeton-malli-38.png\",\"width\":1280,\"height\":847,\"caption\":\"Jenni Pitko - Vihreiden varapuheenjohtaja, ymp\u00e4rist\u00f6valiokunnan puheenjohtaja, kansanedustaja ja arkkitehti Oulusta\"},\"image\":{\"@id\":\"https:\\\/\\\/jennipitko.fi\\\/koti\\\/#\\\/schema\\\/logo\\\/image\\\/\"}},{\"@type\":\"Person\",\"@id\":\"https:\\\/\\\/jennipitko.fi\\\/koti\\\/#\\\/schema\\\/person\\\/35955c467f851f10124809310e7e7ee8\",\"name\":\"Jenni\",\"image\":{\"@type\":\"ImageObject\",\"inLanguage\":\"fi\",\"@id\":\"https:\\\/\\\/secure.gravatar.com\\\/avatar\\\/625a0e6413b293da7739d42617828d564a4d6028aec3f45d8939a2ba1617199f?s=96&d=blank&r=g\",\"url\":\"https:\\\/\\\/secure.gravatar.com\\\/avatar\\\/625a0e6413b293da7739d42617828d564a4d6028aec3f45d8939a2ba1617199f?s=96&d=blank&r=g\",\"contentUrl\":\"https:\\\/\\\/secure.gravatar.com\\\/avatar\\\/625a0e6413b293da7739d42617828d564a4d6028aec3f45d8939a2ba1617199f?s=96&d=blank&r=g\",\"caption\":\"Jenni\"},\"url\":\"https:\\\/\\\/jennipitko.fi\\\/koti\\\/author\\\/jenni\\\/\"}]}<\/script>\n<!-- \/ Yoast SEO plugin. -->","yoast_head_json":{"title":"Rakennetaan Suomeen py\u00f6r\u00e4baanaverkosto - Jenni Pitko - Vihreiden varapuheenjohtaja, ymp\u00e4rist\u00f6valiokunnan puheenjohtaja, kansanedustaja ja arkkitehti Oulusta","description":"Nyt on oikea aika panostaa laadukkaaseen py\u00f6r\u00e4baanaverkostoon! Valtakunnallinen py\u00f6r\u00e4baanaverko koostuisi kuntien ja valtion yll\u00e4pit\u00e4mist\u00e4 laadukkaista py\u00f6r\u00e4reiteist\u00e4. Verkosto palvelisi py\u00f6r\u00e4ll\u00e4 tapahtuvaa ty\u00f6- ja asiointiliikennett\u00e4, matkailua ja virkistyst\u00e4 niin lyhyill\u00e4 kuin pidemmill\u00e4kin matkoilla esimerkiksi kaupunkien ja taajamien v\u00e4lill\u00e4.","robots":{"index":"index","follow":"follow","max-snippet":"max-snippet:-1","max-image-preview":"max-image-preview:large","max-video-preview":"max-video-preview:-1"},"canonical":"https:\/\/jennipitko.fi\/koti\/rakennetaan-suomeen-pyorabaanaverkosto\/","og_locale":"fi_FI","og_type":"article","og_title":"Rakennetaan Suomeen py\u00f6r\u00e4baanaverkosto - Jenni Pitko - Vihreiden varapuheenjohtaja, ymp\u00e4rist\u00f6valiokunnan puheenjohtaja, kansanedustaja ja arkkitehti Oulusta","og_description":"Nyt on oikea aika panostaa laadukkaaseen py\u00f6r\u00e4baanaverkostoon! Valtakunnallinen py\u00f6r\u00e4baanaverko koostuisi kuntien ja valtion yll\u00e4pit\u00e4mist\u00e4 laadukkaista py\u00f6r\u00e4reiteist\u00e4. Verkosto palvelisi py\u00f6r\u00e4ll\u00e4 tapahtuvaa ty\u00f6- ja asiointiliikennett\u00e4, matkailua ja virkistyst\u00e4 niin lyhyill\u00e4 kuin pidemmill\u00e4kin matkoilla esimerkiksi kaupunkien ja taajamien v\u00e4lill\u00e4.","og_url":"https:\/\/jennipitko.fi\/koti\/rakennetaan-suomeen-pyorabaanaverkosto\/","og_site_name":"Jenni Pitko - Vihreiden varapuheenjohtaja, ymp\u00e4rist\u00f6valiokunnan puheenjohtaja, kansanedustaja ja arkkitehti Oulusta","article_published_time":"2020-05-06T10:20:54+00:00","article_modified_time":"2020-05-06T10:31:28+00:00","author":"Jenni","twitter_card":"summary_large_image","twitter_misc":{"Kirjoittanut":"Jenni","Arvioitu lukuaika":"3 minuuttia"},"schema":{"@context":"https:\/\/schema.org","@graph":[{"@type":"Article","@id":"https:\/\/jennipitko.fi\/koti\/rakennetaan-suomeen-pyorabaanaverkosto\/#article","isPartOf":{"@id":"https:\/\/jennipitko.fi\/koti\/rakennetaan-suomeen-pyorabaanaverkosto\/"},"author":{"name":"Jenni","@id":"https:\/\/jennipitko.fi\/koti\/#\/schema\/person\/35955c467f851f10124809310e7e7ee8"},"headline":"Rakennetaan Suomeen py\u00f6r\u00e4baanaverkosto","datePublished":"2020-05-06T10:20:54+00:00","dateModified":"2020-05-06T10:31:28+00:00","mainEntityOfPage":{"@id":"https:\/\/jennipitko.fi\/koti\/rakennetaan-suomeen-pyorabaanaverkosto\/"},"wordCount":629,"publisher":{"@id":"https:\/\/jennipitko.fi\/koti\/#organization"},"keywords":["ilmastonmuutos","korona","py\u00f6r\u00e4baana","py\u00f6r\u00e4baanaverkosto","py\u00f6r\u00e4ily","py\u00f6r\u00e4tie"],"articleSection":["Blogi","Tiedotteet","Valtiop\u00e4iv\u00e4toimet"],"inLanguage":"fi"},{"@type":"WebPage","@id":"https:\/\/jennipitko.fi\/koti\/rakennetaan-suomeen-pyorabaanaverkosto\/","url":"https:\/\/jennipitko.fi\/koti\/rakennetaan-suomeen-pyorabaanaverkosto\/","name":"Rakennetaan Suomeen py\u00f6r\u00e4baanaverkosto - Jenni Pitko - Vihreiden varapuheenjohtaja, ymp\u00e4rist\u00f6valiokunnan puheenjohtaja, kansanedustaja ja arkkitehti Oulusta","isPartOf":{"@id":"https:\/\/jennipitko.fi\/koti\/#website"},"datePublished":"2020-05-06T10:20:54+00:00","dateModified":"2020-05-06T10:31:28+00:00","description":"Nyt on oikea aika panostaa laadukkaaseen py\u00f6r\u00e4baanaverkostoon! Valtakunnallinen py\u00f6r\u00e4baanaverko koostuisi kuntien ja valtion yll\u00e4pit\u00e4mist\u00e4 laadukkaista py\u00f6r\u00e4reiteist\u00e4. Verkosto palvelisi py\u00f6r\u00e4ll\u00e4 tapahtuvaa ty\u00f6- ja asiointiliikennett\u00e4, matkailua ja virkistyst\u00e4 niin lyhyill\u00e4 kuin pidemmill\u00e4kin matkoilla esimerkiksi kaupunkien ja taajamien v\u00e4lill\u00e4.","breadcrumb":{"@id":"https:\/\/jennipitko.fi\/koti\/rakennetaan-suomeen-pyorabaanaverkosto\/#breadcrumb"},"inLanguage":"fi","potentialAction":[{"@type":"ReadAction","target":["https:\/\/jennipitko.fi\/koti\/rakennetaan-suomeen-pyorabaanaverkosto\/"]}]},{"@type":"BreadcrumbList","@id":"https:\/\/jennipitko.fi\/koti\/rakennetaan-suomeen-pyorabaanaverkosto\/#breadcrumb","itemListElement":[{"@type":"ListItem","position":1,"name":"Home","item":"https:\/\/jennipitko.fi\/koti\/"},{"@type":"ListItem","position":2,"name":"Rakennetaan Suomeen py\u00f6r\u00e4baanaverkosto"}]},{"@type":"WebSite","@id":"https:\/\/jennipitko.fi\/koti\/#website","url":"https:\/\/jennipitko.fi\/koti\/","name":"Jenni Pitko - Vihreiden varapuheenjohtaja, ymp\u00e4rist\u00f6valiokunnan puheenjohtaja, kansanedustaja ja arkkitehti Oulusta","description":"Jenni Pitko - Vihreiden varapuheenjohtaja, ymp\u00e4rist\u00f6valiokunnan puheenjohtaja, kansanedustaja ja arkkitehti Oulusta","publisher":{"@id":"https:\/\/jennipitko.fi\/koti\/#organization"},"potentialAction":[{"@type":"SearchAction","target":{"@type":"EntryPoint","urlTemplate":"https:\/\/jennipitko.fi\/koti\/?s={search_term_string}"},"query-input":{"@type":"PropertyValueSpecification","valueRequired":true,"valueName":"search_term_string"}}],"inLanguage":"fi"},{"@type":"Organization","@id":"https:\/\/jennipitko.fi\/koti\/#organization","name":"Jenni Pitko - Vihreiden varapuheenjohtaja, ymp\u00e4rist\u00f6valiokunnan puheenjohtaja, kansanedustaja ja arkkitehti Oulusta","url":"https:\/\/jennipitko.fi\/koti\/","logo":{"@type":"ImageObject","inLanguage":"fi","@id":"https:\/\/jennipitko.fi\/koti\/#\/schema\/logo\/image\/","url":"https:\/\/jennipitko.fi\/koti\/wp-content\/uploads\/2025\/09\/Nimeton-malli-38.png","contentUrl":"https:\/\/jennipitko.fi\/koti\/wp-content\/uploads\/2025\/09\/Nimeton-malli-38.png","width":1280,"height":847,"caption":"Jenni Pitko - Vihreiden varapuheenjohtaja, ymp\u00e4rist\u00f6valiokunnan puheenjohtaja, kansanedustaja ja arkkitehti Oulusta"},"image":{"@id":"https:\/\/jennipitko.fi\/koti\/#\/schema\/logo\/image\/"}},{"@type":"Person","@id":"https:\/\/jennipitko.fi\/koti\/#\/schema\/person\/35955c467f851f10124809310e7e7ee8","name":"Jenni","image":{"@type":"ImageObject","inLanguage":"fi","@id":"https:\/\/secure.gravatar.com\/avatar\/625a0e6413b293da7739d42617828d564a4d6028aec3f45d8939a2ba1617199f?s=96&d=blank&r=g","url":"https:\/\/secure.gravatar.com\/avatar\/625a0e6413b293da7739d42617828d564a4d6028aec3f45d8939a2ba1617199f?s=96&d=blank&r=g","contentUrl":"https:\/\/secure.gravatar.com\/avatar\/625a0e6413b293da7739d42617828d564a4d6028aec3f45d8939a2ba1617199f?s=96&d=blank&r=g","caption":"Jenni"},"url":"https:\/\/jennipitko.fi\/koti\/author\/jenni\/"}]}},"_links":{"self":[{"href":"https:\/\/jennipitko.fi\/koti\/wp-json\/wp\/v2\/posts\/2313","targetHints":{"allow":["GET"]}}],"collection":[{"href":"https:\/\/jennipitko.fi\/koti\/wp-json\/wp\/v2\/posts"}],"about":[{"href":"https:\/\/jennipitko.fi\/koti\/wp-json\/wp\/v2\/types\/post"}],"author":[{"embeddable":true,"href":"https:\/\/jennipitko.fi\/koti\/wp-json\/wp\/v2\/users\/1"}],"replies":[{"embeddable":true,"href":"https:\/\/jennipitko.fi\/koti\/wp-json\/wp\/v2\/comments?post=2313"}],"version-history":[{"count":1,"href":"https:\/\/jennipitko.fi\/koti\/wp-json\/wp\/v2\/posts\/2313\/revisions"}],"predecessor-version":[{"id":2314,"href":"https:\/\/jennipitko.fi\/koti\/wp-json\/wp\/v2\/posts\/2313\/revisions\/2314"}],"wp:attachment":[{"href":"https:\/\/jennipitko.fi\/koti\/wp-json\/wp\/v2\/media?parent=2313"}],"wp:term":[{"taxonomy":"category","embeddable":true,"href":"https:\/\/jennipitko.fi\/koti\/wp-json\/wp\/v2\/categories?post=2313"},{"taxonomy":"post_tag","embeddable":true,"href":"https:\/\/jennipitko.fi\/koti\/wp-json\/wp\/v2\/tags?post=2313"}],"curies":[{"name":"wp","href":"https:\/\/api.w.org\/{rel}","templated":true}]}}