{"id":2319,"date":"2020-05-19T14:59:47","date_gmt":"2020-05-19T12:59:47","guid":{"rendered":"http:\/\/jennipitko.fi\/koti\/?p=2319"},"modified":"2020-05-19T15:13:28","modified_gmt":"2020-05-19T13:13:28","slug":"soidensuojelu-etenee-vihdoin","status":"publish","type":"post","link":"https:\/\/jennipitko.fi\/koti\/soidensuojelu-etenee-vihdoin\/","title":{"rendered":"Soidensuojelu etenee vihdoin!"},"content":{"rendered":"\n<p>Suo on kenties maailman suomalaisin maisema. Jopa kolmannes maamme pinta-alasta on suota. Ovatpa jotkut jopa esitt\u00e4neet, ett\u00e4 Suomi on saanut nimens\u00e4kin t\u00e4m\u00e4n ainutlaatuisen ekosysteemin mukaan.<\/p>\n\n\n\n<p>Suolla k\u00e4velless\u00e4 jalkojen alla hyllyy metrien paksuinen sammal- ja turvematto, nen\u00e4ss\u00e4 tuoksuu voimakkaasti suopursu ja ymp\u00e4rill\u00e4 aukeaa avara maisema. Suot ovat koti lukemattomalle m\u00e4\u00e4r\u00e4lle eli\u00f6lajeja. Monelle tuttuja ovat kev\u00e4isen konsertin kajauttavat kurjet ja laulujoutsenet sek\u00e4 herkulliset hillat ja karpalot. Kun kumartuu ja katsoo tarkemmin, huomaa, ett\u00e4 suo on koti my\u00f6s lukemattomalle m\u00e4\u00e4r\u00e4lle pieni\u00e4 sammalia, sieni\u00e4 ja hy\u00f6nteisi\u00e4.<\/p>\n\n\n\n<p>Suoluontomme on kuitenkin uhattuna. Alkuper\u00e4isest\u00e4 suopinta-alasta jopa puolet on kuivatettu ojittamalla. Soita on muutettu talousmetsiksi, raivattu pelloiksi ja tuhottu turvetuotannolla. Puolet Suomen suoluontotyypeist\u00e4 ja noin 250 suolla el\u00e4v\u00e4\u00e4 lajia on uhanalaisia.<\/p>\n\n\n\n<p>Nykyinen hallitus on ottanut tilanteen vakavasti ja soidensuojelu etenee vihdoin. Kokonaisuudessaan hallitus on nostanut luonnonsuojelun vuosittaista rahoitusta historiallisen paljon, 100 miljoonaa euroa. Siit\u00e4 iso osa k\u00e4ytet\u00e4\u00e4n luonnontilaisten soiden suojeluun sek\u00e4 tuhottujen soiden ennallistamiseen.<\/p>\n\n\n\n<p>Hallituksen uuden Helmi-elinymp\u00e4rist\u00f6ohjelman tavoitteena on suojella 20 000 hehtaaria soita vuoden 2023 loppuun menness\u00e4. Ensimm\u00e4isen puolen vuoden aikana suojelun piiriin on lis\u00e4tty jo yli 1000 hehtaaria soita.<\/p>\n\n\n\n<p>Iloisia suojelu-uutisia kuuluukin nyt eri puolilta maata. Viimeksi huhtikuussa valtio osti liki 400 hehtaaria arvokasta suota suojeluun Oulun it\u00e4puolella Pudasj\u00e4rven Sarvisuolta. Alueen luonto on poikkeuksellisen kaunista ja siell\u00e4 on lukuisia harvinaisia suoluontotyyppej\u00e4. Suojelup\u00e4\u00e4t\u00f6s tuo turvan isolle joukolle eli\u00f6lajeja!<\/p>\n\n\n\n<p>Arvokkaita soita suojellaan my\u00f6s esimerkiksi kansallispuistoissa. Hallitusohjelmassa onkin sovittu kansallispuistoverkon laajentamisesta. Yksi esimerkki oli Rokuan kansallispuiston laajeneminen pari viikkoa sitten, kun puistoon liitettiin yli 80 hehtaaria luonnontilaisia soita ja vanhoja metsi\u00e4.<\/p>\n\n\n\n<p>Soiden suojelun lis\u00e4ksi on t\u00e4rke\u00e4\u00e4 ennallistaa jo tuhottuja soita. Se tarkoittaa esimerkiksi suota kuivattavien ojien t\u00e4ytt\u00e4mist\u00e4, jotta kosteus lis\u00e4\u00e4ntyy ja suokasvillisuus p\u00e4\u00e4see palautumaan. Helmi-ohjelman tavoitteena on ennallistaa vuoden 2023 loppuun menness\u00e4 12 000 hehtaaria suota.<\/p>\n\n\n\n<p>Hallituksen toimenpiteiden yhteisvaikutus suoluonnon tilan parantamiseksi on merkitt\u00e4v\u00e4. Kokonaistavoitteena hallituksella onkin pys\u00e4ytt\u00e4\u00e4 luonnon monimuotoisuuden hupeneminen kokonaan. Tutkijoiden mukaan toimenpiteet ovat oikean suuntaisia ja Suomella on nyt realistinen mahdollisuus parantaa luonnon monimuotoisuuden tilaa.<\/p>\n\n\n\n<p>Teksti on julkaistu alunperin Vihreiden blogissa 19.5.2020.<\/p>\n","protected":false},"excerpt":{"rendered":"<p>Suo on kenties maailman suomalaisin maisema. Jopa kolmannes maamme pinta-alasta on suota. Ovatpa jotkut jopa esitt\u00e4neet, ett\u00e4 Suomi on saanut [&hellip;]<\/p>\n","protected":false},"author":1,"featured_media":0,"comment_status":"closed","ping_status":"closed","sticky":false,"template":"","format":"standard","meta":{"_monsterinsights_skip_tracking":false,"_monsterinsights_sitenote_active":false,"_monsterinsights_sitenote_note":"","_monsterinsights_sitenote_category":0,"site-sidebar-layout":"default","site-content-layout":"","ast-site-content-layout":"default","site-content-style":"default","site-sidebar-style":"default","ast-global-header-display":"","ast-banner-title-visibility":"","ast-main-header-display":"","ast-hfb-above-header-display":"","ast-hfb-below-header-display":"","ast-hfb-mobile-header-display":"","site-post-title":"","ast-breadcrumbs-content":"","ast-featured-img":"","footer-sml-layout":"","ast-disable-related-posts":"","theme-transparent-header-meta":"","adv-header-id-meta":"","stick-header-meta":"","header-above-stick-meta":"","header-main-stick-meta":"","header-below-stick-meta":"","astra-migrate-meta-layouts":"default","ast-page-background-enabled":"default","ast-page-background-meta":{"desktop":{"background-color":"var(--ast-global-color-5)","background-image":"","background-repeat":"repeat","background-position":"center center","background-size":"auto","background-attachment":"scroll","background-type":"","background-media":"","overlay-type":"","overlay-color":"","overlay-opacity":"","overlay-gradient":""},"tablet":{"background-color":"","background-image":"","background-repeat":"repeat","background-position":"center center","background-size":"auto","background-attachment":"scroll","background-type":"","background-media":"","overlay-type":"","overlay-color":"","overlay-opacity":"","overlay-gradient":""},"mobile":{"background-color":"","background-image":"","background-repeat":"repeat","background-position":"center center","background-size":"auto","background-attachment":"scroll","background-type":"","background-media":"","overlay-type":"","overlay-color":"","overlay-opacity":"","overlay-gradient":""}},"ast-content-background-meta":{"desktop":{"background-color":"var(--ast-global-color-4)","background-image":"","background-repeat":"repeat","background-position":"center center","background-size":"auto","background-attachment":"scroll","background-type":"","background-media":"","overlay-type":"","overlay-color":"","overlay-opacity":"","overlay-gradient":""},"tablet":{"background-color":"var(--ast-global-color-4)","background-image":"","background-repeat":"repeat","background-position":"center center","background-size":"auto","background-attachment":"scroll","background-type":"","background-media":"","overlay-type":"","overlay-color":"","overlay-opacity":"","overlay-gradient":""},"mobile":{"background-color":"var(--ast-global-color-4)","background-image":"","background-repeat":"repeat","background-position":"center center","background-size":"auto","background-attachment":"scroll","background-type":"","background-media":"","overlay-type":"","overlay-color":"","overlay-opacity":"","overlay-gradient":""}},"footnotes":""},"categories":[2],"tags":[298,395,367],"class_list":["post-2319","post","type-post","status-publish","format-standard","hentry","category-blogi","tag-luonnonsuojelu","tag-soidensuojelu","tag-suo"],"yoast_head":"<!-- This site is optimized with the Yoast SEO plugin v27.5 - https:\/\/yoast.com\/product\/yoast-seo-wordpress\/ -->\n<title>Soidensuojelu etenee vihdoin! - Jenni Pitko - Vihreiden varapuheenjohtaja, ymp\u00e4rist\u00f6valiokunnan puheenjohtaja, kansanedustaja ja arkkitehti Oulusta<\/title>\n<meta name=\"robots\" content=\"index, follow, max-snippet:-1, max-image-preview:large, max-video-preview:-1\" \/>\n<link rel=\"canonical\" href=\"https:\/\/jennipitko.fi\/koti\/soidensuojelu-etenee-vihdoin\/\" \/>\n<meta property=\"og:locale\" content=\"fi_FI\" \/>\n<meta property=\"og:type\" content=\"article\" \/>\n<meta property=\"og:title\" content=\"Soidensuojelu etenee vihdoin! - Jenni Pitko - Vihreiden varapuheenjohtaja, ymp\u00e4rist\u00f6valiokunnan puheenjohtaja, kansanedustaja ja arkkitehti Oulusta\" \/>\n<meta property=\"og:description\" content=\"Suo on kenties maailman suomalaisin maisema. Jopa kolmannes maamme pinta-alasta on suota. Ovatpa jotkut jopa esitt\u00e4neet, ett\u00e4 Suomi on saanut [&hellip;]\" \/>\n<meta property=\"og:url\" content=\"https:\/\/jennipitko.fi\/koti\/soidensuojelu-etenee-vihdoin\/\" \/>\n<meta property=\"og:site_name\" content=\"Jenni Pitko - Vihreiden varapuheenjohtaja, ymp\u00e4rist\u00f6valiokunnan puheenjohtaja, kansanedustaja ja arkkitehti Oulusta\" \/>\n<meta property=\"article:published_time\" content=\"2020-05-19T12:59:47+00:00\" \/>\n<meta property=\"article:modified_time\" content=\"2020-05-19T13:13:28+00:00\" \/>\n<meta name=\"author\" content=\"Jenni\" \/>\n<meta name=\"twitter:card\" content=\"summary_large_image\" \/>\n<meta name=\"twitter:label1\" content=\"Kirjoittanut\" \/>\n\t<meta name=\"twitter:data1\" content=\"Jenni\" \/>\n\t<meta name=\"twitter:label2\" content=\"Arvioitu lukuaika\" \/>\n\t<meta name=\"twitter:data2\" content=\"2 minuuttia\" \/>\n<script type=\"application\/ld+json\" class=\"yoast-schema-graph\">{\"@context\":\"https:\\\/\\\/schema.org\",\"@graph\":[{\"@type\":\"Article\",\"@id\":\"https:\\\/\\\/jennipitko.fi\\\/koti\\\/soidensuojelu-etenee-vihdoin\\\/#article\",\"isPartOf\":{\"@id\":\"https:\\\/\\\/jennipitko.fi\\\/koti\\\/soidensuojelu-etenee-vihdoin\\\/\"},\"author\":{\"name\":\"Jenni\",\"@id\":\"https:\\\/\\\/jennipitko.fi\\\/koti\\\/#\\\/schema\\\/person\\\/35955c467f851f10124809310e7e7ee8\"},\"headline\":\"Soidensuojelu etenee vihdoin!\",\"datePublished\":\"2020-05-19T12:59:47+00:00\",\"dateModified\":\"2020-05-19T13:13:28+00:00\",\"mainEntityOfPage\":{\"@id\":\"https:\\\/\\\/jennipitko.fi\\\/koti\\\/soidensuojelu-etenee-vihdoin\\\/\"},\"wordCount\":344,\"publisher\":{\"@id\":\"https:\\\/\\\/jennipitko.fi\\\/koti\\\/#organization\"},\"keywords\":[\"luonnonsuojelu\",\"soidensuojelu\",\"suo\"],\"articleSection\":[\"Blogi\"],\"inLanguage\":\"fi\"},{\"@type\":\"WebPage\",\"@id\":\"https:\\\/\\\/jennipitko.fi\\\/koti\\\/soidensuojelu-etenee-vihdoin\\\/\",\"url\":\"https:\\\/\\\/jennipitko.fi\\\/koti\\\/soidensuojelu-etenee-vihdoin\\\/\",\"name\":\"Soidensuojelu etenee vihdoin! - Jenni Pitko - Vihreiden varapuheenjohtaja, ymp\u00e4rist\u00f6valiokunnan puheenjohtaja, kansanedustaja ja arkkitehti Oulusta\",\"isPartOf\":{\"@id\":\"https:\\\/\\\/jennipitko.fi\\\/koti\\\/#website\"},\"datePublished\":\"2020-05-19T12:59:47+00:00\",\"dateModified\":\"2020-05-19T13:13:28+00:00\",\"breadcrumb\":{\"@id\":\"https:\\\/\\\/jennipitko.fi\\\/koti\\\/soidensuojelu-etenee-vihdoin\\\/#breadcrumb\"},\"inLanguage\":\"fi\",\"potentialAction\":[{\"@type\":\"ReadAction\",\"target\":[\"https:\\\/\\\/jennipitko.fi\\\/koti\\\/soidensuojelu-etenee-vihdoin\\\/\"]}]},{\"@type\":\"BreadcrumbList\",\"@id\":\"https:\\\/\\\/jennipitko.fi\\\/koti\\\/soidensuojelu-etenee-vihdoin\\\/#breadcrumb\",\"itemListElement\":[{\"@type\":\"ListItem\",\"position\":1,\"name\":\"Home\",\"item\":\"https:\\\/\\\/jennipitko.fi\\\/koti\\\/\"},{\"@type\":\"ListItem\",\"position\":2,\"name\":\"Soidensuojelu etenee vihdoin!\"}]},{\"@type\":\"WebSite\",\"@id\":\"https:\\\/\\\/jennipitko.fi\\\/koti\\\/#website\",\"url\":\"https:\\\/\\\/jennipitko.fi\\\/koti\\\/\",\"name\":\"Jenni Pitko - Vihreiden varapuheenjohtaja, ymp\u00e4rist\u00f6valiokunnan puheenjohtaja, kansanedustaja ja arkkitehti Oulusta\",\"description\":\"Jenni Pitko - Vihreiden varapuheenjohtaja, ymp\u00e4rist\u00f6valiokunnan puheenjohtaja, kansanedustaja ja arkkitehti Oulusta\",\"publisher\":{\"@id\":\"https:\\\/\\\/jennipitko.fi\\\/koti\\\/#organization\"},\"potentialAction\":[{\"@type\":\"SearchAction\",\"target\":{\"@type\":\"EntryPoint\",\"urlTemplate\":\"https:\\\/\\\/jennipitko.fi\\\/koti\\\/?s={search_term_string}\"},\"query-input\":{\"@type\":\"PropertyValueSpecification\",\"valueRequired\":true,\"valueName\":\"search_term_string\"}}],\"inLanguage\":\"fi\"},{\"@type\":\"Organization\",\"@id\":\"https:\\\/\\\/jennipitko.fi\\\/koti\\\/#organization\",\"name\":\"Jenni Pitko - Vihreiden varapuheenjohtaja, ymp\u00e4rist\u00f6valiokunnan puheenjohtaja, kansanedustaja ja arkkitehti Oulusta\",\"url\":\"https:\\\/\\\/jennipitko.fi\\\/koti\\\/\",\"logo\":{\"@type\":\"ImageObject\",\"inLanguage\":\"fi\",\"@id\":\"https:\\\/\\\/jennipitko.fi\\\/koti\\\/#\\\/schema\\\/logo\\\/image\\\/\",\"url\":\"https:\\\/\\\/jennipitko.fi\\\/koti\\\/wp-content\\\/uploads\\\/2025\\\/09\\\/Nimeton-malli-38.png\",\"contentUrl\":\"https:\\\/\\\/jennipitko.fi\\\/koti\\\/wp-content\\\/uploads\\\/2025\\\/09\\\/Nimeton-malli-38.png\",\"width\":1280,\"height\":847,\"caption\":\"Jenni Pitko - Vihreiden varapuheenjohtaja, ymp\u00e4rist\u00f6valiokunnan puheenjohtaja, kansanedustaja ja arkkitehti Oulusta\"},\"image\":{\"@id\":\"https:\\\/\\\/jennipitko.fi\\\/koti\\\/#\\\/schema\\\/logo\\\/image\\\/\"}},{\"@type\":\"Person\",\"@id\":\"https:\\\/\\\/jennipitko.fi\\\/koti\\\/#\\\/schema\\\/person\\\/35955c467f851f10124809310e7e7ee8\",\"name\":\"Jenni\",\"image\":{\"@type\":\"ImageObject\",\"inLanguage\":\"fi\",\"@id\":\"https:\\\/\\\/secure.gravatar.com\\\/avatar\\\/625a0e6413b293da7739d42617828d564a4d6028aec3f45d8939a2ba1617199f?s=96&d=blank&r=g\",\"url\":\"https:\\\/\\\/secure.gravatar.com\\\/avatar\\\/625a0e6413b293da7739d42617828d564a4d6028aec3f45d8939a2ba1617199f?s=96&d=blank&r=g\",\"contentUrl\":\"https:\\\/\\\/secure.gravatar.com\\\/avatar\\\/625a0e6413b293da7739d42617828d564a4d6028aec3f45d8939a2ba1617199f?s=96&d=blank&r=g\",\"caption\":\"Jenni\"},\"url\":\"https:\\\/\\\/jennipitko.fi\\\/koti\\\/author\\\/jenni\\\/\"}]}<\/script>\n<!-- \/ Yoast SEO plugin. -->","yoast_head_json":{"title":"Soidensuojelu etenee vihdoin! - Jenni Pitko - Vihreiden varapuheenjohtaja, ymp\u00e4rist\u00f6valiokunnan puheenjohtaja, kansanedustaja ja arkkitehti Oulusta","robots":{"index":"index","follow":"follow","max-snippet":"max-snippet:-1","max-image-preview":"max-image-preview:large","max-video-preview":"max-video-preview:-1"},"canonical":"https:\/\/jennipitko.fi\/koti\/soidensuojelu-etenee-vihdoin\/","og_locale":"fi_FI","og_type":"article","og_title":"Soidensuojelu etenee vihdoin! - Jenni Pitko - Vihreiden varapuheenjohtaja, ymp\u00e4rist\u00f6valiokunnan puheenjohtaja, kansanedustaja ja arkkitehti Oulusta","og_description":"Suo on kenties maailman suomalaisin maisema. Jopa kolmannes maamme pinta-alasta on suota. Ovatpa jotkut jopa esitt\u00e4neet, ett\u00e4 Suomi on saanut [&hellip;]","og_url":"https:\/\/jennipitko.fi\/koti\/soidensuojelu-etenee-vihdoin\/","og_site_name":"Jenni Pitko - Vihreiden varapuheenjohtaja, ymp\u00e4rist\u00f6valiokunnan puheenjohtaja, kansanedustaja ja arkkitehti Oulusta","article_published_time":"2020-05-19T12:59:47+00:00","article_modified_time":"2020-05-19T13:13:28+00:00","author":"Jenni","twitter_card":"summary_large_image","twitter_misc":{"Kirjoittanut":"Jenni","Arvioitu lukuaika":"2 minuuttia"},"schema":{"@context":"https:\/\/schema.org","@graph":[{"@type":"Article","@id":"https:\/\/jennipitko.fi\/koti\/soidensuojelu-etenee-vihdoin\/#article","isPartOf":{"@id":"https:\/\/jennipitko.fi\/koti\/soidensuojelu-etenee-vihdoin\/"},"author":{"name":"Jenni","@id":"https:\/\/jennipitko.fi\/koti\/#\/schema\/person\/35955c467f851f10124809310e7e7ee8"},"headline":"Soidensuojelu etenee vihdoin!","datePublished":"2020-05-19T12:59:47+00:00","dateModified":"2020-05-19T13:13:28+00:00","mainEntityOfPage":{"@id":"https:\/\/jennipitko.fi\/koti\/soidensuojelu-etenee-vihdoin\/"},"wordCount":344,"publisher":{"@id":"https:\/\/jennipitko.fi\/koti\/#organization"},"keywords":["luonnonsuojelu","soidensuojelu","suo"],"articleSection":["Blogi"],"inLanguage":"fi"},{"@type":"WebPage","@id":"https:\/\/jennipitko.fi\/koti\/soidensuojelu-etenee-vihdoin\/","url":"https:\/\/jennipitko.fi\/koti\/soidensuojelu-etenee-vihdoin\/","name":"Soidensuojelu etenee vihdoin! - Jenni Pitko - Vihreiden varapuheenjohtaja, ymp\u00e4rist\u00f6valiokunnan puheenjohtaja, kansanedustaja ja arkkitehti Oulusta","isPartOf":{"@id":"https:\/\/jennipitko.fi\/koti\/#website"},"datePublished":"2020-05-19T12:59:47+00:00","dateModified":"2020-05-19T13:13:28+00:00","breadcrumb":{"@id":"https:\/\/jennipitko.fi\/koti\/soidensuojelu-etenee-vihdoin\/#breadcrumb"},"inLanguage":"fi","potentialAction":[{"@type":"ReadAction","target":["https:\/\/jennipitko.fi\/koti\/soidensuojelu-etenee-vihdoin\/"]}]},{"@type":"BreadcrumbList","@id":"https:\/\/jennipitko.fi\/koti\/soidensuojelu-etenee-vihdoin\/#breadcrumb","itemListElement":[{"@type":"ListItem","position":1,"name":"Home","item":"https:\/\/jennipitko.fi\/koti\/"},{"@type":"ListItem","position":2,"name":"Soidensuojelu etenee vihdoin!"}]},{"@type":"WebSite","@id":"https:\/\/jennipitko.fi\/koti\/#website","url":"https:\/\/jennipitko.fi\/koti\/","name":"Jenni Pitko - Vihreiden varapuheenjohtaja, ymp\u00e4rist\u00f6valiokunnan puheenjohtaja, kansanedustaja ja arkkitehti Oulusta","description":"Jenni Pitko - Vihreiden varapuheenjohtaja, ymp\u00e4rist\u00f6valiokunnan puheenjohtaja, kansanedustaja ja arkkitehti Oulusta","publisher":{"@id":"https:\/\/jennipitko.fi\/koti\/#organization"},"potentialAction":[{"@type":"SearchAction","target":{"@type":"EntryPoint","urlTemplate":"https:\/\/jennipitko.fi\/koti\/?s={search_term_string}"},"query-input":{"@type":"PropertyValueSpecification","valueRequired":true,"valueName":"search_term_string"}}],"inLanguage":"fi"},{"@type":"Organization","@id":"https:\/\/jennipitko.fi\/koti\/#organization","name":"Jenni Pitko - Vihreiden varapuheenjohtaja, ymp\u00e4rist\u00f6valiokunnan puheenjohtaja, kansanedustaja ja arkkitehti Oulusta","url":"https:\/\/jennipitko.fi\/koti\/","logo":{"@type":"ImageObject","inLanguage":"fi","@id":"https:\/\/jennipitko.fi\/koti\/#\/schema\/logo\/image\/","url":"https:\/\/jennipitko.fi\/koti\/wp-content\/uploads\/2025\/09\/Nimeton-malli-38.png","contentUrl":"https:\/\/jennipitko.fi\/koti\/wp-content\/uploads\/2025\/09\/Nimeton-malli-38.png","width":1280,"height":847,"caption":"Jenni Pitko - Vihreiden varapuheenjohtaja, ymp\u00e4rist\u00f6valiokunnan puheenjohtaja, kansanedustaja ja arkkitehti Oulusta"},"image":{"@id":"https:\/\/jennipitko.fi\/koti\/#\/schema\/logo\/image\/"}},{"@type":"Person","@id":"https:\/\/jennipitko.fi\/koti\/#\/schema\/person\/35955c467f851f10124809310e7e7ee8","name":"Jenni","image":{"@type":"ImageObject","inLanguage":"fi","@id":"https:\/\/secure.gravatar.com\/avatar\/625a0e6413b293da7739d42617828d564a4d6028aec3f45d8939a2ba1617199f?s=96&d=blank&r=g","url":"https:\/\/secure.gravatar.com\/avatar\/625a0e6413b293da7739d42617828d564a4d6028aec3f45d8939a2ba1617199f?s=96&d=blank&r=g","contentUrl":"https:\/\/secure.gravatar.com\/avatar\/625a0e6413b293da7739d42617828d564a4d6028aec3f45d8939a2ba1617199f?s=96&d=blank&r=g","caption":"Jenni"},"url":"https:\/\/jennipitko.fi\/koti\/author\/jenni\/"}]}},"_links":{"self":[{"href":"https:\/\/jennipitko.fi\/koti\/wp-json\/wp\/v2\/posts\/2319","targetHints":{"allow":["GET"]}}],"collection":[{"href":"https:\/\/jennipitko.fi\/koti\/wp-json\/wp\/v2\/posts"}],"about":[{"href":"https:\/\/jennipitko.fi\/koti\/wp-json\/wp\/v2\/types\/post"}],"author":[{"embeddable":true,"href":"https:\/\/jennipitko.fi\/koti\/wp-json\/wp\/v2\/users\/1"}],"replies":[{"embeddable":true,"href":"https:\/\/jennipitko.fi\/koti\/wp-json\/wp\/v2\/comments?post=2319"}],"version-history":[{"count":1,"href":"https:\/\/jennipitko.fi\/koti\/wp-json\/wp\/v2\/posts\/2319\/revisions"}],"predecessor-version":[{"id":2321,"href":"https:\/\/jennipitko.fi\/koti\/wp-json\/wp\/v2\/posts\/2319\/revisions\/2321"}],"wp:attachment":[{"href":"https:\/\/jennipitko.fi\/koti\/wp-json\/wp\/v2\/media?parent=2319"}],"wp:term":[{"taxonomy":"category","embeddable":true,"href":"https:\/\/jennipitko.fi\/koti\/wp-json\/wp\/v2\/categories?post=2319"},{"taxonomy":"post_tag","embeddable":true,"href":"https:\/\/jennipitko.fi\/koti\/wp-json\/wp\/v2\/tags?post=2319"}],"curies":[{"name":"wp","href":"https:\/\/api.w.org\/{rel}","templated":true}]}}