{"id":2322,"date":"2020-05-20T08:08:19","date_gmt":"2020-05-20T06:08:19","guid":{"rendered":"http:\/\/jennipitko.fi\/koti\/?p=2322"},"modified":"2020-05-20T08:08:38","modified_gmt":"2020-05-20T06:08:38","slug":"jokaiselle-suomalaiselle-perustulo","status":"publish","type":"post","link":"https:\/\/jennipitko.fi\/koti\/jokaiselle-suomalaiselle-perustulo\/","title":{"rendered":"Jokaiselle suomalaiselle perustulo"},"content":{"rendered":"\n<p>600 euroa. Se on summa, joka kaikille suomalaisille pit\u00e4isi taata: kerran kuussa, verottomana ja vastikkeettomana. Perustulo saattaa monen mielest\u00e4 kuulostaa utopialta. Mit\u00e4 hy\u00f6ty\u00e4 on jakaa ilmaista rahaa kansalaisille?<\/p>\n\n\n\n<p>Perustulosta tehty kahden vuoden kokeilu kuitenkin osoittaa, ett\u00e4 hy\u00f6tyj\u00e4 on monia. Vuosina 2017\u20132018 kaksi tuhatta kokeiluun satunnaisesti valittua suomalaista ty\u00f6t\u00f6nt\u00e4 sai hieman alle 600 euroa kuussa. T\u00e4m\u00e4 perustulo maksettiin riippumatta siit\u00e4, hakivatko tai saivatko henkil\u00f6t n\u00e4iden vuosien aikana t\u00f6it\u00e4. Tulokset olivat my\u00f6nteisi\u00e4. Ensimm\u00e4isen\u00e4 vuonna lis\u00e4\u00e4ntyi hyvinvointi, toisena vuonna ty\u00f6llisyys.&nbsp;<\/p>\n\n\n\n<p>Erityisesti vaikutukset ihmisten hyvinvointiin olivat merkitt\u00e4vi\u00e4. Tyytyv\u00e4isyys omaan el\u00e4m\u00e4\u00e4n parani. Masennus, yksin\u00e4isyys ja alakuloisuus taas v\u00e4heniv\u00e4t. Perustuloa saaneet my\u00f6s luottivat toisiin ihmisiin ja yhteiskunnan instituutioihin enemm\u00e4n, kuin ne, joille perustuloa ei annettu.<\/p>\n\n\n\n<p>Hyvinvoinnin lis\u00e4\u00e4ntymisell\u00e4 on itseisarvonsa, mutta se v\u00e4hent\u00e4\u00e4 my\u00f6s sosiaali- ja terveysmenoja. Lis\u00e4ksi perustulo kasvatti ty\u00f6llisyytt\u00e4, etenkin lapsiperheiss\u00e4 ja vieraskielisill\u00e4. My\u00f6s freelancereiden ja luovalla alalla ty\u00f6skentelevien oli perustulon vuoksi helpompi ottaa silpput\u00f6it\u00e4 vastaan. Nykytilanteessa ty\u00f6n vastaanottaminen ei ole aina kannattavaa, koska se laskee tukia.<\/p>\n\n\n\n<p>Perustulo siis kannustaa ottamaan vastaan t\u00f6it\u00e4 sek\u00e4 lis\u00e4\u00e4 hyvinvointia. Itse asiassa perustulon potentiaali on viel\u00e4 tutkimuksen osoittamia tuloksia laajempi. Edellisen hallitus nimitt\u00e4in otti kokeilun aikana k\u00e4ytt\u00f6\u00f6n aktiivimallin, joka vaikeuttaa tulosten tulkintaa. Lis\u00e4ksi kokeilussa perustuloa saivat vain ty\u00f6tt\u00f6m\u00e4t, mutta jos perustulo maksettaisiin kaikille, siit\u00e4 hy\u00f6tyisiv\u00e4t my\u00f6s esimerkiksi yritt\u00e4j\u00e4t ja vailla opiskelupaikkaa olevat nuoret.<\/p>\n\n\n\n<p>Perustulo on kriisin kest\u00e4v\u00e4 sosiaaliturvan muoto. Se maksetaan automaattisesti ilman hakemusbyrokratiaa ja siihen liittyv\u00e4\u00e4 viivett\u00e4. Koronapandemia on osoittanut, ett\u00e4 t\u00e4m\u00e4 on t\u00e4rke\u00e4\u00e4. Kela on joutunut valtavan hakemustulvan alle, kun ty\u00f6tt\u00f6mien m\u00e4\u00e4r\u00e4 on kasvanut.<\/p>\n\n\n\n<p>Kriisi onkin osoittanut sosiaaliturvaj\u00e4rjestelm\u00e4mme heikkoudet. Suomi on siksi kriisin keskell\u00e4 joutunut paikkaamaan j\u00e4rjestelm\u00e4n puutteita. Samalla olemme ottaneet askelia kohti perustuloa. Yritt\u00e4jille on alettu maksaa ty\u00f6tt\u00f6myysturvaa, opintotuen vastikkeellisuutta on h\u00f6llennetty ja ty\u00f6tt\u00f6myysturvan omavastuu on poistettu.<\/p>\n\n\n\n<p>On selv\u00e4\u00e4, ett\u00e4 seuraavan kriisin iskiess\u00e4 meid\u00e4n on oltava valmiimpia. Vihre\u00e4t on johdonmukaisesti vaatinut sosiaaliturvaj\u00e4rjestelm\u00e4n uudistusta. Me uskomme siihen, ett\u00e4 porkkana toimii keppi\u00e4 paremmin. Vaikka koronavirus on viel\u00e4 l\u00e4sn\u00e4 yhteiskunnassa, on meid\u00e4n alettava valmistautua tulevaan. Siksi Suomessa on otettava k\u00e4ytt\u00f6\u00f6n perustulo, joka turvaa kaikkien toimeentulon, kaikissa el\u00e4m\u00e4ntilanteissa.<\/p>\n\n\n\n<p><em>Teksti on julkaistu kolumnina Kalevan paikallislehdiss\u00e4 20.5.2020.<\/em><\/p>\n","protected":false},"excerpt":{"rendered":"<p>600 euroa. Se on summa, joka kaikille suomalaisille pit\u00e4isi taata: kerran kuussa, verottomana ja vastikkeettomana. Perustulo saattaa monen mielest\u00e4 kuulostaa [&hellip;]<\/p>\n","protected":false},"author":1,"featured_media":0,"comment_status":"closed","ping_status":"closed","sticky":false,"template":"","format":"standard","meta":{"_monsterinsights_skip_tracking":false,"_monsterinsights_sitenote_active":false,"_monsterinsights_sitenote_note":"","_monsterinsights_sitenote_category":0,"site-sidebar-layout":"default","site-content-layout":"","ast-site-content-layout":"default","site-content-style":"default","site-sidebar-style":"default","ast-global-header-display":"","ast-banner-title-visibility":"","ast-main-header-display":"","ast-hfb-above-header-display":"","ast-hfb-below-header-display":"","ast-hfb-mobile-header-display":"","site-post-title":"","ast-breadcrumbs-content":"","ast-featured-img":"","footer-sml-layout":"","ast-disable-related-posts":"","theme-transparent-header-meta":"","adv-header-id-meta":"","stick-header-meta":"","header-above-stick-meta":"","header-main-stick-meta":"","header-below-stick-meta":"","astra-migrate-meta-layouts":"default","ast-page-background-enabled":"default","ast-page-background-meta":{"desktop":{"background-color":"var(--ast-global-color-5)","background-image":"","background-repeat":"repeat","background-position":"center center","background-size":"auto","background-attachment":"scroll","background-type":"","background-media":"","overlay-type":"","overlay-color":"","overlay-opacity":"","overlay-gradient":""},"tablet":{"background-color":"","background-image":"","background-repeat":"repeat","background-position":"center center","background-size":"auto","background-attachment":"scroll","background-type":"","background-media":"","overlay-type":"","overlay-color":"","overlay-opacity":"","overlay-gradient":""},"mobile":{"background-color":"","background-image":"","background-repeat":"repeat","background-position":"center center","background-size":"auto","background-attachment":"scroll","background-type":"","background-media":"","overlay-type":"","overlay-color":"","overlay-opacity":"","overlay-gradient":""}},"ast-content-background-meta":{"desktop":{"background-color":"var(--ast-global-color-4)","background-image":"","background-repeat":"repeat","background-position":"center center","background-size":"auto","background-attachment":"scroll","background-type":"","background-media":"","overlay-type":"","overlay-color":"","overlay-opacity":"","overlay-gradient":""},"tablet":{"background-color":"var(--ast-global-color-4)","background-image":"","background-repeat":"repeat","background-position":"center center","background-size":"auto","background-attachment":"scroll","background-type":"","background-media":"","overlay-type":"","overlay-color":"","overlay-opacity":"","overlay-gradient":""},"mobile":{"background-color":"var(--ast-global-color-4)","background-image":"","background-repeat":"repeat","background-position":"center center","background-size":"auto","background-attachment":"scroll","background-type":"","background-media":"","overlay-type":"","overlay-color":"","overlay-opacity":"","overlay-gradient":""}},"footnotes":""},"categories":[2],"tags":[380,175,221,278],"class_list":["post-2322","post","type-post","status-publish","format-standard","hentry","category-blogi","tag-korona","tag-perustulo","tag-sosiaali-ja-terveyspalvelut","tag-sosiaaliturva"],"yoast_head":"<!-- This site is optimized with the Yoast SEO plugin v27.5 - https:\/\/yoast.com\/product\/yoast-seo-wordpress\/ -->\n<title>Jokaiselle suomalaiselle perustulo - Jenni Pitko - Vihreiden varapuheenjohtaja, ymp\u00e4rist\u00f6valiokunnan puheenjohtaja, kansanedustaja ja arkkitehti Oulusta<\/title>\n<meta name=\"robots\" content=\"index, follow, max-snippet:-1, max-image-preview:large, max-video-preview:-1\" \/>\n<link rel=\"canonical\" href=\"https:\/\/jennipitko.fi\/koti\/jokaiselle-suomalaiselle-perustulo\/\" \/>\n<meta property=\"og:locale\" content=\"fi_FI\" \/>\n<meta property=\"og:type\" content=\"article\" \/>\n<meta property=\"og:title\" content=\"Jokaiselle suomalaiselle perustulo - Jenni Pitko - Vihreiden varapuheenjohtaja, ymp\u00e4rist\u00f6valiokunnan puheenjohtaja, kansanedustaja ja arkkitehti Oulusta\" \/>\n<meta property=\"og:description\" content=\"600 euroa. Se on summa, joka kaikille suomalaisille pit\u00e4isi taata: kerran kuussa, verottomana ja vastikkeettomana. Perustulo saattaa monen mielest\u00e4 kuulostaa [&hellip;]\" \/>\n<meta property=\"og:url\" content=\"https:\/\/jennipitko.fi\/koti\/jokaiselle-suomalaiselle-perustulo\/\" \/>\n<meta property=\"og:site_name\" content=\"Jenni Pitko - Vihreiden varapuheenjohtaja, ymp\u00e4rist\u00f6valiokunnan puheenjohtaja, kansanedustaja ja arkkitehti Oulusta\" \/>\n<meta property=\"article:published_time\" content=\"2020-05-20T06:08:19+00:00\" \/>\n<meta property=\"article:modified_time\" content=\"2020-05-20T06:08:38+00:00\" \/>\n<meta name=\"author\" content=\"Jenni\" \/>\n<meta name=\"twitter:card\" content=\"summary_large_image\" \/>\n<meta name=\"twitter:label1\" content=\"Kirjoittanut\" \/>\n\t<meta name=\"twitter:data1\" content=\"Jenni\" \/>\n\t<meta name=\"twitter:label2\" content=\"Arvioitu lukuaika\" \/>\n\t<meta name=\"twitter:data2\" content=\"2 minuuttia\" \/>\n<script type=\"application\/ld+json\" class=\"yoast-schema-graph\">{\"@context\":\"https:\\\/\\\/schema.org\",\"@graph\":[{\"@type\":\"Article\",\"@id\":\"https:\\\/\\\/jennipitko.fi\\\/koti\\\/jokaiselle-suomalaiselle-perustulo\\\/#article\",\"isPartOf\":{\"@id\":\"https:\\\/\\\/jennipitko.fi\\\/koti\\\/jokaiselle-suomalaiselle-perustulo\\\/\"},\"author\":{\"name\":\"Jenni\",\"@id\":\"https:\\\/\\\/jennipitko.fi\\\/koti\\\/#\\\/schema\\\/person\\\/35955c467f851f10124809310e7e7ee8\"},\"headline\":\"Jokaiselle suomalaiselle perustulo\",\"datePublished\":\"2020-05-20T06:08:19+00:00\",\"dateModified\":\"2020-05-20T06:08:38+00:00\",\"mainEntityOfPage\":{\"@id\":\"https:\\\/\\\/jennipitko.fi\\\/koti\\\/jokaiselle-suomalaiselle-perustulo\\\/\"},\"wordCount\":395,\"publisher\":{\"@id\":\"https:\\\/\\\/jennipitko.fi\\\/koti\\\/#organization\"},\"keywords\":[\"korona\",\"perustulo\",\"sosiaali- ja terveyspalvelut\",\"sosiaaliturva\"],\"articleSection\":[\"Blogi\"],\"inLanguage\":\"fi\"},{\"@type\":\"WebPage\",\"@id\":\"https:\\\/\\\/jennipitko.fi\\\/koti\\\/jokaiselle-suomalaiselle-perustulo\\\/\",\"url\":\"https:\\\/\\\/jennipitko.fi\\\/koti\\\/jokaiselle-suomalaiselle-perustulo\\\/\",\"name\":\"Jokaiselle suomalaiselle perustulo - Jenni Pitko - Vihreiden varapuheenjohtaja, ymp\u00e4rist\u00f6valiokunnan puheenjohtaja, kansanedustaja ja arkkitehti Oulusta\",\"isPartOf\":{\"@id\":\"https:\\\/\\\/jennipitko.fi\\\/koti\\\/#website\"},\"datePublished\":\"2020-05-20T06:08:19+00:00\",\"dateModified\":\"2020-05-20T06:08:38+00:00\",\"breadcrumb\":{\"@id\":\"https:\\\/\\\/jennipitko.fi\\\/koti\\\/jokaiselle-suomalaiselle-perustulo\\\/#breadcrumb\"},\"inLanguage\":\"fi\",\"potentialAction\":[{\"@type\":\"ReadAction\",\"target\":[\"https:\\\/\\\/jennipitko.fi\\\/koti\\\/jokaiselle-suomalaiselle-perustulo\\\/\"]}]},{\"@type\":\"BreadcrumbList\",\"@id\":\"https:\\\/\\\/jennipitko.fi\\\/koti\\\/jokaiselle-suomalaiselle-perustulo\\\/#breadcrumb\",\"itemListElement\":[{\"@type\":\"ListItem\",\"position\":1,\"name\":\"Home\",\"item\":\"https:\\\/\\\/jennipitko.fi\\\/koti\\\/\"},{\"@type\":\"ListItem\",\"position\":2,\"name\":\"Jokaiselle suomalaiselle perustulo\"}]},{\"@type\":\"WebSite\",\"@id\":\"https:\\\/\\\/jennipitko.fi\\\/koti\\\/#website\",\"url\":\"https:\\\/\\\/jennipitko.fi\\\/koti\\\/\",\"name\":\"Jenni Pitko - Vihreiden varapuheenjohtaja, ymp\u00e4rist\u00f6valiokunnan puheenjohtaja, kansanedustaja ja arkkitehti Oulusta\",\"description\":\"Jenni Pitko - Vihreiden varapuheenjohtaja, ymp\u00e4rist\u00f6valiokunnan puheenjohtaja, kansanedustaja ja arkkitehti Oulusta\",\"publisher\":{\"@id\":\"https:\\\/\\\/jennipitko.fi\\\/koti\\\/#organization\"},\"potentialAction\":[{\"@type\":\"SearchAction\",\"target\":{\"@type\":\"EntryPoint\",\"urlTemplate\":\"https:\\\/\\\/jennipitko.fi\\\/koti\\\/?s={search_term_string}\"},\"query-input\":{\"@type\":\"PropertyValueSpecification\",\"valueRequired\":true,\"valueName\":\"search_term_string\"}}],\"inLanguage\":\"fi\"},{\"@type\":\"Organization\",\"@id\":\"https:\\\/\\\/jennipitko.fi\\\/koti\\\/#organization\",\"name\":\"Jenni Pitko - Vihreiden varapuheenjohtaja, ymp\u00e4rist\u00f6valiokunnan puheenjohtaja, kansanedustaja ja arkkitehti Oulusta\",\"url\":\"https:\\\/\\\/jennipitko.fi\\\/koti\\\/\",\"logo\":{\"@type\":\"ImageObject\",\"inLanguage\":\"fi\",\"@id\":\"https:\\\/\\\/jennipitko.fi\\\/koti\\\/#\\\/schema\\\/logo\\\/image\\\/\",\"url\":\"https:\\\/\\\/jennipitko.fi\\\/koti\\\/wp-content\\\/uploads\\\/2025\\\/09\\\/Nimeton-malli-38.png\",\"contentUrl\":\"https:\\\/\\\/jennipitko.fi\\\/koti\\\/wp-content\\\/uploads\\\/2025\\\/09\\\/Nimeton-malli-38.png\",\"width\":1280,\"height\":847,\"caption\":\"Jenni Pitko - Vihreiden varapuheenjohtaja, ymp\u00e4rist\u00f6valiokunnan puheenjohtaja, kansanedustaja ja arkkitehti Oulusta\"},\"image\":{\"@id\":\"https:\\\/\\\/jennipitko.fi\\\/koti\\\/#\\\/schema\\\/logo\\\/image\\\/\"}},{\"@type\":\"Person\",\"@id\":\"https:\\\/\\\/jennipitko.fi\\\/koti\\\/#\\\/schema\\\/person\\\/35955c467f851f10124809310e7e7ee8\",\"name\":\"Jenni\",\"image\":{\"@type\":\"ImageObject\",\"inLanguage\":\"fi\",\"@id\":\"https:\\\/\\\/secure.gravatar.com\\\/avatar\\\/625a0e6413b293da7739d42617828d564a4d6028aec3f45d8939a2ba1617199f?s=96&d=blank&r=g\",\"url\":\"https:\\\/\\\/secure.gravatar.com\\\/avatar\\\/625a0e6413b293da7739d42617828d564a4d6028aec3f45d8939a2ba1617199f?s=96&d=blank&r=g\",\"contentUrl\":\"https:\\\/\\\/secure.gravatar.com\\\/avatar\\\/625a0e6413b293da7739d42617828d564a4d6028aec3f45d8939a2ba1617199f?s=96&d=blank&r=g\",\"caption\":\"Jenni\"},\"url\":\"https:\\\/\\\/jennipitko.fi\\\/koti\\\/author\\\/jenni\\\/\"}]}<\/script>\n<!-- \/ Yoast SEO plugin. -->","yoast_head_json":{"title":"Jokaiselle suomalaiselle perustulo - Jenni Pitko - Vihreiden varapuheenjohtaja, ymp\u00e4rist\u00f6valiokunnan puheenjohtaja, kansanedustaja ja arkkitehti Oulusta","robots":{"index":"index","follow":"follow","max-snippet":"max-snippet:-1","max-image-preview":"max-image-preview:large","max-video-preview":"max-video-preview:-1"},"canonical":"https:\/\/jennipitko.fi\/koti\/jokaiselle-suomalaiselle-perustulo\/","og_locale":"fi_FI","og_type":"article","og_title":"Jokaiselle suomalaiselle perustulo - Jenni Pitko - Vihreiden varapuheenjohtaja, ymp\u00e4rist\u00f6valiokunnan puheenjohtaja, kansanedustaja ja arkkitehti Oulusta","og_description":"600 euroa. Se on summa, joka kaikille suomalaisille pit\u00e4isi taata: kerran kuussa, verottomana ja vastikkeettomana. Perustulo saattaa monen mielest\u00e4 kuulostaa [&hellip;]","og_url":"https:\/\/jennipitko.fi\/koti\/jokaiselle-suomalaiselle-perustulo\/","og_site_name":"Jenni Pitko - Vihreiden varapuheenjohtaja, ymp\u00e4rist\u00f6valiokunnan puheenjohtaja, kansanedustaja ja arkkitehti Oulusta","article_published_time":"2020-05-20T06:08:19+00:00","article_modified_time":"2020-05-20T06:08:38+00:00","author":"Jenni","twitter_card":"summary_large_image","twitter_misc":{"Kirjoittanut":"Jenni","Arvioitu lukuaika":"2 minuuttia"},"schema":{"@context":"https:\/\/schema.org","@graph":[{"@type":"Article","@id":"https:\/\/jennipitko.fi\/koti\/jokaiselle-suomalaiselle-perustulo\/#article","isPartOf":{"@id":"https:\/\/jennipitko.fi\/koti\/jokaiselle-suomalaiselle-perustulo\/"},"author":{"name":"Jenni","@id":"https:\/\/jennipitko.fi\/koti\/#\/schema\/person\/35955c467f851f10124809310e7e7ee8"},"headline":"Jokaiselle suomalaiselle perustulo","datePublished":"2020-05-20T06:08:19+00:00","dateModified":"2020-05-20T06:08:38+00:00","mainEntityOfPage":{"@id":"https:\/\/jennipitko.fi\/koti\/jokaiselle-suomalaiselle-perustulo\/"},"wordCount":395,"publisher":{"@id":"https:\/\/jennipitko.fi\/koti\/#organization"},"keywords":["korona","perustulo","sosiaali- ja terveyspalvelut","sosiaaliturva"],"articleSection":["Blogi"],"inLanguage":"fi"},{"@type":"WebPage","@id":"https:\/\/jennipitko.fi\/koti\/jokaiselle-suomalaiselle-perustulo\/","url":"https:\/\/jennipitko.fi\/koti\/jokaiselle-suomalaiselle-perustulo\/","name":"Jokaiselle suomalaiselle perustulo - Jenni Pitko - Vihreiden varapuheenjohtaja, ymp\u00e4rist\u00f6valiokunnan puheenjohtaja, kansanedustaja ja arkkitehti Oulusta","isPartOf":{"@id":"https:\/\/jennipitko.fi\/koti\/#website"},"datePublished":"2020-05-20T06:08:19+00:00","dateModified":"2020-05-20T06:08:38+00:00","breadcrumb":{"@id":"https:\/\/jennipitko.fi\/koti\/jokaiselle-suomalaiselle-perustulo\/#breadcrumb"},"inLanguage":"fi","potentialAction":[{"@type":"ReadAction","target":["https:\/\/jennipitko.fi\/koti\/jokaiselle-suomalaiselle-perustulo\/"]}]},{"@type":"BreadcrumbList","@id":"https:\/\/jennipitko.fi\/koti\/jokaiselle-suomalaiselle-perustulo\/#breadcrumb","itemListElement":[{"@type":"ListItem","position":1,"name":"Home","item":"https:\/\/jennipitko.fi\/koti\/"},{"@type":"ListItem","position":2,"name":"Jokaiselle suomalaiselle perustulo"}]},{"@type":"WebSite","@id":"https:\/\/jennipitko.fi\/koti\/#website","url":"https:\/\/jennipitko.fi\/koti\/","name":"Jenni Pitko - Vihreiden varapuheenjohtaja, ymp\u00e4rist\u00f6valiokunnan puheenjohtaja, kansanedustaja ja arkkitehti Oulusta","description":"Jenni Pitko - Vihreiden varapuheenjohtaja, ymp\u00e4rist\u00f6valiokunnan puheenjohtaja, kansanedustaja ja arkkitehti Oulusta","publisher":{"@id":"https:\/\/jennipitko.fi\/koti\/#organization"},"potentialAction":[{"@type":"SearchAction","target":{"@type":"EntryPoint","urlTemplate":"https:\/\/jennipitko.fi\/koti\/?s={search_term_string}"},"query-input":{"@type":"PropertyValueSpecification","valueRequired":true,"valueName":"search_term_string"}}],"inLanguage":"fi"},{"@type":"Organization","@id":"https:\/\/jennipitko.fi\/koti\/#organization","name":"Jenni Pitko - Vihreiden varapuheenjohtaja, ymp\u00e4rist\u00f6valiokunnan puheenjohtaja, kansanedustaja ja arkkitehti Oulusta","url":"https:\/\/jennipitko.fi\/koti\/","logo":{"@type":"ImageObject","inLanguage":"fi","@id":"https:\/\/jennipitko.fi\/koti\/#\/schema\/logo\/image\/","url":"https:\/\/jennipitko.fi\/koti\/wp-content\/uploads\/2025\/09\/Nimeton-malli-38.png","contentUrl":"https:\/\/jennipitko.fi\/koti\/wp-content\/uploads\/2025\/09\/Nimeton-malli-38.png","width":1280,"height":847,"caption":"Jenni Pitko - Vihreiden varapuheenjohtaja, ymp\u00e4rist\u00f6valiokunnan puheenjohtaja, kansanedustaja ja arkkitehti Oulusta"},"image":{"@id":"https:\/\/jennipitko.fi\/koti\/#\/schema\/logo\/image\/"}},{"@type":"Person","@id":"https:\/\/jennipitko.fi\/koti\/#\/schema\/person\/35955c467f851f10124809310e7e7ee8","name":"Jenni","image":{"@type":"ImageObject","inLanguage":"fi","@id":"https:\/\/secure.gravatar.com\/avatar\/625a0e6413b293da7739d42617828d564a4d6028aec3f45d8939a2ba1617199f?s=96&d=blank&r=g","url":"https:\/\/secure.gravatar.com\/avatar\/625a0e6413b293da7739d42617828d564a4d6028aec3f45d8939a2ba1617199f?s=96&d=blank&r=g","contentUrl":"https:\/\/secure.gravatar.com\/avatar\/625a0e6413b293da7739d42617828d564a4d6028aec3f45d8939a2ba1617199f?s=96&d=blank&r=g","caption":"Jenni"},"url":"https:\/\/jennipitko.fi\/koti\/author\/jenni\/"}]}},"_links":{"self":[{"href":"https:\/\/jennipitko.fi\/koti\/wp-json\/wp\/v2\/posts\/2322","targetHints":{"allow":["GET"]}}],"collection":[{"href":"https:\/\/jennipitko.fi\/koti\/wp-json\/wp\/v2\/posts"}],"about":[{"href":"https:\/\/jennipitko.fi\/koti\/wp-json\/wp\/v2\/types\/post"}],"author":[{"embeddable":true,"href":"https:\/\/jennipitko.fi\/koti\/wp-json\/wp\/v2\/users\/1"}],"replies":[{"embeddable":true,"href":"https:\/\/jennipitko.fi\/koti\/wp-json\/wp\/v2\/comments?post=2322"}],"version-history":[{"count":1,"href":"https:\/\/jennipitko.fi\/koti\/wp-json\/wp\/v2\/posts\/2322\/revisions"}],"predecessor-version":[{"id":2323,"href":"https:\/\/jennipitko.fi\/koti\/wp-json\/wp\/v2\/posts\/2322\/revisions\/2323"}],"wp:attachment":[{"href":"https:\/\/jennipitko.fi\/koti\/wp-json\/wp\/v2\/media?parent=2322"}],"wp:term":[{"taxonomy":"category","embeddable":true,"href":"https:\/\/jennipitko.fi\/koti\/wp-json\/wp\/v2\/categories?post=2322"},{"taxonomy":"post_tag","embeddable":true,"href":"https:\/\/jennipitko.fi\/koti\/wp-json\/wp\/v2\/tags?post=2322"}],"curies":[{"name":"wp","href":"https:\/\/api.w.org\/{rel}","templated":true}]}}