{"id":2327,"date":"2020-06-01T10:11:26","date_gmt":"2020-06-01T08:11:26","guid":{"rendered":"http:\/\/jennipitko.fi\/koti\/?p=2327"},"modified":"2020-06-01T10:11:30","modified_gmt":"2020-06-01T08:11:30","slug":"uusi-tieliikennelaki-vie-suomea-kohti-eurooppalaista-pyorailykulttuuria","status":"publish","type":"post","link":"https:\/\/jennipitko.fi\/koti\/uusi-tieliikennelaki-vie-suomea-kohti-eurooppalaista-pyorailykulttuuria\/","title":{"rendered":"Uusi tieliikennelaki vie Suomea kohti eurooppalaista py\u00f6r\u00e4ilykulttuuria"},"content":{"rendered":"\n<p><strong>T\u00e4n\u00e4\u00e4n astuu voimaan uusi tieliikennelaki, joka parantaa merkitt\u00e4v\u00e4sti py\u00f6r\u00e4ilyn turvallisuutta sek\u00e4 kannustaa kuntia suunnittelemaan entist\u00e4 sujuvampia py\u00f6r\u00e4reittej\u00e4.<\/strong><\/p>\n\n\n\n<p>Suomi on poikkeuksellinen maa. Meill\u00e4 jalankulkijat ja py\u00f6r\u00e4ilij\u00e4t on jostain kumman syyst\u00e4 perinteisesti pakotettu samoille \u201ckevyen liikenteen\u201d v\u00e4ylille. Euroopan mittakaavassa t\u00e4m\u00e4 on hyvin erikoista, sill\u00e4 j\u00e4rjestely ei kannusta py\u00f6r\u00e4ilyyn ja lis\u00e4\u00e4 onnettomuuksien riski\u00e4.<\/p>\n\n\n\n<p>Kevyen liikenteen v\u00e4yl\u00e4 on k\u00e4sitteen\u00e4 ongelmallinen ja se pit\u00e4isi saada pois kokonaan liikennesanastosta. Kevyell\u00e4 liikenteell\u00e4 viitataan samanaikaisesti niin k\u00e4velyyn, py\u00f6r\u00e4ilyyn, rullaluisteluun kuin potkulautailuun. Siin\u00e4 miss\u00e4 jalankulun kulkunopeus on hyvin matala, vastaa py\u00f6r\u00e4ilyn nopeus kaupunkiajossa enemm\u00e4n henkil\u00f6autoliikennett\u00e4. K\u00e4velyyn liittyy pys\u00e4htely\u00e4 ja lapsilla leikki\u00e4. Py\u00f6r\u00e4 taas on ajoneuvo, jolla kuljetaan helposti 10\u201325 km\/h. On erikoista, ett\u00e4 Suomen liikennesuunnittelussa py\u00f6r\u00e4liikenne on rinnastettu jalankulkuun.<\/p>\n\n\n\n<p>T\u00e4n\u00e4\u00e4n astuu kuitenkin voimaan uusi tieliikennelaki, joka parantaa merkitt\u00e4v\u00e4sti py\u00f6r\u00e4ilyn asemaa. Laki on askel kohti eurooppalaista py\u00f6r\u00e4ilykulttuuria, jossa py\u00f6r\u00e4ily n\u00e4hd\u00e4\u00e4n vahvemmin ajoneuvoliikenteen\u00e4.<\/p>\n\n\n\n<p>Yksi keskeinen uudistus on, ett\u00e4 jatkossa py\u00f6r\u00e4tiet ovat l\u00e4ht\u00f6kohtaisesti yksisuuntaisia. Yksisuuntaisuus parantaa huomattavasti liikenneturvallisuutta ja sujuvuutta. Ennen autoilijan on ollut vaikea hahmottaa, ett\u00e4 py\u00f6r\u00e4ilij\u00e4 voi ajaa risteykseen vauhdilla sek\u00e4 vasemmalta ett\u00e4 oikealta ja t\u00e4m\u00e4 on ollut selke\u00e4 riski liikenneturvallisuudelle.<\/p>\n\n\n\n<p>Joissakin paikoissa, kuten kaupunkien ulkopuolella tai lain voimaantulon alkuvaiheessa jo olemassa olevilla v\u00e4ylill\u00e4, voi py\u00f6r\u00e4tie jatkossakin olla kaksisuuntainen. Kaksisuuntaisuus on osoitettava erillisell\u00e4 liikennemerkill\u00e4. Liikennemerkin asettamiselle on valitettavasti annettu niinkin pitk\u00e4 siirtym\u00e4aika kuin 7 vuotta, mutta toivomus on, ett\u00e4 kunnat toimivat ripe\u00e4sti.<\/p>\n\n\n\n<p>Uusi tieliikennelaki johtaa siihen, ett\u00e4 kunnat joutuvat jatkossa miettim\u00e4\u00e4n tarkasti, miss\u00e4 kulkee py\u00f6r\u00e4teit\u00e4 mihinkin suuntaan. T\u00e4m\u00e4 kannustaa kehitt\u00e4m\u00e4\u00e4n py\u00f6r\u00e4tieverkostoa kokonaisuutena niin, ett\u00e4 py\u00f6r\u00e4ll\u00e4 liikkuminen on sujuvaa. T\u00e4m\u00e4 vie meit\u00e4 kohti kokonaisuudessaan parempaa, eurooppalaista liikennekulttuuria.&nbsp;<\/p>\n\n\n\n<p>Toinen hieno asia on kokonaan uusi katutyyppi, py\u00f6r\u00e4ilykatu. Py\u00f6r\u00e4ilykaduilla autoilijan on lain mukaan sovitettava ajonopeus py\u00f6r\u00e4ilyn mukaiseksi, annettava py\u00f6r\u00e4ilij\u00f6ille esteet\u00f6n kulku ja pys\u00e4k\u00f6it\u00e4v\u00e4 vain erikseen merkityille pys\u00e4k\u00f6intipaikoille. T\u00e4m\u00e4 antaa py\u00f6r\u00e4ilylle lis\u00e4\u00e4 tilaa kaupungeissa.<\/p>\n\n\n\n<p>Lis\u00e4ksi py\u00f6r\u00e4teiden merkinn\u00e4t paranevat ja luvassa on uusia py\u00f6r\u00e4ily\u00e4 helpottavia liikennemerkkej\u00e4, kuten paikkakuntien v\u00e4lisi\u00e4 et\u00e4isyyksi\u00e4 osoittavia suunnistustauluja. Kun py\u00f6r\u00e4ily on turvallista ja sujuvaa, se lis\u00e4\u00e4ntyy. Kaikki n\u00e4m\u00e4 uudistukset siis tukevat hallituksen tavoitetta kasvattaa k\u00e4vely\u00e4 ja py\u00f6r\u00e4ily\u00e4 30 prosenttia verrattuna vuoteen 2018.&nbsp;<\/p>\n\n\n\n<p>Py\u00f6r\u00e4ilyn edist\u00e4minen hy\u00f6dytt\u00e4\u00e4 sek\u00e4 ilmastoa ett\u00e4 kansanterveytt\u00e4. Tieliikennelain kannustaessa kuntia suunnittelemaan py\u00f6r\u00e4teist\u00e4 kattavaa verkostoa, on vihreiden tavoitteena, ett\u00e4 hallitus takaa kunnille riitt\u00e4v\u00e4 resurssit t\u00e4h\u00e4n kehitysty\u00f6h\u00f6n.<\/p>\n\n\n\n<p><em>Teksti on julkaistu Vihreiden blogissa 1.6.2020.<\/em><\/p>\n","protected":false},"excerpt":{"rendered":"<p>T\u00e4n\u00e4\u00e4n astuu voimaan uusi tieliikennelaki, joka parantaa merkitt\u00e4v\u00e4sti py\u00f6r\u00e4ilyn turvallisuutta sek\u00e4 kannustaa kuntia suunnittelemaan entist\u00e4 sujuvampia py\u00f6r\u00e4reittej\u00e4. Suomi on poikkeuksellinen [&hellip;]<\/p>\n","protected":false},"author":1,"featured_media":0,"comment_status":"closed","ping_status":"closed","sticky":false,"template":"","format":"standard","meta":{"_monsterinsights_skip_tracking":false,"_monsterinsights_sitenote_active":false,"_monsterinsights_sitenote_note":"","_monsterinsights_sitenote_category":0,"site-sidebar-layout":"default","site-content-layout":"","ast-site-content-layout":"default","site-content-style":"default","site-sidebar-style":"default","ast-global-header-display":"","ast-banner-title-visibility":"","ast-main-header-display":"","ast-hfb-above-header-display":"","ast-hfb-below-header-display":"","ast-hfb-mobile-header-display":"","site-post-title":"","ast-breadcrumbs-content":"","ast-featured-img":"","footer-sml-layout":"","ast-disable-related-posts":"","theme-transparent-header-meta":"","adv-header-id-meta":"","stick-header-meta":"","header-above-stick-meta":"","header-main-stick-meta":"","header-below-stick-meta":"","astra-migrate-meta-layouts":"default","ast-page-background-enabled":"default","ast-page-background-meta":{"desktop":{"background-color":"var(--ast-global-color-5)","background-image":"","background-repeat":"repeat","background-position":"center center","background-size":"auto","background-attachment":"scroll","background-type":"","background-media":"","overlay-type":"","overlay-color":"","overlay-opacity":"","overlay-gradient":""},"tablet":{"background-color":"","background-image":"","background-repeat":"repeat","background-position":"center center","background-size":"auto","background-attachment":"scroll","background-type":"","background-media":"","overlay-type":"","overlay-color":"","overlay-opacity":"","overlay-gradient":""},"mobile":{"background-color":"","background-image":"","background-repeat":"repeat","background-position":"center center","background-size":"auto","background-attachment":"scroll","background-type":"","background-media":"","overlay-type":"","overlay-color":"","overlay-opacity":"","overlay-gradient":""}},"ast-content-background-meta":{"desktop":{"background-color":"var(--ast-global-color-4)","background-image":"","background-repeat":"repeat","background-position":"center center","background-size":"auto","background-attachment":"scroll","background-type":"","background-media":"","overlay-type":"","overlay-color":"","overlay-opacity":"","overlay-gradient":""},"tablet":{"background-color":"var(--ast-global-color-4)","background-image":"","background-repeat":"repeat","background-position":"center center","background-size":"auto","background-attachment":"scroll","background-type":"","background-media":"","overlay-type":"","overlay-color":"","overlay-opacity":"","overlay-gradient":""},"mobile":{"background-color":"var(--ast-global-color-4)","background-image":"","background-repeat":"repeat","background-position":"center center","background-size":"auto","background-attachment":"scroll","background-type":"","background-media":"","overlay-type":"","overlay-color":"","overlay-opacity":"","overlay-gradient":""}},"footnotes":""},"categories":[2],"tags":[154,234,255,19,22,404],"class_list":["post-2327","post","type-post","status-publish","format-standard","hentry","category-blogi","tag-ilmastonmuutos","tag-liikenne","tag-liikenneturvallisuus","tag-pyoraily","tag-pyoratie","tag-tieliikennelaki"],"yoast_head":"<!-- This site is optimized with the Yoast SEO plugin v27.5 - https:\/\/yoast.com\/product\/yoast-seo-wordpress\/ -->\n<title>Uusi tieliikennelaki vie Suomea kohti eurooppalaista py\u00f6r\u00e4ilykulttuuria - Jenni Pitko - Vihreiden varapuheenjohtaja, ymp\u00e4rist\u00f6valiokunnan puheenjohtaja, kansanedustaja ja arkkitehti Oulusta<\/title>\n<meta name=\"robots\" content=\"index, follow, max-snippet:-1, max-image-preview:large, max-video-preview:-1\" \/>\n<link rel=\"canonical\" href=\"https:\/\/jennipitko.fi\/koti\/uusi-tieliikennelaki-vie-suomea-kohti-eurooppalaista-pyorailykulttuuria\/\" \/>\n<meta property=\"og:locale\" content=\"fi_FI\" \/>\n<meta property=\"og:type\" content=\"article\" \/>\n<meta property=\"og:title\" content=\"Uusi tieliikennelaki vie Suomea kohti eurooppalaista py\u00f6r\u00e4ilykulttuuria - Jenni Pitko - Vihreiden varapuheenjohtaja, ymp\u00e4rist\u00f6valiokunnan puheenjohtaja, kansanedustaja ja arkkitehti Oulusta\" \/>\n<meta property=\"og:description\" content=\"T\u00e4n\u00e4\u00e4n astuu voimaan uusi tieliikennelaki, joka parantaa merkitt\u00e4v\u00e4sti py\u00f6r\u00e4ilyn turvallisuutta sek\u00e4 kannustaa kuntia suunnittelemaan entist\u00e4 sujuvampia py\u00f6r\u00e4reittej\u00e4. Suomi on poikkeuksellinen [&hellip;]\" \/>\n<meta property=\"og:url\" content=\"https:\/\/jennipitko.fi\/koti\/uusi-tieliikennelaki-vie-suomea-kohti-eurooppalaista-pyorailykulttuuria\/\" \/>\n<meta property=\"og:site_name\" content=\"Jenni Pitko - Vihreiden varapuheenjohtaja, ymp\u00e4rist\u00f6valiokunnan puheenjohtaja, kansanedustaja ja arkkitehti Oulusta\" \/>\n<meta property=\"article:published_time\" content=\"2020-06-01T08:11:26+00:00\" \/>\n<meta property=\"article:modified_time\" content=\"2020-06-01T08:11:30+00:00\" \/>\n<meta name=\"author\" content=\"Jenni\" \/>\n<meta name=\"twitter:card\" content=\"summary_large_image\" \/>\n<meta name=\"twitter:label1\" content=\"Kirjoittanut\" \/>\n\t<meta name=\"twitter:data1\" content=\"Jenni\" \/>\n\t<meta name=\"twitter:label2\" content=\"Arvioitu lukuaika\" \/>\n\t<meta name=\"twitter:data2\" content=\"2 minuuttia\" \/>\n<script type=\"application\/ld+json\" class=\"yoast-schema-graph\">{\"@context\":\"https:\\\/\\\/schema.org\",\"@graph\":[{\"@type\":\"Article\",\"@id\":\"https:\\\/\\\/jennipitko.fi\\\/koti\\\/uusi-tieliikennelaki-vie-suomea-kohti-eurooppalaista-pyorailykulttuuria\\\/#article\",\"isPartOf\":{\"@id\":\"https:\\\/\\\/jennipitko.fi\\\/koti\\\/uusi-tieliikennelaki-vie-suomea-kohti-eurooppalaista-pyorailykulttuuria\\\/\"},\"author\":{\"name\":\"Jenni\",\"@id\":\"https:\\\/\\\/jennipitko.fi\\\/koti\\\/#\\\/schema\\\/person\\\/35955c467f851f10124809310e7e7ee8\"},\"headline\":\"Uusi tieliikennelaki vie Suomea kohti eurooppalaista py\u00f6r\u00e4ilykulttuuria\",\"datePublished\":\"2020-06-01T08:11:26+00:00\",\"dateModified\":\"2020-06-01T08:11:30+00:00\",\"mainEntityOfPage\":{\"@id\":\"https:\\\/\\\/jennipitko.fi\\\/koti\\\/uusi-tieliikennelaki-vie-suomea-kohti-eurooppalaista-pyorailykulttuuria\\\/\"},\"wordCount\":468,\"publisher\":{\"@id\":\"https:\\\/\\\/jennipitko.fi\\\/koti\\\/#organization\"},\"keywords\":[\"ilmastonmuutos\",\"liikenne\",\"liikenneturvallisuus\",\"py\u00f6r\u00e4ily\",\"py\u00f6r\u00e4tie\",\"tieliikennelaki\"],\"articleSection\":[\"Blogi\"],\"inLanguage\":\"fi\"},{\"@type\":\"WebPage\",\"@id\":\"https:\\\/\\\/jennipitko.fi\\\/koti\\\/uusi-tieliikennelaki-vie-suomea-kohti-eurooppalaista-pyorailykulttuuria\\\/\",\"url\":\"https:\\\/\\\/jennipitko.fi\\\/koti\\\/uusi-tieliikennelaki-vie-suomea-kohti-eurooppalaista-pyorailykulttuuria\\\/\",\"name\":\"Uusi tieliikennelaki vie Suomea kohti eurooppalaista py\u00f6r\u00e4ilykulttuuria - Jenni Pitko - Vihreiden varapuheenjohtaja, ymp\u00e4rist\u00f6valiokunnan puheenjohtaja, kansanedustaja ja arkkitehti Oulusta\",\"isPartOf\":{\"@id\":\"https:\\\/\\\/jennipitko.fi\\\/koti\\\/#website\"},\"datePublished\":\"2020-06-01T08:11:26+00:00\",\"dateModified\":\"2020-06-01T08:11:30+00:00\",\"breadcrumb\":{\"@id\":\"https:\\\/\\\/jennipitko.fi\\\/koti\\\/uusi-tieliikennelaki-vie-suomea-kohti-eurooppalaista-pyorailykulttuuria\\\/#breadcrumb\"},\"inLanguage\":\"fi\",\"potentialAction\":[{\"@type\":\"ReadAction\",\"target\":[\"https:\\\/\\\/jennipitko.fi\\\/koti\\\/uusi-tieliikennelaki-vie-suomea-kohti-eurooppalaista-pyorailykulttuuria\\\/\"]}]},{\"@type\":\"BreadcrumbList\",\"@id\":\"https:\\\/\\\/jennipitko.fi\\\/koti\\\/uusi-tieliikennelaki-vie-suomea-kohti-eurooppalaista-pyorailykulttuuria\\\/#breadcrumb\",\"itemListElement\":[{\"@type\":\"ListItem\",\"position\":1,\"name\":\"Home\",\"item\":\"https:\\\/\\\/jennipitko.fi\\\/koti\\\/\"},{\"@type\":\"ListItem\",\"position\":2,\"name\":\"Uusi tieliikennelaki vie Suomea kohti eurooppalaista py\u00f6r\u00e4ilykulttuuria\"}]},{\"@type\":\"WebSite\",\"@id\":\"https:\\\/\\\/jennipitko.fi\\\/koti\\\/#website\",\"url\":\"https:\\\/\\\/jennipitko.fi\\\/koti\\\/\",\"name\":\"Jenni Pitko - Vihreiden varapuheenjohtaja, ymp\u00e4rist\u00f6valiokunnan puheenjohtaja, kansanedustaja ja arkkitehti Oulusta\",\"description\":\"Jenni Pitko - Vihreiden varapuheenjohtaja, ymp\u00e4rist\u00f6valiokunnan puheenjohtaja, kansanedustaja ja arkkitehti Oulusta\",\"publisher\":{\"@id\":\"https:\\\/\\\/jennipitko.fi\\\/koti\\\/#organization\"},\"potentialAction\":[{\"@type\":\"SearchAction\",\"target\":{\"@type\":\"EntryPoint\",\"urlTemplate\":\"https:\\\/\\\/jennipitko.fi\\\/koti\\\/?s={search_term_string}\"},\"query-input\":{\"@type\":\"PropertyValueSpecification\",\"valueRequired\":true,\"valueName\":\"search_term_string\"}}],\"inLanguage\":\"fi\"},{\"@type\":\"Organization\",\"@id\":\"https:\\\/\\\/jennipitko.fi\\\/koti\\\/#organization\",\"name\":\"Jenni Pitko - Vihreiden varapuheenjohtaja, ymp\u00e4rist\u00f6valiokunnan puheenjohtaja, kansanedustaja ja arkkitehti Oulusta\",\"url\":\"https:\\\/\\\/jennipitko.fi\\\/koti\\\/\",\"logo\":{\"@type\":\"ImageObject\",\"inLanguage\":\"fi\",\"@id\":\"https:\\\/\\\/jennipitko.fi\\\/koti\\\/#\\\/schema\\\/logo\\\/image\\\/\",\"url\":\"https:\\\/\\\/jennipitko.fi\\\/koti\\\/wp-content\\\/uploads\\\/2025\\\/09\\\/Nimeton-malli-38.png\",\"contentUrl\":\"https:\\\/\\\/jennipitko.fi\\\/koti\\\/wp-content\\\/uploads\\\/2025\\\/09\\\/Nimeton-malli-38.png\",\"width\":1280,\"height\":847,\"caption\":\"Jenni Pitko - Vihreiden varapuheenjohtaja, ymp\u00e4rist\u00f6valiokunnan puheenjohtaja, kansanedustaja ja arkkitehti Oulusta\"},\"image\":{\"@id\":\"https:\\\/\\\/jennipitko.fi\\\/koti\\\/#\\\/schema\\\/logo\\\/image\\\/\"}},{\"@type\":\"Person\",\"@id\":\"https:\\\/\\\/jennipitko.fi\\\/koti\\\/#\\\/schema\\\/person\\\/35955c467f851f10124809310e7e7ee8\",\"name\":\"Jenni\",\"image\":{\"@type\":\"ImageObject\",\"inLanguage\":\"fi\",\"@id\":\"https:\\\/\\\/secure.gravatar.com\\\/avatar\\\/625a0e6413b293da7739d42617828d564a4d6028aec3f45d8939a2ba1617199f?s=96&d=blank&r=g\",\"url\":\"https:\\\/\\\/secure.gravatar.com\\\/avatar\\\/625a0e6413b293da7739d42617828d564a4d6028aec3f45d8939a2ba1617199f?s=96&d=blank&r=g\",\"contentUrl\":\"https:\\\/\\\/secure.gravatar.com\\\/avatar\\\/625a0e6413b293da7739d42617828d564a4d6028aec3f45d8939a2ba1617199f?s=96&d=blank&r=g\",\"caption\":\"Jenni\"},\"url\":\"https:\\\/\\\/jennipitko.fi\\\/koti\\\/author\\\/jenni\\\/\"}]}<\/script>\n<!-- \/ Yoast SEO plugin. -->","yoast_head_json":{"title":"Uusi tieliikennelaki vie Suomea kohti eurooppalaista py\u00f6r\u00e4ilykulttuuria - Jenni Pitko - Vihreiden varapuheenjohtaja, ymp\u00e4rist\u00f6valiokunnan puheenjohtaja, kansanedustaja ja arkkitehti Oulusta","robots":{"index":"index","follow":"follow","max-snippet":"max-snippet:-1","max-image-preview":"max-image-preview:large","max-video-preview":"max-video-preview:-1"},"canonical":"https:\/\/jennipitko.fi\/koti\/uusi-tieliikennelaki-vie-suomea-kohti-eurooppalaista-pyorailykulttuuria\/","og_locale":"fi_FI","og_type":"article","og_title":"Uusi tieliikennelaki vie Suomea kohti eurooppalaista py\u00f6r\u00e4ilykulttuuria - Jenni Pitko - Vihreiden varapuheenjohtaja, ymp\u00e4rist\u00f6valiokunnan puheenjohtaja, kansanedustaja ja arkkitehti Oulusta","og_description":"T\u00e4n\u00e4\u00e4n astuu voimaan uusi tieliikennelaki, joka parantaa merkitt\u00e4v\u00e4sti py\u00f6r\u00e4ilyn turvallisuutta sek\u00e4 kannustaa kuntia suunnittelemaan entist\u00e4 sujuvampia py\u00f6r\u00e4reittej\u00e4. Suomi on poikkeuksellinen [&hellip;]","og_url":"https:\/\/jennipitko.fi\/koti\/uusi-tieliikennelaki-vie-suomea-kohti-eurooppalaista-pyorailykulttuuria\/","og_site_name":"Jenni Pitko - Vihreiden varapuheenjohtaja, ymp\u00e4rist\u00f6valiokunnan puheenjohtaja, kansanedustaja ja arkkitehti Oulusta","article_published_time":"2020-06-01T08:11:26+00:00","article_modified_time":"2020-06-01T08:11:30+00:00","author":"Jenni","twitter_card":"summary_large_image","twitter_misc":{"Kirjoittanut":"Jenni","Arvioitu lukuaika":"2 minuuttia"},"schema":{"@context":"https:\/\/schema.org","@graph":[{"@type":"Article","@id":"https:\/\/jennipitko.fi\/koti\/uusi-tieliikennelaki-vie-suomea-kohti-eurooppalaista-pyorailykulttuuria\/#article","isPartOf":{"@id":"https:\/\/jennipitko.fi\/koti\/uusi-tieliikennelaki-vie-suomea-kohti-eurooppalaista-pyorailykulttuuria\/"},"author":{"name":"Jenni","@id":"https:\/\/jennipitko.fi\/koti\/#\/schema\/person\/35955c467f851f10124809310e7e7ee8"},"headline":"Uusi tieliikennelaki vie Suomea kohti eurooppalaista py\u00f6r\u00e4ilykulttuuria","datePublished":"2020-06-01T08:11:26+00:00","dateModified":"2020-06-01T08:11:30+00:00","mainEntityOfPage":{"@id":"https:\/\/jennipitko.fi\/koti\/uusi-tieliikennelaki-vie-suomea-kohti-eurooppalaista-pyorailykulttuuria\/"},"wordCount":468,"publisher":{"@id":"https:\/\/jennipitko.fi\/koti\/#organization"},"keywords":["ilmastonmuutos","liikenne","liikenneturvallisuus","py\u00f6r\u00e4ily","py\u00f6r\u00e4tie","tieliikennelaki"],"articleSection":["Blogi"],"inLanguage":"fi"},{"@type":"WebPage","@id":"https:\/\/jennipitko.fi\/koti\/uusi-tieliikennelaki-vie-suomea-kohti-eurooppalaista-pyorailykulttuuria\/","url":"https:\/\/jennipitko.fi\/koti\/uusi-tieliikennelaki-vie-suomea-kohti-eurooppalaista-pyorailykulttuuria\/","name":"Uusi tieliikennelaki vie Suomea kohti eurooppalaista py\u00f6r\u00e4ilykulttuuria - Jenni Pitko - Vihreiden varapuheenjohtaja, ymp\u00e4rist\u00f6valiokunnan puheenjohtaja, kansanedustaja ja arkkitehti Oulusta","isPartOf":{"@id":"https:\/\/jennipitko.fi\/koti\/#website"},"datePublished":"2020-06-01T08:11:26+00:00","dateModified":"2020-06-01T08:11:30+00:00","breadcrumb":{"@id":"https:\/\/jennipitko.fi\/koti\/uusi-tieliikennelaki-vie-suomea-kohti-eurooppalaista-pyorailykulttuuria\/#breadcrumb"},"inLanguage":"fi","potentialAction":[{"@type":"ReadAction","target":["https:\/\/jennipitko.fi\/koti\/uusi-tieliikennelaki-vie-suomea-kohti-eurooppalaista-pyorailykulttuuria\/"]}]},{"@type":"BreadcrumbList","@id":"https:\/\/jennipitko.fi\/koti\/uusi-tieliikennelaki-vie-suomea-kohti-eurooppalaista-pyorailykulttuuria\/#breadcrumb","itemListElement":[{"@type":"ListItem","position":1,"name":"Home","item":"https:\/\/jennipitko.fi\/koti\/"},{"@type":"ListItem","position":2,"name":"Uusi tieliikennelaki vie Suomea kohti eurooppalaista py\u00f6r\u00e4ilykulttuuria"}]},{"@type":"WebSite","@id":"https:\/\/jennipitko.fi\/koti\/#website","url":"https:\/\/jennipitko.fi\/koti\/","name":"Jenni Pitko - Vihreiden varapuheenjohtaja, ymp\u00e4rist\u00f6valiokunnan puheenjohtaja, kansanedustaja ja arkkitehti Oulusta","description":"Jenni Pitko - Vihreiden varapuheenjohtaja, ymp\u00e4rist\u00f6valiokunnan puheenjohtaja, kansanedustaja ja arkkitehti Oulusta","publisher":{"@id":"https:\/\/jennipitko.fi\/koti\/#organization"},"potentialAction":[{"@type":"SearchAction","target":{"@type":"EntryPoint","urlTemplate":"https:\/\/jennipitko.fi\/koti\/?s={search_term_string}"},"query-input":{"@type":"PropertyValueSpecification","valueRequired":true,"valueName":"search_term_string"}}],"inLanguage":"fi"},{"@type":"Organization","@id":"https:\/\/jennipitko.fi\/koti\/#organization","name":"Jenni Pitko - Vihreiden varapuheenjohtaja, ymp\u00e4rist\u00f6valiokunnan puheenjohtaja, kansanedustaja ja arkkitehti Oulusta","url":"https:\/\/jennipitko.fi\/koti\/","logo":{"@type":"ImageObject","inLanguage":"fi","@id":"https:\/\/jennipitko.fi\/koti\/#\/schema\/logo\/image\/","url":"https:\/\/jennipitko.fi\/koti\/wp-content\/uploads\/2025\/09\/Nimeton-malli-38.png","contentUrl":"https:\/\/jennipitko.fi\/koti\/wp-content\/uploads\/2025\/09\/Nimeton-malli-38.png","width":1280,"height":847,"caption":"Jenni Pitko - Vihreiden varapuheenjohtaja, ymp\u00e4rist\u00f6valiokunnan puheenjohtaja, kansanedustaja ja arkkitehti Oulusta"},"image":{"@id":"https:\/\/jennipitko.fi\/koti\/#\/schema\/logo\/image\/"}},{"@type":"Person","@id":"https:\/\/jennipitko.fi\/koti\/#\/schema\/person\/35955c467f851f10124809310e7e7ee8","name":"Jenni","image":{"@type":"ImageObject","inLanguage":"fi","@id":"https:\/\/secure.gravatar.com\/avatar\/625a0e6413b293da7739d42617828d564a4d6028aec3f45d8939a2ba1617199f?s=96&d=blank&r=g","url":"https:\/\/secure.gravatar.com\/avatar\/625a0e6413b293da7739d42617828d564a4d6028aec3f45d8939a2ba1617199f?s=96&d=blank&r=g","contentUrl":"https:\/\/secure.gravatar.com\/avatar\/625a0e6413b293da7739d42617828d564a4d6028aec3f45d8939a2ba1617199f?s=96&d=blank&r=g","caption":"Jenni"},"url":"https:\/\/jennipitko.fi\/koti\/author\/jenni\/"}]}},"_links":{"self":[{"href":"https:\/\/jennipitko.fi\/koti\/wp-json\/wp\/v2\/posts\/2327","targetHints":{"allow":["GET"]}}],"collection":[{"href":"https:\/\/jennipitko.fi\/koti\/wp-json\/wp\/v2\/posts"}],"about":[{"href":"https:\/\/jennipitko.fi\/koti\/wp-json\/wp\/v2\/types\/post"}],"author":[{"embeddable":true,"href":"https:\/\/jennipitko.fi\/koti\/wp-json\/wp\/v2\/users\/1"}],"replies":[{"embeddable":true,"href":"https:\/\/jennipitko.fi\/koti\/wp-json\/wp\/v2\/comments?post=2327"}],"version-history":[{"count":1,"href":"https:\/\/jennipitko.fi\/koti\/wp-json\/wp\/v2\/posts\/2327\/revisions"}],"predecessor-version":[{"id":2328,"href":"https:\/\/jennipitko.fi\/koti\/wp-json\/wp\/v2\/posts\/2327\/revisions\/2328"}],"wp:attachment":[{"href":"https:\/\/jennipitko.fi\/koti\/wp-json\/wp\/v2\/media?parent=2327"}],"wp:term":[{"taxonomy":"category","embeddable":true,"href":"https:\/\/jennipitko.fi\/koti\/wp-json\/wp\/v2\/categories?post=2327"},{"taxonomy":"post_tag","embeddable":true,"href":"https:\/\/jennipitko.fi\/koti\/wp-json\/wp\/v2\/tags?post=2327"}],"curies":[{"name":"wp","href":"https:\/\/api.w.org\/{rel}","templated":true}]}}