{"id":2329,"date":"2020-06-10T15:32:46","date_gmt":"2020-06-10T13:32:46","guid":{"rendered":"http:\/\/jennipitko.fi\/koti\/?p=2329"},"modified":"2020-06-11T08:12:26","modified_gmt":"2020-06-11T06:12:26","slug":"vihrea-elvytys-alkaa-nyt","status":"publish","type":"post","link":"https:\/\/jennipitko.fi\/koti\/vihrea-elvytys-alkaa-nyt\/","title":{"rendered":"Vihre\u00e4 elvytys alkaa nyt"},"content":{"rendered":"\n<p><strong>Eduskunta keskusteli t\u00e4n\u00e4\u00e4n vuoden nelj\u00e4nnest\u00e4 lis\u00e4talousarviosta, jolla autetaan koronan runtelemaa yhteiskuntaa, elvytet\u00e4\u00e4n vihre\u00e4sti ja aloitetaan yhteiskunnan ekologinen j\u00e4lleenrakennus.<\/strong><\/p>\n\n\n\n<p>Lis\u00e4talousarviot ovat hallituksen tapa t\u00e4ydent\u00e4\u00e4 valtion budjettia vuoden mittaa. T\u00e4n\u00e4\u00e4n eduskunnassa k\u00e4ytiin l\u00e4hetekeskustelu historiallisen suuresta lis\u00e4talousarviosta. Sen koko on 5,5 miljardia euroa.\u00a0<\/p>\n\n\n\n<p>Poikkeuksellinen koko selittyy poikkeusoloilla. Suomi ja koko maailma ovat vakavassa tilanteessa. Koronapandemia on laskenut ihmisten hyvinvointia, moni on menett\u00e4nyt toimeentulonsa ja yrityksi\u00e4 on kaatunut. Ihmishenki\u00e4 on menetetty my\u00f6s Suomessa.<\/p>\n\n\n\n<p>Samalla ilmastonmuutoksen ja luonnon monimuotoisuuden hupenemisen aiheuttamat uhat eiv\u00e4t ole poistuneet mihink\u00e4\u00e4n. P\u00e4invastoin: kest\u00e4vyyskriisin torjuminen on kiireellisemp\u00e4\u00e4 kuin koskaan aiemmin.<\/p>\n\n\n\n<p>Vihre\u00e4t on hallituspuolueena ollut mukana valmistelemassa historiallista lis\u00e4talousarviota, joka on askel oikeaan suuntaan ihmisen ja luonnon hyvinvoinnin turvaavan hiilineutraalin Suomen rakentamiseksi sek\u00e4 Suomen nostamiseksi takaisin jaloilleen.<\/p>\n\n\n\n<p>Lis\u00e4talousarviossa on lukuisia hyvi\u00e4 p\u00e4\u00e4t\u00f6ksi\u00e4, joilla tuetaan ihmisi\u00e4, yrityksi\u00e4 ja luontoa vaikeissa olosuhteissa. Yksi merkitt\u00e4v\u00e4 p\u00e4\u00e4t\u00f6s on miltei miljardin suuruinen rahoituspaketti julkiselle liikenteelle. Paketti muodostuu sek\u00e4 lis\u00e4talousarviosta ett\u00e4 valtion ja suurimpien kaupunkien (Oulu, Helsinki, Turku ja Tampere) v\u00e4lisist\u00e4 maank\u00e4yt\u00f6n, asumisen ja liikenteen sopimuksista (nk. MAL-sopimukset).&nbsp;<\/p>\n\n\n\n<p>Joukkoliikenteen lis\u00e4rahoituksen avulla k\u00e4ynnistet\u00e4\u00e4n muun muassa lukuisia uusia ratahankkeita, joilla sujuvoitetaan raideliikennett\u00e4 ymp\u00e4ri Suomea. Yksi hankkeista on Laurila-Haaparanta-radan s\u00e4hk\u00f6ist\u00e4minen, joka mahdollistaa henkil\u00f6liikenteen Oulusta Ruotsiin. Lis\u00e4ksi rahoituksella kompensoidaan joukkoliikenteen koronasta johtuvia lipputulomenetyksi\u00e4 sek\u00e4 k\u00e4ynnistet\u00e4\u00e4n k\u00e4vely\u00e4 ja py\u00f6r\u00e4ily\u00e4 parantavia tiehankkeita. N\u00e4m\u00e4 p\u00e4\u00e4t\u00f6kset lis\u00e4\u00e4v\u00e4t merkitt\u00e4v\u00e4sti v\u00e4h\u00e4p\u00e4\u00e4st\u00f6ist\u00e4 liikkumista.<\/p>\n\n\n\n<p>Lis\u00e4talousarvion avulla my\u00f6s vauhditetaan irtautumista fossiilisista polttoaineista. Valtio korottaa 45 miljoonalla eurolla tukia sellaisille kotitalouksien ja kuntien energiaremonteille, joilla luovutaan \u00f6ljyl\u00e4mmityksest\u00e4. Lis\u00e4ksi kasvatetaan tukia, joille my\u00f6nnet\u00e4\u00e4n uusia energiaratkaisuja kehitt\u00e4ville hankkeille ja edistet\u00e4\u00e4n puurakentamista.<\/p>\n\n\n\n<p>Lis\u00e4talousarvion kenties vaikuttavin p\u00e4\u00e4t\u00f6s on 300 miljoonan euron ilmastorahaston perustaminen. Sen avulla tuetaan Suomen siirtymist\u00e4 v\u00e4h\u00e4hiiliseen talouteen. Lis\u00e4ksi lis\u00e4rahoitusta my\u00f6nnet\u00e4\u00e4n luonnon ja erityisesti metsien suojeluun, \u00f6ljyonnettomuuksien torjuntaan It\u00e4merell\u00e4 sek\u00e4 luonnon virkistysk\u00e4ytt\u00f6alueiden kunnostamiseen.<\/p>\n\n\n\n<p>Olen valtavan iloinen n\u00e4ist\u00e4 p\u00e4\u00e4t\u00f6ksist\u00e4, joilla tuetaan kaikkia suomalaisia ihmisi\u00e4, kuntia sek\u00e4 yrityksi\u00e4 siten, ett\u00e4 samalla rakennamme yhteiskunnastamme kest\u00e4v\u00e4\u00e4. T\u00e4rkein teht\u00e4v\u00e4mme on nyt vahvistaa uskoa tulevaisuuteen, elvytt\u00e4\u00e4 taloutta vihre\u00e4sti sek\u00e4 auttaa Suomi ulos koronakriisist\u00e4. Hallituksen is\u00e4talousarvio on askel oikeaan suuntaan n\u00e4iden tavoitteiden saavuttamiseksi.<\/p>\n","protected":false},"excerpt":{"rendered":"<p>Eduskunta keskusteli t\u00e4n\u00e4\u00e4n vuoden nelj\u00e4nnest\u00e4 lis\u00e4talousarviosta, jolla autetaan koronan runtelemaa yhteiskuntaa, elvytet\u00e4\u00e4n vihre\u00e4sti ja aloitetaan yhteiskunnan ekologinen j\u00e4lleenrakennus. Lis\u00e4talousarviot ovat [&hellip;]<\/p>\n","protected":false},"author":1,"featured_media":0,"comment_status":"closed","ping_status":"closed","sticky":false,"template":"","format":"standard","meta":{"_monsterinsights_skip_tracking":false,"_monsterinsights_sitenote_active":false,"_monsterinsights_sitenote_note":"","_monsterinsights_sitenote_category":0,"site-sidebar-layout":"default","site-content-layout":"","ast-site-content-layout":"default","site-content-style":"default","site-sidebar-style":"default","ast-global-header-display":"","ast-banner-title-visibility":"","ast-main-header-display":"","ast-hfb-above-header-display":"","ast-hfb-below-header-display":"","ast-hfb-mobile-header-display":"","site-post-title":"","ast-breadcrumbs-content":"","ast-featured-img":"","footer-sml-layout":"","ast-disable-related-posts":"","theme-transparent-header-meta":"","adv-header-id-meta":"","stick-header-meta":"","header-above-stick-meta":"","header-main-stick-meta":"","header-below-stick-meta":"","astra-migrate-meta-layouts":"default","ast-page-background-enabled":"default","ast-page-background-meta":{"desktop":{"background-color":"var(--ast-global-color-5)","background-image":"","background-repeat":"repeat","background-position":"center center","background-size":"auto","background-attachment":"scroll","background-type":"","background-media":"","overlay-type":"","overlay-color":"","overlay-opacity":"","overlay-gradient":""},"tablet":{"background-color":"","background-image":"","background-repeat":"repeat","background-position":"center center","background-size":"auto","background-attachment":"scroll","background-type":"","background-media":"","overlay-type":"","overlay-color":"","overlay-opacity":"","overlay-gradient":""},"mobile":{"background-color":"","background-image":"","background-repeat":"repeat","background-position":"center center","background-size":"auto","background-attachment":"scroll","background-type":"","background-media":"","overlay-type":"","overlay-color":"","overlay-opacity":"","overlay-gradient":""}},"ast-content-background-meta":{"desktop":{"background-color":"var(--ast-global-color-4)","background-image":"","background-repeat":"repeat","background-position":"center center","background-size":"auto","background-attachment":"scroll","background-type":"","background-media":"","overlay-type":"","overlay-color":"","overlay-opacity":"","overlay-gradient":""},"tablet":{"background-color":"var(--ast-global-color-4)","background-image":"","background-repeat":"repeat","background-position":"center center","background-size":"auto","background-attachment":"scroll","background-type":"","background-media":"","overlay-type":"","overlay-color":"","overlay-opacity":"","overlay-gradient":""},"mobile":{"background-color":"var(--ast-global-color-4)","background-image":"","background-repeat":"repeat","background-position":"center center","background-size":"auto","background-attachment":"scroll","background-type":"","background-media":"","overlay-type":"","overlay-color":"","overlay-opacity":"","overlay-gradient":""}},"footnotes":""},"categories":[2],"tags":[407,338,296,380,291,406],"class_list":["post-2329","post","type-post","status-publish","format-standard","hentry","category-blogi","tag-ekologinen-jalleenrakentaminen","tag-juna","tag-junamatkustaminen","tag-korona","tag-raideliikenne","tag-vihrea-elvytys"],"yoast_head":"<!-- This site is optimized with the Yoast SEO plugin v27.5 - https:\/\/yoast.com\/product\/yoast-seo-wordpress\/ -->\n<title>Vihre\u00e4 elvytys alkaa nyt - Jenni Pitko - Vihreiden varapuheenjohtaja, ymp\u00e4rist\u00f6valiokunnan puheenjohtaja, kansanedustaja ja arkkitehti Oulusta<\/title>\n<meta name=\"robots\" content=\"index, follow, max-snippet:-1, max-image-preview:large, max-video-preview:-1\" \/>\n<link rel=\"canonical\" href=\"https:\/\/jennipitko.fi\/koti\/vihrea-elvytys-alkaa-nyt\/\" \/>\n<meta property=\"og:locale\" content=\"fi_FI\" \/>\n<meta property=\"og:type\" content=\"article\" \/>\n<meta property=\"og:title\" content=\"Vihre\u00e4 elvytys alkaa nyt - Jenni Pitko - Vihreiden varapuheenjohtaja, ymp\u00e4rist\u00f6valiokunnan puheenjohtaja, kansanedustaja ja arkkitehti Oulusta\" \/>\n<meta property=\"og:description\" content=\"Eduskunta keskusteli t\u00e4n\u00e4\u00e4n vuoden nelj\u00e4nnest\u00e4 lis\u00e4talousarviosta, jolla autetaan koronan runtelemaa yhteiskuntaa, elvytet\u00e4\u00e4n vihre\u00e4sti ja aloitetaan yhteiskunnan ekologinen j\u00e4lleenrakennus. Lis\u00e4talousarviot ovat [&hellip;]\" \/>\n<meta property=\"og:url\" content=\"https:\/\/jennipitko.fi\/koti\/vihrea-elvytys-alkaa-nyt\/\" \/>\n<meta property=\"og:site_name\" content=\"Jenni Pitko - Vihreiden varapuheenjohtaja, ymp\u00e4rist\u00f6valiokunnan puheenjohtaja, kansanedustaja ja arkkitehti Oulusta\" \/>\n<meta property=\"article:published_time\" content=\"2020-06-10T13:32:46+00:00\" \/>\n<meta property=\"article:modified_time\" content=\"2020-06-11T06:12:26+00:00\" \/>\n<meta name=\"author\" content=\"Jenni\" \/>\n<meta name=\"twitter:card\" content=\"summary_large_image\" \/>\n<meta name=\"twitter:label1\" content=\"Kirjoittanut\" \/>\n\t<meta name=\"twitter:data1\" content=\"Jenni\" \/>\n\t<meta name=\"twitter:label2\" content=\"Arvioitu lukuaika\" \/>\n\t<meta name=\"twitter:data2\" content=\"2 minuuttia\" \/>\n<script type=\"application\/ld+json\" class=\"yoast-schema-graph\">{\"@context\":\"https:\\\/\\\/schema.org\",\"@graph\":[{\"@type\":\"Article\",\"@id\":\"https:\\\/\\\/jennipitko.fi\\\/koti\\\/vihrea-elvytys-alkaa-nyt\\\/#article\",\"isPartOf\":{\"@id\":\"https:\\\/\\\/jennipitko.fi\\\/koti\\\/vihrea-elvytys-alkaa-nyt\\\/\"},\"author\":{\"name\":\"Jenni\",\"@id\":\"https:\\\/\\\/jennipitko.fi\\\/koti\\\/#\\\/schema\\\/person\\\/35955c467f851f10124809310e7e7ee8\"},\"headline\":\"Vihre\u00e4 elvytys alkaa nyt\",\"datePublished\":\"2020-06-10T13:32:46+00:00\",\"dateModified\":\"2020-06-11T06:12:26+00:00\",\"mainEntityOfPage\":{\"@id\":\"https:\\\/\\\/jennipitko.fi\\\/koti\\\/vihrea-elvytys-alkaa-nyt\\\/\"},\"wordCount\":401,\"publisher\":{\"@id\":\"https:\\\/\\\/jennipitko.fi\\\/koti\\\/#organization\"},\"keywords\":[\"ekologinen j\u00e4lleenrakentaminen\",\"juna\",\"junamatkustaminen\",\"korona\",\"raideliikenne\",\"vihre\u00e4 elvytys\"],\"articleSection\":[\"Blogi\"],\"inLanguage\":\"fi\"},{\"@type\":\"WebPage\",\"@id\":\"https:\\\/\\\/jennipitko.fi\\\/koti\\\/vihrea-elvytys-alkaa-nyt\\\/\",\"url\":\"https:\\\/\\\/jennipitko.fi\\\/koti\\\/vihrea-elvytys-alkaa-nyt\\\/\",\"name\":\"Vihre\u00e4 elvytys alkaa nyt - Jenni Pitko - Vihreiden varapuheenjohtaja, ymp\u00e4rist\u00f6valiokunnan puheenjohtaja, kansanedustaja ja arkkitehti Oulusta\",\"isPartOf\":{\"@id\":\"https:\\\/\\\/jennipitko.fi\\\/koti\\\/#website\"},\"datePublished\":\"2020-06-10T13:32:46+00:00\",\"dateModified\":\"2020-06-11T06:12:26+00:00\",\"breadcrumb\":{\"@id\":\"https:\\\/\\\/jennipitko.fi\\\/koti\\\/vihrea-elvytys-alkaa-nyt\\\/#breadcrumb\"},\"inLanguage\":\"fi\",\"potentialAction\":[{\"@type\":\"ReadAction\",\"target\":[\"https:\\\/\\\/jennipitko.fi\\\/koti\\\/vihrea-elvytys-alkaa-nyt\\\/\"]}]},{\"@type\":\"BreadcrumbList\",\"@id\":\"https:\\\/\\\/jennipitko.fi\\\/koti\\\/vihrea-elvytys-alkaa-nyt\\\/#breadcrumb\",\"itemListElement\":[{\"@type\":\"ListItem\",\"position\":1,\"name\":\"Home\",\"item\":\"https:\\\/\\\/jennipitko.fi\\\/koti\\\/\"},{\"@type\":\"ListItem\",\"position\":2,\"name\":\"Vihre\u00e4 elvytys alkaa nyt\"}]},{\"@type\":\"WebSite\",\"@id\":\"https:\\\/\\\/jennipitko.fi\\\/koti\\\/#website\",\"url\":\"https:\\\/\\\/jennipitko.fi\\\/koti\\\/\",\"name\":\"Jenni Pitko - Vihreiden varapuheenjohtaja, ymp\u00e4rist\u00f6valiokunnan puheenjohtaja, kansanedustaja ja arkkitehti Oulusta\",\"description\":\"Jenni Pitko - Vihreiden varapuheenjohtaja, ymp\u00e4rist\u00f6valiokunnan puheenjohtaja, kansanedustaja ja arkkitehti Oulusta\",\"publisher\":{\"@id\":\"https:\\\/\\\/jennipitko.fi\\\/koti\\\/#organization\"},\"potentialAction\":[{\"@type\":\"SearchAction\",\"target\":{\"@type\":\"EntryPoint\",\"urlTemplate\":\"https:\\\/\\\/jennipitko.fi\\\/koti\\\/?s={search_term_string}\"},\"query-input\":{\"@type\":\"PropertyValueSpecification\",\"valueRequired\":true,\"valueName\":\"search_term_string\"}}],\"inLanguage\":\"fi\"},{\"@type\":\"Organization\",\"@id\":\"https:\\\/\\\/jennipitko.fi\\\/koti\\\/#organization\",\"name\":\"Jenni Pitko - Vihreiden varapuheenjohtaja, ymp\u00e4rist\u00f6valiokunnan puheenjohtaja, kansanedustaja ja arkkitehti Oulusta\",\"url\":\"https:\\\/\\\/jennipitko.fi\\\/koti\\\/\",\"logo\":{\"@type\":\"ImageObject\",\"inLanguage\":\"fi\",\"@id\":\"https:\\\/\\\/jennipitko.fi\\\/koti\\\/#\\\/schema\\\/logo\\\/image\\\/\",\"url\":\"https:\\\/\\\/jennipitko.fi\\\/koti\\\/wp-content\\\/uploads\\\/2025\\\/09\\\/Nimeton-malli-38.png\",\"contentUrl\":\"https:\\\/\\\/jennipitko.fi\\\/koti\\\/wp-content\\\/uploads\\\/2025\\\/09\\\/Nimeton-malli-38.png\",\"width\":1280,\"height\":847,\"caption\":\"Jenni Pitko - Vihreiden varapuheenjohtaja, ymp\u00e4rist\u00f6valiokunnan puheenjohtaja, kansanedustaja ja arkkitehti Oulusta\"},\"image\":{\"@id\":\"https:\\\/\\\/jennipitko.fi\\\/koti\\\/#\\\/schema\\\/logo\\\/image\\\/\"}},{\"@type\":\"Person\",\"@id\":\"https:\\\/\\\/jennipitko.fi\\\/koti\\\/#\\\/schema\\\/person\\\/35955c467f851f10124809310e7e7ee8\",\"name\":\"Jenni\",\"image\":{\"@type\":\"ImageObject\",\"inLanguage\":\"fi\",\"@id\":\"https:\\\/\\\/secure.gravatar.com\\\/avatar\\\/625a0e6413b293da7739d42617828d564a4d6028aec3f45d8939a2ba1617199f?s=96&d=blank&r=g\",\"url\":\"https:\\\/\\\/secure.gravatar.com\\\/avatar\\\/625a0e6413b293da7739d42617828d564a4d6028aec3f45d8939a2ba1617199f?s=96&d=blank&r=g\",\"contentUrl\":\"https:\\\/\\\/secure.gravatar.com\\\/avatar\\\/625a0e6413b293da7739d42617828d564a4d6028aec3f45d8939a2ba1617199f?s=96&d=blank&r=g\",\"caption\":\"Jenni\"},\"url\":\"https:\\\/\\\/jennipitko.fi\\\/koti\\\/author\\\/jenni\\\/\"}]}<\/script>\n<!-- \/ Yoast SEO plugin. -->","yoast_head_json":{"title":"Vihre\u00e4 elvytys alkaa nyt - Jenni Pitko - Vihreiden varapuheenjohtaja, ymp\u00e4rist\u00f6valiokunnan puheenjohtaja, kansanedustaja ja arkkitehti Oulusta","robots":{"index":"index","follow":"follow","max-snippet":"max-snippet:-1","max-image-preview":"max-image-preview:large","max-video-preview":"max-video-preview:-1"},"canonical":"https:\/\/jennipitko.fi\/koti\/vihrea-elvytys-alkaa-nyt\/","og_locale":"fi_FI","og_type":"article","og_title":"Vihre\u00e4 elvytys alkaa nyt - Jenni Pitko - Vihreiden varapuheenjohtaja, ymp\u00e4rist\u00f6valiokunnan puheenjohtaja, kansanedustaja ja arkkitehti Oulusta","og_description":"Eduskunta keskusteli t\u00e4n\u00e4\u00e4n vuoden nelj\u00e4nnest\u00e4 lis\u00e4talousarviosta, jolla autetaan koronan runtelemaa yhteiskuntaa, elvytet\u00e4\u00e4n vihre\u00e4sti ja aloitetaan yhteiskunnan ekologinen j\u00e4lleenrakennus. Lis\u00e4talousarviot ovat [&hellip;]","og_url":"https:\/\/jennipitko.fi\/koti\/vihrea-elvytys-alkaa-nyt\/","og_site_name":"Jenni Pitko - Vihreiden varapuheenjohtaja, ymp\u00e4rist\u00f6valiokunnan puheenjohtaja, kansanedustaja ja arkkitehti Oulusta","article_published_time":"2020-06-10T13:32:46+00:00","article_modified_time":"2020-06-11T06:12:26+00:00","author":"Jenni","twitter_card":"summary_large_image","twitter_misc":{"Kirjoittanut":"Jenni","Arvioitu lukuaika":"2 minuuttia"},"schema":{"@context":"https:\/\/schema.org","@graph":[{"@type":"Article","@id":"https:\/\/jennipitko.fi\/koti\/vihrea-elvytys-alkaa-nyt\/#article","isPartOf":{"@id":"https:\/\/jennipitko.fi\/koti\/vihrea-elvytys-alkaa-nyt\/"},"author":{"name":"Jenni","@id":"https:\/\/jennipitko.fi\/koti\/#\/schema\/person\/35955c467f851f10124809310e7e7ee8"},"headline":"Vihre\u00e4 elvytys alkaa nyt","datePublished":"2020-06-10T13:32:46+00:00","dateModified":"2020-06-11T06:12:26+00:00","mainEntityOfPage":{"@id":"https:\/\/jennipitko.fi\/koti\/vihrea-elvytys-alkaa-nyt\/"},"wordCount":401,"publisher":{"@id":"https:\/\/jennipitko.fi\/koti\/#organization"},"keywords":["ekologinen j\u00e4lleenrakentaminen","juna","junamatkustaminen","korona","raideliikenne","vihre\u00e4 elvytys"],"articleSection":["Blogi"],"inLanguage":"fi"},{"@type":"WebPage","@id":"https:\/\/jennipitko.fi\/koti\/vihrea-elvytys-alkaa-nyt\/","url":"https:\/\/jennipitko.fi\/koti\/vihrea-elvytys-alkaa-nyt\/","name":"Vihre\u00e4 elvytys alkaa nyt - Jenni Pitko - Vihreiden varapuheenjohtaja, ymp\u00e4rist\u00f6valiokunnan puheenjohtaja, kansanedustaja ja arkkitehti Oulusta","isPartOf":{"@id":"https:\/\/jennipitko.fi\/koti\/#website"},"datePublished":"2020-06-10T13:32:46+00:00","dateModified":"2020-06-11T06:12:26+00:00","breadcrumb":{"@id":"https:\/\/jennipitko.fi\/koti\/vihrea-elvytys-alkaa-nyt\/#breadcrumb"},"inLanguage":"fi","potentialAction":[{"@type":"ReadAction","target":["https:\/\/jennipitko.fi\/koti\/vihrea-elvytys-alkaa-nyt\/"]}]},{"@type":"BreadcrumbList","@id":"https:\/\/jennipitko.fi\/koti\/vihrea-elvytys-alkaa-nyt\/#breadcrumb","itemListElement":[{"@type":"ListItem","position":1,"name":"Home","item":"https:\/\/jennipitko.fi\/koti\/"},{"@type":"ListItem","position":2,"name":"Vihre\u00e4 elvytys alkaa nyt"}]},{"@type":"WebSite","@id":"https:\/\/jennipitko.fi\/koti\/#website","url":"https:\/\/jennipitko.fi\/koti\/","name":"Jenni Pitko - Vihreiden varapuheenjohtaja, ymp\u00e4rist\u00f6valiokunnan puheenjohtaja, kansanedustaja ja arkkitehti Oulusta","description":"Jenni Pitko - Vihreiden varapuheenjohtaja, ymp\u00e4rist\u00f6valiokunnan puheenjohtaja, kansanedustaja ja arkkitehti Oulusta","publisher":{"@id":"https:\/\/jennipitko.fi\/koti\/#organization"},"potentialAction":[{"@type":"SearchAction","target":{"@type":"EntryPoint","urlTemplate":"https:\/\/jennipitko.fi\/koti\/?s={search_term_string}"},"query-input":{"@type":"PropertyValueSpecification","valueRequired":true,"valueName":"search_term_string"}}],"inLanguage":"fi"},{"@type":"Organization","@id":"https:\/\/jennipitko.fi\/koti\/#organization","name":"Jenni Pitko - Vihreiden varapuheenjohtaja, ymp\u00e4rist\u00f6valiokunnan puheenjohtaja, kansanedustaja ja arkkitehti Oulusta","url":"https:\/\/jennipitko.fi\/koti\/","logo":{"@type":"ImageObject","inLanguage":"fi","@id":"https:\/\/jennipitko.fi\/koti\/#\/schema\/logo\/image\/","url":"https:\/\/jennipitko.fi\/koti\/wp-content\/uploads\/2025\/09\/Nimeton-malli-38.png","contentUrl":"https:\/\/jennipitko.fi\/koti\/wp-content\/uploads\/2025\/09\/Nimeton-malli-38.png","width":1280,"height":847,"caption":"Jenni Pitko - Vihreiden varapuheenjohtaja, ymp\u00e4rist\u00f6valiokunnan puheenjohtaja, kansanedustaja ja arkkitehti Oulusta"},"image":{"@id":"https:\/\/jennipitko.fi\/koti\/#\/schema\/logo\/image\/"}},{"@type":"Person","@id":"https:\/\/jennipitko.fi\/koti\/#\/schema\/person\/35955c467f851f10124809310e7e7ee8","name":"Jenni","image":{"@type":"ImageObject","inLanguage":"fi","@id":"https:\/\/secure.gravatar.com\/avatar\/625a0e6413b293da7739d42617828d564a4d6028aec3f45d8939a2ba1617199f?s=96&d=blank&r=g","url":"https:\/\/secure.gravatar.com\/avatar\/625a0e6413b293da7739d42617828d564a4d6028aec3f45d8939a2ba1617199f?s=96&d=blank&r=g","contentUrl":"https:\/\/secure.gravatar.com\/avatar\/625a0e6413b293da7739d42617828d564a4d6028aec3f45d8939a2ba1617199f?s=96&d=blank&r=g","caption":"Jenni"},"url":"https:\/\/jennipitko.fi\/koti\/author\/jenni\/"}]}},"_links":{"self":[{"href":"https:\/\/jennipitko.fi\/koti\/wp-json\/wp\/v2\/posts\/2329","targetHints":{"allow":["GET"]}}],"collection":[{"href":"https:\/\/jennipitko.fi\/koti\/wp-json\/wp\/v2\/posts"}],"about":[{"href":"https:\/\/jennipitko.fi\/koti\/wp-json\/wp\/v2\/types\/post"}],"author":[{"embeddable":true,"href":"https:\/\/jennipitko.fi\/koti\/wp-json\/wp\/v2\/users\/1"}],"replies":[{"embeddable":true,"href":"https:\/\/jennipitko.fi\/koti\/wp-json\/wp\/v2\/comments?post=2329"}],"version-history":[{"count":1,"href":"https:\/\/jennipitko.fi\/koti\/wp-json\/wp\/v2\/posts\/2329\/revisions"}],"predecessor-version":[{"id":2332,"href":"https:\/\/jennipitko.fi\/koti\/wp-json\/wp\/v2\/posts\/2329\/revisions\/2332"}],"wp:attachment":[{"href":"https:\/\/jennipitko.fi\/koti\/wp-json\/wp\/v2\/media?parent=2329"}],"wp:term":[{"taxonomy":"category","embeddable":true,"href":"https:\/\/jennipitko.fi\/koti\/wp-json\/wp\/v2\/categories?post=2329"},{"taxonomy":"post_tag","embeddable":true,"href":"https:\/\/jennipitko.fi\/koti\/wp-json\/wp\/v2\/tags?post=2329"}],"curies":[{"name":"wp","href":"https:\/\/api.w.org\/{rel}","templated":true}]}}