{"id":2334,"date":"2020-06-22T08:26:36","date_gmt":"2020-06-22T06:26:36","guid":{"rendered":"http:\/\/jennipitko.fi\/koti\/?p=2334"},"modified":"2020-06-22T08:26:38","modified_gmt":"2020-06-22T06:26:38","slug":"turkistarhaus-lopetettava-viiden-vuoden-siirtymaajalla","status":"publish","type":"post","link":"https:\/\/jennipitko.fi\/koti\/turkistarhaus-lopetettava-viiden-vuoden-siirtymaajalla\/","title":{"rendered":"Turkistarhaus lopetettava viiden vuoden siirtym\u00e4ajalla"},"content":{"rendered":"\n<p><strong>Maa- ja mets\u00e4talousministeri\u00f6 valmistelee parhaillaan uutta turkisasetusta. Sen tavoitteena tulee olla turkisel\u00e4inten elinolojen merkitt\u00e4v\u00e4 parantaminen sek\u00e4 koko alan hallittuun alasajoon valmistautuminen<\/strong><\/p>\n\n\n\n<p>Vaikka ymm\u00e4rrys el\u00e4inten oikeuksista on viime vuosina lis\u00e4\u00e4ntynyt, ei suunnitelmaa el\u00e4intuotannon julmimman muodon, turkistarhauksen, alasajosta ole viel\u00e4k\u00e4\u00e4n tehty. Me Vihre\u00e4t olemme jo pitk\u00e4\u00e4n vaatineet turkistarhauksen hallittua alasajoa, joka teht\u00e4isiin turkistuottajien kannalta reilusti.<\/p>\n\n\n\n<p>El\u00e4inten olosuhteet turkistarhoilla ovat siet\u00e4m\u00e4tt\u00f6m\u00e4t, eik\u00e4 turkisel\u00e4inten hyvinvointia ole onnistuttu parantamaan riitt\u00e4v\u00e4sti vapaaehtoisin keinoin. Siksi jopa yli 70 % suomalaisista vastustaa nykymuotoista turkistarhausta, ja alan kannattavuus on hyvin heikko. Ihmiset tahtovat, ett\u00e4 el\u00e4imi\u00e4 kohdellaan hyvin.<\/p>\n\n\n\n<p>Monissa muissa pohjoismaissa turkistarhausta on jo rajoitettu. Ruotsissa ja Tanskassa ei tarhata kettuja, ja Norjassa turkistarhaus on kielletty kokonaan. Suomi on pahasti muita pohjoismaita j\u00e4ljess\u00e4.<\/p>\n\n\n\n<p>Olisi my\u00f6s tarhaajien etu, ett\u00e4 koko ala ajettaisiin alas hallitusti Suomessa. Turkisten kysynt\u00e4 tulee nimitt\u00e4in hiipumaan ennest\u00e4\u00e4n tulevina vuosina. Yh\u00e4 useampi muotitalo on jo lopettanut turkisten k\u00e4yt\u00f6n kokonaan niiden ep\u00e4eettisyyden vuoksi.&nbsp;<\/p>\n\n\n\n<p>Turkistarhauksesta luopuminen on osa koko suomalaisen yhteiskunnan muutosta kohti maata, jossa sek\u00e4 ihmisten ett\u00e4 el\u00e4inten on hyv\u00e4 olla. On selv\u00e4\u00e4, ett\u00e4 muutoksen on oltava reilu my\u00f6s turkistarhaajien kannalta eik\u00e4 ket\u00e4\u00e4n saa ajaa kohtuuttomaan tilanteeseen.&nbsp;<\/p>\n\n\n\n<p>Siksi turkistarhauksesta luopumista on tuettava reilun muutoksen siirtym\u00e4tuella, joka auttaa tarhaajia siirtym\u00e4\u00e4n uuteen elinkeinoon. Siirtym\u00e4tukea voitaisiin jakaa seuraavan viiden vuoden ajan kaikille turkistarhaajille samalla, kun elinkeino kiellett\u00e4isiin lailla. Tuki tarkoittaisi esimerkiksi uraneuvontaa ja -valmennusta, muutos- ja investointitukia, opintoseteleit\u00e4, yritysneuvontaa ja muuta tarpeellista tukea sek\u00e4 muutosturvaa mahdollistaen my\u00f6s aikaisemman el\u00e4k\u00f6itymisen.&nbsp;<\/p>\n\n\n\n<p>Uuden turkisasetuksen on koko elinkeinon hallitun lopettamisen lis\u00e4ksi parannettava el\u00e4inten hyvinvointia my\u00f6s alasajon aikana. Olennaista on mahdollistaa pikaisesti el\u00e4inten lajityypillinen k\u00e4ytt\u00e4ytyminen, josta sovittu my\u00f6s hallitusohjelman el\u00e4inten hyvinvointilakia koskevassa kirjauksessa.<\/p>\n\n\n\n<p>Lajityypillisen k\u00e4ytt\u00e4ytymisen mahdollistaminen tarkoittaa ett\u00e4 turkistarhoilla esimerkiksi minkkien olisi p\u00e4\u00e4st\u00e4v\u00e4 uimaan ja kiipeilem\u00e4\u00e4n ja supikoirien talviunille. Turkisasetuksessa tulee my\u00f6s kielt\u00e4\u00e4 kokonaan verkkopohjaiset h\u00e4kit, kasvattaa h\u00e4kkien kokoa ja turvata el\u00e4imille jatkuva p\u00e4\u00e4sy sulan juomaveden \u00e4\u00e4reen.&nbsp;<\/p>\n\n\n\n<p>On selv\u00e4\u00e4, ett\u00e4 ty\u00f6mme el\u00e4inten hyvinvoinnin puolesta jatkuu, vaikka kaikkea ei saataisikaan t\u00e4ll\u00e4 hallituskaudella valmiiksi. Tahdon kiitt\u00e4\u00e4 jokaista el\u00e4inten oikeuksia puolustavaa kansalaista yhteydenotoista ja viesteist\u00e4. Te teette arvokasta ty\u00f6t\u00e4 puolustaessanne heit\u00e4, jotka eiv\u00e4t itse voi \u00e4\u00e4nt\u00e4\u00e4n k\u00e4ytt\u00e4\u00e4. Toivon, ett\u00e4 jatkossa yh\u00e4 useampi poliitikkokin her\u00e4\u00e4 vastustamaan sit\u00e4 kaltoinkohtelua, mit\u00e4 turkistarhaus el\u00e4imille aiheuttaa.<\/p>\n","protected":false},"excerpt":{"rendered":"<p>Maa- ja mets\u00e4talousministeri\u00f6 valmistelee parhaillaan uutta turkisasetusta. Sen tavoitteena tulee olla turkisel\u00e4inten elinolojen merkitt\u00e4v\u00e4 parantaminen sek\u00e4 koko alan hallittuun alasajoon [&hellip;]<\/p>\n","protected":false},"author":1,"featured_media":0,"comment_status":"closed","ping_status":"closed","sticky":false,"template":"","format":"standard","meta":{"_monsterinsights_skip_tracking":false,"_monsterinsights_sitenote_active":false,"_monsterinsights_sitenote_note":"","_monsterinsights_sitenote_category":0,"site-sidebar-layout":"default","site-content-layout":"","ast-site-content-layout":"default","site-content-style":"default","site-sidebar-style":"default","ast-global-header-display":"","ast-banner-title-visibility":"","ast-main-header-display":"","ast-hfb-above-header-display":"","ast-hfb-below-header-display":"","ast-hfb-mobile-header-display":"","site-post-title":"","ast-breadcrumbs-content":"","ast-featured-img":"","footer-sml-layout":"","ast-disable-related-posts":"","theme-transparent-header-meta":"","adv-header-id-meta":"","stick-header-meta":"","header-above-stick-meta":"","header-main-stick-meta":"","header-below-stick-meta":"","astra-migrate-meta-layouts":"default","ast-page-background-enabled":"default","ast-page-background-meta":{"desktop":{"background-color":"var(--ast-global-color-5)","background-image":"","background-repeat":"repeat","background-position":"center center","background-size":"auto","background-attachment":"scroll","background-type":"","background-media":"","overlay-type":"","overlay-color":"","overlay-opacity":"","overlay-gradient":""},"tablet":{"background-color":"","background-image":"","background-repeat":"repeat","background-position":"center center","background-size":"auto","background-attachment":"scroll","background-type":"","background-media":"","overlay-type":"","overlay-color":"","overlay-opacity":"","overlay-gradient":""},"mobile":{"background-color":"","background-image":"","background-repeat":"repeat","background-position":"center center","background-size":"auto","background-attachment":"scroll","background-type":"","background-media":"","overlay-type":"","overlay-color":"","overlay-opacity":"","overlay-gradient":""}},"ast-content-background-meta":{"desktop":{"background-color":"var(--ast-global-color-4)","background-image":"","background-repeat":"repeat","background-position":"center center","background-size":"auto","background-attachment":"scroll","background-type":"","background-media":"","overlay-type":"","overlay-color":"","overlay-opacity":"","overlay-gradient":""},"tablet":{"background-color":"var(--ast-global-color-4)","background-image":"","background-repeat":"repeat","background-position":"center center","background-size":"auto","background-attachment":"scroll","background-type":"","background-media":"","overlay-type":"","overlay-color":"","overlay-opacity":"","overlay-gradient":""},"mobile":{"background-color":"var(--ast-global-color-4)","background-image":"","background-repeat":"repeat","background-position":"center center","background-size":"auto","background-attachment":"scroll","background-type":"","background-media":"","overlay-type":"","overlay-color":"","overlay-opacity":"","overlay-gradient":""}},"footnotes":""},"categories":[2,117],"tags":[410,90,413,414,412,411,409,408],"class_list":["post-2334","post","type-post","status-publish","format-standard","hentry","category-blogi","category-tiedotteet","tag-elainoikeudet","tag-elainten-oikeudet","tag-elaintuotanto","tag-reilu-muutos","tag-turkikset","tag-turkis","tag-turkisasetus","tag-turkistarhaus"],"yoast_head":"<!-- This site is optimized with the Yoast SEO plugin v27.5 - https:\/\/yoast.com\/product\/yoast-seo-wordpress\/ -->\n<title>Turkistarhaus lopetettava viiden vuoden siirtym\u00e4ajalla - Jenni Pitko - Vihreiden varapuheenjohtaja, ymp\u00e4rist\u00f6valiokunnan puheenjohtaja, kansanedustaja ja arkkitehti Oulusta<\/title>\n<meta name=\"robots\" content=\"index, follow, max-snippet:-1, max-image-preview:large, max-video-preview:-1\" \/>\n<link rel=\"canonical\" href=\"https:\/\/jennipitko.fi\/koti\/turkistarhaus-lopetettava-viiden-vuoden-siirtymaajalla\/\" \/>\n<meta property=\"og:locale\" content=\"fi_FI\" \/>\n<meta property=\"og:type\" content=\"article\" \/>\n<meta property=\"og:title\" content=\"Turkistarhaus lopetettava viiden vuoden siirtym\u00e4ajalla - Jenni Pitko - Vihreiden varapuheenjohtaja, ymp\u00e4rist\u00f6valiokunnan puheenjohtaja, kansanedustaja ja arkkitehti Oulusta\" \/>\n<meta property=\"og:description\" content=\"Maa- ja mets\u00e4talousministeri\u00f6 valmistelee parhaillaan uutta turkisasetusta. Sen tavoitteena tulee olla turkisel\u00e4inten elinolojen merkitt\u00e4v\u00e4 parantaminen sek\u00e4 koko alan hallittuun alasajoon [&hellip;]\" \/>\n<meta property=\"og:url\" content=\"https:\/\/jennipitko.fi\/koti\/turkistarhaus-lopetettava-viiden-vuoden-siirtymaajalla\/\" \/>\n<meta property=\"og:site_name\" content=\"Jenni Pitko - Vihreiden varapuheenjohtaja, ymp\u00e4rist\u00f6valiokunnan puheenjohtaja, kansanedustaja ja arkkitehti Oulusta\" \/>\n<meta property=\"article:published_time\" content=\"2020-06-22T06:26:36+00:00\" \/>\n<meta property=\"article:modified_time\" content=\"2020-06-22T06:26:38+00:00\" \/>\n<meta name=\"author\" content=\"Jenni\" \/>\n<meta name=\"twitter:card\" content=\"summary_large_image\" \/>\n<meta name=\"twitter:label1\" content=\"Kirjoittanut\" \/>\n\t<meta name=\"twitter:data1\" content=\"Jenni\" \/>\n\t<meta name=\"twitter:label2\" content=\"Arvioitu lukuaika\" \/>\n\t<meta name=\"twitter:data2\" content=\"2 minuuttia\" \/>\n<script type=\"application\/ld+json\" class=\"yoast-schema-graph\">{\"@context\":\"https:\\\/\\\/schema.org\",\"@graph\":[{\"@type\":\"Article\",\"@id\":\"https:\\\/\\\/jennipitko.fi\\\/koti\\\/turkistarhaus-lopetettava-viiden-vuoden-siirtymaajalla\\\/#article\",\"isPartOf\":{\"@id\":\"https:\\\/\\\/jennipitko.fi\\\/koti\\\/turkistarhaus-lopetettava-viiden-vuoden-siirtymaajalla\\\/\"},\"author\":{\"name\":\"Jenni\",\"@id\":\"https:\\\/\\\/jennipitko.fi\\\/koti\\\/#\\\/schema\\\/person\\\/35955c467f851f10124809310e7e7ee8\"},\"headline\":\"Turkistarhaus lopetettava viiden vuoden siirtym\u00e4ajalla\",\"datePublished\":\"2020-06-22T06:26:36+00:00\",\"dateModified\":\"2020-06-22T06:26:38+00:00\",\"mainEntityOfPage\":{\"@id\":\"https:\\\/\\\/jennipitko.fi\\\/koti\\\/turkistarhaus-lopetettava-viiden-vuoden-siirtymaajalla\\\/\"},\"wordCount\":414,\"publisher\":{\"@id\":\"https:\\\/\\\/jennipitko.fi\\\/koti\\\/#organization\"},\"keywords\":[\"el\u00e4inoikeudet\",\"el\u00e4inten oikeudet\",\"el\u00e4intuotanto\",\"reilu muutos\",\"turkikset\",\"turkis\",\"turkisasetus\",\"turkistarhaus\"],\"articleSection\":[\"Blogi\",\"Tiedotteet\"],\"inLanguage\":\"fi\"},{\"@type\":\"WebPage\",\"@id\":\"https:\\\/\\\/jennipitko.fi\\\/koti\\\/turkistarhaus-lopetettava-viiden-vuoden-siirtymaajalla\\\/\",\"url\":\"https:\\\/\\\/jennipitko.fi\\\/koti\\\/turkistarhaus-lopetettava-viiden-vuoden-siirtymaajalla\\\/\",\"name\":\"Turkistarhaus lopetettava viiden vuoden siirtym\u00e4ajalla - Jenni Pitko - Vihreiden varapuheenjohtaja, ymp\u00e4rist\u00f6valiokunnan puheenjohtaja, kansanedustaja ja arkkitehti Oulusta\",\"isPartOf\":{\"@id\":\"https:\\\/\\\/jennipitko.fi\\\/koti\\\/#website\"},\"datePublished\":\"2020-06-22T06:26:36+00:00\",\"dateModified\":\"2020-06-22T06:26:38+00:00\",\"breadcrumb\":{\"@id\":\"https:\\\/\\\/jennipitko.fi\\\/koti\\\/turkistarhaus-lopetettava-viiden-vuoden-siirtymaajalla\\\/#breadcrumb\"},\"inLanguage\":\"fi\",\"potentialAction\":[{\"@type\":\"ReadAction\",\"target\":[\"https:\\\/\\\/jennipitko.fi\\\/koti\\\/turkistarhaus-lopetettava-viiden-vuoden-siirtymaajalla\\\/\"]}]},{\"@type\":\"BreadcrumbList\",\"@id\":\"https:\\\/\\\/jennipitko.fi\\\/koti\\\/turkistarhaus-lopetettava-viiden-vuoden-siirtymaajalla\\\/#breadcrumb\",\"itemListElement\":[{\"@type\":\"ListItem\",\"position\":1,\"name\":\"Home\",\"item\":\"https:\\\/\\\/jennipitko.fi\\\/koti\\\/\"},{\"@type\":\"ListItem\",\"position\":2,\"name\":\"Turkistarhaus lopetettava viiden vuoden siirtym\u00e4ajalla\"}]},{\"@type\":\"WebSite\",\"@id\":\"https:\\\/\\\/jennipitko.fi\\\/koti\\\/#website\",\"url\":\"https:\\\/\\\/jennipitko.fi\\\/koti\\\/\",\"name\":\"Jenni Pitko - Vihreiden varapuheenjohtaja, ymp\u00e4rist\u00f6valiokunnan puheenjohtaja, kansanedustaja ja arkkitehti Oulusta\",\"description\":\"Jenni Pitko - Vihreiden varapuheenjohtaja, ymp\u00e4rist\u00f6valiokunnan puheenjohtaja, kansanedustaja ja arkkitehti Oulusta\",\"publisher\":{\"@id\":\"https:\\\/\\\/jennipitko.fi\\\/koti\\\/#organization\"},\"potentialAction\":[{\"@type\":\"SearchAction\",\"target\":{\"@type\":\"EntryPoint\",\"urlTemplate\":\"https:\\\/\\\/jennipitko.fi\\\/koti\\\/?s={search_term_string}\"},\"query-input\":{\"@type\":\"PropertyValueSpecification\",\"valueRequired\":true,\"valueName\":\"search_term_string\"}}],\"inLanguage\":\"fi\"},{\"@type\":\"Organization\",\"@id\":\"https:\\\/\\\/jennipitko.fi\\\/koti\\\/#organization\",\"name\":\"Jenni Pitko - Vihreiden varapuheenjohtaja, ymp\u00e4rist\u00f6valiokunnan puheenjohtaja, kansanedustaja ja arkkitehti Oulusta\",\"url\":\"https:\\\/\\\/jennipitko.fi\\\/koti\\\/\",\"logo\":{\"@type\":\"ImageObject\",\"inLanguage\":\"fi\",\"@id\":\"https:\\\/\\\/jennipitko.fi\\\/koti\\\/#\\\/schema\\\/logo\\\/image\\\/\",\"url\":\"https:\\\/\\\/jennipitko.fi\\\/koti\\\/wp-content\\\/uploads\\\/2025\\\/09\\\/Nimeton-malli-38.png\",\"contentUrl\":\"https:\\\/\\\/jennipitko.fi\\\/koti\\\/wp-content\\\/uploads\\\/2025\\\/09\\\/Nimeton-malli-38.png\",\"width\":1280,\"height\":847,\"caption\":\"Jenni Pitko - Vihreiden varapuheenjohtaja, ymp\u00e4rist\u00f6valiokunnan puheenjohtaja, kansanedustaja ja arkkitehti Oulusta\"},\"image\":{\"@id\":\"https:\\\/\\\/jennipitko.fi\\\/koti\\\/#\\\/schema\\\/logo\\\/image\\\/\"}},{\"@type\":\"Person\",\"@id\":\"https:\\\/\\\/jennipitko.fi\\\/koti\\\/#\\\/schema\\\/person\\\/35955c467f851f10124809310e7e7ee8\",\"name\":\"Jenni\",\"image\":{\"@type\":\"ImageObject\",\"inLanguage\":\"fi\",\"@id\":\"https:\\\/\\\/secure.gravatar.com\\\/avatar\\\/625a0e6413b293da7739d42617828d564a4d6028aec3f45d8939a2ba1617199f?s=96&d=blank&r=g\",\"url\":\"https:\\\/\\\/secure.gravatar.com\\\/avatar\\\/625a0e6413b293da7739d42617828d564a4d6028aec3f45d8939a2ba1617199f?s=96&d=blank&r=g\",\"contentUrl\":\"https:\\\/\\\/secure.gravatar.com\\\/avatar\\\/625a0e6413b293da7739d42617828d564a4d6028aec3f45d8939a2ba1617199f?s=96&d=blank&r=g\",\"caption\":\"Jenni\"},\"url\":\"https:\\\/\\\/jennipitko.fi\\\/koti\\\/author\\\/jenni\\\/\"}]}<\/script>\n<!-- \/ Yoast SEO plugin. -->","yoast_head_json":{"title":"Turkistarhaus lopetettava viiden vuoden siirtym\u00e4ajalla - Jenni Pitko - Vihreiden varapuheenjohtaja, ymp\u00e4rist\u00f6valiokunnan puheenjohtaja, kansanedustaja ja arkkitehti Oulusta","robots":{"index":"index","follow":"follow","max-snippet":"max-snippet:-1","max-image-preview":"max-image-preview:large","max-video-preview":"max-video-preview:-1"},"canonical":"https:\/\/jennipitko.fi\/koti\/turkistarhaus-lopetettava-viiden-vuoden-siirtymaajalla\/","og_locale":"fi_FI","og_type":"article","og_title":"Turkistarhaus lopetettava viiden vuoden siirtym\u00e4ajalla - Jenni Pitko - Vihreiden varapuheenjohtaja, ymp\u00e4rist\u00f6valiokunnan puheenjohtaja, kansanedustaja ja arkkitehti Oulusta","og_description":"Maa- ja mets\u00e4talousministeri\u00f6 valmistelee parhaillaan uutta turkisasetusta. Sen tavoitteena tulee olla turkisel\u00e4inten elinolojen merkitt\u00e4v\u00e4 parantaminen sek\u00e4 koko alan hallittuun alasajoon [&hellip;]","og_url":"https:\/\/jennipitko.fi\/koti\/turkistarhaus-lopetettava-viiden-vuoden-siirtymaajalla\/","og_site_name":"Jenni Pitko - Vihreiden varapuheenjohtaja, ymp\u00e4rist\u00f6valiokunnan puheenjohtaja, kansanedustaja ja arkkitehti Oulusta","article_published_time":"2020-06-22T06:26:36+00:00","article_modified_time":"2020-06-22T06:26:38+00:00","author":"Jenni","twitter_card":"summary_large_image","twitter_misc":{"Kirjoittanut":"Jenni","Arvioitu lukuaika":"2 minuuttia"},"schema":{"@context":"https:\/\/schema.org","@graph":[{"@type":"Article","@id":"https:\/\/jennipitko.fi\/koti\/turkistarhaus-lopetettava-viiden-vuoden-siirtymaajalla\/#article","isPartOf":{"@id":"https:\/\/jennipitko.fi\/koti\/turkistarhaus-lopetettava-viiden-vuoden-siirtymaajalla\/"},"author":{"name":"Jenni","@id":"https:\/\/jennipitko.fi\/koti\/#\/schema\/person\/35955c467f851f10124809310e7e7ee8"},"headline":"Turkistarhaus lopetettava viiden vuoden siirtym\u00e4ajalla","datePublished":"2020-06-22T06:26:36+00:00","dateModified":"2020-06-22T06:26:38+00:00","mainEntityOfPage":{"@id":"https:\/\/jennipitko.fi\/koti\/turkistarhaus-lopetettava-viiden-vuoden-siirtymaajalla\/"},"wordCount":414,"publisher":{"@id":"https:\/\/jennipitko.fi\/koti\/#organization"},"keywords":["el\u00e4inoikeudet","el\u00e4inten oikeudet","el\u00e4intuotanto","reilu muutos","turkikset","turkis","turkisasetus","turkistarhaus"],"articleSection":["Blogi","Tiedotteet"],"inLanguage":"fi"},{"@type":"WebPage","@id":"https:\/\/jennipitko.fi\/koti\/turkistarhaus-lopetettava-viiden-vuoden-siirtymaajalla\/","url":"https:\/\/jennipitko.fi\/koti\/turkistarhaus-lopetettava-viiden-vuoden-siirtymaajalla\/","name":"Turkistarhaus lopetettava viiden vuoden siirtym\u00e4ajalla - Jenni Pitko - Vihreiden varapuheenjohtaja, ymp\u00e4rist\u00f6valiokunnan puheenjohtaja, kansanedustaja ja arkkitehti Oulusta","isPartOf":{"@id":"https:\/\/jennipitko.fi\/koti\/#website"},"datePublished":"2020-06-22T06:26:36+00:00","dateModified":"2020-06-22T06:26:38+00:00","breadcrumb":{"@id":"https:\/\/jennipitko.fi\/koti\/turkistarhaus-lopetettava-viiden-vuoden-siirtymaajalla\/#breadcrumb"},"inLanguage":"fi","potentialAction":[{"@type":"ReadAction","target":["https:\/\/jennipitko.fi\/koti\/turkistarhaus-lopetettava-viiden-vuoden-siirtymaajalla\/"]}]},{"@type":"BreadcrumbList","@id":"https:\/\/jennipitko.fi\/koti\/turkistarhaus-lopetettava-viiden-vuoden-siirtymaajalla\/#breadcrumb","itemListElement":[{"@type":"ListItem","position":1,"name":"Home","item":"https:\/\/jennipitko.fi\/koti\/"},{"@type":"ListItem","position":2,"name":"Turkistarhaus lopetettava viiden vuoden siirtym\u00e4ajalla"}]},{"@type":"WebSite","@id":"https:\/\/jennipitko.fi\/koti\/#website","url":"https:\/\/jennipitko.fi\/koti\/","name":"Jenni Pitko - Vihreiden varapuheenjohtaja, ymp\u00e4rist\u00f6valiokunnan puheenjohtaja, kansanedustaja ja arkkitehti Oulusta","description":"Jenni Pitko - Vihreiden varapuheenjohtaja, ymp\u00e4rist\u00f6valiokunnan puheenjohtaja, kansanedustaja ja arkkitehti Oulusta","publisher":{"@id":"https:\/\/jennipitko.fi\/koti\/#organization"},"potentialAction":[{"@type":"SearchAction","target":{"@type":"EntryPoint","urlTemplate":"https:\/\/jennipitko.fi\/koti\/?s={search_term_string}"},"query-input":{"@type":"PropertyValueSpecification","valueRequired":true,"valueName":"search_term_string"}}],"inLanguage":"fi"},{"@type":"Organization","@id":"https:\/\/jennipitko.fi\/koti\/#organization","name":"Jenni Pitko - Vihreiden varapuheenjohtaja, ymp\u00e4rist\u00f6valiokunnan puheenjohtaja, kansanedustaja ja arkkitehti Oulusta","url":"https:\/\/jennipitko.fi\/koti\/","logo":{"@type":"ImageObject","inLanguage":"fi","@id":"https:\/\/jennipitko.fi\/koti\/#\/schema\/logo\/image\/","url":"https:\/\/jennipitko.fi\/koti\/wp-content\/uploads\/2025\/09\/Nimeton-malli-38.png","contentUrl":"https:\/\/jennipitko.fi\/koti\/wp-content\/uploads\/2025\/09\/Nimeton-malli-38.png","width":1280,"height":847,"caption":"Jenni Pitko - Vihreiden varapuheenjohtaja, ymp\u00e4rist\u00f6valiokunnan puheenjohtaja, kansanedustaja ja arkkitehti Oulusta"},"image":{"@id":"https:\/\/jennipitko.fi\/koti\/#\/schema\/logo\/image\/"}},{"@type":"Person","@id":"https:\/\/jennipitko.fi\/koti\/#\/schema\/person\/35955c467f851f10124809310e7e7ee8","name":"Jenni","image":{"@type":"ImageObject","inLanguage":"fi","@id":"https:\/\/secure.gravatar.com\/avatar\/625a0e6413b293da7739d42617828d564a4d6028aec3f45d8939a2ba1617199f?s=96&d=blank&r=g","url":"https:\/\/secure.gravatar.com\/avatar\/625a0e6413b293da7739d42617828d564a4d6028aec3f45d8939a2ba1617199f?s=96&d=blank&r=g","contentUrl":"https:\/\/secure.gravatar.com\/avatar\/625a0e6413b293da7739d42617828d564a4d6028aec3f45d8939a2ba1617199f?s=96&d=blank&r=g","caption":"Jenni"},"url":"https:\/\/jennipitko.fi\/koti\/author\/jenni\/"}]}},"_links":{"self":[{"href":"https:\/\/jennipitko.fi\/koti\/wp-json\/wp\/v2\/posts\/2334","targetHints":{"allow":["GET"]}}],"collection":[{"href":"https:\/\/jennipitko.fi\/koti\/wp-json\/wp\/v2\/posts"}],"about":[{"href":"https:\/\/jennipitko.fi\/koti\/wp-json\/wp\/v2\/types\/post"}],"author":[{"embeddable":true,"href":"https:\/\/jennipitko.fi\/koti\/wp-json\/wp\/v2\/users\/1"}],"replies":[{"embeddable":true,"href":"https:\/\/jennipitko.fi\/koti\/wp-json\/wp\/v2\/comments?post=2334"}],"version-history":[{"count":1,"href":"https:\/\/jennipitko.fi\/koti\/wp-json\/wp\/v2\/posts\/2334\/revisions"}],"predecessor-version":[{"id":2335,"href":"https:\/\/jennipitko.fi\/koti\/wp-json\/wp\/v2\/posts\/2334\/revisions\/2335"}],"wp:attachment":[{"href":"https:\/\/jennipitko.fi\/koti\/wp-json\/wp\/v2\/media?parent=2334"}],"wp:term":[{"taxonomy":"category","embeddable":true,"href":"https:\/\/jennipitko.fi\/koti\/wp-json\/wp\/v2\/categories?post=2334"},{"taxonomy":"post_tag","embeddable":true,"href":"https:\/\/jennipitko.fi\/koti\/wp-json\/wp\/v2\/tags?post=2334"}],"curies":[{"name":"wp","href":"https:\/\/api.w.org\/{rel}","templated":true}]}}