{"id":2336,"date":"2020-06-30T13:16:27","date_gmt":"2020-06-30T11:16:27","guid":{"rendered":"http:\/\/jennipitko.fi\/koti\/?p=2336"},"modified":"2020-06-30T13:16:30","modified_gmt":"2020-06-30T11:16:30","slug":"sukupuolivahemmistojen-oikeuksia-vietava-eteenpain","status":"publish","type":"post","link":"https:\/\/jennipitko.fi\/koti\/sukupuolivahemmistojen-oikeuksia-vietava-eteenpain\/","title":{"rendered":"Sukupuoliv\u00e4hemmist\u00f6jen oikeuksia viet\u00e4v\u00e4 eteenp\u00e4in"},"content":{"rendered":"\n<p><strong>Teemme hallituksessa tulevina vuosina t\u00f6it\u00e4 sukupuoliv\u00e4hemmist\u00f6ihin kuuluvien rakenteellisen syrjinn\u00e4n purkamiseksi.<br><\/strong><br>Julkistimme hallituksessa viime viikolla uuden tasa-arvo-ohjelman. Sukupuoliv\u00e4hemmist\u00f6ihin kuuluvat kokevat Suomessa paitsi arkista my\u00f6s rakenteellista syrjint\u00e4\u00e4. Suomi on saanut useita huomautuksia kansainv\u00e4lisilt\u00e4 ihmisoikeustoimielimilt\u00e4 translaista, joka loukkaa ihmisen itsem\u00e4\u00e4r\u00e4\u00e4misoikeutta. Tutkimusten mukaan yli 80 prosenttia transnuorista on kokenut h\u00e4irint\u00e4\u00e4 ja useampi kuin joka toinen transnuori on ajatellut itsens\u00e4 vahingoittamista ja itsemurhaa.<\/p>\n\n\n\n<p>Viime viikkoina huoli sukupuoliv\u00e4hemmist\u00f6jen oikeuksista on kasvanut, kun terveydenhuollon palveluvalikoimaneuvosto Palko antoi uudet hoitosuositukset, jotka vaikeuttavat transihmisten hoitoon p\u00e4\u00e4semist\u00e4. T\u00e4llainen kehitys on vaarallista. Laadukas terveydenhuolto on turvattava kaikille sukupuoli-identiteetist\u00e4 riippumatta.<\/p>\n\n\n\n<p>Hallituksen uusi tasa-arvo-ohjelma listaa toimenpiteit\u00e4, joilla puututaan sukupuoliv\u00e4hemmist\u00f6ihin kuuluvien kokemaan rakenteelliseen syrjint\u00e4\u00e4n. Toimenpiteisiin kuuluvat muun muassa luopuminen henkil\u00f6tunnuksen sukupuolisidonnaisuudesta ja intersukupuolisten lasten tarpeettomasta sukuelinkirurgiasta sek\u00e4 isyys- ja \u00e4itiyslakien yhdist\u00e4minen vanhemmuuslaiksi.&nbsp;<\/p>\n\n\n\n<p>Yksi keskeisimmist\u00e4 parannuksista sukupuoliv\u00e4hemmist\u00f6jen kannalta on translain uudistus. Uudistuksessa tullaan muun muassa poistamaan vaatimus lis\u00e4\u00e4ntymiskyvytt\u00f6myydest\u00e4 osana sukupuolenkorjausprosessia sek\u00e4 eriytt\u00e4m\u00e4\u00e4n sukupuolen l\u00e4\u00e4ketieteellinen ja juridinen korjaaminen toisistaan. Voimassa olevassa translaissa juridisen sukupuolen saa vahvistaa vain henkil\u00f6, joka voi osoittaa olevansa lis\u00e4\u00e4ntymiskyvyt\u00f6n, mik\u00e4 tarkoittaa monen transihmisen kohdalla pakkosterilisaatiota. Lis\u00e4ksi laki mm. altistaa pitkille ja n\u00f6yryytt\u00e4ville tutkimuksille. Uusi translaki tulee kunnioittamaan ihmisen itsem\u00e4\u00e4r\u00e4\u00e4misoikeutta ja on merkitt\u00e4v\u00e4 askel transihmisten oikeuksien toteutumiselle.&nbsp;&nbsp;<\/p>\n\n\n\n<p>Yhteiskunnan rakenteiden muuttaminen on avainasemassa sukupuoliv\u00e4hemmist\u00f6jen aseman parantamiseksi. Hallituksen tasa-arvo-ohjelma vie ty\u00f6t\u00e4 reippaasti eteenp\u00e4in, mutta parantamisen varaa j\u00e4\u00e4 my\u00f6s monessa kohtaa. Esimerkiksi aikuisten lis\u00e4ksi my\u00f6s transnuorten tulisi voida vahvistaa juridinen sukupuolensa. Ulkopuolisia lupia ei pit\u00e4isi tarvita, vaan sukupuolen tulisi voida vahvistaa omalla ilmoituksella. Lis\u00e4ksi opetus- ja terveydenhuoltoalan ammattilaisille ja viranomaisille olisi annettava nykyist\u00e4 enemm\u00e4n koulutusta sukupuoliv\u00e4hemmist\u00f6jen kohtaamisesta.<\/p>\n\n\n\n<p>Ty\u00f6t\u00e4 siis viel\u00e4 riitt\u00e4\u00e4!<\/p>\n\n\n\n<p><em>Kirjoitus on julkaistu alunperin Vihreiden blogissa 29.6.2020.<\/em><\/p>\n","protected":false},"excerpt":{"rendered":"<p>Teemme hallituksessa tulevina vuosina t\u00f6it\u00e4 sukupuoliv\u00e4hemmist\u00f6ihin kuuluvien rakenteellisen syrjinn\u00e4n purkamiseksi.Julkistimme hallituksessa viime viikolla uuden tasa-arvo-ohjelman. Sukupuoliv\u00e4hemmist\u00f6ihin kuuluvat kokevat Suomessa paitsi [&hellip;]<\/p>\n","protected":false},"author":1,"featured_media":0,"comment_status":"closed","ping_status":"closed","sticky":false,"template":"","format":"standard","meta":{"_monsterinsights_skip_tracking":false,"_monsterinsights_sitenote_active":false,"_monsterinsights_sitenote_note":"","_monsterinsights_sitenote_category":0,"site-sidebar-layout":"default","site-content-layout":"","ast-site-content-layout":"default","site-content-style":"default","site-sidebar-style":"default","ast-global-header-display":"","ast-banner-title-visibility":"","ast-main-header-display":"","ast-hfb-above-header-display":"","ast-hfb-below-header-display":"","ast-hfb-mobile-header-display":"","site-post-title":"","ast-breadcrumbs-content":"","ast-featured-img":"","footer-sml-layout":"","ast-disable-related-posts":"","theme-transparent-header-meta":"","adv-header-id-meta":"","stick-header-meta":"","header-above-stick-meta":"","header-main-stick-meta":"","header-below-stick-meta":"","astra-migrate-meta-layouts":"default","ast-page-background-enabled":"default","ast-page-background-meta":{"desktop":{"background-color":"var(--ast-global-color-5)","background-image":"","background-repeat":"repeat","background-position":"center center","background-size":"auto","background-attachment":"scroll","background-type":"","background-media":"","overlay-type":"","overlay-color":"","overlay-opacity":"","overlay-gradient":""},"tablet":{"background-color":"","background-image":"","background-repeat":"repeat","background-position":"center center","background-size":"auto","background-attachment":"scroll","background-type":"","background-media":"","overlay-type":"","overlay-color":"","overlay-opacity":"","overlay-gradient":""},"mobile":{"background-color":"","background-image":"","background-repeat":"repeat","background-position":"center center","background-size":"auto","background-attachment":"scroll","background-type":"","background-media":"","overlay-type":"","overlay-color":"","overlay-opacity":"","overlay-gradient":""}},"ast-content-background-meta":{"desktop":{"background-color":"var(--ast-global-color-4)","background-image":"","background-repeat":"repeat","background-position":"center center","background-size":"auto","background-attachment":"scroll","background-type":"","background-media":"","overlay-type":"","overlay-color":"","overlay-opacity":"","overlay-gradient":""},"tablet":{"background-color":"var(--ast-global-color-4)","background-image":"","background-repeat":"repeat","background-position":"center center","background-size":"auto","background-attachment":"scroll","background-type":"","background-media":"","overlay-type":"","overlay-color":"","overlay-opacity":"","overlay-gradient":""},"mobile":{"background-color":"var(--ast-global-color-4)","background-image":"","background-repeat":"repeat","background-position":"center center","background-size":"auto","background-attachment":"scroll","background-type":"","background-media":"","overlay-type":"","overlay-color":"","overlay-opacity":"","overlay-gradient":""}},"footnotes":""},"categories":[2],"tags":[130,415,316,309],"class_list":["post-2336","post","type-post","status-publish","format-standard","hentry","category-blogi","tag-sukupuoli","tag-sukupuolivahemmistot","tag-sukupuolten-valinen-tasa-arvo","tag-translaki"],"yoast_head":"<!-- This site is optimized with the Yoast SEO plugin v27.5 - https:\/\/yoast.com\/product\/yoast-seo-wordpress\/ -->\n<title>Sukupuoliv\u00e4hemmist\u00f6jen oikeuksia viet\u00e4v\u00e4 eteenp\u00e4in - Jenni Pitko - Vihreiden varapuheenjohtaja, ymp\u00e4rist\u00f6valiokunnan puheenjohtaja, kansanedustaja ja arkkitehti Oulusta<\/title>\n<meta name=\"robots\" content=\"index, follow, max-snippet:-1, max-image-preview:large, max-video-preview:-1\" \/>\n<link rel=\"canonical\" href=\"https:\/\/jennipitko.fi\/koti\/sukupuolivahemmistojen-oikeuksia-vietava-eteenpain\/\" \/>\n<meta property=\"og:locale\" content=\"fi_FI\" \/>\n<meta property=\"og:type\" content=\"article\" \/>\n<meta property=\"og:title\" content=\"Sukupuoliv\u00e4hemmist\u00f6jen oikeuksia viet\u00e4v\u00e4 eteenp\u00e4in - Jenni Pitko - Vihreiden varapuheenjohtaja, ymp\u00e4rist\u00f6valiokunnan puheenjohtaja, kansanedustaja ja arkkitehti Oulusta\" \/>\n<meta property=\"og:description\" content=\"Teemme hallituksessa tulevina vuosina t\u00f6it\u00e4 sukupuoliv\u00e4hemmist\u00f6ihin kuuluvien rakenteellisen syrjinn\u00e4n purkamiseksi.Julkistimme hallituksessa viime viikolla uuden tasa-arvo-ohjelman. Sukupuoliv\u00e4hemmist\u00f6ihin kuuluvat kokevat Suomessa paitsi [&hellip;]\" \/>\n<meta property=\"og:url\" content=\"https:\/\/jennipitko.fi\/koti\/sukupuolivahemmistojen-oikeuksia-vietava-eteenpain\/\" \/>\n<meta property=\"og:site_name\" content=\"Jenni Pitko - Vihreiden varapuheenjohtaja, ymp\u00e4rist\u00f6valiokunnan puheenjohtaja, kansanedustaja ja arkkitehti Oulusta\" \/>\n<meta property=\"article:published_time\" content=\"2020-06-30T11:16:27+00:00\" \/>\n<meta property=\"article:modified_time\" content=\"2020-06-30T11:16:30+00:00\" \/>\n<meta name=\"author\" content=\"Jenni\" \/>\n<meta name=\"twitter:card\" content=\"summary_large_image\" \/>\n<meta name=\"twitter:label1\" content=\"Kirjoittanut\" \/>\n\t<meta name=\"twitter:data1\" content=\"Jenni\" \/>\n\t<meta name=\"twitter:label2\" content=\"Arvioitu lukuaika\" \/>\n\t<meta name=\"twitter:data2\" content=\"2 minuuttia\" \/>\n<script type=\"application\/ld+json\" class=\"yoast-schema-graph\">{\"@context\":\"https:\\\/\\\/schema.org\",\"@graph\":[{\"@type\":\"Article\",\"@id\":\"https:\\\/\\\/jennipitko.fi\\\/koti\\\/sukupuolivahemmistojen-oikeuksia-vietava-eteenpain\\\/#article\",\"isPartOf\":{\"@id\":\"https:\\\/\\\/jennipitko.fi\\\/koti\\\/sukupuolivahemmistojen-oikeuksia-vietava-eteenpain\\\/\"},\"author\":{\"name\":\"Jenni\",\"@id\":\"https:\\\/\\\/jennipitko.fi\\\/koti\\\/#\\\/schema\\\/person\\\/35955c467f851f10124809310e7e7ee8\"},\"headline\":\"Sukupuoliv\u00e4hemmist\u00f6jen oikeuksia viet\u00e4v\u00e4 eteenp\u00e4in\",\"datePublished\":\"2020-06-30T11:16:27+00:00\",\"dateModified\":\"2020-06-30T11:16:30+00:00\",\"mainEntityOfPage\":{\"@id\":\"https:\\\/\\\/jennipitko.fi\\\/koti\\\/sukupuolivahemmistojen-oikeuksia-vietava-eteenpain\\\/\"},\"wordCount\":309,\"publisher\":{\"@id\":\"https:\\\/\\\/jennipitko.fi\\\/koti\\\/#organization\"},\"keywords\":[\"sukupuoli\",\"sukupuoliv\u00e4hemmist\u00f6t\",\"sukupuolten v\u00e4linen tasa-arvo\",\"translaki\"],\"articleSection\":[\"Blogi\"],\"inLanguage\":\"fi\"},{\"@type\":\"WebPage\",\"@id\":\"https:\\\/\\\/jennipitko.fi\\\/koti\\\/sukupuolivahemmistojen-oikeuksia-vietava-eteenpain\\\/\",\"url\":\"https:\\\/\\\/jennipitko.fi\\\/koti\\\/sukupuolivahemmistojen-oikeuksia-vietava-eteenpain\\\/\",\"name\":\"Sukupuoliv\u00e4hemmist\u00f6jen oikeuksia viet\u00e4v\u00e4 eteenp\u00e4in - Jenni Pitko - Vihreiden varapuheenjohtaja, ymp\u00e4rist\u00f6valiokunnan puheenjohtaja, kansanedustaja ja arkkitehti Oulusta\",\"isPartOf\":{\"@id\":\"https:\\\/\\\/jennipitko.fi\\\/koti\\\/#website\"},\"datePublished\":\"2020-06-30T11:16:27+00:00\",\"dateModified\":\"2020-06-30T11:16:30+00:00\",\"breadcrumb\":{\"@id\":\"https:\\\/\\\/jennipitko.fi\\\/koti\\\/sukupuolivahemmistojen-oikeuksia-vietava-eteenpain\\\/#breadcrumb\"},\"inLanguage\":\"fi\",\"potentialAction\":[{\"@type\":\"ReadAction\",\"target\":[\"https:\\\/\\\/jennipitko.fi\\\/koti\\\/sukupuolivahemmistojen-oikeuksia-vietava-eteenpain\\\/\"]}]},{\"@type\":\"BreadcrumbList\",\"@id\":\"https:\\\/\\\/jennipitko.fi\\\/koti\\\/sukupuolivahemmistojen-oikeuksia-vietava-eteenpain\\\/#breadcrumb\",\"itemListElement\":[{\"@type\":\"ListItem\",\"position\":1,\"name\":\"Home\",\"item\":\"https:\\\/\\\/jennipitko.fi\\\/koti\\\/\"},{\"@type\":\"ListItem\",\"position\":2,\"name\":\"Sukupuoliv\u00e4hemmist\u00f6jen oikeuksia viet\u00e4v\u00e4 eteenp\u00e4in\"}]},{\"@type\":\"WebSite\",\"@id\":\"https:\\\/\\\/jennipitko.fi\\\/koti\\\/#website\",\"url\":\"https:\\\/\\\/jennipitko.fi\\\/koti\\\/\",\"name\":\"Jenni Pitko - Vihreiden varapuheenjohtaja, ymp\u00e4rist\u00f6valiokunnan puheenjohtaja, kansanedustaja ja arkkitehti Oulusta\",\"description\":\"Jenni Pitko - Vihreiden varapuheenjohtaja, ymp\u00e4rist\u00f6valiokunnan puheenjohtaja, kansanedustaja ja arkkitehti Oulusta\",\"publisher\":{\"@id\":\"https:\\\/\\\/jennipitko.fi\\\/koti\\\/#organization\"},\"potentialAction\":[{\"@type\":\"SearchAction\",\"target\":{\"@type\":\"EntryPoint\",\"urlTemplate\":\"https:\\\/\\\/jennipitko.fi\\\/koti\\\/?s={search_term_string}\"},\"query-input\":{\"@type\":\"PropertyValueSpecification\",\"valueRequired\":true,\"valueName\":\"search_term_string\"}}],\"inLanguage\":\"fi\"},{\"@type\":\"Organization\",\"@id\":\"https:\\\/\\\/jennipitko.fi\\\/koti\\\/#organization\",\"name\":\"Jenni Pitko - Vihreiden varapuheenjohtaja, ymp\u00e4rist\u00f6valiokunnan puheenjohtaja, kansanedustaja ja arkkitehti Oulusta\",\"url\":\"https:\\\/\\\/jennipitko.fi\\\/koti\\\/\",\"logo\":{\"@type\":\"ImageObject\",\"inLanguage\":\"fi\",\"@id\":\"https:\\\/\\\/jennipitko.fi\\\/koti\\\/#\\\/schema\\\/logo\\\/image\\\/\",\"url\":\"https:\\\/\\\/jennipitko.fi\\\/koti\\\/wp-content\\\/uploads\\\/2025\\\/09\\\/Nimeton-malli-38.png\",\"contentUrl\":\"https:\\\/\\\/jennipitko.fi\\\/koti\\\/wp-content\\\/uploads\\\/2025\\\/09\\\/Nimeton-malli-38.png\",\"width\":1280,\"height\":847,\"caption\":\"Jenni Pitko - Vihreiden varapuheenjohtaja, ymp\u00e4rist\u00f6valiokunnan puheenjohtaja, kansanedustaja ja arkkitehti Oulusta\"},\"image\":{\"@id\":\"https:\\\/\\\/jennipitko.fi\\\/koti\\\/#\\\/schema\\\/logo\\\/image\\\/\"}},{\"@type\":\"Person\",\"@id\":\"https:\\\/\\\/jennipitko.fi\\\/koti\\\/#\\\/schema\\\/person\\\/35955c467f851f10124809310e7e7ee8\",\"name\":\"Jenni\",\"image\":{\"@type\":\"ImageObject\",\"inLanguage\":\"fi\",\"@id\":\"https:\\\/\\\/secure.gravatar.com\\\/avatar\\\/625a0e6413b293da7739d42617828d564a4d6028aec3f45d8939a2ba1617199f?s=96&d=blank&r=g\",\"url\":\"https:\\\/\\\/secure.gravatar.com\\\/avatar\\\/625a0e6413b293da7739d42617828d564a4d6028aec3f45d8939a2ba1617199f?s=96&d=blank&r=g\",\"contentUrl\":\"https:\\\/\\\/secure.gravatar.com\\\/avatar\\\/625a0e6413b293da7739d42617828d564a4d6028aec3f45d8939a2ba1617199f?s=96&d=blank&r=g\",\"caption\":\"Jenni\"},\"url\":\"https:\\\/\\\/jennipitko.fi\\\/koti\\\/author\\\/jenni\\\/\"}]}<\/script>\n<!-- \/ Yoast SEO plugin. -->","yoast_head_json":{"title":"Sukupuoliv\u00e4hemmist\u00f6jen oikeuksia viet\u00e4v\u00e4 eteenp\u00e4in - Jenni Pitko - Vihreiden varapuheenjohtaja, ymp\u00e4rist\u00f6valiokunnan puheenjohtaja, kansanedustaja ja arkkitehti Oulusta","robots":{"index":"index","follow":"follow","max-snippet":"max-snippet:-1","max-image-preview":"max-image-preview:large","max-video-preview":"max-video-preview:-1"},"canonical":"https:\/\/jennipitko.fi\/koti\/sukupuolivahemmistojen-oikeuksia-vietava-eteenpain\/","og_locale":"fi_FI","og_type":"article","og_title":"Sukupuoliv\u00e4hemmist\u00f6jen oikeuksia viet\u00e4v\u00e4 eteenp\u00e4in - Jenni Pitko - Vihreiden varapuheenjohtaja, ymp\u00e4rist\u00f6valiokunnan puheenjohtaja, kansanedustaja ja arkkitehti Oulusta","og_description":"Teemme hallituksessa tulevina vuosina t\u00f6it\u00e4 sukupuoliv\u00e4hemmist\u00f6ihin kuuluvien rakenteellisen syrjinn\u00e4n purkamiseksi.Julkistimme hallituksessa viime viikolla uuden tasa-arvo-ohjelman. Sukupuoliv\u00e4hemmist\u00f6ihin kuuluvat kokevat Suomessa paitsi [&hellip;]","og_url":"https:\/\/jennipitko.fi\/koti\/sukupuolivahemmistojen-oikeuksia-vietava-eteenpain\/","og_site_name":"Jenni Pitko - Vihreiden varapuheenjohtaja, ymp\u00e4rist\u00f6valiokunnan puheenjohtaja, kansanedustaja ja arkkitehti Oulusta","article_published_time":"2020-06-30T11:16:27+00:00","article_modified_time":"2020-06-30T11:16:30+00:00","author":"Jenni","twitter_card":"summary_large_image","twitter_misc":{"Kirjoittanut":"Jenni","Arvioitu lukuaika":"2 minuuttia"},"schema":{"@context":"https:\/\/schema.org","@graph":[{"@type":"Article","@id":"https:\/\/jennipitko.fi\/koti\/sukupuolivahemmistojen-oikeuksia-vietava-eteenpain\/#article","isPartOf":{"@id":"https:\/\/jennipitko.fi\/koti\/sukupuolivahemmistojen-oikeuksia-vietava-eteenpain\/"},"author":{"name":"Jenni","@id":"https:\/\/jennipitko.fi\/koti\/#\/schema\/person\/35955c467f851f10124809310e7e7ee8"},"headline":"Sukupuoliv\u00e4hemmist\u00f6jen oikeuksia viet\u00e4v\u00e4 eteenp\u00e4in","datePublished":"2020-06-30T11:16:27+00:00","dateModified":"2020-06-30T11:16:30+00:00","mainEntityOfPage":{"@id":"https:\/\/jennipitko.fi\/koti\/sukupuolivahemmistojen-oikeuksia-vietava-eteenpain\/"},"wordCount":309,"publisher":{"@id":"https:\/\/jennipitko.fi\/koti\/#organization"},"keywords":["sukupuoli","sukupuoliv\u00e4hemmist\u00f6t","sukupuolten v\u00e4linen tasa-arvo","translaki"],"articleSection":["Blogi"],"inLanguage":"fi"},{"@type":"WebPage","@id":"https:\/\/jennipitko.fi\/koti\/sukupuolivahemmistojen-oikeuksia-vietava-eteenpain\/","url":"https:\/\/jennipitko.fi\/koti\/sukupuolivahemmistojen-oikeuksia-vietava-eteenpain\/","name":"Sukupuoliv\u00e4hemmist\u00f6jen oikeuksia viet\u00e4v\u00e4 eteenp\u00e4in - Jenni Pitko - Vihreiden varapuheenjohtaja, ymp\u00e4rist\u00f6valiokunnan puheenjohtaja, kansanedustaja ja arkkitehti Oulusta","isPartOf":{"@id":"https:\/\/jennipitko.fi\/koti\/#website"},"datePublished":"2020-06-30T11:16:27+00:00","dateModified":"2020-06-30T11:16:30+00:00","breadcrumb":{"@id":"https:\/\/jennipitko.fi\/koti\/sukupuolivahemmistojen-oikeuksia-vietava-eteenpain\/#breadcrumb"},"inLanguage":"fi","potentialAction":[{"@type":"ReadAction","target":["https:\/\/jennipitko.fi\/koti\/sukupuolivahemmistojen-oikeuksia-vietava-eteenpain\/"]}]},{"@type":"BreadcrumbList","@id":"https:\/\/jennipitko.fi\/koti\/sukupuolivahemmistojen-oikeuksia-vietava-eteenpain\/#breadcrumb","itemListElement":[{"@type":"ListItem","position":1,"name":"Home","item":"https:\/\/jennipitko.fi\/koti\/"},{"@type":"ListItem","position":2,"name":"Sukupuoliv\u00e4hemmist\u00f6jen oikeuksia viet\u00e4v\u00e4 eteenp\u00e4in"}]},{"@type":"WebSite","@id":"https:\/\/jennipitko.fi\/koti\/#website","url":"https:\/\/jennipitko.fi\/koti\/","name":"Jenni Pitko - Vihreiden varapuheenjohtaja, ymp\u00e4rist\u00f6valiokunnan puheenjohtaja, kansanedustaja ja arkkitehti Oulusta","description":"Jenni Pitko - Vihreiden varapuheenjohtaja, ymp\u00e4rist\u00f6valiokunnan puheenjohtaja, kansanedustaja ja arkkitehti Oulusta","publisher":{"@id":"https:\/\/jennipitko.fi\/koti\/#organization"},"potentialAction":[{"@type":"SearchAction","target":{"@type":"EntryPoint","urlTemplate":"https:\/\/jennipitko.fi\/koti\/?s={search_term_string}"},"query-input":{"@type":"PropertyValueSpecification","valueRequired":true,"valueName":"search_term_string"}}],"inLanguage":"fi"},{"@type":"Organization","@id":"https:\/\/jennipitko.fi\/koti\/#organization","name":"Jenni Pitko - Vihreiden varapuheenjohtaja, ymp\u00e4rist\u00f6valiokunnan puheenjohtaja, kansanedustaja ja arkkitehti Oulusta","url":"https:\/\/jennipitko.fi\/koti\/","logo":{"@type":"ImageObject","inLanguage":"fi","@id":"https:\/\/jennipitko.fi\/koti\/#\/schema\/logo\/image\/","url":"https:\/\/jennipitko.fi\/koti\/wp-content\/uploads\/2025\/09\/Nimeton-malli-38.png","contentUrl":"https:\/\/jennipitko.fi\/koti\/wp-content\/uploads\/2025\/09\/Nimeton-malli-38.png","width":1280,"height":847,"caption":"Jenni Pitko - Vihreiden varapuheenjohtaja, ymp\u00e4rist\u00f6valiokunnan puheenjohtaja, kansanedustaja ja arkkitehti Oulusta"},"image":{"@id":"https:\/\/jennipitko.fi\/koti\/#\/schema\/logo\/image\/"}},{"@type":"Person","@id":"https:\/\/jennipitko.fi\/koti\/#\/schema\/person\/35955c467f851f10124809310e7e7ee8","name":"Jenni","image":{"@type":"ImageObject","inLanguage":"fi","@id":"https:\/\/secure.gravatar.com\/avatar\/625a0e6413b293da7739d42617828d564a4d6028aec3f45d8939a2ba1617199f?s=96&d=blank&r=g","url":"https:\/\/secure.gravatar.com\/avatar\/625a0e6413b293da7739d42617828d564a4d6028aec3f45d8939a2ba1617199f?s=96&d=blank&r=g","contentUrl":"https:\/\/secure.gravatar.com\/avatar\/625a0e6413b293da7739d42617828d564a4d6028aec3f45d8939a2ba1617199f?s=96&d=blank&r=g","caption":"Jenni"},"url":"https:\/\/jennipitko.fi\/koti\/author\/jenni\/"}]}},"_links":{"self":[{"href":"https:\/\/jennipitko.fi\/koti\/wp-json\/wp\/v2\/posts\/2336","targetHints":{"allow":["GET"]}}],"collection":[{"href":"https:\/\/jennipitko.fi\/koti\/wp-json\/wp\/v2\/posts"}],"about":[{"href":"https:\/\/jennipitko.fi\/koti\/wp-json\/wp\/v2\/types\/post"}],"author":[{"embeddable":true,"href":"https:\/\/jennipitko.fi\/koti\/wp-json\/wp\/v2\/users\/1"}],"replies":[{"embeddable":true,"href":"https:\/\/jennipitko.fi\/koti\/wp-json\/wp\/v2\/comments?post=2336"}],"version-history":[{"count":1,"href":"https:\/\/jennipitko.fi\/koti\/wp-json\/wp\/v2\/posts\/2336\/revisions"}],"predecessor-version":[{"id":2337,"href":"https:\/\/jennipitko.fi\/koti\/wp-json\/wp\/v2\/posts\/2336\/revisions\/2337"}],"wp:attachment":[{"href":"https:\/\/jennipitko.fi\/koti\/wp-json\/wp\/v2\/media?parent=2336"}],"wp:term":[{"taxonomy":"category","embeddable":true,"href":"https:\/\/jennipitko.fi\/koti\/wp-json\/wp\/v2\/categories?post=2336"},{"taxonomy":"post_tag","embeddable":true,"href":"https:\/\/jennipitko.fi\/koti\/wp-json\/wp\/v2\/tags?post=2336"}],"curies":[{"name":"wp","href":"https:\/\/api.w.org\/{rel}","templated":true}]}}