{"id":2338,"date":"2020-07-03T06:53:15","date_gmt":"2020-07-03T04:53:15","guid":{"rendered":"http:\/\/jennipitko.fi\/koti\/?p=2338"},"modified":"2020-07-03T06:53:18","modified_gmt":"2020-07-03T04:53:18","slug":"valtion-ei-pida-levittaa-harhaanjohtavaa-kuvaa-metsataloudesta","status":"publish","type":"post","link":"https:\/\/jennipitko.fi\/koti\/valtion-ei-pida-levittaa-harhaanjohtavaa-kuvaa-metsataloudesta\/","title":{"rendered":"Valtion ei pid\u00e4 levitt\u00e4\u00e4 harhaanjohtavaa kuvaa mets\u00e4taloudesta"},"content":{"rendered":"\n<p>Valtio on maa- ja mets\u00e4talousministeri\u00f6n, Mets\u00e4hallituksen ja Suomen Mets\u00e4keskuksen kautta tukenut mets\u00e4alan etuj\u00e4rjest\u00f6jen Metsien Suomi -viestint\u00e4kampanjaa yhteens\u00e4 noin 380 000 eurolla.\u00a0<\/p>\n\n\n\n<p>Kampanjan sivuilla sanotaan, ett\u00e4 kampanjassa kerrotaan faktatietoa Suomen metsist\u00e4 ja suomalaisesta mets\u00e4nhoidosta. Valitettavasti kampanja esittelee faktoja Suomen metsist\u00e4 ja mets\u00e4nhoidosta hyvin harhaanjohtavasti, ja osa v\u00e4itteist\u00e4 on suorastaan virheellisi\u00e4.&nbsp;<\/p>\n\n\n\n<p>J\u00e4timme Satu Hassin kanssa ministerille kirjallisen kysymyksen, jossa pyyd\u00e4mme ministeri\u00f6t\u00e4 selvitt\u00e4m\u00e4\u00e4n kampanjan rahoittamista.<\/p>\n\n\n\n<p>Kampanjan isoin ongelma on sen harhaanjohtavuus. Yhdess\u00e4 mainoksista puhutaan metsien enn\u00e4tysm\u00e4isest\u00e4 kasvusta, joka on kuitenkin saatu aikaan pilaamalla suomalaista suoluontoa, kun soita on ojitettu ja muutettu metsiksi. T\u00e4t\u00e4 ei kuitenkaan kampanjassa kerrota.<\/p>\n\n\n\n<p>Toisessa mainoksessa sanotaan, ett\u00e4 jokaisen kaadetun puun tilalle istutetaan nelj\u00e4 uutta. Lukijalle syntyy mielikuva, ett\u00e4 mets\u00e4n puum\u00e4\u00e4r\u00e4 nelinkertaistuisi. N\u00e4in ei kuitenkaan ole, sill\u00e4 nelj\u00e4st\u00e4 puusta osa kaadetaan my\u00f6hemmin harvennushakkuissa. Kaikista istutetuista taimista ei siis koskaan kasva t\u00e4ysikasvuista puuta saati luonnontilaista vanhaa mets\u00e4\u00e4. Istutetut puut muodostavat ainoastaan uutta yksipuolista talousmets\u00e4\u00e4 kaadetun talousmets\u00e4n tilalle. Talousmets\u00e4 puolestaan ei sovi elinymp\u00e4rist\u00f6ksi suurelle osalle uhanalaisista mets\u00e4lajeistamme.<\/p>\n\n\n\n<p>Kampanjassa esitet\u00e4\u00e4n my\u00f6s suorastaan virheellisi\u00e4 v\u00e4itteit\u00e4. Er\u00e4\u00e4ss\u00e4 kampanjan mainoksessa v\u00e4itet\u00e4\u00e4n, ett\u00e4 yli puolet Euroopan suojelumetsist\u00e4 on Suomessa. V\u00e4ite perustuu <a href=\"https:\/\/www.foresteurope.org\/docs\/SoeF2015\/PART%20II%20CRITERION%204.pdf\">Forest Europe -julkaisuun<\/a> vuodelta 2015, mutta on monessa suhteessa ongelmallinen.<\/p>\n\n\n\n<p>Ensinn\u00e4kin julkaisussa suojelumets\u00e4t on jaettu kolmeen eri kategoriaan. Vain tiukimpaan suojelukategoriaan kuuluvista metsist\u00e4 yli puolet on Suomessa. My\u00f6s kahdessa muussa kategoriassa on kuitenkin mets\u00e4talous kielletty\u00e4, mutta n\u00e4m\u00e4 kategoriat on kampanjan laskelmissa j\u00e4tetty huomiotta.<\/p>\n\n\n\n<p>Toiseksi, Suomessa on luettu tiukimpaan suojelukategoriaan my\u00f6s sellaisia alueita, jotka on muissa maissa saatettu luokitella l\u00f6yhempiin suojelukategorioihin. N\u00e4it\u00e4 alueita ovat mm. kansallispuistot, joissa saa Suomessakin tehd\u00e4 rajoitetusti luonnonhoitotoimia, mutta ne on silti luettu tiukimpaan suojelukategoriaan.<\/p>\n\n\n\n<p>Kolmanneksi on huomioitava, ett\u00e4 raportissa mets\u00e4 on m\u00e4\u00e4ritelty siten, ett\u00e4 metsiksi on luettu my\u00f6s hyvin v\u00e4h\u00e4puustoisia kitumaita, kuten tuntureita, jotka eiv\u00e4t oikeasti ole metsi\u00e4.<\/p>\n\n\n\n<p>Hallitusohjelmassa sovimme keinoista, joilla estet\u00e4\u00e4n v\u00e4\u00e4r\u00e4n tiedon levi\u00e4mist\u00e4 yhteiskunnassa. Ei voi olla niin, ett\u00e4 samaan aikaan rahoitamme harhaanjohtavaa tietoa jakavaa kampanjaa julkisilla varoilla. Sellainen ei kuulu oikeusvaltioon.<\/p>\n\n\n\n<p>Alla kirjallinen kysymyksemme kokonaisuudessaan.<\/p>\n\n\n\n<p><strong>Kirjallinen kysymys Metsien Suomi -kampanjan rahoittamisesta\u00a0<\/strong><\/p>\n\n\n\n<p>Eduskunnan puhemiehelle,&nbsp;<\/p>\n\n\n\n<p>Valtio on maa- ja mets\u00e4talousministeri\u00f6n, Mets\u00e4hallituksen ja Suomen Mets\u00e4keskuksen kautta tukenut mets\u00e4alan etuj\u00e4rjest\u00f6jen Metsien Suomi -viestint\u00e4kampanjaa yhteens\u00e4 noin 380 000 eurolla. Kampanjan sivuilla sanotaan, ett\u00e4 kampanjassa kerrotaan faktatietoa Suomen metsist\u00e4 ja suomalaisesta mets\u00e4nhoidosta. Valitettavasti kampanja esittelee faktoja Suomen metsist\u00e4 ja mets\u00e4nhoidosta hyvin harhaanjohtavasti ja osa v\u00e4itteist\u00e4 on suorastaan virheellisi\u00e4. Osa kampanjan mainoksista on jopa tehty erehdytt\u00e4v\u00e4sti journalistisia artikkeleita muistuttaviksi.&nbsp;<\/p>\n\n\n\n<p>Kampanjan mainoksissa kerrotaan muun muassa, ett\u00e4 jokaisen Suomessa kaadetun puun tilalle istutetaan nelj\u00e4 uutta puuta. Vaikka v\u00e4ite on laskennallisesti totta, antaa se kuvan, ett\u00e4 metsien puum\u00e4\u00e4r\u00e4 nelinkertaistuisi. Todellisuudessa kaikista taimista ei koskaan tule t\u00e4ysikasvuisia puita, sill\u00e4 osa istutetuista taimista kaadetaan harvennushakkuissa. T\u00e4m\u00e4 ei k\u00e4y ilmi mainoksen otsikosta. Lis\u00e4ksi istutetut puut eiv\u00e4t muodosta uusia luonnontilaisia vanhoja metsi\u00e4, vaan talousmets\u00e4\u00e4 hakatun talousmets\u00e4n tilalle. Monet mets\u00e4lajeistamme eiv\u00e4t kykene el\u00e4m\u00e4\u00e4n talousmetsiss\u00e4.<\/p>\n\n\n\n<p>Kampanja levitt\u00e4\u00e4 my\u00f6s suoraan virheellist\u00e4 tietoa: todellisuudessa Euroopan suojelumetsist\u00e4 yli puolet ei sijaitse Suomessa. Kampanja k\u00e4ytt\u00e4\u00e4 l\u00e4hteen\u00e4\u00e4n Forest Europen tilastoa, jossa Euroopan luonnon monimuotoisuuden vaalimista varten suojellut mets\u00e4t on jaettu kolmeen kategoriaan. N\u00e4ist\u00e4 kolmesta kategoriasta vain yhden (tiukin suojelu) kategorian metsist\u00e4 yli puolet sijaitsee Suomessa. Todellisuudessa my\u00f6sk\u00e4\u00e4n muihin kategorioihin luokitelluissa metsiss\u00e4 mets\u00e4talous ei ole sallittua. Kun lasketaan yhteen kaikki suojelumetsien kategoriat, Suomessa on vain noin 15 prosenttia Euroopan suojelumetsist\u00e4. Lis\u00e4ksi suojelumetsiin on Forest Europen tilastoissa laskettu metsien lis\u00e4ksi my\u00f6s kitumaita, joilla puita kasvaa vain hyvin v\u00e4h\u00e4n.<\/p>\n\n\n\n<p>Kampanjan keskeinen viesti on mets\u00e4talouden kest\u00e4vyys. Kuitenkin mets\u00e4talous on Suomen lajien uhanalaisuusarvioinnin mukaan suurin uhanalaisuuden syy maassamme. Mets\u00e4lajiston uhanalaisuus on kahden edellisen uhanalaisuusarvioinnin v\u00e4liss\u00e4 kasvanut entisest\u00e4\u00e4n. Lis\u00e4\u00e4ntyneet hakkuut my\u00f6s pienent\u00e4v\u00e4t metsien ja mets\u00e4maan hiilivarastoja ja hiilinielua, mik\u00e4 kiihdytt\u00e4\u00e4 ilmastonmuutosta. Metsien puum\u00e4\u00e4r\u00e4n suuri kasvu on Suomessa saatu aikaan isoilta osin muuttamalla suoekosysteemej\u00e4 metsiksi, mill\u00e4 on ollut haitallisia vaikutuksia paitsi suoluontoon my\u00f6s vesist\u00f6ihin. Lis\u00e4ksi mets\u00e4talouden haitalliset vaikutukset vesist\u00f6ihin ovat t\u00e4n\u00e4 vuonna paljastuneet jopa kaksi kertaa aiemmin arvioitua suuremmiksi. N\u00e4m\u00e4 faktat on j\u00e4tetty mainitsematta kampanjan mainoksissa, mik\u00e4 antaa erehdytt\u00e4v\u00e4sti vaikutelman siit\u00e4, ett\u00e4 suomalainen mets\u00e4talous olisi ymp\u00e4rist\u00f6n kannalta kest\u00e4v\u00e4\u00e4.&nbsp;<\/p>\n\n\n\n<p>Metsien Suomi -kampanja antaa edell\u00e4 mainituista syist\u00e4 harhaanjohtavan kuvan suomalaisesta mets\u00e4taloudesta. Vaikka kampanja on lanseerattu viestint\u00e4kampanjana, muistuttaa se enemm\u00e4n markkinointikampanjaa.&nbsp;<\/p>\n\n\n\n<p>Hallitusohjelmassa on sovittu keinoista, joilla pyrit\u00e4\u00e4n est\u00e4m\u00e4\u00e4n v\u00e4\u00e4r\u00e4n tiedon levi\u00e4mist\u00e4 ja takaamaan kansalaisten mahdollisuudet sivist\u00e4\u00e4 itse\u00e4\u00e4n luotettavalla tiedolla. Samaan aikaan valtio on kuitenkin rahoittanut Metsien Suomi -kampanjaa, joka levitt\u00e4\u00e4 kaunisteltuja v\u00e4itteit\u00e4 suomalaisesta mets\u00e4taloudesta.&nbsp;<\/p>\n\n\n\n<p>Valtion tulisi k\u00e4ytt\u00e4\u00e4 julkisia varoja harkitusti ja vain sellaiseen viestint\u00e4\u00e4n, joka antaa todenmukaisen kuvan kulloinkin viestitt\u00e4v\u00e4sti asiasta, lis\u00e4\u00e4 kansalaisten tietotasoa eik\u00e4 johda harhaan. Mets\u00e4talouden ekologiseen kest\u00e4vyyteen perustuvia ongelmia ei saisi piilotella, vaan niist\u00e4 olisi avoimesti viestitt\u00e4v\u00e4 my\u00f6s suurelle yleis\u00f6lle ja pyritt\u00e4v\u00e4 l\u00f6yt\u00e4m\u00e4\u00e4n ratkaisuja haittavaikutusten minimoimiseen.&nbsp;<\/p>\n\n\n\n<p>Edell\u00e4 olevan perusteella ja eduskunnan ty\u00f6j\u00e4rjestyksen 27 \u00a7:\u00e4\u00e4n viitaten esit\u00e4mme asianomaisen ministerin vastattavaksi seuraavat kysymykset:&nbsp;<\/p>\n\n\n\n<p>Aikooko hallitus selvitt\u00e4\u00e4 julkisin varoin tuetun Metsien Suomi -kampanjan sis\u00e4ll\u00f6n todenmukaisuutta ja luotettavuutta?<br>&nbsp;<\/p>\n\n\n\n<p>Mill\u00e4 keinoin hallitus aikoo varmistaa, ett\u00e4 julkisia varoja ei ohjata v\u00e4\u00e4r\u00e4n tai harhaanjohtavan tiedon levitt\u00e4miseen?<br><\/p>\n\n\n\n<p>Helsingiss\u00e4 2.7.2020<\/p>\n\n\n\n<p>Jenni Pitko vihr.<\/p>\n\n\n\n<p>Satu Hassi vihr.<\/p>\n","protected":false},"excerpt":{"rendered":"<p>Valtio on maa- ja mets\u00e4talousministeri\u00f6n, Mets\u00e4hallituksen ja Suomen Mets\u00e4keskuksen kautta tukenut mets\u00e4alan etuj\u00e4rjest\u00f6jen Metsien Suomi -viestint\u00e4kampanjaa yhteens\u00e4 noin 380 000 [&hellip;]<\/p>\n","protected":false},"author":1,"featured_media":0,"comment_status":"closed","ping_status":"closed","sticky":false,"template":"","format":"standard","meta":{"_monsterinsights_skip_tracking":false,"_monsterinsights_sitenote_active":false,"_monsterinsights_sitenote_note":"","_monsterinsights_sitenote_category":0,"site-sidebar-layout":"default","site-content-layout":"","ast-site-content-layout":"default","site-content-style":"default","site-sidebar-style":"default","ast-global-header-display":"","ast-banner-title-visibility":"","ast-main-header-display":"","ast-hfb-above-header-display":"","ast-hfb-below-header-display":"","ast-hfb-mobile-header-display":"","site-post-title":"","ast-breadcrumbs-content":"","ast-featured-img":"","footer-sml-layout":"","ast-disable-related-posts":"","theme-transparent-header-meta":"","adv-header-id-meta":"","stick-header-meta":"","header-above-stick-meta":"","header-main-stick-meta":"","header-below-stick-meta":"","astra-migrate-meta-layouts":"default","ast-page-background-enabled":"default","ast-page-background-meta":{"desktop":{"background-color":"var(--ast-global-color-5)","background-image":"","background-repeat":"repeat","background-position":"center center","background-size":"auto","background-attachment":"scroll","background-type":"","background-media":"","overlay-type":"","overlay-color":"","overlay-opacity":"","overlay-gradient":""},"tablet":{"background-color":"","background-image":"","background-repeat":"repeat","background-position":"center center","background-size":"auto","background-attachment":"scroll","background-type":"","background-media":"","overlay-type":"","overlay-color":"","overlay-opacity":"","overlay-gradient":""},"mobile":{"background-color":"","background-image":"","background-repeat":"repeat","background-position":"center center","background-size":"auto","background-attachment":"scroll","background-type":"","background-media":"","overlay-type":"","overlay-color":"","overlay-opacity":"","overlay-gradient":""}},"ast-content-background-meta":{"desktop":{"background-color":"var(--ast-global-color-4)","background-image":"","background-repeat":"repeat","background-position":"center center","background-size":"auto","background-attachment":"scroll","background-type":"","background-media":"","overlay-type":"","overlay-color":"","overlay-opacity":"","overlay-gradient":""},"tablet":{"background-color":"var(--ast-global-color-4)","background-image":"","background-repeat":"repeat","background-position":"center center","background-size":"auto","background-attachment":"scroll","background-type":"","background-media":"","overlay-type":"","overlay-color":"","overlay-opacity":"","overlay-gradient":""},"mobile":{"background-color":"var(--ast-global-color-4)","background-image":"","background-repeat":"repeat","background-position":"center center","background-size":"auto","background-attachment":"scroll","background-type":"","background-media":"","overlay-type":"","overlay-color":"","overlay-opacity":"","overlay-gradient":""}},"footnotes":""},"categories":[2,117,359],"tags":[374,350,379],"class_list":["post-2338","post","type-post","status-publish","format-standard","hentry","category-blogi","category-tiedotteet","category-valtiopaivatoimet","tag-metsa","tag-metsahakkuut","tag-metsatalous"],"yoast_head":"<!-- This site is optimized with the Yoast SEO plugin v27.5 - https:\/\/yoast.com\/product\/yoast-seo-wordpress\/ -->\n<title>Valtion ei pid\u00e4 levitt\u00e4\u00e4 harhaanjohtavaa kuvaa mets\u00e4taloudesta - Jenni Pitko - Vihreiden varapuheenjohtaja, ymp\u00e4rist\u00f6valiokunnan puheenjohtaja, kansanedustaja ja arkkitehti Oulusta<\/title>\n<meta name=\"robots\" content=\"index, follow, max-snippet:-1, max-image-preview:large, max-video-preview:-1\" \/>\n<link rel=\"canonical\" href=\"https:\/\/jennipitko.fi\/koti\/valtion-ei-pida-levittaa-harhaanjohtavaa-kuvaa-metsataloudesta\/\" \/>\n<meta property=\"og:locale\" content=\"fi_FI\" \/>\n<meta property=\"og:type\" content=\"article\" \/>\n<meta property=\"og:title\" content=\"Valtion ei pid\u00e4 levitt\u00e4\u00e4 harhaanjohtavaa kuvaa mets\u00e4taloudesta - Jenni Pitko - Vihreiden varapuheenjohtaja, ymp\u00e4rist\u00f6valiokunnan puheenjohtaja, kansanedustaja ja arkkitehti Oulusta\" \/>\n<meta property=\"og:description\" content=\"Valtio on maa- ja mets\u00e4talousministeri\u00f6n, Mets\u00e4hallituksen ja Suomen Mets\u00e4keskuksen kautta tukenut mets\u00e4alan etuj\u00e4rjest\u00f6jen Metsien Suomi -viestint\u00e4kampanjaa yhteens\u00e4 noin 380 000 [&hellip;]\" \/>\n<meta property=\"og:url\" content=\"https:\/\/jennipitko.fi\/koti\/valtion-ei-pida-levittaa-harhaanjohtavaa-kuvaa-metsataloudesta\/\" \/>\n<meta property=\"og:site_name\" content=\"Jenni Pitko - Vihreiden varapuheenjohtaja, ymp\u00e4rist\u00f6valiokunnan puheenjohtaja, kansanedustaja ja arkkitehti Oulusta\" \/>\n<meta property=\"article:published_time\" content=\"2020-07-03T04:53:15+00:00\" \/>\n<meta property=\"article:modified_time\" content=\"2020-07-03T04:53:18+00:00\" \/>\n<meta name=\"author\" content=\"Jenni\" \/>\n<meta name=\"twitter:card\" content=\"summary_large_image\" \/>\n<meta name=\"twitter:label1\" content=\"Kirjoittanut\" \/>\n\t<meta name=\"twitter:data1\" content=\"Jenni\" \/>\n\t<meta name=\"twitter:label2\" content=\"Arvioitu lukuaika\" \/>\n\t<meta name=\"twitter:data2\" content=\"5 minuuttia\" \/>\n<script type=\"application\/ld+json\" class=\"yoast-schema-graph\">{\"@context\":\"https:\\\/\\\/schema.org\",\"@graph\":[{\"@type\":\"Article\",\"@id\":\"https:\\\/\\\/jennipitko.fi\\\/koti\\\/valtion-ei-pida-levittaa-harhaanjohtavaa-kuvaa-metsataloudesta\\\/#article\",\"isPartOf\":{\"@id\":\"https:\\\/\\\/jennipitko.fi\\\/koti\\\/valtion-ei-pida-levittaa-harhaanjohtavaa-kuvaa-metsataloudesta\\\/\"},\"author\":{\"name\":\"Jenni\",\"@id\":\"https:\\\/\\\/jennipitko.fi\\\/koti\\\/#\\\/schema\\\/person\\\/35955c467f851f10124809310e7e7ee8\"},\"headline\":\"Valtion ei pid\u00e4 levitt\u00e4\u00e4 harhaanjohtavaa kuvaa mets\u00e4taloudesta\",\"datePublished\":\"2020-07-03T04:53:15+00:00\",\"dateModified\":\"2020-07-03T04:53:18+00:00\",\"mainEntityOfPage\":{\"@id\":\"https:\\\/\\\/jennipitko.fi\\\/koti\\\/valtion-ei-pida-levittaa-harhaanjohtavaa-kuvaa-metsataloudesta\\\/\"},\"wordCount\":933,\"publisher\":{\"@id\":\"https:\\\/\\\/jennipitko.fi\\\/koti\\\/#organization\"},\"keywords\":[\"mets\u00e4\",\"mets\u00e4hakkuut\",\"mets\u00e4talous\"],\"articleSection\":[\"Blogi\",\"Tiedotteet\",\"Valtiop\u00e4iv\u00e4toimet\"],\"inLanguage\":\"fi\"},{\"@type\":\"WebPage\",\"@id\":\"https:\\\/\\\/jennipitko.fi\\\/koti\\\/valtion-ei-pida-levittaa-harhaanjohtavaa-kuvaa-metsataloudesta\\\/\",\"url\":\"https:\\\/\\\/jennipitko.fi\\\/koti\\\/valtion-ei-pida-levittaa-harhaanjohtavaa-kuvaa-metsataloudesta\\\/\",\"name\":\"Valtion ei pid\u00e4 levitt\u00e4\u00e4 harhaanjohtavaa kuvaa mets\u00e4taloudesta - Jenni Pitko - Vihreiden varapuheenjohtaja, ymp\u00e4rist\u00f6valiokunnan puheenjohtaja, kansanedustaja ja arkkitehti Oulusta\",\"isPartOf\":{\"@id\":\"https:\\\/\\\/jennipitko.fi\\\/koti\\\/#website\"},\"datePublished\":\"2020-07-03T04:53:15+00:00\",\"dateModified\":\"2020-07-03T04:53:18+00:00\",\"breadcrumb\":{\"@id\":\"https:\\\/\\\/jennipitko.fi\\\/koti\\\/valtion-ei-pida-levittaa-harhaanjohtavaa-kuvaa-metsataloudesta\\\/#breadcrumb\"},\"inLanguage\":\"fi\",\"potentialAction\":[{\"@type\":\"ReadAction\",\"target\":[\"https:\\\/\\\/jennipitko.fi\\\/koti\\\/valtion-ei-pida-levittaa-harhaanjohtavaa-kuvaa-metsataloudesta\\\/\"]}]},{\"@type\":\"BreadcrumbList\",\"@id\":\"https:\\\/\\\/jennipitko.fi\\\/koti\\\/valtion-ei-pida-levittaa-harhaanjohtavaa-kuvaa-metsataloudesta\\\/#breadcrumb\",\"itemListElement\":[{\"@type\":\"ListItem\",\"position\":1,\"name\":\"Home\",\"item\":\"https:\\\/\\\/jennipitko.fi\\\/koti\\\/\"},{\"@type\":\"ListItem\",\"position\":2,\"name\":\"Valtion ei pid\u00e4 levitt\u00e4\u00e4 harhaanjohtavaa kuvaa mets\u00e4taloudesta\"}]},{\"@type\":\"WebSite\",\"@id\":\"https:\\\/\\\/jennipitko.fi\\\/koti\\\/#website\",\"url\":\"https:\\\/\\\/jennipitko.fi\\\/koti\\\/\",\"name\":\"Jenni Pitko - Vihreiden varapuheenjohtaja, ymp\u00e4rist\u00f6valiokunnan puheenjohtaja, kansanedustaja ja arkkitehti Oulusta\",\"description\":\"Jenni Pitko - Vihreiden varapuheenjohtaja, ymp\u00e4rist\u00f6valiokunnan puheenjohtaja, kansanedustaja ja arkkitehti Oulusta\",\"publisher\":{\"@id\":\"https:\\\/\\\/jennipitko.fi\\\/koti\\\/#organization\"},\"potentialAction\":[{\"@type\":\"SearchAction\",\"target\":{\"@type\":\"EntryPoint\",\"urlTemplate\":\"https:\\\/\\\/jennipitko.fi\\\/koti\\\/?s={search_term_string}\"},\"query-input\":{\"@type\":\"PropertyValueSpecification\",\"valueRequired\":true,\"valueName\":\"search_term_string\"}}],\"inLanguage\":\"fi\"},{\"@type\":\"Organization\",\"@id\":\"https:\\\/\\\/jennipitko.fi\\\/koti\\\/#organization\",\"name\":\"Jenni Pitko - Vihreiden varapuheenjohtaja, ymp\u00e4rist\u00f6valiokunnan puheenjohtaja, kansanedustaja ja arkkitehti Oulusta\",\"url\":\"https:\\\/\\\/jennipitko.fi\\\/koti\\\/\",\"logo\":{\"@type\":\"ImageObject\",\"inLanguage\":\"fi\",\"@id\":\"https:\\\/\\\/jennipitko.fi\\\/koti\\\/#\\\/schema\\\/logo\\\/image\\\/\",\"url\":\"https:\\\/\\\/jennipitko.fi\\\/koti\\\/wp-content\\\/uploads\\\/2025\\\/09\\\/Nimeton-malli-38.png\",\"contentUrl\":\"https:\\\/\\\/jennipitko.fi\\\/koti\\\/wp-content\\\/uploads\\\/2025\\\/09\\\/Nimeton-malli-38.png\",\"width\":1280,\"height\":847,\"caption\":\"Jenni Pitko - Vihreiden varapuheenjohtaja, ymp\u00e4rist\u00f6valiokunnan puheenjohtaja, kansanedustaja ja arkkitehti Oulusta\"},\"image\":{\"@id\":\"https:\\\/\\\/jennipitko.fi\\\/koti\\\/#\\\/schema\\\/logo\\\/image\\\/\"}},{\"@type\":\"Person\",\"@id\":\"https:\\\/\\\/jennipitko.fi\\\/koti\\\/#\\\/schema\\\/person\\\/35955c467f851f10124809310e7e7ee8\",\"name\":\"Jenni\",\"image\":{\"@type\":\"ImageObject\",\"inLanguage\":\"fi\",\"@id\":\"https:\\\/\\\/secure.gravatar.com\\\/avatar\\\/625a0e6413b293da7739d42617828d564a4d6028aec3f45d8939a2ba1617199f?s=96&d=blank&r=g\",\"url\":\"https:\\\/\\\/secure.gravatar.com\\\/avatar\\\/625a0e6413b293da7739d42617828d564a4d6028aec3f45d8939a2ba1617199f?s=96&d=blank&r=g\",\"contentUrl\":\"https:\\\/\\\/secure.gravatar.com\\\/avatar\\\/625a0e6413b293da7739d42617828d564a4d6028aec3f45d8939a2ba1617199f?s=96&d=blank&r=g\",\"caption\":\"Jenni\"},\"url\":\"https:\\\/\\\/jennipitko.fi\\\/koti\\\/author\\\/jenni\\\/\"}]}<\/script>\n<!-- \/ Yoast SEO plugin. -->","yoast_head_json":{"title":"Valtion ei pid\u00e4 levitt\u00e4\u00e4 harhaanjohtavaa kuvaa mets\u00e4taloudesta - Jenni Pitko - Vihreiden varapuheenjohtaja, ymp\u00e4rist\u00f6valiokunnan puheenjohtaja, kansanedustaja ja arkkitehti Oulusta","robots":{"index":"index","follow":"follow","max-snippet":"max-snippet:-1","max-image-preview":"max-image-preview:large","max-video-preview":"max-video-preview:-1"},"canonical":"https:\/\/jennipitko.fi\/koti\/valtion-ei-pida-levittaa-harhaanjohtavaa-kuvaa-metsataloudesta\/","og_locale":"fi_FI","og_type":"article","og_title":"Valtion ei pid\u00e4 levitt\u00e4\u00e4 harhaanjohtavaa kuvaa mets\u00e4taloudesta - Jenni Pitko - Vihreiden varapuheenjohtaja, ymp\u00e4rist\u00f6valiokunnan puheenjohtaja, kansanedustaja ja arkkitehti Oulusta","og_description":"Valtio on maa- ja mets\u00e4talousministeri\u00f6n, Mets\u00e4hallituksen ja Suomen Mets\u00e4keskuksen kautta tukenut mets\u00e4alan etuj\u00e4rjest\u00f6jen Metsien Suomi -viestint\u00e4kampanjaa yhteens\u00e4 noin 380 000 [&hellip;]","og_url":"https:\/\/jennipitko.fi\/koti\/valtion-ei-pida-levittaa-harhaanjohtavaa-kuvaa-metsataloudesta\/","og_site_name":"Jenni Pitko - Vihreiden varapuheenjohtaja, ymp\u00e4rist\u00f6valiokunnan puheenjohtaja, kansanedustaja ja arkkitehti Oulusta","article_published_time":"2020-07-03T04:53:15+00:00","article_modified_time":"2020-07-03T04:53:18+00:00","author":"Jenni","twitter_card":"summary_large_image","twitter_misc":{"Kirjoittanut":"Jenni","Arvioitu lukuaika":"5 minuuttia"},"schema":{"@context":"https:\/\/schema.org","@graph":[{"@type":"Article","@id":"https:\/\/jennipitko.fi\/koti\/valtion-ei-pida-levittaa-harhaanjohtavaa-kuvaa-metsataloudesta\/#article","isPartOf":{"@id":"https:\/\/jennipitko.fi\/koti\/valtion-ei-pida-levittaa-harhaanjohtavaa-kuvaa-metsataloudesta\/"},"author":{"name":"Jenni","@id":"https:\/\/jennipitko.fi\/koti\/#\/schema\/person\/35955c467f851f10124809310e7e7ee8"},"headline":"Valtion ei pid\u00e4 levitt\u00e4\u00e4 harhaanjohtavaa kuvaa mets\u00e4taloudesta","datePublished":"2020-07-03T04:53:15+00:00","dateModified":"2020-07-03T04:53:18+00:00","mainEntityOfPage":{"@id":"https:\/\/jennipitko.fi\/koti\/valtion-ei-pida-levittaa-harhaanjohtavaa-kuvaa-metsataloudesta\/"},"wordCount":933,"publisher":{"@id":"https:\/\/jennipitko.fi\/koti\/#organization"},"keywords":["mets\u00e4","mets\u00e4hakkuut","mets\u00e4talous"],"articleSection":["Blogi","Tiedotteet","Valtiop\u00e4iv\u00e4toimet"],"inLanguage":"fi"},{"@type":"WebPage","@id":"https:\/\/jennipitko.fi\/koti\/valtion-ei-pida-levittaa-harhaanjohtavaa-kuvaa-metsataloudesta\/","url":"https:\/\/jennipitko.fi\/koti\/valtion-ei-pida-levittaa-harhaanjohtavaa-kuvaa-metsataloudesta\/","name":"Valtion ei pid\u00e4 levitt\u00e4\u00e4 harhaanjohtavaa kuvaa mets\u00e4taloudesta - Jenni Pitko - Vihreiden varapuheenjohtaja, ymp\u00e4rist\u00f6valiokunnan puheenjohtaja, kansanedustaja ja arkkitehti Oulusta","isPartOf":{"@id":"https:\/\/jennipitko.fi\/koti\/#website"},"datePublished":"2020-07-03T04:53:15+00:00","dateModified":"2020-07-03T04:53:18+00:00","breadcrumb":{"@id":"https:\/\/jennipitko.fi\/koti\/valtion-ei-pida-levittaa-harhaanjohtavaa-kuvaa-metsataloudesta\/#breadcrumb"},"inLanguage":"fi","potentialAction":[{"@type":"ReadAction","target":["https:\/\/jennipitko.fi\/koti\/valtion-ei-pida-levittaa-harhaanjohtavaa-kuvaa-metsataloudesta\/"]}]},{"@type":"BreadcrumbList","@id":"https:\/\/jennipitko.fi\/koti\/valtion-ei-pida-levittaa-harhaanjohtavaa-kuvaa-metsataloudesta\/#breadcrumb","itemListElement":[{"@type":"ListItem","position":1,"name":"Home","item":"https:\/\/jennipitko.fi\/koti\/"},{"@type":"ListItem","position":2,"name":"Valtion ei pid\u00e4 levitt\u00e4\u00e4 harhaanjohtavaa kuvaa mets\u00e4taloudesta"}]},{"@type":"WebSite","@id":"https:\/\/jennipitko.fi\/koti\/#website","url":"https:\/\/jennipitko.fi\/koti\/","name":"Jenni Pitko - Vihreiden varapuheenjohtaja, ymp\u00e4rist\u00f6valiokunnan puheenjohtaja, kansanedustaja ja arkkitehti Oulusta","description":"Jenni Pitko - Vihreiden varapuheenjohtaja, ymp\u00e4rist\u00f6valiokunnan puheenjohtaja, kansanedustaja ja arkkitehti Oulusta","publisher":{"@id":"https:\/\/jennipitko.fi\/koti\/#organization"},"potentialAction":[{"@type":"SearchAction","target":{"@type":"EntryPoint","urlTemplate":"https:\/\/jennipitko.fi\/koti\/?s={search_term_string}"},"query-input":{"@type":"PropertyValueSpecification","valueRequired":true,"valueName":"search_term_string"}}],"inLanguage":"fi"},{"@type":"Organization","@id":"https:\/\/jennipitko.fi\/koti\/#organization","name":"Jenni Pitko - Vihreiden varapuheenjohtaja, ymp\u00e4rist\u00f6valiokunnan puheenjohtaja, kansanedustaja ja arkkitehti Oulusta","url":"https:\/\/jennipitko.fi\/koti\/","logo":{"@type":"ImageObject","inLanguage":"fi","@id":"https:\/\/jennipitko.fi\/koti\/#\/schema\/logo\/image\/","url":"https:\/\/jennipitko.fi\/koti\/wp-content\/uploads\/2025\/09\/Nimeton-malli-38.png","contentUrl":"https:\/\/jennipitko.fi\/koti\/wp-content\/uploads\/2025\/09\/Nimeton-malli-38.png","width":1280,"height":847,"caption":"Jenni Pitko - Vihreiden varapuheenjohtaja, ymp\u00e4rist\u00f6valiokunnan puheenjohtaja, kansanedustaja ja arkkitehti Oulusta"},"image":{"@id":"https:\/\/jennipitko.fi\/koti\/#\/schema\/logo\/image\/"}},{"@type":"Person","@id":"https:\/\/jennipitko.fi\/koti\/#\/schema\/person\/35955c467f851f10124809310e7e7ee8","name":"Jenni","image":{"@type":"ImageObject","inLanguage":"fi","@id":"https:\/\/secure.gravatar.com\/avatar\/625a0e6413b293da7739d42617828d564a4d6028aec3f45d8939a2ba1617199f?s=96&d=blank&r=g","url":"https:\/\/secure.gravatar.com\/avatar\/625a0e6413b293da7739d42617828d564a4d6028aec3f45d8939a2ba1617199f?s=96&d=blank&r=g","contentUrl":"https:\/\/secure.gravatar.com\/avatar\/625a0e6413b293da7739d42617828d564a4d6028aec3f45d8939a2ba1617199f?s=96&d=blank&r=g","caption":"Jenni"},"url":"https:\/\/jennipitko.fi\/koti\/author\/jenni\/"}]}},"_links":{"self":[{"href":"https:\/\/jennipitko.fi\/koti\/wp-json\/wp\/v2\/posts\/2338","targetHints":{"allow":["GET"]}}],"collection":[{"href":"https:\/\/jennipitko.fi\/koti\/wp-json\/wp\/v2\/posts"}],"about":[{"href":"https:\/\/jennipitko.fi\/koti\/wp-json\/wp\/v2\/types\/post"}],"author":[{"embeddable":true,"href":"https:\/\/jennipitko.fi\/koti\/wp-json\/wp\/v2\/users\/1"}],"replies":[{"embeddable":true,"href":"https:\/\/jennipitko.fi\/koti\/wp-json\/wp\/v2\/comments?post=2338"}],"version-history":[{"count":1,"href":"https:\/\/jennipitko.fi\/koti\/wp-json\/wp\/v2\/posts\/2338\/revisions"}],"predecessor-version":[{"id":2339,"href":"https:\/\/jennipitko.fi\/koti\/wp-json\/wp\/v2\/posts\/2338\/revisions\/2339"}],"wp:attachment":[{"href":"https:\/\/jennipitko.fi\/koti\/wp-json\/wp\/v2\/media?parent=2338"}],"wp:term":[{"taxonomy":"category","embeddable":true,"href":"https:\/\/jennipitko.fi\/koti\/wp-json\/wp\/v2\/categories?post=2338"},{"taxonomy":"post_tag","embeddable":true,"href":"https:\/\/jennipitko.fi\/koti\/wp-json\/wp\/v2\/tags?post=2338"}],"curies":[{"name":"wp","href":"https:\/\/api.w.org\/{rel}","templated":true}]}}