{"id":2347,"date":"2020-08-17T13:44:00","date_gmt":"2020-08-17T11:44:00","guid":{"rendered":"http:\/\/jennipitko.fi\/koti\/?p=2347"},"modified":"2020-08-20T13:46:21","modified_gmt":"2020-08-20T11:46:21","slug":"vaelluskalat-saatava-takaisin-kemijokeen","status":"publish","type":"post","link":"https:\/\/jennipitko.fi\/koti\/vaelluskalat-saatava-takaisin-kemijokeen\/","title":{"rendered":"Vaelluskalat saatava takaisin Kemijokeen"},"content":{"rendered":"\n<p><em>Kemijoki oli ennen vesivoimaloiden rakentamista Euroopan runsaimpia lohijokia. Viimeisten vuosikymmenien aikana rakennetut voimalat ovat kuitenkin ajaneet Kemijoen alkuper\u00e4isen lohikannan sukupuuttoon. Kemijoki Oy:n ja muiden alueen voimayhti\u00f6iden on vihdoin kannettava vastuunsa ja ryhdytt\u00e4v\u00e4 toimenpiteisiin luonnontilaisen vaelluskalakannan palauttamiseksi.<\/em><\/p>\n\n\n\n<p>Vaelluskalat, kuten merikutuiset lohet ja taimenet, ovat yksi uhanalaisimmista eli\u00f6ryhmist\u00e4mme. Yksi n\u00e4iden lajien ahdinkoon vaikuttanut tekij\u00e4 on vesivoima. Voimaloiden turbiinit ja padot est\u00e4v\u00e4t vaelluskalojen luontaisen vaelluksen joen ja meren v\u00e4lill\u00e4.<\/p>\n\n\n\n<p>Viimeisten vuosien aikana on saatu paljon uutta tietoa vesivoimaloiden aiheuttamista haitoista vaelluskaloille sek\u00e4 n\u00e4iden haittojen ehk\u00e4isemisest\u00e4. Kemijoella voimalaitokset aiheuttavat vaelluskalakannoille hyvin merkitt\u00e4v\u00e4\u00e4 haittaa, jonka kompensoimiseen voimayhti\u00f6iden nykyiset miltei nelj\u00e4kymment\u00e4 vuotta vanhat kalatalousvelvoitteet ovat etenkin nykytiedon valossa t\u00e4ysin riitt\u00e4m\u00e4tt\u00f6m\u00e4t.&nbsp;<\/p>\n\n\n\n<p>My\u00f6s lains\u00e4\u00e4d\u00e4nt\u00f6 on nelj\u00e4ss\u00e4kymmeness\u00e4 vuodessa ehtinyt kiristy\u00e4. Nykyisell\u00e4\u00e4n voimaloiden kalatalousvelvoitteet eiv\u00e4t vastaa niit\u00e4 kansallisia ja kansainv\u00e4lisi\u00e4 sitoumuksia, jotka velvoittavat Suomea edist\u00e4m\u00e4\u00e4n vaelluskalojen luontaista lis\u00e4\u00e4ntymiskiertoa ja suojelemaan luonnon monimuotoisuutta.<\/p>\n\n\n\n<p>Lapin ELY-keskus onkin hakenut Pohjois-Suomen aluehallintovirastolta lupaa p\u00e4ivitt\u00e4\u00e4 Kemijoella sijaitsevien voimalaitosten selv\u00e4sti vanhentuneita kalatalousvelvoitteita. Kalatalousvelvoitteiden p\u00e4ivitt\u00e4minen nykyp\u00e4iv\u00e4\u00e4n mahdollistaisi elinvoimaiset ja luontaisesti lis\u00e4\u00e4ntyv\u00e4t vaelluskalakannat laajoissa osissa Kemijokea.&nbsp;<\/p>\n\n\n\n<p>K\u00e4yt\u00e4nn\u00f6ss\u00e4 p\u00e4ivityksell\u00e4 velvoitettaisiin vesivoimayhti\u00f6t rakentamaan toimivia kalateit\u00e4 ja alasvaellusreittej\u00e4, joita pitkin kalat voisivat v\u00e4ist\u00e4\u00e4 voimalat, sek\u00e4 suorittamaan aiempaa tehokkaampia kalojen istutuksia. Alueen voimayhti\u00f6t kuitenkin suhtautuvat velvoitteiden tiukentumiseen kielteisesti.&nbsp;<\/p>\n\n\n\n<p>My\u00f6s valtion enemmist\u00f6omistama Kemijoki Oy on asettunut ehtojen tiukentamista vastaan, vaikka se on vastoin valtionyhti\u00f6it\u00e4 ohjaavien omistajapoliittisten linjausten henke\u00e4. Hallituksen yhdess\u00e4 viime kev\u00e4\u00e4n\u00e4 hyv\u00e4ksym\u00e4t omistajapoliittiset linjaukset velvoittavat valtionyhti\u00f6it\u00e4 tunnistamaan oman toimintansa vaikutukset luonnon monimuotoisuudelle ja asettamaan niille verrokkiyhti\u00f6ihin n\u00e4hden kunnianhimoiset mitattavat tavoitteet.&nbsp;<\/p>\n\n\n\n<p>Valtionyhti\u00f6iden tulisi toimia edell\u00e4k\u00e4vij\u00f6in\u00e4 luonnon monimuotoisuuden suojelussa, eik\u00e4 harata vastaan. On h\u00e4pe\u00e4llist\u00e4, ett\u00e4 valtion omistama yhti\u00f6 vastustaa vaelluskalojen palauttamiseen t\u00e4ht\u00e4\u00e4vi\u00e4 velvoitemuutoksia, jotka tulevat laistamme.&nbsp;<\/p>\n\n\n\n<p>Vihre\u00e4t on Kemijoki Oy:n hallintoneuvostossa vaatinut kalatalousvelvoitteiden kirist\u00e4mist\u00e4. My\u00f6s Lapin Vihre\u00e4t ja moni muu puolue on puolustanut kalateiden rakentamista. Toivon hartaasti, ett\u00e4 aluehallintovirasto my\u00f6nt\u00e4\u00e4 ELY:lle mahdollisuudet kirist\u00e4\u00e4 Kemijoella toimivien yhti\u00f6iden kalatalousvelvoitteita ja ett\u00e4 Kemijoki Oy ryhtyy ensitilassa toimiin vaelluskalakantojen elinolojen parantamiseksi. Vesivoimalla voidaan tuottaa p\u00e4\u00e4st\u00f6t\u00f6nt\u00e4 energiaa, mutta se ei saa tapahtua luonnon monimuotoisuuden kustannuksella.\u00a0<br><br><em>Kirjoitus on julkaistu alunperin Vihreiden blogissa 17.8.2020.<\/em><\/p>\n","protected":false},"excerpt":{"rendered":"<p>Kemijoki oli ennen vesivoimaloiden rakentamista Euroopan runsaimpia lohijokia. Viimeisten vuosikymmenien aikana rakennetut voimalat ovat kuitenkin ajaneet Kemijoen alkuper\u00e4isen lohikannan sukupuuttoon. [&hellip;]<\/p>\n","protected":false},"author":1,"featured_media":0,"comment_status":"closed","ping_status":"closed","sticky":false,"template":"","format":"standard","meta":{"_monsterinsights_skip_tracking":false,"_monsterinsights_sitenote_active":false,"_monsterinsights_sitenote_note":"","_monsterinsights_sitenote_category":0,"site-sidebar-layout":"default","site-content-layout":"","ast-site-content-layout":"default","site-content-style":"default","site-sidebar-style":"default","ast-global-header-display":"","ast-banner-title-visibility":"","ast-main-header-display":"","ast-hfb-above-header-display":"","ast-hfb-below-header-display":"","ast-hfb-mobile-header-display":"","site-post-title":"","ast-breadcrumbs-content":"","ast-featured-img":"","footer-sml-layout":"","ast-disable-related-posts":"","theme-transparent-header-meta":"","adv-header-id-meta":"","stick-header-meta":"","header-above-stick-meta":"","header-main-stick-meta":"","header-below-stick-meta":"","astra-migrate-meta-layouts":"default","ast-page-background-enabled":"default","ast-page-background-meta":{"desktop":{"background-color":"var(--ast-global-color-5)","background-image":"","background-repeat":"repeat","background-position":"center center","background-size":"auto","background-attachment":"scroll","background-type":"","background-media":"","overlay-type":"","overlay-color":"","overlay-opacity":"","overlay-gradient":""},"tablet":{"background-color":"","background-image":"","background-repeat":"repeat","background-position":"center center","background-size":"auto","background-attachment":"scroll","background-type":"","background-media":"","overlay-type":"","overlay-color":"","overlay-opacity":"","overlay-gradient":""},"mobile":{"background-color":"","background-image":"","background-repeat":"repeat","background-position":"center center","background-size":"auto","background-attachment":"scroll","background-type":"","background-media":"","overlay-type":"","overlay-color":"","overlay-opacity":"","overlay-gradient":""}},"ast-content-background-meta":{"desktop":{"background-color":"var(--ast-global-color-4)","background-image":"","background-repeat":"repeat","background-position":"center center","background-size":"auto","background-attachment":"scroll","background-type":"","background-media":"","overlay-type":"","overlay-color":"","overlay-opacity":"","overlay-gradient":""},"tablet":{"background-color":"var(--ast-global-color-4)","background-image":"","background-repeat":"repeat","background-position":"center center","background-size":"auto","background-attachment":"scroll","background-type":"","background-media":"","overlay-type":"","overlay-color":"","overlay-opacity":"","overlay-gradient":""},"mobile":{"background-color":"var(--ast-global-color-4)","background-image":"","background-repeat":"repeat","background-position":"center center","background-size":"auto","background-attachment":"scroll","background-type":"","background-media":"","overlay-type":"","overlay-color":"","overlay-opacity":"","overlay-gradient":""}},"footnotes":""},"categories":[2],"tags":[423,344,416,417],"class_list":["post-2347","post","type-post","status-publish","format-standard","hentry","category-blogi","tag-kemijoki","tag-luonnon-monimuotoisuus","tag-vaelluskalat","tag-vesivoima"],"yoast_head":"<!-- This site is optimized with the Yoast SEO plugin v27.5 - https:\/\/yoast.com\/product\/yoast-seo-wordpress\/ -->\n<title>Vaelluskalat saatava takaisin Kemijokeen - Jenni Pitko - Vihreiden varapuheenjohtaja, ymp\u00e4rist\u00f6valiokunnan puheenjohtaja, kansanedustaja ja arkkitehti Oulusta<\/title>\n<meta name=\"robots\" content=\"index, follow, max-snippet:-1, max-image-preview:large, max-video-preview:-1\" \/>\n<link rel=\"canonical\" href=\"https:\/\/jennipitko.fi\/koti\/vaelluskalat-saatava-takaisin-kemijokeen\/\" \/>\n<meta property=\"og:locale\" content=\"fi_FI\" \/>\n<meta property=\"og:type\" content=\"article\" \/>\n<meta property=\"og:title\" content=\"Vaelluskalat saatava takaisin Kemijokeen - Jenni Pitko - Vihreiden varapuheenjohtaja, ymp\u00e4rist\u00f6valiokunnan puheenjohtaja, kansanedustaja ja arkkitehti Oulusta\" \/>\n<meta property=\"og:description\" content=\"Kemijoki oli ennen vesivoimaloiden rakentamista Euroopan runsaimpia lohijokia. Viimeisten vuosikymmenien aikana rakennetut voimalat ovat kuitenkin ajaneet Kemijoen alkuper\u00e4isen lohikannan sukupuuttoon. [&hellip;]\" \/>\n<meta property=\"og:url\" content=\"https:\/\/jennipitko.fi\/koti\/vaelluskalat-saatava-takaisin-kemijokeen\/\" \/>\n<meta property=\"og:site_name\" content=\"Jenni Pitko - Vihreiden varapuheenjohtaja, ymp\u00e4rist\u00f6valiokunnan puheenjohtaja, kansanedustaja ja arkkitehti Oulusta\" \/>\n<meta property=\"article:published_time\" content=\"2020-08-17T11:44:00+00:00\" \/>\n<meta property=\"article:modified_time\" content=\"2020-08-20T11:46:21+00:00\" \/>\n<meta name=\"author\" content=\"Jenni\" \/>\n<meta name=\"twitter:card\" content=\"summary_large_image\" \/>\n<meta name=\"twitter:label1\" content=\"Kirjoittanut\" \/>\n\t<meta name=\"twitter:data1\" content=\"Jenni\" \/>\n\t<meta name=\"twitter:label2\" content=\"Arvioitu lukuaika\" \/>\n\t<meta name=\"twitter:data2\" content=\"2 minuuttia\" \/>\n<script type=\"application\/ld+json\" class=\"yoast-schema-graph\">{\"@context\":\"https:\\\/\\\/schema.org\",\"@graph\":[{\"@type\":\"Article\",\"@id\":\"https:\\\/\\\/jennipitko.fi\\\/koti\\\/vaelluskalat-saatava-takaisin-kemijokeen\\\/#article\",\"isPartOf\":{\"@id\":\"https:\\\/\\\/jennipitko.fi\\\/koti\\\/vaelluskalat-saatava-takaisin-kemijokeen\\\/\"},\"author\":{\"name\":\"Jenni\",\"@id\":\"https:\\\/\\\/jennipitko.fi\\\/koti\\\/#\\\/schema\\\/person\\\/35955c467f851f10124809310e7e7ee8\"},\"headline\":\"Vaelluskalat saatava takaisin Kemijokeen\",\"datePublished\":\"2020-08-17T11:44:00+00:00\",\"dateModified\":\"2020-08-20T11:46:21+00:00\",\"mainEntityOfPage\":{\"@id\":\"https:\\\/\\\/jennipitko.fi\\\/koti\\\/vaelluskalat-saatava-takaisin-kemijokeen\\\/\"},\"wordCount\":395,\"publisher\":{\"@id\":\"https:\\\/\\\/jennipitko.fi\\\/koti\\\/#organization\"},\"keywords\":[\"kemijoki\",\"luonnon monimuotoisuus\",\"vaelluskalat\",\"vesivoima\"],\"articleSection\":[\"Blogi\"],\"inLanguage\":\"fi\"},{\"@type\":\"WebPage\",\"@id\":\"https:\\\/\\\/jennipitko.fi\\\/koti\\\/vaelluskalat-saatava-takaisin-kemijokeen\\\/\",\"url\":\"https:\\\/\\\/jennipitko.fi\\\/koti\\\/vaelluskalat-saatava-takaisin-kemijokeen\\\/\",\"name\":\"Vaelluskalat saatava takaisin Kemijokeen - Jenni Pitko - Vihreiden varapuheenjohtaja, ymp\u00e4rist\u00f6valiokunnan puheenjohtaja, kansanedustaja ja arkkitehti Oulusta\",\"isPartOf\":{\"@id\":\"https:\\\/\\\/jennipitko.fi\\\/koti\\\/#website\"},\"datePublished\":\"2020-08-17T11:44:00+00:00\",\"dateModified\":\"2020-08-20T11:46:21+00:00\",\"breadcrumb\":{\"@id\":\"https:\\\/\\\/jennipitko.fi\\\/koti\\\/vaelluskalat-saatava-takaisin-kemijokeen\\\/#breadcrumb\"},\"inLanguage\":\"fi\",\"potentialAction\":[{\"@type\":\"ReadAction\",\"target\":[\"https:\\\/\\\/jennipitko.fi\\\/koti\\\/vaelluskalat-saatava-takaisin-kemijokeen\\\/\"]}]},{\"@type\":\"BreadcrumbList\",\"@id\":\"https:\\\/\\\/jennipitko.fi\\\/koti\\\/vaelluskalat-saatava-takaisin-kemijokeen\\\/#breadcrumb\",\"itemListElement\":[{\"@type\":\"ListItem\",\"position\":1,\"name\":\"Home\",\"item\":\"https:\\\/\\\/jennipitko.fi\\\/koti\\\/\"},{\"@type\":\"ListItem\",\"position\":2,\"name\":\"Vaelluskalat saatava takaisin Kemijokeen\"}]},{\"@type\":\"WebSite\",\"@id\":\"https:\\\/\\\/jennipitko.fi\\\/koti\\\/#website\",\"url\":\"https:\\\/\\\/jennipitko.fi\\\/koti\\\/\",\"name\":\"Jenni Pitko - Vihreiden varapuheenjohtaja, ymp\u00e4rist\u00f6valiokunnan puheenjohtaja, kansanedustaja ja arkkitehti Oulusta\",\"description\":\"Jenni Pitko - Vihreiden varapuheenjohtaja, ymp\u00e4rist\u00f6valiokunnan puheenjohtaja, kansanedustaja ja arkkitehti Oulusta\",\"publisher\":{\"@id\":\"https:\\\/\\\/jennipitko.fi\\\/koti\\\/#organization\"},\"potentialAction\":[{\"@type\":\"SearchAction\",\"target\":{\"@type\":\"EntryPoint\",\"urlTemplate\":\"https:\\\/\\\/jennipitko.fi\\\/koti\\\/?s={search_term_string}\"},\"query-input\":{\"@type\":\"PropertyValueSpecification\",\"valueRequired\":true,\"valueName\":\"search_term_string\"}}],\"inLanguage\":\"fi\"},{\"@type\":\"Organization\",\"@id\":\"https:\\\/\\\/jennipitko.fi\\\/koti\\\/#organization\",\"name\":\"Jenni Pitko - Vihreiden varapuheenjohtaja, ymp\u00e4rist\u00f6valiokunnan puheenjohtaja, kansanedustaja ja arkkitehti Oulusta\",\"url\":\"https:\\\/\\\/jennipitko.fi\\\/koti\\\/\",\"logo\":{\"@type\":\"ImageObject\",\"inLanguage\":\"fi\",\"@id\":\"https:\\\/\\\/jennipitko.fi\\\/koti\\\/#\\\/schema\\\/logo\\\/image\\\/\",\"url\":\"https:\\\/\\\/jennipitko.fi\\\/koti\\\/wp-content\\\/uploads\\\/2025\\\/09\\\/Nimeton-malli-38.png\",\"contentUrl\":\"https:\\\/\\\/jennipitko.fi\\\/koti\\\/wp-content\\\/uploads\\\/2025\\\/09\\\/Nimeton-malli-38.png\",\"width\":1280,\"height\":847,\"caption\":\"Jenni Pitko - Vihreiden varapuheenjohtaja, ymp\u00e4rist\u00f6valiokunnan puheenjohtaja, kansanedustaja ja arkkitehti Oulusta\"},\"image\":{\"@id\":\"https:\\\/\\\/jennipitko.fi\\\/koti\\\/#\\\/schema\\\/logo\\\/image\\\/\"}},{\"@type\":\"Person\",\"@id\":\"https:\\\/\\\/jennipitko.fi\\\/koti\\\/#\\\/schema\\\/person\\\/35955c467f851f10124809310e7e7ee8\",\"name\":\"Jenni\",\"image\":{\"@type\":\"ImageObject\",\"inLanguage\":\"fi\",\"@id\":\"https:\\\/\\\/secure.gravatar.com\\\/avatar\\\/625a0e6413b293da7739d42617828d564a4d6028aec3f45d8939a2ba1617199f?s=96&d=blank&r=g\",\"url\":\"https:\\\/\\\/secure.gravatar.com\\\/avatar\\\/625a0e6413b293da7739d42617828d564a4d6028aec3f45d8939a2ba1617199f?s=96&d=blank&r=g\",\"contentUrl\":\"https:\\\/\\\/secure.gravatar.com\\\/avatar\\\/625a0e6413b293da7739d42617828d564a4d6028aec3f45d8939a2ba1617199f?s=96&d=blank&r=g\",\"caption\":\"Jenni\"},\"url\":\"https:\\\/\\\/jennipitko.fi\\\/koti\\\/author\\\/jenni\\\/\"}]}<\/script>\n<!-- \/ Yoast SEO plugin. -->","yoast_head_json":{"title":"Vaelluskalat saatava takaisin Kemijokeen - Jenni Pitko - Vihreiden varapuheenjohtaja, ymp\u00e4rist\u00f6valiokunnan puheenjohtaja, kansanedustaja ja arkkitehti Oulusta","robots":{"index":"index","follow":"follow","max-snippet":"max-snippet:-1","max-image-preview":"max-image-preview:large","max-video-preview":"max-video-preview:-1"},"canonical":"https:\/\/jennipitko.fi\/koti\/vaelluskalat-saatava-takaisin-kemijokeen\/","og_locale":"fi_FI","og_type":"article","og_title":"Vaelluskalat saatava takaisin Kemijokeen - Jenni Pitko - Vihreiden varapuheenjohtaja, ymp\u00e4rist\u00f6valiokunnan puheenjohtaja, kansanedustaja ja arkkitehti Oulusta","og_description":"Kemijoki oli ennen vesivoimaloiden rakentamista Euroopan runsaimpia lohijokia. Viimeisten vuosikymmenien aikana rakennetut voimalat ovat kuitenkin ajaneet Kemijoen alkuper\u00e4isen lohikannan sukupuuttoon. [&hellip;]","og_url":"https:\/\/jennipitko.fi\/koti\/vaelluskalat-saatava-takaisin-kemijokeen\/","og_site_name":"Jenni Pitko - Vihreiden varapuheenjohtaja, ymp\u00e4rist\u00f6valiokunnan puheenjohtaja, kansanedustaja ja arkkitehti Oulusta","article_published_time":"2020-08-17T11:44:00+00:00","article_modified_time":"2020-08-20T11:46:21+00:00","author":"Jenni","twitter_card":"summary_large_image","twitter_misc":{"Kirjoittanut":"Jenni","Arvioitu lukuaika":"2 minuuttia"},"schema":{"@context":"https:\/\/schema.org","@graph":[{"@type":"Article","@id":"https:\/\/jennipitko.fi\/koti\/vaelluskalat-saatava-takaisin-kemijokeen\/#article","isPartOf":{"@id":"https:\/\/jennipitko.fi\/koti\/vaelluskalat-saatava-takaisin-kemijokeen\/"},"author":{"name":"Jenni","@id":"https:\/\/jennipitko.fi\/koti\/#\/schema\/person\/35955c467f851f10124809310e7e7ee8"},"headline":"Vaelluskalat saatava takaisin Kemijokeen","datePublished":"2020-08-17T11:44:00+00:00","dateModified":"2020-08-20T11:46:21+00:00","mainEntityOfPage":{"@id":"https:\/\/jennipitko.fi\/koti\/vaelluskalat-saatava-takaisin-kemijokeen\/"},"wordCount":395,"publisher":{"@id":"https:\/\/jennipitko.fi\/koti\/#organization"},"keywords":["kemijoki","luonnon monimuotoisuus","vaelluskalat","vesivoima"],"articleSection":["Blogi"],"inLanguage":"fi"},{"@type":"WebPage","@id":"https:\/\/jennipitko.fi\/koti\/vaelluskalat-saatava-takaisin-kemijokeen\/","url":"https:\/\/jennipitko.fi\/koti\/vaelluskalat-saatava-takaisin-kemijokeen\/","name":"Vaelluskalat saatava takaisin Kemijokeen - Jenni Pitko - Vihreiden varapuheenjohtaja, ymp\u00e4rist\u00f6valiokunnan puheenjohtaja, kansanedustaja ja arkkitehti Oulusta","isPartOf":{"@id":"https:\/\/jennipitko.fi\/koti\/#website"},"datePublished":"2020-08-17T11:44:00+00:00","dateModified":"2020-08-20T11:46:21+00:00","breadcrumb":{"@id":"https:\/\/jennipitko.fi\/koti\/vaelluskalat-saatava-takaisin-kemijokeen\/#breadcrumb"},"inLanguage":"fi","potentialAction":[{"@type":"ReadAction","target":["https:\/\/jennipitko.fi\/koti\/vaelluskalat-saatava-takaisin-kemijokeen\/"]}]},{"@type":"BreadcrumbList","@id":"https:\/\/jennipitko.fi\/koti\/vaelluskalat-saatava-takaisin-kemijokeen\/#breadcrumb","itemListElement":[{"@type":"ListItem","position":1,"name":"Home","item":"https:\/\/jennipitko.fi\/koti\/"},{"@type":"ListItem","position":2,"name":"Vaelluskalat saatava takaisin Kemijokeen"}]},{"@type":"WebSite","@id":"https:\/\/jennipitko.fi\/koti\/#website","url":"https:\/\/jennipitko.fi\/koti\/","name":"Jenni Pitko - Vihreiden varapuheenjohtaja, ymp\u00e4rist\u00f6valiokunnan puheenjohtaja, kansanedustaja ja arkkitehti Oulusta","description":"Jenni Pitko - Vihreiden varapuheenjohtaja, ymp\u00e4rist\u00f6valiokunnan puheenjohtaja, kansanedustaja ja arkkitehti Oulusta","publisher":{"@id":"https:\/\/jennipitko.fi\/koti\/#organization"},"potentialAction":[{"@type":"SearchAction","target":{"@type":"EntryPoint","urlTemplate":"https:\/\/jennipitko.fi\/koti\/?s={search_term_string}"},"query-input":{"@type":"PropertyValueSpecification","valueRequired":true,"valueName":"search_term_string"}}],"inLanguage":"fi"},{"@type":"Organization","@id":"https:\/\/jennipitko.fi\/koti\/#organization","name":"Jenni Pitko - Vihreiden varapuheenjohtaja, ymp\u00e4rist\u00f6valiokunnan puheenjohtaja, kansanedustaja ja arkkitehti Oulusta","url":"https:\/\/jennipitko.fi\/koti\/","logo":{"@type":"ImageObject","inLanguage":"fi","@id":"https:\/\/jennipitko.fi\/koti\/#\/schema\/logo\/image\/","url":"https:\/\/jennipitko.fi\/koti\/wp-content\/uploads\/2025\/09\/Nimeton-malli-38.png","contentUrl":"https:\/\/jennipitko.fi\/koti\/wp-content\/uploads\/2025\/09\/Nimeton-malli-38.png","width":1280,"height":847,"caption":"Jenni Pitko - Vihreiden varapuheenjohtaja, ymp\u00e4rist\u00f6valiokunnan puheenjohtaja, kansanedustaja ja arkkitehti Oulusta"},"image":{"@id":"https:\/\/jennipitko.fi\/koti\/#\/schema\/logo\/image\/"}},{"@type":"Person","@id":"https:\/\/jennipitko.fi\/koti\/#\/schema\/person\/35955c467f851f10124809310e7e7ee8","name":"Jenni","image":{"@type":"ImageObject","inLanguage":"fi","@id":"https:\/\/secure.gravatar.com\/avatar\/625a0e6413b293da7739d42617828d564a4d6028aec3f45d8939a2ba1617199f?s=96&d=blank&r=g","url":"https:\/\/secure.gravatar.com\/avatar\/625a0e6413b293da7739d42617828d564a4d6028aec3f45d8939a2ba1617199f?s=96&d=blank&r=g","contentUrl":"https:\/\/secure.gravatar.com\/avatar\/625a0e6413b293da7739d42617828d564a4d6028aec3f45d8939a2ba1617199f?s=96&d=blank&r=g","caption":"Jenni"},"url":"https:\/\/jennipitko.fi\/koti\/author\/jenni\/"}]}},"_links":{"self":[{"href":"https:\/\/jennipitko.fi\/koti\/wp-json\/wp\/v2\/posts\/2347","targetHints":{"allow":["GET"]}}],"collection":[{"href":"https:\/\/jennipitko.fi\/koti\/wp-json\/wp\/v2\/posts"}],"about":[{"href":"https:\/\/jennipitko.fi\/koti\/wp-json\/wp\/v2\/types\/post"}],"author":[{"embeddable":true,"href":"https:\/\/jennipitko.fi\/koti\/wp-json\/wp\/v2\/users\/1"}],"replies":[{"embeddable":true,"href":"https:\/\/jennipitko.fi\/koti\/wp-json\/wp\/v2\/comments?post=2347"}],"version-history":[{"count":1,"href":"https:\/\/jennipitko.fi\/koti\/wp-json\/wp\/v2\/posts\/2347\/revisions"}],"predecessor-version":[{"id":2348,"href":"https:\/\/jennipitko.fi\/koti\/wp-json\/wp\/v2\/posts\/2347\/revisions\/2348"}],"wp:attachment":[{"href":"https:\/\/jennipitko.fi\/koti\/wp-json\/wp\/v2\/media?parent=2347"}],"wp:term":[{"taxonomy":"category","embeddable":true,"href":"https:\/\/jennipitko.fi\/koti\/wp-json\/wp\/v2\/categories?post=2347"},{"taxonomy":"post_tag","embeddable":true,"href":"https:\/\/jennipitko.fi\/koti\/wp-json\/wp\/v2\/tags?post=2347"}],"curies":[{"name":"wp","href":"https:\/\/api.w.org\/{rel}","templated":true}]}}