{"id":2349,"date":"2020-08-20T14:18:42","date_gmt":"2020-08-20T12:18:42","guid":{"rendered":"http:\/\/jennipitko.fi\/koti\/?p=2349"},"modified":"2020-08-20T14:18:45","modified_gmt":"2020-08-20T12:18:45","slug":"turpeen-energiakaytto-lopetettava-mahdollisimman-nopeasti","status":"publish","type":"post","link":"https:\/\/jennipitko.fi\/koti\/turpeen-energiakaytto-lopetettava-mahdollisimman-nopeasti\/","title":{"rendered":"Turpeen energiak\u00e4ytt\u00f6 lopetettava mahdollisimman nopeasti"},"content":{"rendered":"\n<p><em>Suomen luonnonsuojeluliiton t\u00e4n\u00e4\u00e4n julkaisema kansalaisaloite t\u00e4ht\u00e4\u00e4 turpeen energiak\u00e4yt\u00f6n kielt\u00e4miseen lailla nopeutetulla aikataululla. Aloite on t\u00e4rke\u00e4, sill\u00e4 energiaturpeen tuotannon alasajo on merkitt\u00e4v\u00e4 ilmastoteko.<\/em><\/p>\n\n\n\n<p>Turve on fossiilinen polttoaine, jonka k\u00e4ytt\u00e4minen aiheuttaa merkitt\u00e4v\u00e4\u00e4 haittaa ymp\u00e4rist\u00f6lle. Turpeen nostaminen tuhoaa ainutlaatuista suoluontoa, vaikka soiden luonto on jo nyt h\u00e4t\u00e4tilassa. Ojitus ja turpeenotto ovat johtaneet miltei nelj\u00e4nsadan eli\u00f6lajin uhanalaistumiseen maassamme. Lis\u00e4ksi turvetuotantoon otetuilta soilta p\u00e4\u00e4see ymp\u00e4r\u00f6iviin vesist\u00f6ihin kiintoainesta, joka aiheuttaa vesien samentumista ja rehev\u00f6itymist\u00e4.<\/p>\n\n\n\n<p>Kenties j\u00e4rkytt\u00e4vint\u00e4 on kuitenkin turpeenk\u00e4yt\u00f6n vaikutus ilmastoon. Turvetta polttamalla ilmakeh\u00e4\u00e4n vapautuu hiilidioksidia, joka on ollut sidottuna suohon jopa tuhansien vuosien ajan. Turpeen nostaminen vapauttaa hiilidioksidia my\u00f6s turvetuotantoalueen maaper\u00e4st\u00e4. Turve aiheuttaa kokonaisuudessaan 12 % Suomen kasvihuonekaasup\u00e4\u00e4st\u00f6ist\u00e4. Sen p\u00e4\u00e4st\u00f6t ovat siis suuremmat kuin koko Suomen henkil\u00f6autoliikenteen p\u00e4\u00e4st\u00f6t.<\/p>\n\n\n\n<p>Turpeen merkitys energiantuotannossa ei ole j\u00e4rin suuri vaikka joskus sen puolustajien puheista voisi niin luulla. Turpeen osuus energian kokonaiskulutuksesta Suomessa oli 5 % vuonna 2018.<\/p>\n\n\n\n<p>On hyvin ristiriitaista, ett\u00e4 turvetuotantoa tuetaan samalla kun toisaalla maksamme kovaa hintaa sen aiheuttamien haittojen korjaamisesta. Turpeen veroprosentti on alhaisempi kuin muilla fossiilisilla polttoaineilla, mik\u00e4 antaa sille kilpailuedun, vaikka sen p\u00e4\u00e4st\u00f6t ovat kivihiilen kanssa samaa luokkaa. T\u00e4n\u00e4 vuonna turpeen verotuen arvioidaan olevan noin 172 miljoonaa euroa. T\u00e4m\u00e4 raha tulisi ehdottomasti k\u00e4ytt\u00e4\u00e4 viisaammin.<\/p>\n\n\n\n<p>J\u00e4rjell\u00e4 ajateltuna turpeen energiak\u00e4yt\u00f6n jatkamiselle ei ole en\u00e4\u00e4 perusteita. Siksi me Vihre\u00e4t olemme jo pitk\u00e4\u00e4n vaatineet turpeen energiak\u00e4yt\u00f6st\u00e4 luopumista. Hallitusneuvotteluissa sovimme muiden hallituspuolueiden kanssa, ett\u00e4 turpeen energiak\u00e4ytt\u00f6 v\u00e4hint\u00e4\u00e4n puolitetaan Suomessa vuoteen 2030 menness\u00e4. Pelkk\u00e4 puolittaminen ei kuitenkaan riit\u00e4, vaan tavoitteena tulee olla energiaturpeen tuotannon lopettaminen kokonaan. Keskeisen\u00e4 toimenpiteen\u00e4 on turpeen verotuksen muuttaminen, josta hallitus neuvottelee t\u00e4n\u00e4 syksyn\u00e4. Meid\u00e4n Vihreiden tavoitteena on, ett\u00e4 turpeen suhteellista veroetua pienennet\u00e4\u00e4n.<\/p>\n\n\n\n<p>Turpeen energiak\u00e4yt\u00f6n ennustetaan loppuvan osittain my\u00f6s itsekseen siksi, ett\u00e4 p\u00e4\u00e4st\u00f6kauppaj\u00e4rjestelm\u00e4ss\u00e4 p\u00e4\u00e4st\u00f6oikeuksien hinta nousee. Kaikki turvetuotantolaitokset eiv\u00e4t kuitenkaan ole p\u00e4\u00e4st\u00f6kaupan piiriss\u00e4. Siksi turpeesta luopumiseen tarvitaan vahvempia ty\u00f6kaluja. Yksi sellainen olisi turpeen energiak\u00e4yt\u00f6n kielt\u00e4v\u00e4 laki.<\/p>\n\n\n\n<p>Esitin turpeen energiak\u00e4yt\u00f6n loppumiselle aikarajaa lakiin kivihiilen tapaan jo viime vuonna. Ilmastonmuutoksen torjumisella on kiire, emmek\u00e4 voi luottaa siihen, ett\u00e4 verotus ja p\u00e4\u00e4st\u00f6oikeuksien hinnan nousu yksin\u00e4\u00e4n riitt\u00e4v\u00e4t ajamaan turvetuotannon alas tarpeeksi nopeasti. Meid\u00e4n on varmistettava kaikin keinoin, ett\u00e4 pid\u00e4mme Suomen oikealla polulla kohti 2035 hiilineutraaliutta. Se ei tapahdu itsest\u00e4\u00e4n.<\/p>\n\n\n\n<p>On sanomattakin selv\u00e4\u00e4, ett\u00e4 ilmastonmuutoksen torjumisella ei saa asettaa ket\u00e4\u00e4n ihmist\u00e4 kohtuuttomaan tilanteeseen. Me Vihre\u00e4t kannatammekin sit\u00e4, ett\u00e4 turvetuotannosta luopuville elinkeinonharjoittajille tarjotaan aktiivisesti tukea uuteen elinkeinoon siirtymisess\u00e4 esimerkiksi uudelleen koulutuksen tai investointitukien avulla. Mahdollisia uusia elinkeinoja voivat eri puolilla Suomea olla esimerkiksi uusiutuvan energian tuottaminen tai turvealueiden ennallistaminen ja metsitt\u00e4minen.&nbsp;<\/p>\n\n\n\n<p>Mit\u00e4 nopeammin haluamme turpeesta eroon, sit\u00e4 enemm\u00e4n se tulee maksamaan. Suomen ymp\u00e4rist\u00f6keskuksen mukaan turpeesta luopumiseen tarvittavat investoinnit ovat noin 1-1,6 miljardia euroa. Jos Suomi tekee uskottavan suunnitelman turvetuotannon alasajosta, voimme saada EU:n oikeudenmukaisen siirtym\u00e4n rahastosta jopa satoja miljoonia euroja, joista osa voidaan kohdentaa turvetuottajille.<\/p>\n\n\n\n<p>Turpeen energiak\u00e4yt\u00f6n lopettaminen on nopea tapa tiputtaa merkitt\u00e4v\u00e4sti Suomen kasvihuonekaasup\u00e4\u00e4st\u00f6j\u00e4. Rahoitusta turvetuotannon hallittuun ja tuottajien kannalta reiluun alasajoon on saatavissa EU:sta. Meill\u00e4 on siis olemassa kaikki keinot, joten tarvitaan en\u00e4\u00e4 yhteinen tahtotila. Sen odotan l\u00f6ytyv\u00e4n syyskuun budjettineuvotteluissa.<\/p>\n\n\n\n<p><em>Kirjoitus on julkaistu alunperin Vihreiden blogissa 20.8.2020.<\/em><\/p>\n\n\n\n<p><\/p>\n","protected":false},"excerpt":{"rendered":"<p>Suomen luonnonsuojeluliiton t\u00e4n\u00e4\u00e4n julkaisema kansalaisaloite t\u00e4ht\u00e4\u00e4 turpeen energiak\u00e4yt\u00f6n kielt\u00e4miseen lailla nopeutetulla aikataululla. Aloite on t\u00e4rke\u00e4, sill\u00e4 energiaturpeen tuotannon alasajo on [&hellip;]<\/p>\n","protected":false},"author":1,"featured_media":0,"comment_status":"closed","ping_status":"closed","sticky":false,"template":"","format":"standard","meta":{"_monsterinsights_skip_tracking":false,"_monsterinsights_sitenote_active":false,"_monsterinsights_sitenote_note":"","_monsterinsights_sitenote_category":0,"site-sidebar-layout":"default","site-content-layout":"","ast-site-content-layout":"default","site-content-style":"default","site-sidebar-style":"default","ast-global-header-display":"","ast-banner-title-visibility":"","ast-main-header-display":"","ast-hfb-above-header-display":"","ast-hfb-below-header-display":"","ast-hfb-mobile-header-display":"","site-post-title":"","ast-breadcrumbs-content":"","ast-featured-img":"","footer-sml-layout":"","ast-disable-related-posts":"","theme-transparent-header-meta":"","adv-header-id-meta":"","stick-header-meta":"","header-above-stick-meta":"","header-main-stick-meta":"","header-below-stick-meta":"","astra-migrate-meta-layouts":"default","ast-page-background-enabled":"default","ast-page-background-meta":{"desktop":{"background-color":"var(--ast-global-color-5)","background-image":"","background-repeat":"repeat","background-position":"center center","background-size":"auto","background-attachment":"scroll","background-type":"","background-media":"","overlay-type":"","overlay-color":"","overlay-opacity":"","overlay-gradient":""},"tablet":{"background-color":"","background-image":"","background-repeat":"repeat","background-position":"center center","background-size":"auto","background-attachment":"scroll","background-type":"","background-media":"","overlay-type":"","overlay-color":"","overlay-opacity":"","overlay-gradient":""},"mobile":{"background-color":"","background-image":"","background-repeat":"repeat","background-position":"center center","background-size":"auto","background-attachment":"scroll","background-type":"","background-media":"","overlay-type":"","overlay-color":"","overlay-opacity":"","overlay-gradient":""}},"ast-content-background-meta":{"desktop":{"background-color":"var(--ast-global-color-4)","background-image":"","background-repeat":"repeat","background-position":"center center","background-size":"auto","background-attachment":"scroll","background-type":"","background-media":"","overlay-type":"","overlay-color":"","overlay-opacity":"","overlay-gradient":""},"tablet":{"background-color":"var(--ast-global-color-4)","background-image":"","background-repeat":"repeat","background-position":"center center","background-size":"auto","background-attachment":"scroll","background-type":"","background-media":"","overlay-type":"","overlay-color":"","overlay-opacity":"","overlay-gradient":""},"mobile":{"background-color":"var(--ast-global-color-4)","background-image":"","background-repeat":"repeat","background-position":"center center","background-size":"auto","background-attachment":"scroll","background-type":"","background-media":"","overlay-type":"","overlay-color":"","overlay-opacity":"","overlay-gradient":""}},"footnotes":""},"categories":[2],"tags":[84,154,344,414,365],"class_list":["post-2349","post","type-post","status-publish","format-standard","hentry","category-blogi","tag-budjetti","tag-ilmastonmuutos","tag-luonnon-monimuotoisuus","tag-reilu-muutos","tag-turve"],"yoast_head":"<!-- This site is optimized with the Yoast SEO plugin v27.5 - https:\/\/yoast.com\/product\/yoast-seo-wordpress\/ -->\n<title>Turpeen energiak\u00e4ytt\u00f6 lopetettava mahdollisimman nopeasti - Jenni Pitko - Vihreiden varapuheenjohtaja, ymp\u00e4rist\u00f6valiokunnan puheenjohtaja, kansanedustaja ja arkkitehti Oulusta<\/title>\n<meta name=\"robots\" content=\"index, follow, max-snippet:-1, max-image-preview:large, max-video-preview:-1\" \/>\n<link rel=\"canonical\" href=\"https:\/\/jennipitko.fi\/koti\/turpeen-energiakaytto-lopetettava-mahdollisimman-nopeasti\/\" \/>\n<meta property=\"og:locale\" content=\"fi_FI\" \/>\n<meta property=\"og:type\" content=\"article\" \/>\n<meta property=\"og:title\" content=\"Turpeen energiak\u00e4ytt\u00f6 lopetettava mahdollisimman nopeasti - Jenni Pitko - Vihreiden varapuheenjohtaja, ymp\u00e4rist\u00f6valiokunnan puheenjohtaja, kansanedustaja ja arkkitehti Oulusta\" \/>\n<meta property=\"og:description\" content=\"Suomen luonnonsuojeluliiton t\u00e4n\u00e4\u00e4n julkaisema kansalaisaloite t\u00e4ht\u00e4\u00e4 turpeen energiak\u00e4yt\u00f6n kielt\u00e4miseen lailla nopeutetulla aikataululla. Aloite on t\u00e4rke\u00e4, sill\u00e4 energiaturpeen tuotannon alasajo on [&hellip;]\" \/>\n<meta property=\"og:url\" content=\"https:\/\/jennipitko.fi\/koti\/turpeen-energiakaytto-lopetettava-mahdollisimman-nopeasti\/\" \/>\n<meta property=\"og:site_name\" content=\"Jenni Pitko - Vihreiden varapuheenjohtaja, ymp\u00e4rist\u00f6valiokunnan puheenjohtaja, kansanedustaja ja arkkitehti Oulusta\" \/>\n<meta property=\"article:published_time\" content=\"2020-08-20T12:18:42+00:00\" \/>\n<meta property=\"article:modified_time\" content=\"2020-08-20T12:18:45+00:00\" \/>\n<meta name=\"author\" content=\"Jenni\" \/>\n<meta name=\"twitter:card\" content=\"summary_large_image\" \/>\n<meta name=\"twitter:label1\" content=\"Kirjoittanut\" \/>\n\t<meta name=\"twitter:data1\" content=\"Jenni\" \/>\n\t<meta name=\"twitter:label2\" content=\"Arvioitu lukuaika\" \/>\n\t<meta name=\"twitter:data2\" content=\"3 minuuttia\" \/>\n<script type=\"application\/ld+json\" class=\"yoast-schema-graph\">{\"@context\":\"https:\\\/\\\/schema.org\",\"@graph\":[{\"@type\":\"Article\",\"@id\":\"https:\\\/\\\/jennipitko.fi\\\/koti\\\/turpeen-energiakaytto-lopetettava-mahdollisimman-nopeasti\\\/#article\",\"isPartOf\":{\"@id\":\"https:\\\/\\\/jennipitko.fi\\\/koti\\\/turpeen-energiakaytto-lopetettava-mahdollisimman-nopeasti\\\/\"},\"author\":{\"name\":\"Jenni\",\"@id\":\"https:\\\/\\\/jennipitko.fi\\\/koti\\\/#\\\/schema\\\/person\\\/35955c467f851f10124809310e7e7ee8\"},\"headline\":\"Turpeen energiak\u00e4ytt\u00f6 lopetettava mahdollisimman nopeasti\",\"datePublished\":\"2020-08-20T12:18:42+00:00\",\"dateModified\":\"2020-08-20T12:18:45+00:00\",\"mainEntityOfPage\":{\"@id\":\"https:\\\/\\\/jennipitko.fi\\\/koti\\\/turpeen-energiakaytto-lopetettava-mahdollisimman-nopeasti\\\/\"},\"wordCount\":573,\"publisher\":{\"@id\":\"https:\\\/\\\/jennipitko.fi\\\/koti\\\/#organization\"},\"keywords\":[\"budjetti\",\"ilmastonmuutos\",\"luonnon monimuotoisuus\",\"reilu muutos\",\"turve\"],\"articleSection\":[\"Blogi\"],\"inLanguage\":\"fi\"},{\"@type\":\"WebPage\",\"@id\":\"https:\\\/\\\/jennipitko.fi\\\/koti\\\/turpeen-energiakaytto-lopetettava-mahdollisimman-nopeasti\\\/\",\"url\":\"https:\\\/\\\/jennipitko.fi\\\/koti\\\/turpeen-energiakaytto-lopetettava-mahdollisimman-nopeasti\\\/\",\"name\":\"Turpeen energiak\u00e4ytt\u00f6 lopetettava mahdollisimman nopeasti - Jenni Pitko - Vihreiden varapuheenjohtaja, ymp\u00e4rist\u00f6valiokunnan puheenjohtaja, kansanedustaja ja arkkitehti Oulusta\",\"isPartOf\":{\"@id\":\"https:\\\/\\\/jennipitko.fi\\\/koti\\\/#website\"},\"datePublished\":\"2020-08-20T12:18:42+00:00\",\"dateModified\":\"2020-08-20T12:18:45+00:00\",\"breadcrumb\":{\"@id\":\"https:\\\/\\\/jennipitko.fi\\\/koti\\\/turpeen-energiakaytto-lopetettava-mahdollisimman-nopeasti\\\/#breadcrumb\"},\"inLanguage\":\"fi\",\"potentialAction\":[{\"@type\":\"ReadAction\",\"target\":[\"https:\\\/\\\/jennipitko.fi\\\/koti\\\/turpeen-energiakaytto-lopetettava-mahdollisimman-nopeasti\\\/\"]}]},{\"@type\":\"BreadcrumbList\",\"@id\":\"https:\\\/\\\/jennipitko.fi\\\/koti\\\/turpeen-energiakaytto-lopetettava-mahdollisimman-nopeasti\\\/#breadcrumb\",\"itemListElement\":[{\"@type\":\"ListItem\",\"position\":1,\"name\":\"Home\",\"item\":\"https:\\\/\\\/jennipitko.fi\\\/koti\\\/\"},{\"@type\":\"ListItem\",\"position\":2,\"name\":\"Turpeen energiak\u00e4ytt\u00f6 lopetettava mahdollisimman nopeasti\"}]},{\"@type\":\"WebSite\",\"@id\":\"https:\\\/\\\/jennipitko.fi\\\/koti\\\/#website\",\"url\":\"https:\\\/\\\/jennipitko.fi\\\/koti\\\/\",\"name\":\"Jenni Pitko - Vihreiden varapuheenjohtaja, ymp\u00e4rist\u00f6valiokunnan puheenjohtaja, kansanedustaja ja arkkitehti Oulusta\",\"description\":\"Jenni Pitko - Vihreiden varapuheenjohtaja, ymp\u00e4rist\u00f6valiokunnan puheenjohtaja, kansanedustaja ja arkkitehti Oulusta\",\"publisher\":{\"@id\":\"https:\\\/\\\/jennipitko.fi\\\/koti\\\/#organization\"},\"potentialAction\":[{\"@type\":\"SearchAction\",\"target\":{\"@type\":\"EntryPoint\",\"urlTemplate\":\"https:\\\/\\\/jennipitko.fi\\\/koti\\\/?s={search_term_string}\"},\"query-input\":{\"@type\":\"PropertyValueSpecification\",\"valueRequired\":true,\"valueName\":\"search_term_string\"}}],\"inLanguage\":\"fi\"},{\"@type\":\"Organization\",\"@id\":\"https:\\\/\\\/jennipitko.fi\\\/koti\\\/#organization\",\"name\":\"Jenni Pitko - Vihreiden varapuheenjohtaja, ymp\u00e4rist\u00f6valiokunnan puheenjohtaja, kansanedustaja ja arkkitehti Oulusta\",\"url\":\"https:\\\/\\\/jennipitko.fi\\\/koti\\\/\",\"logo\":{\"@type\":\"ImageObject\",\"inLanguage\":\"fi\",\"@id\":\"https:\\\/\\\/jennipitko.fi\\\/koti\\\/#\\\/schema\\\/logo\\\/image\\\/\",\"url\":\"https:\\\/\\\/jennipitko.fi\\\/koti\\\/wp-content\\\/uploads\\\/2025\\\/09\\\/Nimeton-malli-38.png\",\"contentUrl\":\"https:\\\/\\\/jennipitko.fi\\\/koti\\\/wp-content\\\/uploads\\\/2025\\\/09\\\/Nimeton-malli-38.png\",\"width\":1280,\"height\":847,\"caption\":\"Jenni Pitko - Vihreiden varapuheenjohtaja, ymp\u00e4rist\u00f6valiokunnan puheenjohtaja, kansanedustaja ja arkkitehti Oulusta\"},\"image\":{\"@id\":\"https:\\\/\\\/jennipitko.fi\\\/koti\\\/#\\\/schema\\\/logo\\\/image\\\/\"}},{\"@type\":\"Person\",\"@id\":\"https:\\\/\\\/jennipitko.fi\\\/koti\\\/#\\\/schema\\\/person\\\/35955c467f851f10124809310e7e7ee8\",\"name\":\"Jenni\",\"image\":{\"@type\":\"ImageObject\",\"inLanguage\":\"fi\",\"@id\":\"https:\\\/\\\/secure.gravatar.com\\\/avatar\\\/625a0e6413b293da7739d42617828d564a4d6028aec3f45d8939a2ba1617199f?s=96&d=blank&r=g\",\"url\":\"https:\\\/\\\/secure.gravatar.com\\\/avatar\\\/625a0e6413b293da7739d42617828d564a4d6028aec3f45d8939a2ba1617199f?s=96&d=blank&r=g\",\"contentUrl\":\"https:\\\/\\\/secure.gravatar.com\\\/avatar\\\/625a0e6413b293da7739d42617828d564a4d6028aec3f45d8939a2ba1617199f?s=96&d=blank&r=g\",\"caption\":\"Jenni\"},\"url\":\"https:\\\/\\\/jennipitko.fi\\\/koti\\\/author\\\/jenni\\\/\"}]}<\/script>\n<!-- \/ Yoast SEO plugin. -->","yoast_head_json":{"title":"Turpeen energiak\u00e4ytt\u00f6 lopetettava mahdollisimman nopeasti - Jenni Pitko - Vihreiden varapuheenjohtaja, ymp\u00e4rist\u00f6valiokunnan puheenjohtaja, kansanedustaja ja arkkitehti Oulusta","robots":{"index":"index","follow":"follow","max-snippet":"max-snippet:-1","max-image-preview":"max-image-preview:large","max-video-preview":"max-video-preview:-1"},"canonical":"https:\/\/jennipitko.fi\/koti\/turpeen-energiakaytto-lopetettava-mahdollisimman-nopeasti\/","og_locale":"fi_FI","og_type":"article","og_title":"Turpeen energiak\u00e4ytt\u00f6 lopetettava mahdollisimman nopeasti - Jenni Pitko - Vihreiden varapuheenjohtaja, ymp\u00e4rist\u00f6valiokunnan puheenjohtaja, kansanedustaja ja arkkitehti Oulusta","og_description":"Suomen luonnonsuojeluliiton t\u00e4n\u00e4\u00e4n julkaisema kansalaisaloite t\u00e4ht\u00e4\u00e4 turpeen energiak\u00e4yt\u00f6n kielt\u00e4miseen lailla nopeutetulla aikataululla. Aloite on t\u00e4rke\u00e4, sill\u00e4 energiaturpeen tuotannon alasajo on [&hellip;]","og_url":"https:\/\/jennipitko.fi\/koti\/turpeen-energiakaytto-lopetettava-mahdollisimman-nopeasti\/","og_site_name":"Jenni Pitko - Vihreiden varapuheenjohtaja, ymp\u00e4rist\u00f6valiokunnan puheenjohtaja, kansanedustaja ja arkkitehti Oulusta","article_published_time":"2020-08-20T12:18:42+00:00","article_modified_time":"2020-08-20T12:18:45+00:00","author":"Jenni","twitter_card":"summary_large_image","twitter_misc":{"Kirjoittanut":"Jenni","Arvioitu lukuaika":"3 minuuttia"},"schema":{"@context":"https:\/\/schema.org","@graph":[{"@type":"Article","@id":"https:\/\/jennipitko.fi\/koti\/turpeen-energiakaytto-lopetettava-mahdollisimman-nopeasti\/#article","isPartOf":{"@id":"https:\/\/jennipitko.fi\/koti\/turpeen-energiakaytto-lopetettava-mahdollisimman-nopeasti\/"},"author":{"name":"Jenni","@id":"https:\/\/jennipitko.fi\/koti\/#\/schema\/person\/35955c467f851f10124809310e7e7ee8"},"headline":"Turpeen energiak\u00e4ytt\u00f6 lopetettava mahdollisimman nopeasti","datePublished":"2020-08-20T12:18:42+00:00","dateModified":"2020-08-20T12:18:45+00:00","mainEntityOfPage":{"@id":"https:\/\/jennipitko.fi\/koti\/turpeen-energiakaytto-lopetettava-mahdollisimman-nopeasti\/"},"wordCount":573,"publisher":{"@id":"https:\/\/jennipitko.fi\/koti\/#organization"},"keywords":["budjetti","ilmastonmuutos","luonnon monimuotoisuus","reilu muutos","turve"],"articleSection":["Blogi"],"inLanguage":"fi"},{"@type":"WebPage","@id":"https:\/\/jennipitko.fi\/koti\/turpeen-energiakaytto-lopetettava-mahdollisimman-nopeasti\/","url":"https:\/\/jennipitko.fi\/koti\/turpeen-energiakaytto-lopetettava-mahdollisimman-nopeasti\/","name":"Turpeen energiak\u00e4ytt\u00f6 lopetettava mahdollisimman nopeasti - Jenni Pitko - Vihreiden varapuheenjohtaja, ymp\u00e4rist\u00f6valiokunnan puheenjohtaja, kansanedustaja ja arkkitehti Oulusta","isPartOf":{"@id":"https:\/\/jennipitko.fi\/koti\/#website"},"datePublished":"2020-08-20T12:18:42+00:00","dateModified":"2020-08-20T12:18:45+00:00","breadcrumb":{"@id":"https:\/\/jennipitko.fi\/koti\/turpeen-energiakaytto-lopetettava-mahdollisimman-nopeasti\/#breadcrumb"},"inLanguage":"fi","potentialAction":[{"@type":"ReadAction","target":["https:\/\/jennipitko.fi\/koti\/turpeen-energiakaytto-lopetettava-mahdollisimman-nopeasti\/"]}]},{"@type":"BreadcrumbList","@id":"https:\/\/jennipitko.fi\/koti\/turpeen-energiakaytto-lopetettava-mahdollisimman-nopeasti\/#breadcrumb","itemListElement":[{"@type":"ListItem","position":1,"name":"Home","item":"https:\/\/jennipitko.fi\/koti\/"},{"@type":"ListItem","position":2,"name":"Turpeen energiak\u00e4ytt\u00f6 lopetettava mahdollisimman nopeasti"}]},{"@type":"WebSite","@id":"https:\/\/jennipitko.fi\/koti\/#website","url":"https:\/\/jennipitko.fi\/koti\/","name":"Jenni Pitko - Vihreiden varapuheenjohtaja, ymp\u00e4rist\u00f6valiokunnan puheenjohtaja, kansanedustaja ja arkkitehti Oulusta","description":"Jenni Pitko - Vihreiden varapuheenjohtaja, ymp\u00e4rist\u00f6valiokunnan puheenjohtaja, kansanedustaja ja arkkitehti Oulusta","publisher":{"@id":"https:\/\/jennipitko.fi\/koti\/#organization"},"potentialAction":[{"@type":"SearchAction","target":{"@type":"EntryPoint","urlTemplate":"https:\/\/jennipitko.fi\/koti\/?s={search_term_string}"},"query-input":{"@type":"PropertyValueSpecification","valueRequired":true,"valueName":"search_term_string"}}],"inLanguage":"fi"},{"@type":"Organization","@id":"https:\/\/jennipitko.fi\/koti\/#organization","name":"Jenni Pitko - Vihreiden varapuheenjohtaja, ymp\u00e4rist\u00f6valiokunnan puheenjohtaja, kansanedustaja ja arkkitehti Oulusta","url":"https:\/\/jennipitko.fi\/koti\/","logo":{"@type":"ImageObject","inLanguage":"fi","@id":"https:\/\/jennipitko.fi\/koti\/#\/schema\/logo\/image\/","url":"https:\/\/jennipitko.fi\/koti\/wp-content\/uploads\/2025\/09\/Nimeton-malli-38.png","contentUrl":"https:\/\/jennipitko.fi\/koti\/wp-content\/uploads\/2025\/09\/Nimeton-malli-38.png","width":1280,"height":847,"caption":"Jenni Pitko - Vihreiden varapuheenjohtaja, ymp\u00e4rist\u00f6valiokunnan puheenjohtaja, kansanedustaja ja arkkitehti Oulusta"},"image":{"@id":"https:\/\/jennipitko.fi\/koti\/#\/schema\/logo\/image\/"}},{"@type":"Person","@id":"https:\/\/jennipitko.fi\/koti\/#\/schema\/person\/35955c467f851f10124809310e7e7ee8","name":"Jenni","image":{"@type":"ImageObject","inLanguage":"fi","@id":"https:\/\/secure.gravatar.com\/avatar\/625a0e6413b293da7739d42617828d564a4d6028aec3f45d8939a2ba1617199f?s=96&d=blank&r=g","url":"https:\/\/secure.gravatar.com\/avatar\/625a0e6413b293da7739d42617828d564a4d6028aec3f45d8939a2ba1617199f?s=96&d=blank&r=g","contentUrl":"https:\/\/secure.gravatar.com\/avatar\/625a0e6413b293da7739d42617828d564a4d6028aec3f45d8939a2ba1617199f?s=96&d=blank&r=g","caption":"Jenni"},"url":"https:\/\/jennipitko.fi\/koti\/author\/jenni\/"}]}},"_links":{"self":[{"href":"https:\/\/jennipitko.fi\/koti\/wp-json\/wp\/v2\/posts\/2349","targetHints":{"allow":["GET"]}}],"collection":[{"href":"https:\/\/jennipitko.fi\/koti\/wp-json\/wp\/v2\/posts"}],"about":[{"href":"https:\/\/jennipitko.fi\/koti\/wp-json\/wp\/v2\/types\/post"}],"author":[{"embeddable":true,"href":"https:\/\/jennipitko.fi\/koti\/wp-json\/wp\/v2\/users\/1"}],"replies":[{"embeddable":true,"href":"https:\/\/jennipitko.fi\/koti\/wp-json\/wp\/v2\/comments?post=2349"}],"version-history":[{"count":1,"href":"https:\/\/jennipitko.fi\/koti\/wp-json\/wp\/v2\/posts\/2349\/revisions"}],"predecessor-version":[{"id":2350,"href":"https:\/\/jennipitko.fi\/koti\/wp-json\/wp\/v2\/posts\/2349\/revisions\/2350"}],"wp:attachment":[{"href":"https:\/\/jennipitko.fi\/koti\/wp-json\/wp\/v2\/media?parent=2349"}],"wp:term":[{"taxonomy":"category","embeddable":true,"href":"https:\/\/jennipitko.fi\/koti\/wp-json\/wp\/v2\/categories?post=2349"},{"taxonomy":"post_tag","embeddable":true,"href":"https:\/\/jennipitko.fi\/koti\/wp-json\/wp\/v2\/tags?post=2349"}],"curies":[{"name":"wp","href":"https:\/\/api.w.org\/{rel}","templated":true}]}}