{"id":2353,"date":"2020-09-02T14:37:31","date_gmt":"2020-09-02T12:37:31","guid":{"rendered":"http:\/\/jennipitko.fi\/koti\/?p=2353"},"modified":"2020-09-02T14:37:33","modified_gmt":"2020-09-02T12:37:33","slug":"pohjois-suomen-viimeiset-vanhat-metsat-on-suojeltava","status":"publish","type":"post","link":"https:\/\/jennipitko.fi\/koti\/pohjois-suomen-viimeiset-vanhat-metsat-on-suojeltava\/","title":{"rendered":"Pohjois-Suomen viimeiset vanhat mets\u00e4t on suojeltava"},"content":{"rendered":"\n<p>Vanhat, aidosti luonnontilaiset mets\u00e4t ovat h\u00e4vinneet Suomesta vauhdilla. Viel\u00e4 sata vuotta sitten Pohjois-Suomen mets\u00e4maasta miltei puolet oli yli 140-vuotiasta mets\u00e4\u00e4. Nykyisin vastaava luku on vain noin 14 prosenttia. Meill\u00e4 on vanhoja metsi\u00e4 en\u00e4\u00e4 h\u00e4lytt\u00e4v\u00e4n v\u00e4h\u00e4n j\u00e4ljell\u00e4.<\/p>\n\n\n\n<p>Normaalisti vanhat mets\u00e4t tuhoutuisivat ainoastaan satunnaisissa myrskyiss\u00e4 ja mets\u00e4paloissa. Nyt ikimetsi\u00e4mme hakataan kiihtyv\u00e4ll\u00e4 tahdilla mets\u00e4teollisuuden tarpeisiin. Niiden tilalle istutetaan nuorta talousmets\u00e4\u00e4, joka hakataan uudelleen jo noin sadan vuoden i\u00e4ss\u00e4.<\/p>\n\n\n\n<p>Talousmets\u00e4 ja vanha luonnontilainen mets\u00e4 ovat mets\u00e4ss\u00e4 el\u00e4vien eli\u00f6iden kannalta kuin y\u00f6 ja p\u00e4iv\u00e4. Luonnontilaisessa mets\u00e4ss\u00e4 puulajien runsaus, puiden ik\u00e4haitari ja lahopuun m\u00e4\u00e4r\u00e4 ovat moninkertaiset verrattuna talousmets\u00e4\u00e4n. L\u00e4hesk\u00e4\u00e4n kaikki mets\u00e4lajimme eiv\u00e4t yksinkertaisesti p\u00e4rj\u00e4\u00e4 talousmetsiss\u00e4. Kun mets\u00e4 kerran hakataan, kest\u00e4\u00e4 sen uusiutumisessa pitk\u00e4\u00e4n. Miss\u00e4 uhanalaiset el\u00e4imet, kasvit ja sienet el\u00e4v\u00e4t sill\u00e4 aikaa?<\/p>\n\n\n\n<p>Vanhojen metsien h\u00e4vi\u00e4minen onkin johtanut jo yli kolmensadan mets\u00e4lajin uhanalaistumiseen. N\u00e4iden lajien joukossa on kaikille tuttuja el\u00e4imi\u00e4, kuten h\u00f6m\u00f6tiainen ja maakotka sek\u00e4 v\u00e4hemm\u00e4n huomiota her\u00e4tt\u00e4vi\u00e4 pienen pieni\u00e4 sieni\u00e4 ja j\u00e4k\u00e4li\u00e4. Ne ovat vaarassa kuolla sukupuuttoon Suomesta ja pelastustoimilla on kiire.<br><br>Hallitus on omalta osaltaan ryhtynyt toimenpiteisiin vanhojen metsien ja niiss\u00e4 el\u00e4vien lajien tulevaisuuden turvaamiseksi. Luonnonsuojelulakia uudistetaan ja pohjoisen metsien suojelun rahoitusta on kasvatettu. Kokonaisuudessaan luonnonsuojelun rahoitus on t\u00e4ll\u00e4 hetkell\u00e4 historiallisen korkealla.<\/p>\n\n\n\n<p>Metsi\u00e4 on kuitenkin pystytt\u00e4v\u00e4 varjelemaan my\u00f6s suojelualueiden ulkopuolella. Mets\u00e4nomistajien ja mets\u00e4yhti\u00f6iden on aika kantaa vastuunsa. Viime aikoina julkisuuteen on paljastunut j\u00e4rkytt\u00e4vi\u00e4 tapauksia Sallasta ja Kuusamosta, kun toista sataa vuotta vanhaa mets\u00e4\u00e4 on hakattu surutta.&nbsp;<\/p>\n\n\n\n<p>Suuri huolenaihe ovat pohjoiset suuret sellutehdashankkeet. Kun tehtaat k\u00e4ynnistyv\u00e4t, vaativat ne valtavasti puuta. Vaikka hallitus onkin antanut hankkeille tukea, ei kukaan ole antanut lupaa tuhota uhanalaisten eli\u00f6iden elinymp\u00e4rist\u00f6j\u00e4.<\/p>\n\n\n\n<p>Mets\u00e4yhti\u00f6ilt\u00e4 onkin edellytett\u00e4v\u00e4 vastuullisuutta ja pohjoisen viimeiset vanhat mets\u00e4t j\u00e4tett\u00e4v\u00e4 hakkuiden ulkopuolelle. Emme voi kerta kaikkiaan hakata en\u00e4\u00e4 yht\u00e4\u00e4n vanhaa mets\u00e4\u00e4.<br><br><em>Kirjoitus on julkaistu alunperin Kaleva Median paikallislehdiss\u00e4 2.9.2020.<\/em><\/p>\n","protected":false},"excerpt":{"rendered":"<p>Vanhat, aidosti luonnontilaiset mets\u00e4t ovat h\u00e4vinneet Suomesta vauhdilla. Viel\u00e4 sata vuotta sitten Pohjois-Suomen mets\u00e4maasta miltei puolet oli yli 140-vuotiasta mets\u00e4\u00e4. [&hellip;]<\/p>\n","protected":false},"author":1,"featured_media":0,"comment_status":"closed","ping_status":"closed","sticky":false,"template":"","format":"standard","meta":{"_monsterinsights_skip_tracking":false,"_monsterinsights_sitenote_active":false,"_monsterinsights_sitenote_note":"","_monsterinsights_sitenote_category":0,"site-sidebar-layout":"default","site-content-layout":"","ast-site-content-layout":"default","site-content-style":"default","site-sidebar-style":"default","ast-global-header-display":"","ast-banner-title-visibility":"","ast-main-header-display":"","ast-hfb-above-header-display":"","ast-hfb-below-header-display":"","ast-hfb-mobile-header-display":"","site-post-title":"","ast-breadcrumbs-content":"","ast-featured-img":"","footer-sml-layout":"","ast-disable-related-posts":"","theme-transparent-header-meta":"","adv-header-id-meta":"","stick-header-meta":"","header-above-stick-meta":"","header-main-stick-meta":"","header-below-stick-meta":"","astra-migrate-meta-layouts":"default","ast-page-background-enabled":"default","ast-page-background-meta":{"desktop":{"background-color":"var(--ast-global-color-5)","background-image":"","background-repeat":"repeat","background-position":"center center","background-size":"auto","background-attachment":"scroll","background-type":"","background-media":"","overlay-type":"","overlay-color":"","overlay-opacity":"","overlay-gradient":""},"tablet":{"background-color":"","background-image":"","background-repeat":"repeat","background-position":"center center","background-size":"auto","background-attachment":"scroll","background-type":"","background-media":"","overlay-type":"","overlay-color":"","overlay-opacity":"","overlay-gradient":""},"mobile":{"background-color":"","background-image":"","background-repeat":"repeat","background-position":"center center","background-size":"auto","background-attachment":"scroll","background-type":"","background-media":"","overlay-type":"","overlay-color":"","overlay-opacity":"","overlay-gradient":""}},"ast-content-background-meta":{"desktop":{"background-color":"var(--ast-global-color-4)","background-image":"","background-repeat":"repeat","background-position":"center center","background-size":"auto","background-attachment":"scroll","background-type":"","background-media":"","overlay-type":"","overlay-color":"","overlay-opacity":"","overlay-gradient":""},"tablet":{"background-color":"var(--ast-global-color-4)","background-image":"","background-repeat":"repeat","background-position":"center center","background-size":"auto","background-attachment":"scroll","background-type":"","background-media":"","overlay-type":"","overlay-color":"","overlay-opacity":"","overlay-gradient":""},"mobile":{"background-color":"var(--ast-global-color-4)","background-image":"","background-repeat":"repeat","background-position":"center center","background-size":"auto","background-attachment":"scroll","background-type":"","background-media":"","overlay-type":"","overlay-color":"","overlay-opacity":"","overlay-gradient":""}},"footnotes":""},"categories":[2],"tags":[344,298,374,350,378,379],"class_list":["post-2353","post","type-post","status-publish","format-standard","hentry","category-blogi","tag-luonnon-monimuotoisuus","tag-luonnonsuojelu","tag-metsa","tag-metsahakkuut","tag-metsanhoito","tag-metsatalous"],"yoast_head":"<!-- This site is optimized with the Yoast SEO plugin v27.5 - https:\/\/yoast.com\/product\/yoast-seo-wordpress\/ -->\n<title>Pohjois-Suomen viimeiset vanhat mets\u00e4t on suojeltava - Jenni Pitko - Vihreiden varapuheenjohtaja, ymp\u00e4rist\u00f6valiokunnan puheenjohtaja, kansanedustaja ja arkkitehti Oulusta<\/title>\n<meta name=\"robots\" content=\"index, follow, max-snippet:-1, max-image-preview:large, max-video-preview:-1\" \/>\n<link rel=\"canonical\" href=\"https:\/\/jennipitko.fi\/koti\/pohjois-suomen-viimeiset-vanhat-metsat-on-suojeltava\/\" \/>\n<meta property=\"og:locale\" content=\"fi_FI\" \/>\n<meta property=\"og:type\" content=\"article\" \/>\n<meta property=\"og:title\" content=\"Pohjois-Suomen viimeiset vanhat mets\u00e4t on suojeltava - Jenni Pitko - Vihreiden varapuheenjohtaja, ymp\u00e4rist\u00f6valiokunnan puheenjohtaja, kansanedustaja ja arkkitehti Oulusta\" \/>\n<meta property=\"og:description\" content=\"Vanhat, aidosti luonnontilaiset mets\u00e4t ovat h\u00e4vinneet Suomesta vauhdilla. Viel\u00e4 sata vuotta sitten Pohjois-Suomen mets\u00e4maasta miltei puolet oli yli 140-vuotiasta mets\u00e4\u00e4. [&hellip;]\" \/>\n<meta property=\"og:url\" content=\"https:\/\/jennipitko.fi\/koti\/pohjois-suomen-viimeiset-vanhat-metsat-on-suojeltava\/\" \/>\n<meta property=\"og:site_name\" content=\"Jenni Pitko - Vihreiden varapuheenjohtaja, ymp\u00e4rist\u00f6valiokunnan puheenjohtaja, kansanedustaja ja arkkitehti Oulusta\" \/>\n<meta property=\"article:published_time\" content=\"2020-09-02T12:37:31+00:00\" \/>\n<meta property=\"article:modified_time\" content=\"2020-09-02T12:37:33+00:00\" \/>\n<meta name=\"author\" content=\"Jenni\" \/>\n<meta name=\"twitter:card\" content=\"summary_large_image\" \/>\n<meta name=\"twitter:label1\" content=\"Kirjoittanut\" \/>\n\t<meta name=\"twitter:data1\" content=\"Jenni\" \/>\n\t<meta name=\"twitter:label2\" content=\"Arvioitu lukuaika\" \/>\n\t<meta name=\"twitter:data2\" content=\"2 minuuttia\" \/>\n<script type=\"application\/ld+json\" class=\"yoast-schema-graph\">{\"@context\":\"https:\\\/\\\/schema.org\",\"@graph\":[{\"@type\":\"Article\",\"@id\":\"https:\\\/\\\/jennipitko.fi\\\/koti\\\/pohjois-suomen-viimeiset-vanhat-metsat-on-suojeltava\\\/#article\",\"isPartOf\":{\"@id\":\"https:\\\/\\\/jennipitko.fi\\\/koti\\\/pohjois-suomen-viimeiset-vanhat-metsat-on-suojeltava\\\/\"},\"author\":{\"name\":\"Jenni\",\"@id\":\"https:\\\/\\\/jennipitko.fi\\\/koti\\\/#\\\/schema\\\/person\\\/35955c467f851f10124809310e7e7ee8\"},\"headline\":\"Pohjois-Suomen viimeiset vanhat mets\u00e4t on suojeltava\",\"datePublished\":\"2020-09-02T12:37:31+00:00\",\"dateModified\":\"2020-09-02T12:37:33+00:00\",\"mainEntityOfPage\":{\"@id\":\"https:\\\/\\\/jennipitko.fi\\\/koti\\\/pohjois-suomen-viimeiset-vanhat-metsat-on-suojeltava\\\/\"},\"wordCount\":350,\"publisher\":{\"@id\":\"https:\\\/\\\/jennipitko.fi\\\/koti\\\/#organization\"},\"keywords\":[\"luonnon monimuotoisuus\",\"luonnonsuojelu\",\"mets\u00e4\",\"mets\u00e4hakkuut\",\"mets\u00e4nhoito\",\"mets\u00e4talous\"],\"articleSection\":[\"Blogi\"],\"inLanguage\":\"fi\"},{\"@type\":\"WebPage\",\"@id\":\"https:\\\/\\\/jennipitko.fi\\\/koti\\\/pohjois-suomen-viimeiset-vanhat-metsat-on-suojeltava\\\/\",\"url\":\"https:\\\/\\\/jennipitko.fi\\\/koti\\\/pohjois-suomen-viimeiset-vanhat-metsat-on-suojeltava\\\/\",\"name\":\"Pohjois-Suomen viimeiset vanhat mets\u00e4t on suojeltava - Jenni Pitko - Vihreiden varapuheenjohtaja, ymp\u00e4rist\u00f6valiokunnan puheenjohtaja, kansanedustaja ja arkkitehti Oulusta\",\"isPartOf\":{\"@id\":\"https:\\\/\\\/jennipitko.fi\\\/koti\\\/#website\"},\"datePublished\":\"2020-09-02T12:37:31+00:00\",\"dateModified\":\"2020-09-02T12:37:33+00:00\",\"breadcrumb\":{\"@id\":\"https:\\\/\\\/jennipitko.fi\\\/koti\\\/pohjois-suomen-viimeiset-vanhat-metsat-on-suojeltava\\\/#breadcrumb\"},\"inLanguage\":\"fi\",\"potentialAction\":[{\"@type\":\"ReadAction\",\"target\":[\"https:\\\/\\\/jennipitko.fi\\\/koti\\\/pohjois-suomen-viimeiset-vanhat-metsat-on-suojeltava\\\/\"]}]},{\"@type\":\"BreadcrumbList\",\"@id\":\"https:\\\/\\\/jennipitko.fi\\\/koti\\\/pohjois-suomen-viimeiset-vanhat-metsat-on-suojeltava\\\/#breadcrumb\",\"itemListElement\":[{\"@type\":\"ListItem\",\"position\":1,\"name\":\"Home\",\"item\":\"https:\\\/\\\/jennipitko.fi\\\/koti\\\/\"},{\"@type\":\"ListItem\",\"position\":2,\"name\":\"Pohjois-Suomen viimeiset vanhat mets\u00e4t on suojeltava\"}]},{\"@type\":\"WebSite\",\"@id\":\"https:\\\/\\\/jennipitko.fi\\\/koti\\\/#website\",\"url\":\"https:\\\/\\\/jennipitko.fi\\\/koti\\\/\",\"name\":\"Jenni Pitko - Vihreiden varapuheenjohtaja, ymp\u00e4rist\u00f6valiokunnan puheenjohtaja, kansanedustaja ja arkkitehti Oulusta\",\"description\":\"Jenni Pitko - Vihreiden varapuheenjohtaja, ymp\u00e4rist\u00f6valiokunnan puheenjohtaja, kansanedustaja ja arkkitehti Oulusta\",\"publisher\":{\"@id\":\"https:\\\/\\\/jennipitko.fi\\\/koti\\\/#organization\"},\"potentialAction\":[{\"@type\":\"SearchAction\",\"target\":{\"@type\":\"EntryPoint\",\"urlTemplate\":\"https:\\\/\\\/jennipitko.fi\\\/koti\\\/?s={search_term_string}\"},\"query-input\":{\"@type\":\"PropertyValueSpecification\",\"valueRequired\":true,\"valueName\":\"search_term_string\"}}],\"inLanguage\":\"fi\"},{\"@type\":\"Organization\",\"@id\":\"https:\\\/\\\/jennipitko.fi\\\/koti\\\/#organization\",\"name\":\"Jenni Pitko - Vihreiden varapuheenjohtaja, ymp\u00e4rist\u00f6valiokunnan puheenjohtaja, kansanedustaja ja arkkitehti Oulusta\",\"url\":\"https:\\\/\\\/jennipitko.fi\\\/koti\\\/\",\"logo\":{\"@type\":\"ImageObject\",\"inLanguage\":\"fi\",\"@id\":\"https:\\\/\\\/jennipitko.fi\\\/koti\\\/#\\\/schema\\\/logo\\\/image\\\/\",\"url\":\"https:\\\/\\\/jennipitko.fi\\\/koti\\\/wp-content\\\/uploads\\\/2025\\\/09\\\/Nimeton-malli-38.png\",\"contentUrl\":\"https:\\\/\\\/jennipitko.fi\\\/koti\\\/wp-content\\\/uploads\\\/2025\\\/09\\\/Nimeton-malli-38.png\",\"width\":1280,\"height\":847,\"caption\":\"Jenni Pitko - Vihreiden varapuheenjohtaja, ymp\u00e4rist\u00f6valiokunnan puheenjohtaja, kansanedustaja ja arkkitehti Oulusta\"},\"image\":{\"@id\":\"https:\\\/\\\/jennipitko.fi\\\/koti\\\/#\\\/schema\\\/logo\\\/image\\\/\"}},{\"@type\":\"Person\",\"@id\":\"https:\\\/\\\/jennipitko.fi\\\/koti\\\/#\\\/schema\\\/person\\\/35955c467f851f10124809310e7e7ee8\",\"name\":\"Jenni\",\"image\":{\"@type\":\"ImageObject\",\"inLanguage\":\"fi\",\"@id\":\"https:\\\/\\\/secure.gravatar.com\\\/avatar\\\/625a0e6413b293da7739d42617828d564a4d6028aec3f45d8939a2ba1617199f?s=96&d=blank&r=g\",\"url\":\"https:\\\/\\\/secure.gravatar.com\\\/avatar\\\/625a0e6413b293da7739d42617828d564a4d6028aec3f45d8939a2ba1617199f?s=96&d=blank&r=g\",\"contentUrl\":\"https:\\\/\\\/secure.gravatar.com\\\/avatar\\\/625a0e6413b293da7739d42617828d564a4d6028aec3f45d8939a2ba1617199f?s=96&d=blank&r=g\",\"caption\":\"Jenni\"},\"url\":\"https:\\\/\\\/jennipitko.fi\\\/koti\\\/author\\\/jenni\\\/\"}]}<\/script>\n<!-- \/ Yoast SEO plugin. -->","yoast_head_json":{"title":"Pohjois-Suomen viimeiset vanhat mets\u00e4t on suojeltava - Jenni Pitko - Vihreiden varapuheenjohtaja, ymp\u00e4rist\u00f6valiokunnan puheenjohtaja, kansanedustaja ja arkkitehti Oulusta","robots":{"index":"index","follow":"follow","max-snippet":"max-snippet:-1","max-image-preview":"max-image-preview:large","max-video-preview":"max-video-preview:-1"},"canonical":"https:\/\/jennipitko.fi\/koti\/pohjois-suomen-viimeiset-vanhat-metsat-on-suojeltava\/","og_locale":"fi_FI","og_type":"article","og_title":"Pohjois-Suomen viimeiset vanhat mets\u00e4t on suojeltava - Jenni Pitko - Vihreiden varapuheenjohtaja, ymp\u00e4rist\u00f6valiokunnan puheenjohtaja, kansanedustaja ja arkkitehti Oulusta","og_description":"Vanhat, aidosti luonnontilaiset mets\u00e4t ovat h\u00e4vinneet Suomesta vauhdilla. Viel\u00e4 sata vuotta sitten Pohjois-Suomen mets\u00e4maasta miltei puolet oli yli 140-vuotiasta mets\u00e4\u00e4. [&hellip;]","og_url":"https:\/\/jennipitko.fi\/koti\/pohjois-suomen-viimeiset-vanhat-metsat-on-suojeltava\/","og_site_name":"Jenni Pitko - Vihreiden varapuheenjohtaja, ymp\u00e4rist\u00f6valiokunnan puheenjohtaja, kansanedustaja ja arkkitehti Oulusta","article_published_time":"2020-09-02T12:37:31+00:00","article_modified_time":"2020-09-02T12:37:33+00:00","author":"Jenni","twitter_card":"summary_large_image","twitter_misc":{"Kirjoittanut":"Jenni","Arvioitu lukuaika":"2 minuuttia"},"schema":{"@context":"https:\/\/schema.org","@graph":[{"@type":"Article","@id":"https:\/\/jennipitko.fi\/koti\/pohjois-suomen-viimeiset-vanhat-metsat-on-suojeltava\/#article","isPartOf":{"@id":"https:\/\/jennipitko.fi\/koti\/pohjois-suomen-viimeiset-vanhat-metsat-on-suojeltava\/"},"author":{"name":"Jenni","@id":"https:\/\/jennipitko.fi\/koti\/#\/schema\/person\/35955c467f851f10124809310e7e7ee8"},"headline":"Pohjois-Suomen viimeiset vanhat mets\u00e4t on suojeltava","datePublished":"2020-09-02T12:37:31+00:00","dateModified":"2020-09-02T12:37:33+00:00","mainEntityOfPage":{"@id":"https:\/\/jennipitko.fi\/koti\/pohjois-suomen-viimeiset-vanhat-metsat-on-suojeltava\/"},"wordCount":350,"publisher":{"@id":"https:\/\/jennipitko.fi\/koti\/#organization"},"keywords":["luonnon monimuotoisuus","luonnonsuojelu","mets\u00e4","mets\u00e4hakkuut","mets\u00e4nhoito","mets\u00e4talous"],"articleSection":["Blogi"],"inLanguage":"fi"},{"@type":"WebPage","@id":"https:\/\/jennipitko.fi\/koti\/pohjois-suomen-viimeiset-vanhat-metsat-on-suojeltava\/","url":"https:\/\/jennipitko.fi\/koti\/pohjois-suomen-viimeiset-vanhat-metsat-on-suojeltava\/","name":"Pohjois-Suomen viimeiset vanhat mets\u00e4t on suojeltava - Jenni Pitko - Vihreiden varapuheenjohtaja, ymp\u00e4rist\u00f6valiokunnan puheenjohtaja, kansanedustaja ja arkkitehti Oulusta","isPartOf":{"@id":"https:\/\/jennipitko.fi\/koti\/#website"},"datePublished":"2020-09-02T12:37:31+00:00","dateModified":"2020-09-02T12:37:33+00:00","breadcrumb":{"@id":"https:\/\/jennipitko.fi\/koti\/pohjois-suomen-viimeiset-vanhat-metsat-on-suojeltava\/#breadcrumb"},"inLanguage":"fi","potentialAction":[{"@type":"ReadAction","target":["https:\/\/jennipitko.fi\/koti\/pohjois-suomen-viimeiset-vanhat-metsat-on-suojeltava\/"]}]},{"@type":"BreadcrumbList","@id":"https:\/\/jennipitko.fi\/koti\/pohjois-suomen-viimeiset-vanhat-metsat-on-suojeltava\/#breadcrumb","itemListElement":[{"@type":"ListItem","position":1,"name":"Home","item":"https:\/\/jennipitko.fi\/koti\/"},{"@type":"ListItem","position":2,"name":"Pohjois-Suomen viimeiset vanhat mets\u00e4t on suojeltava"}]},{"@type":"WebSite","@id":"https:\/\/jennipitko.fi\/koti\/#website","url":"https:\/\/jennipitko.fi\/koti\/","name":"Jenni Pitko - Vihreiden varapuheenjohtaja, ymp\u00e4rist\u00f6valiokunnan puheenjohtaja, kansanedustaja ja arkkitehti Oulusta","description":"Jenni Pitko - Vihreiden varapuheenjohtaja, ymp\u00e4rist\u00f6valiokunnan puheenjohtaja, kansanedustaja ja arkkitehti Oulusta","publisher":{"@id":"https:\/\/jennipitko.fi\/koti\/#organization"},"potentialAction":[{"@type":"SearchAction","target":{"@type":"EntryPoint","urlTemplate":"https:\/\/jennipitko.fi\/koti\/?s={search_term_string}"},"query-input":{"@type":"PropertyValueSpecification","valueRequired":true,"valueName":"search_term_string"}}],"inLanguage":"fi"},{"@type":"Organization","@id":"https:\/\/jennipitko.fi\/koti\/#organization","name":"Jenni Pitko - Vihreiden varapuheenjohtaja, ymp\u00e4rist\u00f6valiokunnan puheenjohtaja, kansanedustaja ja arkkitehti Oulusta","url":"https:\/\/jennipitko.fi\/koti\/","logo":{"@type":"ImageObject","inLanguage":"fi","@id":"https:\/\/jennipitko.fi\/koti\/#\/schema\/logo\/image\/","url":"https:\/\/jennipitko.fi\/koti\/wp-content\/uploads\/2025\/09\/Nimeton-malli-38.png","contentUrl":"https:\/\/jennipitko.fi\/koti\/wp-content\/uploads\/2025\/09\/Nimeton-malli-38.png","width":1280,"height":847,"caption":"Jenni Pitko - Vihreiden varapuheenjohtaja, ymp\u00e4rist\u00f6valiokunnan puheenjohtaja, kansanedustaja ja arkkitehti Oulusta"},"image":{"@id":"https:\/\/jennipitko.fi\/koti\/#\/schema\/logo\/image\/"}},{"@type":"Person","@id":"https:\/\/jennipitko.fi\/koti\/#\/schema\/person\/35955c467f851f10124809310e7e7ee8","name":"Jenni","image":{"@type":"ImageObject","inLanguage":"fi","@id":"https:\/\/secure.gravatar.com\/avatar\/625a0e6413b293da7739d42617828d564a4d6028aec3f45d8939a2ba1617199f?s=96&d=blank&r=g","url":"https:\/\/secure.gravatar.com\/avatar\/625a0e6413b293da7739d42617828d564a4d6028aec3f45d8939a2ba1617199f?s=96&d=blank&r=g","contentUrl":"https:\/\/secure.gravatar.com\/avatar\/625a0e6413b293da7739d42617828d564a4d6028aec3f45d8939a2ba1617199f?s=96&d=blank&r=g","caption":"Jenni"},"url":"https:\/\/jennipitko.fi\/koti\/author\/jenni\/"}]}},"_links":{"self":[{"href":"https:\/\/jennipitko.fi\/koti\/wp-json\/wp\/v2\/posts\/2353","targetHints":{"allow":["GET"]}}],"collection":[{"href":"https:\/\/jennipitko.fi\/koti\/wp-json\/wp\/v2\/posts"}],"about":[{"href":"https:\/\/jennipitko.fi\/koti\/wp-json\/wp\/v2\/types\/post"}],"author":[{"embeddable":true,"href":"https:\/\/jennipitko.fi\/koti\/wp-json\/wp\/v2\/users\/1"}],"replies":[{"embeddable":true,"href":"https:\/\/jennipitko.fi\/koti\/wp-json\/wp\/v2\/comments?post=2353"}],"version-history":[{"count":1,"href":"https:\/\/jennipitko.fi\/koti\/wp-json\/wp\/v2\/posts\/2353\/revisions"}],"predecessor-version":[{"id":2354,"href":"https:\/\/jennipitko.fi\/koti\/wp-json\/wp\/v2\/posts\/2353\/revisions\/2354"}],"wp:attachment":[{"href":"https:\/\/jennipitko.fi\/koti\/wp-json\/wp\/v2\/media?parent=2353"}],"wp:term":[{"taxonomy":"category","embeddable":true,"href":"https:\/\/jennipitko.fi\/koti\/wp-json\/wp\/v2\/categories?post=2353"},{"taxonomy":"post_tag","embeddable":true,"href":"https:\/\/jennipitko.fi\/koti\/wp-json\/wp\/v2\/tags?post=2353"}],"curies":[{"name":"wp","href":"https:\/\/api.w.org\/{rel}","templated":true}]}}