{"id":2355,"date":"2020-09-19T08:18:00","date_gmt":"2020-09-19T06:18:00","guid":{"rendered":"http:\/\/jennipitko.fi\/koti\/?p=2355"},"modified":"2020-09-30T10:06:39","modified_gmt":"2020-09-30T08:06:39","slug":"puheeni-vihreiden-puoluekokouksessa-19-9-2020","status":"publish","type":"post","link":"https:\/\/jennipitko.fi\/koti\/puheeni-vihreiden-puoluekokouksessa-19-9-2020\/","title":{"rendered":"Puheeni Vihreiden puoluekokouksessa 19.9.2020"},"content":{"rendered":"\n<p>Pidin avauspuheenvuoron Vihreiden puoluekokouksessa 19.9.2020. Lue puheeni kokonaisuudessaan alta tai katso Vihreiden<a href=\"https:\/\/www.facebook.com\/watch\/live\/?v=951391282349687&amp;ref=watch_permalink\"> Facebook-sivujen tallenteelta<\/a> alkaen kohdasta 24.05.<\/p>\n\n\n\n<p>Rakkaat vihre\u00e4t yst\u00e4v\u00e4t,&nbsp;<\/p>\n\n\n\n<p>On upeaa saada olla t\u00e4\u00e4ll\u00e4 t\u00e4n\u00e4\u00e4n teid\u00e4n kanssanne, omien joukossa.&nbsp;<\/p>\n\n\n\n<p>Hyv\u00e4t yst\u00e4v\u00e4t,&nbsp;<\/p>\n\n\n\n<p>Me Vihre\u00e4t olemme t\u00e4ll\u00e4 hetkell\u00e4 historiallisen iso koko maan laajuinen kansanliike.&nbsp;<\/p>\n\n\n\n<p>Se, ett\u00e4 meist\u00e4 tuli viime vaaleissa suurempi ja vaikutusvaltaisempi puolue, kuin koskaan aiemmin, johtuu siit\u00e4, ett\u00e4 suomalaiset haluavat kiireesti toimenpiteit\u00e4 ilmaston kuumenemisen ja kuudennen sukupuuttoaallon pys\u00e4ytt\u00e4miseksi.&nbsp;<\/p>\n\n\n\n<p>Suomalaisten huoli luonnosta n\u00e4kyy my\u00f6s siin\u00e4 tarmossa, jolla ihmiset ymp\u00e4ri maata suojelevat omaa elinymp\u00e4rist\u00f6\u00e4\u00e4n.&nbsp;<\/p>\n\n\n\n<p>K\u00e4sivarsi ilman kaivoksia -adressi ker\u00e4si nopeasti yli 37 000 allekirjoitusta,&nbsp;<\/p>\n\n\n\n<p>Saimaalla vapaaehtoiset tekev\u00e4t vuodesta toiseen apupesi\u00e4 norpille,<\/p>\n\n\n\n<p>ymp\u00e4ri maata vaaditaan vesivoiman kahlimien jokien vapauttamista<\/p>\n\n\n\n<p>ja toissa kev\u00e4\u00e4n\u00e4 lapset ja nuoret pienill\u00e4 sek\u00e4 isoilla paikkakunnilla ryhtyiv\u00e4t lakkoon vaatiakseen aikuisilta ilmastotoimia.&nbsp;<\/p>\n\n\n\n<p>Ilman n\u00e4it\u00e4 ihmisi\u00e4 ei luonto olisi suojassa.<\/p>\n\n\n\n<p>Ilman n\u00e4it\u00e4 ihmisi\u00e4 ei olisi n\u00e4in paljon toivoa.<\/p>\n\n\n\n<p>Toivolla, sisukkuudella ja tahdolla muutetaan maailmaa. Juuri n\u00e4ist\u00e4 l\u00e4ht\u00f6kohdista on t\u00e4m\u00e4 puoluekin aikoinaan syntynyt.<\/p>\n\n\n\n<p>Hyv\u00e4t yst\u00e4v\u00e4t,<\/p>\n\n\n\n<p>Me olemme Suomen ainoa poliittinen puolue, joka j\u00e4rjestelm\u00e4llisesti pit\u00e4\u00e4 luonnon puolta kaikilla p\u00e4\u00e4t\u00f6ksenteon tasoilla kunnista aina maan hallitukseen ja eduskuntaan.<\/p>\n\n\n\n<p>Meille on t\u00e4rke\u00e4\u00e4, ett\u00e4 kaikessa toiminnassa minimoidaan ymp\u00e4rist\u00f6vaikutukset.&nbsp;<\/p>\n\n\n\n<p>Me kunnioitamme luontoa, joka pit\u00e4\u00e4 yll\u00e4 my\u00f6s meid\u00e4n el\u00e4m\u00e4\u00e4mme.&nbsp;<\/p>\n\n\n\n<p>Luontoa, jota ilman meit\u00e4 ei olisi.<\/p>\n\n\n\n<p>Me haluamme huolehtia siit\u00e4, ett\u00e4 luonnonvaroja k\u00e4ytet\u00e4\u00e4n vastuullisesti ja s\u00e4\u00e4steli\u00e4\u00e4sti, ja ett\u00e4 my\u00f6s tulevilla sukupolvilla on mahdollisuus puhtaaseen ruokaan, puhtaaseen luontoon ja hyv\u00e4\u00e4n el\u00e4m\u00e4\u00e4n.<\/p>\n\n\n\n<p>Hyv\u00e4t yst\u00e4v\u00e4t,<\/p>\n\n\n\n<p>On selv\u00e4\u00e4, ett\u00e4 nykymuodossaan el\u00e4m\u00e4ntapamme on ymp\u00e4rist\u00f6n kannalta kest\u00e4m\u00e4t\u00f6nt\u00e4.&nbsp;<\/p>\n\n\n\n<p>T\u00e4m\u00e4n sanominen ei ole hy\u00f6kk\u00e4ys ket\u00e4\u00e4n kohtaan, vaan se on fakta, jota meid\u00e4n on pystytt\u00e4v\u00e4 katsomaan silmiin. Se on tosiasia, joka meid\u00e4n on muutettava.<\/p>\n\n\n\n<p>Esimerkiksi nykyinen kaivoslakimme ei suojaa paikallisia ihmisi\u00e4 eik\u00e4 ymp\u00e4rist\u00f6\u00e4. Laki on liian avok\u00e4tinen kaivostoimijoille ja se suorastaan kutsuu ylikansalliset yhti\u00f6t etsim\u00e4\u00e4n mineraaleja jopa luonnonsuojelualueiltamme. Edes kunnan arvio kokonaisedun vaarantumisesta ei voi kaivosta pys\u00e4ytt\u00e4\u00e4.&nbsp;<\/p>\n\n\n\n<p>Siksi kaivoslakia on uudistettava. Valitettavasti uuden lain valmistelu ty\u00f6- ja elinkeinoministeri\u00f6ss\u00e4 on t\u00e4h\u00e4n menness\u00e4 ollut ep\u00e4luottamusta her\u00e4tt\u00e4v\u00e4\u00e4 ja suoranaisesti hallitusohjelman vastaista.&nbsp;<\/p>\n\n\n\n<p>Meid\u00e4n on huolehdittava siit\u00e4, ettei uudistusta vesitet\u00e4, ja ett\u00e4 saamme Suomeen aidosti kest\u00e4v\u00e4n kaivoslain, joka turvaa sek\u00e4 paikallisten ihmisten elinmahdollisuudet, maisema-arvot ett\u00e4 luonnon monimuotoisuuden.<\/p>\n\n\n\n<p>Hyv\u00e4t yst\u00e4v\u00e4t,<\/p>\n\n\n\n<p>My\u00f6s maatalouden p\u00e4\u00e4st\u00f6j\u00e4 on v\u00e4hennett\u00e4v\u00e4, sill\u00e4 tuotannon vesist\u00f6-, luonto- ja ilmastovaikutuksilta ei voi sulkea silmi\u00e4.<\/p>\n\n\n\n<p>On olemassa jo paljon hyvi\u00e4 esimerkkej\u00e4 siit\u00e4, miten maatalouden ymp\u00e4rist\u00f6vaikutuksia voidaan v\u00e4hent\u00e4\u00e4 ja samalla parantaa tuotannon kannattavuutta sek\u00e4 tuottajien jaksamista.<br><br>My\u00f6s metsien k\u00e4yt\u00f6n on muututtava. Mets\u00e4lajien tila on ajettu jo aivan liian ahtaalle eik\u00e4 metsien sitomaa hiilt\u00e4 ole kerta kaikkiaan varaa p\u00e4\u00e4st\u00e4\u00e4 lyhytik\u00e4isten puutuotteiden ja energiapuun mukana ilmakeh\u00e4\u00e4n.<\/p>\n\n\n\n<p>Hyv\u00e4t yst\u00e4v\u00e4t,<\/p>\n\n\n\n<p>Kaupunkien ja maaseudun elinkeinojen ja ihmisten vastakkainasettelu on turhaa. Kaupungit tarvitsevat maaseutua ja maaseutu kaupunkeja.<\/p>\n\n\n\n<p>T\u00e4m\u00e4 ei tarkoita sit\u00e4, ett\u00e4 maatalouden ja mets\u00e4talouden muutoksen v\u00e4ltt\u00e4m\u00e4tt\u00f6myydest\u00e4 ei voisi puhua.&nbsp;<\/p>\n\n\n\n<p>Kun joku jossain v\u00e4itt\u00e4\u00e4, ett\u00e4 me haluaisimme kielt\u00e4\u00e4 milloin maatalouden, milloin mets\u00e4talouden,&nbsp;<\/p>\n\n\n\n<p>heilt\u00e4 on syyt\u00e4 kysy\u00e4: Onko niin, ett\u00e4 ymp\u00e4rist\u00f6nsuojelu on uhka ihmiselle? Voiko luonnon hyvinvointi olla uhka luonnonvaroista ammentavalle elinkeinolle?<\/p>\n\n\n\n<p>Hyv\u00e4 yst\u00e4v\u00e4t,<\/p>\n\n\n\n<p>Samalla, kun me vaadimme muutosta, me puhumme muutoksen reiluudesta.&nbsp;<\/p>\n\n\n\n<p>Reilulla muutoksella varmistamme, ett\u00e4 siirtym\u00e4 kest\u00e4v\u00e4\u00e4n yhteiskuntaan on sosiaalisesti oikeudenmukainen ihan jokaiselle, my\u00f6s elinkeinonharjoittajille.&nbsp;<\/p>\n\n\n\n<p>Maaseudulle luodaan ty\u00f6t\u00e4 ja toimeentuloa panostamalla koulutukseen kaikkialla Suomessa. Uusiutuvan energian tuottaminen, luontoretkeily, luonnosta ammentavat hyvinvointipalvelut ja maaseutumatkailu ovat aloja, joille voi synty\u00e4 nopeastikin uusia ty\u00f6paikkoja.&nbsp;<\/p>\n\n\n\n<p>My\u00f6s et\u00e4t\u00f6iden my\u00f6t\u00e4 monella suomalaisella on mahdollisuus l\u00f6yt\u00e4\u00e4 koti esimerkiksi synnyinseudultaan.<\/p>\n\n\n\n<p>Luonto on suomalaisen sielunmaisema. Min\u00e4 ajattelen, ett\u00e4 luonnon suojelu kaikkialla Suomessa on parasta aluepolitiikkaa, sill\u00e4 ilman luontoa ei ole hyv\u00e4\u00e4 el\u00e4m\u00e4\u00e4.<\/p>\n\n\n\n<p>Hyv\u00e4t yst\u00e4v\u00e4t,<\/p>\n\n\n\n<p>Vaikka hallitusty\u00f6ss\u00e4 joudutaan tekem\u00e4\u00e4n kompromisseja, n\u00e4kyy meid\u00e4n k\u00e4denj\u00e4lkemme hallituksen ty\u00f6skentelyss\u00e4 vahvasti.<\/p>\n\n\n\n<p>Muutos aikaisempaan politiikkaan, jossa ymp\u00e4rist\u00f6nsuojelulle ei koskaan riitt\u00e4nyt rahaa,<\/p>\n\n\n\n<p>jossa heikoimmissa asemassa olevilta ihmisilt\u00e4 leikattiin,<\/p>\n\n\n\n<p>jossa valmiiksi etuoikeutetut saivat yh\u00e4 vain lis\u00e4\u00e4,<\/p>\n\n\n\n<p>ja jossa kipeimm\u00e4t p\u00e4\u00e4t\u00f6kset osuivat aina naisiin, on valtavan iso.<\/p>\n\n\n\n<p>Hyv\u00e4t yst\u00e4v\u00e4t,<\/p>\n\n\n\n<p>Olen todella ylpe\u00e4 siit\u00e4, miten me olemme t\u00e4t\u00e4 maata muuttaneet.&nbsp;<\/p>\n\n\n\n<p>Ilman meit\u00e4, ei luonnonsuojelun rahoitus olisi historiallisen korkealla,<\/p>\n\n\n\n<p>ilman meit\u00e4 ei aloitettaisi lintuvesien, kuten Parikkalan Siikalahden, kunnostusta,<\/p>\n\n\n\n<p>ilman meit\u00e4, ei viimeisen vuoden aikana olisi suojeltu jo toista tuhatta hehtaaria soita<\/p>\n\n\n\n<p>ja ilman meit\u00e4, ei nyt kartoitettaisi, ennallistettaisi ja hoidettaisi perinnebiotooppeja ja muita t\u00e4rkeit\u00e4 elinymp\u00e4rist\u00f6j\u00e4 t\u00e4ss\u00e4 mittakaavassa.&nbsp;<\/p>\n\n\n\n<p>Ilman meit\u00e4, olisi p\u00e4\u00e4st\u00f6v\u00e4hennyksi\u00e4 tehty paljon v\u00e4hemm\u00e4n,<\/p>\n\n\n\n<p>ilman meit\u00e4 ei nyt tuettaisi merkitt\u00e4v\u00e4sti \u00f6ljyl\u00e4mmityksest\u00e4 luopumista, puurakentamista, py\u00f6r\u00e4ily\u00e4, k\u00e4vely\u00e4 ja panostettaisi enn\u00e4tyksellisen paljon raideliikenteeseen sek\u00e4 liikenteen s\u00e4hk\u00f6ist\u00e4miseen.<\/p>\n\n\n\n<p>Ilman meit\u00e4, ei my\u00f6sk\u00e4\u00e4n luonnon virkistysk\u00e4ytt\u00f6 olisi saanut merkitt\u00e4v\u00e4\u00e4 lis\u00e4rahoitusta.<\/p>\n\n\n\n<p>Ilman meit\u00e4, ei trans- ja vanhemmuuslakeja v\u00e4ltt\u00e4m\u00e4tt\u00e4 uudistettaisi&nbsp;<\/p>\n\n\n\n<p>ja ilman meit\u00e4 ei koulutukseen satsattaisi nyt kaikilla asteilla varhaiskasvutuksesta korkeakouluihin.&nbsp;<\/p>\n\n\n\n<p>Hyv\u00e4t yst\u00e4v\u00e4t,&nbsp;<\/p>\n\n\n\n<p>Vaikka olemme saaneet jo paljon aikaan, on ty\u00f6 edelleen kesken. Uusia ilmasto- ja luontotekoja tarvitaan.<\/p>\n\n\n\n<p>Tuoreimmat, ja mittavat, edistysaskeleet otettiin t\u00e4m\u00e4n viikon budjettiriihess\u00e4.<\/p>\n\n\n\n<p>EU:n elpymisv\u00e4lineen kautta ilmastotoimiin p\u00e4\u00e4tettiin ohjata miljardin euron panostukset.<\/p>\n\n\n\n<p>L\u00e4hes kaksinkertaistamme turpeen verotuksen, lopetamme p\u00e4\u00e4st\u00f6kauppakompensaation ja p\u00e4ivit\u00e4mme liikenteen ty\u00f6suhde-edut ilmastoaikaan.&nbsp;<\/p>\n\n\n\n<p>Satsaamme my\u00f6s y\u00f6juniin, maatalouden ilmastotoimiin ja teollisuuden p\u00e4\u00e4st\u00f6v\u00e4hennyksiin.<\/p>\n\n\n\n<p>Vaikka p\u00e4\u00e4t\u00f6ksenteon hitaus v\u00e4lill\u00e4 turhauttaa, osoitti my\u00f6s t\u00e4m\u00e4 budjettiriihi sen, kuinka kipe\u00e4sti meit\u00e4 tarvitaan puolustamaan ymp\u00e4rist\u00f6\u00e4. Hallitusohjelmakirjauksetkaan kun eiv\u00e4t toteudu itsest\u00e4\u00e4n. Jonkun on ne my\u00f6s toteutettava.<\/p>\n\n\n\n<p>Kiitos kuuluu j\u00e4lleen kerran teille kaikille, jotka olette olleet mukana tekem\u00e4ss\u00e4 vihre\u00e4\u00e4 vaalivoittoa ja siten mahdollistaneet t\u00e4m\u00e4n. Ilman t\u00e4t\u00e4 ty\u00f6t\u00e4 olisi budjettiriihen tulos ollut hyvin erilainen.<\/p>\n\n\n\n<p>Hyv\u00e4t yst\u00e4v\u00e4t,&nbsp;<\/p>\n\n\n\n<p>El\u00e4mme edelleen hyvin poikkeuksellisia aikoja ja siksi meid\u00e4nkin puoluekokous j\u00e4rjestet\u00e4\u00e4n t\u00e4n\u00e4 viikonloppuna et\u00e4n\u00e4. Se on vastuullinen ratkaisu.<\/p>\n\n\n\n<p>Vaikka korona-aika ei ole ollut helppoa, ja vaikka kev\u00e4\u00e4ll\u00e4 moni uudistus ei edennyt huonon tautitilanteen vuoksi, olen erityisen iloinen siit\u00e4, ett\u00e4 juuri me olemme olleet hallituksessa keskell\u00e4 t\u00e4t\u00e4 historiallisen vakavaa kriisi\u00e4.<\/p>\n\n\n\n<p>Me olemme nimitt\u00e4in olleet ne, jotka ovat puolustaneet kriisin keskell\u00e4 kaikista heikoimpia.&nbsp;<\/p>\n\n\n\n<p>Me olemme ne, jotka ovat kiirehtineet ilmastotoimia, vaikka muut ovat olleet valmiita lykk\u00e4\u00e4m\u00e4\u00e4n niit\u00e4.&nbsp;<\/p>\n\n\n\n<p>Me olemme my\u00f6s ne, jotka ovat puolustaneet ihmisten perusoikeuksia silloin, kun muut ovat olleet valmiita tinkim\u00e4\u00e4n niist\u00e4.<\/p>\n\n\n\n<p>Ja juuri me olemme ne, jotka ovat kantaneet vastuuta ja luotsanneet maata l\u00e4pi poikkeusolojen. Suomi on ollut turvallisissa k\u00e4siss\u00e4.<\/p>\n\n\n\n<p>Hyv\u00e4t yst\u00e4v\u00e4t,<\/p>\n\n\n\n<p>N\u00e4in\u00e4 poikkeuksellisina ja kuormittavina aikoina me Vihre\u00e4t olemme kantaneet huolta ihmisten jaksamisesta.&nbsp;<\/p>\n\n\n\n<p>Mielenterveyden ongelmat ovat lis\u00e4\u00e4ntyneet ja jaksaminen on koetuksella. Kiireest\u00e4 ja riitt\u00e4m\u00e4tt\u00f6myyden tunteesta on tullut aivan liian yleisi\u00e4 kahvip\u00f6yt\u00e4keskustelujen aiheita.<\/p>\n\n\n\n<p>Vuosittain jopa 7 000 ihmist\u00e4 putoaa pois ty\u00f6el\u00e4m\u00e4st\u00e4 mielenterveysongelmien vuoksi. On valtava inhimillinen tragedia ja kansantaloudellinen lasku, ett\u00e4 ty\u00f6t polttavat kuormittavuudellaan ihmisi\u00e4 loppuun.<\/p>\n\n\n\n<p>Aivan erityisesti ongelma koskettaa nuoria, joiden tulevaisuus on t\u00e4ll\u00e4 hetkell\u00e4 hyvin ep\u00e4varmaa. Jaksamisesta huolehtiminen on kuitenkin paras tapa tukea my\u00f6s ik\u00e4\u00e4ntyneiden ty\u00f6llisyytt\u00e4.<\/p>\n\n\n\n<p>Siksi me olemmekin esitt\u00e4neet panostuksia muun muassa ty\u00f6hyvinvointiin, matalan kynnyksen mielenterveyspalveluihin ja lyhytterapioihin.&nbsp;<\/p>\n\n\n\n<p>Hyv\u00e4t yst\u00e4v\u00e4t,<\/p>\n\n\n\n<p>Meille t\u00e4rkeisiin asioihin vaikutetaan valtakunnallisen p\u00e4\u00e4t\u00f6ksenteon lis\u00e4ksi my\u00f6s paikallisella tasolla.&nbsp;<\/p>\n\n\n\n<p>Itse asiassa monet ymp\u00e4rist\u00f6\u00f6n, tasa-arvoon ja ihmisten arkeen vaikuttavat p\u00e4\u00e4t\u00f6kset tehd\u00e4\u00e4n nimenomaan kunnissa.<\/p>\n\n\n\n<p>T\u00e4ss\u00e4 ty\u00f6ss\u00e4 tarvitaan apua meilt\u00e4 jokaiselta.<\/p>\n\n\n\n<p>Haluan kannustaa kaikkia mukaan vaality\u00f6h\u00f6n joko asettumalla itse ehdolle tai tukemalla toisten kampanjoita.&nbsp;<\/p>\n\n\n\n<p>Ja hyv\u00e4t yst\u00e4v\u00e4t,<\/p>\n\n\n\n<p>Tilausta ty\u00f6llemme on. Ilmastobarometrin mukaan 70 prosenttia suomalaisista halusi<a href=\"https:\/\/twitter.com\/hashtag\/ilmastokriisi?src=hashtag_click\"> ilmastokriisi<\/a>n ratkaisut t\u00e4m\u00e4n hallituskauden k\u00e4rkiteemaksi.<br><br>Yh\u00e4 useampi on huolissaan \u00e4\u00e4rioikeiston noususta ja rasismin lis\u00e4\u00e4ntymisest\u00e4.<\/p>\n\n\n\n<p>Suomalaiset haluavat pit\u00e4\u00e4 kiinni hyvinvointivaltiosta, jossa pid\u00e4mme kaikki mukana ja jossa yhdenk\u00e4\u00e4n lapsen ei tarvitsisi el\u00e4\u00e4 k\u00f6yhyydess\u00e4.&nbsp;<\/p>\n\n\n\n<p>Tasa-arvo, yhdenvertaisuus ja syrjivien rakenteiden purkaminen on edelleen kesken.<\/p>\n\n\n\n<p>Juuri n\u00e4iden asioiden, elinkelpoisen planeetan ja oikeudenmukaisuuden, eteen me teemme t\u00f6it\u00e4. Joka p\u00e4iv\u00e4.&nbsp;<\/p>\n\n\n\n<p>Haluan kiitt\u00e4\u00e4 ihan jokaista teit\u00e4 siit\u00e4, ett\u00e4 olette mukana ja toivottaa hyv\u00e4\u00e4 ja turvallista puoluekokousta.<\/p>\n","protected":false},"excerpt":{"rendered":"<p>Pidin avauspuheenvuoron Vihreiden puoluekokouksessa 19.9.2020. Lue puheeni kokonaisuudessaan alta tai katso Vihreiden Facebook-sivujen tallenteelta alkaen kohdasta 24.05. Rakkaat vihre\u00e4t yst\u00e4v\u00e4t,&nbsp; [&hellip;]<\/p>\n","protected":false},"author":1,"featured_media":0,"comment_status":"closed","ping_status":"closed","sticky":false,"template":"","format":"standard","meta":{"_monsterinsights_skip_tracking":false,"_monsterinsights_sitenote_active":false,"_monsterinsights_sitenote_note":"","_monsterinsights_sitenote_category":0,"site-sidebar-layout":"default","site-content-layout":"","ast-site-content-layout":"default","site-content-style":"default","site-sidebar-style":"default","ast-global-header-display":"","ast-banner-title-visibility":"","ast-main-header-display":"","ast-hfb-above-header-display":"","ast-hfb-below-header-display":"","ast-hfb-mobile-header-display":"","site-post-title":"","ast-breadcrumbs-content":"","ast-featured-img":"","footer-sml-layout":"","ast-disable-related-posts":"","theme-transparent-header-meta":"","adv-header-id-meta":"","stick-header-meta":"","header-above-stick-meta":"","header-main-stick-meta":"","header-below-stick-meta":"","astra-migrate-meta-layouts":"default","ast-page-background-enabled":"default","ast-page-background-meta":{"desktop":{"background-color":"var(--ast-global-color-5)","background-image":"","background-repeat":"repeat","background-position":"center center","background-size":"auto","background-attachment":"scroll","background-type":"","background-media":"","overlay-type":"","overlay-color":"","overlay-opacity":"","overlay-gradient":""},"tablet":{"background-color":"","background-image":"","background-repeat":"repeat","background-position":"center center","background-size":"auto","background-attachment":"scroll","background-type":"","background-media":"","overlay-type":"","overlay-color":"","overlay-opacity":"","overlay-gradient":""},"mobile":{"background-color":"","background-image":"","background-repeat":"repeat","background-position":"center center","background-size":"auto","background-attachment":"scroll","background-type":"","background-media":"","overlay-type":"","overlay-color":"","overlay-opacity":"","overlay-gradient":""}},"ast-content-background-meta":{"desktop":{"background-color":"var(--ast-global-color-4)","background-image":"","background-repeat":"repeat","background-position":"center center","background-size":"auto","background-attachment":"scroll","background-type":"","background-media":"","overlay-type":"","overlay-color":"","overlay-opacity":"","overlay-gradient":""},"tablet":{"background-color":"var(--ast-global-color-4)","background-image":"","background-repeat":"repeat","background-position":"center center","background-size":"auto","background-attachment":"scroll","background-type":"","background-media":"","overlay-type":"","overlay-color":"","overlay-opacity":"","overlay-gradient":""},"mobile":{"background-color":"var(--ast-global-color-4)","background-image":"","background-repeat":"repeat","background-position":"center center","background-size":"auto","background-attachment":"scroll","background-type":"","background-media":"","overlay-type":"","overlay-color":"","overlay-opacity":"","overlay-gradient":""}},"footnotes":""},"categories":[2],"tags":[275,154,301,297,300,380,344,298,299,263,383,374,379,327,425],"class_list":["post-2355","post","type-post","status-publish","format-standard","hentry","category-blogi","tag-ilmastonmuutoksen-torjunta","tag-ilmastonmuutos","tag-kaivokset","tag-kaivoslaki","tag-kaivostoiminta","tag-korona","tag-luonnon-monimuotoisuus","tag-luonnonsuojelu","tag-luonnonvarat","tag-luonto","tag-maatalous","tag-metsa","tag-metsatalous","tag-mielenterveys","tag-puoluekokous"],"yoast_head":"<!-- This site is optimized with the Yoast SEO plugin v27.5 - https:\/\/yoast.com\/product\/yoast-seo-wordpress\/ -->\n<title>Puheeni Vihreiden puoluekokouksessa 19.9.2020 - Jenni Pitko - Vihreiden varapuheenjohtaja, ymp\u00e4rist\u00f6valiokunnan puheenjohtaja, kansanedustaja ja arkkitehti Oulusta<\/title>\n<meta name=\"robots\" content=\"index, follow, max-snippet:-1, max-image-preview:large, max-video-preview:-1\" \/>\n<link rel=\"canonical\" href=\"https:\/\/jennipitko.fi\/koti\/puheeni-vihreiden-puoluekokouksessa-19-9-2020\/\" \/>\n<meta property=\"og:locale\" content=\"fi_FI\" \/>\n<meta property=\"og:type\" content=\"article\" \/>\n<meta property=\"og:title\" content=\"Puheeni Vihreiden puoluekokouksessa 19.9.2020 - Jenni Pitko - Vihreiden varapuheenjohtaja, ymp\u00e4rist\u00f6valiokunnan puheenjohtaja, kansanedustaja ja arkkitehti Oulusta\" \/>\n<meta property=\"og:description\" content=\"Pidin avauspuheenvuoron Vihreiden puoluekokouksessa 19.9.2020. Lue puheeni kokonaisuudessaan alta tai katso Vihreiden Facebook-sivujen tallenteelta alkaen kohdasta 24.05. Rakkaat vihre\u00e4t yst\u00e4v\u00e4t,&nbsp; [&hellip;]\" \/>\n<meta property=\"og:url\" content=\"https:\/\/jennipitko.fi\/koti\/puheeni-vihreiden-puoluekokouksessa-19-9-2020\/\" \/>\n<meta property=\"og:site_name\" content=\"Jenni Pitko - Vihreiden varapuheenjohtaja, ymp\u00e4rist\u00f6valiokunnan puheenjohtaja, kansanedustaja ja arkkitehti Oulusta\" \/>\n<meta property=\"article:published_time\" content=\"2020-09-19T06:18:00+00:00\" \/>\n<meta property=\"article:modified_time\" content=\"2020-09-30T08:06:39+00:00\" \/>\n<meta property=\"og:image\" content=\"https:\/\/jennipitko.fi\/koti\/wp-content\/uploads\/2020\/09\/JenniPitko_1520-scaled.jpg\" \/>\n\t<meta property=\"og:image:width\" content=\"2560\" \/>\n\t<meta property=\"og:image:height\" content=\"1707\" \/>\n\t<meta property=\"og:image:type\" content=\"image\/jpeg\" \/>\n<meta name=\"author\" content=\"Jenni\" \/>\n<meta name=\"twitter:card\" content=\"summary_large_image\" \/>\n<meta name=\"twitter:label1\" content=\"Kirjoittanut\" \/>\n\t<meta name=\"twitter:data1\" content=\"Jenni\" \/>\n\t<meta name=\"twitter:label2\" content=\"Arvioitu lukuaika\" \/>\n\t<meta name=\"twitter:data2\" content=\"7 minuuttia\" \/>\n<script type=\"application\/ld+json\" class=\"yoast-schema-graph\">{\"@context\":\"https:\\\/\\\/schema.org\",\"@graph\":[{\"@type\":\"Article\",\"@id\":\"https:\\\/\\\/jennipitko.fi\\\/koti\\\/puheeni-vihreiden-puoluekokouksessa-19-9-2020\\\/#article\",\"isPartOf\":{\"@id\":\"https:\\\/\\\/jennipitko.fi\\\/koti\\\/puheeni-vihreiden-puoluekokouksessa-19-9-2020\\\/\"},\"author\":{\"name\":\"Jenni\",\"@id\":\"https:\\\/\\\/jennipitko.fi\\\/koti\\\/#\\\/schema\\\/person\\\/35955c467f851f10124809310e7e7ee8\"},\"headline\":\"Puheeni Vihreiden puoluekokouksessa 19.9.2020\",\"datePublished\":\"2020-09-19T06:18:00+00:00\",\"dateModified\":\"2020-09-30T08:06:39+00:00\",\"mainEntityOfPage\":{\"@id\":\"https:\\\/\\\/jennipitko.fi\\\/koti\\\/puheeni-vihreiden-puoluekokouksessa-19-9-2020\\\/\"},\"wordCount\":1446,\"publisher\":{\"@id\":\"https:\\\/\\\/jennipitko.fi\\\/koti\\\/#organization\"},\"keywords\":[\"ilmastonmuutoksen torjunta\",\"ilmastonmuutos\",\"kaivokset\",\"kaivoslaki\",\"kaivostoiminta\",\"korona\",\"luonnon monimuotoisuus\",\"luonnonsuojelu\",\"luonnonvarat\",\"luonto\",\"maatalous\",\"mets\u00e4\",\"mets\u00e4talous\",\"mielenterveys\",\"puoluekokous\"],\"articleSection\":[\"Blogi\"],\"inLanguage\":\"fi\"},{\"@type\":\"WebPage\",\"@id\":\"https:\\\/\\\/jennipitko.fi\\\/koti\\\/puheeni-vihreiden-puoluekokouksessa-19-9-2020\\\/\",\"url\":\"https:\\\/\\\/jennipitko.fi\\\/koti\\\/puheeni-vihreiden-puoluekokouksessa-19-9-2020\\\/\",\"name\":\"Puheeni Vihreiden puoluekokouksessa 19.9.2020 - Jenni Pitko - Vihreiden varapuheenjohtaja, ymp\u00e4rist\u00f6valiokunnan puheenjohtaja, kansanedustaja ja arkkitehti Oulusta\",\"isPartOf\":{\"@id\":\"https:\\\/\\\/jennipitko.fi\\\/koti\\\/#website\"},\"datePublished\":\"2020-09-19T06:18:00+00:00\",\"dateModified\":\"2020-09-30T08:06:39+00:00\",\"breadcrumb\":{\"@id\":\"https:\\\/\\\/jennipitko.fi\\\/koti\\\/puheeni-vihreiden-puoluekokouksessa-19-9-2020\\\/#breadcrumb\"},\"inLanguage\":\"fi\",\"potentialAction\":[{\"@type\":\"ReadAction\",\"target\":[\"https:\\\/\\\/jennipitko.fi\\\/koti\\\/puheeni-vihreiden-puoluekokouksessa-19-9-2020\\\/\"]}]},{\"@type\":\"BreadcrumbList\",\"@id\":\"https:\\\/\\\/jennipitko.fi\\\/koti\\\/puheeni-vihreiden-puoluekokouksessa-19-9-2020\\\/#breadcrumb\",\"itemListElement\":[{\"@type\":\"ListItem\",\"position\":1,\"name\":\"Home\",\"item\":\"https:\\\/\\\/jennipitko.fi\\\/koti\\\/\"},{\"@type\":\"ListItem\",\"position\":2,\"name\":\"Puheeni Vihreiden puoluekokouksessa 19.9.2020\"}]},{\"@type\":\"WebSite\",\"@id\":\"https:\\\/\\\/jennipitko.fi\\\/koti\\\/#website\",\"url\":\"https:\\\/\\\/jennipitko.fi\\\/koti\\\/\",\"name\":\"Jenni Pitko - Vihreiden varapuheenjohtaja, ymp\u00e4rist\u00f6valiokunnan puheenjohtaja, kansanedustaja ja arkkitehti Oulusta\",\"description\":\"Jenni Pitko - Vihreiden varapuheenjohtaja, ymp\u00e4rist\u00f6valiokunnan puheenjohtaja, kansanedustaja ja arkkitehti Oulusta\",\"publisher\":{\"@id\":\"https:\\\/\\\/jennipitko.fi\\\/koti\\\/#organization\"},\"potentialAction\":[{\"@type\":\"SearchAction\",\"target\":{\"@type\":\"EntryPoint\",\"urlTemplate\":\"https:\\\/\\\/jennipitko.fi\\\/koti\\\/?s={search_term_string}\"},\"query-input\":{\"@type\":\"PropertyValueSpecification\",\"valueRequired\":true,\"valueName\":\"search_term_string\"}}],\"inLanguage\":\"fi\"},{\"@type\":\"Organization\",\"@id\":\"https:\\\/\\\/jennipitko.fi\\\/koti\\\/#organization\",\"name\":\"Jenni Pitko - Vihreiden varapuheenjohtaja, ymp\u00e4rist\u00f6valiokunnan puheenjohtaja, kansanedustaja ja arkkitehti Oulusta\",\"url\":\"https:\\\/\\\/jennipitko.fi\\\/koti\\\/\",\"logo\":{\"@type\":\"ImageObject\",\"inLanguage\":\"fi\",\"@id\":\"https:\\\/\\\/jennipitko.fi\\\/koti\\\/#\\\/schema\\\/logo\\\/image\\\/\",\"url\":\"https:\\\/\\\/jennipitko.fi\\\/koti\\\/wp-content\\\/uploads\\\/2025\\\/09\\\/Nimeton-malli-38.png\",\"contentUrl\":\"https:\\\/\\\/jennipitko.fi\\\/koti\\\/wp-content\\\/uploads\\\/2025\\\/09\\\/Nimeton-malli-38.png\",\"width\":1280,\"height\":847,\"caption\":\"Jenni Pitko - Vihreiden varapuheenjohtaja, ymp\u00e4rist\u00f6valiokunnan puheenjohtaja, kansanedustaja ja arkkitehti Oulusta\"},\"image\":{\"@id\":\"https:\\\/\\\/jennipitko.fi\\\/koti\\\/#\\\/schema\\\/logo\\\/image\\\/\"}},{\"@type\":\"Person\",\"@id\":\"https:\\\/\\\/jennipitko.fi\\\/koti\\\/#\\\/schema\\\/person\\\/35955c467f851f10124809310e7e7ee8\",\"name\":\"Jenni\",\"image\":{\"@type\":\"ImageObject\",\"inLanguage\":\"fi\",\"@id\":\"https:\\\/\\\/secure.gravatar.com\\\/avatar\\\/625a0e6413b293da7739d42617828d564a4d6028aec3f45d8939a2ba1617199f?s=96&d=blank&r=g\",\"url\":\"https:\\\/\\\/secure.gravatar.com\\\/avatar\\\/625a0e6413b293da7739d42617828d564a4d6028aec3f45d8939a2ba1617199f?s=96&d=blank&r=g\",\"contentUrl\":\"https:\\\/\\\/secure.gravatar.com\\\/avatar\\\/625a0e6413b293da7739d42617828d564a4d6028aec3f45d8939a2ba1617199f?s=96&d=blank&r=g\",\"caption\":\"Jenni\"},\"url\":\"https:\\\/\\\/jennipitko.fi\\\/koti\\\/author\\\/jenni\\\/\"}]}<\/script>\n<!-- \/ Yoast SEO plugin. -->","yoast_head_json":{"title":"Puheeni Vihreiden puoluekokouksessa 19.9.2020 - Jenni Pitko - Vihreiden varapuheenjohtaja, ymp\u00e4rist\u00f6valiokunnan puheenjohtaja, kansanedustaja ja arkkitehti Oulusta","robots":{"index":"index","follow":"follow","max-snippet":"max-snippet:-1","max-image-preview":"max-image-preview:large","max-video-preview":"max-video-preview:-1"},"canonical":"https:\/\/jennipitko.fi\/koti\/puheeni-vihreiden-puoluekokouksessa-19-9-2020\/","og_locale":"fi_FI","og_type":"article","og_title":"Puheeni Vihreiden puoluekokouksessa 19.9.2020 - Jenni Pitko - Vihreiden varapuheenjohtaja, ymp\u00e4rist\u00f6valiokunnan puheenjohtaja, kansanedustaja ja arkkitehti Oulusta","og_description":"Pidin avauspuheenvuoron Vihreiden puoluekokouksessa 19.9.2020. Lue puheeni kokonaisuudessaan alta tai katso Vihreiden Facebook-sivujen tallenteelta alkaen kohdasta 24.05. Rakkaat vihre\u00e4t yst\u00e4v\u00e4t,&nbsp; [&hellip;]","og_url":"https:\/\/jennipitko.fi\/koti\/puheeni-vihreiden-puoluekokouksessa-19-9-2020\/","og_site_name":"Jenni Pitko - Vihreiden varapuheenjohtaja, ymp\u00e4rist\u00f6valiokunnan puheenjohtaja, kansanedustaja ja arkkitehti Oulusta","article_published_time":"2020-09-19T06:18:00+00:00","article_modified_time":"2020-09-30T08:06:39+00:00","og_image":[{"width":2560,"height":1707,"url":"https:\/\/jennipitko.fi\/koti\/wp-content\/uploads\/2020\/09\/JenniPitko_1520-scaled.jpg","type":"image\/jpeg"}],"author":"Jenni","twitter_card":"summary_large_image","twitter_misc":{"Kirjoittanut":"Jenni","Arvioitu lukuaika":"7 minuuttia"},"schema":{"@context":"https:\/\/schema.org","@graph":[{"@type":"Article","@id":"https:\/\/jennipitko.fi\/koti\/puheeni-vihreiden-puoluekokouksessa-19-9-2020\/#article","isPartOf":{"@id":"https:\/\/jennipitko.fi\/koti\/puheeni-vihreiden-puoluekokouksessa-19-9-2020\/"},"author":{"name":"Jenni","@id":"https:\/\/jennipitko.fi\/koti\/#\/schema\/person\/35955c467f851f10124809310e7e7ee8"},"headline":"Puheeni Vihreiden puoluekokouksessa 19.9.2020","datePublished":"2020-09-19T06:18:00+00:00","dateModified":"2020-09-30T08:06:39+00:00","mainEntityOfPage":{"@id":"https:\/\/jennipitko.fi\/koti\/puheeni-vihreiden-puoluekokouksessa-19-9-2020\/"},"wordCount":1446,"publisher":{"@id":"https:\/\/jennipitko.fi\/koti\/#organization"},"keywords":["ilmastonmuutoksen torjunta","ilmastonmuutos","kaivokset","kaivoslaki","kaivostoiminta","korona","luonnon monimuotoisuus","luonnonsuojelu","luonnonvarat","luonto","maatalous","mets\u00e4","mets\u00e4talous","mielenterveys","puoluekokous"],"articleSection":["Blogi"],"inLanguage":"fi"},{"@type":"WebPage","@id":"https:\/\/jennipitko.fi\/koti\/puheeni-vihreiden-puoluekokouksessa-19-9-2020\/","url":"https:\/\/jennipitko.fi\/koti\/puheeni-vihreiden-puoluekokouksessa-19-9-2020\/","name":"Puheeni Vihreiden puoluekokouksessa 19.9.2020 - Jenni Pitko - Vihreiden varapuheenjohtaja, ymp\u00e4rist\u00f6valiokunnan puheenjohtaja, kansanedustaja ja arkkitehti Oulusta","isPartOf":{"@id":"https:\/\/jennipitko.fi\/koti\/#website"},"datePublished":"2020-09-19T06:18:00+00:00","dateModified":"2020-09-30T08:06:39+00:00","breadcrumb":{"@id":"https:\/\/jennipitko.fi\/koti\/puheeni-vihreiden-puoluekokouksessa-19-9-2020\/#breadcrumb"},"inLanguage":"fi","potentialAction":[{"@type":"ReadAction","target":["https:\/\/jennipitko.fi\/koti\/puheeni-vihreiden-puoluekokouksessa-19-9-2020\/"]}]},{"@type":"BreadcrumbList","@id":"https:\/\/jennipitko.fi\/koti\/puheeni-vihreiden-puoluekokouksessa-19-9-2020\/#breadcrumb","itemListElement":[{"@type":"ListItem","position":1,"name":"Home","item":"https:\/\/jennipitko.fi\/koti\/"},{"@type":"ListItem","position":2,"name":"Puheeni Vihreiden puoluekokouksessa 19.9.2020"}]},{"@type":"WebSite","@id":"https:\/\/jennipitko.fi\/koti\/#website","url":"https:\/\/jennipitko.fi\/koti\/","name":"Jenni Pitko - Vihreiden varapuheenjohtaja, ymp\u00e4rist\u00f6valiokunnan puheenjohtaja, kansanedustaja ja arkkitehti Oulusta","description":"Jenni Pitko - Vihreiden varapuheenjohtaja, ymp\u00e4rist\u00f6valiokunnan puheenjohtaja, kansanedustaja ja arkkitehti Oulusta","publisher":{"@id":"https:\/\/jennipitko.fi\/koti\/#organization"},"potentialAction":[{"@type":"SearchAction","target":{"@type":"EntryPoint","urlTemplate":"https:\/\/jennipitko.fi\/koti\/?s={search_term_string}"},"query-input":{"@type":"PropertyValueSpecification","valueRequired":true,"valueName":"search_term_string"}}],"inLanguage":"fi"},{"@type":"Organization","@id":"https:\/\/jennipitko.fi\/koti\/#organization","name":"Jenni Pitko - Vihreiden varapuheenjohtaja, ymp\u00e4rist\u00f6valiokunnan puheenjohtaja, kansanedustaja ja arkkitehti Oulusta","url":"https:\/\/jennipitko.fi\/koti\/","logo":{"@type":"ImageObject","inLanguage":"fi","@id":"https:\/\/jennipitko.fi\/koti\/#\/schema\/logo\/image\/","url":"https:\/\/jennipitko.fi\/koti\/wp-content\/uploads\/2025\/09\/Nimeton-malli-38.png","contentUrl":"https:\/\/jennipitko.fi\/koti\/wp-content\/uploads\/2025\/09\/Nimeton-malli-38.png","width":1280,"height":847,"caption":"Jenni Pitko - Vihreiden varapuheenjohtaja, ymp\u00e4rist\u00f6valiokunnan puheenjohtaja, kansanedustaja ja arkkitehti Oulusta"},"image":{"@id":"https:\/\/jennipitko.fi\/koti\/#\/schema\/logo\/image\/"}},{"@type":"Person","@id":"https:\/\/jennipitko.fi\/koti\/#\/schema\/person\/35955c467f851f10124809310e7e7ee8","name":"Jenni","image":{"@type":"ImageObject","inLanguage":"fi","@id":"https:\/\/secure.gravatar.com\/avatar\/625a0e6413b293da7739d42617828d564a4d6028aec3f45d8939a2ba1617199f?s=96&d=blank&r=g","url":"https:\/\/secure.gravatar.com\/avatar\/625a0e6413b293da7739d42617828d564a4d6028aec3f45d8939a2ba1617199f?s=96&d=blank&r=g","contentUrl":"https:\/\/secure.gravatar.com\/avatar\/625a0e6413b293da7739d42617828d564a4d6028aec3f45d8939a2ba1617199f?s=96&d=blank&r=g","caption":"Jenni"},"url":"https:\/\/jennipitko.fi\/koti\/author\/jenni\/"}]}},"_links":{"self":[{"href":"https:\/\/jennipitko.fi\/koti\/wp-json\/wp\/v2\/posts\/2355","targetHints":{"allow":["GET"]}}],"collection":[{"href":"https:\/\/jennipitko.fi\/koti\/wp-json\/wp\/v2\/posts"}],"about":[{"href":"https:\/\/jennipitko.fi\/koti\/wp-json\/wp\/v2\/types\/post"}],"author":[{"embeddable":true,"href":"https:\/\/jennipitko.fi\/koti\/wp-json\/wp\/v2\/users\/1"}],"replies":[{"embeddable":true,"href":"https:\/\/jennipitko.fi\/koti\/wp-json\/wp\/v2\/comments?post=2355"}],"version-history":[{"count":1,"href":"https:\/\/jennipitko.fi\/koti\/wp-json\/wp\/v2\/posts\/2355\/revisions"}],"predecessor-version":[{"id":2364,"href":"https:\/\/jennipitko.fi\/koti\/wp-json\/wp\/v2\/posts\/2355\/revisions\/2364"}],"wp:attachment":[{"href":"https:\/\/jennipitko.fi\/koti\/wp-json\/wp\/v2\/media?parent=2355"}],"wp:term":[{"taxonomy":"category","embeddable":true,"href":"https:\/\/jennipitko.fi\/koti\/wp-json\/wp\/v2\/categories?post=2355"},{"taxonomy":"post_tag","embeddable":true,"href":"https:\/\/jennipitko.fi\/koti\/wp-json\/wp\/v2\/tags?post=2355"}],"curies":[{"name":"wp","href":"https:\/\/api.w.org\/{rel}","templated":true}]}}