{"id":2359,"date":"2020-09-19T09:11:00","date_gmt":"2020-09-19T07:11:00","guid":{"rendered":"http:\/\/jennipitko.fi\/koti\/?p=2359"},"modified":"2020-09-23T09:14:56","modified_gmt":"2020-09-23T07:14:56","slug":"kaivoslaki-vaarassa-vesittya","status":"publish","type":"post","link":"https:\/\/jennipitko.fi\/koti\/kaivoslaki-vaarassa-vesittya\/","title":{"rendered":"Kaivoslaki vaarassa vesitty\u00e4"},"content":{"rendered":"\n<p>Vaadin Vihreiden puoluekokouksen avauspuheessani 19.9.2020 Suomeen aidosti kest\u00e4v\u00e4\u00e4 kaivoslakia. Alla tiedote puheestani. Koko puheen voit lukea <a href=\"http:\/\/jennipitko.fi\/koti\/puheeni-vihreiden-puoluekokouksessa-19-9-2020\/\">t\u00e4\u00e4ll\u00e4<\/a>.<br><br><strong>Vihre\u00e4n eduskuntaryhm\u00e4n puheenjohtaja Jenni Pitko vaati Suomeen aidosti kest\u00e4v\u00e4\u00e4 kaivoslakia puheessaan Vihreiden et\u00e4puoluekokouksessa 19.9.2020.<\/strong><\/p>\n\n\n\n<p>\u2013 Nykyinen kaivoslakimme ei suojaa paikallisia ihmisi\u00e4 eik\u00e4 ymp\u00e4rist\u00f6\u00e4. Laki on liian avok\u00e4tinen kaivostoimijoille ja se suorastaan kutsuu ylikansalliset yhti\u00f6t etsim\u00e4\u00e4n mineraaleja jopa luonnonsuojelualueiltamme. Edes kunnan arvio kokonaisedun vaarantumisesta ei voi kaivosta pys\u00e4ytt\u00e4\u00e4. Siksi kaivoslakia on uudistettava, Pitko sanoi.<\/p>\n\n\n\n<p>Pitkon mukaan uuden lain valmistelu ty\u00f6- ja elinkeinoministeri\u00f6ss\u00e4 on t\u00e4h\u00e4n menness\u00e4 ollut ep\u00e4luottamusta her\u00e4tt\u00e4v\u00e4\u00e4 ja suoranaisesti hallitusohjelman vastaista.<\/p>\n\n\n\n<p>\u2013 Meid\u00e4n on huolehdittava siit\u00e4, ettei uudistusta vesitet\u00e4, ja ett\u00e4 saamme Suomeen aidosti kest\u00e4v\u00e4n kaivoslain, joka turvaa sek\u00e4 paikallisten ihmisten elinmahdollisuudet, maisema-arvot ett\u00e4 luonnon monimuotoisuuden, Pitko sanoi puheessaan.<\/p>\n\n\n\n<p>Pitkon mukaan luonnon suojeleminen on parasta aluepolitiikkaa.<\/p>\n\n\n\n<p>\u2013 Luonto on suomalaisen sielunmaisema. Min\u00e4 ajattelen, ett\u00e4 luonnon suojelu kaikkialla Suomessa on parasta aluepolitiikkaa, sill\u00e4 ilman luontoa ei ole hyv\u00e4\u00e4 el\u00e4m\u00e4\u00e4, Pitko sanoi.<\/p>\n\n\n\n<p>\u2013 Olen todella ylpe\u00e4 siit\u00e4, miten me olemme t\u00e4t\u00e4 maata muuttaneet. Ilman meit\u00e4 ei luonnonsuojelun rahoitus olisi historiallisen korkealla, ei aloitettaisi lintuvesien kunnostusta, ei viimeisen vuoden aikana olisi suojeltu jo toista tuhatta hehtaaria soita, eik\u00e4 nyt kartoitettaisi, ennallistettaisi ja hoidettaisi perinnebiotooppeja ja muita t\u00e4rkeit\u00e4 elinymp\u00e4rist\u00f6j\u00e4 t\u00e4ss\u00e4 mittakaavassa, Pitko sanoi.<\/p>\n","protected":false},"excerpt":{"rendered":"<p>Vaadin Vihreiden puoluekokouksen avauspuheessani 19.9.2020 Suomeen aidosti kest\u00e4v\u00e4\u00e4 kaivoslakia. Alla tiedote puheestani. Koko puheen voit lukea t\u00e4\u00e4ll\u00e4. Vihre\u00e4n eduskuntaryhm\u00e4n puheenjohtaja [&hellip;]<\/p>\n","protected":false},"author":1,"featured_media":0,"comment_status":"closed","ping_status":"closed","sticky":false,"template":"","format":"standard","meta":{"_monsterinsights_skip_tracking":false,"_monsterinsights_sitenote_active":false,"_monsterinsights_sitenote_note":"","_monsterinsights_sitenote_category":0,"site-sidebar-layout":"default","site-content-layout":"","ast-site-content-layout":"default","site-content-style":"default","site-sidebar-style":"default","ast-global-header-display":"","ast-banner-title-visibility":"","ast-main-header-display":"","ast-hfb-above-header-display":"","ast-hfb-below-header-display":"","ast-hfb-mobile-header-display":"","site-post-title":"","ast-breadcrumbs-content":"","ast-featured-img":"","footer-sml-layout":"","ast-disable-related-posts":"","theme-transparent-header-meta":"","adv-header-id-meta":"","stick-header-meta":"","header-above-stick-meta":"","header-main-stick-meta":"","header-below-stick-meta":"","astra-migrate-meta-layouts":"default","ast-page-background-enabled":"default","ast-page-background-meta":{"desktop":{"background-color":"var(--ast-global-color-5)","background-image":"","background-repeat":"repeat","background-position":"center center","background-size":"auto","background-attachment":"scroll","background-type":"","background-media":"","overlay-type":"","overlay-color":"","overlay-opacity":"","overlay-gradient":""},"tablet":{"background-color":"","background-image":"","background-repeat":"repeat","background-position":"center center","background-size":"auto","background-attachment":"scroll","background-type":"","background-media":"","overlay-type":"","overlay-color":"","overlay-opacity":"","overlay-gradient":""},"mobile":{"background-color":"","background-image":"","background-repeat":"repeat","background-position":"center center","background-size":"auto","background-attachment":"scroll","background-type":"","background-media":"","overlay-type":"","overlay-color":"","overlay-opacity":"","overlay-gradient":""}},"ast-content-background-meta":{"desktop":{"background-color":"var(--ast-global-color-4)","background-image":"","background-repeat":"repeat","background-position":"center center","background-size":"auto","background-attachment":"scroll","background-type":"","background-media":"","overlay-type":"","overlay-color":"","overlay-opacity":"","overlay-gradient":""},"tablet":{"background-color":"var(--ast-global-color-4)","background-image":"","background-repeat":"repeat","background-position":"center center","background-size":"auto","background-attachment":"scroll","background-type":"","background-media":"","overlay-type":"","overlay-color":"","overlay-opacity":"","overlay-gradient":""},"mobile":{"background-color":"var(--ast-global-color-4)","background-image":"","background-repeat":"repeat","background-position":"center center","background-size":"auto","background-attachment":"scroll","background-type":"","background-media":"","overlay-type":"","overlay-color":"","overlay-opacity":"","overlay-gradient":""}},"footnotes":""},"categories":[2,117],"tags":[297,300,425],"class_list":["post-2359","post","type-post","status-publish","format-standard","hentry","category-blogi","category-tiedotteet","tag-kaivoslaki","tag-kaivostoiminta","tag-puoluekokous"],"yoast_head":"<!-- This site is optimized with the Yoast SEO plugin v27.5 - https:\/\/yoast.com\/product\/yoast-seo-wordpress\/ -->\n<title>Kaivoslaki vaarassa vesitty\u00e4 - Jenni Pitko - Vihreiden varapuheenjohtaja, ymp\u00e4rist\u00f6valiokunnan puheenjohtaja, kansanedustaja ja arkkitehti Oulusta<\/title>\n<meta name=\"robots\" content=\"index, follow, max-snippet:-1, max-image-preview:large, max-video-preview:-1\" \/>\n<link rel=\"canonical\" href=\"https:\/\/jennipitko.fi\/koti\/kaivoslaki-vaarassa-vesittya\/\" \/>\n<meta property=\"og:locale\" content=\"fi_FI\" \/>\n<meta property=\"og:type\" content=\"article\" \/>\n<meta property=\"og:title\" content=\"Kaivoslaki vaarassa vesitty\u00e4 - Jenni Pitko - Vihreiden varapuheenjohtaja, ymp\u00e4rist\u00f6valiokunnan puheenjohtaja, kansanedustaja ja arkkitehti Oulusta\" \/>\n<meta property=\"og:description\" content=\"Vaadin Vihreiden puoluekokouksen avauspuheessani 19.9.2020 Suomeen aidosti kest\u00e4v\u00e4\u00e4 kaivoslakia. Alla tiedote puheestani. Koko puheen voit lukea t\u00e4\u00e4ll\u00e4. Vihre\u00e4n eduskuntaryhm\u00e4n puheenjohtaja [&hellip;]\" \/>\n<meta property=\"og:url\" content=\"https:\/\/jennipitko.fi\/koti\/kaivoslaki-vaarassa-vesittya\/\" \/>\n<meta property=\"og:site_name\" content=\"Jenni Pitko - Vihreiden varapuheenjohtaja, ymp\u00e4rist\u00f6valiokunnan puheenjohtaja, kansanedustaja ja arkkitehti Oulusta\" \/>\n<meta property=\"article:published_time\" content=\"2020-09-19T07:11:00+00:00\" \/>\n<meta property=\"article:modified_time\" content=\"2020-09-23T07:14:56+00:00\" \/>\n<meta name=\"author\" content=\"Jenni\" \/>\n<meta name=\"twitter:card\" content=\"summary_large_image\" \/>\n<meta name=\"twitter:label1\" content=\"Kirjoittanut\" \/>\n\t<meta name=\"twitter:data1\" content=\"Jenni\" \/>\n\t<meta name=\"twitter:label2\" content=\"Arvioitu lukuaika\" \/>\n\t<meta name=\"twitter:data2\" content=\"1 minuutti\" \/>\n<script type=\"application\/ld+json\" class=\"yoast-schema-graph\">{\"@context\":\"https:\\\/\\\/schema.org\",\"@graph\":[{\"@type\":\"Article\",\"@id\":\"https:\\\/\\\/jennipitko.fi\\\/koti\\\/kaivoslaki-vaarassa-vesittya\\\/#article\",\"isPartOf\":{\"@id\":\"https:\\\/\\\/jennipitko.fi\\\/koti\\\/kaivoslaki-vaarassa-vesittya\\\/\"},\"author\":{\"name\":\"Jenni\",\"@id\":\"https:\\\/\\\/jennipitko.fi\\\/koti\\\/#\\\/schema\\\/person\\\/35955c467f851f10124809310e7e7ee8\"},\"headline\":\"Kaivoslaki vaarassa vesitty\u00e4\",\"datePublished\":\"2020-09-19T07:11:00+00:00\",\"dateModified\":\"2020-09-23T07:14:56+00:00\",\"mainEntityOfPage\":{\"@id\":\"https:\\\/\\\/jennipitko.fi\\\/koti\\\/kaivoslaki-vaarassa-vesittya\\\/\"},\"wordCount\":220,\"publisher\":{\"@id\":\"https:\\\/\\\/jennipitko.fi\\\/koti\\\/#organization\"},\"keywords\":[\"kaivoslaki\",\"kaivostoiminta\",\"puoluekokous\"],\"articleSection\":[\"Blogi\",\"Tiedotteet\"],\"inLanguage\":\"fi\"},{\"@type\":\"WebPage\",\"@id\":\"https:\\\/\\\/jennipitko.fi\\\/koti\\\/kaivoslaki-vaarassa-vesittya\\\/\",\"url\":\"https:\\\/\\\/jennipitko.fi\\\/koti\\\/kaivoslaki-vaarassa-vesittya\\\/\",\"name\":\"Kaivoslaki vaarassa vesitty\u00e4 - Jenni Pitko - Vihreiden varapuheenjohtaja, ymp\u00e4rist\u00f6valiokunnan puheenjohtaja, kansanedustaja ja arkkitehti Oulusta\",\"isPartOf\":{\"@id\":\"https:\\\/\\\/jennipitko.fi\\\/koti\\\/#website\"},\"datePublished\":\"2020-09-19T07:11:00+00:00\",\"dateModified\":\"2020-09-23T07:14:56+00:00\",\"breadcrumb\":{\"@id\":\"https:\\\/\\\/jennipitko.fi\\\/koti\\\/kaivoslaki-vaarassa-vesittya\\\/#breadcrumb\"},\"inLanguage\":\"fi\",\"potentialAction\":[{\"@type\":\"ReadAction\",\"target\":[\"https:\\\/\\\/jennipitko.fi\\\/koti\\\/kaivoslaki-vaarassa-vesittya\\\/\"]}]},{\"@type\":\"BreadcrumbList\",\"@id\":\"https:\\\/\\\/jennipitko.fi\\\/koti\\\/kaivoslaki-vaarassa-vesittya\\\/#breadcrumb\",\"itemListElement\":[{\"@type\":\"ListItem\",\"position\":1,\"name\":\"Home\",\"item\":\"https:\\\/\\\/jennipitko.fi\\\/koti\\\/\"},{\"@type\":\"ListItem\",\"position\":2,\"name\":\"Kaivoslaki vaarassa vesitty\u00e4\"}]},{\"@type\":\"WebSite\",\"@id\":\"https:\\\/\\\/jennipitko.fi\\\/koti\\\/#website\",\"url\":\"https:\\\/\\\/jennipitko.fi\\\/koti\\\/\",\"name\":\"Jenni Pitko - Vihreiden varapuheenjohtaja, ymp\u00e4rist\u00f6valiokunnan puheenjohtaja, kansanedustaja ja arkkitehti Oulusta\",\"description\":\"Jenni Pitko - Vihreiden varapuheenjohtaja, ymp\u00e4rist\u00f6valiokunnan puheenjohtaja, kansanedustaja ja arkkitehti Oulusta\",\"publisher\":{\"@id\":\"https:\\\/\\\/jennipitko.fi\\\/koti\\\/#organization\"},\"potentialAction\":[{\"@type\":\"SearchAction\",\"target\":{\"@type\":\"EntryPoint\",\"urlTemplate\":\"https:\\\/\\\/jennipitko.fi\\\/koti\\\/?s={search_term_string}\"},\"query-input\":{\"@type\":\"PropertyValueSpecification\",\"valueRequired\":true,\"valueName\":\"search_term_string\"}}],\"inLanguage\":\"fi\"},{\"@type\":\"Organization\",\"@id\":\"https:\\\/\\\/jennipitko.fi\\\/koti\\\/#organization\",\"name\":\"Jenni Pitko - Vihreiden varapuheenjohtaja, ymp\u00e4rist\u00f6valiokunnan puheenjohtaja, kansanedustaja ja arkkitehti Oulusta\",\"url\":\"https:\\\/\\\/jennipitko.fi\\\/koti\\\/\",\"logo\":{\"@type\":\"ImageObject\",\"inLanguage\":\"fi\",\"@id\":\"https:\\\/\\\/jennipitko.fi\\\/koti\\\/#\\\/schema\\\/logo\\\/image\\\/\",\"url\":\"https:\\\/\\\/jennipitko.fi\\\/koti\\\/wp-content\\\/uploads\\\/2025\\\/09\\\/Nimeton-malli-38.png\",\"contentUrl\":\"https:\\\/\\\/jennipitko.fi\\\/koti\\\/wp-content\\\/uploads\\\/2025\\\/09\\\/Nimeton-malli-38.png\",\"width\":1280,\"height\":847,\"caption\":\"Jenni Pitko - Vihreiden varapuheenjohtaja, ymp\u00e4rist\u00f6valiokunnan puheenjohtaja, kansanedustaja ja arkkitehti Oulusta\"},\"image\":{\"@id\":\"https:\\\/\\\/jennipitko.fi\\\/koti\\\/#\\\/schema\\\/logo\\\/image\\\/\"}},{\"@type\":\"Person\",\"@id\":\"https:\\\/\\\/jennipitko.fi\\\/koti\\\/#\\\/schema\\\/person\\\/35955c467f851f10124809310e7e7ee8\",\"name\":\"Jenni\",\"image\":{\"@type\":\"ImageObject\",\"inLanguage\":\"fi\",\"@id\":\"https:\\\/\\\/secure.gravatar.com\\\/avatar\\\/625a0e6413b293da7739d42617828d564a4d6028aec3f45d8939a2ba1617199f?s=96&d=blank&r=g\",\"url\":\"https:\\\/\\\/secure.gravatar.com\\\/avatar\\\/625a0e6413b293da7739d42617828d564a4d6028aec3f45d8939a2ba1617199f?s=96&d=blank&r=g\",\"contentUrl\":\"https:\\\/\\\/secure.gravatar.com\\\/avatar\\\/625a0e6413b293da7739d42617828d564a4d6028aec3f45d8939a2ba1617199f?s=96&d=blank&r=g\",\"caption\":\"Jenni\"},\"url\":\"https:\\\/\\\/jennipitko.fi\\\/koti\\\/author\\\/jenni\\\/\"}]}<\/script>\n<!-- \/ Yoast SEO plugin. -->","yoast_head_json":{"title":"Kaivoslaki vaarassa vesitty\u00e4 - Jenni Pitko - Vihreiden varapuheenjohtaja, ymp\u00e4rist\u00f6valiokunnan puheenjohtaja, kansanedustaja ja arkkitehti Oulusta","robots":{"index":"index","follow":"follow","max-snippet":"max-snippet:-1","max-image-preview":"max-image-preview:large","max-video-preview":"max-video-preview:-1"},"canonical":"https:\/\/jennipitko.fi\/koti\/kaivoslaki-vaarassa-vesittya\/","og_locale":"fi_FI","og_type":"article","og_title":"Kaivoslaki vaarassa vesitty\u00e4 - Jenni Pitko - Vihreiden varapuheenjohtaja, ymp\u00e4rist\u00f6valiokunnan puheenjohtaja, kansanedustaja ja arkkitehti Oulusta","og_description":"Vaadin Vihreiden puoluekokouksen avauspuheessani 19.9.2020 Suomeen aidosti kest\u00e4v\u00e4\u00e4 kaivoslakia. Alla tiedote puheestani. Koko puheen voit lukea t\u00e4\u00e4ll\u00e4. Vihre\u00e4n eduskuntaryhm\u00e4n puheenjohtaja [&hellip;]","og_url":"https:\/\/jennipitko.fi\/koti\/kaivoslaki-vaarassa-vesittya\/","og_site_name":"Jenni Pitko - Vihreiden varapuheenjohtaja, ymp\u00e4rist\u00f6valiokunnan puheenjohtaja, kansanedustaja ja arkkitehti Oulusta","article_published_time":"2020-09-19T07:11:00+00:00","article_modified_time":"2020-09-23T07:14:56+00:00","author":"Jenni","twitter_card":"summary_large_image","twitter_misc":{"Kirjoittanut":"Jenni","Arvioitu lukuaika":"1 minuutti"},"schema":{"@context":"https:\/\/schema.org","@graph":[{"@type":"Article","@id":"https:\/\/jennipitko.fi\/koti\/kaivoslaki-vaarassa-vesittya\/#article","isPartOf":{"@id":"https:\/\/jennipitko.fi\/koti\/kaivoslaki-vaarassa-vesittya\/"},"author":{"name":"Jenni","@id":"https:\/\/jennipitko.fi\/koti\/#\/schema\/person\/35955c467f851f10124809310e7e7ee8"},"headline":"Kaivoslaki vaarassa vesitty\u00e4","datePublished":"2020-09-19T07:11:00+00:00","dateModified":"2020-09-23T07:14:56+00:00","mainEntityOfPage":{"@id":"https:\/\/jennipitko.fi\/koti\/kaivoslaki-vaarassa-vesittya\/"},"wordCount":220,"publisher":{"@id":"https:\/\/jennipitko.fi\/koti\/#organization"},"keywords":["kaivoslaki","kaivostoiminta","puoluekokous"],"articleSection":["Blogi","Tiedotteet"],"inLanguage":"fi"},{"@type":"WebPage","@id":"https:\/\/jennipitko.fi\/koti\/kaivoslaki-vaarassa-vesittya\/","url":"https:\/\/jennipitko.fi\/koti\/kaivoslaki-vaarassa-vesittya\/","name":"Kaivoslaki vaarassa vesitty\u00e4 - Jenni Pitko - Vihreiden varapuheenjohtaja, ymp\u00e4rist\u00f6valiokunnan puheenjohtaja, kansanedustaja ja arkkitehti Oulusta","isPartOf":{"@id":"https:\/\/jennipitko.fi\/koti\/#website"},"datePublished":"2020-09-19T07:11:00+00:00","dateModified":"2020-09-23T07:14:56+00:00","breadcrumb":{"@id":"https:\/\/jennipitko.fi\/koti\/kaivoslaki-vaarassa-vesittya\/#breadcrumb"},"inLanguage":"fi","potentialAction":[{"@type":"ReadAction","target":["https:\/\/jennipitko.fi\/koti\/kaivoslaki-vaarassa-vesittya\/"]}]},{"@type":"BreadcrumbList","@id":"https:\/\/jennipitko.fi\/koti\/kaivoslaki-vaarassa-vesittya\/#breadcrumb","itemListElement":[{"@type":"ListItem","position":1,"name":"Home","item":"https:\/\/jennipitko.fi\/koti\/"},{"@type":"ListItem","position":2,"name":"Kaivoslaki vaarassa vesitty\u00e4"}]},{"@type":"WebSite","@id":"https:\/\/jennipitko.fi\/koti\/#website","url":"https:\/\/jennipitko.fi\/koti\/","name":"Jenni Pitko - Vihreiden varapuheenjohtaja, ymp\u00e4rist\u00f6valiokunnan puheenjohtaja, kansanedustaja ja arkkitehti Oulusta","description":"Jenni Pitko - Vihreiden varapuheenjohtaja, ymp\u00e4rist\u00f6valiokunnan puheenjohtaja, kansanedustaja ja arkkitehti Oulusta","publisher":{"@id":"https:\/\/jennipitko.fi\/koti\/#organization"},"potentialAction":[{"@type":"SearchAction","target":{"@type":"EntryPoint","urlTemplate":"https:\/\/jennipitko.fi\/koti\/?s={search_term_string}"},"query-input":{"@type":"PropertyValueSpecification","valueRequired":true,"valueName":"search_term_string"}}],"inLanguage":"fi"},{"@type":"Organization","@id":"https:\/\/jennipitko.fi\/koti\/#organization","name":"Jenni Pitko - Vihreiden varapuheenjohtaja, ymp\u00e4rist\u00f6valiokunnan puheenjohtaja, kansanedustaja ja arkkitehti Oulusta","url":"https:\/\/jennipitko.fi\/koti\/","logo":{"@type":"ImageObject","inLanguage":"fi","@id":"https:\/\/jennipitko.fi\/koti\/#\/schema\/logo\/image\/","url":"https:\/\/jennipitko.fi\/koti\/wp-content\/uploads\/2025\/09\/Nimeton-malli-38.png","contentUrl":"https:\/\/jennipitko.fi\/koti\/wp-content\/uploads\/2025\/09\/Nimeton-malli-38.png","width":1280,"height":847,"caption":"Jenni Pitko - Vihreiden varapuheenjohtaja, ymp\u00e4rist\u00f6valiokunnan puheenjohtaja, kansanedustaja ja arkkitehti Oulusta"},"image":{"@id":"https:\/\/jennipitko.fi\/koti\/#\/schema\/logo\/image\/"}},{"@type":"Person","@id":"https:\/\/jennipitko.fi\/koti\/#\/schema\/person\/35955c467f851f10124809310e7e7ee8","name":"Jenni","image":{"@type":"ImageObject","inLanguage":"fi","@id":"https:\/\/secure.gravatar.com\/avatar\/625a0e6413b293da7739d42617828d564a4d6028aec3f45d8939a2ba1617199f?s=96&d=blank&r=g","url":"https:\/\/secure.gravatar.com\/avatar\/625a0e6413b293da7739d42617828d564a4d6028aec3f45d8939a2ba1617199f?s=96&d=blank&r=g","contentUrl":"https:\/\/secure.gravatar.com\/avatar\/625a0e6413b293da7739d42617828d564a4d6028aec3f45d8939a2ba1617199f?s=96&d=blank&r=g","caption":"Jenni"},"url":"https:\/\/jennipitko.fi\/koti\/author\/jenni\/"}]}},"_links":{"self":[{"href":"https:\/\/jennipitko.fi\/koti\/wp-json\/wp\/v2\/posts\/2359","targetHints":{"allow":["GET"]}}],"collection":[{"href":"https:\/\/jennipitko.fi\/koti\/wp-json\/wp\/v2\/posts"}],"about":[{"href":"https:\/\/jennipitko.fi\/koti\/wp-json\/wp\/v2\/types\/post"}],"author":[{"embeddable":true,"href":"https:\/\/jennipitko.fi\/koti\/wp-json\/wp\/v2\/users\/1"}],"replies":[{"embeddable":true,"href":"https:\/\/jennipitko.fi\/koti\/wp-json\/wp\/v2\/comments?post=2359"}],"version-history":[{"count":1,"href":"https:\/\/jennipitko.fi\/koti\/wp-json\/wp\/v2\/posts\/2359\/revisions"}],"predecessor-version":[{"id":2360,"href":"https:\/\/jennipitko.fi\/koti\/wp-json\/wp\/v2\/posts\/2359\/revisions\/2360"}],"wp:attachment":[{"href":"https:\/\/jennipitko.fi\/koti\/wp-json\/wp\/v2\/media?parent=2359"}],"wp:term":[{"taxonomy":"category","embeddable":true,"href":"https:\/\/jennipitko.fi\/koti\/wp-json\/wp\/v2\/categories?post=2359"},{"taxonomy":"post_tag","embeddable":true,"href":"https:\/\/jennipitko.fi\/koti\/wp-json\/wp\/v2\/tags?post=2359"}],"curies":[{"name":"wp","href":"https:\/\/api.w.org\/{rel}","templated":true}]}}