{"id":2365,"date":"2020-09-29T10:06:00","date_gmt":"2020-09-29T08:06:00","guid":{"rendered":"http:\/\/jennipitko.fi\/koti\/?p=2365"},"modified":"2020-09-30T10:11:46","modified_gmt":"2020-09-30T08:11:46","slug":"kalanviljelyn-ravinnepaastoja-leikattava-itamerirehulla","status":"publish","type":"post","link":"https:\/\/jennipitko.fi\/koti\/kalanviljelyn-ravinnepaastoja-leikattava-itamerirehulla\/","title":{"rendered":"Kalanviljelyn ravinnep\u00e4\u00e4st\u00f6j\u00e4 leikattava it\u00e4merirehulla"},"content":{"rendered":"\n<p>Rakas It\u00e4meremme on yksi maailman huonoimmin voivista merialueista. Vuosikymmenien ty\u00f6st\u00e4 huolimatta rehev\u00f6itymist\u00e4 ei ole onnistuttu pys\u00e4ytt\u00e4m\u00e4\u00e4n ja It\u00e4meren tila on edelleen kehno. <\/p>\n\n\n\n<p>Vaikka Oulussa olemmekin onneksi v\u00e4lttyneet pahimmilta sinilev\u00e4lautoilta, on toimia It\u00e4meren rehev\u00f6itymisen pys\u00e4ytt\u00e4miseksi tehostettava. Siksi j\u00e4timme eilen Satu Hassin kanssa kirjallisen kysymyksen, jossa ehdotamme kalanviljelyn ravinnep\u00e4\u00e4st\u00f6jen pienent\u00e4mist\u00e4 niin sanotun it\u00e4merirehun avulla. <\/p>\n\n\n\n<p>Nykyisin suuri osa Suomessa kasvatettavista kaloista ruokitaan ulkomailta tuodun kalanrehun avulla, mik\u00e4 voimistaa It\u00e4meren rehev\u00f6itymist\u00e4. Kotimaisista It\u00e4merest\u00e4 kalastatetuista kaloista valmistettavalla rehulla sen sijaan ei olisi yht\u00e4 voimakasta ravinteita lis\u00e4\u00e4v\u00e4\u00e4 ja rehev\u00f6itt\u00e4v\u00e4\u00e4 vaikutusta. It\u00e4merirehua k\u00e4ytt\u00e4m\u00e4ll\u00e4 merest\u00e4 voitaisiin jopa poistaa ravinteita, koska osa ravinteista poistuisi kasvatettujen kalojen mukana meriymp\u00e4rist\u00f6st\u00e4.<\/p>\n\n\n\n<p>It\u00e4merirehun k\u00e4yt\u00f6n lis\u00e4\u00e4misest\u00e4 on sovittu hallitusohjelmassa, joten toivomme, ett\u00e4 maa- ja mets\u00e4talousministeri\u00f6 ryhtyy pikaisesti toimiin sen k\u00e4yt\u00f6n edist\u00e4miseksi. It\u00e4meren tilan parantamiseksi on k\u00e4ytett\u00e4v\u00e4 kaikki olemassa olevat keinot ja samalla turvattava kotimaisen kalantuotannon kest\u00e4vyys!\u2800<\/p>\n\n\n\n<p><strong>Lue koko kirjallinen kysymyksemme alta:<\/strong><\/p>\n\n\n\n<p>Kirjallinen kysymys it\u00e4merirehun k\u00e4yt\u00f6n edist\u00e4misest\u00e4 kalanviljelyss\u00e4<\/p>\n\n\n\n<p>Eduskunnan puhemiehelle,<\/p>\n\n\n\n<p>Rehev\u00f6ityminen on It\u00e4meren vakavin ymp\u00e4rist\u00f6ongelma. Se v\u00e4hent\u00e4\u00e4 meriluonnon monimuotoisuutta ja h\u00e4iritsee meren virkistysk\u00e4ytt\u00f6\u00e4. Huolimatta vuosien ty\u00f6st\u00e4 rehev\u00f6itymisen est\u00e4miseksi, meriymp\u00e4rist\u00f6n tila ei ole merkitt\u00e4v\u00e4sti parantunut. On selv\u00e4\u00e4, ett\u00e4 ty\u00f6t\u00e4 It\u00e4meren rehev\u00f6itymisen hillitsemiseksi on tehostettava.<\/p>\n\n\n\n<p>Hallitus on sitoutunut pys\u00e4ytt\u00e4m\u00e4\u00e4n luonnon monimuotoisuuden hupenemisen ja parantamaan It\u00e4meren tilaa. Yksi hallitusohjelmassa sovituista keinoista It\u00e4meren rehev\u00f6itymisen hillitsemiseksi on v\u00e4hent\u00e4\u00e4 kalanviljelyn aiheuttamaa ravinnekuormitusta. Kalanviljely muodostaa merialueesta riippuen noin 1\u20133 prosenttia ihmisen aiheuttamasta ravinnekuormituksesta Suomessa.<br><br>Kalanviljelyn ravinnep\u00e4\u00e4st\u00f6t aiheutuvat muun muassa kaloille sy\u00f6tett\u00e4v\u00e4st\u00e4 kalarehusta, johon sitoutuneita ravinteita p\u00e4\u00e4tyy mereen joko suoraan tai viljelykalojen ruuansulatuksen kautta. Viimeisen 15 vuoden aikana kalanviljelyn ravinnep\u00e4\u00e4st\u00f6t ovat puolittuneet, mutta p\u00e4\u00e4st\u00f6j\u00e4 voidaan leikata edelleen kasvattamalla niin kutsutun it\u00e4merirehun osuutta viljelykaloille sy\u00f6tett\u00e4v\u00e4st\u00e4 rehusta.<\/p>\n\n\n\n<p>It\u00e4merirehulla tarkoitetaan rehua, jonka raaka-aineena k\u00e4ytett\u00e4v\u00e4 kala on kalastettu It\u00e4merest\u00e4. T\u00e4ll\u00e4 hetkell\u00e4 suuri osa suomalaisessa kalankasvatuksessa k\u00e4ytett\u00e4v\u00e4n rehun raaka-aineista tuodaan ulkomailta. Ulkomailta tuodun rehun k\u00e4ytt\u00f6 kasvattaa ravinteiden m\u00e4\u00e4r\u00e4\u00e4 It\u00e4meress\u00e4. It\u00e4merest\u00e4 kalastetusta kalasta valmistetun rehun k\u00e4ytt\u00f6 sen sijaan ei lis\u00e4\u00e4 ravinteita It\u00e4meress\u00e4, joskin se voi siirt\u00e4\u00e4 ravinteita merialueelta toiselle.<\/p>\n\n\n\n<p>Kalarehun sitomista ravinteista osa poistuu kasvatettavien kalojen mukana kokonaan meriymp\u00e4rist\u00f6st\u00e4. It\u00e4merirehun avulla voidaankin poistaa merest\u00e4 ravinteita, kun huolehditaan samalla siit\u00e4, ett\u00e4 it\u00e4merirehun k\u00e4yt\u00f6n lis\u00e4\u00e4minen kasvattaa my\u00f6s rehun raaka-aineena k\u00e4ytett\u00e4vien kalojen kalastusta. Jos it\u00e4merirehun k\u00e4yt\u00f6n lis\u00e4\u00e4minen ei kasvattaisi saalism\u00e4\u00e4ri\u00e4, kalojen sitomat ravinteet poistettaisiin nykyisen kalasaaliin mukana merest\u00e4 joka tapauksessa.&nbsp;<\/p>\n\n\n\n<p>Hallitusohjelmassa on linjattu it\u00e4merirehun k\u00e4yt\u00f6n lis\u00e4\u00e4misest\u00e4 sek\u00e4 siit\u00e4, ett\u00e4 hallitus luo kannusteita ravinnep\u00e4\u00e4st\u00f6j\u00e4 v\u00e4hent\u00e4ville kiertotalouteen perustuville ratkaisulle kalankasvatuksessa. Yksi mahdollisuus on ottaa it\u00e4merirehun k\u00e4ytt\u00f6 huomioon kalanviljelylaitosten ymp\u00e4rist\u00f6luvituksessa.\u00a0<br><br>Edell\u00e4 olevan perusteella ja eduskunnan ty\u00f6j\u00e4rjestyksen 27 \u00a7:\u00e4\u00e4n viitaten esit\u00e4mme asianomaisen ministerin vastattavaksi seuraavat kysymykset:\u00a0<br><br><em>Millaisia kannusteita hallitus aikoo ottaa k\u00e4ytt\u00f6\u00f6n edist\u00e4\u00e4kseen it\u00e4merirehun k\u00e4ytt\u00f6\u00e4 kalanviljelyss\u00e4 tai mill\u00e4 muilla tavoilla hallitus aikoo edist\u00e4\u00e4 it\u00e4merirehun k\u00e4ytt\u00f6\u00e4?<\/em><br><br>Helsingiss\u00e4 29.9.2020<br>Jenni Pitko vihr.<br>Satu Hassi vihr.<\/p>\n","protected":false},"excerpt":{"rendered":"<p>Rakas It\u00e4meremme on yksi maailman huonoimmin voivista merialueista. Vuosikymmenien ty\u00f6st\u00e4 huolimatta rehev\u00f6itymist\u00e4 ei ole onnistuttu pys\u00e4ytt\u00e4m\u00e4\u00e4n ja It\u00e4meren tila on [&hellip;]<\/p>\n","protected":false},"author":1,"featured_media":0,"comment_status":"closed","ping_status":"closed","sticky":false,"template":"","format":"standard","meta":{"_monsterinsights_skip_tracking":false,"_monsterinsights_sitenote_active":false,"_monsterinsights_sitenote_note":"","_monsterinsights_sitenote_category":0,"site-sidebar-layout":"default","site-content-layout":"","ast-site-content-layout":"default","site-content-style":"default","site-sidebar-style":"default","ast-global-header-display":"","ast-banner-title-visibility":"","ast-main-header-display":"","ast-hfb-above-header-display":"","ast-hfb-below-header-display":"","ast-hfb-mobile-header-display":"","site-post-title":"","ast-breadcrumbs-content":"","ast-featured-img":"","footer-sml-layout":"","ast-disable-related-posts":"","theme-transparent-header-meta":"","adv-header-id-meta":"","stick-header-meta":"","header-above-stick-meta":"","header-main-stick-meta":"","header-below-stick-meta":"","astra-migrate-meta-layouts":"default","ast-page-background-enabled":"default","ast-page-background-meta":{"desktop":{"background-color":"var(--ast-global-color-5)","background-image":"","background-repeat":"repeat","background-position":"center center","background-size":"auto","background-attachment":"scroll","background-type":"","background-media":"","overlay-type":"","overlay-color":"","overlay-opacity":"","overlay-gradient":""},"tablet":{"background-color":"","background-image":"","background-repeat":"repeat","background-position":"center center","background-size":"auto","background-attachment":"scroll","background-type":"","background-media":"","overlay-type":"","overlay-color":"","overlay-opacity":"","overlay-gradient":""},"mobile":{"background-color":"","background-image":"","background-repeat":"repeat","background-position":"center center","background-size":"auto","background-attachment":"scroll","background-type":"","background-media":"","overlay-type":"","overlay-color":"","overlay-opacity":"","overlay-gradient":""}},"ast-content-background-meta":{"desktop":{"background-color":"var(--ast-global-color-4)","background-image":"","background-repeat":"repeat","background-position":"center center","background-size":"auto","background-attachment":"scroll","background-type":"","background-media":"","overlay-type":"","overlay-color":"","overlay-opacity":"","overlay-gradient":""},"tablet":{"background-color":"var(--ast-global-color-4)","background-image":"","background-repeat":"repeat","background-position":"center center","background-size":"auto","background-attachment":"scroll","background-type":"","background-media":"","overlay-type":"","overlay-color":"","overlay-opacity":"","overlay-gradient":""},"mobile":{"background-color":"var(--ast-global-color-4)","background-image":"","background-repeat":"repeat","background-position":"center center","background-size":"auto","background-attachment":"scroll","background-type":"","background-media":"","overlay-type":"","overlay-color":"","overlay-opacity":"","overlay-gradient":""}},"footnotes":""},"categories":[2,117,359],"tags":[388,426,427,344,100,101],"class_list":["post-2365","post","type-post","status-publish","format-standard","hentry","category-blogi","category-tiedotteet","category-valtiopaivatoimet","tag-itameri","tag-kalankasvatus","tag-kalanviljely","tag-luonnon-monimuotoisuus","tag-ruoka","tag-ruokapolitiikka"],"yoast_head":"<!-- This site is optimized with the Yoast SEO plugin v27.5 - https:\/\/yoast.com\/product\/yoast-seo-wordpress\/ -->\n<title>Kalanviljelyn ravinnep\u00e4\u00e4st\u00f6j\u00e4 leikattava it\u00e4merirehulla - Jenni Pitko - Vihreiden varapuheenjohtaja, ymp\u00e4rist\u00f6valiokunnan puheenjohtaja, kansanedustaja ja arkkitehti Oulusta<\/title>\n<meta name=\"robots\" content=\"index, follow, max-snippet:-1, max-image-preview:large, max-video-preview:-1\" \/>\n<link rel=\"canonical\" href=\"https:\/\/jennipitko.fi\/koti\/kalanviljelyn-ravinnepaastoja-leikattava-itamerirehulla\/\" \/>\n<meta property=\"og:locale\" content=\"fi_FI\" \/>\n<meta property=\"og:type\" content=\"article\" \/>\n<meta property=\"og:title\" content=\"Kalanviljelyn ravinnep\u00e4\u00e4st\u00f6j\u00e4 leikattava it\u00e4merirehulla - Jenni Pitko - Vihreiden varapuheenjohtaja, ymp\u00e4rist\u00f6valiokunnan puheenjohtaja, kansanedustaja ja arkkitehti Oulusta\" \/>\n<meta property=\"og:description\" content=\"Rakas It\u00e4meremme on yksi maailman huonoimmin voivista merialueista. Vuosikymmenien ty\u00f6st\u00e4 huolimatta rehev\u00f6itymist\u00e4 ei ole onnistuttu pys\u00e4ytt\u00e4m\u00e4\u00e4n ja It\u00e4meren tila on [&hellip;]\" \/>\n<meta property=\"og:url\" content=\"https:\/\/jennipitko.fi\/koti\/kalanviljelyn-ravinnepaastoja-leikattava-itamerirehulla\/\" \/>\n<meta property=\"og:site_name\" content=\"Jenni Pitko - Vihreiden varapuheenjohtaja, ymp\u00e4rist\u00f6valiokunnan puheenjohtaja, kansanedustaja ja arkkitehti Oulusta\" \/>\n<meta property=\"article:published_time\" content=\"2020-09-29T08:06:00+00:00\" \/>\n<meta property=\"article:modified_time\" content=\"2020-09-30T08:11:46+00:00\" \/>\n<meta name=\"author\" content=\"Jenni\" \/>\n<meta name=\"twitter:card\" content=\"summary_large_image\" \/>\n<meta name=\"twitter:label1\" content=\"Kirjoittanut\" \/>\n\t<meta name=\"twitter:data1\" content=\"Jenni\" \/>\n\t<meta name=\"twitter:label2\" content=\"Arvioitu lukuaika\" \/>\n\t<meta name=\"twitter:data2\" content=\"3 minuuttia\" \/>\n<script type=\"application\/ld+json\" class=\"yoast-schema-graph\">{\"@context\":\"https:\\\/\\\/schema.org\",\"@graph\":[{\"@type\":\"Article\",\"@id\":\"https:\\\/\\\/jennipitko.fi\\\/koti\\\/kalanviljelyn-ravinnepaastoja-leikattava-itamerirehulla\\\/#article\",\"isPartOf\":{\"@id\":\"https:\\\/\\\/jennipitko.fi\\\/koti\\\/kalanviljelyn-ravinnepaastoja-leikattava-itamerirehulla\\\/\"},\"author\":{\"name\":\"Jenni\",\"@id\":\"https:\\\/\\\/jennipitko.fi\\\/koti\\\/#\\\/schema\\\/person\\\/35955c467f851f10124809310e7e7ee8\"},\"headline\":\"Kalanviljelyn ravinnep\u00e4\u00e4st\u00f6j\u00e4 leikattava it\u00e4merirehulla\",\"datePublished\":\"2020-09-29T08:06:00+00:00\",\"dateModified\":\"2020-09-30T08:11:46+00:00\",\"mainEntityOfPage\":{\"@id\":\"https:\\\/\\\/jennipitko.fi\\\/koti\\\/kalanviljelyn-ravinnepaastoja-leikattava-itamerirehulla\\\/\"},\"wordCount\":556,\"publisher\":{\"@id\":\"https:\\\/\\\/jennipitko.fi\\\/koti\\\/#organization\"},\"keywords\":[\"it\u00e4meri\",\"kalankasvatus\",\"kalanviljely\",\"luonnon monimuotoisuus\",\"ruoka\",\"ruokapolitiikka\"],\"articleSection\":[\"Blogi\",\"Tiedotteet\",\"Valtiop\u00e4iv\u00e4toimet\"],\"inLanguage\":\"fi\"},{\"@type\":\"WebPage\",\"@id\":\"https:\\\/\\\/jennipitko.fi\\\/koti\\\/kalanviljelyn-ravinnepaastoja-leikattava-itamerirehulla\\\/\",\"url\":\"https:\\\/\\\/jennipitko.fi\\\/koti\\\/kalanviljelyn-ravinnepaastoja-leikattava-itamerirehulla\\\/\",\"name\":\"Kalanviljelyn ravinnep\u00e4\u00e4st\u00f6j\u00e4 leikattava it\u00e4merirehulla - Jenni Pitko - Vihreiden varapuheenjohtaja, ymp\u00e4rist\u00f6valiokunnan puheenjohtaja, kansanedustaja ja arkkitehti Oulusta\",\"isPartOf\":{\"@id\":\"https:\\\/\\\/jennipitko.fi\\\/koti\\\/#website\"},\"datePublished\":\"2020-09-29T08:06:00+00:00\",\"dateModified\":\"2020-09-30T08:11:46+00:00\",\"breadcrumb\":{\"@id\":\"https:\\\/\\\/jennipitko.fi\\\/koti\\\/kalanviljelyn-ravinnepaastoja-leikattava-itamerirehulla\\\/#breadcrumb\"},\"inLanguage\":\"fi\",\"potentialAction\":[{\"@type\":\"ReadAction\",\"target\":[\"https:\\\/\\\/jennipitko.fi\\\/koti\\\/kalanviljelyn-ravinnepaastoja-leikattava-itamerirehulla\\\/\"]}]},{\"@type\":\"BreadcrumbList\",\"@id\":\"https:\\\/\\\/jennipitko.fi\\\/koti\\\/kalanviljelyn-ravinnepaastoja-leikattava-itamerirehulla\\\/#breadcrumb\",\"itemListElement\":[{\"@type\":\"ListItem\",\"position\":1,\"name\":\"Home\",\"item\":\"https:\\\/\\\/jennipitko.fi\\\/koti\\\/\"},{\"@type\":\"ListItem\",\"position\":2,\"name\":\"Kalanviljelyn ravinnep\u00e4\u00e4st\u00f6j\u00e4 leikattava it\u00e4merirehulla\"}]},{\"@type\":\"WebSite\",\"@id\":\"https:\\\/\\\/jennipitko.fi\\\/koti\\\/#website\",\"url\":\"https:\\\/\\\/jennipitko.fi\\\/koti\\\/\",\"name\":\"Jenni Pitko - Vihreiden varapuheenjohtaja, ymp\u00e4rist\u00f6valiokunnan puheenjohtaja, kansanedustaja ja arkkitehti Oulusta\",\"description\":\"Jenni Pitko - Vihreiden varapuheenjohtaja, ymp\u00e4rist\u00f6valiokunnan puheenjohtaja, kansanedustaja ja arkkitehti Oulusta\",\"publisher\":{\"@id\":\"https:\\\/\\\/jennipitko.fi\\\/koti\\\/#organization\"},\"potentialAction\":[{\"@type\":\"SearchAction\",\"target\":{\"@type\":\"EntryPoint\",\"urlTemplate\":\"https:\\\/\\\/jennipitko.fi\\\/koti\\\/?s={search_term_string}\"},\"query-input\":{\"@type\":\"PropertyValueSpecification\",\"valueRequired\":true,\"valueName\":\"search_term_string\"}}],\"inLanguage\":\"fi\"},{\"@type\":\"Organization\",\"@id\":\"https:\\\/\\\/jennipitko.fi\\\/koti\\\/#organization\",\"name\":\"Jenni Pitko - Vihreiden varapuheenjohtaja, ymp\u00e4rist\u00f6valiokunnan puheenjohtaja, kansanedustaja ja arkkitehti Oulusta\",\"url\":\"https:\\\/\\\/jennipitko.fi\\\/koti\\\/\",\"logo\":{\"@type\":\"ImageObject\",\"inLanguage\":\"fi\",\"@id\":\"https:\\\/\\\/jennipitko.fi\\\/koti\\\/#\\\/schema\\\/logo\\\/image\\\/\",\"url\":\"https:\\\/\\\/jennipitko.fi\\\/koti\\\/wp-content\\\/uploads\\\/2025\\\/09\\\/Nimeton-malli-38.png\",\"contentUrl\":\"https:\\\/\\\/jennipitko.fi\\\/koti\\\/wp-content\\\/uploads\\\/2025\\\/09\\\/Nimeton-malli-38.png\",\"width\":1280,\"height\":847,\"caption\":\"Jenni Pitko - Vihreiden varapuheenjohtaja, ymp\u00e4rist\u00f6valiokunnan puheenjohtaja, kansanedustaja ja arkkitehti Oulusta\"},\"image\":{\"@id\":\"https:\\\/\\\/jennipitko.fi\\\/koti\\\/#\\\/schema\\\/logo\\\/image\\\/\"}},{\"@type\":\"Person\",\"@id\":\"https:\\\/\\\/jennipitko.fi\\\/koti\\\/#\\\/schema\\\/person\\\/35955c467f851f10124809310e7e7ee8\",\"name\":\"Jenni\",\"image\":{\"@type\":\"ImageObject\",\"inLanguage\":\"fi\",\"@id\":\"https:\\\/\\\/secure.gravatar.com\\\/avatar\\\/625a0e6413b293da7739d42617828d564a4d6028aec3f45d8939a2ba1617199f?s=96&d=blank&r=g\",\"url\":\"https:\\\/\\\/secure.gravatar.com\\\/avatar\\\/625a0e6413b293da7739d42617828d564a4d6028aec3f45d8939a2ba1617199f?s=96&d=blank&r=g\",\"contentUrl\":\"https:\\\/\\\/secure.gravatar.com\\\/avatar\\\/625a0e6413b293da7739d42617828d564a4d6028aec3f45d8939a2ba1617199f?s=96&d=blank&r=g\",\"caption\":\"Jenni\"},\"url\":\"https:\\\/\\\/jennipitko.fi\\\/koti\\\/author\\\/jenni\\\/\"}]}<\/script>\n<!-- \/ Yoast SEO plugin. -->","yoast_head_json":{"title":"Kalanviljelyn ravinnep\u00e4\u00e4st\u00f6j\u00e4 leikattava it\u00e4merirehulla - Jenni Pitko - Vihreiden varapuheenjohtaja, ymp\u00e4rist\u00f6valiokunnan puheenjohtaja, kansanedustaja ja arkkitehti Oulusta","robots":{"index":"index","follow":"follow","max-snippet":"max-snippet:-1","max-image-preview":"max-image-preview:large","max-video-preview":"max-video-preview:-1"},"canonical":"https:\/\/jennipitko.fi\/koti\/kalanviljelyn-ravinnepaastoja-leikattava-itamerirehulla\/","og_locale":"fi_FI","og_type":"article","og_title":"Kalanviljelyn ravinnep\u00e4\u00e4st\u00f6j\u00e4 leikattava it\u00e4merirehulla - Jenni Pitko - Vihreiden varapuheenjohtaja, ymp\u00e4rist\u00f6valiokunnan puheenjohtaja, kansanedustaja ja arkkitehti Oulusta","og_description":"Rakas It\u00e4meremme on yksi maailman huonoimmin voivista merialueista. Vuosikymmenien ty\u00f6st\u00e4 huolimatta rehev\u00f6itymist\u00e4 ei ole onnistuttu pys\u00e4ytt\u00e4m\u00e4\u00e4n ja It\u00e4meren tila on [&hellip;]","og_url":"https:\/\/jennipitko.fi\/koti\/kalanviljelyn-ravinnepaastoja-leikattava-itamerirehulla\/","og_site_name":"Jenni Pitko - Vihreiden varapuheenjohtaja, ymp\u00e4rist\u00f6valiokunnan puheenjohtaja, kansanedustaja ja arkkitehti Oulusta","article_published_time":"2020-09-29T08:06:00+00:00","article_modified_time":"2020-09-30T08:11:46+00:00","author":"Jenni","twitter_card":"summary_large_image","twitter_misc":{"Kirjoittanut":"Jenni","Arvioitu lukuaika":"3 minuuttia"},"schema":{"@context":"https:\/\/schema.org","@graph":[{"@type":"Article","@id":"https:\/\/jennipitko.fi\/koti\/kalanviljelyn-ravinnepaastoja-leikattava-itamerirehulla\/#article","isPartOf":{"@id":"https:\/\/jennipitko.fi\/koti\/kalanviljelyn-ravinnepaastoja-leikattava-itamerirehulla\/"},"author":{"name":"Jenni","@id":"https:\/\/jennipitko.fi\/koti\/#\/schema\/person\/35955c467f851f10124809310e7e7ee8"},"headline":"Kalanviljelyn ravinnep\u00e4\u00e4st\u00f6j\u00e4 leikattava it\u00e4merirehulla","datePublished":"2020-09-29T08:06:00+00:00","dateModified":"2020-09-30T08:11:46+00:00","mainEntityOfPage":{"@id":"https:\/\/jennipitko.fi\/koti\/kalanviljelyn-ravinnepaastoja-leikattava-itamerirehulla\/"},"wordCount":556,"publisher":{"@id":"https:\/\/jennipitko.fi\/koti\/#organization"},"keywords":["it\u00e4meri","kalankasvatus","kalanviljely","luonnon monimuotoisuus","ruoka","ruokapolitiikka"],"articleSection":["Blogi","Tiedotteet","Valtiop\u00e4iv\u00e4toimet"],"inLanguage":"fi"},{"@type":"WebPage","@id":"https:\/\/jennipitko.fi\/koti\/kalanviljelyn-ravinnepaastoja-leikattava-itamerirehulla\/","url":"https:\/\/jennipitko.fi\/koti\/kalanviljelyn-ravinnepaastoja-leikattava-itamerirehulla\/","name":"Kalanviljelyn ravinnep\u00e4\u00e4st\u00f6j\u00e4 leikattava it\u00e4merirehulla - Jenni Pitko - Vihreiden varapuheenjohtaja, ymp\u00e4rist\u00f6valiokunnan puheenjohtaja, kansanedustaja ja arkkitehti Oulusta","isPartOf":{"@id":"https:\/\/jennipitko.fi\/koti\/#website"},"datePublished":"2020-09-29T08:06:00+00:00","dateModified":"2020-09-30T08:11:46+00:00","breadcrumb":{"@id":"https:\/\/jennipitko.fi\/koti\/kalanviljelyn-ravinnepaastoja-leikattava-itamerirehulla\/#breadcrumb"},"inLanguage":"fi","potentialAction":[{"@type":"ReadAction","target":["https:\/\/jennipitko.fi\/koti\/kalanviljelyn-ravinnepaastoja-leikattava-itamerirehulla\/"]}]},{"@type":"BreadcrumbList","@id":"https:\/\/jennipitko.fi\/koti\/kalanviljelyn-ravinnepaastoja-leikattava-itamerirehulla\/#breadcrumb","itemListElement":[{"@type":"ListItem","position":1,"name":"Home","item":"https:\/\/jennipitko.fi\/koti\/"},{"@type":"ListItem","position":2,"name":"Kalanviljelyn ravinnep\u00e4\u00e4st\u00f6j\u00e4 leikattava it\u00e4merirehulla"}]},{"@type":"WebSite","@id":"https:\/\/jennipitko.fi\/koti\/#website","url":"https:\/\/jennipitko.fi\/koti\/","name":"Jenni Pitko - Vihreiden varapuheenjohtaja, ymp\u00e4rist\u00f6valiokunnan puheenjohtaja, kansanedustaja ja arkkitehti Oulusta","description":"Jenni Pitko - Vihreiden varapuheenjohtaja, ymp\u00e4rist\u00f6valiokunnan puheenjohtaja, kansanedustaja ja arkkitehti Oulusta","publisher":{"@id":"https:\/\/jennipitko.fi\/koti\/#organization"},"potentialAction":[{"@type":"SearchAction","target":{"@type":"EntryPoint","urlTemplate":"https:\/\/jennipitko.fi\/koti\/?s={search_term_string}"},"query-input":{"@type":"PropertyValueSpecification","valueRequired":true,"valueName":"search_term_string"}}],"inLanguage":"fi"},{"@type":"Organization","@id":"https:\/\/jennipitko.fi\/koti\/#organization","name":"Jenni Pitko - Vihreiden varapuheenjohtaja, ymp\u00e4rist\u00f6valiokunnan puheenjohtaja, kansanedustaja ja arkkitehti Oulusta","url":"https:\/\/jennipitko.fi\/koti\/","logo":{"@type":"ImageObject","inLanguage":"fi","@id":"https:\/\/jennipitko.fi\/koti\/#\/schema\/logo\/image\/","url":"https:\/\/jennipitko.fi\/koti\/wp-content\/uploads\/2025\/09\/Nimeton-malli-38.png","contentUrl":"https:\/\/jennipitko.fi\/koti\/wp-content\/uploads\/2025\/09\/Nimeton-malli-38.png","width":1280,"height":847,"caption":"Jenni Pitko - Vihreiden varapuheenjohtaja, ymp\u00e4rist\u00f6valiokunnan puheenjohtaja, kansanedustaja ja arkkitehti Oulusta"},"image":{"@id":"https:\/\/jennipitko.fi\/koti\/#\/schema\/logo\/image\/"}},{"@type":"Person","@id":"https:\/\/jennipitko.fi\/koti\/#\/schema\/person\/35955c467f851f10124809310e7e7ee8","name":"Jenni","image":{"@type":"ImageObject","inLanguage":"fi","@id":"https:\/\/secure.gravatar.com\/avatar\/625a0e6413b293da7739d42617828d564a4d6028aec3f45d8939a2ba1617199f?s=96&d=blank&r=g","url":"https:\/\/secure.gravatar.com\/avatar\/625a0e6413b293da7739d42617828d564a4d6028aec3f45d8939a2ba1617199f?s=96&d=blank&r=g","contentUrl":"https:\/\/secure.gravatar.com\/avatar\/625a0e6413b293da7739d42617828d564a4d6028aec3f45d8939a2ba1617199f?s=96&d=blank&r=g","caption":"Jenni"},"url":"https:\/\/jennipitko.fi\/koti\/author\/jenni\/"}]}},"_links":{"self":[{"href":"https:\/\/jennipitko.fi\/koti\/wp-json\/wp\/v2\/posts\/2365","targetHints":{"allow":["GET"]}}],"collection":[{"href":"https:\/\/jennipitko.fi\/koti\/wp-json\/wp\/v2\/posts"}],"about":[{"href":"https:\/\/jennipitko.fi\/koti\/wp-json\/wp\/v2\/types\/post"}],"author":[{"embeddable":true,"href":"https:\/\/jennipitko.fi\/koti\/wp-json\/wp\/v2\/users\/1"}],"replies":[{"embeddable":true,"href":"https:\/\/jennipitko.fi\/koti\/wp-json\/wp\/v2\/comments?post=2365"}],"version-history":[{"count":1,"href":"https:\/\/jennipitko.fi\/koti\/wp-json\/wp\/v2\/posts\/2365\/revisions"}],"predecessor-version":[{"id":2366,"href":"https:\/\/jennipitko.fi\/koti\/wp-json\/wp\/v2\/posts\/2365\/revisions\/2366"}],"wp:attachment":[{"href":"https:\/\/jennipitko.fi\/koti\/wp-json\/wp\/v2\/media?parent=2365"}],"wp:term":[{"taxonomy":"category","embeddable":true,"href":"https:\/\/jennipitko.fi\/koti\/wp-json\/wp\/v2\/categories?post=2365"},{"taxonomy":"post_tag","embeddable":true,"href":"https:\/\/jennipitko.fi\/koti\/wp-json\/wp\/v2\/tags?post=2365"}],"curies":[{"name":"wp","href":"https:\/\/api.w.org\/{rel}","templated":true}]}}