{"id":2367,"date":"2020-09-30T16:44:35","date_gmt":"2020-09-30T14:44:35","guid":{"rendered":"http:\/\/jennipitko.fi\/koti\/?p=2367"},"modified":"2020-09-30T16:44:39","modified_gmt":"2020-09-30T14:44:39","slug":"kilpailukyvyn-parantaminen-elvytyksella-on-ainoa-kestava-tie-ulos-kriisista","status":"publish","type":"post","link":"https:\/\/jennipitko.fi\/koti\/kilpailukyvyn-parantaminen-elvytyksella-on-ainoa-kestava-tie-ulos-kriisista\/","title":{"rendered":"Kilpailukyvyn parantaminen elvytyksell\u00e4 on ainoa kest\u00e4v\u00e4 tie ulos kriisist\u00e4"},"content":{"rendered":"\n<p><strong>Oppositio per\u00e4\u00e4 v\u00e4likysymyksess\u00e4\u00e4n hallitukselta vastuullista talouspolitiikkaa. Heille vastuullista olisi ilmeisesti pienituloisilta ja ymp\u00e4rist\u00f6lt\u00e4 leikkaaminen kriisin keskell\u00e4. Onneksi hallitus ymm\u00e4rt\u00e4\u00e4 vastuullisuuden toisin. Me emme halua kurjistaa, vaan kannustaa.<\/strong><\/p>\n\n\n\n<p>Suomi ja koko maailma kamppailevat vakavan pandemian sek\u00e4 ymp\u00e4rist\u00f6- ja talouskriisien keskell\u00e4. Juuri kun politiikkaan tarvittaisiin vakautta, haluaa oppositio kaataa maamme hallituksen v\u00e4likysymys\u00e4\u00e4nestyksell\u00e4.<br><br>V\u00e4likysymyksess\u00e4\u00e4n oppositio per\u00e4\u00e4 hallitukselta vastuullista talouspolitiikkaa ja kritisoi sit\u00e4, ett\u00e4 akuutin kriisin keskell\u00e4 valtio ottaa velkaa. Velan ottaminen ei suinkaan ole helppoa, mutta t\u00e4ss\u00e4 tilanteessa se on v\u00e4ltt\u00e4m\u00e4t\u00f6nt\u00e4. Suurin osa valtion budjetin alij\u00e4\u00e4m\u00e4st\u00e4 koostuu koronan aiheuttamista kuluista, kuten koronatestauksesta sek\u00e4 kuntien, yritysten ja ty\u00f6tt\u00f6mien tukemisesta. V\u00e4likysymyksess\u00e4\u00e4n oppositio ei kerro, mitk\u00e4 n\u00e4ist\u00e4 se haluaisi j\u00e4tt\u00e4\u00e4 pois.<br><br>Samaan aikaan, kun otamme velkaa, varmistamme, ett\u00e4 yhteiskunta pystyy my\u00f6s maksamaan sen takaisin. Siksi panostamme nyt suomalaisten osaamiseen ja koulutukseen, vahvistamme teollisuuden kilpailukyky\u00e4 ilmastonmuutoksen keskell\u00e4 sek\u00e4 lis\u00e4\u00e4mme ty\u00f6llisyytt\u00e4.<\/p>\n\n\n\n<p>Nostamme oppivelvollisuusi\u00e4n 18 ik\u00e4vuoteen, uudistamme aikuiskoulutustukea ja satsaamme jatkuvaan oppimiseen ty\u00f6paikoilla. Lis\u00e4ksi uudistamme ty\u00f6voimapalveluita pohjoismaisen mallin mukaiseksi, jotta ty\u00f6nhakijat saavat yksil\u00f6llist\u00e4 tukea ty\u00f6el\u00e4m\u00e4\u00e4n siirtymisess\u00e4 ja kehit\u00e4mme palkkatukea siten, ett\u00e4 yh\u00e4 useampi yritys voi ottaa sen k\u00e4ytt\u00f6\u00f6ns\u00e4.<\/p>\n\n\n\n<p>Erityisesti tuemme nyt nuoria. Uudistamme oppisopimuskoulutusta ja lis\u00e4\u00e4mme nuorten ohjaamoiden resursseja. Samaan aikaan olemme lis\u00e4nneet korkeakoulujen aloituspaikkoja, jotta nuorilla olisi enemm\u00e4n vaihtoehtoja.<\/p>\n\n\n\n<p>T\u00e4m\u00e4 hallitus siis kantaa vastuuta sek\u00e4 taloudesta, ihmisist\u00e4 ett\u00e4 ymp\u00e4rist\u00f6st\u00e4. Samaan aikaan kun elvyt\u00e4mme, varmistamme, ett\u00e4 elvytystoimilla ei palata samaan vanhaan, vaan rakennetaan uutta kest\u00e4v\u00e4mp\u00e4\u00e4 ja hiilineutraalia Suomea. Olemme esimerkiksi lakkauttamassa ymp\u00e4rist\u00f6lle haitallisia tukia, kuten p\u00e4\u00e4st\u00f6kauppakompensaation, ja suuntaamassa tuet teollisuuden uusiutumiseen ja v\u00e4h\u00e4hiilisten ratkaisujen kehitt\u00e4miseen.<\/p>\n\n\n\n<p>Olen iloinen siit\u00e4, ett\u00e4 juuri me Vihre\u00e4t olemme hallituksessa t\u00e4n\u00e4 vaikeana aikana. Opposition vaihtoehto olisi leikkausten tie ja silloin vaarassa olisivat luonnonsuojelu, koulutus, pienituloiset ja kehitysyhteisty\u00f6. Me Vihre\u00e4t taas haluamme kantaa vastuuta taloudesta ja ymp\u00e4rist\u00f6st\u00e4 pitk\u00e4lle tulevaisuuteen, huolehtia ihmisten terveydest\u00e4 ja hyvinvoinnista sek\u00e4 rakentaa kest\u00e4v\u00e4\u00e4 yhteiskuntaa.\u00a0<br><br><em>Kirjoitus julkaistu alunperin Vihreiden blogissa 30.9.2020.<\/em><\/p>\n","protected":false},"excerpt":{"rendered":"<p>Oppositio per\u00e4\u00e4 v\u00e4likysymyksess\u00e4\u00e4n hallitukselta vastuullista talouspolitiikkaa. Heille vastuullista olisi ilmeisesti pienituloisilta ja ymp\u00e4rist\u00f6lt\u00e4 leikkaaminen kriisin keskell\u00e4. Onneksi hallitus ymm\u00e4rt\u00e4\u00e4 vastuullisuuden [&hellip;]<\/p>\n","protected":false},"author":1,"featured_media":0,"comment_status":"closed","ping_status":"closed","sticky":false,"template":"","format":"standard","meta":{"_monsterinsights_skip_tracking":false,"_monsterinsights_sitenote_active":false,"_monsterinsights_sitenote_note":"","_monsterinsights_sitenote_category":0,"site-sidebar-layout":"default","site-content-layout":"","ast-site-content-layout":"default","site-content-style":"default","site-sidebar-style":"default","ast-global-header-display":"","ast-banner-title-visibility":"","ast-main-header-display":"","ast-hfb-above-header-display":"","ast-hfb-below-header-display":"","ast-hfb-mobile-header-display":"","site-post-title":"","ast-breadcrumbs-content":"","ast-featured-img":"","footer-sml-layout":"","ast-disable-related-posts":"","theme-transparent-header-meta":"","adv-header-id-meta":"","stick-header-meta":"","header-above-stick-meta":"","header-main-stick-meta":"","header-below-stick-meta":"","astra-migrate-meta-layouts":"default","ast-page-background-enabled":"default","ast-page-background-meta":{"desktop":{"background-color":"var(--ast-global-color-5)","background-image":"","background-repeat":"repeat","background-position":"center center","background-size":"auto","background-attachment":"scroll","background-type":"","background-media":"","overlay-type":"","overlay-color":"","overlay-opacity":"","overlay-gradient":""},"tablet":{"background-color":"","background-image":"","background-repeat":"repeat","background-position":"center center","background-size":"auto","background-attachment":"scroll","background-type":"","background-media":"","overlay-type":"","overlay-color":"","overlay-opacity":"","overlay-gradient":""},"mobile":{"background-color":"","background-image":"","background-repeat":"repeat","background-position":"center center","background-size":"auto","background-attachment":"scroll","background-type":"","background-media":"","overlay-type":"","overlay-color":"","overlay-opacity":"","overlay-gradient":""}},"ast-content-background-meta":{"desktop":{"background-color":"var(--ast-global-color-4)","background-image":"","background-repeat":"repeat","background-position":"center center","background-size":"auto","background-attachment":"scroll","background-type":"","background-media":"","overlay-type":"","overlay-color":"","overlay-opacity":"","overlay-gradient":""},"tablet":{"background-color":"var(--ast-global-color-4)","background-image":"","background-repeat":"repeat","background-position":"center center","background-size":"auto","background-attachment":"scroll","background-type":"","background-media":"","overlay-type":"","overlay-color":"","overlay-opacity":"","overlay-gradient":""},"mobile":{"background-color":"var(--ast-global-color-4)","background-image":"","background-repeat":"repeat","background-position":"center center","background-size":"auto","background-attachment":"scroll","background-type":"","background-media":"","overlay-type":"","overlay-color":"","overlay-opacity":"","overlay-gradient":""}},"footnotes":""},"categories":[2],"tags":[271,391,154,380,178,96,429,406],"class_list":["post-2367","post","type-post","status-publish","format-standard","hentry","category-blogi","tag-eduskunta","tag-elvytys","tag-ilmastonmuutos","tag-korona","tag-koulutus","tag-nuoret","tag-valikysymys","tag-vihrea-elvytys"],"yoast_head":"<!-- This site is optimized with the Yoast SEO plugin v27.5 - https:\/\/yoast.com\/product\/yoast-seo-wordpress\/ -->\n<title>Kilpailukyvyn parantaminen elvytyksell\u00e4 on ainoa kest\u00e4v\u00e4 tie ulos kriisist\u00e4 - Jenni Pitko - Vihreiden varapuheenjohtaja, ymp\u00e4rist\u00f6valiokunnan puheenjohtaja, kansanedustaja ja arkkitehti Oulusta<\/title>\n<meta name=\"robots\" content=\"index, follow, max-snippet:-1, max-image-preview:large, max-video-preview:-1\" \/>\n<link rel=\"canonical\" href=\"https:\/\/jennipitko.fi\/koti\/kilpailukyvyn-parantaminen-elvytyksella-on-ainoa-kestava-tie-ulos-kriisista\/\" \/>\n<meta property=\"og:locale\" content=\"fi_FI\" \/>\n<meta property=\"og:type\" content=\"article\" \/>\n<meta property=\"og:title\" content=\"Kilpailukyvyn parantaminen elvytyksell\u00e4 on ainoa kest\u00e4v\u00e4 tie ulos kriisist\u00e4 - Jenni Pitko - Vihreiden varapuheenjohtaja, ymp\u00e4rist\u00f6valiokunnan puheenjohtaja, kansanedustaja ja arkkitehti Oulusta\" \/>\n<meta property=\"og:description\" content=\"Oppositio per\u00e4\u00e4 v\u00e4likysymyksess\u00e4\u00e4n hallitukselta vastuullista talouspolitiikkaa. Heille vastuullista olisi ilmeisesti pienituloisilta ja ymp\u00e4rist\u00f6lt\u00e4 leikkaaminen kriisin keskell\u00e4. Onneksi hallitus ymm\u00e4rt\u00e4\u00e4 vastuullisuuden [&hellip;]\" \/>\n<meta property=\"og:url\" content=\"https:\/\/jennipitko.fi\/koti\/kilpailukyvyn-parantaminen-elvytyksella-on-ainoa-kestava-tie-ulos-kriisista\/\" \/>\n<meta property=\"og:site_name\" content=\"Jenni Pitko - Vihreiden varapuheenjohtaja, ymp\u00e4rist\u00f6valiokunnan puheenjohtaja, kansanedustaja ja arkkitehti Oulusta\" \/>\n<meta property=\"article:published_time\" content=\"2020-09-30T14:44:35+00:00\" \/>\n<meta property=\"article:modified_time\" content=\"2020-09-30T14:44:39+00:00\" \/>\n<meta name=\"author\" content=\"Jenni\" \/>\n<meta name=\"twitter:card\" content=\"summary_large_image\" \/>\n<meta name=\"twitter:label1\" content=\"Kirjoittanut\" \/>\n\t<meta name=\"twitter:data1\" content=\"Jenni\" \/>\n\t<meta name=\"twitter:label2\" content=\"Arvioitu lukuaika\" \/>\n\t<meta name=\"twitter:data2\" content=\"2 minuuttia\" \/>\n<script type=\"application\/ld+json\" class=\"yoast-schema-graph\">{\"@context\":\"https:\\\/\\\/schema.org\",\"@graph\":[{\"@type\":\"Article\",\"@id\":\"https:\\\/\\\/jennipitko.fi\\\/koti\\\/kilpailukyvyn-parantaminen-elvytyksella-on-ainoa-kestava-tie-ulos-kriisista\\\/#article\",\"isPartOf\":{\"@id\":\"https:\\\/\\\/jennipitko.fi\\\/koti\\\/kilpailukyvyn-parantaminen-elvytyksella-on-ainoa-kestava-tie-ulos-kriisista\\\/\"},\"author\":{\"name\":\"Jenni\",\"@id\":\"https:\\\/\\\/jennipitko.fi\\\/koti\\\/#\\\/schema\\\/person\\\/35955c467f851f10124809310e7e7ee8\"},\"headline\":\"Kilpailukyvyn parantaminen elvytyksell\u00e4 on ainoa kest\u00e4v\u00e4 tie ulos kriisist\u00e4\",\"datePublished\":\"2020-09-30T14:44:35+00:00\",\"dateModified\":\"2020-09-30T14:44:39+00:00\",\"mainEntityOfPage\":{\"@id\":\"https:\\\/\\\/jennipitko.fi\\\/koti\\\/kilpailukyvyn-parantaminen-elvytyksella-on-ainoa-kestava-tie-ulos-kriisista\\\/\"},\"wordCount\":359,\"publisher\":{\"@id\":\"https:\\\/\\\/jennipitko.fi\\\/koti\\\/#organization\"},\"keywords\":[\"eduskunta\",\"elvytys\",\"ilmastonmuutos\",\"korona\",\"koulutus\",\"nuoret\",\"v\u00e4likysymys\",\"vihre\u00e4 elvytys\"],\"articleSection\":[\"Blogi\"],\"inLanguage\":\"fi\"},{\"@type\":\"WebPage\",\"@id\":\"https:\\\/\\\/jennipitko.fi\\\/koti\\\/kilpailukyvyn-parantaminen-elvytyksella-on-ainoa-kestava-tie-ulos-kriisista\\\/\",\"url\":\"https:\\\/\\\/jennipitko.fi\\\/koti\\\/kilpailukyvyn-parantaminen-elvytyksella-on-ainoa-kestava-tie-ulos-kriisista\\\/\",\"name\":\"Kilpailukyvyn parantaminen elvytyksell\u00e4 on ainoa kest\u00e4v\u00e4 tie ulos kriisist\u00e4 - Jenni Pitko - Vihreiden varapuheenjohtaja, ymp\u00e4rist\u00f6valiokunnan puheenjohtaja, kansanedustaja ja arkkitehti Oulusta\",\"isPartOf\":{\"@id\":\"https:\\\/\\\/jennipitko.fi\\\/koti\\\/#website\"},\"datePublished\":\"2020-09-30T14:44:35+00:00\",\"dateModified\":\"2020-09-30T14:44:39+00:00\",\"breadcrumb\":{\"@id\":\"https:\\\/\\\/jennipitko.fi\\\/koti\\\/kilpailukyvyn-parantaminen-elvytyksella-on-ainoa-kestava-tie-ulos-kriisista\\\/#breadcrumb\"},\"inLanguage\":\"fi\",\"potentialAction\":[{\"@type\":\"ReadAction\",\"target\":[\"https:\\\/\\\/jennipitko.fi\\\/koti\\\/kilpailukyvyn-parantaminen-elvytyksella-on-ainoa-kestava-tie-ulos-kriisista\\\/\"]}]},{\"@type\":\"BreadcrumbList\",\"@id\":\"https:\\\/\\\/jennipitko.fi\\\/koti\\\/kilpailukyvyn-parantaminen-elvytyksella-on-ainoa-kestava-tie-ulos-kriisista\\\/#breadcrumb\",\"itemListElement\":[{\"@type\":\"ListItem\",\"position\":1,\"name\":\"Home\",\"item\":\"https:\\\/\\\/jennipitko.fi\\\/koti\\\/\"},{\"@type\":\"ListItem\",\"position\":2,\"name\":\"Kilpailukyvyn parantaminen elvytyksell\u00e4 on ainoa kest\u00e4v\u00e4 tie ulos kriisist\u00e4\"}]},{\"@type\":\"WebSite\",\"@id\":\"https:\\\/\\\/jennipitko.fi\\\/koti\\\/#website\",\"url\":\"https:\\\/\\\/jennipitko.fi\\\/koti\\\/\",\"name\":\"Jenni Pitko - Vihreiden varapuheenjohtaja, ymp\u00e4rist\u00f6valiokunnan puheenjohtaja, kansanedustaja ja arkkitehti Oulusta\",\"description\":\"Jenni Pitko - Vihreiden varapuheenjohtaja, ymp\u00e4rist\u00f6valiokunnan puheenjohtaja, kansanedustaja ja arkkitehti Oulusta\",\"publisher\":{\"@id\":\"https:\\\/\\\/jennipitko.fi\\\/koti\\\/#organization\"},\"potentialAction\":[{\"@type\":\"SearchAction\",\"target\":{\"@type\":\"EntryPoint\",\"urlTemplate\":\"https:\\\/\\\/jennipitko.fi\\\/koti\\\/?s={search_term_string}\"},\"query-input\":{\"@type\":\"PropertyValueSpecification\",\"valueRequired\":true,\"valueName\":\"search_term_string\"}}],\"inLanguage\":\"fi\"},{\"@type\":\"Organization\",\"@id\":\"https:\\\/\\\/jennipitko.fi\\\/koti\\\/#organization\",\"name\":\"Jenni Pitko - Vihreiden varapuheenjohtaja, ymp\u00e4rist\u00f6valiokunnan puheenjohtaja, kansanedustaja ja arkkitehti Oulusta\",\"url\":\"https:\\\/\\\/jennipitko.fi\\\/koti\\\/\",\"logo\":{\"@type\":\"ImageObject\",\"inLanguage\":\"fi\",\"@id\":\"https:\\\/\\\/jennipitko.fi\\\/koti\\\/#\\\/schema\\\/logo\\\/image\\\/\",\"url\":\"https:\\\/\\\/jennipitko.fi\\\/koti\\\/wp-content\\\/uploads\\\/2025\\\/09\\\/Nimeton-malli-38.png\",\"contentUrl\":\"https:\\\/\\\/jennipitko.fi\\\/koti\\\/wp-content\\\/uploads\\\/2025\\\/09\\\/Nimeton-malli-38.png\",\"width\":1280,\"height\":847,\"caption\":\"Jenni Pitko - Vihreiden varapuheenjohtaja, ymp\u00e4rist\u00f6valiokunnan puheenjohtaja, kansanedustaja ja arkkitehti Oulusta\"},\"image\":{\"@id\":\"https:\\\/\\\/jennipitko.fi\\\/koti\\\/#\\\/schema\\\/logo\\\/image\\\/\"}},{\"@type\":\"Person\",\"@id\":\"https:\\\/\\\/jennipitko.fi\\\/koti\\\/#\\\/schema\\\/person\\\/35955c467f851f10124809310e7e7ee8\",\"name\":\"Jenni\",\"image\":{\"@type\":\"ImageObject\",\"inLanguage\":\"fi\",\"@id\":\"https:\\\/\\\/secure.gravatar.com\\\/avatar\\\/625a0e6413b293da7739d42617828d564a4d6028aec3f45d8939a2ba1617199f?s=96&d=blank&r=g\",\"url\":\"https:\\\/\\\/secure.gravatar.com\\\/avatar\\\/625a0e6413b293da7739d42617828d564a4d6028aec3f45d8939a2ba1617199f?s=96&d=blank&r=g\",\"contentUrl\":\"https:\\\/\\\/secure.gravatar.com\\\/avatar\\\/625a0e6413b293da7739d42617828d564a4d6028aec3f45d8939a2ba1617199f?s=96&d=blank&r=g\",\"caption\":\"Jenni\"},\"url\":\"https:\\\/\\\/jennipitko.fi\\\/koti\\\/author\\\/jenni\\\/\"}]}<\/script>\n<!-- \/ Yoast SEO plugin. -->","yoast_head_json":{"title":"Kilpailukyvyn parantaminen elvytyksell\u00e4 on ainoa kest\u00e4v\u00e4 tie ulos kriisist\u00e4 - Jenni Pitko - Vihreiden varapuheenjohtaja, ymp\u00e4rist\u00f6valiokunnan puheenjohtaja, kansanedustaja ja arkkitehti Oulusta","robots":{"index":"index","follow":"follow","max-snippet":"max-snippet:-1","max-image-preview":"max-image-preview:large","max-video-preview":"max-video-preview:-1"},"canonical":"https:\/\/jennipitko.fi\/koti\/kilpailukyvyn-parantaminen-elvytyksella-on-ainoa-kestava-tie-ulos-kriisista\/","og_locale":"fi_FI","og_type":"article","og_title":"Kilpailukyvyn parantaminen elvytyksell\u00e4 on ainoa kest\u00e4v\u00e4 tie ulos kriisist\u00e4 - Jenni Pitko - Vihreiden varapuheenjohtaja, ymp\u00e4rist\u00f6valiokunnan puheenjohtaja, kansanedustaja ja arkkitehti Oulusta","og_description":"Oppositio per\u00e4\u00e4 v\u00e4likysymyksess\u00e4\u00e4n hallitukselta vastuullista talouspolitiikkaa. Heille vastuullista olisi ilmeisesti pienituloisilta ja ymp\u00e4rist\u00f6lt\u00e4 leikkaaminen kriisin keskell\u00e4. Onneksi hallitus ymm\u00e4rt\u00e4\u00e4 vastuullisuuden [&hellip;]","og_url":"https:\/\/jennipitko.fi\/koti\/kilpailukyvyn-parantaminen-elvytyksella-on-ainoa-kestava-tie-ulos-kriisista\/","og_site_name":"Jenni Pitko - Vihreiden varapuheenjohtaja, ymp\u00e4rist\u00f6valiokunnan puheenjohtaja, kansanedustaja ja arkkitehti Oulusta","article_published_time":"2020-09-30T14:44:35+00:00","article_modified_time":"2020-09-30T14:44:39+00:00","author":"Jenni","twitter_card":"summary_large_image","twitter_misc":{"Kirjoittanut":"Jenni","Arvioitu lukuaika":"2 minuuttia"},"schema":{"@context":"https:\/\/schema.org","@graph":[{"@type":"Article","@id":"https:\/\/jennipitko.fi\/koti\/kilpailukyvyn-parantaminen-elvytyksella-on-ainoa-kestava-tie-ulos-kriisista\/#article","isPartOf":{"@id":"https:\/\/jennipitko.fi\/koti\/kilpailukyvyn-parantaminen-elvytyksella-on-ainoa-kestava-tie-ulos-kriisista\/"},"author":{"name":"Jenni","@id":"https:\/\/jennipitko.fi\/koti\/#\/schema\/person\/35955c467f851f10124809310e7e7ee8"},"headline":"Kilpailukyvyn parantaminen elvytyksell\u00e4 on ainoa kest\u00e4v\u00e4 tie ulos kriisist\u00e4","datePublished":"2020-09-30T14:44:35+00:00","dateModified":"2020-09-30T14:44:39+00:00","mainEntityOfPage":{"@id":"https:\/\/jennipitko.fi\/koti\/kilpailukyvyn-parantaminen-elvytyksella-on-ainoa-kestava-tie-ulos-kriisista\/"},"wordCount":359,"publisher":{"@id":"https:\/\/jennipitko.fi\/koti\/#organization"},"keywords":["eduskunta","elvytys","ilmastonmuutos","korona","koulutus","nuoret","v\u00e4likysymys","vihre\u00e4 elvytys"],"articleSection":["Blogi"],"inLanguage":"fi"},{"@type":"WebPage","@id":"https:\/\/jennipitko.fi\/koti\/kilpailukyvyn-parantaminen-elvytyksella-on-ainoa-kestava-tie-ulos-kriisista\/","url":"https:\/\/jennipitko.fi\/koti\/kilpailukyvyn-parantaminen-elvytyksella-on-ainoa-kestava-tie-ulos-kriisista\/","name":"Kilpailukyvyn parantaminen elvytyksell\u00e4 on ainoa kest\u00e4v\u00e4 tie ulos kriisist\u00e4 - Jenni Pitko - Vihreiden varapuheenjohtaja, ymp\u00e4rist\u00f6valiokunnan puheenjohtaja, kansanedustaja ja arkkitehti Oulusta","isPartOf":{"@id":"https:\/\/jennipitko.fi\/koti\/#website"},"datePublished":"2020-09-30T14:44:35+00:00","dateModified":"2020-09-30T14:44:39+00:00","breadcrumb":{"@id":"https:\/\/jennipitko.fi\/koti\/kilpailukyvyn-parantaminen-elvytyksella-on-ainoa-kestava-tie-ulos-kriisista\/#breadcrumb"},"inLanguage":"fi","potentialAction":[{"@type":"ReadAction","target":["https:\/\/jennipitko.fi\/koti\/kilpailukyvyn-parantaminen-elvytyksella-on-ainoa-kestava-tie-ulos-kriisista\/"]}]},{"@type":"BreadcrumbList","@id":"https:\/\/jennipitko.fi\/koti\/kilpailukyvyn-parantaminen-elvytyksella-on-ainoa-kestava-tie-ulos-kriisista\/#breadcrumb","itemListElement":[{"@type":"ListItem","position":1,"name":"Home","item":"https:\/\/jennipitko.fi\/koti\/"},{"@type":"ListItem","position":2,"name":"Kilpailukyvyn parantaminen elvytyksell\u00e4 on ainoa kest\u00e4v\u00e4 tie ulos kriisist\u00e4"}]},{"@type":"WebSite","@id":"https:\/\/jennipitko.fi\/koti\/#website","url":"https:\/\/jennipitko.fi\/koti\/","name":"Jenni Pitko - Vihreiden varapuheenjohtaja, ymp\u00e4rist\u00f6valiokunnan puheenjohtaja, kansanedustaja ja arkkitehti Oulusta","description":"Jenni Pitko - Vihreiden varapuheenjohtaja, ymp\u00e4rist\u00f6valiokunnan puheenjohtaja, kansanedustaja ja arkkitehti Oulusta","publisher":{"@id":"https:\/\/jennipitko.fi\/koti\/#organization"},"potentialAction":[{"@type":"SearchAction","target":{"@type":"EntryPoint","urlTemplate":"https:\/\/jennipitko.fi\/koti\/?s={search_term_string}"},"query-input":{"@type":"PropertyValueSpecification","valueRequired":true,"valueName":"search_term_string"}}],"inLanguage":"fi"},{"@type":"Organization","@id":"https:\/\/jennipitko.fi\/koti\/#organization","name":"Jenni Pitko - Vihreiden varapuheenjohtaja, ymp\u00e4rist\u00f6valiokunnan puheenjohtaja, kansanedustaja ja arkkitehti Oulusta","url":"https:\/\/jennipitko.fi\/koti\/","logo":{"@type":"ImageObject","inLanguage":"fi","@id":"https:\/\/jennipitko.fi\/koti\/#\/schema\/logo\/image\/","url":"https:\/\/jennipitko.fi\/koti\/wp-content\/uploads\/2025\/09\/Nimeton-malli-38.png","contentUrl":"https:\/\/jennipitko.fi\/koti\/wp-content\/uploads\/2025\/09\/Nimeton-malli-38.png","width":1280,"height":847,"caption":"Jenni Pitko - Vihreiden varapuheenjohtaja, ymp\u00e4rist\u00f6valiokunnan puheenjohtaja, kansanedustaja ja arkkitehti Oulusta"},"image":{"@id":"https:\/\/jennipitko.fi\/koti\/#\/schema\/logo\/image\/"}},{"@type":"Person","@id":"https:\/\/jennipitko.fi\/koti\/#\/schema\/person\/35955c467f851f10124809310e7e7ee8","name":"Jenni","image":{"@type":"ImageObject","inLanguage":"fi","@id":"https:\/\/secure.gravatar.com\/avatar\/625a0e6413b293da7739d42617828d564a4d6028aec3f45d8939a2ba1617199f?s=96&d=blank&r=g","url":"https:\/\/secure.gravatar.com\/avatar\/625a0e6413b293da7739d42617828d564a4d6028aec3f45d8939a2ba1617199f?s=96&d=blank&r=g","contentUrl":"https:\/\/secure.gravatar.com\/avatar\/625a0e6413b293da7739d42617828d564a4d6028aec3f45d8939a2ba1617199f?s=96&d=blank&r=g","caption":"Jenni"},"url":"https:\/\/jennipitko.fi\/koti\/author\/jenni\/"}]}},"_links":{"self":[{"href":"https:\/\/jennipitko.fi\/koti\/wp-json\/wp\/v2\/posts\/2367","targetHints":{"allow":["GET"]}}],"collection":[{"href":"https:\/\/jennipitko.fi\/koti\/wp-json\/wp\/v2\/posts"}],"about":[{"href":"https:\/\/jennipitko.fi\/koti\/wp-json\/wp\/v2\/types\/post"}],"author":[{"embeddable":true,"href":"https:\/\/jennipitko.fi\/koti\/wp-json\/wp\/v2\/users\/1"}],"replies":[{"embeddable":true,"href":"https:\/\/jennipitko.fi\/koti\/wp-json\/wp\/v2\/comments?post=2367"}],"version-history":[{"count":1,"href":"https:\/\/jennipitko.fi\/koti\/wp-json\/wp\/v2\/posts\/2367\/revisions"}],"predecessor-version":[{"id":2368,"href":"https:\/\/jennipitko.fi\/koti\/wp-json\/wp\/v2\/posts\/2367\/revisions\/2368"}],"wp:attachment":[{"href":"https:\/\/jennipitko.fi\/koti\/wp-json\/wp\/v2\/media?parent=2367"}],"wp:term":[{"taxonomy":"category","embeddable":true,"href":"https:\/\/jennipitko.fi\/koti\/wp-json\/wp\/v2\/categories?post=2367"},{"taxonomy":"post_tag","embeddable":true,"href":"https:\/\/jennipitko.fi\/koti\/wp-json\/wp\/v2\/tags?post=2367"}],"curies":[{"name":"wp","href":"https:\/\/api.w.org\/{rel}","templated":true}]}}