{"id":2369,"date":"2020-09-30T16:50:46","date_gmt":"2020-09-30T14:50:46","guid":{"rendered":"http:\/\/jennipitko.fi\/koti\/?p=2369"},"modified":"2020-09-30T16:52:19","modified_gmt":"2020-09-30T14:52:19","slug":"puheeni-valikysymyskeskustelussa-kilpailukyvyn-parantaminen-elvytyksella-on-ainoa-kestava-tie-ulos-kriisista","status":"publish","type":"post","link":"https:\/\/jennipitko.fi\/koti\/puheeni-valikysymyskeskustelussa-kilpailukyvyn-parantaminen-elvytyksella-on-ainoa-kestava-tie-ulos-kriisista\/","title":{"rendered":"Puheeni v\u00e4likysymyskeskustelussa: Kilpailukyvyn parantaminen elvytyksell\u00e4 on ainoa kest\u00e4v\u00e4 tie ulos kriisist\u00e4"},"content":{"rendered":"\n<p><em>Pidin Vihreiden ryhm\u00e4puheenvuoron eduskunnassa 30.9.2020, kun t\u00e4ysistunnossa keskusteltiin opposition v\u00e4likysymyksest\u00e4 koskien hallituksen ty\u00f6llisyys- ja talouspolitiikkaa. Lue koko puheeni alta:<br><\/em><br>Arvoisa puhemies,\u00a0<\/p>\n\n\n\n<p>Oppositio per\u00e4\u00e4nkuuluttaa v\u00e4likysymyksess\u00e4\u00e4n vastuullista talouspolitiikkaa.<\/p>\n\n\n\n<p>Sit\u00e4 olisi t\u00e4m\u00e4n v\u00e4likysymyksen ja viime p\u00e4iv\u00e4isten ulostulojen perusteella opposition mielest\u00e4 se, ett\u00e4 keskell\u00e4 globaalia pandemiaa tekisimme merkitt\u00e4vi\u00e4 menoleikkauksia, rankaisisimme ty\u00f6tt\u00f6mi\u00e4 juuri kun ty\u00f6t\u00e4 on tarjolla v\u00e4hemm\u00e4n ja samalla kevent\u00e4isimme hyv\u00e4osaisten verotusta.&nbsp;<\/p>\n\n\n\n<p>Onneksi hallitus ymm\u00e4rt\u00e4\u00e4 vastuullisuuden toisin.&nbsp;<\/p>\n\n\n\n<p>Me kannamme kriisin keskell\u00e4 vastuuta taloudesta,\u00a0mutta my\u00f6s ihmisist\u00e4.<\/p>\n\n\n\n<p>Me haluamme uudistaa taloutta,\u00a0\u00a0mutta tehd\u00e4 sen reilulla tavalla.\u00a0<\/p>\n\n\n\n<p>Me emme halua luoda ep\u00e4toivoa, vaan toivoa.\u00a0<\/p>\n\n\n\n<p>Me emme halua kurjistaa, vaan kannustaa.\u00a0<\/p>\n\n\n\n<p>Me vahvistamme ty\u00f6llisyytt\u00e4 ja taloutta panostamalla suomalaisten osaamiseen ja koulutukseen.<\/p>\n\n\n\n<p>Laajennamme oppivelvollisuusik\u00e4\u00e4 ja laskemme varhaiskasvatusmaksuja.&nbsp;<\/p>\n\n\n\n<p>Tuemme elinik\u00e4ist\u00e4 ja ty\u00f6el\u00e4m\u00e4ss\u00e4 tapahtuvaa oppimista.<br><br>Me my\u00f6s uudistamme ty\u00f6voimapalveluita kohti pohjoismaista mallia, jossa ty\u00f6nhakija saa yksil\u00f6llist\u00e4 tukea.<\/p>\n\n\n\n<p>Lis\u00e4ksi palkkatukea voi jatkossa k\u00e4ytt\u00e4\u00e4 yh\u00e4 useampi yritys ja yh\u00e4 useampi 55-vuotias voi pident\u00e4\u00e4 ty\u00f6uraa el\u00e4keik\u00e4\u00e4n asti.&nbsp;<\/p>\n\n\n\n<p>Koronakriisi on iskenyt erityisesti nuoriin ja siksi me uudistamme oppisopimuskoulutusta ja rahoitamme nuorten ohjaamoja.&nbsp;<\/p>\n\n\n\n<p>Olemme my\u00f6s lis\u00e4nneet korkeakoulujen aloituspaikkoja, jotta nuorilla olisi vaihtoehtoja.<br><br>Arvoisa puhemies,\u00a0<\/p>\n\n\n\n<p>Olemme tilanteessa, jossa on samaan aikaan\u00a0ratkottava montaa kriisi\u00e4.\u00a0<\/p>\n\n\n\n<p>On turvattava ihmisi\u00e4 ja taloutta pandemian keskell\u00e4.\u00a0<\/p>\n\n\n\n<p>On teht\u00e4v\u00e4 uudistuksia, jotka parantavat ty\u00f6llisyytt\u00e4.<\/p>\n\n\n\n<p>On teht\u00e4v\u00e4 reilu muutos hiilineutraaliin maailmaan ja pys\u00e4ytett\u00e4v\u00e4 luonnon monimuotoisuuden hupeneminen.\u00a0<\/p>\n\n\n\n<p>Vakavin velan muoto, mink\u00e4 me voimme j\u00e4lkeemme j\u00e4tt\u00e4\u00e4 on ilmastovelka.\u00a0\u00a0<\/p>\n\n\n\n<p>Ja jos me emme toimisi nyt, j\u00e4tt\u00e4isimme ilmastovelan maksettavaksi seuraaville sukupolville.&nbsp;<\/p>\n\n\n\n<p>Siksi ymp\u00e4rist\u00f6lle haitallisia tukia on lakkautettu ja tukia suunnataan uudelleen v\u00e4h\u00e4hiilisten teknologioiden k\u00e4ytt\u00f6\u00f6n.<\/p>\n\n\n\n<p>Tekem\u00e4ll\u00e4 kunnianhimoista ilmastopolitiikkaa, voimme samalla tarjota suomalaisia innovaatioita ilmastonmuutoksen ratkaisuina muulle maailmalle.&nbsp;&nbsp;<\/p>\n\n\n\n<p>T\u00e4t\u00e4 me olemme hallituksessa tehneet: vahvistaneet taloutta ja ymp\u00e4rist\u00f6\u00e4 samaan aikaan.<\/p>\n\n\n\n<p>T\u00e4t\u00e4, hyv\u00e4 oppositio,\u00a0on todellinen kilpailukyvyn parantaminen.\u00a0<\/p>\n\n\n\n<p>Teemme nyt elvytyst\u00e4, koska emme halua ajaa taloutta alas. Se on ainoa kest\u00e4v\u00e4 tie ulos kriisist\u00e4. Hallituksen politiikka on linjassa vientiyritysten tarpeiden kanssa: luomme varmuutta toimintaymp\u00e4rist\u00f6\u00f6n ja parannamme kilpailukyky\u00e4.&nbsp;<\/p>\n\n\n\n<p>Yritykset ovat nimenomaan ne, jotka meid\u00e4t t\u00e4st\u00e4 kriisist\u00e4 nostavat.&nbsp;<\/p>\n\n\n\n<p>Ne kuitenkin tarvitsevat tukea, jota me nyt annamme sek\u00e4 suorina koronatukina ett\u00e4 elvytyksen kautta.&nbsp;<\/p>\n\n\n\n<p>Samaan aikaan huolehdimme siit\u00e4, ett\u00e4 elvytyksell\u00e4 ei palata samaan vanhaan,\u00a0vaan rakennetaan uutta hiilineutraalia, entist\u00e4 vahvempaa Suomea.<\/p>\n\n\n\n<p>Arvoisa puhemies,&nbsp;<\/p>\n\n\n\n<p>Kun pid\u00e4mme hyv\u00e4\u00e4 huolta ihmisist\u00e4, pid\u00e4mme huolta taloudesta.<\/p>\n\n\n\n<p>Testaa, j\u00e4ljit\u00e4, erist\u00e4 ja hoida -toimintamallin toteuttaminen kasvattaa ensi vuoden alij\u00e4\u00e4m\u00e4\u00e4, mutta viel\u00e4 kalliimmaksi tulisi terveyskriisin hoitamatta j\u00e4tt\u00e4minen.&nbsp;<\/p>\n\n\n\n<p>Kuntia tukemalla tuemme ihmisten peruspalveluita.<\/p>\n\n\n\n<p>Emme halua j\u00e4tt\u00e4\u00e4 ihmisi\u00e4 ja kuntia yksin.<strong>\u00a0<\/strong><\/p>\n\n\n\n<p>Taloutta vahvistetaan my\u00f6s pit\u00e4m\u00e4ll\u00e4 huolta ihmisten jaksamisesta.&nbsp;<\/p>\n\n\n\n<p>Suurin syy j\u00e4\u00e4d\u00e4 ty\u00f6kyvytt\u00f6myysel\u00e4kkeelle t\u00e4n\u00e4 p\u00e4iv\u00e4n\u00e4 on mielenterveyteen liittyv\u00e4t ongelmat.<\/p>\n\n\n\n<p>9 000 ihmist\u00e4 lis\u00e4\u00e4 ty\u00f6markkinoille. Sen voisimme saada, jos puolittaisimme\u00a0mielenterveyden takia ty\u00f6kyvytt\u00f6myysel\u00e4kkeelle j\u00e4\u00e4vien m\u00e4\u00e4r\u00e4n vuosikymmenen loppuun menness\u00e4.\u00a0\u00a0<\/p>\n\n\n\n<p>Siksi panostus mielenterveyteen\u00a0on kovan luokan ty\u00f6llisyystoimi.\u00a0<\/p>\n\n\n\n<p>Arvoisa puhemies,&nbsp;<\/p>\n\n\n\n<p>Opposition teht\u00e4v\u00e4 on kritisoida hallitusta,\u00a0mutta my\u00f6s esitt\u00e4\u00e4 vaihtoehtoja.\u00a0<\/p>\n\n\n\n<p>Niit\u00e4 v\u00e4likysymyksess\u00e4 on niukanlaisesti. <strong><br><\/strong><br>Mutta me tied\u00e4mme, ett\u00e4\u00a0oikeiston talouspolitiikka on leikkausten politiikkaa ja silloin vaarassa ovat luonnonsuojelu, koulutus ja kehitysyhteisty\u00f6. Suojassa eiv\u00e4t ole pienituloiset Suomessa saati maailman k\u00f6yhimm\u00e4t.<\/p>\n\n\n\n<p>Jos joku auttaa meit\u00e4 t\u00e4ss\u00e4 tilanteessa pitk\u00e4lle, niin vakaa hallitus.<\/p>\n\n\n\n<p>Sopii kysy\u00e4, onko vastuullista politiikkaa yritt\u00e4\u00e4 kaataa hallitusta maailmanlaajuisen pandemian keskell\u00e4?<br><br>Talouden kest\u00e4vyys on jaettu huoli.<\/p>\n\n\n\n<p>T\u00e4m\u00e4 hallitus todellakin kantaa vastuuta\u00a0ja se kantaa sit\u00e4 pitk\u00e4lle tulevaisuuteen.\u00a0<\/p>\n\n\n\n<p>Velan ottaminen ei ole helppoa, mutta ehe\u00e4 yhteiskunta on kykenev\u00e4 sen kantamiseen.<\/p>\n\n\n\n<p>Ja koska velka on my\u00f6s maksettava takaisin, me tarvitsemme hyvinvoivia ihmisi\u00e4 ja kriisien l\u00e4pi kest\u00e4vi\u00e4 ty\u00f6paikkoja.<\/p>\n","protected":false},"excerpt":{"rendered":"<p>Pidin Vihreiden ryhm\u00e4puheenvuoron eduskunnassa 30.9.2020, kun t\u00e4ysistunnossa keskusteltiin opposition v\u00e4likysymyksest\u00e4 koskien hallituksen ty\u00f6llisyys- ja talouspolitiikkaa. Lue koko puheeni alta:Arvoisa puhemies,\u00a0 [&hellip;]<\/p>\n","protected":false},"author":1,"featured_media":0,"comment_status":"closed","ping_status":"closed","sticky":false,"template":"","format":"standard","meta":{"_monsterinsights_skip_tracking":false,"_monsterinsights_sitenote_active":false,"_monsterinsights_sitenote_note":"","_monsterinsights_sitenote_category":0,"site-sidebar-layout":"default","site-content-layout":"","ast-site-content-layout":"default","site-content-style":"default","site-sidebar-style":"default","ast-global-header-display":"","ast-banner-title-visibility":"","ast-main-header-display":"","ast-hfb-above-header-display":"","ast-hfb-below-header-display":"","ast-hfb-mobile-header-display":"","site-post-title":"","ast-breadcrumbs-content":"","ast-featured-img":"","footer-sml-layout":"","ast-disable-related-posts":"","theme-transparent-header-meta":"","adv-header-id-meta":"","stick-header-meta":"","header-above-stick-meta":"","header-main-stick-meta":"","header-below-stick-meta":"","astra-migrate-meta-layouts":"default","ast-page-background-enabled":"default","ast-page-background-meta":{"desktop":{"background-color":"var(--ast-global-color-5)","background-image":"","background-repeat":"repeat","background-position":"center center","background-size":"auto","background-attachment":"scroll","background-type":"","background-media":"","overlay-type":"","overlay-color":"","overlay-opacity":"","overlay-gradient":""},"tablet":{"background-color":"","background-image":"","background-repeat":"repeat","background-position":"center center","background-size":"auto","background-attachment":"scroll","background-type":"","background-media":"","overlay-type":"","overlay-color":"","overlay-opacity":"","overlay-gradient":""},"mobile":{"background-color":"","background-image":"","background-repeat":"repeat","background-position":"center center","background-size":"auto","background-attachment":"scroll","background-type":"","background-media":"","overlay-type":"","overlay-color":"","overlay-opacity":"","overlay-gradient":""}},"ast-content-background-meta":{"desktop":{"background-color":"var(--ast-global-color-4)","background-image":"","background-repeat":"repeat","background-position":"center center","background-size":"auto","background-attachment":"scroll","background-type":"","background-media":"","overlay-type":"","overlay-color":"","overlay-opacity":"","overlay-gradient":""},"tablet":{"background-color":"var(--ast-global-color-4)","background-image":"","background-repeat":"repeat","background-position":"center center","background-size":"auto","background-attachment":"scroll","background-type":"","background-media":"","overlay-type":"","overlay-color":"","overlay-opacity":"","overlay-gradient":""},"mobile":{"background-color":"var(--ast-global-color-4)","background-image":"","background-repeat":"repeat","background-position":"center center","background-size":"auto","background-attachment":"scroll","background-type":"","background-media":"","overlay-type":"","overlay-color":"","overlay-opacity":"","overlay-gradient":""}},"footnotes":""},"categories":[2,355],"tags":[271,391,154,380,178,96,429,406],"class_list":["post-2369","post","type-post","status-publish","format-standard","hentry","category-blogi","category-puheeni-eduskunnassa","tag-eduskunta","tag-elvytys","tag-ilmastonmuutos","tag-korona","tag-koulutus","tag-nuoret","tag-valikysymys","tag-vihrea-elvytys"],"yoast_head":"<!-- This site is optimized with the Yoast SEO plugin v27.5 - https:\/\/yoast.com\/product\/yoast-seo-wordpress\/ -->\n<title>Puheeni v\u00e4likysymyskeskustelussa: Kilpailukyvyn parantaminen elvytyksell\u00e4 on ainoa kest\u00e4v\u00e4 tie ulos kriisist\u00e4 - Jenni Pitko - Vihreiden varapuheenjohtaja, ymp\u00e4rist\u00f6valiokunnan puheenjohtaja, kansanedustaja ja arkkitehti Oulusta<\/title>\n<meta name=\"robots\" content=\"index, follow, max-snippet:-1, max-image-preview:large, max-video-preview:-1\" \/>\n<link rel=\"canonical\" href=\"https:\/\/jennipitko.fi\/koti\/puheeni-valikysymyskeskustelussa-kilpailukyvyn-parantaminen-elvytyksella-on-ainoa-kestava-tie-ulos-kriisista\/\" \/>\n<meta property=\"og:locale\" content=\"fi_FI\" \/>\n<meta property=\"og:type\" content=\"article\" \/>\n<meta property=\"og:title\" content=\"Puheeni v\u00e4likysymyskeskustelussa: Kilpailukyvyn parantaminen elvytyksell\u00e4 on ainoa kest\u00e4v\u00e4 tie ulos kriisist\u00e4 - Jenni Pitko - Vihreiden varapuheenjohtaja, ymp\u00e4rist\u00f6valiokunnan puheenjohtaja, kansanedustaja ja arkkitehti Oulusta\" \/>\n<meta property=\"og:description\" content=\"Pidin Vihreiden ryhm\u00e4puheenvuoron eduskunnassa 30.9.2020, kun t\u00e4ysistunnossa keskusteltiin opposition v\u00e4likysymyksest\u00e4 koskien hallituksen ty\u00f6llisyys- ja talouspolitiikkaa. Lue koko puheeni alta:Arvoisa puhemies,\u00a0 [&hellip;]\" \/>\n<meta property=\"og:url\" content=\"https:\/\/jennipitko.fi\/koti\/puheeni-valikysymyskeskustelussa-kilpailukyvyn-parantaminen-elvytyksella-on-ainoa-kestava-tie-ulos-kriisista\/\" \/>\n<meta property=\"og:site_name\" content=\"Jenni Pitko - Vihreiden varapuheenjohtaja, ymp\u00e4rist\u00f6valiokunnan puheenjohtaja, kansanedustaja ja arkkitehti Oulusta\" \/>\n<meta property=\"article:published_time\" content=\"2020-09-30T14:50:46+00:00\" \/>\n<meta property=\"article:modified_time\" content=\"2020-09-30T14:52:19+00:00\" \/>\n<meta name=\"author\" content=\"Jenni\" \/>\n<meta name=\"twitter:card\" content=\"summary_large_image\" \/>\n<meta name=\"twitter:label1\" content=\"Kirjoittanut\" \/>\n\t<meta name=\"twitter:data1\" content=\"Jenni\" \/>\n\t<meta name=\"twitter:label2\" content=\"Arvioitu lukuaika\" \/>\n\t<meta name=\"twitter:data2\" content=\"3 minuuttia\" \/>\n<script type=\"application\/ld+json\" class=\"yoast-schema-graph\">{\"@context\":\"https:\\\/\\\/schema.org\",\"@graph\":[{\"@type\":\"Article\",\"@id\":\"https:\\\/\\\/jennipitko.fi\\\/koti\\\/puheeni-valikysymyskeskustelussa-kilpailukyvyn-parantaminen-elvytyksella-on-ainoa-kestava-tie-ulos-kriisista\\\/#article\",\"isPartOf\":{\"@id\":\"https:\\\/\\\/jennipitko.fi\\\/koti\\\/puheeni-valikysymyskeskustelussa-kilpailukyvyn-parantaminen-elvytyksella-on-ainoa-kestava-tie-ulos-kriisista\\\/\"},\"author\":{\"name\":\"Jenni\",\"@id\":\"https:\\\/\\\/jennipitko.fi\\\/koti\\\/#\\\/schema\\\/person\\\/35955c467f851f10124809310e7e7ee8\"},\"headline\":\"Puheeni v\u00e4likysymyskeskustelussa: Kilpailukyvyn parantaminen elvytyksell\u00e4 on ainoa kest\u00e4v\u00e4 tie ulos kriisist\u00e4\",\"datePublished\":\"2020-09-30T14:50:46+00:00\",\"dateModified\":\"2020-09-30T14:52:19+00:00\",\"mainEntityOfPage\":{\"@id\":\"https:\\\/\\\/jennipitko.fi\\\/koti\\\/puheeni-valikysymyskeskustelussa-kilpailukyvyn-parantaminen-elvytyksella-on-ainoa-kestava-tie-ulos-kriisista\\\/\"},\"wordCount\":652,\"publisher\":{\"@id\":\"https:\\\/\\\/jennipitko.fi\\\/koti\\\/#organization\"},\"keywords\":[\"eduskunta\",\"elvytys\",\"ilmastonmuutos\",\"korona\",\"koulutus\",\"nuoret\",\"v\u00e4likysymys\",\"vihre\u00e4 elvytys\"],\"articleSection\":[\"Blogi\",\"Puheeni eduskunnassa\"],\"inLanguage\":\"fi\"},{\"@type\":\"WebPage\",\"@id\":\"https:\\\/\\\/jennipitko.fi\\\/koti\\\/puheeni-valikysymyskeskustelussa-kilpailukyvyn-parantaminen-elvytyksella-on-ainoa-kestava-tie-ulos-kriisista\\\/\",\"url\":\"https:\\\/\\\/jennipitko.fi\\\/koti\\\/puheeni-valikysymyskeskustelussa-kilpailukyvyn-parantaminen-elvytyksella-on-ainoa-kestava-tie-ulos-kriisista\\\/\",\"name\":\"Puheeni v\u00e4likysymyskeskustelussa: Kilpailukyvyn parantaminen elvytyksell\u00e4 on ainoa kest\u00e4v\u00e4 tie ulos kriisist\u00e4 - Jenni Pitko - Vihreiden varapuheenjohtaja, ymp\u00e4rist\u00f6valiokunnan puheenjohtaja, kansanedustaja ja arkkitehti Oulusta\",\"isPartOf\":{\"@id\":\"https:\\\/\\\/jennipitko.fi\\\/koti\\\/#website\"},\"datePublished\":\"2020-09-30T14:50:46+00:00\",\"dateModified\":\"2020-09-30T14:52:19+00:00\",\"breadcrumb\":{\"@id\":\"https:\\\/\\\/jennipitko.fi\\\/koti\\\/puheeni-valikysymyskeskustelussa-kilpailukyvyn-parantaminen-elvytyksella-on-ainoa-kestava-tie-ulos-kriisista\\\/#breadcrumb\"},\"inLanguage\":\"fi\",\"potentialAction\":[{\"@type\":\"ReadAction\",\"target\":[\"https:\\\/\\\/jennipitko.fi\\\/koti\\\/puheeni-valikysymyskeskustelussa-kilpailukyvyn-parantaminen-elvytyksella-on-ainoa-kestava-tie-ulos-kriisista\\\/\"]}]},{\"@type\":\"BreadcrumbList\",\"@id\":\"https:\\\/\\\/jennipitko.fi\\\/koti\\\/puheeni-valikysymyskeskustelussa-kilpailukyvyn-parantaminen-elvytyksella-on-ainoa-kestava-tie-ulos-kriisista\\\/#breadcrumb\",\"itemListElement\":[{\"@type\":\"ListItem\",\"position\":1,\"name\":\"Home\",\"item\":\"https:\\\/\\\/jennipitko.fi\\\/koti\\\/\"},{\"@type\":\"ListItem\",\"position\":2,\"name\":\"Puheeni v\u00e4likysymyskeskustelussa: Kilpailukyvyn parantaminen elvytyksell\u00e4 on ainoa kest\u00e4v\u00e4 tie ulos kriisist\u00e4\"}]},{\"@type\":\"WebSite\",\"@id\":\"https:\\\/\\\/jennipitko.fi\\\/koti\\\/#website\",\"url\":\"https:\\\/\\\/jennipitko.fi\\\/koti\\\/\",\"name\":\"Jenni Pitko - Vihreiden varapuheenjohtaja, ymp\u00e4rist\u00f6valiokunnan puheenjohtaja, kansanedustaja ja arkkitehti Oulusta\",\"description\":\"Jenni Pitko - Vihreiden varapuheenjohtaja, ymp\u00e4rist\u00f6valiokunnan puheenjohtaja, kansanedustaja ja arkkitehti Oulusta\",\"publisher\":{\"@id\":\"https:\\\/\\\/jennipitko.fi\\\/koti\\\/#organization\"},\"potentialAction\":[{\"@type\":\"SearchAction\",\"target\":{\"@type\":\"EntryPoint\",\"urlTemplate\":\"https:\\\/\\\/jennipitko.fi\\\/koti\\\/?s={search_term_string}\"},\"query-input\":{\"@type\":\"PropertyValueSpecification\",\"valueRequired\":true,\"valueName\":\"search_term_string\"}}],\"inLanguage\":\"fi\"},{\"@type\":\"Organization\",\"@id\":\"https:\\\/\\\/jennipitko.fi\\\/koti\\\/#organization\",\"name\":\"Jenni Pitko - Vihreiden varapuheenjohtaja, ymp\u00e4rist\u00f6valiokunnan puheenjohtaja, kansanedustaja ja arkkitehti Oulusta\",\"url\":\"https:\\\/\\\/jennipitko.fi\\\/koti\\\/\",\"logo\":{\"@type\":\"ImageObject\",\"inLanguage\":\"fi\",\"@id\":\"https:\\\/\\\/jennipitko.fi\\\/koti\\\/#\\\/schema\\\/logo\\\/image\\\/\",\"url\":\"https:\\\/\\\/jennipitko.fi\\\/koti\\\/wp-content\\\/uploads\\\/2025\\\/09\\\/Nimeton-malli-38.png\",\"contentUrl\":\"https:\\\/\\\/jennipitko.fi\\\/koti\\\/wp-content\\\/uploads\\\/2025\\\/09\\\/Nimeton-malli-38.png\",\"width\":1280,\"height\":847,\"caption\":\"Jenni Pitko - Vihreiden varapuheenjohtaja, ymp\u00e4rist\u00f6valiokunnan puheenjohtaja, kansanedustaja ja arkkitehti Oulusta\"},\"image\":{\"@id\":\"https:\\\/\\\/jennipitko.fi\\\/koti\\\/#\\\/schema\\\/logo\\\/image\\\/\"}},{\"@type\":\"Person\",\"@id\":\"https:\\\/\\\/jennipitko.fi\\\/koti\\\/#\\\/schema\\\/person\\\/35955c467f851f10124809310e7e7ee8\",\"name\":\"Jenni\",\"image\":{\"@type\":\"ImageObject\",\"inLanguage\":\"fi\",\"@id\":\"https:\\\/\\\/secure.gravatar.com\\\/avatar\\\/625a0e6413b293da7739d42617828d564a4d6028aec3f45d8939a2ba1617199f?s=96&d=blank&r=g\",\"url\":\"https:\\\/\\\/secure.gravatar.com\\\/avatar\\\/625a0e6413b293da7739d42617828d564a4d6028aec3f45d8939a2ba1617199f?s=96&d=blank&r=g\",\"contentUrl\":\"https:\\\/\\\/secure.gravatar.com\\\/avatar\\\/625a0e6413b293da7739d42617828d564a4d6028aec3f45d8939a2ba1617199f?s=96&d=blank&r=g\",\"caption\":\"Jenni\"},\"url\":\"https:\\\/\\\/jennipitko.fi\\\/koti\\\/author\\\/jenni\\\/\"}]}<\/script>\n<!-- \/ Yoast SEO plugin. -->","yoast_head_json":{"title":"Puheeni v\u00e4likysymyskeskustelussa: Kilpailukyvyn parantaminen elvytyksell\u00e4 on ainoa kest\u00e4v\u00e4 tie ulos kriisist\u00e4 - Jenni Pitko - Vihreiden varapuheenjohtaja, ymp\u00e4rist\u00f6valiokunnan puheenjohtaja, kansanedustaja ja arkkitehti Oulusta","robots":{"index":"index","follow":"follow","max-snippet":"max-snippet:-1","max-image-preview":"max-image-preview:large","max-video-preview":"max-video-preview:-1"},"canonical":"https:\/\/jennipitko.fi\/koti\/puheeni-valikysymyskeskustelussa-kilpailukyvyn-parantaminen-elvytyksella-on-ainoa-kestava-tie-ulos-kriisista\/","og_locale":"fi_FI","og_type":"article","og_title":"Puheeni v\u00e4likysymyskeskustelussa: Kilpailukyvyn parantaminen elvytyksell\u00e4 on ainoa kest\u00e4v\u00e4 tie ulos kriisist\u00e4 - Jenni Pitko - Vihreiden varapuheenjohtaja, ymp\u00e4rist\u00f6valiokunnan puheenjohtaja, kansanedustaja ja arkkitehti Oulusta","og_description":"Pidin Vihreiden ryhm\u00e4puheenvuoron eduskunnassa 30.9.2020, kun t\u00e4ysistunnossa keskusteltiin opposition v\u00e4likysymyksest\u00e4 koskien hallituksen ty\u00f6llisyys- ja talouspolitiikkaa. Lue koko puheeni alta:Arvoisa puhemies,\u00a0 [&hellip;]","og_url":"https:\/\/jennipitko.fi\/koti\/puheeni-valikysymyskeskustelussa-kilpailukyvyn-parantaminen-elvytyksella-on-ainoa-kestava-tie-ulos-kriisista\/","og_site_name":"Jenni Pitko - Vihreiden varapuheenjohtaja, ymp\u00e4rist\u00f6valiokunnan puheenjohtaja, kansanedustaja ja arkkitehti Oulusta","article_published_time":"2020-09-30T14:50:46+00:00","article_modified_time":"2020-09-30T14:52:19+00:00","author":"Jenni","twitter_card":"summary_large_image","twitter_misc":{"Kirjoittanut":"Jenni","Arvioitu lukuaika":"3 minuuttia"},"schema":{"@context":"https:\/\/schema.org","@graph":[{"@type":"Article","@id":"https:\/\/jennipitko.fi\/koti\/puheeni-valikysymyskeskustelussa-kilpailukyvyn-parantaminen-elvytyksella-on-ainoa-kestava-tie-ulos-kriisista\/#article","isPartOf":{"@id":"https:\/\/jennipitko.fi\/koti\/puheeni-valikysymyskeskustelussa-kilpailukyvyn-parantaminen-elvytyksella-on-ainoa-kestava-tie-ulos-kriisista\/"},"author":{"name":"Jenni","@id":"https:\/\/jennipitko.fi\/koti\/#\/schema\/person\/35955c467f851f10124809310e7e7ee8"},"headline":"Puheeni v\u00e4likysymyskeskustelussa: Kilpailukyvyn parantaminen elvytyksell\u00e4 on ainoa kest\u00e4v\u00e4 tie ulos kriisist\u00e4","datePublished":"2020-09-30T14:50:46+00:00","dateModified":"2020-09-30T14:52:19+00:00","mainEntityOfPage":{"@id":"https:\/\/jennipitko.fi\/koti\/puheeni-valikysymyskeskustelussa-kilpailukyvyn-parantaminen-elvytyksella-on-ainoa-kestava-tie-ulos-kriisista\/"},"wordCount":652,"publisher":{"@id":"https:\/\/jennipitko.fi\/koti\/#organization"},"keywords":["eduskunta","elvytys","ilmastonmuutos","korona","koulutus","nuoret","v\u00e4likysymys","vihre\u00e4 elvytys"],"articleSection":["Blogi","Puheeni eduskunnassa"],"inLanguage":"fi"},{"@type":"WebPage","@id":"https:\/\/jennipitko.fi\/koti\/puheeni-valikysymyskeskustelussa-kilpailukyvyn-parantaminen-elvytyksella-on-ainoa-kestava-tie-ulos-kriisista\/","url":"https:\/\/jennipitko.fi\/koti\/puheeni-valikysymyskeskustelussa-kilpailukyvyn-parantaminen-elvytyksella-on-ainoa-kestava-tie-ulos-kriisista\/","name":"Puheeni v\u00e4likysymyskeskustelussa: Kilpailukyvyn parantaminen elvytyksell\u00e4 on ainoa kest\u00e4v\u00e4 tie ulos kriisist\u00e4 - Jenni Pitko - Vihreiden varapuheenjohtaja, ymp\u00e4rist\u00f6valiokunnan puheenjohtaja, kansanedustaja ja arkkitehti Oulusta","isPartOf":{"@id":"https:\/\/jennipitko.fi\/koti\/#website"},"datePublished":"2020-09-30T14:50:46+00:00","dateModified":"2020-09-30T14:52:19+00:00","breadcrumb":{"@id":"https:\/\/jennipitko.fi\/koti\/puheeni-valikysymyskeskustelussa-kilpailukyvyn-parantaminen-elvytyksella-on-ainoa-kestava-tie-ulos-kriisista\/#breadcrumb"},"inLanguage":"fi","potentialAction":[{"@type":"ReadAction","target":["https:\/\/jennipitko.fi\/koti\/puheeni-valikysymyskeskustelussa-kilpailukyvyn-parantaminen-elvytyksella-on-ainoa-kestava-tie-ulos-kriisista\/"]}]},{"@type":"BreadcrumbList","@id":"https:\/\/jennipitko.fi\/koti\/puheeni-valikysymyskeskustelussa-kilpailukyvyn-parantaminen-elvytyksella-on-ainoa-kestava-tie-ulos-kriisista\/#breadcrumb","itemListElement":[{"@type":"ListItem","position":1,"name":"Home","item":"https:\/\/jennipitko.fi\/koti\/"},{"@type":"ListItem","position":2,"name":"Puheeni v\u00e4likysymyskeskustelussa: Kilpailukyvyn parantaminen elvytyksell\u00e4 on ainoa kest\u00e4v\u00e4 tie ulos kriisist\u00e4"}]},{"@type":"WebSite","@id":"https:\/\/jennipitko.fi\/koti\/#website","url":"https:\/\/jennipitko.fi\/koti\/","name":"Jenni Pitko - Vihreiden varapuheenjohtaja, ymp\u00e4rist\u00f6valiokunnan puheenjohtaja, kansanedustaja ja arkkitehti Oulusta","description":"Jenni Pitko - Vihreiden varapuheenjohtaja, ymp\u00e4rist\u00f6valiokunnan puheenjohtaja, kansanedustaja ja arkkitehti Oulusta","publisher":{"@id":"https:\/\/jennipitko.fi\/koti\/#organization"},"potentialAction":[{"@type":"SearchAction","target":{"@type":"EntryPoint","urlTemplate":"https:\/\/jennipitko.fi\/koti\/?s={search_term_string}"},"query-input":{"@type":"PropertyValueSpecification","valueRequired":true,"valueName":"search_term_string"}}],"inLanguage":"fi"},{"@type":"Organization","@id":"https:\/\/jennipitko.fi\/koti\/#organization","name":"Jenni Pitko - Vihreiden varapuheenjohtaja, ymp\u00e4rist\u00f6valiokunnan puheenjohtaja, kansanedustaja ja arkkitehti Oulusta","url":"https:\/\/jennipitko.fi\/koti\/","logo":{"@type":"ImageObject","inLanguage":"fi","@id":"https:\/\/jennipitko.fi\/koti\/#\/schema\/logo\/image\/","url":"https:\/\/jennipitko.fi\/koti\/wp-content\/uploads\/2025\/09\/Nimeton-malli-38.png","contentUrl":"https:\/\/jennipitko.fi\/koti\/wp-content\/uploads\/2025\/09\/Nimeton-malli-38.png","width":1280,"height":847,"caption":"Jenni Pitko - Vihreiden varapuheenjohtaja, ymp\u00e4rist\u00f6valiokunnan puheenjohtaja, kansanedustaja ja arkkitehti Oulusta"},"image":{"@id":"https:\/\/jennipitko.fi\/koti\/#\/schema\/logo\/image\/"}},{"@type":"Person","@id":"https:\/\/jennipitko.fi\/koti\/#\/schema\/person\/35955c467f851f10124809310e7e7ee8","name":"Jenni","image":{"@type":"ImageObject","inLanguage":"fi","@id":"https:\/\/secure.gravatar.com\/avatar\/625a0e6413b293da7739d42617828d564a4d6028aec3f45d8939a2ba1617199f?s=96&d=blank&r=g","url":"https:\/\/secure.gravatar.com\/avatar\/625a0e6413b293da7739d42617828d564a4d6028aec3f45d8939a2ba1617199f?s=96&d=blank&r=g","contentUrl":"https:\/\/secure.gravatar.com\/avatar\/625a0e6413b293da7739d42617828d564a4d6028aec3f45d8939a2ba1617199f?s=96&d=blank&r=g","caption":"Jenni"},"url":"https:\/\/jennipitko.fi\/koti\/author\/jenni\/"}]}},"_links":{"self":[{"href":"https:\/\/jennipitko.fi\/koti\/wp-json\/wp\/v2\/posts\/2369","targetHints":{"allow":["GET"]}}],"collection":[{"href":"https:\/\/jennipitko.fi\/koti\/wp-json\/wp\/v2\/posts"}],"about":[{"href":"https:\/\/jennipitko.fi\/koti\/wp-json\/wp\/v2\/types\/post"}],"author":[{"embeddable":true,"href":"https:\/\/jennipitko.fi\/koti\/wp-json\/wp\/v2\/users\/1"}],"replies":[{"embeddable":true,"href":"https:\/\/jennipitko.fi\/koti\/wp-json\/wp\/v2\/comments?post=2369"}],"version-history":[{"count":1,"href":"https:\/\/jennipitko.fi\/koti\/wp-json\/wp\/v2\/posts\/2369\/revisions"}],"predecessor-version":[{"id":2370,"href":"https:\/\/jennipitko.fi\/koti\/wp-json\/wp\/v2\/posts\/2369\/revisions\/2370"}],"wp:attachment":[{"href":"https:\/\/jennipitko.fi\/koti\/wp-json\/wp\/v2\/media?parent=2369"}],"wp:term":[{"taxonomy":"category","embeddable":true,"href":"https:\/\/jennipitko.fi\/koti\/wp-json\/wp\/v2\/categories?post=2369"},{"taxonomy":"post_tag","embeddable":true,"href":"https:\/\/jennipitko.fi\/koti\/wp-json\/wp\/v2\/tags?post=2369"}],"curies":[{"name":"wp","href":"https:\/\/api.w.org\/{rel}","templated":true}]}}