{"id":2373,"date":"2020-10-06T13:28:14","date_gmt":"2020-10-06T11:28:14","guid":{"rendered":"http:\/\/jennipitko.fi\/koti\/?p=2373"},"modified":"2021-02-11T16:02:14","modified_gmt":"2021-02-11T14:02:14","slug":"saamelaisille-mahdollisuus-kieltaa-kaivokset-saamelaisalueella","status":"publish","type":"post","link":"https:\/\/jennipitko.fi\/koti\/saamelaisille-mahdollisuus-kieltaa-kaivokset-saamelaisalueella\/","title":{"rendered":"Saamelaisille mahdollisuus kielt\u00e4\u00e4 kaivokset saamelaisalueella"},"content":{"rendered":"\n<p><em>Kaivostoiminta ei sovi yhteen saamelaisten perinteisen el\u00e4m\u00e4ntavan kanssa. Yht\u00e4k\u00e4\u00e4n kaivosta ei pit\u00e4isi saada perustaa Saamenmaalle ilman saamelaisten lupaa.<\/em><\/p>\n\n\n\n<p>Kaivostoiminta on puhututtanut paljon viime aikoina. Valmistelemme parhaillaan hallituksessa uutta kaivoslakia, jonka tavoitteena on ekologisesti, sosiaalisesti ja taloudellisesti kest\u00e4v\u00e4 kaivostoiminta.&nbsp;<\/p>\n\n\n\n<p>On selv\u00e4\u00e4, ett\u00e4 esimerkiksi liikenteen s\u00e4hk\u00f6istymiseksi tarvitsemme mineraaleja, jotka ovat akkuteollisuuden raaka-aineita. Kaivoksia tulisi kuitenkin perustaa vain alueille, joilla niill\u00e4 on paikallisten ihmisten hyv\u00e4ksynt\u00e4. Asukkaiden vaikuttamismahdollisuuksia omaan elinymp\u00e4rist\u00f6\u00f6ns\u00e4 on kaivoslain uudistuksen yhteydess\u00e4 vahvistettava. Kaivokset eiv\u00e4t sovi kaikkialle.<\/p>\n\n\n\n<p>Esimerkiksi Saimaalle, K\u00e4sivarteen ja monille muille paikkakunnille hiljattain my\u00f6nnetyt malminetsint\u00e4luvat ovat syyst\u00e4kin her\u00e4tt\u00e4neet paljon vastustusta paikallisten keskuudessa. Kaikissa n\u00e4iss\u00e4 tapauksissa kaivokset uhkaisivat t\u00e4rkeit\u00e4 luonto- ja maisema-arvoja. Kaivostoimintaa ei tulisi harjoittaa alueilla, jotka ovat luonnon monimuotoisuuden kannalta arvokkaita tai maisemallisesti merkitt\u00e4vi\u00e4.&nbsp;<\/p>\n\n\n\n<p>Erityisen huonosti kaivokset sopivat K\u00e4sivarteen, joka on saamelaisten kotiseutualuetta. Saamelaisten kotiseutualue kattaa Suomen puolella kolme pohjoisinta kuntaa sek\u00e4 Lapin paliskunnan alueen Sodankyl\u00e4n kunnan puolella. Alue on ollut saamelaisten koti jo tuhansia vuosia. Juuri t\u00e4h\u00e4n perustuu saamelaisten asema saamelaisalueen alkuper\u00e4iskansana ja juuri siksi saamelaisten oikeudet harjoittaa kulttuuriaan on turvattu perustuslaissa.<\/p>\n\n\n\n<p>Kaivokset ovat todellinen uhka jo valmiiksi uhanalaiselle saamelaiskulttuurille ja koko alkuper\u00e4iskansan olemassaololle. Kaivostoiminta h\u00e4iritsisi merkitt\u00e4v\u00e4sti saamelaisten perinteisi\u00e4 elinkeinoja, joiden harjoittaminen on kulttuurin s\u00e4ilymisen elinehto.&nbsp;<\/p>\n\n\n\n<p>Saamelaisten t\u00e4rkeimpi\u00e4 elinkeinoja on poronhoito, jonka edellytykset kaivostoiminta tuhoaisi viem\u00e4ll\u00e4 poroilta laidunalaa ja katkaisemalla porojen ikiaikaisia vaellusreittej\u00e4. My\u00f6sk\u00e4\u00e4n muut saamelaiskulttuurille t\u00e4rke\u00e4t luontaiselinkeinot, kuten kalastus, mets\u00e4stys ja ker\u00e4ily, eiv\u00e4t sovi yhteen kaivosteollisuuden kanssa.<\/p>\n\n\n\n<p>Saamelaisilla on oltava oikeus kulttuurinsa harjoittamiseen, mutta my\u00f6s oikeus tulevaisuuteen. Kaivostoiminta saamelaisalueella horjuttaisi saamelaisten tulevaisuutta ja sy\u00f6ksisi monet ep\u00e4varmuuteen kulttuurin jatkamismahdollisuuksista. Suomalainen lains\u00e4\u00e4d\u00e4nt\u00f6 on liian kauan pit\u00e4nyt saamelaisia tilanteessa, jossa heid\u00e4n vaikutusmahdollisuutensa omaan tulevaisuuteensa ovat heikot.<\/p>\n\n\n\n<p>Saamelaiset ovatkin nousseet vastustamaan malminetsint\u00e4lupia, jotka on hiljattain my\u00f6nnetty K\u00e4sivarteen saamelaisia kuulematta. Kaivosten suunnitteleminen Saamenmaalle ilman yhteis\u00f6n suostumusta sotii niin sanottua FPIC-periaatetta vastaan. FPIC eli Free, Prior and Informed Consent tarkoittaa YK:n m\u00e4\u00e4rittelem\u00e4\u00e4 toimintatapaa, jossa alkuper\u00e4iskansojen mailla toteutetaan vain sellaisia hankkeita, joihin alkuper\u00e4iskansa itse on antanut suostumuksensa tasavertaisista neuvotteluasemista k\u00e4sin. Jos t\u00e4t\u00e4 toimintatapaa noudatettaisiin my\u00f6s Suomessa, saamelaisten kotiseutualueelle tuskin my\u00f6nnett\u00e4isiiin malminetsint\u00e4lupia.<\/p>\n\n\n\n<p>Suomen tulee kunnioittaa alkuper\u00e4iskansan itsem\u00e4\u00e4r\u00e4\u00e4misoikeutta ja saamelaisten oikeutta harjoittaa perinteisi\u00e4 elinkeinoja. Saamelaisten sek\u00e4 heid\u00e4n kulttuurinsa ja el\u00e4m\u00e4ntapansa suojelemiseksi kaivostoiminta tulisi rajata kokonaan pois saamelaisten kotiseutualueelta, ellei yhteis\u00f6 erikseen osoita sellaista toimintaa kohtaan hyv\u00e4ksynt\u00e4\u00e4ns\u00e4. K\u00e4yt\u00e4nn\u00f6ss\u00e4 t\u00e4m\u00e4 voitaisiin toteuttaa erillisell\u00e4 lailla tai kirjaamalla uuteen kaivoslakiin vahva ja aidosti vaikuttava saamelaiskulttuurin heikent\u00e4miskielto. Saamelaisten elinkeinot on asetettava ensisijalle saamelaisalueella ja perinteisten elinkeinojen ahtaalle ajaminen on lopetettava.<\/p>\n\n\n\n<p><em>Kirjoitus on julkaistu alunperin vihreiden blogissa 6.10.<\/em><\/p>\n","protected":false},"excerpt":{"rendered":"<p>Kaivostoiminta ei sovi yhteen saamelaisten perinteisen el\u00e4m\u00e4ntavan kanssa. Yht\u00e4k\u00e4\u00e4n kaivosta ei pit\u00e4isi saada perustaa Saamenmaalle ilman saamelaisten lupaa. Kaivostoiminta on [&hellip;]<\/p>\n","protected":false},"author":1,"featured_media":0,"comment_status":"closed","ping_status":"closed","sticky":false,"template":"","format":"standard","meta":{"_monsterinsights_skip_tracking":false,"_monsterinsights_sitenote_active":false,"_monsterinsights_sitenote_note":"","_monsterinsights_sitenote_category":0,"site-sidebar-layout":"default","site-content-layout":"","ast-site-content-layout":"default","site-content-style":"default","site-sidebar-style":"default","ast-global-header-display":"","ast-banner-title-visibility":"","ast-main-header-display":"","ast-hfb-above-header-display":"","ast-hfb-below-header-display":"","ast-hfb-mobile-header-display":"","site-post-title":"","ast-breadcrumbs-content":"","ast-featured-img":"","footer-sml-layout":"","ast-disable-related-posts":"","theme-transparent-header-meta":"","adv-header-id-meta":"","stick-header-meta":"","header-above-stick-meta":"","header-main-stick-meta":"","header-below-stick-meta":"","astra-migrate-meta-layouts":"default","ast-page-background-enabled":"default","ast-page-background-meta":{"desktop":{"background-color":"var(--ast-global-color-5)","background-image":"","background-repeat":"repeat","background-position":"center center","background-size":"auto","background-attachment":"scroll","background-type":"","background-media":"","overlay-type":"","overlay-color":"","overlay-opacity":"","overlay-gradient":""},"tablet":{"background-color":"","background-image":"","background-repeat":"repeat","background-position":"center center","background-size":"auto","background-attachment":"scroll","background-type":"","background-media":"","overlay-type":"","overlay-color":"","overlay-opacity":"","overlay-gradient":""},"mobile":{"background-color":"","background-image":"","background-repeat":"repeat","background-position":"center center","background-size":"auto","background-attachment":"scroll","background-type":"","background-media":"","overlay-type":"","overlay-color":"","overlay-opacity":"","overlay-gradient":""}},"ast-content-background-meta":{"desktop":{"background-color":"var(--ast-global-color-4)","background-image":"","background-repeat":"repeat","background-position":"center center","background-size":"auto","background-attachment":"scroll","background-type":"","background-media":"","overlay-type":"","overlay-color":"","overlay-opacity":"","overlay-gradient":""},"tablet":{"background-color":"var(--ast-global-color-4)","background-image":"","background-repeat":"repeat","background-position":"center center","background-size":"auto","background-attachment":"scroll","background-type":"","background-media":"","overlay-type":"","overlay-color":"","overlay-opacity":"","overlay-gradient":""},"mobile":{"background-color":"var(--ast-global-color-4)","background-image":"","background-repeat":"repeat","background-position":"center center","background-size":"auto","background-attachment":"scroll","background-type":"","background-media":"","overlay-type":"","overlay-color":"","overlay-opacity":"","overlay-gradient":""}},"footnotes":""},"categories":[1],"tags":[],"class_list":["post-2373","post","type-post","status-publish","format-standard","hentry","category-uncategorized"],"yoast_head":"<!-- This site is optimized with the Yoast SEO plugin v27.5 - https:\/\/yoast.com\/product\/yoast-seo-wordpress\/ -->\n<title>Saamelaisille mahdollisuus kielt\u00e4\u00e4 kaivokset saamelaisalueella - Jenni Pitko - Vihreiden varapuheenjohtaja, ymp\u00e4rist\u00f6valiokunnan puheenjohtaja, kansanedustaja ja arkkitehti Oulusta<\/title>\n<meta name=\"robots\" content=\"index, follow, max-snippet:-1, max-image-preview:large, max-video-preview:-1\" \/>\n<link rel=\"canonical\" href=\"https:\/\/jennipitko.fi\/koti\/saamelaisille-mahdollisuus-kieltaa-kaivokset-saamelaisalueella\/\" \/>\n<meta property=\"og:locale\" content=\"fi_FI\" \/>\n<meta property=\"og:type\" content=\"article\" \/>\n<meta property=\"og:title\" content=\"Saamelaisille mahdollisuus kielt\u00e4\u00e4 kaivokset saamelaisalueella - Jenni Pitko - Vihreiden varapuheenjohtaja, ymp\u00e4rist\u00f6valiokunnan puheenjohtaja, kansanedustaja ja arkkitehti Oulusta\" \/>\n<meta property=\"og:description\" content=\"Kaivostoiminta ei sovi yhteen saamelaisten perinteisen el\u00e4m\u00e4ntavan kanssa. Yht\u00e4k\u00e4\u00e4n kaivosta ei pit\u00e4isi saada perustaa Saamenmaalle ilman saamelaisten lupaa. Kaivostoiminta on [&hellip;]\" \/>\n<meta property=\"og:url\" content=\"https:\/\/jennipitko.fi\/koti\/saamelaisille-mahdollisuus-kieltaa-kaivokset-saamelaisalueella\/\" \/>\n<meta property=\"og:site_name\" content=\"Jenni Pitko - Vihreiden varapuheenjohtaja, ymp\u00e4rist\u00f6valiokunnan puheenjohtaja, kansanedustaja ja arkkitehti Oulusta\" \/>\n<meta property=\"article:published_time\" content=\"2020-10-06T11:28:14+00:00\" \/>\n<meta property=\"article:modified_time\" content=\"2021-02-11T14:02:14+00:00\" \/>\n<meta name=\"author\" content=\"Jenni\" \/>\n<meta name=\"twitter:card\" content=\"summary_large_image\" \/>\n<meta name=\"twitter:label1\" content=\"Kirjoittanut\" \/>\n\t<meta name=\"twitter:data1\" content=\"Jenni\" \/>\n\t<meta name=\"twitter:label2\" content=\"Arvioitu lukuaika\" \/>\n\t<meta name=\"twitter:data2\" content=\"2 minuuttia\" \/>\n<script type=\"application\/ld+json\" class=\"yoast-schema-graph\">{\"@context\":\"https:\\\/\\\/schema.org\",\"@graph\":[{\"@type\":\"Article\",\"@id\":\"https:\\\/\\\/jennipitko.fi\\\/koti\\\/saamelaisille-mahdollisuus-kieltaa-kaivokset-saamelaisalueella\\\/#article\",\"isPartOf\":{\"@id\":\"https:\\\/\\\/jennipitko.fi\\\/koti\\\/saamelaisille-mahdollisuus-kieltaa-kaivokset-saamelaisalueella\\\/\"},\"author\":{\"name\":\"Jenni\",\"@id\":\"https:\\\/\\\/jennipitko.fi\\\/koti\\\/#\\\/schema\\\/person\\\/35955c467f851f10124809310e7e7ee8\"},\"headline\":\"Saamelaisille mahdollisuus kielt\u00e4\u00e4 kaivokset saamelaisalueella\",\"datePublished\":\"2020-10-06T11:28:14+00:00\",\"dateModified\":\"2021-02-11T14:02:14+00:00\",\"mainEntityOfPage\":{\"@id\":\"https:\\\/\\\/jennipitko.fi\\\/koti\\\/saamelaisille-mahdollisuus-kieltaa-kaivokset-saamelaisalueella\\\/\"},\"wordCount\":467,\"publisher\":{\"@id\":\"https:\\\/\\\/jennipitko.fi\\\/koti\\\/#organization\"},\"articleSection\":[\"Uncategorized\"],\"inLanguage\":\"fi\"},{\"@type\":\"WebPage\",\"@id\":\"https:\\\/\\\/jennipitko.fi\\\/koti\\\/saamelaisille-mahdollisuus-kieltaa-kaivokset-saamelaisalueella\\\/\",\"url\":\"https:\\\/\\\/jennipitko.fi\\\/koti\\\/saamelaisille-mahdollisuus-kieltaa-kaivokset-saamelaisalueella\\\/\",\"name\":\"Saamelaisille mahdollisuus kielt\u00e4\u00e4 kaivokset saamelaisalueella - Jenni Pitko - Vihreiden varapuheenjohtaja, ymp\u00e4rist\u00f6valiokunnan puheenjohtaja, kansanedustaja ja arkkitehti Oulusta\",\"isPartOf\":{\"@id\":\"https:\\\/\\\/jennipitko.fi\\\/koti\\\/#website\"},\"datePublished\":\"2020-10-06T11:28:14+00:00\",\"dateModified\":\"2021-02-11T14:02:14+00:00\",\"breadcrumb\":{\"@id\":\"https:\\\/\\\/jennipitko.fi\\\/koti\\\/saamelaisille-mahdollisuus-kieltaa-kaivokset-saamelaisalueella\\\/#breadcrumb\"},\"inLanguage\":\"fi\",\"potentialAction\":[{\"@type\":\"ReadAction\",\"target\":[\"https:\\\/\\\/jennipitko.fi\\\/koti\\\/saamelaisille-mahdollisuus-kieltaa-kaivokset-saamelaisalueella\\\/\"]}]},{\"@type\":\"BreadcrumbList\",\"@id\":\"https:\\\/\\\/jennipitko.fi\\\/koti\\\/saamelaisille-mahdollisuus-kieltaa-kaivokset-saamelaisalueella\\\/#breadcrumb\",\"itemListElement\":[{\"@type\":\"ListItem\",\"position\":1,\"name\":\"Home\",\"item\":\"https:\\\/\\\/jennipitko.fi\\\/koti\\\/\"},{\"@type\":\"ListItem\",\"position\":2,\"name\":\"Saamelaisille mahdollisuus kielt\u00e4\u00e4 kaivokset saamelaisalueella\"}]},{\"@type\":\"WebSite\",\"@id\":\"https:\\\/\\\/jennipitko.fi\\\/koti\\\/#website\",\"url\":\"https:\\\/\\\/jennipitko.fi\\\/koti\\\/\",\"name\":\"Jenni Pitko - Vihreiden varapuheenjohtaja, ymp\u00e4rist\u00f6valiokunnan puheenjohtaja, kansanedustaja ja arkkitehti Oulusta\",\"description\":\"Jenni Pitko - Vihreiden varapuheenjohtaja, ymp\u00e4rist\u00f6valiokunnan puheenjohtaja, kansanedustaja ja arkkitehti Oulusta\",\"publisher\":{\"@id\":\"https:\\\/\\\/jennipitko.fi\\\/koti\\\/#organization\"},\"potentialAction\":[{\"@type\":\"SearchAction\",\"target\":{\"@type\":\"EntryPoint\",\"urlTemplate\":\"https:\\\/\\\/jennipitko.fi\\\/koti\\\/?s={search_term_string}\"},\"query-input\":{\"@type\":\"PropertyValueSpecification\",\"valueRequired\":true,\"valueName\":\"search_term_string\"}}],\"inLanguage\":\"fi\"},{\"@type\":\"Organization\",\"@id\":\"https:\\\/\\\/jennipitko.fi\\\/koti\\\/#organization\",\"name\":\"Jenni Pitko - Vihreiden varapuheenjohtaja, ymp\u00e4rist\u00f6valiokunnan puheenjohtaja, kansanedustaja ja arkkitehti Oulusta\",\"url\":\"https:\\\/\\\/jennipitko.fi\\\/koti\\\/\",\"logo\":{\"@type\":\"ImageObject\",\"inLanguage\":\"fi\",\"@id\":\"https:\\\/\\\/jennipitko.fi\\\/koti\\\/#\\\/schema\\\/logo\\\/image\\\/\",\"url\":\"https:\\\/\\\/jennipitko.fi\\\/koti\\\/wp-content\\\/uploads\\\/2025\\\/09\\\/Nimeton-malli-38.png\",\"contentUrl\":\"https:\\\/\\\/jennipitko.fi\\\/koti\\\/wp-content\\\/uploads\\\/2025\\\/09\\\/Nimeton-malli-38.png\",\"width\":1280,\"height\":847,\"caption\":\"Jenni Pitko - Vihreiden varapuheenjohtaja, ymp\u00e4rist\u00f6valiokunnan puheenjohtaja, kansanedustaja ja arkkitehti Oulusta\"},\"image\":{\"@id\":\"https:\\\/\\\/jennipitko.fi\\\/koti\\\/#\\\/schema\\\/logo\\\/image\\\/\"}},{\"@type\":\"Person\",\"@id\":\"https:\\\/\\\/jennipitko.fi\\\/koti\\\/#\\\/schema\\\/person\\\/35955c467f851f10124809310e7e7ee8\",\"name\":\"Jenni\",\"image\":{\"@type\":\"ImageObject\",\"inLanguage\":\"fi\",\"@id\":\"https:\\\/\\\/secure.gravatar.com\\\/avatar\\\/625a0e6413b293da7739d42617828d564a4d6028aec3f45d8939a2ba1617199f?s=96&d=blank&r=g\",\"url\":\"https:\\\/\\\/secure.gravatar.com\\\/avatar\\\/625a0e6413b293da7739d42617828d564a4d6028aec3f45d8939a2ba1617199f?s=96&d=blank&r=g\",\"contentUrl\":\"https:\\\/\\\/secure.gravatar.com\\\/avatar\\\/625a0e6413b293da7739d42617828d564a4d6028aec3f45d8939a2ba1617199f?s=96&d=blank&r=g\",\"caption\":\"Jenni\"},\"url\":\"https:\\\/\\\/jennipitko.fi\\\/koti\\\/author\\\/jenni\\\/\"}]}<\/script>\n<!-- \/ Yoast SEO plugin. -->","yoast_head_json":{"title":"Saamelaisille mahdollisuus kielt\u00e4\u00e4 kaivokset saamelaisalueella - Jenni Pitko - Vihreiden varapuheenjohtaja, ymp\u00e4rist\u00f6valiokunnan puheenjohtaja, kansanedustaja ja arkkitehti Oulusta","robots":{"index":"index","follow":"follow","max-snippet":"max-snippet:-1","max-image-preview":"max-image-preview:large","max-video-preview":"max-video-preview:-1"},"canonical":"https:\/\/jennipitko.fi\/koti\/saamelaisille-mahdollisuus-kieltaa-kaivokset-saamelaisalueella\/","og_locale":"fi_FI","og_type":"article","og_title":"Saamelaisille mahdollisuus kielt\u00e4\u00e4 kaivokset saamelaisalueella - Jenni Pitko - Vihreiden varapuheenjohtaja, ymp\u00e4rist\u00f6valiokunnan puheenjohtaja, kansanedustaja ja arkkitehti Oulusta","og_description":"Kaivostoiminta ei sovi yhteen saamelaisten perinteisen el\u00e4m\u00e4ntavan kanssa. Yht\u00e4k\u00e4\u00e4n kaivosta ei pit\u00e4isi saada perustaa Saamenmaalle ilman saamelaisten lupaa. Kaivostoiminta on [&hellip;]","og_url":"https:\/\/jennipitko.fi\/koti\/saamelaisille-mahdollisuus-kieltaa-kaivokset-saamelaisalueella\/","og_site_name":"Jenni Pitko - Vihreiden varapuheenjohtaja, ymp\u00e4rist\u00f6valiokunnan puheenjohtaja, kansanedustaja ja arkkitehti Oulusta","article_published_time":"2020-10-06T11:28:14+00:00","article_modified_time":"2021-02-11T14:02:14+00:00","author":"Jenni","twitter_card":"summary_large_image","twitter_misc":{"Kirjoittanut":"Jenni","Arvioitu lukuaika":"2 minuuttia"},"schema":{"@context":"https:\/\/schema.org","@graph":[{"@type":"Article","@id":"https:\/\/jennipitko.fi\/koti\/saamelaisille-mahdollisuus-kieltaa-kaivokset-saamelaisalueella\/#article","isPartOf":{"@id":"https:\/\/jennipitko.fi\/koti\/saamelaisille-mahdollisuus-kieltaa-kaivokset-saamelaisalueella\/"},"author":{"name":"Jenni","@id":"https:\/\/jennipitko.fi\/koti\/#\/schema\/person\/35955c467f851f10124809310e7e7ee8"},"headline":"Saamelaisille mahdollisuus kielt\u00e4\u00e4 kaivokset saamelaisalueella","datePublished":"2020-10-06T11:28:14+00:00","dateModified":"2021-02-11T14:02:14+00:00","mainEntityOfPage":{"@id":"https:\/\/jennipitko.fi\/koti\/saamelaisille-mahdollisuus-kieltaa-kaivokset-saamelaisalueella\/"},"wordCount":467,"publisher":{"@id":"https:\/\/jennipitko.fi\/koti\/#organization"},"articleSection":["Uncategorized"],"inLanguage":"fi"},{"@type":"WebPage","@id":"https:\/\/jennipitko.fi\/koti\/saamelaisille-mahdollisuus-kieltaa-kaivokset-saamelaisalueella\/","url":"https:\/\/jennipitko.fi\/koti\/saamelaisille-mahdollisuus-kieltaa-kaivokset-saamelaisalueella\/","name":"Saamelaisille mahdollisuus kielt\u00e4\u00e4 kaivokset saamelaisalueella - Jenni Pitko - Vihreiden varapuheenjohtaja, ymp\u00e4rist\u00f6valiokunnan puheenjohtaja, kansanedustaja ja arkkitehti Oulusta","isPartOf":{"@id":"https:\/\/jennipitko.fi\/koti\/#website"},"datePublished":"2020-10-06T11:28:14+00:00","dateModified":"2021-02-11T14:02:14+00:00","breadcrumb":{"@id":"https:\/\/jennipitko.fi\/koti\/saamelaisille-mahdollisuus-kieltaa-kaivokset-saamelaisalueella\/#breadcrumb"},"inLanguage":"fi","potentialAction":[{"@type":"ReadAction","target":["https:\/\/jennipitko.fi\/koti\/saamelaisille-mahdollisuus-kieltaa-kaivokset-saamelaisalueella\/"]}]},{"@type":"BreadcrumbList","@id":"https:\/\/jennipitko.fi\/koti\/saamelaisille-mahdollisuus-kieltaa-kaivokset-saamelaisalueella\/#breadcrumb","itemListElement":[{"@type":"ListItem","position":1,"name":"Home","item":"https:\/\/jennipitko.fi\/koti\/"},{"@type":"ListItem","position":2,"name":"Saamelaisille mahdollisuus kielt\u00e4\u00e4 kaivokset saamelaisalueella"}]},{"@type":"WebSite","@id":"https:\/\/jennipitko.fi\/koti\/#website","url":"https:\/\/jennipitko.fi\/koti\/","name":"Jenni Pitko - Vihreiden varapuheenjohtaja, ymp\u00e4rist\u00f6valiokunnan puheenjohtaja, kansanedustaja ja arkkitehti Oulusta","description":"Jenni Pitko - Vihreiden varapuheenjohtaja, ymp\u00e4rist\u00f6valiokunnan puheenjohtaja, kansanedustaja ja arkkitehti Oulusta","publisher":{"@id":"https:\/\/jennipitko.fi\/koti\/#organization"},"potentialAction":[{"@type":"SearchAction","target":{"@type":"EntryPoint","urlTemplate":"https:\/\/jennipitko.fi\/koti\/?s={search_term_string}"},"query-input":{"@type":"PropertyValueSpecification","valueRequired":true,"valueName":"search_term_string"}}],"inLanguage":"fi"},{"@type":"Organization","@id":"https:\/\/jennipitko.fi\/koti\/#organization","name":"Jenni Pitko - Vihreiden varapuheenjohtaja, ymp\u00e4rist\u00f6valiokunnan puheenjohtaja, kansanedustaja ja arkkitehti Oulusta","url":"https:\/\/jennipitko.fi\/koti\/","logo":{"@type":"ImageObject","inLanguage":"fi","@id":"https:\/\/jennipitko.fi\/koti\/#\/schema\/logo\/image\/","url":"https:\/\/jennipitko.fi\/koti\/wp-content\/uploads\/2025\/09\/Nimeton-malli-38.png","contentUrl":"https:\/\/jennipitko.fi\/koti\/wp-content\/uploads\/2025\/09\/Nimeton-malli-38.png","width":1280,"height":847,"caption":"Jenni Pitko - Vihreiden varapuheenjohtaja, ymp\u00e4rist\u00f6valiokunnan puheenjohtaja, kansanedustaja ja arkkitehti Oulusta"},"image":{"@id":"https:\/\/jennipitko.fi\/koti\/#\/schema\/logo\/image\/"}},{"@type":"Person","@id":"https:\/\/jennipitko.fi\/koti\/#\/schema\/person\/35955c467f851f10124809310e7e7ee8","name":"Jenni","image":{"@type":"ImageObject","inLanguage":"fi","@id":"https:\/\/secure.gravatar.com\/avatar\/625a0e6413b293da7739d42617828d564a4d6028aec3f45d8939a2ba1617199f?s=96&d=blank&r=g","url":"https:\/\/secure.gravatar.com\/avatar\/625a0e6413b293da7739d42617828d564a4d6028aec3f45d8939a2ba1617199f?s=96&d=blank&r=g","contentUrl":"https:\/\/secure.gravatar.com\/avatar\/625a0e6413b293da7739d42617828d564a4d6028aec3f45d8939a2ba1617199f?s=96&d=blank&r=g","caption":"Jenni"},"url":"https:\/\/jennipitko.fi\/koti\/author\/jenni\/"}]}},"_links":{"self":[{"href":"https:\/\/jennipitko.fi\/koti\/wp-json\/wp\/v2\/posts\/2373","targetHints":{"allow":["GET"]}}],"collection":[{"href":"https:\/\/jennipitko.fi\/koti\/wp-json\/wp\/v2\/posts"}],"about":[{"href":"https:\/\/jennipitko.fi\/koti\/wp-json\/wp\/v2\/types\/post"}],"author":[{"embeddable":true,"href":"https:\/\/jennipitko.fi\/koti\/wp-json\/wp\/v2\/users\/1"}],"replies":[{"embeddable":true,"href":"https:\/\/jennipitko.fi\/koti\/wp-json\/wp\/v2\/comments?post=2373"}],"version-history":[{"count":1,"href":"https:\/\/jennipitko.fi\/koti\/wp-json\/wp\/v2\/posts\/2373\/revisions"}],"predecessor-version":[{"id":2374,"href":"https:\/\/jennipitko.fi\/koti\/wp-json\/wp\/v2\/posts\/2373\/revisions\/2374"}],"wp:attachment":[{"href":"https:\/\/jennipitko.fi\/koti\/wp-json\/wp\/v2\/media?parent=2373"}],"wp:term":[{"taxonomy":"category","embeddable":true,"href":"https:\/\/jennipitko.fi\/koti\/wp-json\/wp\/v2\/categories?post=2373"},{"taxonomy":"post_tag","embeddable":true,"href":"https:\/\/jennipitko.fi\/koti\/wp-json\/wp\/v2\/tags?post=2373"}],"curies":[{"name":"wp","href":"https:\/\/api.w.org\/{rel}","templated":true}]}}