{"id":2376,"date":"2020-10-16T10:29:17","date_gmt":"2020-10-16T08:29:17","guid":{"rendered":"http:\/\/jennipitko.fi\/koti\/?p=2376"},"modified":"2021-02-11T16:02:07","modified_gmt":"2021-02-11T14:02:07","slug":"alkuperaiskansan-oikeuksista-puhuminen-ei-ole-utopiaa","status":"publish","type":"post","link":"https:\/\/jennipitko.fi\/koti\/alkuperaiskansan-oikeuksista-puhuminen-ei-ole-utopiaa\/","title":{"rendered":"Alkuper\u00e4iskansan oikeuksista puhuminen ei ole utopiaa"},"content":{"rendered":"\n<p><em>Vastine Lapin kansan p\u00e4\u00e4kirjoitukseen 7.10.<\/em> <em>Julkaistu Lapin kansassa<\/em> <em>16.10<\/em>.<\/p>\n\n\n\n<p>Tein 6.10. <a href=\"http:\/\/jennipitko.fi\/koti\/saamelaisille-mahdollisuus-kieltaa-kaivokset-saamelaisalueella\/\">avauksen<\/a>, jossa ehdotin, ett\u00e4 saamelaisilla tulisi kotiseutualueella olla oikeus p\u00e4\u00e4tt\u00e4\u00e4 kaivoksista, ja josta Lapin kansakin uutisoi. Jouduin hieraisemaan silmi\u00e4ni seuraavana p\u00e4iv\u00e4n\u00e4 kun n\u00e4in p\u00e4\u00e4kirjoitussivulla lehden toimituksen kannanoton avaukseeni.&nbsp;<\/p>\n\n\n\n<p>Kirjoituksessa ulostuloani kuvataan vastenmieliseksi poliittiseksi populismiksi ja puhtaaksi utopiaksi. N\u00e4it\u00e4 v\u00e4itteit\u00e4 ei perustella mill\u00e4\u00e4n, mutta se ei selv\u00e4sti ole est\u00e4nyt toimitusta provosoitumasta. Toivoisin alueen johtavalta lehdelt\u00e4 asiapohjaisempaa keskustelua.&nbsp;<\/p>\n\n\n\n<p>Nimitt\u00e4in t\u00e4m\u00e4 utopiaksi v\u00e4itetty ajatus pohjaa YK:n m\u00e4\u00e4rittelemiin periaatteisiin, joiden mukaan alkuper\u00e4iskansojen tulisi voida osallistua alueensa kehitt\u00e4miseen aidosti tasavertaisena kumppanina. N\u00e4it\u00e4 periaatteita ovat maailmalla omaan lains\u00e4\u00e4d\u00e4nt\u00f6\u00f6ns\u00e4 kirjanneet muun muassa Filippiinit ja Bolivia. Suomen alueella el\u00e4\u00e4 ainoa eurooppalainen alkuper\u00e4iskansa ja Suomella on vastuu huomioida alkuper\u00e4iskansan oikeudet ja olemassaolo lains\u00e4\u00e4d\u00e4nn\u00f6ss\u00e4mme.&nbsp;<\/p>\n\n\n\n<p>Alkuper\u00e4iskansan oikeuksien mainitseminen on ilmeisesti nostanut tarpeen haukkua ulostulo populismiksi. Miksi? Alkuper\u00e4iskansojen oikeudet ovat kautta maailman varsin vaiettu aihe ja valitettavan usein alkuper\u00e4iskansat ovat oikeuksiaan puolustaessaan alakynness\u00e4. Niin on ja on pitk\u00e4\u00e4n ollut my\u00f6s meill\u00e4 Suomessa. Poliitikkona koen my\u00f6s luontevaksi nostaa paikallisten yhteis\u00f6jen oikeuksia ylikansallisten suuryritysten edun edelle. Jos populismilla viitataan \u00e4\u00e4nten kalasteluun, haluan korostaa, ett\u00e4 kemil\u00e4isist\u00e4 juuristani huolimatta olen kansanedustaja Oulun vaalipiirist\u00e4, joten asianosaisten \u00e4\u00e4net eiv\u00e4t ole ker\u00e4tt\u00e4viss\u00e4ni.<\/p>\n\n\n\n<p>Olen my\u00f6s surullinen siit\u00e4, millaista kuvaa lehti antaa lappilaisista. Olen asunut el\u00e4m\u00e4st\u00e4ni suurimman osan Lapissa ja kokemukseni mukaan lappilaiset ovat syd\u00e4mellist\u00e4 ja oikeudenmukaista porukkaa. Saamelaisten tilannetta tunnetaan kuitenkin heikosti ja mielikuvien muokkaamisessa Lapin kansa on t\u00e4rke\u00e4 toimija. Siksi toivoisikin, ett\u00e4 lehdess\u00e4 tutustuttaisiin alkuper\u00e4iskansaa koskeviin kysymyksiin nyt n\u00e4hty\u00e4 pilkkakirveslinjaa tarkemmin.<\/p>\n\n\n\n<p>Jenni Pitko<\/p>\n\n\n\n<p>Kansanedustaja (vihr.)<\/p>\n","protected":false},"excerpt":{"rendered":"<p>Vastine Lapin kansan p\u00e4\u00e4kirjoitukseen 7.10. Julkaistu Lapin kansassa 16.10. Tein 6.10. avauksen, jossa ehdotin, ett\u00e4 saamelaisilla tulisi kotiseutualueella olla oikeus [&hellip;]<\/p>\n","protected":false},"author":1,"featured_media":0,"comment_status":"closed","ping_status":"closed","sticky":false,"template":"","format":"standard","meta":{"_monsterinsights_skip_tracking":false,"_monsterinsights_sitenote_active":false,"_monsterinsights_sitenote_note":"","_monsterinsights_sitenote_category":0,"site-sidebar-layout":"default","site-content-layout":"","ast-site-content-layout":"default","site-content-style":"default","site-sidebar-style":"default","ast-global-header-display":"","ast-banner-title-visibility":"","ast-main-header-display":"","ast-hfb-above-header-display":"","ast-hfb-below-header-display":"","ast-hfb-mobile-header-display":"","site-post-title":"","ast-breadcrumbs-content":"","ast-featured-img":"","footer-sml-layout":"","ast-disable-related-posts":"","theme-transparent-header-meta":"","adv-header-id-meta":"","stick-header-meta":"","header-above-stick-meta":"","header-main-stick-meta":"","header-below-stick-meta":"","astra-migrate-meta-layouts":"default","ast-page-background-enabled":"default","ast-page-background-meta":{"desktop":{"background-color":"var(--ast-global-color-5)","background-image":"","background-repeat":"repeat","background-position":"center center","background-size":"auto","background-attachment":"scroll","background-type":"","background-media":"","overlay-type":"","overlay-color":"","overlay-opacity":"","overlay-gradient":""},"tablet":{"background-color":"","background-image":"","background-repeat":"repeat","background-position":"center center","background-size":"auto","background-attachment":"scroll","background-type":"","background-media":"","overlay-type":"","overlay-color":"","overlay-opacity":"","overlay-gradient":""},"mobile":{"background-color":"","background-image":"","background-repeat":"repeat","background-position":"center center","background-size":"auto","background-attachment":"scroll","background-type":"","background-media":"","overlay-type":"","overlay-color":"","overlay-opacity":"","overlay-gradient":""}},"ast-content-background-meta":{"desktop":{"background-color":"var(--ast-global-color-4)","background-image":"","background-repeat":"repeat","background-position":"center center","background-size":"auto","background-attachment":"scroll","background-type":"","background-media":"","overlay-type":"","overlay-color":"","overlay-opacity":"","overlay-gradient":""},"tablet":{"background-color":"var(--ast-global-color-4)","background-image":"","background-repeat":"repeat","background-position":"center center","background-size":"auto","background-attachment":"scroll","background-type":"","background-media":"","overlay-type":"","overlay-color":"","overlay-opacity":"","overlay-gradient":""},"mobile":{"background-color":"var(--ast-global-color-4)","background-image":"","background-repeat":"repeat","background-position":"center center","background-size":"auto","background-attachment":"scroll","background-type":"","background-media":"","overlay-type":"","overlay-color":"","overlay-opacity":"","overlay-gradient":""}},"footnotes":""},"categories":[1],"tags":[289,301,430,297,287],"class_list":["post-2376","post","type-post","status-publish","format-standard","hentry","category-uncategorized","tag-alkuperaiskansa","tag-kaivokset","tag-kaivos","tag-kaivoslaki","tag-saamelaiset"],"yoast_head":"<!-- This site is optimized with the Yoast SEO plugin v27.5 - https:\/\/yoast.com\/product\/yoast-seo-wordpress\/ -->\n<title>Alkuper\u00e4iskansan oikeuksista puhuminen ei ole utopiaa - Jenni Pitko - Vihreiden varapuheenjohtaja, ymp\u00e4rist\u00f6valiokunnan puheenjohtaja, kansanedustaja ja arkkitehti Oulusta<\/title>\n<meta name=\"robots\" content=\"index, follow, max-snippet:-1, max-image-preview:large, max-video-preview:-1\" \/>\n<link rel=\"canonical\" href=\"https:\/\/jennipitko.fi\/koti\/alkuperaiskansan-oikeuksista-puhuminen-ei-ole-utopiaa\/\" \/>\n<meta property=\"og:locale\" content=\"fi_FI\" \/>\n<meta property=\"og:type\" content=\"article\" \/>\n<meta property=\"og:title\" content=\"Alkuper\u00e4iskansan oikeuksista puhuminen ei ole utopiaa - Jenni Pitko - Vihreiden varapuheenjohtaja, ymp\u00e4rist\u00f6valiokunnan puheenjohtaja, kansanedustaja ja arkkitehti Oulusta\" \/>\n<meta property=\"og:description\" content=\"Vastine Lapin kansan p\u00e4\u00e4kirjoitukseen 7.10. Julkaistu Lapin kansassa 16.10. Tein 6.10. avauksen, jossa ehdotin, ett\u00e4 saamelaisilla tulisi kotiseutualueella olla oikeus [&hellip;]\" \/>\n<meta property=\"og:url\" content=\"https:\/\/jennipitko.fi\/koti\/alkuperaiskansan-oikeuksista-puhuminen-ei-ole-utopiaa\/\" \/>\n<meta property=\"og:site_name\" content=\"Jenni Pitko - Vihreiden varapuheenjohtaja, ymp\u00e4rist\u00f6valiokunnan puheenjohtaja, kansanedustaja ja arkkitehti Oulusta\" \/>\n<meta property=\"article:published_time\" content=\"2020-10-16T08:29:17+00:00\" \/>\n<meta property=\"article:modified_time\" content=\"2021-02-11T14:02:07+00:00\" \/>\n<meta name=\"author\" content=\"Jenni\" \/>\n<meta name=\"twitter:card\" content=\"summary_large_image\" \/>\n<meta name=\"twitter:label1\" content=\"Kirjoittanut\" \/>\n\t<meta name=\"twitter:data1\" content=\"Jenni\" \/>\n\t<meta name=\"twitter:label2\" content=\"Arvioitu lukuaika\" \/>\n\t<meta name=\"twitter:data2\" content=\"2 minuuttia\" \/>\n<script type=\"application\/ld+json\" class=\"yoast-schema-graph\">{\"@context\":\"https:\\\/\\\/schema.org\",\"@graph\":[{\"@type\":\"Article\",\"@id\":\"https:\\\/\\\/jennipitko.fi\\\/koti\\\/alkuperaiskansan-oikeuksista-puhuminen-ei-ole-utopiaa\\\/#article\",\"isPartOf\":{\"@id\":\"https:\\\/\\\/jennipitko.fi\\\/koti\\\/alkuperaiskansan-oikeuksista-puhuminen-ei-ole-utopiaa\\\/\"},\"author\":{\"name\":\"Jenni\",\"@id\":\"https:\\\/\\\/jennipitko.fi\\\/koti\\\/#\\\/schema\\\/person\\\/35955c467f851f10124809310e7e7ee8\"},\"headline\":\"Alkuper\u00e4iskansan oikeuksista puhuminen ei ole utopiaa\",\"datePublished\":\"2020-10-16T08:29:17+00:00\",\"dateModified\":\"2021-02-11T14:02:07+00:00\",\"mainEntityOfPage\":{\"@id\":\"https:\\\/\\\/jennipitko.fi\\\/koti\\\/alkuperaiskansan-oikeuksista-puhuminen-ei-ole-utopiaa\\\/\"},\"wordCount\":293,\"publisher\":{\"@id\":\"https:\\\/\\\/jennipitko.fi\\\/koti\\\/#organization\"},\"keywords\":[\"alkuper\u00e4iskansa\",\"kaivokset\",\"kaivos\",\"kaivoslaki\",\"saamelaiset\"],\"articleSection\":[\"Uncategorized\"],\"inLanguage\":\"fi\"},{\"@type\":\"WebPage\",\"@id\":\"https:\\\/\\\/jennipitko.fi\\\/koti\\\/alkuperaiskansan-oikeuksista-puhuminen-ei-ole-utopiaa\\\/\",\"url\":\"https:\\\/\\\/jennipitko.fi\\\/koti\\\/alkuperaiskansan-oikeuksista-puhuminen-ei-ole-utopiaa\\\/\",\"name\":\"Alkuper\u00e4iskansan oikeuksista puhuminen ei ole utopiaa - Jenni Pitko - Vihreiden varapuheenjohtaja, ymp\u00e4rist\u00f6valiokunnan puheenjohtaja, kansanedustaja ja arkkitehti Oulusta\",\"isPartOf\":{\"@id\":\"https:\\\/\\\/jennipitko.fi\\\/koti\\\/#website\"},\"datePublished\":\"2020-10-16T08:29:17+00:00\",\"dateModified\":\"2021-02-11T14:02:07+00:00\",\"breadcrumb\":{\"@id\":\"https:\\\/\\\/jennipitko.fi\\\/koti\\\/alkuperaiskansan-oikeuksista-puhuminen-ei-ole-utopiaa\\\/#breadcrumb\"},\"inLanguage\":\"fi\",\"potentialAction\":[{\"@type\":\"ReadAction\",\"target\":[\"https:\\\/\\\/jennipitko.fi\\\/koti\\\/alkuperaiskansan-oikeuksista-puhuminen-ei-ole-utopiaa\\\/\"]}]},{\"@type\":\"BreadcrumbList\",\"@id\":\"https:\\\/\\\/jennipitko.fi\\\/koti\\\/alkuperaiskansan-oikeuksista-puhuminen-ei-ole-utopiaa\\\/#breadcrumb\",\"itemListElement\":[{\"@type\":\"ListItem\",\"position\":1,\"name\":\"Home\",\"item\":\"https:\\\/\\\/jennipitko.fi\\\/koti\\\/\"},{\"@type\":\"ListItem\",\"position\":2,\"name\":\"Alkuper\u00e4iskansan oikeuksista puhuminen ei ole utopiaa\"}]},{\"@type\":\"WebSite\",\"@id\":\"https:\\\/\\\/jennipitko.fi\\\/koti\\\/#website\",\"url\":\"https:\\\/\\\/jennipitko.fi\\\/koti\\\/\",\"name\":\"Jenni Pitko - Vihreiden varapuheenjohtaja, ymp\u00e4rist\u00f6valiokunnan puheenjohtaja, kansanedustaja ja arkkitehti Oulusta\",\"description\":\"Jenni Pitko - Vihreiden varapuheenjohtaja, ymp\u00e4rist\u00f6valiokunnan puheenjohtaja, kansanedustaja ja arkkitehti Oulusta\",\"publisher\":{\"@id\":\"https:\\\/\\\/jennipitko.fi\\\/koti\\\/#organization\"},\"potentialAction\":[{\"@type\":\"SearchAction\",\"target\":{\"@type\":\"EntryPoint\",\"urlTemplate\":\"https:\\\/\\\/jennipitko.fi\\\/koti\\\/?s={search_term_string}\"},\"query-input\":{\"@type\":\"PropertyValueSpecification\",\"valueRequired\":true,\"valueName\":\"search_term_string\"}}],\"inLanguage\":\"fi\"},{\"@type\":\"Organization\",\"@id\":\"https:\\\/\\\/jennipitko.fi\\\/koti\\\/#organization\",\"name\":\"Jenni Pitko - Vihreiden varapuheenjohtaja, ymp\u00e4rist\u00f6valiokunnan puheenjohtaja, kansanedustaja ja arkkitehti Oulusta\",\"url\":\"https:\\\/\\\/jennipitko.fi\\\/koti\\\/\",\"logo\":{\"@type\":\"ImageObject\",\"inLanguage\":\"fi\",\"@id\":\"https:\\\/\\\/jennipitko.fi\\\/koti\\\/#\\\/schema\\\/logo\\\/image\\\/\",\"url\":\"https:\\\/\\\/jennipitko.fi\\\/koti\\\/wp-content\\\/uploads\\\/2025\\\/09\\\/Nimeton-malli-38.png\",\"contentUrl\":\"https:\\\/\\\/jennipitko.fi\\\/koti\\\/wp-content\\\/uploads\\\/2025\\\/09\\\/Nimeton-malli-38.png\",\"width\":1280,\"height\":847,\"caption\":\"Jenni Pitko - Vihreiden varapuheenjohtaja, ymp\u00e4rist\u00f6valiokunnan puheenjohtaja, kansanedustaja ja arkkitehti Oulusta\"},\"image\":{\"@id\":\"https:\\\/\\\/jennipitko.fi\\\/koti\\\/#\\\/schema\\\/logo\\\/image\\\/\"}},{\"@type\":\"Person\",\"@id\":\"https:\\\/\\\/jennipitko.fi\\\/koti\\\/#\\\/schema\\\/person\\\/35955c467f851f10124809310e7e7ee8\",\"name\":\"Jenni\",\"image\":{\"@type\":\"ImageObject\",\"inLanguage\":\"fi\",\"@id\":\"https:\\\/\\\/secure.gravatar.com\\\/avatar\\\/625a0e6413b293da7739d42617828d564a4d6028aec3f45d8939a2ba1617199f?s=96&d=blank&r=g\",\"url\":\"https:\\\/\\\/secure.gravatar.com\\\/avatar\\\/625a0e6413b293da7739d42617828d564a4d6028aec3f45d8939a2ba1617199f?s=96&d=blank&r=g\",\"contentUrl\":\"https:\\\/\\\/secure.gravatar.com\\\/avatar\\\/625a0e6413b293da7739d42617828d564a4d6028aec3f45d8939a2ba1617199f?s=96&d=blank&r=g\",\"caption\":\"Jenni\"},\"url\":\"https:\\\/\\\/jennipitko.fi\\\/koti\\\/author\\\/jenni\\\/\"}]}<\/script>\n<!-- \/ Yoast SEO plugin. -->","yoast_head_json":{"title":"Alkuper\u00e4iskansan oikeuksista puhuminen ei ole utopiaa - Jenni Pitko - Vihreiden varapuheenjohtaja, ymp\u00e4rist\u00f6valiokunnan puheenjohtaja, kansanedustaja ja arkkitehti Oulusta","robots":{"index":"index","follow":"follow","max-snippet":"max-snippet:-1","max-image-preview":"max-image-preview:large","max-video-preview":"max-video-preview:-1"},"canonical":"https:\/\/jennipitko.fi\/koti\/alkuperaiskansan-oikeuksista-puhuminen-ei-ole-utopiaa\/","og_locale":"fi_FI","og_type":"article","og_title":"Alkuper\u00e4iskansan oikeuksista puhuminen ei ole utopiaa - Jenni Pitko - Vihreiden varapuheenjohtaja, ymp\u00e4rist\u00f6valiokunnan puheenjohtaja, kansanedustaja ja arkkitehti Oulusta","og_description":"Vastine Lapin kansan p\u00e4\u00e4kirjoitukseen 7.10. Julkaistu Lapin kansassa 16.10. Tein 6.10. avauksen, jossa ehdotin, ett\u00e4 saamelaisilla tulisi kotiseutualueella olla oikeus [&hellip;]","og_url":"https:\/\/jennipitko.fi\/koti\/alkuperaiskansan-oikeuksista-puhuminen-ei-ole-utopiaa\/","og_site_name":"Jenni Pitko - Vihreiden varapuheenjohtaja, ymp\u00e4rist\u00f6valiokunnan puheenjohtaja, kansanedustaja ja arkkitehti Oulusta","article_published_time":"2020-10-16T08:29:17+00:00","article_modified_time":"2021-02-11T14:02:07+00:00","author":"Jenni","twitter_card":"summary_large_image","twitter_misc":{"Kirjoittanut":"Jenni","Arvioitu lukuaika":"2 minuuttia"},"schema":{"@context":"https:\/\/schema.org","@graph":[{"@type":"Article","@id":"https:\/\/jennipitko.fi\/koti\/alkuperaiskansan-oikeuksista-puhuminen-ei-ole-utopiaa\/#article","isPartOf":{"@id":"https:\/\/jennipitko.fi\/koti\/alkuperaiskansan-oikeuksista-puhuminen-ei-ole-utopiaa\/"},"author":{"name":"Jenni","@id":"https:\/\/jennipitko.fi\/koti\/#\/schema\/person\/35955c467f851f10124809310e7e7ee8"},"headline":"Alkuper\u00e4iskansan oikeuksista puhuminen ei ole utopiaa","datePublished":"2020-10-16T08:29:17+00:00","dateModified":"2021-02-11T14:02:07+00:00","mainEntityOfPage":{"@id":"https:\/\/jennipitko.fi\/koti\/alkuperaiskansan-oikeuksista-puhuminen-ei-ole-utopiaa\/"},"wordCount":293,"publisher":{"@id":"https:\/\/jennipitko.fi\/koti\/#organization"},"keywords":["alkuper\u00e4iskansa","kaivokset","kaivos","kaivoslaki","saamelaiset"],"articleSection":["Uncategorized"],"inLanguage":"fi"},{"@type":"WebPage","@id":"https:\/\/jennipitko.fi\/koti\/alkuperaiskansan-oikeuksista-puhuminen-ei-ole-utopiaa\/","url":"https:\/\/jennipitko.fi\/koti\/alkuperaiskansan-oikeuksista-puhuminen-ei-ole-utopiaa\/","name":"Alkuper\u00e4iskansan oikeuksista puhuminen ei ole utopiaa - Jenni Pitko - Vihreiden varapuheenjohtaja, ymp\u00e4rist\u00f6valiokunnan puheenjohtaja, kansanedustaja ja arkkitehti Oulusta","isPartOf":{"@id":"https:\/\/jennipitko.fi\/koti\/#website"},"datePublished":"2020-10-16T08:29:17+00:00","dateModified":"2021-02-11T14:02:07+00:00","breadcrumb":{"@id":"https:\/\/jennipitko.fi\/koti\/alkuperaiskansan-oikeuksista-puhuminen-ei-ole-utopiaa\/#breadcrumb"},"inLanguage":"fi","potentialAction":[{"@type":"ReadAction","target":["https:\/\/jennipitko.fi\/koti\/alkuperaiskansan-oikeuksista-puhuminen-ei-ole-utopiaa\/"]}]},{"@type":"BreadcrumbList","@id":"https:\/\/jennipitko.fi\/koti\/alkuperaiskansan-oikeuksista-puhuminen-ei-ole-utopiaa\/#breadcrumb","itemListElement":[{"@type":"ListItem","position":1,"name":"Home","item":"https:\/\/jennipitko.fi\/koti\/"},{"@type":"ListItem","position":2,"name":"Alkuper\u00e4iskansan oikeuksista puhuminen ei ole utopiaa"}]},{"@type":"WebSite","@id":"https:\/\/jennipitko.fi\/koti\/#website","url":"https:\/\/jennipitko.fi\/koti\/","name":"Jenni Pitko - Vihreiden varapuheenjohtaja, ymp\u00e4rist\u00f6valiokunnan puheenjohtaja, kansanedustaja ja arkkitehti Oulusta","description":"Jenni Pitko - Vihreiden varapuheenjohtaja, ymp\u00e4rist\u00f6valiokunnan puheenjohtaja, kansanedustaja ja arkkitehti Oulusta","publisher":{"@id":"https:\/\/jennipitko.fi\/koti\/#organization"},"potentialAction":[{"@type":"SearchAction","target":{"@type":"EntryPoint","urlTemplate":"https:\/\/jennipitko.fi\/koti\/?s={search_term_string}"},"query-input":{"@type":"PropertyValueSpecification","valueRequired":true,"valueName":"search_term_string"}}],"inLanguage":"fi"},{"@type":"Organization","@id":"https:\/\/jennipitko.fi\/koti\/#organization","name":"Jenni Pitko - Vihreiden varapuheenjohtaja, ymp\u00e4rist\u00f6valiokunnan puheenjohtaja, kansanedustaja ja arkkitehti Oulusta","url":"https:\/\/jennipitko.fi\/koti\/","logo":{"@type":"ImageObject","inLanguage":"fi","@id":"https:\/\/jennipitko.fi\/koti\/#\/schema\/logo\/image\/","url":"https:\/\/jennipitko.fi\/koti\/wp-content\/uploads\/2025\/09\/Nimeton-malli-38.png","contentUrl":"https:\/\/jennipitko.fi\/koti\/wp-content\/uploads\/2025\/09\/Nimeton-malli-38.png","width":1280,"height":847,"caption":"Jenni Pitko - Vihreiden varapuheenjohtaja, ymp\u00e4rist\u00f6valiokunnan puheenjohtaja, kansanedustaja ja arkkitehti Oulusta"},"image":{"@id":"https:\/\/jennipitko.fi\/koti\/#\/schema\/logo\/image\/"}},{"@type":"Person","@id":"https:\/\/jennipitko.fi\/koti\/#\/schema\/person\/35955c467f851f10124809310e7e7ee8","name":"Jenni","image":{"@type":"ImageObject","inLanguage":"fi","@id":"https:\/\/secure.gravatar.com\/avatar\/625a0e6413b293da7739d42617828d564a4d6028aec3f45d8939a2ba1617199f?s=96&d=blank&r=g","url":"https:\/\/secure.gravatar.com\/avatar\/625a0e6413b293da7739d42617828d564a4d6028aec3f45d8939a2ba1617199f?s=96&d=blank&r=g","contentUrl":"https:\/\/secure.gravatar.com\/avatar\/625a0e6413b293da7739d42617828d564a4d6028aec3f45d8939a2ba1617199f?s=96&d=blank&r=g","caption":"Jenni"},"url":"https:\/\/jennipitko.fi\/koti\/author\/jenni\/"}]}},"_links":{"self":[{"href":"https:\/\/jennipitko.fi\/koti\/wp-json\/wp\/v2\/posts\/2376","targetHints":{"allow":["GET"]}}],"collection":[{"href":"https:\/\/jennipitko.fi\/koti\/wp-json\/wp\/v2\/posts"}],"about":[{"href":"https:\/\/jennipitko.fi\/koti\/wp-json\/wp\/v2\/types\/post"}],"author":[{"embeddable":true,"href":"https:\/\/jennipitko.fi\/koti\/wp-json\/wp\/v2\/users\/1"}],"replies":[{"embeddable":true,"href":"https:\/\/jennipitko.fi\/koti\/wp-json\/wp\/v2\/comments?post=2376"}],"version-history":[{"count":1,"href":"https:\/\/jennipitko.fi\/koti\/wp-json\/wp\/v2\/posts\/2376\/revisions"}],"predecessor-version":[{"id":2399,"href":"https:\/\/jennipitko.fi\/koti\/wp-json\/wp\/v2\/posts\/2376\/revisions\/2399"}],"wp:attachment":[{"href":"https:\/\/jennipitko.fi\/koti\/wp-json\/wp\/v2\/media?parent=2376"}],"wp:term":[{"taxonomy":"category","embeddable":true,"href":"https:\/\/jennipitko.fi\/koti\/wp-json\/wp\/v2\/categories?post=2376"},{"taxonomy":"post_tag","embeddable":true,"href":"https:\/\/jennipitko.fi\/koti\/wp-json\/wp\/v2\/tags?post=2376"}],"curies":[{"name":"wp","href":"https:\/\/api.w.org\/{rel}","templated":true}]}}