{"id":2378,"date":"2020-10-20T11:29:39","date_gmt":"2020-10-20T09:29:39","guid":{"rendered":"http:\/\/jennipitko.fi\/koti\/?p=2378"},"modified":"2021-02-11T16:02:04","modified_gmt":"2021-02-11T14:02:04","slug":"verenluovutuksesta-tehtava-yhdenvertaista","status":"publish","type":"post","link":"https:\/\/jennipitko.fi\/koti\/verenluovutuksesta-tehtava-yhdenvertaista\/","title":{"rendered":"Verenluovutuksesta teht\u00e4v\u00e4 yhdenvertaista"},"content":{"rendered":"\n<p>Verenluovutuss\u00e4\u00e4nn\u00f6t vaikeuttavat ja est\u00e4v\u00e4t monia miehi\u00e4 luovuttamasta verta. K\u00e4yt\u00e4nt\u00f6 ei ole tasapuolinen kaikille ihmisille ja lopulta siit\u00e4 k\u00e4rsiv\u00e4t eniten ne ihmiset, jotka tarvitsevat luovutettua verta. J\u00e4tin aiheesta kollegani Mirka Soinikosken kanssa kirjallisen kysymyksen.<\/p>\n\n\n\n<p>Nykyisell\u00e4\u00e4n miehen on oltava luovuttamatta verta 12 kuukautta, jos h\u00e4n on harrastanut seksi\u00e4 toisen miehen kanssa. Vaikka karenssiaikaa miesten kanssa seksi\u00e4 harrastaneille miehille ollaan nyt todenn\u00e4k\u00f6isesti lyhent\u00e4m\u00e4ss\u00e4 nelj\u00e4\u00e4n kuukauteen, ei se poista j\u00e4rjestelm\u00e4n ep\u00e4tasa-arvoa, sill\u00e4 vastaavaa karenssia ei ole muille.<\/p>\n\n\n\n<p><\/p>\n\n\n\n<p>Kirjallinen kysymys verenluovutuksen yhdenvertaisuudesta<\/p>\n\n\n\n<p>Eduskunnan puhemiehelle,<\/p>\n\n\n\n<p>Verenluovutus on t\u00e4rke\u00e4 osa toimivaa terveydenhuoltoa ja luovutettu veri on monelle vakavasti sairaalle, leikkauspotilaalle, onnettomuuden uhrille ja keskoslapselle korvaamattoman t\u00e4rke\u00e4\u00e4.&nbsp;<\/p>\n\n\n\n<p>Luovuttamalla verta pelastetaan henki\u00e4. Suomessa vapaaehtoiset verenluovuttajat auttavat vuosittain noin 40 000 potilasta. Uusia luovuttajia tarvitaan tasaisesti jokaisena arkip\u00e4iv\u00e4n\u00e4. Uutisista saadaan s\u00e4\u00e4nn\u00f6llisesti lukea, kuinka verenluovuttajista on pulaa.&nbsp;<\/p>\n\n\n\n<p>Samaan aikaan, kun veren tarve on suuri, verenluovutuss\u00e4\u00e4nn\u00f6t vaikeuttavat ja k\u00e4yt\u00e4nn\u00f6ss\u00e4 est\u00e4v\u00e4t monia miehi\u00e4 luovuttamasta verta, sill\u00e4 nykyisell\u00e4\u00e4n miehen on oltava luovuttamatta verta 12 kuukautta, jos h\u00e4n on harrastanut seksi\u00e4 toisen miehen kanssa. Vaikka karenssiaikaa miesten kanssa seksi\u00e4 harrastaneille miehille ollaan nyt todenn\u00e4k\u00f6isesti lyhent\u00e4m\u00e4ss\u00e4 nelj\u00e4\u00e4n kuukauteen asiantuntijoiden suositukseen perustuen, ei se poista j\u00e4rjestelm\u00e4n aiheuttamaa syrjint\u00e4\u00e4, sill\u00e4 vastaavaa karenssia ei ole olemassa muille lainkaan.<\/p>\n\n\n\n<p>On perusteltua, ett\u00e4 uusi seksikumppani muodostaa v\u00e4liaikaisen luovutusesteen. On kuitenkin ep\u00e4tasa-arvoista, ett\u00e4 esimerkiksi vakituisen seksikumppanin kanssa seksi\u00e4 harrastavat naiset ja heteromiehet voivat luovuttaa verta ilman nelj\u00e4n kuukauden karenssia, mutta vakituisen miespuolisen seksikumppanin kanssa seksi\u00e4 harrastavat miehet eiv\u00e4t.<\/p>\n\n\n\n<p>Voimassa olevan k\u00e4yt\u00e4nn\u00f6n vuoksi esimerkiksi kaksi vakituisessa parisuhteessa el\u00e4v\u00e4\u00e4 homomiest\u00e4 ei siis voi luovuttaa verta ilman nelj\u00e4n kuukauden selibaattia. T\u00e4lle ei ole tutkimukseen perustuvaa syyt\u00e4. Seksi\u00e4 miesten kanssa harrastavien miesten verenluovuttamisen tarpeeton rajoittaminen vaikeuttaa verensaantia, ja on heit\u00e4 kohtaan syrjiv\u00e4\u00e4. K\u00e4yt\u00e4nn\u00f6st\u00e4 k\u00e4rsiv\u00e4t eniten ne potilaat, jotka tarvitsisivat luovutettua verta.<\/p>\n\n\n\n<p>Edell\u00e4 olevan perusteella ja eduskunnan ty\u00f6j\u00e4rjestyksen 27 \u00a7:\u00e4\u00e4n viitaten esit\u00e4mme asianomaisen ministerin vastattavaksi seuraavan kysymyksen:&nbsp;<\/p>\n\n\n\n<p>Miten hallitus aikoo edist\u00e4\u00e4 verenluovutuksen yhdenvertaisuutta ja poistaa rakenteet, jotka syrjiv\u00e4t miesten kanssa seksi\u00e4 harrastavia miehi\u00e4?<\/p>\n\n\n\n<p>Helsingiss\u00e4 16.10.2020<\/p>\n\n\n\n<p>Jenni Pitko vihr.<\/p>\n\n\n\n<p>Mirka Soinikoski vihr.<\/p>\n","protected":false},"excerpt":{"rendered":"<p>Verenluovutuss\u00e4\u00e4nn\u00f6t vaikeuttavat ja est\u00e4v\u00e4t monia miehi\u00e4 luovuttamasta verta. K\u00e4yt\u00e4nt\u00f6 ei ole tasapuolinen kaikille ihmisille ja lopulta siit\u00e4 k\u00e4rsiv\u00e4t eniten ne [&hellip;]<\/p>\n","protected":false},"author":1,"featured_media":0,"comment_status":"closed","ping_status":"closed","sticky":false,"template":"","format":"standard","meta":{"_monsterinsights_skip_tracking":false,"_monsterinsights_sitenote_active":false,"_monsterinsights_sitenote_note":"","_monsterinsights_sitenote_category":0,"site-sidebar-layout":"default","site-content-layout":"","ast-site-content-layout":"default","site-content-style":"default","site-sidebar-style":"default","ast-global-header-display":"","ast-banner-title-visibility":"","ast-main-header-display":"","ast-hfb-above-header-display":"","ast-hfb-below-header-display":"","ast-hfb-mobile-header-display":"","site-post-title":"","ast-breadcrumbs-content":"","ast-featured-img":"","footer-sml-layout":"","ast-disable-related-posts":"","theme-transparent-header-meta":"","adv-header-id-meta":"","stick-header-meta":"","header-above-stick-meta":"","header-main-stick-meta":"","header-below-stick-meta":"","astra-migrate-meta-layouts":"default","ast-page-background-enabled":"default","ast-page-background-meta":{"desktop":{"background-color":"var(--ast-global-color-5)","background-image":"","background-repeat":"repeat","background-position":"center center","background-size":"auto","background-attachment":"scroll","background-type":"","background-media":"","overlay-type":"","overlay-color":"","overlay-opacity":"","overlay-gradient":""},"tablet":{"background-color":"","background-image":"","background-repeat":"repeat","background-position":"center center","background-size":"auto","background-attachment":"scroll","background-type":"","background-media":"","overlay-type":"","overlay-color":"","overlay-opacity":"","overlay-gradient":""},"mobile":{"background-color":"","background-image":"","background-repeat":"repeat","background-position":"center center","background-size":"auto","background-attachment":"scroll","background-type":"","background-media":"","overlay-type":"","overlay-color":"","overlay-opacity":"","overlay-gradient":""}},"ast-content-background-meta":{"desktop":{"background-color":"var(--ast-global-color-4)","background-image":"","background-repeat":"repeat","background-position":"center center","background-size":"auto","background-attachment":"scroll","background-type":"","background-media":"","overlay-type":"","overlay-color":"","overlay-opacity":"","overlay-gradient":""},"tablet":{"background-color":"var(--ast-global-color-4)","background-image":"","background-repeat":"repeat","background-position":"center center","background-size":"auto","background-attachment":"scroll","background-type":"","background-media":"","overlay-type":"","overlay-color":"","overlay-opacity":"","overlay-gradient":""},"mobile":{"background-color":"var(--ast-global-color-4)","background-image":"","background-repeat":"repeat","background-position":"center center","background-size":"auto","background-attachment":"scroll","background-type":"","background-media":"","overlay-type":"","overlay-color":"","overlay-opacity":"","overlay-gradient":""}},"footnotes":""},"categories":[1],"tags":[],"class_list":["post-2378","post","type-post","status-publish","format-standard","hentry","category-uncategorized"],"yoast_head":"<!-- This site is optimized with the Yoast SEO plugin v27.5 - https:\/\/yoast.com\/product\/yoast-seo-wordpress\/ -->\n<title>Verenluovutuksesta teht\u00e4v\u00e4 yhdenvertaista - Jenni Pitko - Vihreiden varapuheenjohtaja, ymp\u00e4rist\u00f6valiokunnan puheenjohtaja, kansanedustaja ja arkkitehti Oulusta<\/title>\n<meta name=\"robots\" content=\"index, follow, max-snippet:-1, max-image-preview:large, max-video-preview:-1\" \/>\n<link rel=\"canonical\" href=\"https:\/\/jennipitko.fi\/koti\/verenluovutuksesta-tehtava-yhdenvertaista\/\" \/>\n<meta property=\"og:locale\" content=\"fi_FI\" \/>\n<meta property=\"og:type\" content=\"article\" \/>\n<meta property=\"og:title\" content=\"Verenluovutuksesta teht\u00e4v\u00e4 yhdenvertaista - Jenni Pitko - Vihreiden varapuheenjohtaja, ymp\u00e4rist\u00f6valiokunnan puheenjohtaja, kansanedustaja ja arkkitehti Oulusta\" \/>\n<meta property=\"og:description\" content=\"Verenluovutuss\u00e4\u00e4nn\u00f6t vaikeuttavat ja est\u00e4v\u00e4t monia miehi\u00e4 luovuttamasta verta. K\u00e4yt\u00e4nt\u00f6 ei ole tasapuolinen kaikille ihmisille ja lopulta siit\u00e4 k\u00e4rsiv\u00e4t eniten ne [&hellip;]\" \/>\n<meta property=\"og:url\" content=\"https:\/\/jennipitko.fi\/koti\/verenluovutuksesta-tehtava-yhdenvertaista\/\" \/>\n<meta property=\"og:site_name\" content=\"Jenni Pitko - Vihreiden varapuheenjohtaja, ymp\u00e4rist\u00f6valiokunnan puheenjohtaja, kansanedustaja ja arkkitehti Oulusta\" \/>\n<meta property=\"article:published_time\" content=\"2020-10-20T09:29:39+00:00\" \/>\n<meta property=\"article:modified_time\" content=\"2021-02-11T14:02:04+00:00\" \/>\n<meta name=\"author\" content=\"Jenni\" \/>\n<meta name=\"twitter:card\" content=\"summary_large_image\" \/>\n<meta name=\"twitter:label1\" content=\"Kirjoittanut\" \/>\n\t<meta name=\"twitter:data1\" content=\"Jenni\" \/>\n\t<meta name=\"twitter:label2\" content=\"Arvioitu lukuaika\" \/>\n\t<meta name=\"twitter:data2\" content=\"2 minuuttia\" \/>\n<script type=\"application\/ld+json\" class=\"yoast-schema-graph\">{\"@context\":\"https:\\\/\\\/schema.org\",\"@graph\":[{\"@type\":\"Article\",\"@id\":\"https:\\\/\\\/jennipitko.fi\\\/koti\\\/verenluovutuksesta-tehtava-yhdenvertaista\\\/#article\",\"isPartOf\":{\"@id\":\"https:\\\/\\\/jennipitko.fi\\\/koti\\\/verenluovutuksesta-tehtava-yhdenvertaista\\\/\"},\"author\":{\"name\":\"Jenni\",\"@id\":\"https:\\\/\\\/jennipitko.fi\\\/koti\\\/#\\\/schema\\\/person\\\/35955c467f851f10124809310e7e7ee8\"},\"headline\":\"Verenluovutuksesta teht\u00e4v\u00e4 yhdenvertaista\",\"datePublished\":\"2020-10-20T09:29:39+00:00\",\"dateModified\":\"2021-02-11T14:02:04+00:00\",\"mainEntityOfPage\":{\"@id\":\"https:\\\/\\\/jennipitko.fi\\\/koti\\\/verenluovutuksesta-tehtava-yhdenvertaista\\\/\"},\"wordCount\":375,\"publisher\":{\"@id\":\"https:\\\/\\\/jennipitko.fi\\\/koti\\\/#organization\"},\"articleSection\":[\"Uncategorized\"],\"inLanguage\":\"fi\"},{\"@type\":\"WebPage\",\"@id\":\"https:\\\/\\\/jennipitko.fi\\\/koti\\\/verenluovutuksesta-tehtava-yhdenvertaista\\\/\",\"url\":\"https:\\\/\\\/jennipitko.fi\\\/koti\\\/verenluovutuksesta-tehtava-yhdenvertaista\\\/\",\"name\":\"Verenluovutuksesta teht\u00e4v\u00e4 yhdenvertaista - Jenni Pitko - Vihreiden varapuheenjohtaja, ymp\u00e4rist\u00f6valiokunnan puheenjohtaja, kansanedustaja ja arkkitehti Oulusta\",\"isPartOf\":{\"@id\":\"https:\\\/\\\/jennipitko.fi\\\/koti\\\/#website\"},\"datePublished\":\"2020-10-20T09:29:39+00:00\",\"dateModified\":\"2021-02-11T14:02:04+00:00\",\"breadcrumb\":{\"@id\":\"https:\\\/\\\/jennipitko.fi\\\/koti\\\/verenluovutuksesta-tehtava-yhdenvertaista\\\/#breadcrumb\"},\"inLanguage\":\"fi\",\"potentialAction\":[{\"@type\":\"ReadAction\",\"target\":[\"https:\\\/\\\/jennipitko.fi\\\/koti\\\/verenluovutuksesta-tehtava-yhdenvertaista\\\/\"]}]},{\"@type\":\"BreadcrumbList\",\"@id\":\"https:\\\/\\\/jennipitko.fi\\\/koti\\\/verenluovutuksesta-tehtava-yhdenvertaista\\\/#breadcrumb\",\"itemListElement\":[{\"@type\":\"ListItem\",\"position\":1,\"name\":\"Home\",\"item\":\"https:\\\/\\\/jennipitko.fi\\\/koti\\\/\"},{\"@type\":\"ListItem\",\"position\":2,\"name\":\"Verenluovutuksesta teht\u00e4v\u00e4 yhdenvertaista\"}]},{\"@type\":\"WebSite\",\"@id\":\"https:\\\/\\\/jennipitko.fi\\\/koti\\\/#website\",\"url\":\"https:\\\/\\\/jennipitko.fi\\\/koti\\\/\",\"name\":\"Jenni Pitko - Vihreiden varapuheenjohtaja, ymp\u00e4rist\u00f6valiokunnan puheenjohtaja, kansanedustaja ja arkkitehti Oulusta\",\"description\":\"Jenni Pitko - Vihreiden varapuheenjohtaja, ymp\u00e4rist\u00f6valiokunnan puheenjohtaja, kansanedustaja ja arkkitehti Oulusta\",\"publisher\":{\"@id\":\"https:\\\/\\\/jennipitko.fi\\\/koti\\\/#organization\"},\"potentialAction\":[{\"@type\":\"SearchAction\",\"target\":{\"@type\":\"EntryPoint\",\"urlTemplate\":\"https:\\\/\\\/jennipitko.fi\\\/koti\\\/?s={search_term_string}\"},\"query-input\":{\"@type\":\"PropertyValueSpecification\",\"valueRequired\":true,\"valueName\":\"search_term_string\"}}],\"inLanguage\":\"fi\"},{\"@type\":\"Organization\",\"@id\":\"https:\\\/\\\/jennipitko.fi\\\/koti\\\/#organization\",\"name\":\"Jenni Pitko - Vihreiden varapuheenjohtaja, ymp\u00e4rist\u00f6valiokunnan puheenjohtaja, kansanedustaja ja arkkitehti Oulusta\",\"url\":\"https:\\\/\\\/jennipitko.fi\\\/koti\\\/\",\"logo\":{\"@type\":\"ImageObject\",\"inLanguage\":\"fi\",\"@id\":\"https:\\\/\\\/jennipitko.fi\\\/koti\\\/#\\\/schema\\\/logo\\\/image\\\/\",\"url\":\"https:\\\/\\\/jennipitko.fi\\\/koti\\\/wp-content\\\/uploads\\\/2025\\\/09\\\/Nimeton-malli-38.png\",\"contentUrl\":\"https:\\\/\\\/jennipitko.fi\\\/koti\\\/wp-content\\\/uploads\\\/2025\\\/09\\\/Nimeton-malli-38.png\",\"width\":1280,\"height\":847,\"caption\":\"Jenni Pitko - Vihreiden varapuheenjohtaja, ymp\u00e4rist\u00f6valiokunnan puheenjohtaja, kansanedustaja ja arkkitehti Oulusta\"},\"image\":{\"@id\":\"https:\\\/\\\/jennipitko.fi\\\/koti\\\/#\\\/schema\\\/logo\\\/image\\\/\"}},{\"@type\":\"Person\",\"@id\":\"https:\\\/\\\/jennipitko.fi\\\/koti\\\/#\\\/schema\\\/person\\\/35955c467f851f10124809310e7e7ee8\",\"name\":\"Jenni\",\"image\":{\"@type\":\"ImageObject\",\"inLanguage\":\"fi\",\"@id\":\"https:\\\/\\\/secure.gravatar.com\\\/avatar\\\/625a0e6413b293da7739d42617828d564a4d6028aec3f45d8939a2ba1617199f?s=96&d=blank&r=g\",\"url\":\"https:\\\/\\\/secure.gravatar.com\\\/avatar\\\/625a0e6413b293da7739d42617828d564a4d6028aec3f45d8939a2ba1617199f?s=96&d=blank&r=g\",\"contentUrl\":\"https:\\\/\\\/secure.gravatar.com\\\/avatar\\\/625a0e6413b293da7739d42617828d564a4d6028aec3f45d8939a2ba1617199f?s=96&d=blank&r=g\",\"caption\":\"Jenni\"},\"url\":\"https:\\\/\\\/jennipitko.fi\\\/koti\\\/author\\\/jenni\\\/\"}]}<\/script>\n<!-- \/ Yoast SEO plugin. -->","yoast_head_json":{"title":"Verenluovutuksesta teht\u00e4v\u00e4 yhdenvertaista - Jenni Pitko - Vihreiden varapuheenjohtaja, ymp\u00e4rist\u00f6valiokunnan puheenjohtaja, kansanedustaja ja arkkitehti Oulusta","robots":{"index":"index","follow":"follow","max-snippet":"max-snippet:-1","max-image-preview":"max-image-preview:large","max-video-preview":"max-video-preview:-1"},"canonical":"https:\/\/jennipitko.fi\/koti\/verenluovutuksesta-tehtava-yhdenvertaista\/","og_locale":"fi_FI","og_type":"article","og_title":"Verenluovutuksesta teht\u00e4v\u00e4 yhdenvertaista - Jenni Pitko - Vihreiden varapuheenjohtaja, ymp\u00e4rist\u00f6valiokunnan puheenjohtaja, kansanedustaja ja arkkitehti Oulusta","og_description":"Verenluovutuss\u00e4\u00e4nn\u00f6t vaikeuttavat ja est\u00e4v\u00e4t monia miehi\u00e4 luovuttamasta verta. K\u00e4yt\u00e4nt\u00f6 ei ole tasapuolinen kaikille ihmisille ja lopulta siit\u00e4 k\u00e4rsiv\u00e4t eniten ne [&hellip;]","og_url":"https:\/\/jennipitko.fi\/koti\/verenluovutuksesta-tehtava-yhdenvertaista\/","og_site_name":"Jenni Pitko - Vihreiden varapuheenjohtaja, ymp\u00e4rist\u00f6valiokunnan puheenjohtaja, kansanedustaja ja arkkitehti Oulusta","article_published_time":"2020-10-20T09:29:39+00:00","article_modified_time":"2021-02-11T14:02:04+00:00","author":"Jenni","twitter_card":"summary_large_image","twitter_misc":{"Kirjoittanut":"Jenni","Arvioitu lukuaika":"2 minuuttia"},"schema":{"@context":"https:\/\/schema.org","@graph":[{"@type":"Article","@id":"https:\/\/jennipitko.fi\/koti\/verenluovutuksesta-tehtava-yhdenvertaista\/#article","isPartOf":{"@id":"https:\/\/jennipitko.fi\/koti\/verenluovutuksesta-tehtava-yhdenvertaista\/"},"author":{"name":"Jenni","@id":"https:\/\/jennipitko.fi\/koti\/#\/schema\/person\/35955c467f851f10124809310e7e7ee8"},"headline":"Verenluovutuksesta teht\u00e4v\u00e4 yhdenvertaista","datePublished":"2020-10-20T09:29:39+00:00","dateModified":"2021-02-11T14:02:04+00:00","mainEntityOfPage":{"@id":"https:\/\/jennipitko.fi\/koti\/verenluovutuksesta-tehtava-yhdenvertaista\/"},"wordCount":375,"publisher":{"@id":"https:\/\/jennipitko.fi\/koti\/#organization"},"articleSection":["Uncategorized"],"inLanguage":"fi"},{"@type":"WebPage","@id":"https:\/\/jennipitko.fi\/koti\/verenluovutuksesta-tehtava-yhdenvertaista\/","url":"https:\/\/jennipitko.fi\/koti\/verenluovutuksesta-tehtava-yhdenvertaista\/","name":"Verenluovutuksesta teht\u00e4v\u00e4 yhdenvertaista - Jenni Pitko - Vihreiden varapuheenjohtaja, ymp\u00e4rist\u00f6valiokunnan puheenjohtaja, kansanedustaja ja arkkitehti Oulusta","isPartOf":{"@id":"https:\/\/jennipitko.fi\/koti\/#website"},"datePublished":"2020-10-20T09:29:39+00:00","dateModified":"2021-02-11T14:02:04+00:00","breadcrumb":{"@id":"https:\/\/jennipitko.fi\/koti\/verenluovutuksesta-tehtava-yhdenvertaista\/#breadcrumb"},"inLanguage":"fi","potentialAction":[{"@type":"ReadAction","target":["https:\/\/jennipitko.fi\/koti\/verenluovutuksesta-tehtava-yhdenvertaista\/"]}]},{"@type":"BreadcrumbList","@id":"https:\/\/jennipitko.fi\/koti\/verenluovutuksesta-tehtava-yhdenvertaista\/#breadcrumb","itemListElement":[{"@type":"ListItem","position":1,"name":"Home","item":"https:\/\/jennipitko.fi\/koti\/"},{"@type":"ListItem","position":2,"name":"Verenluovutuksesta teht\u00e4v\u00e4 yhdenvertaista"}]},{"@type":"WebSite","@id":"https:\/\/jennipitko.fi\/koti\/#website","url":"https:\/\/jennipitko.fi\/koti\/","name":"Jenni Pitko - Vihreiden varapuheenjohtaja, ymp\u00e4rist\u00f6valiokunnan puheenjohtaja, kansanedustaja ja arkkitehti Oulusta","description":"Jenni Pitko - Vihreiden varapuheenjohtaja, ymp\u00e4rist\u00f6valiokunnan puheenjohtaja, kansanedustaja ja arkkitehti Oulusta","publisher":{"@id":"https:\/\/jennipitko.fi\/koti\/#organization"},"potentialAction":[{"@type":"SearchAction","target":{"@type":"EntryPoint","urlTemplate":"https:\/\/jennipitko.fi\/koti\/?s={search_term_string}"},"query-input":{"@type":"PropertyValueSpecification","valueRequired":true,"valueName":"search_term_string"}}],"inLanguage":"fi"},{"@type":"Organization","@id":"https:\/\/jennipitko.fi\/koti\/#organization","name":"Jenni Pitko - Vihreiden varapuheenjohtaja, ymp\u00e4rist\u00f6valiokunnan puheenjohtaja, kansanedustaja ja arkkitehti Oulusta","url":"https:\/\/jennipitko.fi\/koti\/","logo":{"@type":"ImageObject","inLanguage":"fi","@id":"https:\/\/jennipitko.fi\/koti\/#\/schema\/logo\/image\/","url":"https:\/\/jennipitko.fi\/koti\/wp-content\/uploads\/2025\/09\/Nimeton-malli-38.png","contentUrl":"https:\/\/jennipitko.fi\/koti\/wp-content\/uploads\/2025\/09\/Nimeton-malli-38.png","width":1280,"height":847,"caption":"Jenni Pitko - Vihreiden varapuheenjohtaja, ymp\u00e4rist\u00f6valiokunnan puheenjohtaja, kansanedustaja ja arkkitehti Oulusta"},"image":{"@id":"https:\/\/jennipitko.fi\/koti\/#\/schema\/logo\/image\/"}},{"@type":"Person","@id":"https:\/\/jennipitko.fi\/koti\/#\/schema\/person\/35955c467f851f10124809310e7e7ee8","name":"Jenni","image":{"@type":"ImageObject","inLanguage":"fi","@id":"https:\/\/secure.gravatar.com\/avatar\/625a0e6413b293da7739d42617828d564a4d6028aec3f45d8939a2ba1617199f?s=96&d=blank&r=g","url":"https:\/\/secure.gravatar.com\/avatar\/625a0e6413b293da7739d42617828d564a4d6028aec3f45d8939a2ba1617199f?s=96&d=blank&r=g","contentUrl":"https:\/\/secure.gravatar.com\/avatar\/625a0e6413b293da7739d42617828d564a4d6028aec3f45d8939a2ba1617199f?s=96&d=blank&r=g","caption":"Jenni"},"url":"https:\/\/jennipitko.fi\/koti\/author\/jenni\/"}]}},"_links":{"self":[{"href":"https:\/\/jennipitko.fi\/koti\/wp-json\/wp\/v2\/posts\/2378","targetHints":{"allow":["GET"]}}],"collection":[{"href":"https:\/\/jennipitko.fi\/koti\/wp-json\/wp\/v2\/posts"}],"about":[{"href":"https:\/\/jennipitko.fi\/koti\/wp-json\/wp\/v2\/types\/post"}],"author":[{"embeddable":true,"href":"https:\/\/jennipitko.fi\/koti\/wp-json\/wp\/v2\/users\/1"}],"replies":[{"embeddable":true,"href":"https:\/\/jennipitko.fi\/koti\/wp-json\/wp\/v2\/comments?post=2378"}],"version-history":[{"count":1,"href":"https:\/\/jennipitko.fi\/koti\/wp-json\/wp\/v2\/posts\/2378\/revisions"}],"predecessor-version":[{"id":2379,"href":"https:\/\/jennipitko.fi\/koti\/wp-json\/wp\/v2\/posts\/2378\/revisions\/2379"}],"wp:attachment":[{"href":"https:\/\/jennipitko.fi\/koti\/wp-json\/wp\/v2\/media?parent=2378"}],"wp:term":[{"taxonomy":"category","embeddable":true,"href":"https:\/\/jennipitko.fi\/koti\/wp-json\/wp\/v2\/categories?post=2378"},{"taxonomy":"post_tag","embeddable":true,"href":"https:\/\/jennipitko.fi\/koti\/wp-json\/wp\/v2\/tags?post=2378"}],"curies":[{"name":"wp","href":"https:\/\/api.w.org\/{rel}","templated":true}]}}