{"id":2382,"date":"2020-11-20T15:48:41","date_gmt":"2020-11-20T13:48:41","guid":{"rendered":"http:\/\/jennipitko.fi\/koti\/?p=2382"},"modified":"2021-02-11T16:01:59","modified_gmt":"2021-02-11T14:01:59","slug":"luonnon-hoitava-potentiaali-kayttoon","status":"publish","type":"post","link":"https:\/\/jennipitko.fi\/koti\/luonnon-hoitava-potentiaali-kayttoon\/","title":{"rendered":"Luonnon hoitava potentiaali k\u00e4ytt\u00f6\u00f6n"},"content":{"rendered":"\n<p>Luonnossa liikkumisella on suuri hyvinvointia lis\u00e4\u00e4v\u00e4, hoitava ja ennaltaehk\u00e4isev\u00e4 vaikutus. My\u00f6s l\u00e4hiluonnon merkitys on t\u00e4ss\u00e4 suuri.&nbsp; Luonnossa oleminen auttaa palautumista, parantaa mielialaa, tasoittaa sykett\u00e4 ja laskee verenpainetta. Luonto tukee ihmisen fyysist\u00e4 ja psyykkist\u00e4 terveytt\u00e4. Luonnon hyvinvointivaikutuset tulisikin ottaa paremmin ja tiiviimmin osaksi sosiaali- ja terveyspalveluja. Tein aiheesta kirjallisen kysymyksen.&nbsp;<\/p>\n\n\n\n<p><\/p>\n\n\n\n<p><em>Eduskunnan puhemiehelle,<\/em><\/p>\n\n\n\n<p>Koronapandemian aikana moni suomalainen on l\u00f6yt\u00e4nyt luonnossa liikkumisen riemun aivan uudella tavalla. Kun sosiaalisia kontakteja on pit\u00e4nyt v\u00e4hent\u00e4\u00e4, on l\u00e4hiluonnosta tullut monelle todella t\u00e4rke\u00e4 heng\u00e4hdyspaikka. Suomalaiset ovat my\u00f6s suunnanneet sankoin joukoin kotimaan luontokohteisiin, kun matkailu ulkomaille on pit\u00e4nyt v\u00e4ltt\u00e4\u00e4. Kansallispuistojemme k\u00e4vij\u00e4m\u00e4\u00e4r\u00e4t ovatkin nousseet moninkertaiseksi.<\/p>\n\n\n\n<p>Luonnossa liikkuminen on lis\u00e4\u00e4ntynyt jo ennen korona-aikaa pitkin 2000-lukua. Se ei ole yll\u00e4tt\u00e4v\u00e4\u00e4, sill\u00e4 luonnon virkistysk\u00e4yt\u00f6n positiivisista terveysvaikutuksista kertyy jatkuvasti uutta tutkimustietoa. Tutkimusten mukaan luonnossa oleskelu ja liikkuminen kohentavat ihmisten hyvinvointia, fyysist\u00e4 kuntoa ja terveytt\u00e4. Luonto auttaa palautumaan stressist\u00e4, parantaa mielialaa, laskee verenpainetta ja tasoittaa syd\u00e4mensykett\u00e4. Luonnossa liikkumisella onkin merkitt\u00e4v\u00e4 rooli sosiaali- ja terveyskustannusten ennaltaehk\u00e4isyss\u00e4.<\/p>\n\n\n\n<p>Seuraava askel luonnon hyvinvointivaikutusten hy\u00f6dynt\u00e4misess\u00e4 tulee olla luonnon ottaminen kiinte\u00e4ksi osaksi sosiaali- ja terveyspalveluita. Yksitt\u00e4isi\u00e4 esimerkkej\u00e4 luonnon hy\u00f6ydynt\u00e4misest\u00e4 k\u00e4yt\u00e4nn\u00f6n hoivaty\u00f6ss\u00e4 on jo olemassa. Esimerkiksi Mets\u00e4hallituksen Luonto liikuttaa -hankkeessa aktivoitiin pitk\u00e4aikaisty\u00f6tt\u00f6mi\u00e4 Porvoossal\u00e4\u00e4k\u00e4rit ovat m\u00e4\u00e4r\u00e4nneet mets\u00e4k\u00e4yntej\u00e4 terveyden yll\u00e4pitoon. Kaiken kaikkiaan luontoa k\u00e4ytet\u00e4\u00e4n sosiaali- ja terveyspalveluiden voimavarana kuitenkin hyvin v\u00e4h\u00e4n.<\/p>\n\n\n\n<p>Luonnon hyvinvointivaikutusten hy\u00f6dynt\u00e4misess\u00e4 on paljon hy\u00f6dynt\u00e4m\u00e4t\u00f6nt\u00e4 potentiaalia, joka tulisi j\u00e4rjestelm\u00e4llisesti, hallitusti ja tutkimustietoon nojaten ottaa sosiaali- ja terveyspalveluiden tuottamisessa huomioon. Luonnossa liikkumista voisi hy\u00f6dynt\u00e4\u00e4 enemm\u00e4n esimerkiksi ik\u00e4ihmisten, vammaisten, ty\u00f6uupumuksesta k\u00e4rsivien, mielenterveyspotilaiden ja p\u00e4ihdeongelmaisten kuntoutuksessa. Samalla edesautettaisiin my\u00f6s ty\u00f6urien pident\u00e4miseksi ja sosiaali- ja terveyspalveluiden kustannusten hillitsemiseksi asetettujen tavoitteiden saavuttamista.<\/p>\n\n\n\n<p>Edell\u00e4 olevan perusteella ja eduskunnan ty\u00f6j\u00e4rjestyksen 27 \u00a7:\u00e4\u00e4n viitaten esit\u00e4mme asianomaisen ministerin vastattavaksi seuraavan kysymyksen:&nbsp;<\/p>\n\n\n\n<p><em>Miten hallitus aikoo edist\u00e4\u00e4 luonnon hyvinvointivaikutusten hy\u00f6dynt\u00e4mist\u00e4 sosiaali- ja terveyspalveluiden k\u00e4yt\u00e4nn\u00f6n hoivaty\u00f6ss\u00e4?<\/em><\/p>\n","protected":false},"excerpt":{"rendered":"<p>Luonnossa liikkumisella on suuri hyvinvointia lis\u00e4\u00e4v\u00e4, hoitava ja ennaltaehk\u00e4isev\u00e4 vaikutus. My\u00f6s l\u00e4hiluonnon merkitys on t\u00e4ss\u00e4 suuri.&nbsp; Luonnossa oleminen auttaa palautumista, [&hellip;]<\/p>\n","protected":false},"author":1,"featured_media":0,"comment_status":"closed","ping_status":"closed","sticky":false,"template":"","format":"standard","meta":{"_monsterinsights_skip_tracking":false,"_monsterinsights_sitenote_active":false,"_monsterinsights_sitenote_note":"","_monsterinsights_sitenote_category":0,"site-sidebar-layout":"default","site-content-layout":"","ast-site-content-layout":"default","site-content-style":"default","site-sidebar-style":"default","ast-global-header-display":"","ast-banner-title-visibility":"","ast-main-header-display":"","ast-hfb-above-header-display":"","ast-hfb-below-header-display":"","ast-hfb-mobile-header-display":"","site-post-title":"","ast-breadcrumbs-content":"","ast-featured-img":"","footer-sml-layout":"","ast-disable-related-posts":"","theme-transparent-header-meta":"","adv-header-id-meta":"","stick-header-meta":"","header-above-stick-meta":"","header-main-stick-meta":"","header-below-stick-meta":"","astra-migrate-meta-layouts":"default","ast-page-background-enabled":"default","ast-page-background-meta":{"desktop":{"background-color":"var(--ast-global-color-5)","background-image":"","background-repeat":"repeat","background-position":"center center","background-size":"auto","background-attachment":"scroll","background-type":"","background-media":"","overlay-type":"","overlay-color":"","overlay-opacity":"","overlay-gradient":""},"tablet":{"background-color":"","background-image":"","background-repeat":"repeat","background-position":"center center","background-size":"auto","background-attachment":"scroll","background-type":"","background-media":"","overlay-type":"","overlay-color":"","overlay-opacity":"","overlay-gradient":""},"mobile":{"background-color":"","background-image":"","background-repeat":"repeat","background-position":"center center","background-size":"auto","background-attachment":"scroll","background-type":"","background-media":"","overlay-type":"","overlay-color":"","overlay-opacity":"","overlay-gradient":""}},"ast-content-background-meta":{"desktop":{"background-color":"var(--ast-global-color-4)","background-image":"","background-repeat":"repeat","background-position":"center center","background-size":"auto","background-attachment":"scroll","background-type":"","background-media":"","overlay-type":"","overlay-color":"","overlay-opacity":"","overlay-gradient":""},"tablet":{"background-color":"var(--ast-global-color-4)","background-image":"","background-repeat":"repeat","background-position":"center center","background-size":"auto","background-attachment":"scroll","background-type":"","background-media":"","overlay-type":"","overlay-color":"","overlay-opacity":"","overlay-gradient":""},"mobile":{"background-color":"var(--ast-global-color-4)","background-image":"","background-repeat":"repeat","background-position":"center center","background-size":"auto","background-attachment":"scroll","background-type":"","background-media":"","overlay-type":"","overlay-color":"","overlay-opacity":"","overlay-gradient":""}},"footnotes":""},"categories":[1],"tags":[],"class_list":["post-2382","post","type-post","status-publish","format-standard","hentry","category-uncategorized"],"yoast_head":"<!-- This site is optimized with the Yoast SEO plugin v27.5 - https:\/\/yoast.com\/product\/yoast-seo-wordpress\/ -->\n<title>Luonnon hoitava potentiaali k\u00e4ytt\u00f6\u00f6n - Jenni Pitko - Vihreiden varapuheenjohtaja, ymp\u00e4rist\u00f6valiokunnan puheenjohtaja, kansanedustaja ja arkkitehti Oulusta<\/title>\n<meta name=\"robots\" content=\"index, follow, max-snippet:-1, max-image-preview:large, max-video-preview:-1\" \/>\n<link rel=\"canonical\" href=\"https:\/\/jennipitko.fi\/koti\/luonnon-hoitava-potentiaali-kayttoon\/\" \/>\n<meta property=\"og:locale\" content=\"fi_FI\" \/>\n<meta property=\"og:type\" content=\"article\" \/>\n<meta property=\"og:title\" content=\"Luonnon hoitava potentiaali k\u00e4ytt\u00f6\u00f6n - Jenni Pitko - Vihreiden varapuheenjohtaja, ymp\u00e4rist\u00f6valiokunnan puheenjohtaja, kansanedustaja ja arkkitehti Oulusta\" \/>\n<meta property=\"og:description\" content=\"Luonnossa liikkumisella on suuri hyvinvointia lis\u00e4\u00e4v\u00e4, hoitava ja ennaltaehk\u00e4isev\u00e4 vaikutus. My\u00f6s l\u00e4hiluonnon merkitys on t\u00e4ss\u00e4 suuri.&nbsp; Luonnossa oleminen auttaa palautumista, [&hellip;]\" \/>\n<meta property=\"og:url\" content=\"https:\/\/jennipitko.fi\/koti\/luonnon-hoitava-potentiaali-kayttoon\/\" \/>\n<meta property=\"og:site_name\" content=\"Jenni Pitko - Vihreiden varapuheenjohtaja, ymp\u00e4rist\u00f6valiokunnan puheenjohtaja, kansanedustaja ja arkkitehti Oulusta\" \/>\n<meta property=\"article:published_time\" content=\"2020-11-20T13:48:41+00:00\" \/>\n<meta property=\"article:modified_time\" content=\"2021-02-11T14:01:59+00:00\" \/>\n<meta name=\"author\" content=\"Jenni\" \/>\n<meta name=\"twitter:card\" content=\"summary_large_image\" \/>\n<meta name=\"twitter:label1\" content=\"Kirjoittanut\" \/>\n\t<meta name=\"twitter:data1\" content=\"Jenni\" \/>\n\t<meta name=\"twitter:label2\" content=\"Arvioitu lukuaika\" \/>\n\t<meta name=\"twitter:data2\" content=\"2 minuuttia\" \/>\n<script type=\"application\/ld+json\" class=\"yoast-schema-graph\">{\"@context\":\"https:\\\/\\\/schema.org\",\"@graph\":[{\"@type\":\"Article\",\"@id\":\"https:\\\/\\\/jennipitko.fi\\\/koti\\\/luonnon-hoitava-potentiaali-kayttoon\\\/#article\",\"isPartOf\":{\"@id\":\"https:\\\/\\\/jennipitko.fi\\\/koti\\\/luonnon-hoitava-potentiaali-kayttoon\\\/\"},\"author\":{\"name\":\"Jenni\",\"@id\":\"https:\\\/\\\/jennipitko.fi\\\/koti\\\/#\\\/schema\\\/person\\\/35955c467f851f10124809310e7e7ee8\"},\"headline\":\"Luonnon hoitava potentiaali k\u00e4ytt\u00f6\u00f6n\",\"datePublished\":\"2020-11-20T13:48:41+00:00\",\"dateModified\":\"2021-02-11T14:01:59+00:00\",\"mainEntityOfPage\":{\"@id\":\"https:\\\/\\\/jennipitko.fi\\\/koti\\\/luonnon-hoitava-potentiaali-kayttoon\\\/\"},\"wordCount\":358,\"publisher\":{\"@id\":\"https:\\\/\\\/jennipitko.fi\\\/koti\\\/#organization\"},\"articleSection\":[\"Uncategorized\"],\"inLanguage\":\"fi\"},{\"@type\":\"WebPage\",\"@id\":\"https:\\\/\\\/jennipitko.fi\\\/koti\\\/luonnon-hoitava-potentiaali-kayttoon\\\/\",\"url\":\"https:\\\/\\\/jennipitko.fi\\\/koti\\\/luonnon-hoitava-potentiaali-kayttoon\\\/\",\"name\":\"Luonnon hoitava potentiaali k\u00e4ytt\u00f6\u00f6n - Jenni Pitko - Vihreiden varapuheenjohtaja, ymp\u00e4rist\u00f6valiokunnan puheenjohtaja, kansanedustaja ja arkkitehti Oulusta\",\"isPartOf\":{\"@id\":\"https:\\\/\\\/jennipitko.fi\\\/koti\\\/#website\"},\"datePublished\":\"2020-11-20T13:48:41+00:00\",\"dateModified\":\"2021-02-11T14:01:59+00:00\",\"breadcrumb\":{\"@id\":\"https:\\\/\\\/jennipitko.fi\\\/koti\\\/luonnon-hoitava-potentiaali-kayttoon\\\/#breadcrumb\"},\"inLanguage\":\"fi\",\"potentialAction\":[{\"@type\":\"ReadAction\",\"target\":[\"https:\\\/\\\/jennipitko.fi\\\/koti\\\/luonnon-hoitava-potentiaali-kayttoon\\\/\"]}]},{\"@type\":\"BreadcrumbList\",\"@id\":\"https:\\\/\\\/jennipitko.fi\\\/koti\\\/luonnon-hoitava-potentiaali-kayttoon\\\/#breadcrumb\",\"itemListElement\":[{\"@type\":\"ListItem\",\"position\":1,\"name\":\"Home\",\"item\":\"https:\\\/\\\/jennipitko.fi\\\/koti\\\/\"},{\"@type\":\"ListItem\",\"position\":2,\"name\":\"Luonnon hoitava potentiaali k\u00e4ytt\u00f6\u00f6n\"}]},{\"@type\":\"WebSite\",\"@id\":\"https:\\\/\\\/jennipitko.fi\\\/koti\\\/#website\",\"url\":\"https:\\\/\\\/jennipitko.fi\\\/koti\\\/\",\"name\":\"Jenni Pitko - Vihreiden varapuheenjohtaja, ymp\u00e4rist\u00f6valiokunnan puheenjohtaja, kansanedustaja ja arkkitehti Oulusta\",\"description\":\"Jenni Pitko - Vihreiden varapuheenjohtaja, ymp\u00e4rist\u00f6valiokunnan puheenjohtaja, kansanedustaja ja arkkitehti Oulusta\",\"publisher\":{\"@id\":\"https:\\\/\\\/jennipitko.fi\\\/koti\\\/#organization\"},\"potentialAction\":[{\"@type\":\"SearchAction\",\"target\":{\"@type\":\"EntryPoint\",\"urlTemplate\":\"https:\\\/\\\/jennipitko.fi\\\/koti\\\/?s={search_term_string}\"},\"query-input\":{\"@type\":\"PropertyValueSpecification\",\"valueRequired\":true,\"valueName\":\"search_term_string\"}}],\"inLanguage\":\"fi\"},{\"@type\":\"Organization\",\"@id\":\"https:\\\/\\\/jennipitko.fi\\\/koti\\\/#organization\",\"name\":\"Jenni Pitko - Vihreiden varapuheenjohtaja, ymp\u00e4rist\u00f6valiokunnan puheenjohtaja, kansanedustaja ja arkkitehti Oulusta\",\"url\":\"https:\\\/\\\/jennipitko.fi\\\/koti\\\/\",\"logo\":{\"@type\":\"ImageObject\",\"inLanguage\":\"fi\",\"@id\":\"https:\\\/\\\/jennipitko.fi\\\/koti\\\/#\\\/schema\\\/logo\\\/image\\\/\",\"url\":\"https:\\\/\\\/jennipitko.fi\\\/koti\\\/wp-content\\\/uploads\\\/2025\\\/09\\\/Nimeton-malli-38.png\",\"contentUrl\":\"https:\\\/\\\/jennipitko.fi\\\/koti\\\/wp-content\\\/uploads\\\/2025\\\/09\\\/Nimeton-malli-38.png\",\"width\":1280,\"height\":847,\"caption\":\"Jenni Pitko - Vihreiden varapuheenjohtaja, ymp\u00e4rist\u00f6valiokunnan puheenjohtaja, kansanedustaja ja arkkitehti Oulusta\"},\"image\":{\"@id\":\"https:\\\/\\\/jennipitko.fi\\\/koti\\\/#\\\/schema\\\/logo\\\/image\\\/\"}},{\"@type\":\"Person\",\"@id\":\"https:\\\/\\\/jennipitko.fi\\\/koti\\\/#\\\/schema\\\/person\\\/35955c467f851f10124809310e7e7ee8\",\"name\":\"Jenni\",\"image\":{\"@type\":\"ImageObject\",\"inLanguage\":\"fi\",\"@id\":\"https:\\\/\\\/secure.gravatar.com\\\/avatar\\\/625a0e6413b293da7739d42617828d564a4d6028aec3f45d8939a2ba1617199f?s=96&d=blank&r=g\",\"url\":\"https:\\\/\\\/secure.gravatar.com\\\/avatar\\\/625a0e6413b293da7739d42617828d564a4d6028aec3f45d8939a2ba1617199f?s=96&d=blank&r=g\",\"contentUrl\":\"https:\\\/\\\/secure.gravatar.com\\\/avatar\\\/625a0e6413b293da7739d42617828d564a4d6028aec3f45d8939a2ba1617199f?s=96&d=blank&r=g\",\"caption\":\"Jenni\"},\"url\":\"https:\\\/\\\/jennipitko.fi\\\/koti\\\/author\\\/jenni\\\/\"}]}<\/script>\n<!-- \/ Yoast SEO plugin. -->","yoast_head_json":{"title":"Luonnon hoitava potentiaali k\u00e4ytt\u00f6\u00f6n - Jenni Pitko - Vihreiden varapuheenjohtaja, ymp\u00e4rist\u00f6valiokunnan puheenjohtaja, kansanedustaja ja arkkitehti Oulusta","robots":{"index":"index","follow":"follow","max-snippet":"max-snippet:-1","max-image-preview":"max-image-preview:large","max-video-preview":"max-video-preview:-1"},"canonical":"https:\/\/jennipitko.fi\/koti\/luonnon-hoitava-potentiaali-kayttoon\/","og_locale":"fi_FI","og_type":"article","og_title":"Luonnon hoitava potentiaali k\u00e4ytt\u00f6\u00f6n - Jenni Pitko - Vihreiden varapuheenjohtaja, ymp\u00e4rist\u00f6valiokunnan puheenjohtaja, kansanedustaja ja arkkitehti Oulusta","og_description":"Luonnossa liikkumisella on suuri hyvinvointia lis\u00e4\u00e4v\u00e4, hoitava ja ennaltaehk\u00e4isev\u00e4 vaikutus. My\u00f6s l\u00e4hiluonnon merkitys on t\u00e4ss\u00e4 suuri.&nbsp; Luonnossa oleminen auttaa palautumista, [&hellip;]","og_url":"https:\/\/jennipitko.fi\/koti\/luonnon-hoitava-potentiaali-kayttoon\/","og_site_name":"Jenni Pitko - Vihreiden varapuheenjohtaja, ymp\u00e4rist\u00f6valiokunnan puheenjohtaja, kansanedustaja ja arkkitehti Oulusta","article_published_time":"2020-11-20T13:48:41+00:00","article_modified_time":"2021-02-11T14:01:59+00:00","author":"Jenni","twitter_card":"summary_large_image","twitter_misc":{"Kirjoittanut":"Jenni","Arvioitu lukuaika":"2 minuuttia"},"schema":{"@context":"https:\/\/schema.org","@graph":[{"@type":"Article","@id":"https:\/\/jennipitko.fi\/koti\/luonnon-hoitava-potentiaali-kayttoon\/#article","isPartOf":{"@id":"https:\/\/jennipitko.fi\/koti\/luonnon-hoitava-potentiaali-kayttoon\/"},"author":{"name":"Jenni","@id":"https:\/\/jennipitko.fi\/koti\/#\/schema\/person\/35955c467f851f10124809310e7e7ee8"},"headline":"Luonnon hoitava potentiaali k\u00e4ytt\u00f6\u00f6n","datePublished":"2020-11-20T13:48:41+00:00","dateModified":"2021-02-11T14:01:59+00:00","mainEntityOfPage":{"@id":"https:\/\/jennipitko.fi\/koti\/luonnon-hoitava-potentiaali-kayttoon\/"},"wordCount":358,"publisher":{"@id":"https:\/\/jennipitko.fi\/koti\/#organization"},"articleSection":["Uncategorized"],"inLanguage":"fi"},{"@type":"WebPage","@id":"https:\/\/jennipitko.fi\/koti\/luonnon-hoitava-potentiaali-kayttoon\/","url":"https:\/\/jennipitko.fi\/koti\/luonnon-hoitava-potentiaali-kayttoon\/","name":"Luonnon hoitava potentiaali k\u00e4ytt\u00f6\u00f6n - Jenni Pitko - Vihreiden varapuheenjohtaja, ymp\u00e4rist\u00f6valiokunnan puheenjohtaja, kansanedustaja ja arkkitehti Oulusta","isPartOf":{"@id":"https:\/\/jennipitko.fi\/koti\/#website"},"datePublished":"2020-11-20T13:48:41+00:00","dateModified":"2021-02-11T14:01:59+00:00","breadcrumb":{"@id":"https:\/\/jennipitko.fi\/koti\/luonnon-hoitava-potentiaali-kayttoon\/#breadcrumb"},"inLanguage":"fi","potentialAction":[{"@type":"ReadAction","target":["https:\/\/jennipitko.fi\/koti\/luonnon-hoitava-potentiaali-kayttoon\/"]}]},{"@type":"BreadcrumbList","@id":"https:\/\/jennipitko.fi\/koti\/luonnon-hoitava-potentiaali-kayttoon\/#breadcrumb","itemListElement":[{"@type":"ListItem","position":1,"name":"Home","item":"https:\/\/jennipitko.fi\/koti\/"},{"@type":"ListItem","position":2,"name":"Luonnon hoitava potentiaali k\u00e4ytt\u00f6\u00f6n"}]},{"@type":"WebSite","@id":"https:\/\/jennipitko.fi\/koti\/#website","url":"https:\/\/jennipitko.fi\/koti\/","name":"Jenni Pitko - Vihreiden varapuheenjohtaja, ymp\u00e4rist\u00f6valiokunnan puheenjohtaja, kansanedustaja ja arkkitehti Oulusta","description":"Jenni Pitko - Vihreiden varapuheenjohtaja, ymp\u00e4rist\u00f6valiokunnan puheenjohtaja, kansanedustaja ja arkkitehti Oulusta","publisher":{"@id":"https:\/\/jennipitko.fi\/koti\/#organization"},"potentialAction":[{"@type":"SearchAction","target":{"@type":"EntryPoint","urlTemplate":"https:\/\/jennipitko.fi\/koti\/?s={search_term_string}"},"query-input":{"@type":"PropertyValueSpecification","valueRequired":true,"valueName":"search_term_string"}}],"inLanguage":"fi"},{"@type":"Organization","@id":"https:\/\/jennipitko.fi\/koti\/#organization","name":"Jenni Pitko - Vihreiden varapuheenjohtaja, ymp\u00e4rist\u00f6valiokunnan puheenjohtaja, kansanedustaja ja arkkitehti Oulusta","url":"https:\/\/jennipitko.fi\/koti\/","logo":{"@type":"ImageObject","inLanguage":"fi","@id":"https:\/\/jennipitko.fi\/koti\/#\/schema\/logo\/image\/","url":"https:\/\/jennipitko.fi\/koti\/wp-content\/uploads\/2025\/09\/Nimeton-malli-38.png","contentUrl":"https:\/\/jennipitko.fi\/koti\/wp-content\/uploads\/2025\/09\/Nimeton-malli-38.png","width":1280,"height":847,"caption":"Jenni Pitko - Vihreiden varapuheenjohtaja, ymp\u00e4rist\u00f6valiokunnan puheenjohtaja, kansanedustaja ja arkkitehti Oulusta"},"image":{"@id":"https:\/\/jennipitko.fi\/koti\/#\/schema\/logo\/image\/"}},{"@type":"Person","@id":"https:\/\/jennipitko.fi\/koti\/#\/schema\/person\/35955c467f851f10124809310e7e7ee8","name":"Jenni","image":{"@type":"ImageObject","inLanguage":"fi","@id":"https:\/\/secure.gravatar.com\/avatar\/625a0e6413b293da7739d42617828d564a4d6028aec3f45d8939a2ba1617199f?s=96&d=blank&r=g","url":"https:\/\/secure.gravatar.com\/avatar\/625a0e6413b293da7739d42617828d564a4d6028aec3f45d8939a2ba1617199f?s=96&d=blank&r=g","contentUrl":"https:\/\/secure.gravatar.com\/avatar\/625a0e6413b293da7739d42617828d564a4d6028aec3f45d8939a2ba1617199f?s=96&d=blank&r=g","caption":"Jenni"},"url":"https:\/\/jennipitko.fi\/koti\/author\/jenni\/"}]}},"_links":{"self":[{"href":"https:\/\/jennipitko.fi\/koti\/wp-json\/wp\/v2\/posts\/2382","targetHints":{"allow":["GET"]}}],"collection":[{"href":"https:\/\/jennipitko.fi\/koti\/wp-json\/wp\/v2\/posts"}],"about":[{"href":"https:\/\/jennipitko.fi\/koti\/wp-json\/wp\/v2\/types\/post"}],"author":[{"embeddable":true,"href":"https:\/\/jennipitko.fi\/koti\/wp-json\/wp\/v2\/users\/1"}],"replies":[{"embeddable":true,"href":"https:\/\/jennipitko.fi\/koti\/wp-json\/wp\/v2\/comments?post=2382"}],"version-history":[{"count":1,"href":"https:\/\/jennipitko.fi\/koti\/wp-json\/wp\/v2\/posts\/2382\/revisions"}],"predecessor-version":[{"id":2398,"href":"https:\/\/jennipitko.fi\/koti\/wp-json\/wp\/v2\/posts\/2382\/revisions\/2398"}],"wp:attachment":[{"href":"https:\/\/jennipitko.fi\/koti\/wp-json\/wp\/v2\/media?parent=2382"}],"wp:term":[{"taxonomy":"category","embeddable":true,"href":"https:\/\/jennipitko.fi\/koti\/wp-json\/wp\/v2\/categories?post=2382"},{"taxonomy":"post_tag","embeddable":true,"href":"https:\/\/jennipitko.fi\/koti\/wp-json\/wp\/v2\/tags?post=2382"}],"curies":[{"name":"wp","href":"https:\/\/api.w.org\/{rel}","templated":true}]}}