{"id":2384,"date":"2020-11-27T16:09:21","date_gmt":"2020-11-27T14:09:21","guid":{"rendered":"http:\/\/jennipitko.fi\/koti\/?p=2384"},"modified":"2021-02-11T16:00:54","modified_gmt":"2021-02-11T14:00:54","slug":"ahman-metsastysta-harkittava-uudelleen","status":"publish","type":"post","link":"https:\/\/jennipitko.fi\/koti\/ahman-metsastysta-harkittava-uudelleen\/","title":{"rendered":"Ahman mets\u00e4styst\u00e4 harkittava uudelleen"},"content":{"rendered":"\n<p>Ahma on Suomessa eritt\u00e4in uhanalainen laji, mutta silti sit\u00e4 mets\u00e4stet\u00e4\u00e4n poikkeusluvalla. Useita vuosia ahma oli t\u00e4ysin rauhoitettu laji, mutta vuodesta 2017 on ahman mets\u00e4stykseen my\u00f6nnetty poikkeuslupia.&nbsp;<\/p>\n\n\n\n<p>Uhanalaisia lajeja ei pit\u00e4isi mets\u00e4st\u00e4\u00e4, mutta mik\u00e4 pahempaa, pyyntilupia on my\u00f6nnetty jopa suojelualueille, joiden suojeluperusteena oleva laji ahma nimenomaan on ollut. Ahmakannan on arvioitu taantuneen alueilla, joille pyyntilupia on my\u00f6nnetty.&nbsp;<\/p>\n\n\n\n<p>Suurpetokantojen taantuminen voi muuttaa alueellista ekologiaa ja lajistoa dramaattisestikin. Luonnon monimuotoisuus hupenee kiihtyv\u00e4ll\u00e4 tahdilla. Meid\u00e4n tulisikin kaikin keinoin suojella uhanalaisia lajeja eik\u00e4 mets\u00e4st\u00e4\u00e4 niit\u00e4.<\/p>\n\n\n\n<p>Tein aiheesta kirjallisen kysymyksen:&nbsp;<\/p>\n\n\n\n<p><strong>Kirjallinen kysymys ahman mets\u00e4styksest\u00e4<\/strong><\/p>\n\n\n\n<p><em>Eduskunnan puhemiehelle,<\/em><\/p>\n\n\n\n<p>Luonnon monimuotoisuus hupenee kiihtyv\u00e4ll\u00e4 tahdilla. Suomessakin joka yhdeks\u00e4s laji uhkaa kuolla sukupuuttoon. Meid\u00e4n tulisikin kaikin keinoin suojella uhanalaisia lajeja. Samaan aikaan monia uhanalaisia lajejamme saa kuitenkin mets\u00e4st\u00e4\u00e4. Se on uhka n\u00e4iden lajien ja koko Suomen luonnon tulevaisuudelle.<\/p>\n\n\n\n<p>Yksi mets\u00e4stett\u00e4vist\u00e4 uhanalaisista lajeistamme on ahma. Ahma oli pitk\u00e4\u00e4n t\u00e4ysin rauhoitettu, mutta vuodesta 2017 alkaen maa- ja mets\u00e4talousministeri\u00f6 on my\u00f6nt\u00e4nyt sen pyyt\u00e4miseen vuosittain kahdeksan poikkeusluvan kiinti\u00f6n poronhoitoalueelle.&nbsp;<\/p>\n\n\n\n<p>Kiinti\u00f6it\u00e4 on perusteltu porovahinkojen ehk\u00e4isyll\u00e4. Kiinti\u00f6t on hy\u00f6dynnetty t\u00e4ysim\u00e4\u00e4r\u00e4isin\u00e4 ja yhteens\u00e4 t\u00e4h\u00e4n menness\u00e4 on tapettu jo 32 ahmaa. Se on h\u00e4lytt\u00e4v\u00e4n iso m\u00e4\u00e4r\u00e4 ottaen huomioon, ett\u00e4 ahmoja arvioidaan olevan Suomessa vain noin 390. Ahma on vuoden 2019 uhanalaisuusarvioinnissa luokiteltu eritt\u00e4in uhanalaiseksi ja sen uhanalaistumisen syyksi on arvioitu nimenomaan pyynti.<\/p>\n\n\n\n<p>Suomen Riistakeskus on my\u00f6nt\u00e4nyt poikkeuslupia ahman pyyntiin my\u00f6s sellaisilla Natura 2000 -verkostoon kuuluvilla suojelualueilla, joiden suojeluperusteena oleva laji ahma on. Ahman pyynti on siis sallittu alueilla, jotka on perustettu niiden suojelemiseksi.<\/p>\n\n\n\n<p>Viime kev\u00e4\u00e4n\u00e4 korkein hallinto-oikeus linjasi, ett\u00e4 Suomen Riistakeskuksen Natura 2000 -alueille my\u00f6nnetyt ahman poikkeusluvat ovat olleet lain vastaisia, koska niiden my\u00f6nt\u00e4misen yhteydess\u00e4 ei ole tehty vaikutusarviota siit\u00e4, miten pyynti vaikuttaa alueen ahmakantaan.<\/p>\n\n\n\n<p>Viime vuosina ahman poikkeuslupapyynnin ollessa k\u00e4ynniss\u00e4 ahmakanta on taantunut tunturilapissa. Luken arvioiden mukaan taantuminen johtuu todenn\u00e4k\u00f6isesti ahman pyynnist\u00e4. Samaan aikaan poronhoitoalueen etel\u00e4puolinen ahmakanta on vahvistunut. Kehityssuunta on eritt\u00e4in huolestuttava eik\u00e4 ahmojen pyynti\u00e4 poikkeusluvalla tulisi en\u00e4\u00e4 sallia, vaan laji olisi rauhoitettava kokonaan.<\/p>\n\n\n\n<p>Edell\u00e4 olevan perusteella ja eduskunnan ty\u00f6j\u00e4rjestyksen 27 \u00a7:\u00e4\u00e4n viitaten esit\u00e4n asianomaisen ministerin vastattavaksi seuraavan kysymyksen:&nbsp;<\/p>\n\n\n\n<p><em>Mihin toimiin hallitus ryhtyy ahmakannan elinvoimaisuuden turvaamiseksi?<\/em><\/p>\n\n\n\n<p>Helsingiss\u00e4 27.11.2020<\/p>\n\n\n\n<p>Jenni Pitko vihr.<\/p>\n","protected":false},"excerpt":{"rendered":"<p>Ahma on Suomessa eritt\u00e4in uhanalainen laji, mutta silti sit\u00e4 mets\u00e4stet\u00e4\u00e4n poikkeusluvalla. Useita vuosia ahma oli t\u00e4ysin rauhoitettu laji, mutta vuodesta [&hellip;]<\/p>\n","protected":false},"author":1,"featured_media":0,"comment_status":"closed","ping_status":"closed","sticky":false,"template":"","format":"standard","meta":{"_monsterinsights_skip_tracking":false,"_monsterinsights_sitenote_active":false,"_monsterinsights_sitenote_note":"","_monsterinsights_sitenote_category":0,"site-sidebar-layout":"default","site-content-layout":"","ast-site-content-layout":"default","site-content-style":"default","site-sidebar-style":"default","ast-global-header-display":"","ast-banner-title-visibility":"","ast-main-header-display":"","ast-hfb-above-header-display":"","ast-hfb-below-header-display":"","ast-hfb-mobile-header-display":"","site-post-title":"","ast-breadcrumbs-content":"","ast-featured-img":"","footer-sml-layout":"","ast-disable-related-posts":"","theme-transparent-header-meta":"","adv-header-id-meta":"","stick-header-meta":"","header-above-stick-meta":"","header-main-stick-meta":"","header-below-stick-meta":"","astra-migrate-meta-layouts":"default","ast-page-background-enabled":"default","ast-page-background-meta":{"desktop":{"background-color":"var(--ast-global-color-5)","background-image":"","background-repeat":"repeat","background-position":"center center","background-size":"auto","background-attachment":"scroll","background-type":"","background-media":"","overlay-type":"","overlay-color":"","overlay-opacity":"","overlay-gradient":""},"tablet":{"background-color":"","background-image":"","background-repeat":"repeat","background-position":"center center","background-size":"auto","background-attachment":"scroll","background-type":"","background-media":"","overlay-type":"","overlay-color":"","overlay-opacity":"","overlay-gradient":""},"mobile":{"background-color":"","background-image":"","background-repeat":"repeat","background-position":"center center","background-size":"auto","background-attachment":"scroll","background-type":"","background-media":"","overlay-type":"","overlay-color":"","overlay-opacity":"","overlay-gradient":""}},"ast-content-background-meta":{"desktop":{"background-color":"var(--ast-global-color-4)","background-image":"","background-repeat":"repeat","background-position":"center center","background-size":"auto","background-attachment":"scroll","background-type":"","background-media":"","overlay-type":"","overlay-color":"","overlay-opacity":"","overlay-gradient":""},"tablet":{"background-color":"var(--ast-global-color-4)","background-image":"","background-repeat":"repeat","background-position":"center center","background-size":"auto","background-attachment":"scroll","background-type":"","background-media":"","overlay-type":"","overlay-color":"","overlay-opacity":"","overlay-gradient":""},"mobile":{"background-color":"var(--ast-global-color-4)","background-image":"","background-repeat":"repeat","background-position":"center center","background-size":"auto","background-attachment":"scroll","background-type":"","background-media":"","overlay-type":"","overlay-color":"","overlay-opacity":"","overlay-gradient":""}},"footnotes":""},"categories":[1],"tags":[432,298,433,434],"class_list":["post-2384","post","type-post","status-publish","format-standard","hentry","category-uncategorized","tag-ahma","tag-luonnonsuojelu","tag-metsastys","tag-uhanalaiset-lajit"],"yoast_head":"<!-- This site is optimized with the Yoast SEO plugin v27.5 - https:\/\/yoast.com\/product\/yoast-seo-wordpress\/ -->\n<title>Ahman mets\u00e4styst\u00e4 harkittava uudelleen - Jenni Pitko - Vihreiden varapuheenjohtaja, ymp\u00e4rist\u00f6valiokunnan puheenjohtaja, kansanedustaja ja arkkitehti Oulusta<\/title>\n<meta name=\"robots\" content=\"index, follow, max-snippet:-1, max-image-preview:large, max-video-preview:-1\" \/>\n<link rel=\"canonical\" href=\"https:\/\/jennipitko.fi\/koti\/ahman-metsastysta-harkittava-uudelleen\/\" \/>\n<meta property=\"og:locale\" content=\"fi_FI\" \/>\n<meta property=\"og:type\" content=\"article\" \/>\n<meta property=\"og:title\" content=\"Ahman mets\u00e4styst\u00e4 harkittava uudelleen - Jenni Pitko - Vihreiden varapuheenjohtaja, ymp\u00e4rist\u00f6valiokunnan puheenjohtaja, kansanedustaja ja arkkitehti Oulusta\" \/>\n<meta property=\"og:description\" content=\"Ahma on Suomessa eritt\u00e4in uhanalainen laji, mutta silti sit\u00e4 mets\u00e4stet\u00e4\u00e4n poikkeusluvalla. Useita vuosia ahma oli t\u00e4ysin rauhoitettu laji, mutta vuodesta [&hellip;]\" \/>\n<meta property=\"og:url\" content=\"https:\/\/jennipitko.fi\/koti\/ahman-metsastysta-harkittava-uudelleen\/\" \/>\n<meta property=\"og:site_name\" content=\"Jenni Pitko - Vihreiden varapuheenjohtaja, ymp\u00e4rist\u00f6valiokunnan puheenjohtaja, kansanedustaja ja arkkitehti Oulusta\" \/>\n<meta property=\"article:published_time\" content=\"2020-11-27T14:09:21+00:00\" \/>\n<meta property=\"article:modified_time\" content=\"2021-02-11T14:00:54+00:00\" \/>\n<meta name=\"author\" content=\"Jenni\" \/>\n<meta name=\"twitter:card\" content=\"summary_large_image\" \/>\n<meta name=\"twitter:label1\" content=\"Kirjoittanut\" \/>\n\t<meta name=\"twitter:data1\" content=\"Jenni\" \/>\n\t<meta name=\"twitter:label2\" content=\"Arvioitu lukuaika\" \/>\n\t<meta name=\"twitter:data2\" content=\"2 minuuttia\" \/>\n<script type=\"application\/ld+json\" class=\"yoast-schema-graph\">{\"@context\":\"https:\\\/\\\/schema.org\",\"@graph\":[{\"@type\":\"Article\",\"@id\":\"https:\\\/\\\/jennipitko.fi\\\/koti\\\/ahman-metsastysta-harkittava-uudelleen\\\/#article\",\"isPartOf\":{\"@id\":\"https:\\\/\\\/jennipitko.fi\\\/koti\\\/ahman-metsastysta-harkittava-uudelleen\\\/\"},\"author\":{\"name\":\"Jenni\",\"@id\":\"https:\\\/\\\/jennipitko.fi\\\/koti\\\/#\\\/schema\\\/person\\\/35955c467f851f10124809310e7e7ee8\"},\"headline\":\"Ahman mets\u00e4styst\u00e4 harkittava uudelleen\",\"datePublished\":\"2020-11-27T14:09:21+00:00\",\"dateModified\":\"2021-02-11T14:00:54+00:00\",\"mainEntityOfPage\":{\"@id\":\"https:\\\/\\\/jennipitko.fi\\\/koti\\\/ahman-metsastysta-harkittava-uudelleen\\\/\"},\"wordCount\":392,\"publisher\":{\"@id\":\"https:\\\/\\\/jennipitko.fi\\\/koti\\\/#organization\"},\"keywords\":[\"ahma\",\"luonnonsuojelu\",\"mets\u00e4stys\",\"uhanalaiset lajit\"],\"articleSection\":[\"Uncategorized\"],\"inLanguage\":\"fi\"},{\"@type\":\"WebPage\",\"@id\":\"https:\\\/\\\/jennipitko.fi\\\/koti\\\/ahman-metsastysta-harkittava-uudelleen\\\/\",\"url\":\"https:\\\/\\\/jennipitko.fi\\\/koti\\\/ahman-metsastysta-harkittava-uudelleen\\\/\",\"name\":\"Ahman mets\u00e4styst\u00e4 harkittava uudelleen - Jenni Pitko - Vihreiden varapuheenjohtaja, ymp\u00e4rist\u00f6valiokunnan puheenjohtaja, kansanedustaja ja arkkitehti Oulusta\",\"isPartOf\":{\"@id\":\"https:\\\/\\\/jennipitko.fi\\\/koti\\\/#website\"},\"datePublished\":\"2020-11-27T14:09:21+00:00\",\"dateModified\":\"2021-02-11T14:00:54+00:00\",\"breadcrumb\":{\"@id\":\"https:\\\/\\\/jennipitko.fi\\\/koti\\\/ahman-metsastysta-harkittava-uudelleen\\\/#breadcrumb\"},\"inLanguage\":\"fi\",\"potentialAction\":[{\"@type\":\"ReadAction\",\"target\":[\"https:\\\/\\\/jennipitko.fi\\\/koti\\\/ahman-metsastysta-harkittava-uudelleen\\\/\"]}]},{\"@type\":\"BreadcrumbList\",\"@id\":\"https:\\\/\\\/jennipitko.fi\\\/koti\\\/ahman-metsastysta-harkittava-uudelleen\\\/#breadcrumb\",\"itemListElement\":[{\"@type\":\"ListItem\",\"position\":1,\"name\":\"Home\",\"item\":\"https:\\\/\\\/jennipitko.fi\\\/koti\\\/\"},{\"@type\":\"ListItem\",\"position\":2,\"name\":\"Ahman mets\u00e4styst\u00e4 harkittava uudelleen\"}]},{\"@type\":\"WebSite\",\"@id\":\"https:\\\/\\\/jennipitko.fi\\\/koti\\\/#website\",\"url\":\"https:\\\/\\\/jennipitko.fi\\\/koti\\\/\",\"name\":\"Jenni Pitko - Vihreiden varapuheenjohtaja, ymp\u00e4rist\u00f6valiokunnan puheenjohtaja, kansanedustaja ja arkkitehti Oulusta\",\"description\":\"Jenni Pitko - Vihreiden varapuheenjohtaja, ymp\u00e4rist\u00f6valiokunnan puheenjohtaja, kansanedustaja ja arkkitehti Oulusta\",\"publisher\":{\"@id\":\"https:\\\/\\\/jennipitko.fi\\\/koti\\\/#organization\"},\"potentialAction\":[{\"@type\":\"SearchAction\",\"target\":{\"@type\":\"EntryPoint\",\"urlTemplate\":\"https:\\\/\\\/jennipitko.fi\\\/koti\\\/?s={search_term_string}\"},\"query-input\":{\"@type\":\"PropertyValueSpecification\",\"valueRequired\":true,\"valueName\":\"search_term_string\"}}],\"inLanguage\":\"fi\"},{\"@type\":\"Organization\",\"@id\":\"https:\\\/\\\/jennipitko.fi\\\/koti\\\/#organization\",\"name\":\"Jenni Pitko - Vihreiden varapuheenjohtaja, ymp\u00e4rist\u00f6valiokunnan puheenjohtaja, kansanedustaja ja arkkitehti Oulusta\",\"url\":\"https:\\\/\\\/jennipitko.fi\\\/koti\\\/\",\"logo\":{\"@type\":\"ImageObject\",\"inLanguage\":\"fi\",\"@id\":\"https:\\\/\\\/jennipitko.fi\\\/koti\\\/#\\\/schema\\\/logo\\\/image\\\/\",\"url\":\"https:\\\/\\\/jennipitko.fi\\\/koti\\\/wp-content\\\/uploads\\\/2025\\\/09\\\/Nimeton-malli-38.png\",\"contentUrl\":\"https:\\\/\\\/jennipitko.fi\\\/koti\\\/wp-content\\\/uploads\\\/2025\\\/09\\\/Nimeton-malli-38.png\",\"width\":1280,\"height\":847,\"caption\":\"Jenni Pitko - Vihreiden varapuheenjohtaja, ymp\u00e4rist\u00f6valiokunnan puheenjohtaja, kansanedustaja ja arkkitehti Oulusta\"},\"image\":{\"@id\":\"https:\\\/\\\/jennipitko.fi\\\/koti\\\/#\\\/schema\\\/logo\\\/image\\\/\"}},{\"@type\":\"Person\",\"@id\":\"https:\\\/\\\/jennipitko.fi\\\/koti\\\/#\\\/schema\\\/person\\\/35955c467f851f10124809310e7e7ee8\",\"name\":\"Jenni\",\"image\":{\"@type\":\"ImageObject\",\"inLanguage\":\"fi\",\"@id\":\"https:\\\/\\\/secure.gravatar.com\\\/avatar\\\/625a0e6413b293da7739d42617828d564a4d6028aec3f45d8939a2ba1617199f?s=96&d=blank&r=g\",\"url\":\"https:\\\/\\\/secure.gravatar.com\\\/avatar\\\/625a0e6413b293da7739d42617828d564a4d6028aec3f45d8939a2ba1617199f?s=96&d=blank&r=g\",\"contentUrl\":\"https:\\\/\\\/secure.gravatar.com\\\/avatar\\\/625a0e6413b293da7739d42617828d564a4d6028aec3f45d8939a2ba1617199f?s=96&d=blank&r=g\",\"caption\":\"Jenni\"},\"url\":\"https:\\\/\\\/jennipitko.fi\\\/koti\\\/author\\\/jenni\\\/\"}]}<\/script>\n<!-- \/ Yoast SEO plugin. -->","yoast_head_json":{"title":"Ahman mets\u00e4styst\u00e4 harkittava uudelleen - Jenni Pitko - Vihreiden varapuheenjohtaja, ymp\u00e4rist\u00f6valiokunnan puheenjohtaja, kansanedustaja ja arkkitehti Oulusta","robots":{"index":"index","follow":"follow","max-snippet":"max-snippet:-1","max-image-preview":"max-image-preview:large","max-video-preview":"max-video-preview:-1"},"canonical":"https:\/\/jennipitko.fi\/koti\/ahman-metsastysta-harkittava-uudelleen\/","og_locale":"fi_FI","og_type":"article","og_title":"Ahman mets\u00e4styst\u00e4 harkittava uudelleen - Jenni Pitko - Vihreiden varapuheenjohtaja, ymp\u00e4rist\u00f6valiokunnan puheenjohtaja, kansanedustaja ja arkkitehti Oulusta","og_description":"Ahma on Suomessa eritt\u00e4in uhanalainen laji, mutta silti sit\u00e4 mets\u00e4stet\u00e4\u00e4n poikkeusluvalla. Useita vuosia ahma oli t\u00e4ysin rauhoitettu laji, mutta vuodesta [&hellip;]","og_url":"https:\/\/jennipitko.fi\/koti\/ahman-metsastysta-harkittava-uudelleen\/","og_site_name":"Jenni Pitko - Vihreiden varapuheenjohtaja, ymp\u00e4rist\u00f6valiokunnan puheenjohtaja, kansanedustaja ja arkkitehti Oulusta","article_published_time":"2020-11-27T14:09:21+00:00","article_modified_time":"2021-02-11T14:00:54+00:00","author":"Jenni","twitter_card":"summary_large_image","twitter_misc":{"Kirjoittanut":"Jenni","Arvioitu lukuaika":"2 minuuttia"},"schema":{"@context":"https:\/\/schema.org","@graph":[{"@type":"Article","@id":"https:\/\/jennipitko.fi\/koti\/ahman-metsastysta-harkittava-uudelleen\/#article","isPartOf":{"@id":"https:\/\/jennipitko.fi\/koti\/ahman-metsastysta-harkittava-uudelleen\/"},"author":{"name":"Jenni","@id":"https:\/\/jennipitko.fi\/koti\/#\/schema\/person\/35955c467f851f10124809310e7e7ee8"},"headline":"Ahman mets\u00e4styst\u00e4 harkittava uudelleen","datePublished":"2020-11-27T14:09:21+00:00","dateModified":"2021-02-11T14:00:54+00:00","mainEntityOfPage":{"@id":"https:\/\/jennipitko.fi\/koti\/ahman-metsastysta-harkittava-uudelleen\/"},"wordCount":392,"publisher":{"@id":"https:\/\/jennipitko.fi\/koti\/#organization"},"keywords":["ahma","luonnonsuojelu","mets\u00e4stys","uhanalaiset lajit"],"articleSection":["Uncategorized"],"inLanguage":"fi"},{"@type":"WebPage","@id":"https:\/\/jennipitko.fi\/koti\/ahman-metsastysta-harkittava-uudelleen\/","url":"https:\/\/jennipitko.fi\/koti\/ahman-metsastysta-harkittava-uudelleen\/","name":"Ahman mets\u00e4styst\u00e4 harkittava uudelleen - Jenni Pitko - Vihreiden varapuheenjohtaja, ymp\u00e4rist\u00f6valiokunnan puheenjohtaja, kansanedustaja ja arkkitehti Oulusta","isPartOf":{"@id":"https:\/\/jennipitko.fi\/koti\/#website"},"datePublished":"2020-11-27T14:09:21+00:00","dateModified":"2021-02-11T14:00:54+00:00","breadcrumb":{"@id":"https:\/\/jennipitko.fi\/koti\/ahman-metsastysta-harkittava-uudelleen\/#breadcrumb"},"inLanguage":"fi","potentialAction":[{"@type":"ReadAction","target":["https:\/\/jennipitko.fi\/koti\/ahman-metsastysta-harkittava-uudelleen\/"]}]},{"@type":"BreadcrumbList","@id":"https:\/\/jennipitko.fi\/koti\/ahman-metsastysta-harkittava-uudelleen\/#breadcrumb","itemListElement":[{"@type":"ListItem","position":1,"name":"Home","item":"https:\/\/jennipitko.fi\/koti\/"},{"@type":"ListItem","position":2,"name":"Ahman mets\u00e4styst\u00e4 harkittava uudelleen"}]},{"@type":"WebSite","@id":"https:\/\/jennipitko.fi\/koti\/#website","url":"https:\/\/jennipitko.fi\/koti\/","name":"Jenni Pitko - Vihreiden varapuheenjohtaja, ymp\u00e4rist\u00f6valiokunnan puheenjohtaja, kansanedustaja ja arkkitehti Oulusta","description":"Jenni Pitko - Vihreiden varapuheenjohtaja, ymp\u00e4rist\u00f6valiokunnan puheenjohtaja, kansanedustaja ja arkkitehti Oulusta","publisher":{"@id":"https:\/\/jennipitko.fi\/koti\/#organization"},"potentialAction":[{"@type":"SearchAction","target":{"@type":"EntryPoint","urlTemplate":"https:\/\/jennipitko.fi\/koti\/?s={search_term_string}"},"query-input":{"@type":"PropertyValueSpecification","valueRequired":true,"valueName":"search_term_string"}}],"inLanguage":"fi"},{"@type":"Organization","@id":"https:\/\/jennipitko.fi\/koti\/#organization","name":"Jenni Pitko - Vihreiden varapuheenjohtaja, ymp\u00e4rist\u00f6valiokunnan puheenjohtaja, kansanedustaja ja arkkitehti Oulusta","url":"https:\/\/jennipitko.fi\/koti\/","logo":{"@type":"ImageObject","inLanguage":"fi","@id":"https:\/\/jennipitko.fi\/koti\/#\/schema\/logo\/image\/","url":"https:\/\/jennipitko.fi\/koti\/wp-content\/uploads\/2025\/09\/Nimeton-malli-38.png","contentUrl":"https:\/\/jennipitko.fi\/koti\/wp-content\/uploads\/2025\/09\/Nimeton-malli-38.png","width":1280,"height":847,"caption":"Jenni Pitko - Vihreiden varapuheenjohtaja, ymp\u00e4rist\u00f6valiokunnan puheenjohtaja, kansanedustaja ja arkkitehti Oulusta"},"image":{"@id":"https:\/\/jennipitko.fi\/koti\/#\/schema\/logo\/image\/"}},{"@type":"Person","@id":"https:\/\/jennipitko.fi\/koti\/#\/schema\/person\/35955c467f851f10124809310e7e7ee8","name":"Jenni","image":{"@type":"ImageObject","inLanguage":"fi","@id":"https:\/\/secure.gravatar.com\/avatar\/625a0e6413b293da7739d42617828d564a4d6028aec3f45d8939a2ba1617199f?s=96&d=blank&r=g","url":"https:\/\/secure.gravatar.com\/avatar\/625a0e6413b293da7739d42617828d564a4d6028aec3f45d8939a2ba1617199f?s=96&d=blank&r=g","contentUrl":"https:\/\/secure.gravatar.com\/avatar\/625a0e6413b293da7739d42617828d564a4d6028aec3f45d8939a2ba1617199f?s=96&d=blank&r=g","caption":"Jenni"},"url":"https:\/\/jennipitko.fi\/koti\/author\/jenni\/"}]}},"_links":{"self":[{"href":"https:\/\/jennipitko.fi\/koti\/wp-json\/wp\/v2\/posts\/2384","targetHints":{"allow":["GET"]}}],"collection":[{"href":"https:\/\/jennipitko.fi\/koti\/wp-json\/wp\/v2\/posts"}],"about":[{"href":"https:\/\/jennipitko.fi\/koti\/wp-json\/wp\/v2\/types\/post"}],"author":[{"embeddable":true,"href":"https:\/\/jennipitko.fi\/koti\/wp-json\/wp\/v2\/users\/1"}],"replies":[{"embeddable":true,"href":"https:\/\/jennipitko.fi\/koti\/wp-json\/wp\/v2\/comments?post=2384"}],"version-history":[{"count":1,"href":"https:\/\/jennipitko.fi\/koti\/wp-json\/wp\/v2\/posts\/2384\/revisions"}],"predecessor-version":[{"id":2397,"href":"https:\/\/jennipitko.fi\/koti\/wp-json\/wp\/v2\/posts\/2384\/revisions\/2397"}],"wp:attachment":[{"href":"https:\/\/jennipitko.fi\/koti\/wp-json\/wp\/v2\/media?parent=2384"}],"wp:term":[{"taxonomy":"category","embeddable":true,"href":"https:\/\/jennipitko.fi\/koti\/wp-json\/wp\/v2\/categories?post=2384"},{"taxonomy":"post_tag","embeddable":true,"href":"https:\/\/jennipitko.fi\/koti\/wp-json\/wp\/v2\/tags?post=2384"}],"curies":[{"name":"wp","href":"https:\/\/api.w.org\/{rel}","templated":true}]}}