{"id":2387,"date":"2021-01-25T18:29:46","date_gmt":"2021-01-25T16:29:46","guid":{"rendered":"http:\/\/jennipitko.fi\/koti\/?p=2387"},"modified":"2021-01-25T18:29:56","modified_gmt":"2021-01-25T16:29:56","slug":"oulu-torjumaan-luontokatoa-6-konkreettista-ja-nopeaa-ehdotusta","status":"publish","type":"post","link":"https:\/\/jennipitko.fi\/koti\/oulu-torjumaan-luontokatoa-6-konkreettista-ja-nopeaa-ehdotusta\/","title":{"rendered":"Oulu torjumaan luontokatoa &#8211; 6 konkreettista ja nopeaa ehdotusta"},"content":{"rendered":"\n<p>Kansainv\u00e4lisen luontopaneelin IPBESin mukaan nykymenolla jopa miljoona lajia on kuolemassa sukupuuttoon. Meill\u00e4 Suomessa jo joka yhdeks\u00e4s laji on uhanalainen. Luontokadon pys\u00e4ytt\u00e4miseen tarvitaan mukaan kaikkia. Kaupungeilla on erinomaiset edellytykset vahvistaa luontoty\u00f6t\u00e4 \u2013 ja tuottaa n\u00e4in monenlaisia hy\u00f6tyj\u00e4 asukkailleen. Ohessa ratkaisuja, jotka k\u00e4ytt\u00f6\u00f6nottamalla Oulu osallistuu luontokadon torjumiseen ja luo samalla asukkailleen mahdollisuuksia osallistua t\u00e4h\u00e4n ty\u00f6h\u00f6n ja nauttia luonnosta l\u00e4hell\u00e4.\u00a0<\/p>\n\n\n\n<p>J\u00e4tin 25.1. Valtuustoaloitteen, jossa esit\u00e4n kuutta konkreettista ehdotusta, miten Oulu voi nopeasti ja konkreettisesti osallistua luontokadon torjuntaan.<\/p>\n\n\n\n<h4 class=\"wp-block-heading\"><strong>1) Pyrit\u00e4\u00e4n luonnon ennallistamisen p\u00e4\u00e4kaupungiksi<\/strong><\/h4>\n\n\n\n<p>Oulun luontoymp\u00e4rist\u00f6 on voimakkaasti ihmisen muokkaamaa niin metsien talousk\u00e4yt\u00f6n kuin soiden kuivattamisen vuoksi. Metsi\u00e4 voidaan ennallistaa ja esimerkiksi turvetuotannosta poistuvia soita voidaan ennallistaa lintukosteikoiksi. M\u00e4\u00e4r\u00e4tietoisen ty\u00f6n avulla Oulusta voidaan tehd\u00e4 luonnon ennallistamisen valtakunnallinen ja jopa kansainv\u00e4linen k\u00e4rkikaupunki.\u00a0Nostetaan seuraavassa kaupunkistrategiassa luonnon ennallistaminen keski\u00f6\u00f6n. Kutsutaan talkoisiin kaupunkikonsernin lis\u00e4ksi yritykset, yhdistykset ja kuntalaiset.\u00a0<\/p>\n\n\n\n<h4 class=\"wp-block-heading\"><strong>2) K\u00e4ynnistet\u00e4\u00e4n toimialarajat ylitt\u00e4v\u00e4 k\u00e4rkihanke niittyjen lis\u00e4\u00e4miseksi<\/strong><\/h4>\n\n\n\n<p>Luontoty\u00f6 voi ja sen pit\u00e4\u00e4 n\u00e4ky\u00e4 muuallakin kuin kaupungin ymp\u00e4rist\u00f6- ja puistoyksik\u00f6iss\u00e4. Paljon mahdollisuuksia piilee toimialojen yhteisty\u00f6ss\u00e4. Niittyk\u00e4rkihankkeessa voidaan kehitt\u00e4\u00e4 luontoratkaisuja yll\u00e4tt\u00e4viss\u00e4kin yhteyksiss\u00e4 \u2013 esimerkiksi p\u00e4iv\u00e4kotien pihoilla, toimistojen katoilla ja teiden pientareilla.\u00a0Kehitet\u00e4\u00e4n kaupungille oma niittyseos, jossa suositaan paikallisia luonnonkukkia. Suositaan seosta kaupungin omilla viheralueilla. Laaditaan niittyjen hoitamisesta opas ja tarjotaan siemeni\u00e4 my\u00f6s taloyhti\u00f6iden ja asukkaiden k\u00e4ytt\u00f6\u00f6n.\u00a0Niittyk\u00e4rkihankkeessa voisi luonton\u00e4k\u00f6kulmaan nivota mukaan esimerkiksi mielenterveysty\u00f6n, liikunnan tai kulttuurin.\u00a0<\/p>\n\n\n\n<h4 class=\"wp-block-heading\"><strong>3) Perustetaan lintukosteikkojen lippulaivakohde<\/strong><\/h4>\n\n\n\n<p>Luontoty\u00f6 tarvitsee lippulaivoja, jotka osoittavat uusien ratkaisujen toimivuuden ja rohkaisevat muita soveltamaan niit\u00e4. Suomen tunnetuin esimerkki on Helsingiss\u00e4 maant\u00e4ytt\u00f6alueelle tehty Vuosaarenhuippu. Onnistuessaan mallialue voi saada kansallista ja jopa kansainv\u00e4list\u00e4 huomiota.\u00a0Perustetaan lippulaivakohde lintukosteikkojen luomiseksi luonnoltaan heikentyneelle alueelle kuten sorakuoppaan tai entiselle teollisuusalueelle. Tehd\u00e4\u00e4n kohteesta vetovoimainen n\u00e4ht\u00e4vyys ja virkistysalue, ja sovelletaan kehitettyj\u00e4 ratkaisuja laajemmin kaupungin toiminnassa.\u00a0<\/p>\n\n\n\n<h4 class=\"wp-block-heading\"><strong>4) Lis\u00e4t\u00e4\u00e4n ennallistaminen metsien hoidon ty\u00f6kalupakkiin ja lis\u00e4t\u00e4\u00e4n lahopuun m\u00e4\u00e4r\u00e4\u00e4<\/strong><\/h4>\n\n\n\n<p>Oulu omistaa paljon mets\u00e4maata. Luontoarvoja voidaan palauttaa metsiin ekologisella ennallistamisella jolloin esimerkiksi talousk\u00e4yt\u00f6ss\u00e4 ollut mets\u00e4 kulotetaan. Ennallistamisen avulla voidaan my\u00f6s lis\u00e4t\u00e4 luontokohteiden kiinnostavuutta virkistys- ja ulkoilualueina.\u00a0Lahopuun puute on Suomessa merkitt\u00e4vin yksitt\u00e4inen mets\u00e4luonnon uhanalaistumisen syy. Eri lajit tarvitsevat eriasteisesti lahonnutta ainesta. Asetetaan lahopuun lis\u00e4\u00e4miselle m\u00e4\u00e4r\u00e4llisi\u00e4 ja laadullisia tavoitteita.\u00a0<\/p>\n\n\n\n<h4 class=\"wp-block-heading\"><strong>5) Lietetatar Suiston kehitt\u00e4misen k\u00e4rjeksi<\/strong><\/h4>\n\n\n\n<p>Uhanalaisten eli\u00f6iden ja luontotyyppien vaaliminen edellytt\u00e4\u00e4 suunnitelmallista otetta. Tehd\u00e4\u00e4n Oululle ominaisten uhanalaisten lajien ja luontotyyppien vaalimisesta paikallinen ylpeyden aihe. Vahvistetaan toimia niin, ett\u00e4 ty\u00f6ll\u00e4 on valtakunnallista merkityst\u00e4. Otetaan valitut lajit ja luontotyypit huomioon kattavasti niin strategioissa, kaavoituksessa kuin hoitotoimissa.\u00a0Yksi paikallinen korostettava laji Oulussa on lietetatar jokisuiston alueella.\u00a0<\/p>\n\n\n\n<h4 class=\"wp-block-heading\"><strong>6) Otetaan kaupunkilaiset mukaan luonnonhoitoon<\/strong><\/h4>\n\n\n\n<p>Osallistetaan kaupunkilaiset vaalimaan luontoa. Tarjotaan paikallisille asukkaille ja yhdistyksille mahdollisuuksia esimerkiksi hoitaa niittyj\u00e4, istuttaa uhanalaisia puita ja ennallistaa soita. Otetaan kaupunkilaiset mukaan my\u00f6s valitsemaan kohteita ja suunnittelemaan toimia.\u00a0Hupisaarten purojen kunnostustukseen kolme vuotta sitten osallistui paljon oululaisia vapaaehtoisia. T\u00e4llaisia osallistavia hankkeita voisi olla jatkuvasti k\u00e4ynniss\u00e4.<\/p>\n","protected":false},"excerpt":{"rendered":"<p>Kuusi ehdotusta, jotka k\u00e4ytt\u00f6\u00f6nottamalla Oulu voi osallistua luontokadon torjumiseen konkreettisesti<\/p>\n","protected":false},"author":1,"featured_media":0,"comment_status":"closed","ping_status":"closed","sticky":false,"template":"","format":"standard","meta":{"_monsterinsights_skip_tracking":false,"_monsterinsights_sitenote_active":false,"_monsterinsights_sitenote_note":"","_monsterinsights_sitenote_category":0,"site-sidebar-layout":"default","site-content-layout":"","ast-site-content-layout":"default","site-content-style":"default","site-sidebar-style":"default","ast-global-header-display":"","ast-banner-title-visibility":"","ast-main-header-display":"","ast-hfb-above-header-display":"","ast-hfb-below-header-display":"","ast-hfb-mobile-header-display":"","site-post-title":"","ast-breadcrumbs-content":"","ast-featured-img":"","footer-sml-layout":"","ast-disable-related-posts":"","theme-transparent-header-meta":"","adv-header-id-meta":"","stick-header-meta":"","header-above-stick-meta":"","header-main-stick-meta":"","header-below-stick-meta":"","astra-migrate-meta-layouts":"default","ast-page-background-enabled":"default","ast-page-background-meta":{"desktop":{"background-color":"var(--ast-global-color-5)","background-image":"","background-repeat":"repeat","background-position":"center center","background-size":"auto","background-attachment":"scroll","background-type":"","background-media":"","overlay-type":"","overlay-color":"","overlay-opacity":"","overlay-gradient":""},"tablet":{"background-color":"","background-image":"","background-repeat":"repeat","background-position":"center center","background-size":"auto","background-attachment":"scroll","background-type":"","background-media":"","overlay-type":"","overlay-color":"","overlay-opacity":"","overlay-gradient":""},"mobile":{"background-color":"","background-image":"","background-repeat":"repeat","background-position":"center center","background-size":"auto","background-attachment":"scroll","background-type":"","background-media":"","overlay-type":"","overlay-color":"","overlay-opacity":"","overlay-gradient":""}},"ast-content-background-meta":{"desktop":{"background-color":"var(--ast-global-color-4)","background-image":"","background-repeat":"repeat","background-position":"center center","background-size":"auto","background-attachment":"scroll","background-type":"","background-media":"","overlay-type":"","overlay-color":"","overlay-opacity":"","overlay-gradient":""},"tablet":{"background-color":"var(--ast-global-color-4)","background-image":"","background-repeat":"repeat","background-position":"center center","background-size":"auto","background-attachment":"scroll","background-type":"","background-media":"","overlay-type":"","overlay-color":"","overlay-opacity":"","overlay-gradient":""},"mobile":{"background-color":"var(--ast-global-color-4)","background-image":"","background-repeat":"repeat","background-position":"center center","background-size":"auto","background-attachment":"scroll","background-type":"","background-media":"","overlay-type":"","overlay-color":"","overlay-opacity":"","overlay-gradient":""}},"footnotes":""},"categories":[125],"tags":[437,263,435,436,9],"class_list":["post-2387","post","type-post","status-publish","format-standard","hentry","category-valtuustoaloitteet","tag-lintukosteikko","tag-luonto","tag-luontokato","tag-niityt","tag-oulu"],"yoast_head":"<!-- This site is optimized with the Yoast SEO plugin v27.5 - https:\/\/yoast.com\/product\/yoast-seo-wordpress\/ -->\n<title>Oulu torjumaan luontokatoa - 6 konkreettista ja nopeaa ehdotusta - Jenni Pitko - Vihreiden varapuheenjohtaja, ymp\u00e4rist\u00f6valiokunnan puheenjohtaja, kansanedustaja ja arkkitehti Oulusta<\/title>\n<meta name=\"description\" content=\"Kuusi ehdotusta, jotka k\u00e4ytt\u00f6\u00f6nottamalla Oulu voi osallistua luontokadon torjumiseen nopeasti ja konkreettisesti\" \/>\n<meta name=\"robots\" content=\"index, follow, max-snippet:-1, max-image-preview:large, max-video-preview:-1\" \/>\n<link rel=\"canonical\" href=\"https:\/\/jennipitko.fi\/koti\/oulu-torjumaan-luontokatoa-6-konkreettista-ja-nopeaa-ehdotusta\/\" \/>\n<meta property=\"og:locale\" content=\"fi_FI\" \/>\n<meta property=\"og:type\" content=\"article\" \/>\n<meta property=\"og:title\" content=\"Oulu torjumaan luontokatoa - 6 konkreettista ja nopeaa ehdotusta - Jenni Pitko - Vihreiden varapuheenjohtaja, ymp\u00e4rist\u00f6valiokunnan puheenjohtaja, kansanedustaja ja arkkitehti Oulusta\" \/>\n<meta property=\"og:description\" content=\"Kuusi ehdotusta, jotka k\u00e4ytt\u00f6\u00f6nottamalla Oulu voi osallistua luontokadon torjumiseen nopeasti ja konkreettisesti\" \/>\n<meta property=\"og:url\" content=\"https:\/\/jennipitko.fi\/koti\/oulu-torjumaan-luontokatoa-6-konkreettista-ja-nopeaa-ehdotusta\/\" \/>\n<meta property=\"og:site_name\" content=\"Jenni Pitko - Vihreiden varapuheenjohtaja, ymp\u00e4rist\u00f6valiokunnan puheenjohtaja, kansanedustaja ja arkkitehti Oulusta\" \/>\n<meta property=\"article:published_time\" content=\"2021-01-25T16:29:46+00:00\" \/>\n<meta property=\"article:modified_time\" content=\"2021-01-25T16:29:56+00:00\" \/>\n<meta name=\"author\" content=\"Jenni\" \/>\n<meta name=\"twitter:card\" content=\"summary_large_image\" \/>\n<meta name=\"twitter:label1\" content=\"Kirjoittanut\" \/>\n\t<meta name=\"twitter:data1\" content=\"Jenni\" \/>\n\t<meta name=\"twitter:label2\" content=\"Arvioitu lukuaika\" \/>\n\t<meta name=\"twitter:data2\" content=\"2 minuuttia\" \/>\n<script type=\"application\/ld+json\" class=\"yoast-schema-graph\">{\"@context\":\"https:\\\/\\\/schema.org\",\"@graph\":[{\"@type\":\"Article\",\"@id\":\"https:\\\/\\\/jennipitko.fi\\\/koti\\\/oulu-torjumaan-luontokatoa-6-konkreettista-ja-nopeaa-ehdotusta\\\/#article\",\"isPartOf\":{\"@id\":\"https:\\\/\\\/jennipitko.fi\\\/koti\\\/oulu-torjumaan-luontokatoa-6-konkreettista-ja-nopeaa-ehdotusta\\\/\"},\"author\":{\"name\":\"Jenni\",\"@id\":\"https:\\\/\\\/jennipitko.fi\\\/koti\\\/#\\\/schema\\\/person\\\/35955c467f851f10124809310e7e7ee8\"},\"headline\":\"Oulu torjumaan luontokatoa &#8211; 6 konkreettista ja nopeaa ehdotusta\",\"datePublished\":\"2021-01-25T16:29:46+00:00\",\"dateModified\":\"2021-01-25T16:29:56+00:00\",\"mainEntityOfPage\":{\"@id\":\"https:\\\/\\\/jennipitko.fi\\\/koti\\\/oulu-torjumaan-luontokatoa-6-konkreettista-ja-nopeaa-ehdotusta\\\/\"},\"wordCount\":507,\"publisher\":{\"@id\":\"https:\\\/\\\/jennipitko.fi\\\/koti\\\/#organization\"},\"keywords\":[\"lintukosteikko\",\"luonto\",\"luontokato\",\"niityt\",\"oulu\"],\"articleSection\":[\"Valtuustoaloitteet\"],\"inLanguage\":\"fi\"},{\"@type\":\"WebPage\",\"@id\":\"https:\\\/\\\/jennipitko.fi\\\/koti\\\/oulu-torjumaan-luontokatoa-6-konkreettista-ja-nopeaa-ehdotusta\\\/\",\"url\":\"https:\\\/\\\/jennipitko.fi\\\/koti\\\/oulu-torjumaan-luontokatoa-6-konkreettista-ja-nopeaa-ehdotusta\\\/\",\"name\":\"Oulu torjumaan luontokatoa - 6 konkreettista ja nopeaa ehdotusta - Jenni Pitko - Vihreiden varapuheenjohtaja, ymp\u00e4rist\u00f6valiokunnan puheenjohtaja, kansanedustaja ja arkkitehti Oulusta\",\"isPartOf\":{\"@id\":\"https:\\\/\\\/jennipitko.fi\\\/koti\\\/#website\"},\"datePublished\":\"2021-01-25T16:29:46+00:00\",\"dateModified\":\"2021-01-25T16:29:56+00:00\",\"description\":\"Kuusi ehdotusta, jotka k\u00e4ytt\u00f6\u00f6nottamalla Oulu voi osallistua luontokadon torjumiseen nopeasti ja konkreettisesti\",\"breadcrumb\":{\"@id\":\"https:\\\/\\\/jennipitko.fi\\\/koti\\\/oulu-torjumaan-luontokatoa-6-konkreettista-ja-nopeaa-ehdotusta\\\/#breadcrumb\"},\"inLanguage\":\"fi\",\"potentialAction\":[{\"@type\":\"ReadAction\",\"target\":[\"https:\\\/\\\/jennipitko.fi\\\/koti\\\/oulu-torjumaan-luontokatoa-6-konkreettista-ja-nopeaa-ehdotusta\\\/\"]}]},{\"@type\":\"BreadcrumbList\",\"@id\":\"https:\\\/\\\/jennipitko.fi\\\/koti\\\/oulu-torjumaan-luontokatoa-6-konkreettista-ja-nopeaa-ehdotusta\\\/#breadcrumb\",\"itemListElement\":[{\"@type\":\"ListItem\",\"position\":1,\"name\":\"Home\",\"item\":\"https:\\\/\\\/jennipitko.fi\\\/koti\\\/\"},{\"@type\":\"ListItem\",\"position\":2,\"name\":\"Oulu torjumaan luontokatoa &#8211; 6 konkreettista ja nopeaa ehdotusta\"}]},{\"@type\":\"WebSite\",\"@id\":\"https:\\\/\\\/jennipitko.fi\\\/koti\\\/#website\",\"url\":\"https:\\\/\\\/jennipitko.fi\\\/koti\\\/\",\"name\":\"Jenni Pitko - Vihreiden varapuheenjohtaja, ymp\u00e4rist\u00f6valiokunnan puheenjohtaja, kansanedustaja ja arkkitehti Oulusta\",\"description\":\"Jenni Pitko - Vihreiden varapuheenjohtaja, ymp\u00e4rist\u00f6valiokunnan puheenjohtaja, kansanedustaja ja arkkitehti Oulusta\",\"publisher\":{\"@id\":\"https:\\\/\\\/jennipitko.fi\\\/koti\\\/#organization\"},\"potentialAction\":[{\"@type\":\"SearchAction\",\"target\":{\"@type\":\"EntryPoint\",\"urlTemplate\":\"https:\\\/\\\/jennipitko.fi\\\/koti\\\/?s={search_term_string}\"},\"query-input\":{\"@type\":\"PropertyValueSpecification\",\"valueRequired\":true,\"valueName\":\"search_term_string\"}}],\"inLanguage\":\"fi\"},{\"@type\":\"Organization\",\"@id\":\"https:\\\/\\\/jennipitko.fi\\\/koti\\\/#organization\",\"name\":\"Jenni Pitko - Vihreiden varapuheenjohtaja, ymp\u00e4rist\u00f6valiokunnan puheenjohtaja, kansanedustaja ja arkkitehti Oulusta\",\"url\":\"https:\\\/\\\/jennipitko.fi\\\/koti\\\/\",\"logo\":{\"@type\":\"ImageObject\",\"inLanguage\":\"fi\",\"@id\":\"https:\\\/\\\/jennipitko.fi\\\/koti\\\/#\\\/schema\\\/logo\\\/image\\\/\",\"url\":\"https:\\\/\\\/jennipitko.fi\\\/koti\\\/wp-content\\\/uploads\\\/2025\\\/09\\\/Nimeton-malli-38.png\",\"contentUrl\":\"https:\\\/\\\/jennipitko.fi\\\/koti\\\/wp-content\\\/uploads\\\/2025\\\/09\\\/Nimeton-malli-38.png\",\"width\":1280,\"height\":847,\"caption\":\"Jenni Pitko - Vihreiden varapuheenjohtaja, ymp\u00e4rist\u00f6valiokunnan puheenjohtaja, kansanedustaja ja arkkitehti Oulusta\"},\"image\":{\"@id\":\"https:\\\/\\\/jennipitko.fi\\\/koti\\\/#\\\/schema\\\/logo\\\/image\\\/\"}},{\"@type\":\"Person\",\"@id\":\"https:\\\/\\\/jennipitko.fi\\\/koti\\\/#\\\/schema\\\/person\\\/35955c467f851f10124809310e7e7ee8\",\"name\":\"Jenni\",\"image\":{\"@type\":\"ImageObject\",\"inLanguage\":\"fi\",\"@id\":\"https:\\\/\\\/secure.gravatar.com\\\/avatar\\\/625a0e6413b293da7739d42617828d564a4d6028aec3f45d8939a2ba1617199f?s=96&d=blank&r=g\",\"url\":\"https:\\\/\\\/secure.gravatar.com\\\/avatar\\\/625a0e6413b293da7739d42617828d564a4d6028aec3f45d8939a2ba1617199f?s=96&d=blank&r=g\",\"contentUrl\":\"https:\\\/\\\/secure.gravatar.com\\\/avatar\\\/625a0e6413b293da7739d42617828d564a4d6028aec3f45d8939a2ba1617199f?s=96&d=blank&r=g\",\"caption\":\"Jenni\"},\"url\":\"https:\\\/\\\/jennipitko.fi\\\/koti\\\/author\\\/jenni\\\/\"}]}<\/script>\n<!-- \/ Yoast SEO plugin. -->","yoast_head_json":{"title":"Oulu torjumaan luontokatoa - 6 konkreettista ja nopeaa ehdotusta - Jenni Pitko - Vihreiden varapuheenjohtaja, ymp\u00e4rist\u00f6valiokunnan puheenjohtaja, kansanedustaja ja arkkitehti Oulusta","description":"Kuusi ehdotusta, jotka k\u00e4ytt\u00f6\u00f6nottamalla Oulu voi osallistua luontokadon torjumiseen nopeasti ja konkreettisesti","robots":{"index":"index","follow":"follow","max-snippet":"max-snippet:-1","max-image-preview":"max-image-preview:large","max-video-preview":"max-video-preview:-1"},"canonical":"https:\/\/jennipitko.fi\/koti\/oulu-torjumaan-luontokatoa-6-konkreettista-ja-nopeaa-ehdotusta\/","og_locale":"fi_FI","og_type":"article","og_title":"Oulu torjumaan luontokatoa - 6 konkreettista ja nopeaa ehdotusta - Jenni Pitko - Vihreiden varapuheenjohtaja, ymp\u00e4rist\u00f6valiokunnan puheenjohtaja, kansanedustaja ja arkkitehti Oulusta","og_description":"Kuusi ehdotusta, jotka k\u00e4ytt\u00f6\u00f6nottamalla Oulu voi osallistua luontokadon torjumiseen nopeasti ja konkreettisesti","og_url":"https:\/\/jennipitko.fi\/koti\/oulu-torjumaan-luontokatoa-6-konkreettista-ja-nopeaa-ehdotusta\/","og_site_name":"Jenni Pitko - Vihreiden varapuheenjohtaja, ymp\u00e4rist\u00f6valiokunnan puheenjohtaja, kansanedustaja ja arkkitehti Oulusta","article_published_time":"2021-01-25T16:29:46+00:00","article_modified_time":"2021-01-25T16:29:56+00:00","author":"Jenni","twitter_card":"summary_large_image","twitter_misc":{"Kirjoittanut":"Jenni","Arvioitu lukuaika":"2 minuuttia"},"schema":{"@context":"https:\/\/schema.org","@graph":[{"@type":"Article","@id":"https:\/\/jennipitko.fi\/koti\/oulu-torjumaan-luontokatoa-6-konkreettista-ja-nopeaa-ehdotusta\/#article","isPartOf":{"@id":"https:\/\/jennipitko.fi\/koti\/oulu-torjumaan-luontokatoa-6-konkreettista-ja-nopeaa-ehdotusta\/"},"author":{"name":"Jenni","@id":"https:\/\/jennipitko.fi\/koti\/#\/schema\/person\/35955c467f851f10124809310e7e7ee8"},"headline":"Oulu torjumaan luontokatoa &#8211; 6 konkreettista ja nopeaa ehdotusta","datePublished":"2021-01-25T16:29:46+00:00","dateModified":"2021-01-25T16:29:56+00:00","mainEntityOfPage":{"@id":"https:\/\/jennipitko.fi\/koti\/oulu-torjumaan-luontokatoa-6-konkreettista-ja-nopeaa-ehdotusta\/"},"wordCount":507,"publisher":{"@id":"https:\/\/jennipitko.fi\/koti\/#organization"},"keywords":["lintukosteikko","luonto","luontokato","niityt","oulu"],"articleSection":["Valtuustoaloitteet"],"inLanguage":"fi"},{"@type":"WebPage","@id":"https:\/\/jennipitko.fi\/koti\/oulu-torjumaan-luontokatoa-6-konkreettista-ja-nopeaa-ehdotusta\/","url":"https:\/\/jennipitko.fi\/koti\/oulu-torjumaan-luontokatoa-6-konkreettista-ja-nopeaa-ehdotusta\/","name":"Oulu torjumaan luontokatoa - 6 konkreettista ja nopeaa ehdotusta - Jenni Pitko - Vihreiden varapuheenjohtaja, ymp\u00e4rist\u00f6valiokunnan puheenjohtaja, kansanedustaja ja arkkitehti Oulusta","isPartOf":{"@id":"https:\/\/jennipitko.fi\/koti\/#website"},"datePublished":"2021-01-25T16:29:46+00:00","dateModified":"2021-01-25T16:29:56+00:00","description":"Kuusi ehdotusta, jotka k\u00e4ytt\u00f6\u00f6nottamalla Oulu voi osallistua luontokadon torjumiseen nopeasti ja konkreettisesti","breadcrumb":{"@id":"https:\/\/jennipitko.fi\/koti\/oulu-torjumaan-luontokatoa-6-konkreettista-ja-nopeaa-ehdotusta\/#breadcrumb"},"inLanguage":"fi","potentialAction":[{"@type":"ReadAction","target":["https:\/\/jennipitko.fi\/koti\/oulu-torjumaan-luontokatoa-6-konkreettista-ja-nopeaa-ehdotusta\/"]}]},{"@type":"BreadcrumbList","@id":"https:\/\/jennipitko.fi\/koti\/oulu-torjumaan-luontokatoa-6-konkreettista-ja-nopeaa-ehdotusta\/#breadcrumb","itemListElement":[{"@type":"ListItem","position":1,"name":"Home","item":"https:\/\/jennipitko.fi\/koti\/"},{"@type":"ListItem","position":2,"name":"Oulu torjumaan luontokatoa &#8211; 6 konkreettista ja nopeaa ehdotusta"}]},{"@type":"WebSite","@id":"https:\/\/jennipitko.fi\/koti\/#website","url":"https:\/\/jennipitko.fi\/koti\/","name":"Jenni Pitko - Vihreiden varapuheenjohtaja, ymp\u00e4rist\u00f6valiokunnan puheenjohtaja, kansanedustaja ja arkkitehti Oulusta","description":"Jenni Pitko - Vihreiden varapuheenjohtaja, ymp\u00e4rist\u00f6valiokunnan puheenjohtaja, kansanedustaja ja arkkitehti Oulusta","publisher":{"@id":"https:\/\/jennipitko.fi\/koti\/#organization"},"potentialAction":[{"@type":"SearchAction","target":{"@type":"EntryPoint","urlTemplate":"https:\/\/jennipitko.fi\/koti\/?s={search_term_string}"},"query-input":{"@type":"PropertyValueSpecification","valueRequired":true,"valueName":"search_term_string"}}],"inLanguage":"fi"},{"@type":"Organization","@id":"https:\/\/jennipitko.fi\/koti\/#organization","name":"Jenni Pitko - Vihreiden varapuheenjohtaja, ymp\u00e4rist\u00f6valiokunnan puheenjohtaja, kansanedustaja ja arkkitehti Oulusta","url":"https:\/\/jennipitko.fi\/koti\/","logo":{"@type":"ImageObject","inLanguage":"fi","@id":"https:\/\/jennipitko.fi\/koti\/#\/schema\/logo\/image\/","url":"https:\/\/jennipitko.fi\/koti\/wp-content\/uploads\/2025\/09\/Nimeton-malli-38.png","contentUrl":"https:\/\/jennipitko.fi\/koti\/wp-content\/uploads\/2025\/09\/Nimeton-malli-38.png","width":1280,"height":847,"caption":"Jenni Pitko - Vihreiden varapuheenjohtaja, ymp\u00e4rist\u00f6valiokunnan puheenjohtaja, kansanedustaja ja arkkitehti Oulusta"},"image":{"@id":"https:\/\/jennipitko.fi\/koti\/#\/schema\/logo\/image\/"}},{"@type":"Person","@id":"https:\/\/jennipitko.fi\/koti\/#\/schema\/person\/35955c467f851f10124809310e7e7ee8","name":"Jenni","image":{"@type":"ImageObject","inLanguage":"fi","@id":"https:\/\/secure.gravatar.com\/avatar\/625a0e6413b293da7739d42617828d564a4d6028aec3f45d8939a2ba1617199f?s=96&d=blank&r=g","url":"https:\/\/secure.gravatar.com\/avatar\/625a0e6413b293da7739d42617828d564a4d6028aec3f45d8939a2ba1617199f?s=96&d=blank&r=g","contentUrl":"https:\/\/secure.gravatar.com\/avatar\/625a0e6413b293da7739d42617828d564a4d6028aec3f45d8939a2ba1617199f?s=96&d=blank&r=g","caption":"Jenni"},"url":"https:\/\/jennipitko.fi\/koti\/author\/jenni\/"}]}},"_links":{"self":[{"href":"https:\/\/jennipitko.fi\/koti\/wp-json\/wp\/v2\/posts\/2387","targetHints":{"allow":["GET"]}}],"collection":[{"href":"https:\/\/jennipitko.fi\/koti\/wp-json\/wp\/v2\/posts"}],"about":[{"href":"https:\/\/jennipitko.fi\/koti\/wp-json\/wp\/v2\/types\/post"}],"author":[{"embeddable":true,"href":"https:\/\/jennipitko.fi\/koti\/wp-json\/wp\/v2\/users\/1"}],"replies":[{"embeddable":true,"href":"https:\/\/jennipitko.fi\/koti\/wp-json\/wp\/v2\/comments?post=2387"}],"version-history":[{"count":1,"href":"https:\/\/jennipitko.fi\/koti\/wp-json\/wp\/v2\/posts\/2387\/revisions"}],"predecessor-version":[{"id":2390,"href":"https:\/\/jennipitko.fi\/koti\/wp-json\/wp\/v2\/posts\/2387\/revisions\/2390"}],"wp:attachment":[{"href":"https:\/\/jennipitko.fi\/koti\/wp-json\/wp\/v2\/media?parent=2387"}],"wp:term":[{"taxonomy":"category","embeddable":true,"href":"https:\/\/jennipitko.fi\/koti\/wp-json\/wp\/v2\/categories?post=2387"},{"taxonomy":"post_tag","embeddable":true,"href":"https:\/\/jennipitko.fi\/koti\/wp-json\/wp\/v2\/tags?post=2387"}],"curies":[{"name":"wp","href":"https:\/\/api.w.org\/{rel}","templated":true}]}}