{"id":2392,"date":"2021-02-05T11:09:10","date_gmt":"2021-02-05T09:09:10","guid":{"rendered":"https:\/\/jennipitko.fi\/koti\/?p=2392"},"modified":"2021-02-05T11:09:18","modified_gmt":"2021-02-05T09:09:18","slug":"nelja-myyttia-koronarokotteesta","status":"publish","type":"post","link":"https:\/\/jennipitko.fi\/koti\/nelja-myyttia-koronarokotteesta\/","title":{"rendered":"Nelj\u00e4 myytti\u00e4 koronarokotteesta"},"content":{"rendered":"\n<p>Koronarokotukset alkoivat Suomessa joulun j\u00e4lkeen. Kuukaudessa rokotteen on saanut noin 110 000 suomalaista. Rokotusten tahdista, halukuudesta ottaa rokote ja kriittisyydest\u00e4 rokotetta kohtaan on keskusteltu viime viikkoina. Kumoamme nelj\u00e4 koronarokotteisiin liittyv\u00e4\u00e4 myytti\u00e4.<\/p>\n\n\n\n<p>Ymm\u00e4rr\u00e4mme, ett\u00e4 huoliakin voi olla. Asiantuntijat ovat viimeaikaisessa keskustelussa korostaneet my\u00f6s sit\u00e4, ett\u00e4 rokotteisiin liittyv\u00e4\u00e4 huolta ja kritiikki\u00e4 t\u00e4ytyy my\u00f6s kuunnella ja siihen pyrki\u00e4 vastaamaan. Oma lukunsa ovat salaliittoteoriat, joille ei pid\u00e4 antaa hippustakaan tilaa. Koronarokote ei sis\u00e4ll\u00e4 mikrosiruja, joilla pyrit\u00e4\u00e4n kontrolloimaan tai seuraamaan ihmisi\u00e4 tai pyri muuttamaan ihmisen perim\u00e4\u00e4.&nbsp;<\/p>\n\n\n\n<ol class=\"wp-block-list\"><li><strong>Myytti: \u201cRokote ei toimi\u201d<\/strong><\/li><\/ol>\n\n\n\n<p>Rokote on keskeinen v\u00e4line taistelussa koronaa vastaan ja sen avulla p\u00e4\u00e4semme kohti tavanomaista arkea nopeammin. Asiantuntijat ovat jopa arvioineet, ett\u00e4 ilman rokotetta <a href=\"https:\/\/www.hs.fi\/hyvinvointi\/art-2000007678660.html\">koronasta ei p\u00e4\u00e4st\u00e4 eroon<\/a>.<\/p>\n\n\n\n<p>Rokotteiden tehoa on tutkittu perusteellisesti ja saadut tulokset ovat varsin hyvi\u00e4. Nyt jaettavat rokotteet toimivat eritt\u00e4in hyvin vakavan koronavirustaudin ehk\u00e4isemisess\u00e4. Tutkimusten mukaan rokotteen saamisen j\u00e4lkeen todenn\u00e4k\u00f6isyys saada vakava koronavirustauti putoaa murto-osaan verrattuna tilanteeseen ilman rokotusta.<\/p>\n\n\n\n<p>Sen sijaan rokotteen tuomasta suojasta muiden tartuttamiseen ei viel\u00e4 tiedet\u00e4 tarkkaan. Viitteit\u00e4 siit\u00e4, ett\u00e4 rokotteet est\u00e4v\u00e4t my\u00f6s taudin levitt\u00e4mist\u00e4 eteenp\u00e4in on olemassa, mutta lis\u00e4\u00e4 varmuutta asiasta saadaan vasta rokotteiden yleistymisen my\u00f6t\u00e4.<\/p>\n\n\n\n<ol class=\"wp-block-list\" start=\"2\"><li><strong>Myytti: \u201cRokote ei ole turvallinen\u201d<\/strong><\/li><\/ol>\n\n\n\n<p>Rokote on testattu kattavasti ja se on saanut valvovien viranomaisten hyv\u00e4ksynn\u00e4n. Kuten kaikilla l\u00e4\u00e4kkeill\u00e4, my\u00f6s koronavirusrokotteilla voi olla sivuvaikutuksia. Rokote on todettu kuitenkin turvalliseksi k\u00e4ytt\u00e4\u00e4 ja se tarkoittaa, ett\u00e4 rokotteesta saatavat hy\u00f6dyt ovat kirkkaasti, moninverroin suuremmat, kuin mahdolliset haittavaikutukset. Toistaiseksi Suomessa on raportoitu vain lievi\u00e4 sivuvaikutuksia. Asiantuntijat arvioivat, ett\u00e4 haittavaikutukset voivat lis\u00e4\u00e4nty\u00e4 rokotteen toisen annoksen my\u00f6t\u00e4, sill\u00e4 toisen annoksen luoma immuunivaste on voimakkaampi. T\u00e4m\u00e4 kuitenkin tarkoittaa sit\u00e4, ett\u00e4 immuniteetin muodostus on k\u00e4ynniss\u00e4, mik\u00e4 on hyv\u00e4 asia.&nbsp;<\/p>\n\n\n\n<p>Yksi ep\u00e4ilyst\u00e4 lis\u00e4\u00e4v\u00e4 seikka on ollut vuosikymmen takaperin tapahtuneen sikainfluenssarokotteen aiheuttamat narkolepsiatapaukset. Tuoreen tutkimustiedon mukaan narkolepsian yleistymiseen henkil\u00f6ill\u00e4, joilla on geneettinen alttius, vaikuttivat itse viruksesta eristetyt osat. Sikainfluenssaa vastaan kehitellyss\u00e4 Pandemrix-rokotteessa viruspartikkeleita k\u00e4ytettiin merkitt\u00e4v\u00e4sti enemm\u00e4n kuin muissa rokotteissa. Kuitenkin samankaltaista narkolepsian esiintyvyyden kasvua on havaittu my\u00f6s rokottamattomien taudin sairasteneiden joukossa, johtuen siit\u00e4 todenn\u00e4k\u00f6isesti, ett\u00e4 altistustekij\u00e4n\u00e4 on toiminut nimenomaan itse virus.<\/p>\n\n\n\n<ol class=\"wp-block-list\" start=\"3\"><li><strong>Myytti: Lyhyt kehitysaika<\/strong><\/li><\/ol>\n\n\n\n<p>Rokotteen turvallisuuden ep\u00e4ilyss\u00e4 keskeinen taustatekij\u00e4 on usein se, ett\u00e4 koronarokotteet ovat valmistuneet nopealla aikataululla. Aikataulu on ollut ripe\u00e4, mutta mukana on my\u00f6s tekij\u00f6it\u00e4, jotka ovat olleet mukana edesauttamassa nopeaa kehityst\u00e4. Ensinn\u00e4kin koronavirusrokotteen tutkiminen ei ole alkanut tyhj\u00e4st\u00e4. Kaikki tutkimus tietysti nojaa aiempaan tietoon ja tutkimukseen, mutta koronaviruksen tapauksessa keskeinen taustavoima on ollut aiemmin SARS-epidemian aikaan tehty tutkimusty\u00f6. Silloisen SARS-epidemian aiheuttanut virus ja nykyinen koronavirus Sars-Cov-2 ovat samankaltaisia, jolloin aiempi SARS-tutkimus on auttanut my\u00f6s nykyisen koronaviruksen vastaisen rokotteen kehitt\u00e4misess\u00e4.<\/p>\n\n\n\n<p>Toisena keskeisen\u00e4 tekij\u00e4n\u00e4 on taudin levinneisyys laajalle. Runsas potilasm\u00e4\u00e4r\u00e4 on mahdollistanut laajat tutkimukset, mik\u00e4 on lis\u00e4nnyt tietoa nopeammin kuin taudeissa, joissa potilasm\u00e4\u00e4r\u00e4t ovat alhaisempia.<\/p>\n\n\n\n<ol class=\"wp-block-list\" start=\"4\"><li><strong>Myytti: \u201cMin\u00e4 en sit\u00e4 tarvitse\u201d<\/strong><\/li><\/ol>\n\n\n\n<p>Joku voi my\u00f6s ajatella, ett\u00e4 itse kokee olevansa niin hyvinvoiva, ett\u00e4 ei rokotetta tarvitse. On kuitenkin useita syit\u00e4 ottaa rokote, vaikka ei koronaa pelk\u00e4isik\u00e4\u00e4n. Koronavirustaudin vakava muoto on todenn\u00e4k\u00f6isempi riskiryhmill\u00e4, mutta my\u00f6s nuoret ja hyv\u00e4kuntoiset voivat sairastua vakavasti. Vaikka vakavasta virustaudista selvi\u00e4isikin, voi sill\u00e4 olla pitki\u00e4 sivuvaikutuksia. Rokote v\u00e4hent\u00e4\u00e4 merkitt\u00e4v\u00e4sti riski\u00e4 saada vakava tauti, joten kyse on oman itsen suojelemisesta.<\/p>\n\n\n\n<p>Lis\u00e4ksi ja ennen kaikkea on kyse kuitenkin my\u00f6s muiden suojelemisesta. Laumasuojan muodostumisesta ei viel\u00e4 ole varmuutta, mutta positiivisia viitteit\u00e4, joten ottamalla rokotteen jokainen voi my\u00f6t\u00e4vaikuttaa siihen, ett\u00e4 virus v\u00e4henee ja jopa katoaa kokonaan. Lis\u00e4ksi jokainen vakava koronavirustapaus kuormittaa terveydenhuoltoa paljon. Suojaamalla itse\u00e4\u00e4n tartunnalta, helpottaa kuormaa ja edesauttaa sit\u00e4, ett\u00e4 terveydenhuollon resurssit ovat paremmin valmiudessa silloin, kun niit\u00e4 tarvitaan.<\/p>\n","protected":false},"excerpt":{"rendered":"<p>Koronarokotukset alkoivat Suomessa joulun j\u00e4lkeen. Kuukaudessa rokotteen on saanut noin 110 000 suomalaista. Rokotusten tahdista, halukuudesta ottaa rokote ja kriittisyydest\u00e4 [&hellip;]<\/p>\n","protected":false},"author":1,"featured_media":0,"comment_status":"closed","ping_status":"closed","sticky":false,"template":"","format":"standard","meta":{"_monsterinsights_skip_tracking":false,"_monsterinsights_sitenote_active":false,"_monsterinsights_sitenote_note":"","_monsterinsights_sitenote_category":0,"site-sidebar-layout":"default","site-content-layout":"","ast-site-content-layout":"default","site-content-style":"default","site-sidebar-style":"default","ast-global-header-display":"","ast-banner-title-visibility":"","ast-main-header-display":"","ast-hfb-above-header-display":"","ast-hfb-below-header-display":"","ast-hfb-mobile-header-display":"","site-post-title":"","ast-breadcrumbs-content":"","ast-featured-img":"","footer-sml-layout":"","ast-disable-related-posts":"","theme-transparent-header-meta":"","adv-header-id-meta":"","stick-header-meta":"","header-above-stick-meta":"","header-main-stick-meta":"","header-below-stick-meta":"","astra-migrate-meta-layouts":"default","ast-page-background-enabled":"default","ast-page-background-meta":{"desktop":{"background-color":"var(--ast-global-color-5)","background-image":"","background-repeat":"repeat","background-position":"center center","background-size":"auto","background-attachment":"scroll","background-type":"","background-media":"","overlay-type":"","overlay-color":"","overlay-opacity":"","overlay-gradient":""},"tablet":{"background-color":"","background-image":"","background-repeat":"repeat","background-position":"center center","background-size":"auto","background-attachment":"scroll","background-type":"","background-media":"","overlay-type":"","overlay-color":"","overlay-opacity":"","overlay-gradient":""},"mobile":{"background-color":"","background-image":"","background-repeat":"repeat","background-position":"center center","background-size":"auto","background-attachment":"scroll","background-type":"","background-media":"","overlay-type":"","overlay-color":"","overlay-opacity":"","overlay-gradient":""}},"ast-content-background-meta":{"desktop":{"background-color":"var(--ast-global-color-4)","background-image":"","background-repeat":"repeat","background-position":"center center","background-size":"auto","background-attachment":"scroll","background-type":"","background-media":"","overlay-type":"","overlay-color":"","overlay-opacity":"","overlay-gradient":""},"tablet":{"background-color":"var(--ast-global-color-4)","background-image":"","background-repeat":"repeat","background-position":"center center","background-size":"auto","background-attachment":"scroll","background-type":"","background-media":"","overlay-type":"","overlay-color":"","overlay-opacity":"","overlay-gradient":""},"mobile":{"background-color":"var(--ast-global-color-4)","background-image":"","background-repeat":"repeat","background-position":"center center","background-size":"auto","background-attachment":"scroll","background-type":"","background-media":"","overlay-type":"","overlay-color":"","overlay-opacity":"","overlay-gradient":""}},"footnotes":""},"categories":[2],"tags":[442,380,440,444,443,441,438,439],"class_list":["post-2392","post","type-post","status-publish","format-standard","hentry","category-blogi","tag-epidemia","tag-korona","tag-koronavirus","tag-laake","tag-myytti","tag-pandemia","tag-rokote","tag-rokotus"],"yoast_head":"<!-- This site is optimized with the Yoast SEO plugin v27.5 - https:\/\/yoast.com\/product\/yoast-seo-wordpress\/ -->\n<title>Nelj\u00e4 myytti\u00e4 koronarokotteesta - Jenni Pitko - Vihreiden varapuheenjohtaja, ymp\u00e4rist\u00f6valiokunnan puheenjohtaja, kansanedustaja ja arkkitehti Oulusta<\/title>\n<meta name=\"robots\" content=\"index, follow, max-snippet:-1, max-image-preview:large, max-video-preview:-1\" \/>\n<link rel=\"canonical\" href=\"https:\/\/jennipitko.fi\/koti\/nelja-myyttia-koronarokotteesta\/\" \/>\n<meta property=\"og:locale\" content=\"fi_FI\" \/>\n<meta property=\"og:type\" content=\"article\" \/>\n<meta property=\"og:title\" content=\"Nelj\u00e4 myytti\u00e4 koronarokotteesta - Jenni Pitko - Vihreiden varapuheenjohtaja, ymp\u00e4rist\u00f6valiokunnan puheenjohtaja, kansanedustaja ja arkkitehti Oulusta\" \/>\n<meta property=\"og:description\" content=\"Koronarokotukset alkoivat Suomessa joulun j\u00e4lkeen. Kuukaudessa rokotteen on saanut noin 110 000 suomalaista. Rokotusten tahdista, halukuudesta ottaa rokote ja kriittisyydest\u00e4 [&hellip;]\" \/>\n<meta property=\"og:url\" content=\"https:\/\/jennipitko.fi\/koti\/nelja-myyttia-koronarokotteesta\/\" \/>\n<meta property=\"og:site_name\" content=\"Jenni Pitko - Vihreiden varapuheenjohtaja, ymp\u00e4rist\u00f6valiokunnan puheenjohtaja, kansanedustaja ja arkkitehti Oulusta\" \/>\n<meta property=\"article:published_time\" content=\"2021-02-05T09:09:10+00:00\" \/>\n<meta property=\"article:modified_time\" content=\"2021-02-05T09:09:18+00:00\" \/>\n<meta name=\"author\" content=\"Jenni\" \/>\n<meta name=\"twitter:card\" content=\"summary_large_image\" \/>\n<meta name=\"twitter:label1\" content=\"Kirjoittanut\" \/>\n\t<meta name=\"twitter:data1\" content=\"Jenni\" \/>\n\t<meta name=\"twitter:label2\" content=\"Arvioitu lukuaika\" \/>\n\t<meta name=\"twitter:data2\" content=\"3 minuuttia\" \/>\n<script type=\"application\/ld+json\" class=\"yoast-schema-graph\">{\"@context\":\"https:\\\/\\\/schema.org\",\"@graph\":[{\"@type\":\"Article\",\"@id\":\"https:\\\/\\\/jennipitko.fi\\\/koti\\\/nelja-myyttia-koronarokotteesta\\\/#article\",\"isPartOf\":{\"@id\":\"https:\\\/\\\/jennipitko.fi\\\/koti\\\/nelja-myyttia-koronarokotteesta\\\/\"},\"author\":{\"name\":\"Jenni\",\"@id\":\"https:\\\/\\\/jennipitko.fi\\\/koti\\\/#\\\/schema\\\/person\\\/35955c467f851f10124809310e7e7ee8\"},\"headline\":\"Nelj\u00e4 myytti\u00e4 koronarokotteesta\",\"datePublished\":\"2021-02-05T09:09:10+00:00\",\"dateModified\":\"2021-02-05T09:09:18+00:00\",\"mainEntityOfPage\":{\"@id\":\"https:\\\/\\\/jennipitko.fi\\\/koti\\\/nelja-myyttia-koronarokotteesta\\\/\"},\"wordCount\":622,\"publisher\":{\"@id\":\"https:\\\/\\\/jennipitko.fi\\\/koti\\\/#organization\"},\"keywords\":[\"epidemia\",\"korona\",\"koronavirus\",\"l\u00e4\u00e4ke\",\"myytti\",\"pandemia\",\"rokote\",\"rokotus\"],\"articleSection\":[\"Blogi\"],\"inLanguage\":\"fi\"},{\"@type\":\"WebPage\",\"@id\":\"https:\\\/\\\/jennipitko.fi\\\/koti\\\/nelja-myyttia-koronarokotteesta\\\/\",\"url\":\"https:\\\/\\\/jennipitko.fi\\\/koti\\\/nelja-myyttia-koronarokotteesta\\\/\",\"name\":\"Nelj\u00e4 myytti\u00e4 koronarokotteesta - Jenni Pitko - Vihreiden varapuheenjohtaja, ymp\u00e4rist\u00f6valiokunnan puheenjohtaja, kansanedustaja ja arkkitehti Oulusta\",\"isPartOf\":{\"@id\":\"https:\\\/\\\/jennipitko.fi\\\/koti\\\/#website\"},\"datePublished\":\"2021-02-05T09:09:10+00:00\",\"dateModified\":\"2021-02-05T09:09:18+00:00\",\"breadcrumb\":{\"@id\":\"https:\\\/\\\/jennipitko.fi\\\/koti\\\/nelja-myyttia-koronarokotteesta\\\/#breadcrumb\"},\"inLanguage\":\"fi\",\"potentialAction\":[{\"@type\":\"ReadAction\",\"target\":[\"https:\\\/\\\/jennipitko.fi\\\/koti\\\/nelja-myyttia-koronarokotteesta\\\/\"]}]},{\"@type\":\"BreadcrumbList\",\"@id\":\"https:\\\/\\\/jennipitko.fi\\\/koti\\\/nelja-myyttia-koronarokotteesta\\\/#breadcrumb\",\"itemListElement\":[{\"@type\":\"ListItem\",\"position\":1,\"name\":\"Home\",\"item\":\"https:\\\/\\\/jennipitko.fi\\\/koti\\\/\"},{\"@type\":\"ListItem\",\"position\":2,\"name\":\"Nelj\u00e4 myytti\u00e4 koronarokotteesta\"}]},{\"@type\":\"WebSite\",\"@id\":\"https:\\\/\\\/jennipitko.fi\\\/koti\\\/#website\",\"url\":\"https:\\\/\\\/jennipitko.fi\\\/koti\\\/\",\"name\":\"Jenni Pitko - Vihreiden varapuheenjohtaja, ymp\u00e4rist\u00f6valiokunnan puheenjohtaja, kansanedustaja ja arkkitehti Oulusta\",\"description\":\"Jenni Pitko - Vihreiden varapuheenjohtaja, ymp\u00e4rist\u00f6valiokunnan puheenjohtaja, kansanedustaja ja arkkitehti Oulusta\",\"publisher\":{\"@id\":\"https:\\\/\\\/jennipitko.fi\\\/koti\\\/#organization\"},\"potentialAction\":[{\"@type\":\"SearchAction\",\"target\":{\"@type\":\"EntryPoint\",\"urlTemplate\":\"https:\\\/\\\/jennipitko.fi\\\/koti\\\/?s={search_term_string}\"},\"query-input\":{\"@type\":\"PropertyValueSpecification\",\"valueRequired\":true,\"valueName\":\"search_term_string\"}}],\"inLanguage\":\"fi\"},{\"@type\":\"Organization\",\"@id\":\"https:\\\/\\\/jennipitko.fi\\\/koti\\\/#organization\",\"name\":\"Jenni Pitko - Vihreiden varapuheenjohtaja, ymp\u00e4rist\u00f6valiokunnan puheenjohtaja, kansanedustaja ja arkkitehti Oulusta\",\"url\":\"https:\\\/\\\/jennipitko.fi\\\/koti\\\/\",\"logo\":{\"@type\":\"ImageObject\",\"inLanguage\":\"fi\",\"@id\":\"https:\\\/\\\/jennipitko.fi\\\/koti\\\/#\\\/schema\\\/logo\\\/image\\\/\",\"url\":\"https:\\\/\\\/jennipitko.fi\\\/koti\\\/wp-content\\\/uploads\\\/2025\\\/09\\\/Nimeton-malli-38.png\",\"contentUrl\":\"https:\\\/\\\/jennipitko.fi\\\/koti\\\/wp-content\\\/uploads\\\/2025\\\/09\\\/Nimeton-malli-38.png\",\"width\":1280,\"height\":847,\"caption\":\"Jenni Pitko - Vihreiden varapuheenjohtaja, ymp\u00e4rist\u00f6valiokunnan puheenjohtaja, kansanedustaja ja arkkitehti Oulusta\"},\"image\":{\"@id\":\"https:\\\/\\\/jennipitko.fi\\\/koti\\\/#\\\/schema\\\/logo\\\/image\\\/\"}},{\"@type\":\"Person\",\"@id\":\"https:\\\/\\\/jennipitko.fi\\\/koti\\\/#\\\/schema\\\/person\\\/35955c467f851f10124809310e7e7ee8\",\"name\":\"Jenni\",\"image\":{\"@type\":\"ImageObject\",\"inLanguage\":\"fi\",\"@id\":\"https:\\\/\\\/secure.gravatar.com\\\/avatar\\\/625a0e6413b293da7739d42617828d564a4d6028aec3f45d8939a2ba1617199f?s=96&d=blank&r=g\",\"url\":\"https:\\\/\\\/secure.gravatar.com\\\/avatar\\\/625a0e6413b293da7739d42617828d564a4d6028aec3f45d8939a2ba1617199f?s=96&d=blank&r=g\",\"contentUrl\":\"https:\\\/\\\/secure.gravatar.com\\\/avatar\\\/625a0e6413b293da7739d42617828d564a4d6028aec3f45d8939a2ba1617199f?s=96&d=blank&r=g\",\"caption\":\"Jenni\"},\"url\":\"https:\\\/\\\/jennipitko.fi\\\/koti\\\/author\\\/jenni\\\/\"}]}<\/script>\n<!-- \/ Yoast SEO plugin. -->","yoast_head_json":{"title":"Nelj\u00e4 myytti\u00e4 koronarokotteesta - Jenni Pitko - Vihreiden varapuheenjohtaja, ymp\u00e4rist\u00f6valiokunnan puheenjohtaja, kansanedustaja ja arkkitehti Oulusta","robots":{"index":"index","follow":"follow","max-snippet":"max-snippet:-1","max-image-preview":"max-image-preview:large","max-video-preview":"max-video-preview:-1"},"canonical":"https:\/\/jennipitko.fi\/koti\/nelja-myyttia-koronarokotteesta\/","og_locale":"fi_FI","og_type":"article","og_title":"Nelj\u00e4 myytti\u00e4 koronarokotteesta - Jenni Pitko - Vihreiden varapuheenjohtaja, ymp\u00e4rist\u00f6valiokunnan puheenjohtaja, kansanedustaja ja arkkitehti Oulusta","og_description":"Koronarokotukset alkoivat Suomessa joulun j\u00e4lkeen. Kuukaudessa rokotteen on saanut noin 110 000 suomalaista. Rokotusten tahdista, halukuudesta ottaa rokote ja kriittisyydest\u00e4 [&hellip;]","og_url":"https:\/\/jennipitko.fi\/koti\/nelja-myyttia-koronarokotteesta\/","og_site_name":"Jenni Pitko - Vihreiden varapuheenjohtaja, ymp\u00e4rist\u00f6valiokunnan puheenjohtaja, kansanedustaja ja arkkitehti Oulusta","article_published_time":"2021-02-05T09:09:10+00:00","article_modified_time":"2021-02-05T09:09:18+00:00","author":"Jenni","twitter_card":"summary_large_image","twitter_misc":{"Kirjoittanut":"Jenni","Arvioitu lukuaika":"3 minuuttia"},"schema":{"@context":"https:\/\/schema.org","@graph":[{"@type":"Article","@id":"https:\/\/jennipitko.fi\/koti\/nelja-myyttia-koronarokotteesta\/#article","isPartOf":{"@id":"https:\/\/jennipitko.fi\/koti\/nelja-myyttia-koronarokotteesta\/"},"author":{"name":"Jenni","@id":"https:\/\/jennipitko.fi\/koti\/#\/schema\/person\/35955c467f851f10124809310e7e7ee8"},"headline":"Nelj\u00e4 myytti\u00e4 koronarokotteesta","datePublished":"2021-02-05T09:09:10+00:00","dateModified":"2021-02-05T09:09:18+00:00","mainEntityOfPage":{"@id":"https:\/\/jennipitko.fi\/koti\/nelja-myyttia-koronarokotteesta\/"},"wordCount":622,"publisher":{"@id":"https:\/\/jennipitko.fi\/koti\/#organization"},"keywords":["epidemia","korona","koronavirus","l\u00e4\u00e4ke","myytti","pandemia","rokote","rokotus"],"articleSection":["Blogi"],"inLanguage":"fi"},{"@type":"WebPage","@id":"https:\/\/jennipitko.fi\/koti\/nelja-myyttia-koronarokotteesta\/","url":"https:\/\/jennipitko.fi\/koti\/nelja-myyttia-koronarokotteesta\/","name":"Nelj\u00e4 myytti\u00e4 koronarokotteesta - Jenni Pitko - Vihreiden varapuheenjohtaja, ymp\u00e4rist\u00f6valiokunnan puheenjohtaja, kansanedustaja ja arkkitehti Oulusta","isPartOf":{"@id":"https:\/\/jennipitko.fi\/koti\/#website"},"datePublished":"2021-02-05T09:09:10+00:00","dateModified":"2021-02-05T09:09:18+00:00","breadcrumb":{"@id":"https:\/\/jennipitko.fi\/koti\/nelja-myyttia-koronarokotteesta\/#breadcrumb"},"inLanguage":"fi","potentialAction":[{"@type":"ReadAction","target":["https:\/\/jennipitko.fi\/koti\/nelja-myyttia-koronarokotteesta\/"]}]},{"@type":"BreadcrumbList","@id":"https:\/\/jennipitko.fi\/koti\/nelja-myyttia-koronarokotteesta\/#breadcrumb","itemListElement":[{"@type":"ListItem","position":1,"name":"Home","item":"https:\/\/jennipitko.fi\/koti\/"},{"@type":"ListItem","position":2,"name":"Nelj\u00e4 myytti\u00e4 koronarokotteesta"}]},{"@type":"WebSite","@id":"https:\/\/jennipitko.fi\/koti\/#website","url":"https:\/\/jennipitko.fi\/koti\/","name":"Jenni Pitko - Vihreiden varapuheenjohtaja, ymp\u00e4rist\u00f6valiokunnan puheenjohtaja, kansanedustaja ja arkkitehti Oulusta","description":"Jenni Pitko - Vihreiden varapuheenjohtaja, ymp\u00e4rist\u00f6valiokunnan puheenjohtaja, kansanedustaja ja arkkitehti Oulusta","publisher":{"@id":"https:\/\/jennipitko.fi\/koti\/#organization"},"potentialAction":[{"@type":"SearchAction","target":{"@type":"EntryPoint","urlTemplate":"https:\/\/jennipitko.fi\/koti\/?s={search_term_string}"},"query-input":{"@type":"PropertyValueSpecification","valueRequired":true,"valueName":"search_term_string"}}],"inLanguage":"fi"},{"@type":"Organization","@id":"https:\/\/jennipitko.fi\/koti\/#organization","name":"Jenni Pitko - Vihreiden varapuheenjohtaja, ymp\u00e4rist\u00f6valiokunnan puheenjohtaja, kansanedustaja ja arkkitehti Oulusta","url":"https:\/\/jennipitko.fi\/koti\/","logo":{"@type":"ImageObject","inLanguage":"fi","@id":"https:\/\/jennipitko.fi\/koti\/#\/schema\/logo\/image\/","url":"https:\/\/jennipitko.fi\/koti\/wp-content\/uploads\/2025\/09\/Nimeton-malli-38.png","contentUrl":"https:\/\/jennipitko.fi\/koti\/wp-content\/uploads\/2025\/09\/Nimeton-malli-38.png","width":1280,"height":847,"caption":"Jenni Pitko - Vihreiden varapuheenjohtaja, ymp\u00e4rist\u00f6valiokunnan puheenjohtaja, kansanedustaja ja arkkitehti Oulusta"},"image":{"@id":"https:\/\/jennipitko.fi\/koti\/#\/schema\/logo\/image\/"}},{"@type":"Person","@id":"https:\/\/jennipitko.fi\/koti\/#\/schema\/person\/35955c467f851f10124809310e7e7ee8","name":"Jenni","image":{"@type":"ImageObject","inLanguage":"fi","@id":"https:\/\/secure.gravatar.com\/avatar\/625a0e6413b293da7739d42617828d564a4d6028aec3f45d8939a2ba1617199f?s=96&d=blank&r=g","url":"https:\/\/secure.gravatar.com\/avatar\/625a0e6413b293da7739d42617828d564a4d6028aec3f45d8939a2ba1617199f?s=96&d=blank&r=g","contentUrl":"https:\/\/secure.gravatar.com\/avatar\/625a0e6413b293da7739d42617828d564a4d6028aec3f45d8939a2ba1617199f?s=96&d=blank&r=g","caption":"Jenni"},"url":"https:\/\/jennipitko.fi\/koti\/author\/jenni\/"}]}},"_links":{"self":[{"href":"https:\/\/jennipitko.fi\/koti\/wp-json\/wp\/v2\/posts\/2392","targetHints":{"allow":["GET"]}}],"collection":[{"href":"https:\/\/jennipitko.fi\/koti\/wp-json\/wp\/v2\/posts"}],"about":[{"href":"https:\/\/jennipitko.fi\/koti\/wp-json\/wp\/v2\/types\/post"}],"author":[{"embeddable":true,"href":"https:\/\/jennipitko.fi\/koti\/wp-json\/wp\/v2\/users\/1"}],"replies":[{"embeddable":true,"href":"https:\/\/jennipitko.fi\/koti\/wp-json\/wp\/v2\/comments?post=2392"}],"version-history":[{"count":1,"href":"https:\/\/jennipitko.fi\/koti\/wp-json\/wp\/v2\/posts\/2392\/revisions"}],"predecessor-version":[{"id":2393,"href":"https:\/\/jennipitko.fi\/koti\/wp-json\/wp\/v2\/posts\/2392\/revisions\/2393"}],"wp:attachment":[{"href":"https:\/\/jennipitko.fi\/koti\/wp-json\/wp\/v2\/media?parent=2392"}],"wp:term":[{"taxonomy":"category","embeddable":true,"href":"https:\/\/jennipitko.fi\/koti\/wp-json\/wp\/v2\/categories?post=2392"},{"taxonomy":"post_tag","embeddable":true,"href":"https:\/\/jennipitko.fi\/koti\/wp-json\/wp\/v2\/tags?post=2392"}],"curies":[{"name":"wp","href":"https:\/\/api.w.org\/{rel}","templated":true}]}}