{"id":2519,"date":"2021-02-22T18:31:37","date_gmt":"2021-02-22T16:31:37","guid":{"rendered":"https:\/\/jennipitko.fi\/koti\/?p=2519"},"modified":"2021-02-22T18:31:52","modified_gmt":"2021-02-22T16:31:52","slug":"valtuustoaloite-mielenterveyden-ensiaputaitoja-kouluun","status":"publish","type":"post","link":"https:\/\/jennipitko.fi\/koti\/valtuustoaloite-mielenterveyden-ensiaputaitoja-kouluun\/","title":{"rendered":"Valtuustoaloite: Mielenterveyden ensiaputaitoja kouluun"},"content":{"rendered":"\n<p>Lasten ja nuorten mielenterveyden ongelmat ovat olleet pitk\u00e4\u00e4n kasvussa, eik\u00e4 vallitseva koronapandemia ole helpottanut tilannetta. Koronalla on valtavat vaikutukset ihmisten arkeen ja jaksamiseen sek\u00e4 lis\u00e4ksi talouteen. Tutkimusten mukaan\u00a0 talouskriisit heikent\u00e4v\u00e4t lasten ja nuorten hyvinvointia, etenkin mielenterveytt\u00e4, ja lis\u00e4\u00e4v\u00e4t k\u00e4yt\u00f6sh\u00e4iri\u00f6it\u00e4. J\u00e4timme vihreiden valtuutettujen <a href=\"http:\/\/www.hennamaatta.fi\">Henna M\u00e4\u00e4t\u00e4n<\/a> ja <a href=\"https:\/\/www.facebook.com\/susavikevakorva2017\">Susa Vikev\u00e4korvan<\/a> kanssa valtuustoaloitteen mielenterveyden ensiaputaitojen opettamisesta kouluissa. <\/p>\n\n\n\n<p>Mielenterveystaitojen opettaminen ei yksin ratkaise n\u00e4it\u00e4 rakenteellisia ongelmia tai korvaa yhteiskunnan tukiverkkoja.\u00a0 Se on kuitenkin toimiva ja kustannustehokas keino ennaltaehk\u00e4ist\u00e4 ongelmia ja tarjota koko ik\u00e4ryhm\u00e4lle entist\u00e4 parempia keinoja kohdata el\u00e4m\u00e4n haasteita ja tukea toisiaan<\/p>\n\n\n\n<p>Koululaisia opetetaan antamaan ensiapua syd\u00e4nkohtauksen tai onnettomuuden varalle. Harva koululainen kuitenkaan saa ensiapukoulutusta siihen, kuinka autetaan koulukaveria, jolla on paniikkikohtaus, tai yst\u00e4v\u00e4\u00e4, joka kokee itsetuhoisia ajatuksia.<\/p>\n\n\n\n<p>Kasvatuksessa ja koulutuksessa on panostettava entisest\u00e4\u00e4n arkip\u00e4iv\u00e4n mielenterveystaitojen opetteluun. Opetuksen tulee olla suunnitelmallista ja johdonmukaista. N\u00e4in voimme ennaltaehk\u00e4ist\u00e4 lasten ja nuorten mielenterveyden ongelmia, edist\u00e4\u00e4 tunne- ja vuorovaikutustaitojen kehittymist\u00e4, ja vahvistaa koko kouluyhteis\u00f6n hyvinvointia. Samalla ehk\u00e4ist\u00e4\u00e4n kiusaamista mielenterveyden riskitekij\u00e4n\u00e4.<\/p>\n\n\n\n<p>Esit\u00e4mme, ett\u00e4 jokaisessa Oulun koulussa toteutetaan oppilaille ja opettajille kahden koulup\u00e4iv\u00e4n mittainen mielenterveyden ensiavun koulutus. Koulutus sis\u00e4lt\u00e4\u00e4 mielenterveyden ja oman hyvinvoinnin vahvistamisen perusteet, ohjeita riskitilanteiden tunnistamiseen ja muiden auttamiseen,&nbsp; oppimateriaalin el\u00e4m\u00e4nkriiseist\u00e4 selvi\u00e4miseen sek\u00e4 erilaisten mielenterveyden h\u00e4iri\u00f6iden tunnistamiseen.&nbsp; Koulutus voidaan toteuttaa mielenterveyden ammattilaisen tai mielenterveyden ensiapukouluttajaksi koulutetun opettajan avulla. Koulutus tulee suunnata my\u00f6s opettajille, jotta he saavat lis\u00e4\u00e4 v\u00e4lineit\u00e4 ja tuoretta tutkimustietoa mielenterveystaitojen edist\u00e4miseen sek\u00e4 oppilaiden psyykkisen hyvinvoinnin seuraamiseen ja vahvistamiseen.<\/p>\n","protected":false},"excerpt":{"rendered":"<p>Valtuustoaloite mielenterveyden ensiaputaitojen opettamisesta kouluissa<\/p>\n","protected":false},"author":1,"featured_media":0,"comment_status":"open","ping_status":"closed","sticky":false,"template":"","format":"standard","meta":{"_monsterinsights_skip_tracking":false,"_monsterinsights_sitenote_active":false,"_monsterinsights_sitenote_note":"","_monsterinsights_sitenote_category":0,"site-sidebar-layout":"default","site-content-layout":"","ast-site-content-layout":"default","site-content-style":"default","site-sidebar-style":"default","ast-global-header-display":"","ast-banner-title-visibility":"","ast-main-header-display":"","ast-hfb-above-header-display":"","ast-hfb-below-header-display":"","ast-hfb-mobile-header-display":"","site-post-title":"","ast-breadcrumbs-content":"","ast-featured-img":"","footer-sml-layout":"","ast-disable-related-posts":"","theme-transparent-header-meta":"","adv-header-id-meta":"","stick-header-meta":"","header-above-stick-meta":"","header-main-stick-meta":"","header-below-stick-meta":"","astra-migrate-meta-layouts":"default","ast-page-background-enabled":"default","ast-page-background-meta":{"desktop":{"background-color":"var(--ast-global-color-5)","background-image":"","background-repeat":"repeat","background-position":"center center","background-size":"auto","background-attachment":"scroll","background-type":"","background-media":"","overlay-type":"","overlay-color":"","overlay-opacity":"","overlay-gradient":""},"tablet":{"background-color":"","background-image":"","background-repeat":"repeat","background-position":"center center","background-size":"auto","background-attachment":"scroll","background-type":"","background-media":"","overlay-type":"","overlay-color":"","overlay-opacity":"","overlay-gradient":""},"mobile":{"background-color":"","background-image":"","background-repeat":"repeat","background-position":"center center","background-size":"auto","background-attachment":"scroll","background-type":"","background-media":"","overlay-type":"","overlay-color":"","overlay-opacity":"","overlay-gradient":""}},"ast-content-background-meta":{"desktop":{"background-color":"var(--ast-global-color-4)","background-image":"","background-repeat":"repeat","background-position":"center center","background-size":"auto","background-attachment":"scroll","background-type":"","background-media":"","overlay-type":"","overlay-color":"","overlay-opacity":"","overlay-gradient":""},"tablet":{"background-color":"var(--ast-global-color-4)","background-image":"","background-repeat":"repeat","background-position":"center center","background-size":"auto","background-attachment":"scroll","background-type":"","background-media":"","overlay-type":"","overlay-color":"","overlay-opacity":"","overlay-gradient":""},"mobile":{"background-color":"var(--ast-global-color-4)","background-image":"","background-repeat":"repeat","background-position":"center center","background-size":"auto","background-attachment":"scroll","background-type":"","background-media":"","overlay-type":"","overlay-color":"","overlay-opacity":"","overlay-gradient":""}},"footnotes":""},"categories":[2,125],"tags":[447,446,327],"class_list":["post-2519","post","type-post","status-publish","format-standard","hentry","category-blogi","category-valtuustoaloitteet","tag-jaksaminen","tag-koulut","tag-mielenterveys"],"yoast_head":"<!-- This site is optimized with the Yoast SEO plugin v27.5 - https:\/\/yoast.com\/product\/yoast-seo-wordpress\/ -->\n<title>Valtuustoaloite: Mielenterveyden ensiaputaitoja kouluun - Jenni Pitko - Vihreiden varapuheenjohtaja, ymp\u00e4rist\u00f6valiokunnan puheenjohtaja, kansanedustaja ja arkkitehti Oulusta<\/title>\n<meta name=\"description\" content=\"J\u00e4timme valtuustoaloitteen mielenterveyden ensiaputaitojen opettamisesta Oulun kouluissa lapsille ja opettajille\" \/>\n<meta name=\"robots\" content=\"index, follow, max-snippet:-1, max-image-preview:large, max-video-preview:-1\" \/>\n<link rel=\"canonical\" href=\"https:\/\/jennipitko.fi\/koti\/valtuustoaloite-mielenterveyden-ensiaputaitoja-kouluun\/\" \/>\n<meta property=\"og:locale\" content=\"fi_FI\" \/>\n<meta property=\"og:type\" content=\"article\" \/>\n<meta property=\"og:title\" content=\"Valtuustoaloite: Mielenterveyden ensiaputaitoja kouluun - Jenni Pitko - Vihreiden varapuheenjohtaja, ymp\u00e4rist\u00f6valiokunnan puheenjohtaja, kansanedustaja ja arkkitehti Oulusta\" \/>\n<meta property=\"og:description\" content=\"J\u00e4timme valtuustoaloitteen mielenterveyden ensiaputaitojen opettamisesta Oulun kouluissa lapsille ja opettajille\" \/>\n<meta property=\"og:url\" content=\"https:\/\/jennipitko.fi\/koti\/valtuustoaloite-mielenterveyden-ensiaputaitoja-kouluun\/\" \/>\n<meta property=\"og:site_name\" content=\"Jenni Pitko - Vihreiden varapuheenjohtaja, ymp\u00e4rist\u00f6valiokunnan puheenjohtaja, kansanedustaja ja arkkitehti Oulusta\" \/>\n<meta property=\"article:published_time\" content=\"2021-02-22T16:31:37+00:00\" \/>\n<meta property=\"article:modified_time\" content=\"2021-02-22T16:31:52+00:00\" \/>\n<meta name=\"author\" content=\"Jenni\" \/>\n<meta name=\"twitter:card\" content=\"summary_large_image\" \/>\n<meta name=\"twitter:label1\" content=\"Kirjoittanut\" \/>\n\t<meta name=\"twitter:data1\" content=\"Jenni\" \/>\n\t<meta name=\"twitter:label2\" content=\"Arvioitu lukuaika\" \/>\n\t<meta name=\"twitter:data2\" content=\"1 minuutti\" \/>\n<script type=\"application\/ld+json\" class=\"yoast-schema-graph\">{\"@context\":\"https:\\\/\\\/schema.org\",\"@graph\":[{\"@type\":\"Article\",\"@id\":\"https:\\\/\\\/jennipitko.fi\\\/koti\\\/valtuustoaloite-mielenterveyden-ensiaputaitoja-kouluun\\\/#article\",\"isPartOf\":{\"@id\":\"https:\\\/\\\/jennipitko.fi\\\/koti\\\/valtuustoaloite-mielenterveyden-ensiaputaitoja-kouluun\\\/\"},\"author\":{\"name\":\"Jenni\",\"@id\":\"https:\\\/\\\/jennipitko.fi\\\/koti\\\/#\\\/schema\\\/person\\\/35955c467f851f10124809310e7e7ee8\"},\"headline\":\"Valtuustoaloite: Mielenterveyden ensiaputaitoja kouluun\",\"datePublished\":\"2021-02-22T16:31:37+00:00\",\"dateModified\":\"2021-02-22T16:31:52+00:00\",\"mainEntityOfPage\":{\"@id\":\"https:\\\/\\\/jennipitko.fi\\\/koti\\\/valtuustoaloite-mielenterveyden-ensiaputaitoja-kouluun\\\/\"},\"wordCount\":270,\"commentCount\":0,\"publisher\":{\"@id\":\"https:\\\/\\\/jennipitko.fi\\\/koti\\\/#organization\"},\"keywords\":[\"jaksaminen\",\"koulut\",\"mielenterveys\"],\"articleSection\":[\"Blogi\",\"Valtuustoaloitteet\"],\"inLanguage\":\"fi\",\"potentialAction\":[{\"@type\":\"CommentAction\",\"name\":\"Comment\",\"target\":[\"https:\\\/\\\/jennipitko.fi\\\/koti\\\/valtuustoaloite-mielenterveyden-ensiaputaitoja-kouluun\\\/#respond\"]}]},{\"@type\":\"WebPage\",\"@id\":\"https:\\\/\\\/jennipitko.fi\\\/koti\\\/valtuustoaloite-mielenterveyden-ensiaputaitoja-kouluun\\\/\",\"url\":\"https:\\\/\\\/jennipitko.fi\\\/koti\\\/valtuustoaloite-mielenterveyden-ensiaputaitoja-kouluun\\\/\",\"name\":\"Valtuustoaloite: Mielenterveyden ensiaputaitoja kouluun - Jenni Pitko - Vihreiden varapuheenjohtaja, ymp\u00e4rist\u00f6valiokunnan puheenjohtaja, kansanedustaja ja arkkitehti Oulusta\",\"isPartOf\":{\"@id\":\"https:\\\/\\\/jennipitko.fi\\\/koti\\\/#website\"},\"datePublished\":\"2021-02-22T16:31:37+00:00\",\"dateModified\":\"2021-02-22T16:31:52+00:00\",\"description\":\"J\u00e4timme valtuustoaloitteen mielenterveyden ensiaputaitojen opettamisesta Oulun kouluissa lapsille ja opettajille\",\"breadcrumb\":{\"@id\":\"https:\\\/\\\/jennipitko.fi\\\/koti\\\/valtuustoaloite-mielenterveyden-ensiaputaitoja-kouluun\\\/#breadcrumb\"},\"inLanguage\":\"fi\",\"potentialAction\":[{\"@type\":\"ReadAction\",\"target\":[\"https:\\\/\\\/jennipitko.fi\\\/koti\\\/valtuustoaloite-mielenterveyden-ensiaputaitoja-kouluun\\\/\"]}]},{\"@type\":\"BreadcrumbList\",\"@id\":\"https:\\\/\\\/jennipitko.fi\\\/koti\\\/valtuustoaloite-mielenterveyden-ensiaputaitoja-kouluun\\\/#breadcrumb\",\"itemListElement\":[{\"@type\":\"ListItem\",\"position\":1,\"name\":\"Home\",\"item\":\"https:\\\/\\\/jennipitko.fi\\\/koti\\\/\"},{\"@type\":\"ListItem\",\"position\":2,\"name\":\"Valtuustoaloite: Mielenterveyden ensiaputaitoja kouluun\"}]},{\"@type\":\"WebSite\",\"@id\":\"https:\\\/\\\/jennipitko.fi\\\/koti\\\/#website\",\"url\":\"https:\\\/\\\/jennipitko.fi\\\/koti\\\/\",\"name\":\"Jenni Pitko - Vihreiden varapuheenjohtaja, ymp\u00e4rist\u00f6valiokunnan puheenjohtaja, kansanedustaja ja arkkitehti Oulusta\",\"description\":\"Jenni Pitko - Vihreiden varapuheenjohtaja, ymp\u00e4rist\u00f6valiokunnan puheenjohtaja, kansanedustaja ja arkkitehti Oulusta\",\"publisher\":{\"@id\":\"https:\\\/\\\/jennipitko.fi\\\/koti\\\/#organization\"},\"potentialAction\":[{\"@type\":\"SearchAction\",\"target\":{\"@type\":\"EntryPoint\",\"urlTemplate\":\"https:\\\/\\\/jennipitko.fi\\\/koti\\\/?s={search_term_string}\"},\"query-input\":{\"@type\":\"PropertyValueSpecification\",\"valueRequired\":true,\"valueName\":\"search_term_string\"}}],\"inLanguage\":\"fi\"},{\"@type\":\"Organization\",\"@id\":\"https:\\\/\\\/jennipitko.fi\\\/koti\\\/#organization\",\"name\":\"Jenni Pitko - Vihreiden varapuheenjohtaja, ymp\u00e4rist\u00f6valiokunnan puheenjohtaja, kansanedustaja ja arkkitehti Oulusta\",\"url\":\"https:\\\/\\\/jennipitko.fi\\\/koti\\\/\",\"logo\":{\"@type\":\"ImageObject\",\"inLanguage\":\"fi\",\"@id\":\"https:\\\/\\\/jennipitko.fi\\\/koti\\\/#\\\/schema\\\/logo\\\/image\\\/\",\"url\":\"https:\\\/\\\/jennipitko.fi\\\/koti\\\/wp-content\\\/uploads\\\/2025\\\/09\\\/Nimeton-malli-38.png\",\"contentUrl\":\"https:\\\/\\\/jennipitko.fi\\\/koti\\\/wp-content\\\/uploads\\\/2025\\\/09\\\/Nimeton-malli-38.png\",\"width\":1280,\"height\":847,\"caption\":\"Jenni Pitko - Vihreiden varapuheenjohtaja, ymp\u00e4rist\u00f6valiokunnan puheenjohtaja, kansanedustaja ja arkkitehti Oulusta\"},\"image\":{\"@id\":\"https:\\\/\\\/jennipitko.fi\\\/koti\\\/#\\\/schema\\\/logo\\\/image\\\/\"}},{\"@type\":\"Person\",\"@id\":\"https:\\\/\\\/jennipitko.fi\\\/koti\\\/#\\\/schema\\\/person\\\/35955c467f851f10124809310e7e7ee8\",\"name\":\"Jenni\",\"image\":{\"@type\":\"ImageObject\",\"inLanguage\":\"fi\",\"@id\":\"https:\\\/\\\/secure.gravatar.com\\\/avatar\\\/625a0e6413b293da7739d42617828d564a4d6028aec3f45d8939a2ba1617199f?s=96&d=blank&r=g\",\"url\":\"https:\\\/\\\/secure.gravatar.com\\\/avatar\\\/625a0e6413b293da7739d42617828d564a4d6028aec3f45d8939a2ba1617199f?s=96&d=blank&r=g\",\"contentUrl\":\"https:\\\/\\\/secure.gravatar.com\\\/avatar\\\/625a0e6413b293da7739d42617828d564a4d6028aec3f45d8939a2ba1617199f?s=96&d=blank&r=g\",\"caption\":\"Jenni\"},\"url\":\"https:\\\/\\\/jennipitko.fi\\\/koti\\\/author\\\/jenni\\\/\"}]}<\/script>\n<!-- \/ Yoast SEO plugin. -->","yoast_head_json":{"title":"Valtuustoaloite: Mielenterveyden ensiaputaitoja kouluun - Jenni Pitko - Vihreiden varapuheenjohtaja, ymp\u00e4rist\u00f6valiokunnan puheenjohtaja, kansanedustaja ja arkkitehti Oulusta","description":"J\u00e4timme valtuustoaloitteen mielenterveyden ensiaputaitojen opettamisesta Oulun kouluissa lapsille ja opettajille","robots":{"index":"index","follow":"follow","max-snippet":"max-snippet:-1","max-image-preview":"max-image-preview:large","max-video-preview":"max-video-preview:-1"},"canonical":"https:\/\/jennipitko.fi\/koti\/valtuustoaloite-mielenterveyden-ensiaputaitoja-kouluun\/","og_locale":"fi_FI","og_type":"article","og_title":"Valtuustoaloite: Mielenterveyden ensiaputaitoja kouluun - Jenni Pitko - Vihreiden varapuheenjohtaja, ymp\u00e4rist\u00f6valiokunnan puheenjohtaja, kansanedustaja ja arkkitehti Oulusta","og_description":"J\u00e4timme valtuustoaloitteen mielenterveyden ensiaputaitojen opettamisesta Oulun kouluissa lapsille ja opettajille","og_url":"https:\/\/jennipitko.fi\/koti\/valtuustoaloite-mielenterveyden-ensiaputaitoja-kouluun\/","og_site_name":"Jenni Pitko - Vihreiden varapuheenjohtaja, ymp\u00e4rist\u00f6valiokunnan puheenjohtaja, kansanedustaja ja arkkitehti Oulusta","article_published_time":"2021-02-22T16:31:37+00:00","article_modified_time":"2021-02-22T16:31:52+00:00","author":"Jenni","twitter_card":"summary_large_image","twitter_misc":{"Kirjoittanut":"Jenni","Arvioitu lukuaika":"1 minuutti"},"schema":{"@context":"https:\/\/schema.org","@graph":[{"@type":"Article","@id":"https:\/\/jennipitko.fi\/koti\/valtuustoaloite-mielenterveyden-ensiaputaitoja-kouluun\/#article","isPartOf":{"@id":"https:\/\/jennipitko.fi\/koti\/valtuustoaloite-mielenterveyden-ensiaputaitoja-kouluun\/"},"author":{"name":"Jenni","@id":"https:\/\/jennipitko.fi\/koti\/#\/schema\/person\/35955c467f851f10124809310e7e7ee8"},"headline":"Valtuustoaloite: Mielenterveyden ensiaputaitoja kouluun","datePublished":"2021-02-22T16:31:37+00:00","dateModified":"2021-02-22T16:31:52+00:00","mainEntityOfPage":{"@id":"https:\/\/jennipitko.fi\/koti\/valtuustoaloite-mielenterveyden-ensiaputaitoja-kouluun\/"},"wordCount":270,"commentCount":0,"publisher":{"@id":"https:\/\/jennipitko.fi\/koti\/#organization"},"keywords":["jaksaminen","koulut","mielenterveys"],"articleSection":["Blogi","Valtuustoaloitteet"],"inLanguage":"fi","potentialAction":[{"@type":"CommentAction","name":"Comment","target":["https:\/\/jennipitko.fi\/koti\/valtuustoaloite-mielenterveyden-ensiaputaitoja-kouluun\/#respond"]}]},{"@type":"WebPage","@id":"https:\/\/jennipitko.fi\/koti\/valtuustoaloite-mielenterveyden-ensiaputaitoja-kouluun\/","url":"https:\/\/jennipitko.fi\/koti\/valtuustoaloite-mielenterveyden-ensiaputaitoja-kouluun\/","name":"Valtuustoaloite: Mielenterveyden ensiaputaitoja kouluun - Jenni Pitko - Vihreiden varapuheenjohtaja, ymp\u00e4rist\u00f6valiokunnan puheenjohtaja, kansanedustaja ja arkkitehti Oulusta","isPartOf":{"@id":"https:\/\/jennipitko.fi\/koti\/#website"},"datePublished":"2021-02-22T16:31:37+00:00","dateModified":"2021-02-22T16:31:52+00:00","description":"J\u00e4timme valtuustoaloitteen mielenterveyden ensiaputaitojen opettamisesta Oulun kouluissa lapsille ja opettajille","breadcrumb":{"@id":"https:\/\/jennipitko.fi\/koti\/valtuustoaloite-mielenterveyden-ensiaputaitoja-kouluun\/#breadcrumb"},"inLanguage":"fi","potentialAction":[{"@type":"ReadAction","target":["https:\/\/jennipitko.fi\/koti\/valtuustoaloite-mielenterveyden-ensiaputaitoja-kouluun\/"]}]},{"@type":"BreadcrumbList","@id":"https:\/\/jennipitko.fi\/koti\/valtuustoaloite-mielenterveyden-ensiaputaitoja-kouluun\/#breadcrumb","itemListElement":[{"@type":"ListItem","position":1,"name":"Home","item":"https:\/\/jennipitko.fi\/koti\/"},{"@type":"ListItem","position":2,"name":"Valtuustoaloite: Mielenterveyden ensiaputaitoja kouluun"}]},{"@type":"WebSite","@id":"https:\/\/jennipitko.fi\/koti\/#website","url":"https:\/\/jennipitko.fi\/koti\/","name":"Jenni Pitko - Vihreiden varapuheenjohtaja, ymp\u00e4rist\u00f6valiokunnan puheenjohtaja, kansanedustaja ja arkkitehti Oulusta","description":"Jenni Pitko - Vihreiden varapuheenjohtaja, ymp\u00e4rist\u00f6valiokunnan puheenjohtaja, kansanedustaja ja arkkitehti Oulusta","publisher":{"@id":"https:\/\/jennipitko.fi\/koti\/#organization"},"potentialAction":[{"@type":"SearchAction","target":{"@type":"EntryPoint","urlTemplate":"https:\/\/jennipitko.fi\/koti\/?s={search_term_string}"},"query-input":{"@type":"PropertyValueSpecification","valueRequired":true,"valueName":"search_term_string"}}],"inLanguage":"fi"},{"@type":"Organization","@id":"https:\/\/jennipitko.fi\/koti\/#organization","name":"Jenni Pitko - Vihreiden varapuheenjohtaja, ymp\u00e4rist\u00f6valiokunnan puheenjohtaja, kansanedustaja ja arkkitehti Oulusta","url":"https:\/\/jennipitko.fi\/koti\/","logo":{"@type":"ImageObject","inLanguage":"fi","@id":"https:\/\/jennipitko.fi\/koti\/#\/schema\/logo\/image\/","url":"https:\/\/jennipitko.fi\/koti\/wp-content\/uploads\/2025\/09\/Nimeton-malli-38.png","contentUrl":"https:\/\/jennipitko.fi\/koti\/wp-content\/uploads\/2025\/09\/Nimeton-malli-38.png","width":1280,"height":847,"caption":"Jenni Pitko - Vihreiden varapuheenjohtaja, ymp\u00e4rist\u00f6valiokunnan puheenjohtaja, kansanedustaja ja arkkitehti Oulusta"},"image":{"@id":"https:\/\/jennipitko.fi\/koti\/#\/schema\/logo\/image\/"}},{"@type":"Person","@id":"https:\/\/jennipitko.fi\/koti\/#\/schema\/person\/35955c467f851f10124809310e7e7ee8","name":"Jenni","image":{"@type":"ImageObject","inLanguage":"fi","@id":"https:\/\/secure.gravatar.com\/avatar\/625a0e6413b293da7739d42617828d564a4d6028aec3f45d8939a2ba1617199f?s=96&d=blank&r=g","url":"https:\/\/secure.gravatar.com\/avatar\/625a0e6413b293da7739d42617828d564a4d6028aec3f45d8939a2ba1617199f?s=96&d=blank&r=g","contentUrl":"https:\/\/secure.gravatar.com\/avatar\/625a0e6413b293da7739d42617828d564a4d6028aec3f45d8939a2ba1617199f?s=96&d=blank&r=g","caption":"Jenni"},"url":"https:\/\/jennipitko.fi\/koti\/author\/jenni\/"}]}},"_links":{"self":[{"href":"https:\/\/jennipitko.fi\/koti\/wp-json\/wp\/v2\/posts\/2519","targetHints":{"allow":["GET"]}}],"collection":[{"href":"https:\/\/jennipitko.fi\/koti\/wp-json\/wp\/v2\/posts"}],"about":[{"href":"https:\/\/jennipitko.fi\/koti\/wp-json\/wp\/v2\/types\/post"}],"author":[{"embeddable":true,"href":"https:\/\/jennipitko.fi\/koti\/wp-json\/wp\/v2\/users\/1"}],"replies":[{"embeddable":true,"href":"https:\/\/jennipitko.fi\/koti\/wp-json\/wp\/v2\/comments?post=2519"}],"version-history":[{"count":2,"href":"https:\/\/jennipitko.fi\/koti\/wp-json\/wp\/v2\/posts\/2519\/revisions"}],"predecessor-version":[{"id":2521,"href":"https:\/\/jennipitko.fi\/koti\/wp-json\/wp\/v2\/posts\/2519\/revisions\/2521"}],"wp:attachment":[{"href":"https:\/\/jennipitko.fi\/koti\/wp-json\/wp\/v2\/media?parent=2519"}],"wp:term":[{"taxonomy":"category","embeddable":true,"href":"https:\/\/jennipitko.fi\/koti\/wp-json\/wp\/v2\/categories?post=2519"},{"taxonomy":"post_tag","embeddable":true,"href":"https:\/\/jennipitko.fi\/koti\/wp-json\/wp\/v2\/tags?post=2519"}],"curies":[{"name":"wp","href":"https:\/\/api.w.org\/{rel}","templated":true}]}}