{"id":2670,"date":"2022-02-22T18:50:21","date_gmt":"2022-02-22T16:50:21","guid":{"rendered":"https:\/\/jennipitko.fi\/koti\/?p=2670"},"modified":"2022-02-22T18:50:23","modified_gmt":"2022-02-22T16:50:23","slug":"suomen-on-luovuttava-ydinvoimakumppanuudesta-rosatomin-kanssa","status":"publish","type":"post","link":"https:\/\/jennipitko.fi\/koti\/suomen-on-luovuttava-ydinvoimakumppanuudesta-rosatomin-kanssa\/","title":{"rendered":"Suomen on luovuttava ydinvoimakumppanuudesta Rosatomin kanssa"},"content":{"rendered":"\n<p>Euroopan turvallisuustilanne on muuttunut viimeisten kuukausien aikana radikaalisti. Ven\u00e4j\u00e4n toimien ja vaatimusten aiheuttama turvattomuus ja uhka ovat muuttaneet koko Euroopan turvallisuusajattelua ja sodan uhka Ukrainassa on todellinen. Ven\u00e4j\u00e4n presidentti Vladimir Putin ilmoitti esitt\u00e4v\u00e4ns\u00e4 It\u00e4-Ukrainan kapinallisalueiden tunnustamista itsen\u00e4isiksi ja on jo l\u00e4hett\u00e4nyt uusia joukkoja alueille. T\u00e4m\u00e4 on massiivinen kansainv\u00e4lisen oikeuden ja Ukrainan valtiollisen suvereniteetin loukkaus.<\/p>\n\n\n\n<p>Ven\u00e4j\u00e4 on Suomen naapurimaa ja maillamme on pitk\u00e4 historia yhteisty\u00f6st\u00e4. On kuitenkin my\u00f6s tilanteita, joissa yhteisty\u00f6n muotoja t\u00e4ytyy harkita ja muuttaa. Ven\u00e4j\u00e4n uhkaava toiminta tuli vahvasti esiin jo 2014, kun Krim liitettiin Ven\u00e4j\u00e4\u00e4n, ja nyt tilanne Ukrainassa on eskaloitumassa edelleen. Kun Ven\u00e4j\u00e4 ryhtyy radikaaleihin, itsen\u00e4isi\u00e4 valtioita uhkaaviin ja loukkaaviin toimiin, t\u00e4ytyy my\u00f6s yhteisty\u00f6t\u00e4 tarkastella kriittisesti. Erityisen ongelmallisena n\u00e4ytt\u00e4ytyy yksi hanke: Fennovoiman ydinvoimala. <\/p>\n\n\n\n<p>Pyh\u00e4joen Hanhikivelle rakentuvaksi suunnitellun ydinvoimalan laitoksen toimittaa Ven\u00e4j\u00e4n valtion energiayhti\u00f6 Rosatom. Ei ole yll\u00e4tys kenellek\u00e4\u00e4n, ett\u00e4 Ven\u00e4j\u00e4n keskeisist\u00e4 ty\u00f6kaluista maailmanpoliittisessa vaikuttamisesa on ven\u00e4l\u00e4isen energian myynti Eurooppaan. Korvaamalla fossiilienergiaa ven\u00e4l\u00e4isell\u00e4 ydinenergialla astutaan ojasta allikkoon. Rosatom vastaa my\u00f6s ven\u00e4l\u00e4isist\u00e4 ydinasehankkeista. <\/p>\n\n\n\n<p>Suomen tulee hankkiutua eroon energiariippuvuudesta valtion kanssa, joka ei v\u00e4lit\u00e4 kansainv\u00e4lisist\u00e4 pelis\u00e4\u00e4nn\u00f6ist\u00e4 ja on valmis k\u00e4ytt\u00e4m\u00e4\u00e4n voimaa muita suvereeneja valtioita vastaan omia tarkoitusperi\u00e4 edist\u00e4\u00e4kseen. Ven\u00e4j\u00e4n toimet ovat aiheuttaneet jo suurta liikehdint\u00e4\u00e4 Euroopan energiasektorilla. Saksa ilmoitti t\u00e4n\u00e4\u00e4n j\u00e4\u00e4dytt\u00e4v\u00e4ns\u00e4 Ven\u00e4j\u00e4n ja Saksan v\u00e4lisen Nord Stream 2 -kaasuputkihankkeen. <\/p>\n\n\n\n<p>Vihre\u00e4t suhtautuvat kriittisesti Hanhikiven hankkeeseen Rosatomin kanssa jo vuonna 2014 sen turvallisuus- ja geopoliittisten ongelmien vuoksi. T\u00e4ll\u00f6in Suomessa v\u00e4h\u00e4teltiin Ven\u00e4j\u00e4-kytk\u00f6ksen aiheuttamaa uhkaa. <\/p>\n\n\n\n<p>Nyt on aika my\u00f6nt\u00e4\u00e4, ett\u00e4 suuntamme on v\u00e4\u00e4r\u00e4. Suomen on syyt\u00e4 osaltaan arvioida omaa energiapolitiikkaansa uudelleen ja irrottaa Rosatom Hanhikivi-hankkeesta.<\/p>\n","protected":false},"excerpt":{"rendered":"<p>Euroopan turvallisuustilanne on muuttunut viimeisten kuukausien aikana radikaalisti. Ven\u00e4j\u00e4n toimien ja vaatimusten aiheuttama turvattomuus ja uhka ovat muuttaneet koko Euroopan [&hellip;]<\/p>\n","protected":false},"author":1,"featured_media":0,"comment_status":"open","ping_status":"closed","sticky":false,"template":"","format":"standard","meta":{"_monsterinsights_skip_tracking":false,"_monsterinsights_sitenote_active":false,"_monsterinsights_sitenote_note":"","_monsterinsights_sitenote_category":0,"site-sidebar-layout":"default","site-content-layout":"","ast-site-content-layout":"default","site-content-style":"default","site-sidebar-style":"default","ast-global-header-display":"","ast-banner-title-visibility":"","ast-main-header-display":"","ast-hfb-above-header-display":"","ast-hfb-below-header-display":"","ast-hfb-mobile-header-display":"","site-post-title":"","ast-breadcrumbs-content":"","ast-featured-img":"","footer-sml-layout":"","ast-disable-related-posts":"","theme-transparent-header-meta":"","adv-header-id-meta":"","stick-header-meta":"","header-above-stick-meta":"","header-main-stick-meta":"","header-below-stick-meta":"","astra-migrate-meta-layouts":"default","ast-page-background-enabled":"default","ast-page-background-meta":{"desktop":{"background-color":"var(--ast-global-color-5)","background-image":"","background-repeat":"repeat","background-position":"center center","background-size":"auto","background-attachment":"scroll","background-type":"","background-media":"","overlay-type":"","overlay-color":"","overlay-opacity":"","overlay-gradient":""},"tablet":{"background-color":"","background-image":"","background-repeat":"repeat","background-position":"center center","background-size":"auto","background-attachment":"scroll","background-type":"","background-media":"","overlay-type":"","overlay-color":"","overlay-opacity":"","overlay-gradient":""},"mobile":{"background-color":"","background-image":"","background-repeat":"repeat","background-position":"center center","background-size":"auto","background-attachment":"scroll","background-type":"","background-media":"","overlay-type":"","overlay-color":"","overlay-opacity":"","overlay-gradient":""}},"ast-content-background-meta":{"desktop":{"background-color":"var(--ast-global-color-4)","background-image":"","background-repeat":"repeat","background-position":"center center","background-size":"auto","background-attachment":"scroll","background-type":"","background-media":"","overlay-type":"","overlay-color":"","overlay-opacity":"","overlay-gradient":""},"tablet":{"background-color":"var(--ast-global-color-4)","background-image":"","background-repeat":"repeat","background-position":"center center","background-size":"auto","background-attachment":"scroll","background-type":"","background-media":"","overlay-type":"","overlay-color":"","overlay-opacity":"","overlay-gradient":""},"mobile":{"background-color":"var(--ast-global-color-4)","background-image":"","background-repeat":"repeat","background-position":"center center","background-size":"auto","background-attachment":"scroll","background-type":"","background-media":"","overlay-type":"","overlay-color":"","overlay-opacity":"","overlay-gradient":""}},"footnotes":""},"categories":[2],"tags":[454,456,357,455,453],"class_list":["post-2670","post","type-post","status-publish","format-standard","hentry","category-blogi","tag-fennovoima","tag-geopolitiikka","tag-turvallisuus","tag-venaja","tag-ydinvoima"],"yoast_head":"<!-- This site is optimized with the Yoast SEO plugin v27.5 - https:\/\/yoast.com\/product\/yoast-seo-wordpress\/ -->\n<title>Suomen on luovuttava ydinvoimakumppanuudesta Rosatomin kanssa - Jenni Pitko - Vihreiden varapuheenjohtaja, ymp\u00e4rist\u00f6valiokunnan puheenjohtaja, kansanedustaja ja arkkitehti Oulusta<\/title>\n<meta name=\"description\" content=\"Suomen tulee hankkiutua eroon energiariippuvuudesta valtion kanssa, joka ei v\u00e4lit\u00e4 kansainv\u00e4lisist\u00e4 pelis\u00e4\u00e4nn\u00f6ist\u00e4 ja on valmis k\u00e4ytt\u00e4m\u00e4\u00e4n voimaa muita suvereeneja valtioita vastaan omia tarkoitusperi\u00e4 edist\u00e4\u00e4kseen.\" \/>\n<meta name=\"robots\" content=\"index, follow, max-snippet:-1, max-image-preview:large, max-video-preview:-1\" \/>\n<link rel=\"canonical\" href=\"https:\/\/jennipitko.fi\/koti\/suomen-on-luovuttava-ydinvoimakumppanuudesta-rosatomin-kanssa\/\" \/>\n<meta property=\"og:locale\" content=\"fi_FI\" \/>\n<meta property=\"og:type\" content=\"article\" \/>\n<meta property=\"og:title\" content=\"Suomen on luovuttava ydinvoimakumppanuudesta Rosatomin kanssa - Jenni Pitko - Vihreiden varapuheenjohtaja, ymp\u00e4rist\u00f6valiokunnan puheenjohtaja, kansanedustaja ja arkkitehti Oulusta\" \/>\n<meta property=\"og:description\" content=\"Suomen tulee hankkiutua eroon energiariippuvuudesta valtion kanssa, joka ei v\u00e4lit\u00e4 kansainv\u00e4lisist\u00e4 pelis\u00e4\u00e4nn\u00f6ist\u00e4 ja on valmis k\u00e4ytt\u00e4m\u00e4\u00e4n voimaa muita suvereeneja valtioita vastaan omia tarkoitusperi\u00e4 edist\u00e4\u00e4kseen.\" \/>\n<meta property=\"og:url\" content=\"https:\/\/jennipitko.fi\/koti\/suomen-on-luovuttava-ydinvoimakumppanuudesta-rosatomin-kanssa\/\" \/>\n<meta property=\"og:site_name\" content=\"Jenni Pitko - Vihreiden varapuheenjohtaja, ymp\u00e4rist\u00f6valiokunnan puheenjohtaja, kansanedustaja ja arkkitehti Oulusta\" \/>\n<meta property=\"article:published_time\" content=\"2022-02-22T16:50:21+00:00\" \/>\n<meta property=\"article:modified_time\" content=\"2022-02-22T16:50:23+00:00\" \/>\n<meta name=\"author\" content=\"Jenni\" \/>\n<meta name=\"twitter:card\" content=\"summary_large_image\" \/>\n<meta name=\"twitter:label1\" content=\"Kirjoittanut\" \/>\n\t<meta name=\"twitter:data1\" content=\"Jenni\" \/>\n\t<meta name=\"twitter:label2\" content=\"Arvioitu lukuaika\" \/>\n\t<meta name=\"twitter:data2\" content=\"2 minuuttia\" \/>\n<script type=\"application\/ld+json\" class=\"yoast-schema-graph\">{\"@context\":\"https:\\\/\\\/schema.org\",\"@graph\":[{\"@type\":\"Article\",\"@id\":\"https:\\\/\\\/jennipitko.fi\\\/koti\\\/suomen-on-luovuttava-ydinvoimakumppanuudesta-rosatomin-kanssa\\\/#article\",\"isPartOf\":{\"@id\":\"https:\\\/\\\/jennipitko.fi\\\/koti\\\/suomen-on-luovuttava-ydinvoimakumppanuudesta-rosatomin-kanssa\\\/\"},\"author\":{\"name\":\"Jenni\",\"@id\":\"https:\\\/\\\/jennipitko.fi\\\/koti\\\/#\\\/schema\\\/person\\\/35955c467f851f10124809310e7e7ee8\"},\"headline\":\"Suomen on luovuttava ydinvoimakumppanuudesta Rosatomin kanssa\",\"datePublished\":\"2022-02-22T16:50:21+00:00\",\"dateModified\":\"2022-02-22T16:50:23+00:00\",\"mainEntityOfPage\":{\"@id\":\"https:\\\/\\\/jennipitko.fi\\\/koti\\\/suomen-on-luovuttava-ydinvoimakumppanuudesta-rosatomin-kanssa\\\/\"},\"wordCount\":315,\"commentCount\":0,\"publisher\":{\"@id\":\"https:\\\/\\\/jennipitko.fi\\\/koti\\\/#organization\"},\"keywords\":[\"fennovoima\",\"geopolitiikka\",\"turvallisuus\",\"ven\u00e4j\u00e4\",\"ydinvoima\"],\"articleSection\":[\"Blogi\"],\"inLanguage\":\"fi\",\"potentialAction\":[{\"@type\":\"CommentAction\",\"name\":\"Comment\",\"target\":[\"https:\\\/\\\/jennipitko.fi\\\/koti\\\/suomen-on-luovuttava-ydinvoimakumppanuudesta-rosatomin-kanssa\\\/#respond\"]}]},{\"@type\":\"WebPage\",\"@id\":\"https:\\\/\\\/jennipitko.fi\\\/koti\\\/suomen-on-luovuttava-ydinvoimakumppanuudesta-rosatomin-kanssa\\\/\",\"url\":\"https:\\\/\\\/jennipitko.fi\\\/koti\\\/suomen-on-luovuttava-ydinvoimakumppanuudesta-rosatomin-kanssa\\\/\",\"name\":\"Suomen on luovuttava ydinvoimakumppanuudesta Rosatomin kanssa - Jenni Pitko - Vihreiden varapuheenjohtaja, ymp\u00e4rist\u00f6valiokunnan puheenjohtaja, kansanedustaja ja arkkitehti Oulusta\",\"isPartOf\":{\"@id\":\"https:\\\/\\\/jennipitko.fi\\\/koti\\\/#website\"},\"datePublished\":\"2022-02-22T16:50:21+00:00\",\"dateModified\":\"2022-02-22T16:50:23+00:00\",\"description\":\"Suomen tulee hankkiutua eroon energiariippuvuudesta valtion kanssa, joka ei v\u00e4lit\u00e4 kansainv\u00e4lisist\u00e4 pelis\u00e4\u00e4nn\u00f6ist\u00e4 ja on valmis k\u00e4ytt\u00e4m\u00e4\u00e4n voimaa muita suvereeneja valtioita vastaan omia tarkoitusperi\u00e4 edist\u00e4\u00e4kseen.\",\"breadcrumb\":{\"@id\":\"https:\\\/\\\/jennipitko.fi\\\/koti\\\/suomen-on-luovuttava-ydinvoimakumppanuudesta-rosatomin-kanssa\\\/#breadcrumb\"},\"inLanguage\":\"fi\",\"potentialAction\":[{\"@type\":\"ReadAction\",\"target\":[\"https:\\\/\\\/jennipitko.fi\\\/koti\\\/suomen-on-luovuttava-ydinvoimakumppanuudesta-rosatomin-kanssa\\\/\"]}]},{\"@type\":\"BreadcrumbList\",\"@id\":\"https:\\\/\\\/jennipitko.fi\\\/koti\\\/suomen-on-luovuttava-ydinvoimakumppanuudesta-rosatomin-kanssa\\\/#breadcrumb\",\"itemListElement\":[{\"@type\":\"ListItem\",\"position\":1,\"name\":\"Home\",\"item\":\"https:\\\/\\\/jennipitko.fi\\\/koti\\\/\"},{\"@type\":\"ListItem\",\"position\":2,\"name\":\"Suomen on luovuttava ydinvoimakumppanuudesta Rosatomin kanssa\"}]},{\"@type\":\"WebSite\",\"@id\":\"https:\\\/\\\/jennipitko.fi\\\/koti\\\/#website\",\"url\":\"https:\\\/\\\/jennipitko.fi\\\/koti\\\/\",\"name\":\"Jenni Pitko - Vihreiden varapuheenjohtaja, ymp\u00e4rist\u00f6valiokunnan puheenjohtaja, kansanedustaja ja arkkitehti Oulusta\",\"description\":\"Jenni Pitko - Vihreiden varapuheenjohtaja, ymp\u00e4rist\u00f6valiokunnan puheenjohtaja, kansanedustaja ja arkkitehti Oulusta\",\"publisher\":{\"@id\":\"https:\\\/\\\/jennipitko.fi\\\/koti\\\/#organization\"},\"potentialAction\":[{\"@type\":\"SearchAction\",\"target\":{\"@type\":\"EntryPoint\",\"urlTemplate\":\"https:\\\/\\\/jennipitko.fi\\\/koti\\\/?s={search_term_string}\"},\"query-input\":{\"@type\":\"PropertyValueSpecification\",\"valueRequired\":true,\"valueName\":\"search_term_string\"}}],\"inLanguage\":\"fi\"},{\"@type\":\"Organization\",\"@id\":\"https:\\\/\\\/jennipitko.fi\\\/koti\\\/#organization\",\"name\":\"Jenni Pitko - Vihreiden varapuheenjohtaja, ymp\u00e4rist\u00f6valiokunnan puheenjohtaja, kansanedustaja ja arkkitehti Oulusta\",\"url\":\"https:\\\/\\\/jennipitko.fi\\\/koti\\\/\",\"logo\":{\"@type\":\"ImageObject\",\"inLanguage\":\"fi\",\"@id\":\"https:\\\/\\\/jennipitko.fi\\\/koti\\\/#\\\/schema\\\/logo\\\/image\\\/\",\"url\":\"https:\\\/\\\/jennipitko.fi\\\/koti\\\/wp-content\\\/uploads\\\/2025\\\/09\\\/Nimeton-malli-38.png\",\"contentUrl\":\"https:\\\/\\\/jennipitko.fi\\\/koti\\\/wp-content\\\/uploads\\\/2025\\\/09\\\/Nimeton-malli-38.png\",\"width\":1280,\"height\":847,\"caption\":\"Jenni Pitko - Vihreiden varapuheenjohtaja, ymp\u00e4rist\u00f6valiokunnan puheenjohtaja, kansanedustaja ja arkkitehti Oulusta\"},\"image\":{\"@id\":\"https:\\\/\\\/jennipitko.fi\\\/koti\\\/#\\\/schema\\\/logo\\\/image\\\/\"}},{\"@type\":\"Person\",\"@id\":\"https:\\\/\\\/jennipitko.fi\\\/koti\\\/#\\\/schema\\\/person\\\/35955c467f851f10124809310e7e7ee8\",\"name\":\"Jenni\",\"image\":{\"@type\":\"ImageObject\",\"inLanguage\":\"fi\",\"@id\":\"https:\\\/\\\/secure.gravatar.com\\\/avatar\\\/625a0e6413b293da7739d42617828d564a4d6028aec3f45d8939a2ba1617199f?s=96&d=blank&r=g\",\"url\":\"https:\\\/\\\/secure.gravatar.com\\\/avatar\\\/625a0e6413b293da7739d42617828d564a4d6028aec3f45d8939a2ba1617199f?s=96&d=blank&r=g\",\"contentUrl\":\"https:\\\/\\\/secure.gravatar.com\\\/avatar\\\/625a0e6413b293da7739d42617828d564a4d6028aec3f45d8939a2ba1617199f?s=96&d=blank&r=g\",\"caption\":\"Jenni\"},\"url\":\"https:\\\/\\\/jennipitko.fi\\\/koti\\\/author\\\/jenni\\\/\"}]}<\/script>\n<!-- \/ Yoast SEO plugin. -->","yoast_head_json":{"title":"Suomen on luovuttava ydinvoimakumppanuudesta Rosatomin kanssa - Jenni Pitko - Vihreiden varapuheenjohtaja, ymp\u00e4rist\u00f6valiokunnan puheenjohtaja, kansanedustaja ja arkkitehti Oulusta","description":"Suomen tulee hankkiutua eroon energiariippuvuudesta valtion kanssa, joka ei v\u00e4lit\u00e4 kansainv\u00e4lisist\u00e4 pelis\u00e4\u00e4nn\u00f6ist\u00e4 ja on valmis k\u00e4ytt\u00e4m\u00e4\u00e4n voimaa muita suvereeneja valtioita vastaan omia tarkoitusperi\u00e4 edist\u00e4\u00e4kseen.","robots":{"index":"index","follow":"follow","max-snippet":"max-snippet:-1","max-image-preview":"max-image-preview:large","max-video-preview":"max-video-preview:-1"},"canonical":"https:\/\/jennipitko.fi\/koti\/suomen-on-luovuttava-ydinvoimakumppanuudesta-rosatomin-kanssa\/","og_locale":"fi_FI","og_type":"article","og_title":"Suomen on luovuttava ydinvoimakumppanuudesta Rosatomin kanssa - Jenni Pitko - Vihreiden varapuheenjohtaja, ymp\u00e4rist\u00f6valiokunnan puheenjohtaja, kansanedustaja ja arkkitehti Oulusta","og_description":"Suomen tulee hankkiutua eroon energiariippuvuudesta valtion kanssa, joka ei v\u00e4lit\u00e4 kansainv\u00e4lisist\u00e4 pelis\u00e4\u00e4nn\u00f6ist\u00e4 ja on valmis k\u00e4ytt\u00e4m\u00e4\u00e4n voimaa muita suvereeneja valtioita vastaan omia tarkoitusperi\u00e4 edist\u00e4\u00e4kseen.","og_url":"https:\/\/jennipitko.fi\/koti\/suomen-on-luovuttava-ydinvoimakumppanuudesta-rosatomin-kanssa\/","og_site_name":"Jenni Pitko - Vihreiden varapuheenjohtaja, ymp\u00e4rist\u00f6valiokunnan puheenjohtaja, kansanedustaja ja arkkitehti Oulusta","article_published_time":"2022-02-22T16:50:21+00:00","article_modified_time":"2022-02-22T16:50:23+00:00","author":"Jenni","twitter_card":"summary_large_image","twitter_misc":{"Kirjoittanut":"Jenni","Arvioitu lukuaika":"2 minuuttia"},"schema":{"@context":"https:\/\/schema.org","@graph":[{"@type":"Article","@id":"https:\/\/jennipitko.fi\/koti\/suomen-on-luovuttava-ydinvoimakumppanuudesta-rosatomin-kanssa\/#article","isPartOf":{"@id":"https:\/\/jennipitko.fi\/koti\/suomen-on-luovuttava-ydinvoimakumppanuudesta-rosatomin-kanssa\/"},"author":{"name":"Jenni","@id":"https:\/\/jennipitko.fi\/koti\/#\/schema\/person\/35955c467f851f10124809310e7e7ee8"},"headline":"Suomen on luovuttava ydinvoimakumppanuudesta Rosatomin kanssa","datePublished":"2022-02-22T16:50:21+00:00","dateModified":"2022-02-22T16:50:23+00:00","mainEntityOfPage":{"@id":"https:\/\/jennipitko.fi\/koti\/suomen-on-luovuttava-ydinvoimakumppanuudesta-rosatomin-kanssa\/"},"wordCount":315,"commentCount":0,"publisher":{"@id":"https:\/\/jennipitko.fi\/koti\/#organization"},"keywords":["fennovoima","geopolitiikka","turvallisuus","ven\u00e4j\u00e4","ydinvoima"],"articleSection":["Blogi"],"inLanguage":"fi","potentialAction":[{"@type":"CommentAction","name":"Comment","target":["https:\/\/jennipitko.fi\/koti\/suomen-on-luovuttava-ydinvoimakumppanuudesta-rosatomin-kanssa\/#respond"]}]},{"@type":"WebPage","@id":"https:\/\/jennipitko.fi\/koti\/suomen-on-luovuttava-ydinvoimakumppanuudesta-rosatomin-kanssa\/","url":"https:\/\/jennipitko.fi\/koti\/suomen-on-luovuttava-ydinvoimakumppanuudesta-rosatomin-kanssa\/","name":"Suomen on luovuttava ydinvoimakumppanuudesta Rosatomin kanssa - Jenni Pitko - Vihreiden varapuheenjohtaja, ymp\u00e4rist\u00f6valiokunnan puheenjohtaja, kansanedustaja ja arkkitehti Oulusta","isPartOf":{"@id":"https:\/\/jennipitko.fi\/koti\/#website"},"datePublished":"2022-02-22T16:50:21+00:00","dateModified":"2022-02-22T16:50:23+00:00","description":"Suomen tulee hankkiutua eroon energiariippuvuudesta valtion kanssa, joka ei v\u00e4lit\u00e4 kansainv\u00e4lisist\u00e4 pelis\u00e4\u00e4nn\u00f6ist\u00e4 ja on valmis k\u00e4ytt\u00e4m\u00e4\u00e4n voimaa muita suvereeneja valtioita vastaan omia tarkoitusperi\u00e4 edist\u00e4\u00e4kseen.","breadcrumb":{"@id":"https:\/\/jennipitko.fi\/koti\/suomen-on-luovuttava-ydinvoimakumppanuudesta-rosatomin-kanssa\/#breadcrumb"},"inLanguage":"fi","potentialAction":[{"@type":"ReadAction","target":["https:\/\/jennipitko.fi\/koti\/suomen-on-luovuttava-ydinvoimakumppanuudesta-rosatomin-kanssa\/"]}]},{"@type":"BreadcrumbList","@id":"https:\/\/jennipitko.fi\/koti\/suomen-on-luovuttava-ydinvoimakumppanuudesta-rosatomin-kanssa\/#breadcrumb","itemListElement":[{"@type":"ListItem","position":1,"name":"Home","item":"https:\/\/jennipitko.fi\/koti\/"},{"@type":"ListItem","position":2,"name":"Suomen on luovuttava ydinvoimakumppanuudesta Rosatomin kanssa"}]},{"@type":"WebSite","@id":"https:\/\/jennipitko.fi\/koti\/#website","url":"https:\/\/jennipitko.fi\/koti\/","name":"Jenni Pitko - Vihreiden varapuheenjohtaja, ymp\u00e4rist\u00f6valiokunnan puheenjohtaja, kansanedustaja ja arkkitehti Oulusta","description":"Jenni Pitko - Vihreiden varapuheenjohtaja, ymp\u00e4rist\u00f6valiokunnan puheenjohtaja, kansanedustaja ja arkkitehti Oulusta","publisher":{"@id":"https:\/\/jennipitko.fi\/koti\/#organization"},"potentialAction":[{"@type":"SearchAction","target":{"@type":"EntryPoint","urlTemplate":"https:\/\/jennipitko.fi\/koti\/?s={search_term_string}"},"query-input":{"@type":"PropertyValueSpecification","valueRequired":true,"valueName":"search_term_string"}}],"inLanguage":"fi"},{"@type":"Organization","@id":"https:\/\/jennipitko.fi\/koti\/#organization","name":"Jenni Pitko - Vihreiden varapuheenjohtaja, ymp\u00e4rist\u00f6valiokunnan puheenjohtaja, kansanedustaja ja arkkitehti Oulusta","url":"https:\/\/jennipitko.fi\/koti\/","logo":{"@type":"ImageObject","inLanguage":"fi","@id":"https:\/\/jennipitko.fi\/koti\/#\/schema\/logo\/image\/","url":"https:\/\/jennipitko.fi\/koti\/wp-content\/uploads\/2025\/09\/Nimeton-malli-38.png","contentUrl":"https:\/\/jennipitko.fi\/koti\/wp-content\/uploads\/2025\/09\/Nimeton-malli-38.png","width":1280,"height":847,"caption":"Jenni Pitko - Vihreiden varapuheenjohtaja, ymp\u00e4rist\u00f6valiokunnan puheenjohtaja, kansanedustaja ja arkkitehti Oulusta"},"image":{"@id":"https:\/\/jennipitko.fi\/koti\/#\/schema\/logo\/image\/"}},{"@type":"Person","@id":"https:\/\/jennipitko.fi\/koti\/#\/schema\/person\/35955c467f851f10124809310e7e7ee8","name":"Jenni","image":{"@type":"ImageObject","inLanguage":"fi","@id":"https:\/\/secure.gravatar.com\/avatar\/625a0e6413b293da7739d42617828d564a4d6028aec3f45d8939a2ba1617199f?s=96&d=blank&r=g","url":"https:\/\/secure.gravatar.com\/avatar\/625a0e6413b293da7739d42617828d564a4d6028aec3f45d8939a2ba1617199f?s=96&d=blank&r=g","contentUrl":"https:\/\/secure.gravatar.com\/avatar\/625a0e6413b293da7739d42617828d564a4d6028aec3f45d8939a2ba1617199f?s=96&d=blank&r=g","caption":"Jenni"},"url":"https:\/\/jennipitko.fi\/koti\/author\/jenni\/"}]}},"_links":{"self":[{"href":"https:\/\/jennipitko.fi\/koti\/wp-json\/wp\/v2\/posts\/2670","targetHints":{"allow":["GET"]}}],"collection":[{"href":"https:\/\/jennipitko.fi\/koti\/wp-json\/wp\/v2\/posts"}],"about":[{"href":"https:\/\/jennipitko.fi\/koti\/wp-json\/wp\/v2\/types\/post"}],"author":[{"embeddable":true,"href":"https:\/\/jennipitko.fi\/koti\/wp-json\/wp\/v2\/users\/1"}],"replies":[{"embeddable":true,"href":"https:\/\/jennipitko.fi\/koti\/wp-json\/wp\/v2\/comments?post=2670"}],"version-history":[{"count":1,"href":"https:\/\/jennipitko.fi\/koti\/wp-json\/wp\/v2\/posts\/2670\/revisions"}],"predecessor-version":[{"id":2671,"href":"https:\/\/jennipitko.fi\/koti\/wp-json\/wp\/v2\/posts\/2670\/revisions\/2671"}],"wp:attachment":[{"href":"https:\/\/jennipitko.fi\/koti\/wp-json\/wp\/v2\/media?parent=2670"}],"wp:term":[{"taxonomy":"category","embeddable":true,"href":"https:\/\/jennipitko.fi\/koti\/wp-json\/wp\/v2\/categories?post=2670"},{"taxonomy":"post_tag","embeddable":true,"href":"https:\/\/jennipitko.fi\/koti\/wp-json\/wp\/v2\/tags?post=2670"}],"curies":[{"name":"wp","href":"https:\/\/api.w.org\/{rel}","templated":true}]}}