{"id":269,"date":"2012-09-18T18:30:57","date_gmt":"2012-09-18T16:30:57","guid":{"rendered":"http:\/\/henkilot.vihreat.fi\/jenni.pitko\/?p=269"},"modified":"2014-12-30T14:59:00","modified_gmt":"2014-12-30T14:59:00","slug":"hietasaaresta-matkailuparatiisi-pienemmalla-volyymilla","status":"publish","type":"post","link":"https:\/\/jennipitko.fi\/koti\/hietasaaresta-matkailuparatiisi-pienemmalla-volyymilla\/","title":{"rendered":"Hietasaaresta matkailuparatiisi \u2013 pienemm\u00e4ll\u00e4 volyymill\u00e4."},"content":{"rendered":"<p>Olin viime lauantaina Hietasaaren palstaviljelij\u00f6iden ja Pro Hietasaari -liikkeen tapahtumassa \u201dKiiret\u00f6n, kaunis Hietasaari\u201d.\u00a0 Alueen asukkaat ja siell\u00e4 kasvimaata pit\u00e4v\u00e4t kaupunkilaiset ovat huolissaan keskustan edustastalla sijaitsevan Hietasaaren kohtalosta. Hietasaari on pysynyt yll\u00e4tt\u00e4v\u00e4n luonnontilaisena yli 100 vuotta ja tunnetaan nyky\u00e4\u00e4n Edenin uimahallista, Nallikarin uimarannasta ja kaupungin vuokraamista viljelypalstoista <em>(kuva 1)<\/em> .My\u00f6s min\u00e4 olen huolissani siit\u00e4. En n\u00e4e <a href=\"http:\/\/yle.fi\/uutiset\/kalevala-aiheinen_huvipuisto_ouluun\/5379105\">suunnitellun huvipuiston<\/a> hy\u00f6dynt\u00e4v\u00e4n laisinkaan Hietasaaren parhaita puolia. Hietasaari ei voi \u00a0kuitenkaan j\u00e4\u00e4d\u00e4 pienen joukon ylellisyydeksi. Jotain on siis keksitt\u00e4v\u00e4!<\/p>\n<p><!--more--><\/p>\n<p><img fetchpriority=\"high\" decoding=\"async\" class=\"alignright\" style=\"max-width: 100%;\" title=\"Hietasaari\" src=\"http:\/\/kuvat.kaleva.fi\/default\/b9c750b4-ebb9-11e1-ab6b-12313b053908\/large-Huvipuistosuunnitelma%20julki.jpg\" alt=\"Karjasillan tiivis asuinalue. Kuva: http:\/\/www.kaleva.fi\/uutiset\/oulu\/karjasilta-on-suomen-paras\/248987\/\" width=\"334\" height=\"239\" \/><\/p>\n<p><img decoding=\"async\" class=\"alignright\" style=\"max-width: 100%;\" title=\"Hietasaari\" src=\"http:\/\/www.safa.fi\/img\/eComp_Images\/807_heet33_web.jpg\" alt=\"Karjasillan tiivis asuinalue. Kuva: http:\/\/www.kaleva.fi\/uutiset\/oulu\/karjasilta-on-suomen-paras\/248987\/\" width=\"334\" height=\"239\" \/><\/p>\n<p>Alueesta j\u00e4rjestettiin vuosi sitten arkkitehtikilpailu, jonka voittajaehdotuksessa alueelle ehdotettiin mm. suurta huvipuistoa, kasinoa sek\u00e4 kaupunkimaista bulevardia <em>(kuva 2),<\/em> joka sitoisi uudet toiminnat Nallikarin uimarantaan. Huvipuiston asiakkaat houkuteltaisiin j\u00e4\u00e4m\u00e4\u00e4n Hietasaareen my\u00f6s y\u00f6ksi ja sit\u00e4 varten rakennettaisiin korkea hotellirakennus.<\/p>\n<p>Suunnitelma on sittemmin maltillistunut ja p\u00e4\u00e4paino on huvipuiston ja majoituspalveluiden kehitt\u00e4misess\u00e4. Volyymilt\u00e4\u00e4n t\u00e4m\u00e4 Kalevalapuistoksi kaavailtu huvipuisto on edelleen iso. Jo Nallikarin pohjoispuolella sijaitsevan kalaravintolan laajennus tulisi vaatimaan 300 uutta autopaikkaa. Ent\u00e4 sitten itse huvipuisto?<\/p>\n<p>Hietasaari-tilaisuudessa esiteltiin vaihtoehtosuunnitelma, joka tullaan esitt\u00e4m\u00e4\u00e4n virkamiehille ja p\u00e4\u00e4tt\u00e4jille. Suunnitelmassa oli paljon uusia, raikkaita ideoita. Suunnitelmassa korostettiin Hietasaaren perinteisi\u00e4 luontoarvoja ja maalaismaisuutta. Minun k\u00e4sitykseni onkin, ett\u00e4 juuri t\u00e4llaiset arvot ovat halutuinta matkailubisneksess\u00e4 juuri nyt. Luonnonrauha, hiljaisuus, luonnonmukaisuus\u2026 Hietasaaressa ne ovat viel\u00e4p\u00e4 v\u00e4litt\u00f6m\u00e4ss\u00e4 keskustan l\u00e4heisyydess\u00e4!<\/p>\n<p>Hietasaarta tulee kehitt\u00e4\u00e4 matkailullisesti. Nallikari on ihana paikka, minusta sinne voi lis\u00e4t\u00e4 pienimittakaavaista majoitustoimintaa. Parhaiten Hietasaari hy\u00f6dynnet\u00e4\u00e4n kaupunkilaisille ja matkailijoille niin, ett\u00e4 sen luonto valjastetaan k\u00e4ytt\u00f6\u00f6n, ei jyr\u00e4t\u00e4 parkkipaikaksi. Huvipuiston tilalle voisi tulla esimerkiksi kotiel\u00e4inpuisto ja luontopolkuja. Rantaan yleinen sauna ja led-valoilla valaistu t\u00e4htienkatselupaikka. Ja tietenkin jo nyt suosittua palstaviljely\u00e4 voisi laajentaa. Kerran viikossa Hietasaaressa voisi pit\u00e4\u00e4 l\u00e4hiruokamarkkinat. Minulle, uuden sukupolven kaupungissa ja huvipuistoissa varttuneelle matkailijalle, jolle maatilalla k\u00e4yntikin on el\u00e4mys, se olisi paljon houkuttelevampi matkakohde kuin j\u00e4ttim\u00e4inen Kalevalapuisto\u2026<\/p>\n<p>Hietasaaressa on aina ollut asumista. Minusta my\u00f6s sit\u00e4 voisi lis\u00e4t\u00e4 sinne maltillisesti. Niin ett\u00e4 useammalla ihmisell\u00e4 olisi\u00a0 mahdollista nauttia t\u00e4st\u00e4 upeasta saaresta aivan keskustan palveluiden l\u00e4hell\u00e4. T\u00e4yteen sit\u00e4 ei kannata rakentaa, sill\u00e4 tilaa t\u00e4ydennysrakentamiselle on l\u00e4hell\u00e4 keskustaa vaikka kuinka paljon.<\/p>\n<p>Kuva1:\u00a0http:\/\/www.kaleva.fi\/uutiset\/oulu\/hietasaaren-huvipuistolle-halutaan-uusi-paikka\/603359\/<\/p>\n<p>Kuva2:\u00a0http:\/\/www.safa.fi\/fin\/kilpailut\/kilpailukalenteri\/?act=show&amp;CID=363&amp;Class=2&amp;Type=4<\/p>\n<p><a href=\"http:\/\/hietasaari.wordpress.com\/2012\/02\/25\/kansalainen-puhuu-kuuleeko-kukaan\/\">Hietasaaren palstaviljelij\u00e4t ry<\/a><\/p>\n","protected":false},"excerpt":{"rendered":"<p>Olin viime lauantaina Hietasaaren palstaviljelij\u00f6iden ja Pro Hietasaari -liikkeen tapahtumassa \u201dKiiret\u00f6n, kaunis Hietasaari\u201d.\u00a0 Alueen asukkaat ja siell\u00e4 kasvimaata pit\u00e4v\u00e4t kaupunkilaiset [&hellip;]<\/p>\n","protected":false},"author":2,"featured_media":0,"comment_status":"open","ping_status":"open","sticky":false,"template":"","format":"standard","meta":{"_monsterinsights_skip_tracking":false,"_monsterinsights_sitenote_active":false,"_monsterinsights_sitenote_note":"","_monsterinsights_sitenote_category":0,"site-sidebar-layout":"default","site-content-layout":"","ast-site-content-layout":"default","site-content-style":"default","site-sidebar-style":"default","ast-global-header-display":"","ast-banner-title-visibility":"","ast-main-header-display":"","ast-hfb-above-header-display":"","ast-hfb-below-header-display":"","ast-hfb-mobile-header-display":"","site-post-title":"","ast-breadcrumbs-content":"","ast-featured-img":"","footer-sml-layout":"","ast-disable-related-posts":"","theme-transparent-header-meta":"","adv-header-id-meta":"","stick-header-meta":"","header-above-stick-meta":"","header-main-stick-meta":"","header-below-stick-meta":"","astra-migrate-meta-layouts":"default","ast-page-background-enabled":"default","ast-page-background-meta":{"desktop":{"background-color":"var(--ast-global-color-5)","background-image":"","background-repeat":"repeat","background-position":"center center","background-size":"auto","background-attachment":"scroll","background-type":"","background-media":"","overlay-type":"","overlay-color":"","overlay-opacity":"","overlay-gradient":""},"tablet":{"background-color":"","background-image":"","background-repeat":"repeat","background-position":"center center","background-size":"auto","background-attachment":"scroll","background-type":"","background-media":"","overlay-type":"","overlay-color":"","overlay-opacity":"","overlay-gradient":""},"mobile":{"background-color":"","background-image":"","background-repeat":"repeat","background-position":"center center","background-size":"auto","background-attachment":"scroll","background-type":"","background-media":"","overlay-type":"","overlay-color":"","overlay-opacity":"","overlay-gradient":""}},"ast-content-background-meta":{"desktop":{"background-color":"var(--ast-global-color-4)","background-image":"","background-repeat":"repeat","background-position":"center center","background-size":"auto","background-attachment":"scroll","background-type":"","background-media":"","overlay-type":"","overlay-color":"","overlay-opacity":"","overlay-gradient":""},"tablet":{"background-color":"var(--ast-global-color-4)","background-image":"","background-repeat":"repeat","background-position":"center center","background-size":"auto","background-attachment":"scroll","background-type":"","background-media":"","overlay-type":"","overlay-color":"","overlay-opacity":"","overlay-gradient":""},"mobile":{"background-color":"var(--ast-global-color-4)","background-image":"","background-repeat":"repeat","background-position":"center center","background-size":"auto","background-attachment":"scroll","background-type":"","background-media":"","overlay-type":"","overlay-color":"","overlay-opacity":"","overlay-gradient":""}},"footnotes":""},"categories":[2],"tags":[10,11,12,13,14,15],"class_list":["post-269","post","type-post","status-publish","format-standard","hentry","category-blogi","tag-elamysmatkailu","tag-hietasaari","tag-huvipuisto","tag-kotielainpuisto","tag-luonnonrauha","tag-matkailu"],"yoast_head":"<!-- This site is optimized with the Yoast SEO plugin v27.5 - https:\/\/yoast.com\/product\/yoast-seo-wordpress\/ -->\n<title>Hietasaaresta matkailuparatiisi \u2013 pienemm\u00e4ll\u00e4 volyymill\u00e4. - Jenni Pitko - Vihreiden varapuheenjohtaja, ymp\u00e4rist\u00f6valiokunnan puheenjohtaja, kansanedustaja ja arkkitehti Oulusta<\/title>\n<meta name=\"robots\" content=\"index, follow, max-snippet:-1, max-image-preview:large, max-video-preview:-1\" \/>\n<link rel=\"canonical\" href=\"https:\/\/jennipitko.fi\/koti\/hietasaaresta-matkailuparatiisi-pienemmalla-volyymilla\/\" \/>\n<meta property=\"og:locale\" content=\"fi_FI\" \/>\n<meta property=\"og:type\" content=\"article\" \/>\n<meta property=\"og:title\" content=\"Hietasaaresta matkailuparatiisi \u2013 pienemm\u00e4ll\u00e4 volyymill\u00e4. - Jenni Pitko - Vihreiden varapuheenjohtaja, ymp\u00e4rist\u00f6valiokunnan puheenjohtaja, kansanedustaja ja arkkitehti Oulusta\" \/>\n<meta property=\"og:description\" content=\"Olin viime lauantaina Hietasaaren palstaviljelij\u00f6iden ja Pro Hietasaari -liikkeen tapahtumassa \u201dKiiret\u00f6n, kaunis Hietasaari\u201d.\u00a0 Alueen asukkaat ja siell\u00e4 kasvimaata pit\u00e4v\u00e4t kaupunkilaiset [&hellip;]\" \/>\n<meta property=\"og:url\" content=\"https:\/\/jennipitko.fi\/koti\/hietasaaresta-matkailuparatiisi-pienemmalla-volyymilla\/\" \/>\n<meta property=\"og:site_name\" content=\"Jenni Pitko - Vihreiden varapuheenjohtaja, ymp\u00e4rist\u00f6valiokunnan puheenjohtaja, kansanedustaja ja arkkitehti Oulusta\" \/>\n<meta property=\"article:published_time\" content=\"2012-09-18T16:30:57+00:00\" \/>\n<meta property=\"article:modified_time\" content=\"2014-12-30T14:59:00+00:00\" \/>\n<meta property=\"og:image\" content=\"http:\/\/kuvat.kaleva.fi\/default\/b9c750b4-ebb9-11e1-ab6b-12313b053908\/large-Huvipuistosuunnitelma%20julki.jpg\" \/>\n<meta name=\"author\" content=\"Jenni\" \/>\n<meta name=\"twitter:card\" content=\"summary_large_image\" \/>\n<meta name=\"twitter:label1\" content=\"Kirjoittanut\" \/>\n\t<meta name=\"twitter:data1\" content=\"Jenni\" \/>\n\t<meta name=\"twitter:label2\" content=\"Arvioitu lukuaika\" \/>\n\t<meta name=\"twitter:data2\" content=\"2 minuuttia\" \/>\n<script type=\"application\/ld+json\" class=\"yoast-schema-graph\">{\"@context\":\"https:\\\/\\\/schema.org\",\"@graph\":[{\"@type\":\"Article\",\"@id\":\"https:\\\/\\\/jennipitko.fi\\\/koti\\\/hietasaaresta-matkailuparatiisi-pienemmalla-volyymilla\\\/#article\",\"isPartOf\":{\"@id\":\"https:\\\/\\\/jennipitko.fi\\\/koti\\\/hietasaaresta-matkailuparatiisi-pienemmalla-volyymilla\\\/\"},\"author\":{\"name\":\"Jenni\",\"@id\":\"https:\\\/\\\/jennipitko.fi\\\/koti\\\/#\\\/schema\\\/person\\\/3f242bfe958144234373266ea416e4d6\"},\"headline\":\"Hietasaaresta matkailuparatiisi \u2013 pienemm\u00e4ll\u00e4 volyymill\u00e4.\",\"datePublished\":\"2012-09-18T16:30:57+00:00\",\"dateModified\":\"2014-12-30T14:59:00+00:00\",\"mainEntityOfPage\":{\"@id\":\"https:\\\/\\\/jennipitko.fi\\\/koti\\\/hietasaaresta-matkailuparatiisi-pienemmalla-volyymilla\\\/\"},\"wordCount\":392,\"commentCount\":1,\"publisher\":{\"@id\":\"https:\\\/\\\/jennipitko.fi\\\/koti\\\/#organization\"},\"image\":{\"@id\":\"https:\\\/\\\/jennipitko.fi\\\/koti\\\/hietasaaresta-matkailuparatiisi-pienemmalla-volyymilla\\\/#primaryimage\"},\"thumbnailUrl\":\"http:\\\/\\\/kuvat.kaleva.fi\\\/default\\\/b9c750b4-ebb9-11e1-ab6b-12313b053908\\\/large-Huvipuistosuunnitelma%20julki.jpg\",\"keywords\":[\"el\u00e4mysmatkailu\",\"Hietasaari\",\"huvipuisto\",\"kotiel\u00e4inpuisto\",\"luonnonrauha\",\"matkailu\"],\"articleSection\":[\"Blogi\"],\"inLanguage\":\"fi\",\"potentialAction\":[{\"@type\":\"CommentAction\",\"name\":\"Comment\",\"target\":[\"https:\\\/\\\/jennipitko.fi\\\/koti\\\/hietasaaresta-matkailuparatiisi-pienemmalla-volyymilla\\\/#respond\"]}]},{\"@type\":\"WebPage\",\"@id\":\"https:\\\/\\\/jennipitko.fi\\\/koti\\\/hietasaaresta-matkailuparatiisi-pienemmalla-volyymilla\\\/\",\"url\":\"https:\\\/\\\/jennipitko.fi\\\/koti\\\/hietasaaresta-matkailuparatiisi-pienemmalla-volyymilla\\\/\",\"name\":\"Hietasaaresta matkailuparatiisi \u2013 pienemm\u00e4ll\u00e4 volyymill\u00e4. - Jenni Pitko - Vihreiden varapuheenjohtaja, ymp\u00e4rist\u00f6valiokunnan puheenjohtaja, kansanedustaja ja arkkitehti Oulusta\",\"isPartOf\":{\"@id\":\"https:\\\/\\\/jennipitko.fi\\\/koti\\\/#website\"},\"primaryImageOfPage\":{\"@id\":\"https:\\\/\\\/jennipitko.fi\\\/koti\\\/hietasaaresta-matkailuparatiisi-pienemmalla-volyymilla\\\/#primaryimage\"},\"image\":{\"@id\":\"https:\\\/\\\/jennipitko.fi\\\/koti\\\/hietasaaresta-matkailuparatiisi-pienemmalla-volyymilla\\\/#primaryimage\"},\"thumbnailUrl\":\"http:\\\/\\\/kuvat.kaleva.fi\\\/default\\\/b9c750b4-ebb9-11e1-ab6b-12313b053908\\\/large-Huvipuistosuunnitelma%20julki.jpg\",\"datePublished\":\"2012-09-18T16:30:57+00:00\",\"dateModified\":\"2014-12-30T14:59:00+00:00\",\"breadcrumb\":{\"@id\":\"https:\\\/\\\/jennipitko.fi\\\/koti\\\/hietasaaresta-matkailuparatiisi-pienemmalla-volyymilla\\\/#breadcrumb\"},\"inLanguage\":\"fi\",\"potentialAction\":[{\"@type\":\"ReadAction\",\"target\":[\"https:\\\/\\\/jennipitko.fi\\\/koti\\\/hietasaaresta-matkailuparatiisi-pienemmalla-volyymilla\\\/\"]}]},{\"@type\":\"ImageObject\",\"inLanguage\":\"fi\",\"@id\":\"https:\\\/\\\/jennipitko.fi\\\/koti\\\/hietasaaresta-matkailuparatiisi-pienemmalla-volyymilla\\\/#primaryimage\",\"url\":\"http:\\\/\\\/kuvat.kaleva.fi\\\/default\\\/b9c750b4-ebb9-11e1-ab6b-12313b053908\\\/large-Huvipuistosuunnitelma%20julki.jpg\",\"contentUrl\":\"http:\\\/\\\/kuvat.kaleva.fi\\\/default\\\/b9c750b4-ebb9-11e1-ab6b-12313b053908\\\/large-Huvipuistosuunnitelma%20julki.jpg\"},{\"@type\":\"BreadcrumbList\",\"@id\":\"https:\\\/\\\/jennipitko.fi\\\/koti\\\/hietasaaresta-matkailuparatiisi-pienemmalla-volyymilla\\\/#breadcrumb\",\"itemListElement\":[{\"@type\":\"ListItem\",\"position\":1,\"name\":\"Home\",\"item\":\"https:\\\/\\\/jennipitko.fi\\\/koti\\\/\"},{\"@type\":\"ListItem\",\"position\":2,\"name\":\"Hietasaaresta matkailuparatiisi \u2013 pienemm\u00e4ll\u00e4 volyymill\u00e4.\"}]},{\"@type\":\"WebSite\",\"@id\":\"https:\\\/\\\/jennipitko.fi\\\/koti\\\/#website\",\"url\":\"https:\\\/\\\/jennipitko.fi\\\/koti\\\/\",\"name\":\"Jenni Pitko - Vihreiden varapuheenjohtaja, ymp\u00e4rist\u00f6valiokunnan puheenjohtaja, kansanedustaja ja arkkitehti Oulusta\",\"description\":\"Jenni Pitko - Vihreiden varapuheenjohtaja, ymp\u00e4rist\u00f6valiokunnan puheenjohtaja, kansanedustaja ja arkkitehti Oulusta\",\"publisher\":{\"@id\":\"https:\\\/\\\/jennipitko.fi\\\/koti\\\/#organization\"},\"potentialAction\":[{\"@type\":\"SearchAction\",\"target\":{\"@type\":\"EntryPoint\",\"urlTemplate\":\"https:\\\/\\\/jennipitko.fi\\\/koti\\\/?s={search_term_string}\"},\"query-input\":{\"@type\":\"PropertyValueSpecification\",\"valueRequired\":true,\"valueName\":\"search_term_string\"}}],\"inLanguage\":\"fi\"},{\"@type\":\"Organization\",\"@id\":\"https:\\\/\\\/jennipitko.fi\\\/koti\\\/#organization\",\"name\":\"Jenni Pitko - Vihreiden varapuheenjohtaja, ymp\u00e4rist\u00f6valiokunnan puheenjohtaja, kansanedustaja ja arkkitehti Oulusta\",\"url\":\"https:\\\/\\\/jennipitko.fi\\\/koti\\\/\",\"logo\":{\"@type\":\"ImageObject\",\"inLanguage\":\"fi\",\"@id\":\"https:\\\/\\\/jennipitko.fi\\\/koti\\\/#\\\/schema\\\/logo\\\/image\\\/\",\"url\":\"https:\\\/\\\/jennipitko.fi\\\/koti\\\/wp-content\\\/uploads\\\/2025\\\/09\\\/Nimeton-malli-38.png\",\"contentUrl\":\"https:\\\/\\\/jennipitko.fi\\\/koti\\\/wp-content\\\/uploads\\\/2025\\\/09\\\/Nimeton-malli-38.png\",\"width\":1280,\"height\":847,\"caption\":\"Jenni Pitko - Vihreiden varapuheenjohtaja, ymp\u00e4rist\u00f6valiokunnan puheenjohtaja, kansanedustaja ja arkkitehti Oulusta\"},\"image\":{\"@id\":\"https:\\\/\\\/jennipitko.fi\\\/koti\\\/#\\\/schema\\\/logo\\\/image\\\/\"}},{\"@type\":\"Person\",\"@id\":\"https:\\\/\\\/jennipitko.fi\\\/koti\\\/#\\\/schema\\\/person\\\/3f242bfe958144234373266ea416e4d6\",\"name\":\"Jenni\",\"image\":{\"@type\":\"ImageObject\",\"inLanguage\":\"fi\",\"@id\":\"https:\\\/\\\/secure.gravatar.com\\\/avatar\\\/469343e1290c3e818159b4a4348708c09929f07a2f460e664497d6fb92f80743?s=96&d=blank&r=g\",\"url\":\"https:\\\/\\\/secure.gravatar.com\\\/avatar\\\/469343e1290c3e818159b4a4348708c09929f07a2f460e664497d6fb92f80743?s=96&d=blank&r=g\",\"contentUrl\":\"https:\\\/\\\/secure.gravatar.com\\\/avatar\\\/469343e1290c3e818159b4a4348708c09929f07a2f460e664497d6fb92f80743?s=96&d=blank&r=g\",\"caption\":\"Jenni\"},\"url\":\"https:\\\/\\\/jennipitko.fi\\\/koti\\\/author\\\/jenni-pitko\\\/\"}]}<\/script>\n<!-- \/ Yoast SEO plugin. -->","yoast_head_json":{"title":"Hietasaaresta matkailuparatiisi \u2013 pienemm\u00e4ll\u00e4 volyymill\u00e4. - Jenni Pitko - Vihreiden varapuheenjohtaja, ymp\u00e4rist\u00f6valiokunnan puheenjohtaja, kansanedustaja ja arkkitehti Oulusta","robots":{"index":"index","follow":"follow","max-snippet":"max-snippet:-1","max-image-preview":"max-image-preview:large","max-video-preview":"max-video-preview:-1"},"canonical":"https:\/\/jennipitko.fi\/koti\/hietasaaresta-matkailuparatiisi-pienemmalla-volyymilla\/","og_locale":"fi_FI","og_type":"article","og_title":"Hietasaaresta matkailuparatiisi \u2013 pienemm\u00e4ll\u00e4 volyymill\u00e4. - Jenni Pitko - Vihreiden varapuheenjohtaja, ymp\u00e4rist\u00f6valiokunnan puheenjohtaja, kansanedustaja ja arkkitehti Oulusta","og_description":"Olin viime lauantaina Hietasaaren palstaviljelij\u00f6iden ja Pro Hietasaari -liikkeen tapahtumassa \u201dKiiret\u00f6n, kaunis Hietasaari\u201d.\u00a0 Alueen asukkaat ja siell\u00e4 kasvimaata pit\u00e4v\u00e4t kaupunkilaiset [&hellip;]","og_url":"https:\/\/jennipitko.fi\/koti\/hietasaaresta-matkailuparatiisi-pienemmalla-volyymilla\/","og_site_name":"Jenni Pitko - Vihreiden varapuheenjohtaja, ymp\u00e4rist\u00f6valiokunnan puheenjohtaja, kansanedustaja ja arkkitehti Oulusta","article_published_time":"2012-09-18T16:30:57+00:00","article_modified_time":"2014-12-30T14:59:00+00:00","og_image":[{"url":"http:\/\/kuvat.kaleva.fi\/default\/b9c750b4-ebb9-11e1-ab6b-12313b053908\/large-Huvipuistosuunnitelma%20julki.jpg","type":"","width":"","height":""}],"author":"Jenni","twitter_card":"summary_large_image","twitter_misc":{"Kirjoittanut":"Jenni","Arvioitu lukuaika":"2 minuuttia"},"schema":{"@context":"https:\/\/schema.org","@graph":[{"@type":"Article","@id":"https:\/\/jennipitko.fi\/koti\/hietasaaresta-matkailuparatiisi-pienemmalla-volyymilla\/#article","isPartOf":{"@id":"https:\/\/jennipitko.fi\/koti\/hietasaaresta-matkailuparatiisi-pienemmalla-volyymilla\/"},"author":{"name":"Jenni","@id":"https:\/\/jennipitko.fi\/koti\/#\/schema\/person\/3f242bfe958144234373266ea416e4d6"},"headline":"Hietasaaresta matkailuparatiisi \u2013 pienemm\u00e4ll\u00e4 volyymill\u00e4.","datePublished":"2012-09-18T16:30:57+00:00","dateModified":"2014-12-30T14:59:00+00:00","mainEntityOfPage":{"@id":"https:\/\/jennipitko.fi\/koti\/hietasaaresta-matkailuparatiisi-pienemmalla-volyymilla\/"},"wordCount":392,"commentCount":1,"publisher":{"@id":"https:\/\/jennipitko.fi\/koti\/#organization"},"image":{"@id":"https:\/\/jennipitko.fi\/koti\/hietasaaresta-matkailuparatiisi-pienemmalla-volyymilla\/#primaryimage"},"thumbnailUrl":"http:\/\/kuvat.kaleva.fi\/default\/b9c750b4-ebb9-11e1-ab6b-12313b053908\/large-Huvipuistosuunnitelma%20julki.jpg","keywords":["el\u00e4mysmatkailu","Hietasaari","huvipuisto","kotiel\u00e4inpuisto","luonnonrauha","matkailu"],"articleSection":["Blogi"],"inLanguage":"fi","potentialAction":[{"@type":"CommentAction","name":"Comment","target":["https:\/\/jennipitko.fi\/koti\/hietasaaresta-matkailuparatiisi-pienemmalla-volyymilla\/#respond"]}]},{"@type":"WebPage","@id":"https:\/\/jennipitko.fi\/koti\/hietasaaresta-matkailuparatiisi-pienemmalla-volyymilla\/","url":"https:\/\/jennipitko.fi\/koti\/hietasaaresta-matkailuparatiisi-pienemmalla-volyymilla\/","name":"Hietasaaresta matkailuparatiisi \u2013 pienemm\u00e4ll\u00e4 volyymill\u00e4. - Jenni Pitko - Vihreiden varapuheenjohtaja, ymp\u00e4rist\u00f6valiokunnan puheenjohtaja, kansanedustaja ja arkkitehti Oulusta","isPartOf":{"@id":"https:\/\/jennipitko.fi\/koti\/#website"},"primaryImageOfPage":{"@id":"https:\/\/jennipitko.fi\/koti\/hietasaaresta-matkailuparatiisi-pienemmalla-volyymilla\/#primaryimage"},"image":{"@id":"https:\/\/jennipitko.fi\/koti\/hietasaaresta-matkailuparatiisi-pienemmalla-volyymilla\/#primaryimage"},"thumbnailUrl":"http:\/\/kuvat.kaleva.fi\/default\/b9c750b4-ebb9-11e1-ab6b-12313b053908\/large-Huvipuistosuunnitelma%20julki.jpg","datePublished":"2012-09-18T16:30:57+00:00","dateModified":"2014-12-30T14:59:00+00:00","breadcrumb":{"@id":"https:\/\/jennipitko.fi\/koti\/hietasaaresta-matkailuparatiisi-pienemmalla-volyymilla\/#breadcrumb"},"inLanguage":"fi","potentialAction":[{"@type":"ReadAction","target":["https:\/\/jennipitko.fi\/koti\/hietasaaresta-matkailuparatiisi-pienemmalla-volyymilla\/"]}]},{"@type":"ImageObject","inLanguage":"fi","@id":"https:\/\/jennipitko.fi\/koti\/hietasaaresta-matkailuparatiisi-pienemmalla-volyymilla\/#primaryimage","url":"http:\/\/kuvat.kaleva.fi\/default\/b9c750b4-ebb9-11e1-ab6b-12313b053908\/large-Huvipuistosuunnitelma%20julki.jpg","contentUrl":"http:\/\/kuvat.kaleva.fi\/default\/b9c750b4-ebb9-11e1-ab6b-12313b053908\/large-Huvipuistosuunnitelma%20julki.jpg"},{"@type":"BreadcrumbList","@id":"https:\/\/jennipitko.fi\/koti\/hietasaaresta-matkailuparatiisi-pienemmalla-volyymilla\/#breadcrumb","itemListElement":[{"@type":"ListItem","position":1,"name":"Home","item":"https:\/\/jennipitko.fi\/koti\/"},{"@type":"ListItem","position":2,"name":"Hietasaaresta matkailuparatiisi \u2013 pienemm\u00e4ll\u00e4 volyymill\u00e4."}]},{"@type":"WebSite","@id":"https:\/\/jennipitko.fi\/koti\/#website","url":"https:\/\/jennipitko.fi\/koti\/","name":"Jenni Pitko - Vihreiden varapuheenjohtaja, ymp\u00e4rist\u00f6valiokunnan puheenjohtaja, kansanedustaja ja arkkitehti Oulusta","description":"Jenni Pitko - Vihreiden varapuheenjohtaja, ymp\u00e4rist\u00f6valiokunnan puheenjohtaja, kansanedustaja ja arkkitehti Oulusta","publisher":{"@id":"https:\/\/jennipitko.fi\/koti\/#organization"},"potentialAction":[{"@type":"SearchAction","target":{"@type":"EntryPoint","urlTemplate":"https:\/\/jennipitko.fi\/koti\/?s={search_term_string}"},"query-input":{"@type":"PropertyValueSpecification","valueRequired":true,"valueName":"search_term_string"}}],"inLanguage":"fi"},{"@type":"Organization","@id":"https:\/\/jennipitko.fi\/koti\/#organization","name":"Jenni Pitko - Vihreiden varapuheenjohtaja, ymp\u00e4rist\u00f6valiokunnan puheenjohtaja, kansanedustaja ja arkkitehti Oulusta","url":"https:\/\/jennipitko.fi\/koti\/","logo":{"@type":"ImageObject","inLanguage":"fi","@id":"https:\/\/jennipitko.fi\/koti\/#\/schema\/logo\/image\/","url":"https:\/\/jennipitko.fi\/koti\/wp-content\/uploads\/2025\/09\/Nimeton-malli-38.png","contentUrl":"https:\/\/jennipitko.fi\/koti\/wp-content\/uploads\/2025\/09\/Nimeton-malli-38.png","width":1280,"height":847,"caption":"Jenni Pitko - Vihreiden varapuheenjohtaja, ymp\u00e4rist\u00f6valiokunnan puheenjohtaja, kansanedustaja ja arkkitehti Oulusta"},"image":{"@id":"https:\/\/jennipitko.fi\/koti\/#\/schema\/logo\/image\/"}},{"@type":"Person","@id":"https:\/\/jennipitko.fi\/koti\/#\/schema\/person\/3f242bfe958144234373266ea416e4d6","name":"Jenni","image":{"@type":"ImageObject","inLanguage":"fi","@id":"https:\/\/secure.gravatar.com\/avatar\/469343e1290c3e818159b4a4348708c09929f07a2f460e664497d6fb92f80743?s=96&d=blank&r=g","url":"https:\/\/secure.gravatar.com\/avatar\/469343e1290c3e818159b4a4348708c09929f07a2f460e664497d6fb92f80743?s=96&d=blank&r=g","contentUrl":"https:\/\/secure.gravatar.com\/avatar\/469343e1290c3e818159b4a4348708c09929f07a2f460e664497d6fb92f80743?s=96&d=blank&r=g","caption":"Jenni"},"url":"https:\/\/jennipitko.fi\/koti\/author\/jenni-pitko\/"}]}},"_links":{"self":[{"href":"https:\/\/jennipitko.fi\/koti\/wp-json\/wp\/v2\/posts\/269","targetHints":{"allow":["GET"]}}],"collection":[{"href":"https:\/\/jennipitko.fi\/koti\/wp-json\/wp\/v2\/posts"}],"about":[{"href":"https:\/\/jennipitko.fi\/koti\/wp-json\/wp\/v2\/types\/post"}],"author":[{"embeddable":true,"href":"https:\/\/jennipitko.fi\/koti\/wp-json\/wp\/v2\/users\/2"}],"replies":[{"embeddable":true,"href":"https:\/\/jennipitko.fi\/koti\/wp-json\/wp\/v2\/comments?post=269"}],"version-history":[{"count":1,"href":"https:\/\/jennipitko.fi\/koti\/wp-json\/wp\/v2\/posts\/269\/revisions"}],"predecessor-version":[{"id":776,"href":"https:\/\/jennipitko.fi\/koti\/wp-json\/wp\/v2\/posts\/269\/revisions\/776"}],"wp:attachment":[{"href":"https:\/\/jennipitko.fi\/koti\/wp-json\/wp\/v2\/media?parent=269"}],"wp:term":[{"taxonomy":"category","embeddable":true,"href":"https:\/\/jennipitko.fi\/koti\/wp-json\/wp\/v2\/categories?post=269"},{"taxonomy":"post_tag","embeddable":true,"href":"https:\/\/jennipitko.fi\/koti\/wp-json\/wp\/v2\/tags?post=269"}],"curies":[{"name":"wp","href":"https:\/\/api.w.org\/{rel}","templated":true}]}}