{"id":2700,"date":"2023-01-24T14:54:11","date_gmt":"2023-01-24T12:54:11","guid":{"rendered":"https:\/\/jennipitko.fi\/koti\/?p=2700"},"modified":"2023-01-24T14:54:12","modified_gmt":"2023-01-24T12:54:12","slug":"metsahallituksen-on-jatettava-aalistunturin-metsat-rauhaan","status":"publish","type":"post","link":"https:\/\/jennipitko.fi\/koti\/metsahallituksen-on-jatettava-aalistunturin-metsat-rauhaan\/","title":{"rendered":"Mets\u00e4hallituksen on j\u00e4tett\u00e4v\u00e4 Aalistunturin mets\u00e4t rauhaan"},"content":{"rendered":"\n<p><em>Aalistunturin hakkuut on taas yksi h\u00e4pe\u00e4llinen luku Suomen mets\u00e4nhoidon ja luontopolitiikan historiassa. Luontokadon pys\u00e4ytt\u00e4minen vaatii sit\u00e4, ett\u00e4 luonto asetetaan etusijalle nykyist\u00e4 paremmin. Nuoret mielenosoittajat ovat leiriytyneet Aalistunturille ja meid\u00e4n kaikkien suomalaisten p\u00e4\u00e4tt\u00e4jien olisi syyt\u00e4 kuunnella heid\u00e4n viestins\u00e4, sill\u00e4 luontokadossa on kyse aivan erityisesti heid\u00e4n tulevaisuudestaan.<\/em><\/p>\n\n\n\n<p>Aalistunturin esitetylle kansallispuistolle on hyv\u00e4t perusteet. Vaikka Lapissa on paljon suojeltua mets\u00e4\u00e4, l\u00e4ntisen Lapin alueella suojelua tarvitaan lis\u00e4\u00e4. L\u00e4nsi-Lapin alueella ei ole yht\u00e4\u00e4n kansallispuistoa ja n\u00e4in ollen L\u00e4nsi-Lapin omaleimainen luonto ei ole kansallispuistoverkostossa edustettuna lainkaan. Vaikka itse Aalistunturi on suojeltu alue, l\u00e4hialue on t\u00e4ynn\u00e4 mets\u00e4nk\u00e4ytt\u00f6ilmoituksia. Toteutuessaan hakkuut pirstaloisivat alueen arvokasta luontoa ja irrottaisivat luonnon monimuotoisuuden kannalta t\u00e4rke\u00e4t alueet toisistaan.<\/p>\n\n\n\n<p>Aalistunturin alueella on jo aiempina vuosina tehty hakkuita. Jotta t\u00e4rke\u00e4t kohteet s\u00e4ilyisiv\u00e4t ja alueen luonto saisi sille kuuluvan rauhan ja arvostuksen, se pit\u00e4isi rauhoittaa hakkuilta ja suojella laajana, yhten\u00e4isen\u00e4 alueena. T\u00e4m\u00e4 mahdollistaisi luonnon tilan kohenemisen ja ekologisen palautumisen k\u00e4ynnistymisen. Valitettavasti nykytila on t\u00e4ysin p\u00e4invastainen. Kansallispuistoaloitteen j\u00e4lkeen Mets\u00e4hallitus on k\u00e4ynnist\u00e4nyt alueella hakkuita ja mets\u00e4n k\u00e4sittely\u00e4 on lis\u00e4tty.<\/p>\n\n\n\n<p>Kun kuulin hakkuista ensimm\u00e4isen kerran vuonna 2021 kun kansallispuistoesitys oli tehty, olin suoraan sanottuna j\u00e4rkyttynyt. Kirjoitin asiasta Lapin kansaan (20.9.2021) ja sain siihen Mets\u00e4hallituksen paikalliselta johtajalta vastauksen, jossa tuotiin esille, ett\u00e4 hakkuut eiv\u00e4t koske suojeltuja alueita eik\u00e4 p\u00e4\u00e4osin vanhoja metsi\u00e4. Siin\u00e4, eik\u00e4 my\u00f6hemmink\u00e4\u00e4n Mets\u00e4hallituksen ulostuloissa ole voitu my\u00f6nt\u00e4\u00e4 sit\u00e4 tosiasiasaa, ett\u00e4 nyt teht\u00e4v\u00e4t hakkuut tulevat heikent\u00e4m\u00e4\u00e4n alueen my\u00f6hemp\u00e4\u00e4 suojelua ja v\u00e4hent\u00e4v\u00e4t mahdollisuutta perustaa alueelle kansallispuisto. Ei ihme, ett\u00e4 soppa on syntynyt kun Mets\u00e4jallitus ei suostu keskustelemaan itse asiasta.<br><\/p>\n\n\n\n<p>T\u00e4llainen toiminta aiheuttaa ymm\u00e4rrett\u00e4v\u00e4sti ep\u00e4oikeudenmukaisuuden kokemuksen. Aalistunturin luontoa puolustamaan on noussutkin aktivistien joukko, joka on pyrkinyt rauhanomaisin keinoin est\u00e4m\u00e4\u00e4n hakkuiden suorittamista. Aalistunturilla asialla on paljon nuoria, kuten usein muulloinkin liikkeiss\u00e4, jotka pyrkiv\u00e4t est\u00e4m\u00e4\u00e4n luonnon tuhoa ja her\u00e4tt\u00e4m\u00e4\u00e4n yhteiskuntaa k\u00e4ynniss\u00e4 oleviin ekokatastrofeihin.&nbsp;<\/p>\n\n\n\n<p>Sek\u00e4 kansainv\u00e4lisesti ett\u00e4 Suomessa lukuisat rohkeat nuoret laittavat itsens\u00e4 likoon, koska ovat syv\u00e4sti huolissaan maailman ja sen luonnon tilasta. Aalistunturin suojeluun pyrkiv\u00e4ll\u00e4 aktivismilla on my\u00f6s laajempi yhteiskunnallinen viesti: luontokato on tosiasia ja sen pys\u00e4ytt\u00e4minen on viimein aika ottaa tosissaan. T\u00e4m\u00e4 viesti on totta ja se meid\u00e4n kaikkien suomalaisten t\u00e4ytyy omaksua.&nbsp;<\/p>\n\n\n\n<p>Aalistunturin puolustajat muistuttavat, ett\u00e4 luontokadon torjunta t\u00e4ytyy aloittaa valtion metsist\u00e4. En voisi olla enemp\u00e4\u00e4 samaa mielt\u00e4. On t\u00e4ysin kest\u00e4m\u00e4t\u00f6nt\u00e4, ett\u00e4 valtion omistama yritys tekee edelleen hakkuita arvokkailla kohteilla ja aivan liian usein mets\u00e4koneen alle j\u00e4\u00e4 suojelun arvoisia kohteita, joiden arvoa ei ole edes tutkittu, saati tunnustettu. On eritt\u00e4in nurinkurista, ett\u00e4 valtio k\u00e4ytt\u00e4\u00e4 rahaa suojellakseen Etel\u00e4-Suomessa luontoa ja hakkaa v\u00e4hin \u00e4\u00e4nin samanarvoisia tai jopa arvokkaampia metsi\u00e4 pohjoisessa Suomessa. Suomi on ennen joulua sitoutunut Montrealin luontokokouksen tavoitteisiin, joiden mukaan luontoa tulee suojella ja ennallistaa merkitt\u00e4v\u00e4sti nykyist\u00e4 enemm\u00e4n.<\/p>\n\n\n\n<p>Nuorten harjoittama luontoaktivismi her\u00e4tt\u00e4\u00e4 paljon tunteita, mik\u00e4 on sin\u00e4ns\u00e4 ymm\u00e4rrett\u00e4v\u00e4\u00e4, sill\u00e4 asia on vakava. V\u00e4litt\u00f6mien reaktioiden l\u00e4pi tulee pysty\u00e4 kuitenkin n\u00e4kem\u00e4\u00e4n ja viesti maapallon h\u00e4d\u00e4st\u00e4 tulee ottaa vakavasti. Se on tulevaisuudesta huolissaan olevan nuoren sukupolven viesti. Se viesti on my\u00f6s puolueettomien tutkijoiden kirkkaasti todistama. Maapallon luonnon tila on h\u00e4lytt\u00e4v\u00e4 ja tarvitaan m\u00e4\u00e4r\u00e4tietoisia toimia, jotta vakavammat kriisit estet\u00e4\u00e4n.<\/p>\n","protected":false},"excerpt":{"rendered":"<p>Aalistunturin hakkuut on taas yksi h\u00e4pe\u00e4llinen luku Suomen mets\u00e4nhoidon ja luontopolitiikan historiassa. Luontokadon pys\u00e4ytt\u00e4minen vaatii sit\u00e4, ett\u00e4 luonto asetetaan etusijalle [&hellip;]<\/p>\n","protected":false},"author":1,"featured_media":0,"comment_status":"open","ping_status":"closed","sticky":false,"template":"","format":"standard","meta":{"_monsterinsights_skip_tracking":false,"_monsterinsights_sitenote_active":false,"_monsterinsights_sitenote_note":"","_monsterinsights_sitenote_category":0,"site-sidebar-layout":"default","site-content-layout":"","ast-site-content-layout":"default","site-content-style":"default","site-sidebar-style":"default","ast-global-header-display":"","ast-banner-title-visibility":"","ast-main-header-display":"","ast-hfb-above-header-display":"","ast-hfb-below-header-display":"","ast-hfb-mobile-header-display":"","site-post-title":"","ast-breadcrumbs-content":"","ast-featured-img":"","footer-sml-layout":"","ast-disable-related-posts":"","theme-transparent-header-meta":"","adv-header-id-meta":"","stick-header-meta":"","header-above-stick-meta":"","header-main-stick-meta":"","header-below-stick-meta":"","astra-migrate-meta-layouts":"default","ast-page-background-enabled":"default","ast-page-background-meta":{"desktop":{"background-color":"var(--ast-global-color-5)","background-image":"","background-repeat":"repeat","background-position":"center center","background-size":"auto","background-attachment":"scroll","background-type":"","background-media":"","overlay-type":"","overlay-color":"","overlay-opacity":"","overlay-gradient":""},"tablet":{"background-color":"","background-image":"","background-repeat":"repeat","background-position":"center center","background-size":"auto","background-attachment":"scroll","background-type":"","background-media":"","overlay-type":"","overlay-color":"","overlay-opacity":"","overlay-gradient":""},"mobile":{"background-color":"","background-image":"","background-repeat":"repeat","background-position":"center center","background-size":"auto","background-attachment":"scroll","background-type":"","background-media":"","overlay-type":"","overlay-color":"","overlay-opacity":"","overlay-gradient":""}},"ast-content-background-meta":{"desktop":{"background-color":"var(--ast-global-color-4)","background-image":"","background-repeat":"repeat","background-position":"center center","background-size":"auto","background-attachment":"scroll","background-type":"","background-media":"","overlay-type":"","overlay-color":"","overlay-opacity":"","overlay-gradient":""},"tablet":{"background-color":"var(--ast-global-color-4)","background-image":"","background-repeat":"repeat","background-position":"center center","background-size":"auto","background-attachment":"scroll","background-type":"","background-media":"","overlay-type":"","overlay-color":"","overlay-opacity":"","overlay-gradient":""},"mobile":{"background-color":"var(--ast-global-color-4)","background-image":"","background-repeat":"repeat","background-position":"center center","background-size":"auto","background-attachment":"scroll","background-type":"","background-media":"","overlay-type":"","overlay-color":"","overlay-opacity":"","overlay-gradient":""}},"footnotes":""},"categories":[2],"tags":[461,342,462,463,263,435],"class_list":["post-2700","post","type-post","status-publish","format-standard","hentry","category-blogi","tag-aalistunturi","tag-kansallispuisto","tag-lapin-luonto","tag-lappi","tag-luonto","tag-luontokato"],"yoast_head":"<!-- This site is optimized with the Yoast SEO plugin v27.5 - https:\/\/yoast.com\/product\/yoast-seo-wordpress\/ -->\n<title>Mets\u00e4hallituksen on j\u00e4tett\u00e4v\u00e4 Aalistunturin mets\u00e4t rauhaan - Jenni Pitko - Vihreiden varapuheenjohtaja, ymp\u00e4rist\u00f6valiokunnan puheenjohtaja, kansanedustaja ja arkkitehti Oulusta<\/title>\n<meta name=\"description\" content=\"Aalistunturin hakkuut on taas yksi h\u00e4pe\u00e4llinen luku Suomen mets\u00e4nhoidon ja luontopolitiikan historiassa. Luontokadon pys\u00e4ytt\u00e4minen vaatii sit\u00e4, ett\u00e4 luonto asetetaan etusijalle nykyist\u00e4 paremmin.\" \/>\n<meta name=\"robots\" content=\"index, follow, max-snippet:-1, max-image-preview:large, max-video-preview:-1\" \/>\n<link rel=\"canonical\" href=\"https:\/\/jennipitko.fi\/koti\/metsahallituksen-on-jatettava-aalistunturin-metsat-rauhaan\/\" \/>\n<meta property=\"og:locale\" content=\"fi_FI\" \/>\n<meta property=\"og:type\" content=\"article\" \/>\n<meta property=\"og:title\" content=\"Mets\u00e4hallituksen on j\u00e4tett\u00e4v\u00e4 Aalistunturin mets\u00e4t rauhaan - Jenni Pitko - Vihreiden varapuheenjohtaja, ymp\u00e4rist\u00f6valiokunnan puheenjohtaja, kansanedustaja ja arkkitehti Oulusta\" \/>\n<meta property=\"og:description\" content=\"Aalistunturin hakkuut on taas yksi h\u00e4pe\u00e4llinen luku Suomen mets\u00e4nhoidon ja luontopolitiikan historiassa. Luontokadon pys\u00e4ytt\u00e4minen vaatii sit\u00e4, ett\u00e4 luonto asetetaan etusijalle nykyist\u00e4 paremmin.\" \/>\n<meta property=\"og:url\" content=\"https:\/\/jennipitko.fi\/koti\/metsahallituksen-on-jatettava-aalistunturin-metsat-rauhaan\/\" \/>\n<meta property=\"og:site_name\" content=\"Jenni Pitko - Vihreiden varapuheenjohtaja, ymp\u00e4rist\u00f6valiokunnan puheenjohtaja, kansanedustaja ja arkkitehti Oulusta\" \/>\n<meta property=\"article:published_time\" content=\"2023-01-24T12:54:11+00:00\" \/>\n<meta property=\"article:modified_time\" content=\"2023-01-24T12:54:12+00:00\" \/>\n<meta name=\"author\" content=\"Jenni\" \/>\n<meta name=\"twitter:card\" content=\"summary_large_image\" \/>\n<meta name=\"twitter:label1\" content=\"Kirjoittanut\" \/>\n\t<meta name=\"twitter:data1\" content=\"Jenni\" \/>\n\t<meta name=\"twitter:label2\" content=\"Arvioitu lukuaika\" \/>\n\t<meta name=\"twitter:data2\" content=\"3 minuuttia\" \/>\n<script type=\"application\/ld+json\" class=\"yoast-schema-graph\">{\"@context\":\"https:\\\/\\\/schema.org\",\"@graph\":[{\"@type\":\"Article\",\"@id\":\"https:\\\/\\\/jennipitko.fi\\\/koti\\\/metsahallituksen-on-jatettava-aalistunturin-metsat-rauhaan\\\/#article\",\"isPartOf\":{\"@id\":\"https:\\\/\\\/jennipitko.fi\\\/koti\\\/metsahallituksen-on-jatettava-aalistunturin-metsat-rauhaan\\\/\"},\"author\":{\"name\":\"Jenni\",\"@id\":\"https:\\\/\\\/jennipitko.fi\\\/koti\\\/#\\\/schema\\\/person\\\/35955c467f851f10124809310e7e7ee8\"},\"headline\":\"Mets\u00e4hallituksen on j\u00e4tett\u00e4v\u00e4 Aalistunturin mets\u00e4t rauhaan\",\"datePublished\":\"2023-01-24T12:54:11+00:00\",\"dateModified\":\"2023-01-24T12:54:12+00:00\",\"mainEntityOfPage\":{\"@id\":\"https:\\\/\\\/jennipitko.fi\\\/koti\\\/metsahallituksen-on-jatettava-aalistunturin-metsat-rauhaan\\\/\"},\"wordCount\":592,\"commentCount\":0,\"publisher\":{\"@id\":\"https:\\\/\\\/jennipitko.fi\\\/koti\\\/#organization\"},\"keywords\":[\"aalistunturi\",\"kansallispuisto\",\"lapin luonto\",\"lappi\",\"luonto\",\"luontokato\"],\"articleSection\":[\"Blogi\"],\"inLanguage\":\"fi\",\"potentialAction\":[{\"@type\":\"CommentAction\",\"name\":\"Comment\",\"target\":[\"https:\\\/\\\/jennipitko.fi\\\/koti\\\/metsahallituksen-on-jatettava-aalistunturin-metsat-rauhaan\\\/#respond\"]}]},{\"@type\":\"WebPage\",\"@id\":\"https:\\\/\\\/jennipitko.fi\\\/koti\\\/metsahallituksen-on-jatettava-aalistunturin-metsat-rauhaan\\\/\",\"url\":\"https:\\\/\\\/jennipitko.fi\\\/koti\\\/metsahallituksen-on-jatettava-aalistunturin-metsat-rauhaan\\\/\",\"name\":\"Mets\u00e4hallituksen on j\u00e4tett\u00e4v\u00e4 Aalistunturin mets\u00e4t rauhaan - Jenni Pitko - Vihreiden varapuheenjohtaja, ymp\u00e4rist\u00f6valiokunnan puheenjohtaja, kansanedustaja ja arkkitehti Oulusta\",\"isPartOf\":{\"@id\":\"https:\\\/\\\/jennipitko.fi\\\/koti\\\/#website\"},\"datePublished\":\"2023-01-24T12:54:11+00:00\",\"dateModified\":\"2023-01-24T12:54:12+00:00\",\"description\":\"Aalistunturin hakkuut on taas yksi h\u00e4pe\u00e4llinen luku Suomen mets\u00e4nhoidon ja luontopolitiikan historiassa. Luontokadon pys\u00e4ytt\u00e4minen vaatii sit\u00e4, ett\u00e4 luonto asetetaan etusijalle nykyist\u00e4 paremmin.\",\"breadcrumb\":{\"@id\":\"https:\\\/\\\/jennipitko.fi\\\/koti\\\/metsahallituksen-on-jatettava-aalistunturin-metsat-rauhaan\\\/#breadcrumb\"},\"inLanguage\":\"fi\",\"potentialAction\":[{\"@type\":\"ReadAction\",\"target\":[\"https:\\\/\\\/jennipitko.fi\\\/koti\\\/metsahallituksen-on-jatettava-aalistunturin-metsat-rauhaan\\\/\"]}]},{\"@type\":\"BreadcrumbList\",\"@id\":\"https:\\\/\\\/jennipitko.fi\\\/koti\\\/metsahallituksen-on-jatettava-aalistunturin-metsat-rauhaan\\\/#breadcrumb\",\"itemListElement\":[{\"@type\":\"ListItem\",\"position\":1,\"name\":\"Home\",\"item\":\"https:\\\/\\\/jennipitko.fi\\\/koti\\\/\"},{\"@type\":\"ListItem\",\"position\":2,\"name\":\"Mets\u00e4hallituksen on j\u00e4tett\u00e4v\u00e4 Aalistunturin mets\u00e4t rauhaan\"}]},{\"@type\":\"WebSite\",\"@id\":\"https:\\\/\\\/jennipitko.fi\\\/koti\\\/#website\",\"url\":\"https:\\\/\\\/jennipitko.fi\\\/koti\\\/\",\"name\":\"Jenni Pitko - Vihreiden varapuheenjohtaja, ymp\u00e4rist\u00f6valiokunnan puheenjohtaja, kansanedustaja ja arkkitehti Oulusta\",\"description\":\"Jenni Pitko - Vihreiden varapuheenjohtaja, ymp\u00e4rist\u00f6valiokunnan puheenjohtaja, kansanedustaja ja arkkitehti Oulusta\",\"publisher\":{\"@id\":\"https:\\\/\\\/jennipitko.fi\\\/koti\\\/#organization\"},\"potentialAction\":[{\"@type\":\"SearchAction\",\"target\":{\"@type\":\"EntryPoint\",\"urlTemplate\":\"https:\\\/\\\/jennipitko.fi\\\/koti\\\/?s={search_term_string}\"},\"query-input\":{\"@type\":\"PropertyValueSpecification\",\"valueRequired\":true,\"valueName\":\"search_term_string\"}}],\"inLanguage\":\"fi\"},{\"@type\":\"Organization\",\"@id\":\"https:\\\/\\\/jennipitko.fi\\\/koti\\\/#organization\",\"name\":\"Jenni Pitko - Vihreiden varapuheenjohtaja, ymp\u00e4rist\u00f6valiokunnan puheenjohtaja, kansanedustaja ja arkkitehti Oulusta\",\"url\":\"https:\\\/\\\/jennipitko.fi\\\/koti\\\/\",\"logo\":{\"@type\":\"ImageObject\",\"inLanguage\":\"fi\",\"@id\":\"https:\\\/\\\/jennipitko.fi\\\/koti\\\/#\\\/schema\\\/logo\\\/image\\\/\",\"url\":\"https:\\\/\\\/jennipitko.fi\\\/koti\\\/wp-content\\\/uploads\\\/2025\\\/09\\\/Nimeton-malli-38.png\",\"contentUrl\":\"https:\\\/\\\/jennipitko.fi\\\/koti\\\/wp-content\\\/uploads\\\/2025\\\/09\\\/Nimeton-malli-38.png\",\"width\":1280,\"height\":847,\"caption\":\"Jenni Pitko - Vihreiden varapuheenjohtaja, ymp\u00e4rist\u00f6valiokunnan puheenjohtaja, kansanedustaja ja arkkitehti Oulusta\"},\"image\":{\"@id\":\"https:\\\/\\\/jennipitko.fi\\\/koti\\\/#\\\/schema\\\/logo\\\/image\\\/\"}},{\"@type\":\"Person\",\"@id\":\"https:\\\/\\\/jennipitko.fi\\\/koti\\\/#\\\/schema\\\/person\\\/35955c467f851f10124809310e7e7ee8\",\"name\":\"Jenni\",\"image\":{\"@type\":\"ImageObject\",\"inLanguage\":\"fi\",\"@id\":\"https:\\\/\\\/secure.gravatar.com\\\/avatar\\\/625a0e6413b293da7739d42617828d564a4d6028aec3f45d8939a2ba1617199f?s=96&d=blank&r=g\",\"url\":\"https:\\\/\\\/secure.gravatar.com\\\/avatar\\\/625a0e6413b293da7739d42617828d564a4d6028aec3f45d8939a2ba1617199f?s=96&d=blank&r=g\",\"contentUrl\":\"https:\\\/\\\/secure.gravatar.com\\\/avatar\\\/625a0e6413b293da7739d42617828d564a4d6028aec3f45d8939a2ba1617199f?s=96&d=blank&r=g\",\"caption\":\"Jenni\"},\"url\":\"https:\\\/\\\/jennipitko.fi\\\/koti\\\/author\\\/jenni\\\/\"}]}<\/script>\n<!-- \/ Yoast SEO plugin. -->","yoast_head_json":{"title":"Mets\u00e4hallituksen on j\u00e4tett\u00e4v\u00e4 Aalistunturin mets\u00e4t rauhaan - Jenni Pitko - Vihreiden varapuheenjohtaja, ymp\u00e4rist\u00f6valiokunnan puheenjohtaja, kansanedustaja ja arkkitehti Oulusta","description":"Aalistunturin hakkuut on taas yksi h\u00e4pe\u00e4llinen luku Suomen mets\u00e4nhoidon ja luontopolitiikan historiassa. Luontokadon pys\u00e4ytt\u00e4minen vaatii sit\u00e4, ett\u00e4 luonto asetetaan etusijalle nykyist\u00e4 paremmin.","robots":{"index":"index","follow":"follow","max-snippet":"max-snippet:-1","max-image-preview":"max-image-preview:large","max-video-preview":"max-video-preview:-1"},"canonical":"https:\/\/jennipitko.fi\/koti\/metsahallituksen-on-jatettava-aalistunturin-metsat-rauhaan\/","og_locale":"fi_FI","og_type":"article","og_title":"Mets\u00e4hallituksen on j\u00e4tett\u00e4v\u00e4 Aalistunturin mets\u00e4t rauhaan - Jenni Pitko - Vihreiden varapuheenjohtaja, ymp\u00e4rist\u00f6valiokunnan puheenjohtaja, kansanedustaja ja arkkitehti Oulusta","og_description":"Aalistunturin hakkuut on taas yksi h\u00e4pe\u00e4llinen luku Suomen mets\u00e4nhoidon ja luontopolitiikan historiassa. Luontokadon pys\u00e4ytt\u00e4minen vaatii sit\u00e4, ett\u00e4 luonto asetetaan etusijalle nykyist\u00e4 paremmin.","og_url":"https:\/\/jennipitko.fi\/koti\/metsahallituksen-on-jatettava-aalistunturin-metsat-rauhaan\/","og_site_name":"Jenni Pitko - Vihreiden varapuheenjohtaja, ymp\u00e4rist\u00f6valiokunnan puheenjohtaja, kansanedustaja ja arkkitehti Oulusta","article_published_time":"2023-01-24T12:54:11+00:00","article_modified_time":"2023-01-24T12:54:12+00:00","author":"Jenni","twitter_card":"summary_large_image","twitter_misc":{"Kirjoittanut":"Jenni","Arvioitu lukuaika":"3 minuuttia"},"schema":{"@context":"https:\/\/schema.org","@graph":[{"@type":"Article","@id":"https:\/\/jennipitko.fi\/koti\/metsahallituksen-on-jatettava-aalistunturin-metsat-rauhaan\/#article","isPartOf":{"@id":"https:\/\/jennipitko.fi\/koti\/metsahallituksen-on-jatettava-aalistunturin-metsat-rauhaan\/"},"author":{"name":"Jenni","@id":"https:\/\/jennipitko.fi\/koti\/#\/schema\/person\/35955c467f851f10124809310e7e7ee8"},"headline":"Mets\u00e4hallituksen on j\u00e4tett\u00e4v\u00e4 Aalistunturin mets\u00e4t rauhaan","datePublished":"2023-01-24T12:54:11+00:00","dateModified":"2023-01-24T12:54:12+00:00","mainEntityOfPage":{"@id":"https:\/\/jennipitko.fi\/koti\/metsahallituksen-on-jatettava-aalistunturin-metsat-rauhaan\/"},"wordCount":592,"commentCount":0,"publisher":{"@id":"https:\/\/jennipitko.fi\/koti\/#organization"},"keywords":["aalistunturi","kansallispuisto","lapin luonto","lappi","luonto","luontokato"],"articleSection":["Blogi"],"inLanguage":"fi","potentialAction":[{"@type":"CommentAction","name":"Comment","target":["https:\/\/jennipitko.fi\/koti\/metsahallituksen-on-jatettava-aalistunturin-metsat-rauhaan\/#respond"]}]},{"@type":"WebPage","@id":"https:\/\/jennipitko.fi\/koti\/metsahallituksen-on-jatettava-aalistunturin-metsat-rauhaan\/","url":"https:\/\/jennipitko.fi\/koti\/metsahallituksen-on-jatettava-aalistunturin-metsat-rauhaan\/","name":"Mets\u00e4hallituksen on j\u00e4tett\u00e4v\u00e4 Aalistunturin mets\u00e4t rauhaan - Jenni Pitko - Vihreiden varapuheenjohtaja, ymp\u00e4rist\u00f6valiokunnan puheenjohtaja, kansanedustaja ja arkkitehti Oulusta","isPartOf":{"@id":"https:\/\/jennipitko.fi\/koti\/#website"},"datePublished":"2023-01-24T12:54:11+00:00","dateModified":"2023-01-24T12:54:12+00:00","description":"Aalistunturin hakkuut on taas yksi h\u00e4pe\u00e4llinen luku Suomen mets\u00e4nhoidon ja luontopolitiikan historiassa. Luontokadon pys\u00e4ytt\u00e4minen vaatii sit\u00e4, ett\u00e4 luonto asetetaan etusijalle nykyist\u00e4 paremmin.","breadcrumb":{"@id":"https:\/\/jennipitko.fi\/koti\/metsahallituksen-on-jatettava-aalistunturin-metsat-rauhaan\/#breadcrumb"},"inLanguage":"fi","potentialAction":[{"@type":"ReadAction","target":["https:\/\/jennipitko.fi\/koti\/metsahallituksen-on-jatettava-aalistunturin-metsat-rauhaan\/"]}]},{"@type":"BreadcrumbList","@id":"https:\/\/jennipitko.fi\/koti\/metsahallituksen-on-jatettava-aalistunturin-metsat-rauhaan\/#breadcrumb","itemListElement":[{"@type":"ListItem","position":1,"name":"Home","item":"https:\/\/jennipitko.fi\/koti\/"},{"@type":"ListItem","position":2,"name":"Mets\u00e4hallituksen on j\u00e4tett\u00e4v\u00e4 Aalistunturin mets\u00e4t rauhaan"}]},{"@type":"WebSite","@id":"https:\/\/jennipitko.fi\/koti\/#website","url":"https:\/\/jennipitko.fi\/koti\/","name":"Jenni Pitko - Vihreiden varapuheenjohtaja, ymp\u00e4rist\u00f6valiokunnan puheenjohtaja, kansanedustaja ja arkkitehti Oulusta","description":"Jenni Pitko - Vihreiden varapuheenjohtaja, ymp\u00e4rist\u00f6valiokunnan puheenjohtaja, kansanedustaja ja arkkitehti Oulusta","publisher":{"@id":"https:\/\/jennipitko.fi\/koti\/#organization"},"potentialAction":[{"@type":"SearchAction","target":{"@type":"EntryPoint","urlTemplate":"https:\/\/jennipitko.fi\/koti\/?s={search_term_string}"},"query-input":{"@type":"PropertyValueSpecification","valueRequired":true,"valueName":"search_term_string"}}],"inLanguage":"fi"},{"@type":"Organization","@id":"https:\/\/jennipitko.fi\/koti\/#organization","name":"Jenni Pitko - Vihreiden varapuheenjohtaja, ymp\u00e4rist\u00f6valiokunnan puheenjohtaja, kansanedustaja ja arkkitehti Oulusta","url":"https:\/\/jennipitko.fi\/koti\/","logo":{"@type":"ImageObject","inLanguage":"fi","@id":"https:\/\/jennipitko.fi\/koti\/#\/schema\/logo\/image\/","url":"https:\/\/jennipitko.fi\/koti\/wp-content\/uploads\/2025\/09\/Nimeton-malli-38.png","contentUrl":"https:\/\/jennipitko.fi\/koti\/wp-content\/uploads\/2025\/09\/Nimeton-malli-38.png","width":1280,"height":847,"caption":"Jenni Pitko - Vihreiden varapuheenjohtaja, ymp\u00e4rist\u00f6valiokunnan puheenjohtaja, kansanedustaja ja arkkitehti Oulusta"},"image":{"@id":"https:\/\/jennipitko.fi\/koti\/#\/schema\/logo\/image\/"}},{"@type":"Person","@id":"https:\/\/jennipitko.fi\/koti\/#\/schema\/person\/35955c467f851f10124809310e7e7ee8","name":"Jenni","image":{"@type":"ImageObject","inLanguage":"fi","@id":"https:\/\/secure.gravatar.com\/avatar\/625a0e6413b293da7739d42617828d564a4d6028aec3f45d8939a2ba1617199f?s=96&d=blank&r=g","url":"https:\/\/secure.gravatar.com\/avatar\/625a0e6413b293da7739d42617828d564a4d6028aec3f45d8939a2ba1617199f?s=96&d=blank&r=g","contentUrl":"https:\/\/secure.gravatar.com\/avatar\/625a0e6413b293da7739d42617828d564a4d6028aec3f45d8939a2ba1617199f?s=96&d=blank&r=g","caption":"Jenni"},"url":"https:\/\/jennipitko.fi\/koti\/author\/jenni\/"}]}},"_links":{"self":[{"href":"https:\/\/jennipitko.fi\/koti\/wp-json\/wp\/v2\/posts\/2700","targetHints":{"allow":["GET"]}}],"collection":[{"href":"https:\/\/jennipitko.fi\/koti\/wp-json\/wp\/v2\/posts"}],"about":[{"href":"https:\/\/jennipitko.fi\/koti\/wp-json\/wp\/v2\/types\/post"}],"author":[{"embeddable":true,"href":"https:\/\/jennipitko.fi\/koti\/wp-json\/wp\/v2\/users\/1"}],"replies":[{"embeddable":true,"href":"https:\/\/jennipitko.fi\/koti\/wp-json\/wp\/v2\/comments?post=2700"}],"version-history":[{"count":1,"href":"https:\/\/jennipitko.fi\/koti\/wp-json\/wp\/v2\/posts\/2700\/revisions"}],"predecessor-version":[{"id":2701,"href":"https:\/\/jennipitko.fi\/koti\/wp-json\/wp\/v2\/posts\/2700\/revisions\/2701"}],"wp:attachment":[{"href":"https:\/\/jennipitko.fi\/koti\/wp-json\/wp\/v2\/media?parent=2700"}],"wp:term":[{"taxonomy":"category","embeddable":true,"href":"https:\/\/jennipitko.fi\/koti\/wp-json\/wp\/v2\/categories?post=2700"},{"taxonomy":"post_tag","embeddable":true,"href":"https:\/\/jennipitko.fi\/koti\/wp-json\/wp\/v2\/tags?post=2700"}],"curies":[{"name":"wp","href":"https:\/\/api.w.org\/{rel}","templated":true}]}}