{"id":2703,"date":"2023-01-27T11:36:26","date_gmt":"2023-01-27T09:36:26","guid":{"rendered":"https:\/\/jennipitko.fi\/koti\/?p=2703"},"modified":"2023-01-27T11:36:27","modified_gmt":"2023-01-27T09:36:27","slug":"turkistarhauksen-suojelun-tulee-loppua-ja-ala-ajettava-hallitusti-alas","status":"publish","type":"post","link":"https:\/\/jennipitko.fi\/koti\/turkistarhauksen-suojelun-tulee-loppua-ja-ala-ajettava-hallitusti-alas\/","title":{"rendered":"Turkistarhauksen suojelun tulee loppua ja ala ajettava hallitusti alas"},"content":{"rendered":"\n<p>Turkistarhojen valvonta perustuu Suomessa omavalvonnalle, eik\u00e4 se ole onnistunut suojelemaan el\u00e4imi\u00e4. Isolla osalla tarkastettaviksi turkistiloilla, joita on muuten vain kymmeni\u00e4 vuosittain, havaitaan puutteita. Vuonna 2021 turkistarhoille tehtiin vain nelj\u00e4 otantaan perustuvaa tarkastusta. Noissa tarkastuksissa havaittiin puutteita kahdella tarhalla eli 50% tarkastetuista kohteista.<\/p>\n\n\n\n<p>Valvonta toimii niin, ett\u00e4 kun laiminly\u00f6ntej\u00e4 havaitaan, viranomainen antaa m\u00e4\u00e4r\u00e4yksen ep\u00e4kohtien korjaamiseksi ja varmistaa seurantak\u00e4ynnill\u00e4, ett\u00e4 m\u00e4\u00e4r\u00e4yksi\u00e4 on noudatettu. T\u00e4m\u00e4 ei kuitenkaan todellisuudessa toteudu tai toteutuu el\u00e4imen kannalta liian hitaasti.<\/p>\n\n\n\n<p><a href=\"https:\/\/yle.fi\/a\/74-20014484\">Mediassa<\/a> oli taannoin juttuja evij\u00e4rvel\u00e4isell\u00e4 turkistarhalla n\u00e4lk\u00e4\u00e4n ja janoon kuolleista yli tuhannesta ketusta vuoden 2021 aikana. Tila oli viranomaisen tarkkailussa, mutta tilalla ei silti oltu fyysisesti k\u00e4yty, vaan luotettu tarhaajan hyv\u00e4ntahtoisuuteen. Vaikka tilalla oli 1,5 vuotta aikaisemmin l\u00f6ytynyt laihoja ja n\u00e4lk\u00e4isi\u00e4 el\u00e4imi\u00e4 ja todettu juomalaitteiden olevan kuivia ja likaisia, sai tarhaaja jatkaa silti toimintaansa ilman uusia valvontak\u00e4yntej\u00e4 1,5 vuoteen. Suomen el\u00e4insuojeluyhdistys SEY kanteli asiasta ja tarkastaja sai asiasta huomautuksen. Yli tuhat kettua ehti kokea kivuliaan kuoleman.<\/p>\n\n\n\n<p>Muita turkistarhoilla viime vuosina tarkastuksissa havaittuja puutteita ovat esimerkiksi liian ahtaat h\u00e4kit ja tilat el\u00e4imille, puutteellinen virikemateriaali, h\u00e4kkien ja rakennusten huono kunto, el\u00e4inten karkaaminen, sairaiden el\u00e4inten hoidon laiminly\u00f6nti ja el\u00e4inten lopettaminen ep\u00e4asiallisella tavalla.<\/p>\n\n\n\n<p>T\u00e4t\u00e4 on suomalainen turkistuotanto. El\u00e4imet el\u00e4v\u00e4t ns. hyvill\u00e4kin tiloilla aivan liian huonoissa oloissa, pieniss\u00e4 verkkopohjaisissa h\u00e4keiss\u00e4. Ja merkitt\u00e4v\u00e4 osa tiloista alisuoriutuu siin\u00e4kin. Turkisel\u00e4imille el\u00e4m\u00e4 on k\u00e4rsimyst\u00e4 p\u00e4iv\u00e4st\u00e4 toiseen.<\/p>\n\n\n\n<p>Parannuksia turkisel\u00e4imille ei ole tehty vaikka niit\u00e4 esitti eduskunta vuonna 2014 k\u00e4sittelem\u00e4ss\u00e4 kansalaisaloitteessa turkistarhauksen lopettamisesta, mm. tilan ja virikkeellisyyden suhteen.<\/p>\n\n\n\n<p>Turkistuotantoa on vaikea saada kannattavaksi niin, ett\u00e4 el\u00e4imi\u00e4 kohdeltaisiin hyvin ja siksi maa- ja mets\u00e4talousministeri\u00f6 ei edes esit\u00e4 parannuksia. Turkistarhaus nykymuodossaan on ministeri\u00f6n suojeluksessa vaikka kansalaisten tuki on silt\u00e4 jo aikaa sitten <a href=\"https:\/\/animalia.fi\/2022\/11\/25\/suomalaisista-80-vastustaa-nykymuotoista-turkistarhausta\/\">loppunut<\/a>.<\/p>\n\n\n\n<p>Ainut reilu kehityskulku on turkistarhauksen hallittu alasajo. El\u00e4inten tarhaaminen tulee lopettaa ja yritt\u00e4ji\u00e4 auttaa uudelle uralle. Olen esitt\u00e4nyt turkistarhaajille <a href=\"https:\/\/jennipitko.fi\/koti\/turkistarhaus-lopetettava-viiden-vuoden-siirtymaajalla\/\">luopumiskorvausta<\/a>.<\/p>\n\n\n\n<p>Julman turkistarhauksen suojeleminen t\u00e4ytyy loppua.<\/p>\n","protected":false},"excerpt":{"rendered":"<p>Turkistarhojen valvonta perustuu Suomessa omavalvonnalle, eik\u00e4 se ole onnistunut suojelemaan el\u00e4imi\u00e4. Isolla osalla tarkastettaviksi turkistiloilla, joita on muuten vain kymmeni\u00e4 [&hellip;]<\/p>\n","protected":false},"author":1,"featured_media":0,"comment_status":"open","ping_status":"closed","sticky":false,"template":"","format":"standard","meta":{"_monsterinsights_skip_tracking":false,"_monsterinsights_sitenote_active":false,"_monsterinsights_sitenote_note":"","_monsterinsights_sitenote_category":0,"site-sidebar-layout":"default","site-content-layout":"","ast-site-content-layout":"default","site-content-style":"default","site-sidebar-style":"default","ast-global-header-display":"","ast-banner-title-visibility":"","ast-main-header-display":"","ast-hfb-above-header-display":"","ast-hfb-below-header-display":"","ast-hfb-mobile-header-display":"","site-post-title":"","ast-breadcrumbs-content":"","ast-featured-img":"","footer-sml-layout":"","ast-disable-related-posts":"","theme-transparent-header-meta":"","adv-header-id-meta":"","stick-header-meta":"","header-above-stick-meta":"","header-main-stick-meta":"","header-below-stick-meta":"","astra-migrate-meta-layouts":"default","ast-page-background-enabled":"default","ast-page-background-meta":{"desktop":{"background-color":"var(--ast-global-color-5)","background-image":"","background-repeat":"repeat","background-position":"center center","background-size":"auto","background-attachment":"scroll","background-type":"","background-media":"","overlay-type":"","overlay-color":"","overlay-opacity":"","overlay-gradient":""},"tablet":{"background-color":"","background-image":"","background-repeat":"repeat","background-position":"center center","background-size":"auto","background-attachment":"scroll","background-type":"","background-media":"","overlay-type":"","overlay-color":"","overlay-opacity":"","overlay-gradient":""},"mobile":{"background-color":"","background-image":"","background-repeat":"repeat","background-position":"center center","background-size":"auto","background-attachment":"scroll","background-type":"","background-media":"","overlay-type":"","overlay-color":"","overlay-opacity":"","overlay-gradient":""}},"ast-content-background-meta":{"desktop":{"background-color":"var(--ast-global-color-4)","background-image":"","background-repeat":"repeat","background-position":"center center","background-size":"auto","background-attachment":"scroll","background-type":"","background-media":"","overlay-type":"","overlay-color":"","overlay-opacity":"","overlay-gradient":""},"tablet":{"background-color":"var(--ast-global-color-4)","background-image":"","background-repeat":"repeat","background-position":"center center","background-size":"auto","background-attachment":"scroll","background-type":"","background-media":"","overlay-type":"","overlay-color":"","overlay-opacity":"","overlay-gradient":""},"mobile":{"background-color":"var(--ast-global-color-4)","background-image":"","background-repeat":"repeat","background-position":"center center","background-size":"auto","background-attachment":"scroll","background-type":"","background-media":"","overlay-type":"","overlay-color":"","overlay-opacity":"","overlay-gradient":""}},"footnotes":""},"categories":[2],"tags":[343,458,464,90,408],"class_list":["post-2703","post","type-post","status-publish","format-standard","hentry","category-blogi","tag-elaimet","tag-elainpolitiikka","tag-elainsuojelu","tag-elainten-oikeudet","tag-turkistarhaus"],"yoast_head":"<!-- This site is optimized with the Yoast SEO plugin v27.5 - https:\/\/yoast.com\/product\/yoast-seo-wordpress\/ -->\n<title>Turkistarhauksen suojelun tulee loppua ja ala ajettava hallitusti alas - Jenni Pitko - Vihreiden varapuheenjohtaja, ymp\u00e4rist\u00f6valiokunnan puheenjohtaja, kansanedustaja ja arkkitehti Oulusta<\/title>\n<meta name=\"description\" content=\"Turkistuotantoa on vaikea saada kannattavaksi niin, ett\u00e4 el\u00e4imi\u00e4 kohdeltaisiin hyvin ja siksi maa- ja mets\u00e4talousministeri\u00f6 ei edes esit\u00e4 parannuksia. Turkistarhaus nykymuodossaan on ministeri\u00f6n suojeluksessa vaikka kansalaisten tuki on silt\u00e4 jo aikaa sitten loppunut.\" \/>\n<meta name=\"robots\" content=\"index, follow, max-snippet:-1, max-image-preview:large, max-video-preview:-1\" \/>\n<link rel=\"canonical\" href=\"https:\/\/jennipitko.fi\/koti\/turkistarhauksen-suojelun-tulee-loppua-ja-ala-ajettava-hallitusti-alas\/\" \/>\n<meta property=\"og:locale\" content=\"fi_FI\" \/>\n<meta property=\"og:type\" content=\"article\" \/>\n<meta property=\"og:title\" content=\"Turkistarhauksen suojelun tulee loppua ja ala ajettava hallitusti alas - Jenni Pitko - Vihreiden varapuheenjohtaja, ymp\u00e4rist\u00f6valiokunnan puheenjohtaja, kansanedustaja ja arkkitehti Oulusta\" \/>\n<meta property=\"og:description\" content=\"Turkistuotantoa on vaikea saada kannattavaksi niin, ett\u00e4 el\u00e4imi\u00e4 kohdeltaisiin hyvin ja siksi maa- ja mets\u00e4talousministeri\u00f6 ei edes esit\u00e4 parannuksia. Turkistarhaus nykymuodossaan on ministeri\u00f6n suojeluksessa vaikka kansalaisten tuki on silt\u00e4 jo aikaa sitten loppunut.\" \/>\n<meta property=\"og:url\" content=\"https:\/\/jennipitko.fi\/koti\/turkistarhauksen-suojelun-tulee-loppua-ja-ala-ajettava-hallitusti-alas\/\" \/>\n<meta property=\"og:site_name\" content=\"Jenni Pitko - Vihreiden varapuheenjohtaja, ymp\u00e4rist\u00f6valiokunnan puheenjohtaja, kansanedustaja ja arkkitehti Oulusta\" \/>\n<meta property=\"article:published_time\" content=\"2023-01-27T09:36:26+00:00\" \/>\n<meta property=\"article:modified_time\" content=\"2023-01-27T09:36:27+00:00\" \/>\n<meta name=\"author\" content=\"Jenni\" \/>\n<meta name=\"twitter:card\" content=\"summary_large_image\" \/>\n<meta name=\"twitter:label1\" content=\"Kirjoittanut\" \/>\n\t<meta name=\"twitter:data1\" content=\"Jenni\" \/>\n\t<meta name=\"twitter:label2\" content=\"Arvioitu lukuaika\" \/>\n\t<meta name=\"twitter:data2\" content=\"2 minuuttia\" \/>\n<script type=\"application\/ld+json\" class=\"yoast-schema-graph\">{\"@context\":\"https:\\\/\\\/schema.org\",\"@graph\":[{\"@type\":\"Article\",\"@id\":\"https:\\\/\\\/jennipitko.fi\\\/koti\\\/turkistarhauksen-suojelun-tulee-loppua-ja-ala-ajettava-hallitusti-alas\\\/#article\",\"isPartOf\":{\"@id\":\"https:\\\/\\\/jennipitko.fi\\\/koti\\\/turkistarhauksen-suojelun-tulee-loppua-ja-ala-ajettava-hallitusti-alas\\\/\"},\"author\":{\"name\":\"Jenni\",\"@id\":\"https:\\\/\\\/jennipitko.fi\\\/koti\\\/#\\\/schema\\\/person\\\/35955c467f851f10124809310e7e7ee8\"},\"headline\":\"Turkistarhauksen suojelun tulee loppua ja ala ajettava hallitusti alas\",\"datePublished\":\"2023-01-27T09:36:26+00:00\",\"dateModified\":\"2023-01-27T09:36:27+00:00\",\"mainEntityOfPage\":{\"@id\":\"https:\\\/\\\/jennipitko.fi\\\/koti\\\/turkistarhauksen-suojelun-tulee-loppua-ja-ala-ajettava-hallitusti-alas\\\/\"},\"wordCount\":343,\"commentCount\":0,\"publisher\":{\"@id\":\"https:\\\/\\\/jennipitko.fi\\\/koti\\\/#organization\"},\"keywords\":[\"el\u00e4imet\",\"el\u00e4inpolitiikka\",\"el\u00e4insuojelu\",\"el\u00e4inten oikeudet\",\"turkistarhaus\"],\"articleSection\":[\"Blogi\"],\"inLanguage\":\"fi\",\"potentialAction\":[{\"@type\":\"CommentAction\",\"name\":\"Comment\",\"target\":[\"https:\\\/\\\/jennipitko.fi\\\/koti\\\/turkistarhauksen-suojelun-tulee-loppua-ja-ala-ajettava-hallitusti-alas\\\/#respond\"]}]},{\"@type\":\"WebPage\",\"@id\":\"https:\\\/\\\/jennipitko.fi\\\/koti\\\/turkistarhauksen-suojelun-tulee-loppua-ja-ala-ajettava-hallitusti-alas\\\/\",\"url\":\"https:\\\/\\\/jennipitko.fi\\\/koti\\\/turkistarhauksen-suojelun-tulee-loppua-ja-ala-ajettava-hallitusti-alas\\\/\",\"name\":\"Turkistarhauksen suojelun tulee loppua ja ala ajettava hallitusti alas - Jenni Pitko - Vihreiden varapuheenjohtaja, ymp\u00e4rist\u00f6valiokunnan puheenjohtaja, kansanedustaja ja arkkitehti Oulusta\",\"isPartOf\":{\"@id\":\"https:\\\/\\\/jennipitko.fi\\\/koti\\\/#website\"},\"datePublished\":\"2023-01-27T09:36:26+00:00\",\"dateModified\":\"2023-01-27T09:36:27+00:00\",\"description\":\"Turkistuotantoa on vaikea saada kannattavaksi niin, ett\u00e4 el\u00e4imi\u00e4 kohdeltaisiin hyvin ja siksi maa- ja mets\u00e4talousministeri\u00f6 ei edes esit\u00e4 parannuksia. Turkistarhaus nykymuodossaan on ministeri\u00f6n suojeluksessa vaikka kansalaisten tuki on silt\u00e4 jo aikaa sitten loppunut.\",\"breadcrumb\":{\"@id\":\"https:\\\/\\\/jennipitko.fi\\\/koti\\\/turkistarhauksen-suojelun-tulee-loppua-ja-ala-ajettava-hallitusti-alas\\\/#breadcrumb\"},\"inLanguage\":\"fi\",\"potentialAction\":[{\"@type\":\"ReadAction\",\"target\":[\"https:\\\/\\\/jennipitko.fi\\\/koti\\\/turkistarhauksen-suojelun-tulee-loppua-ja-ala-ajettava-hallitusti-alas\\\/\"]}]},{\"@type\":\"BreadcrumbList\",\"@id\":\"https:\\\/\\\/jennipitko.fi\\\/koti\\\/turkistarhauksen-suojelun-tulee-loppua-ja-ala-ajettava-hallitusti-alas\\\/#breadcrumb\",\"itemListElement\":[{\"@type\":\"ListItem\",\"position\":1,\"name\":\"Home\",\"item\":\"https:\\\/\\\/jennipitko.fi\\\/koti\\\/\"},{\"@type\":\"ListItem\",\"position\":2,\"name\":\"Turkistarhauksen suojelun tulee loppua ja ala ajettava hallitusti alas\"}]},{\"@type\":\"WebSite\",\"@id\":\"https:\\\/\\\/jennipitko.fi\\\/koti\\\/#website\",\"url\":\"https:\\\/\\\/jennipitko.fi\\\/koti\\\/\",\"name\":\"Jenni Pitko - Vihreiden varapuheenjohtaja, ymp\u00e4rist\u00f6valiokunnan puheenjohtaja, kansanedustaja ja arkkitehti Oulusta\",\"description\":\"Jenni Pitko - Vihreiden varapuheenjohtaja, ymp\u00e4rist\u00f6valiokunnan puheenjohtaja, kansanedustaja ja arkkitehti Oulusta\",\"publisher\":{\"@id\":\"https:\\\/\\\/jennipitko.fi\\\/koti\\\/#organization\"},\"potentialAction\":[{\"@type\":\"SearchAction\",\"target\":{\"@type\":\"EntryPoint\",\"urlTemplate\":\"https:\\\/\\\/jennipitko.fi\\\/koti\\\/?s={search_term_string}\"},\"query-input\":{\"@type\":\"PropertyValueSpecification\",\"valueRequired\":true,\"valueName\":\"search_term_string\"}}],\"inLanguage\":\"fi\"},{\"@type\":\"Organization\",\"@id\":\"https:\\\/\\\/jennipitko.fi\\\/koti\\\/#organization\",\"name\":\"Jenni Pitko - Vihreiden varapuheenjohtaja, ymp\u00e4rist\u00f6valiokunnan puheenjohtaja, kansanedustaja ja arkkitehti Oulusta\",\"url\":\"https:\\\/\\\/jennipitko.fi\\\/koti\\\/\",\"logo\":{\"@type\":\"ImageObject\",\"inLanguage\":\"fi\",\"@id\":\"https:\\\/\\\/jennipitko.fi\\\/koti\\\/#\\\/schema\\\/logo\\\/image\\\/\",\"url\":\"https:\\\/\\\/jennipitko.fi\\\/koti\\\/wp-content\\\/uploads\\\/2025\\\/09\\\/Nimeton-malli-38.png\",\"contentUrl\":\"https:\\\/\\\/jennipitko.fi\\\/koti\\\/wp-content\\\/uploads\\\/2025\\\/09\\\/Nimeton-malli-38.png\",\"width\":1280,\"height\":847,\"caption\":\"Jenni Pitko - Vihreiden varapuheenjohtaja, ymp\u00e4rist\u00f6valiokunnan puheenjohtaja, kansanedustaja ja arkkitehti Oulusta\"},\"image\":{\"@id\":\"https:\\\/\\\/jennipitko.fi\\\/koti\\\/#\\\/schema\\\/logo\\\/image\\\/\"}},{\"@type\":\"Person\",\"@id\":\"https:\\\/\\\/jennipitko.fi\\\/koti\\\/#\\\/schema\\\/person\\\/35955c467f851f10124809310e7e7ee8\",\"name\":\"Jenni\",\"image\":{\"@type\":\"ImageObject\",\"inLanguage\":\"fi\",\"@id\":\"https:\\\/\\\/secure.gravatar.com\\\/avatar\\\/625a0e6413b293da7739d42617828d564a4d6028aec3f45d8939a2ba1617199f?s=96&d=blank&r=g\",\"url\":\"https:\\\/\\\/secure.gravatar.com\\\/avatar\\\/625a0e6413b293da7739d42617828d564a4d6028aec3f45d8939a2ba1617199f?s=96&d=blank&r=g\",\"contentUrl\":\"https:\\\/\\\/secure.gravatar.com\\\/avatar\\\/625a0e6413b293da7739d42617828d564a4d6028aec3f45d8939a2ba1617199f?s=96&d=blank&r=g\",\"caption\":\"Jenni\"},\"url\":\"https:\\\/\\\/jennipitko.fi\\\/koti\\\/author\\\/jenni\\\/\"}]}<\/script>\n<!-- \/ Yoast SEO plugin. -->","yoast_head_json":{"title":"Turkistarhauksen suojelun tulee loppua ja ala ajettava hallitusti alas - Jenni Pitko - Vihreiden varapuheenjohtaja, ymp\u00e4rist\u00f6valiokunnan puheenjohtaja, kansanedustaja ja arkkitehti Oulusta","description":"Turkistuotantoa on vaikea saada kannattavaksi niin, ett\u00e4 el\u00e4imi\u00e4 kohdeltaisiin hyvin ja siksi maa- ja mets\u00e4talousministeri\u00f6 ei edes esit\u00e4 parannuksia. Turkistarhaus nykymuodossaan on ministeri\u00f6n suojeluksessa vaikka kansalaisten tuki on silt\u00e4 jo aikaa sitten loppunut.","robots":{"index":"index","follow":"follow","max-snippet":"max-snippet:-1","max-image-preview":"max-image-preview:large","max-video-preview":"max-video-preview:-1"},"canonical":"https:\/\/jennipitko.fi\/koti\/turkistarhauksen-suojelun-tulee-loppua-ja-ala-ajettava-hallitusti-alas\/","og_locale":"fi_FI","og_type":"article","og_title":"Turkistarhauksen suojelun tulee loppua ja ala ajettava hallitusti alas - Jenni Pitko - Vihreiden varapuheenjohtaja, ymp\u00e4rist\u00f6valiokunnan puheenjohtaja, kansanedustaja ja arkkitehti Oulusta","og_description":"Turkistuotantoa on vaikea saada kannattavaksi niin, ett\u00e4 el\u00e4imi\u00e4 kohdeltaisiin hyvin ja siksi maa- ja mets\u00e4talousministeri\u00f6 ei edes esit\u00e4 parannuksia. Turkistarhaus nykymuodossaan on ministeri\u00f6n suojeluksessa vaikka kansalaisten tuki on silt\u00e4 jo aikaa sitten loppunut.","og_url":"https:\/\/jennipitko.fi\/koti\/turkistarhauksen-suojelun-tulee-loppua-ja-ala-ajettava-hallitusti-alas\/","og_site_name":"Jenni Pitko - Vihreiden varapuheenjohtaja, ymp\u00e4rist\u00f6valiokunnan puheenjohtaja, kansanedustaja ja arkkitehti Oulusta","article_published_time":"2023-01-27T09:36:26+00:00","article_modified_time":"2023-01-27T09:36:27+00:00","author":"Jenni","twitter_card":"summary_large_image","twitter_misc":{"Kirjoittanut":"Jenni","Arvioitu lukuaika":"2 minuuttia"},"schema":{"@context":"https:\/\/schema.org","@graph":[{"@type":"Article","@id":"https:\/\/jennipitko.fi\/koti\/turkistarhauksen-suojelun-tulee-loppua-ja-ala-ajettava-hallitusti-alas\/#article","isPartOf":{"@id":"https:\/\/jennipitko.fi\/koti\/turkistarhauksen-suojelun-tulee-loppua-ja-ala-ajettava-hallitusti-alas\/"},"author":{"name":"Jenni","@id":"https:\/\/jennipitko.fi\/koti\/#\/schema\/person\/35955c467f851f10124809310e7e7ee8"},"headline":"Turkistarhauksen suojelun tulee loppua ja ala ajettava hallitusti alas","datePublished":"2023-01-27T09:36:26+00:00","dateModified":"2023-01-27T09:36:27+00:00","mainEntityOfPage":{"@id":"https:\/\/jennipitko.fi\/koti\/turkistarhauksen-suojelun-tulee-loppua-ja-ala-ajettava-hallitusti-alas\/"},"wordCount":343,"commentCount":0,"publisher":{"@id":"https:\/\/jennipitko.fi\/koti\/#organization"},"keywords":["el\u00e4imet","el\u00e4inpolitiikka","el\u00e4insuojelu","el\u00e4inten oikeudet","turkistarhaus"],"articleSection":["Blogi"],"inLanguage":"fi","potentialAction":[{"@type":"CommentAction","name":"Comment","target":["https:\/\/jennipitko.fi\/koti\/turkistarhauksen-suojelun-tulee-loppua-ja-ala-ajettava-hallitusti-alas\/#respond"]}]},{"@type":"WebPage","@id":"https:\/\/jennipitko.fi\/koti\/turkistarhauksen-suojelun-tulee-loppua-ja-ala-ajettava-hallitusti-alas\/","url":"https:\/\/jennipitko.fi\/koti\/turkistarhauksen-suojelun-tulee-loppua-ja-ala-ajettava-hallitusti-alas\/","name":"Turkistarhauksen suojelun tulee loppua ja ala ajettava hallitusti alas - Jenni Pitko - Vihreiden varapuheenjohtaja, ymp\u00e4rist\u00f6valiokunnan puheenjohtaja, kansanedustaja ja arkkitehti Oulusta","isPartOf":{"@id":"https:\/\/jennipitko.fi\/koti\/#website"},"datePublished":"2023-01-27T09:36:26+00:00","dateModified":"2023-01-27T09:36:27+00:00","description":"Turkistuotantoa on vaikea saada kannattavaksi niin, ett\u00e4 el\u00e4imi\u00e4 kohdeltaisiin hyvin ja siksi maa- ja mets\u00e4talousministeri\u00f6 ei edes esit\u00e4 parannuksia. Turkistarhaus nykymuodossaan on ministeri\u00f6n suojeluksessa vaikka kansalaisten tuki on silt\u00e4 jo aikaa sitten loppunut.","breadcrumb":{"@id":"https:\/\/jennipitko.fi\/koti\/turkistarhauksen-suojelun-tulee-loppua-ja-ala-ajettava-hallitusti-alas\/#breadcrumb"},"inLanguage":"fi","potentialAction":[{"@type":"ReadAction","target":["https:\/\/jennipitko.fi\/koti\/turkistarhauksen-suojelun-tulee-loppua-ja-ala-ajettava-hallitusti-alas\/"]}]},{"@type":"BreadcrumbList","@id":"https:\/\/jennipitko.fi\/koti\/turkistarhauksen-suojelun-tulee-loppua-ja-ala-ajettava-hallitusti-alas\/#breadcrumb","itemListElement":[{"@type":"ListItem","position":1,"name":"Home","item":"https:\/\/jennipitko.fi\/koti\/"},{"@type":"ListItem","position":2,"name":"Turkistarhauksen suojelun tulee loppua ja ala ajettava hallitusti alas"}]},{"@type":"WebSite","@id":"https:\/\/jennipitko.fi\/koti\/#website","url":"https:\/\/jennipitko.fi\/koti\/","name":"Jenni Pitko - Vihreiden varapuheenjohtaja, ymp\u00e4rist\u00f6valiokunnan puheenjohtaja, kansanedustaja ja arkkitehti Oulusta","description":"Jenni Pitko - Vihreiden varapuheenjohtaja, ymp\u00e4rist\u00f6valiokunnan puheenjohtaja, kansanedustaja ja arkkitehti Oulusta","publisher":{"@id":"https:\/\/jennipitko.fi\/koti\/#organization"},"potentialAction":[{"@type":"SearchAction","target":{"@type":"EntryPoint","urlTemplate":"https:\/\/jennipitko.fi\/koti\/?s={search_term_string}"},"query-input":{"@type":"PropertyValueSpecification","valueRequired":true,"valueName":"search_term_string"}}],"inLanguage":"fi"},{"@type":"Organization","@id":"https:\/\/jennipitko.fi\/koti\/#organization","name":"Jenni Pitko - Vihreiden varapuheenjohtaja, ymp\u00e4rist\u00f6valiokunnan puheenjohtaja, kansanedustaja ja arkkitehti Oulusta","url":"https:\/\/jennipitko.fi\/koti\/","logo":{"@type":"ImageObject","inLanguage":"fi","@id":"https:\/\/jennipitko.fi\/koti\/#\/schema\/logo\/image\/","url":"https:\/\/jennipitko.fi\/koti\/wp-content\/uploads\/2025\/09\/Nimeton-malli-38.png","contentUrl":"https:\/\/jennipitko.fi\/koti\/wp-content\/uploads\/2025\/09\/Nimeton-malli-38.png","width":1280,"height":847,"caption":"Jenni Pitko - Vihreiden varapuheenjohtaja, ymp\u00e4rist\u00f6valiokunnan puheenjohtaja, kansanedustaja ja arkkitehti Oulusta"},"image":{"@id":"https:\/\/jennipitko.fi\/koti\/#\/schema\/logo\/image\/"}},{"@type":"Person","@id":"https:\/\/jennipitko.fi\/koti\/#\/schema\/person\/35955c467f851f10124809310e7e7ee8","name":"Jenni","image":{"@type":"ImageObject","inLanguage":"fi","@id":"https:\/\/secure.gravatar.com\/avatar\/625a0e6413b293da7739d42617828d564a4d6028aec3f45d8939a2ba1617199f?s=96&d=blank&r=g","url":"https:\/\/secure.gravatar.com\/avatar\/625a0e6413b293da7739d42617828d564a4d6028aec3f45d8939a2ba1617199f?s=96&d=blank&r=g","contentUrl":"https:\/\/secure.gravatar.com\/avatar\/625a0e6413b293da7739d42617828d564a4d6028aec3f45d8939a2ba1617199f?s=96&d=blank&r=g","caption":"Jenni"},"url":"https:\/\/jennipitko.fi\/koti\/author\/jenni\/"}]}},"_links":{"self":[{"href":"https:\/\/jennipitko.fi\/koti\/wp-json\/wp\/v2\/posts\/2703","targetHints":{"allow":["GET"]}}],"collection":[{"href":"https:\/\/jennipitko.fi\/koti\/wp-json\/wp\/v2\/posts"}],"about":[{"href":"https:\/\/jennipitko.fi\/koti\/wp-json\/wp\/v2\/types\/post"}],"author":[{"embeddable":true,"href":"https:\/\/jennipitko.fi\/koti\/wp-json\/wp\/v2\/users\/1"}],"replies":[{"embeddable":true,"href":"https:\/\/jennipitko.fi\/koti\/wp-json\/wp\/v2\/comments?post=2703"}],"version-history":[{"count":1,"href":"https:\/\/jennipitko.fi\/koti\/wp-json\/wp\/v2\/posts\/2703\/revisions"}],"predecessor-version":[{"id":2704,"href":"https:\/\/jennipitko.fi\/koti\/wp-json\/wp\/v2\/posts\/2703\/revisions\/2704"}],"wp:attachment":[{"href":"https:\/\/jennipitko.fi\/koti\/wp-json\/wp\/v2\/media?parent=2703"}],"wp:term":[{"taxonomy":"category","embeddable":true,"href":"https:\/\/jennipitko.fi\/koti\/wp-json\/wp\/v2\/categories?post=2703"},{"taxonomy":"post_tag","embeddable":true,"href":"https:\/\/jennipitko.fi\/koti\/wp-json\/wp\/v2\/tags?post=2703"}],"curies":[{"name":"wp","href":"https:\/\/api.w.org\/{rel}","templated":true}]}}