{"id":2744,"date":"2023-03-01T15:32:13","date_gmt":"2023-03-01T13:32:13","guid":{"rendered":"https:\/\/jennipitko.fi\/koti\/?p=2744"},"modified":"2023-03-01T15:32:15","modified_gmt":"2023-03-01T13:32:15","slug":"kirjallinen-kysymys-arkkitehtipulasta","status":"publish","type":"post","link":"https:\/\/jennipitko.fi\/koti\/kirjallinen-kysymys-arkkitehtipulasta\/","title":{"rendered":"Kirjallinen kysymys arkkitehtipulasta"},"content":{"rendered":"\n<p>Arkkitehdeilla on laaja osaaminen rakentamisesta ja rakennusten suunnittelusta l\u00e4htien teknisist\u00e4 rakenteista ja toiminnallisuuksista ja p\u00e4\u00e4tyen rakennusten sosiaaliseen ulottuvuuteen ja pitk\u00e4aikaisiin vaikutuksiin ymp\u00e4rist\u00f6\u00f6ns\u00e4. Arkkitehtien m\u00e4\u00e4r\u00e4 Suomessa aiheuttaa kuitenkin huolta. Suomessa on vain v\u00e4h\u00e4n arkkitehteja useisiin verrokkimaihin n\u00e4hden ja tulevaisuudessa el\u00e4k\u00f6itymiseen vastaaminen n\u00e4ytt\u00e4\u00e4 haasteelliselta. Arkkitehtipula n\u00e4kyy jo nyt yrityksiss\u00e4 ja kunnissa.<\/p>\n\n\n\n<p>Syksyll\u00e4 2022 Arkkitehtitoimistojen liiton teett\u00e4m\u00e4n kyselyn mukaan suuri enemmist\u00f6 arkkitehtej\u00e4 rekrytoivista ty\u00f6nantajista on kohdannut ongelmia ty\u00f6voiman saatavuudessa. Jopa 70% kaikista yksityisen ja julkisen puolen ty\u00f6nantajista on ollut vaikeuksia l\u00f6yt\u00e4\u00e4 tekij\u00f6it\u00e4. Esimerkiksi kunnissa tilanne on eritt\u00e4in huolestuttava. Yli 40 prosenttia kunnissa ty\u00f6skentelevist\u00e4 arkkitehdeista on el\u00e4k\u00f6itym\u00e4ss\u00e4 2020-luvun loppuun menness\u00e4. Miltei 70 prosentissa kunnista on jo nykyisell\u00e4\u00e4n pulaa osaavasta ty\u00f6voimasta ja noin 40 prosenttia kunnista arvioi, ett\u00e4 pula ty\u00f6ntekij\u00f6ist\u00e4 vaikeuttaa toiminnan jatkuvuutta.&nbsp;<\/p>\n\n\n\n<p>Rakentaminen ja rakennusten kest\u00e4v\u00e4 yll\u00e4pito ja oikea-aikainen korjaaminen on keskeisess\u00e4 osassa Suomen talouden kehittymist\u00e4. Etenkin kasvavissa kaupungeissa rakentamisen pullonkaulat, joksi osaavan ty\u00f6voiman puute on jo muotoutumassa, voi hidastaa talouden kehittymist\u00e4. Muuttuvassa maailmassa rakentamisen ymp\u00e4rist\u00f6vaikutukset vaativat uutta osaamista ja my\u00f6s monimutkaisemman korjausrakentamisen osaamisen tarve kasvaa.<\/p>\n\n\n\n<p>Rakentamisella on suuri merkitys my\u00f6s ihmisten laaja-alaiseen hyvinvointiin. Viime vuosina keskustelua on aiheuttaneet asuinrakentamisen ratkaisut, kuten ikkunattomat makuuhuoneet ja syv\u00e4t, yhteen suuntaan avautuvat huoneistot. Arkkitehtien asiantuntemusta tarvitaan my\u00f6s arvioimaan erilaisten ratkaisujen vaikutuksia el\u00e4m\u00e4nlaatuun yhdess\u00e4 muiden ammattilaisten kanssa.<\/p>\n\n\n\n<p>Arkkitehtien m\u00e4\u00e4r\u00e4n lis\u00e4\u00e4miseksi koulutusm\u00e4\u00e4rien nostaminen on tarpeen. Osaajapulaan ei voi vastata ilman, ett\u00e4 koulutusta lis\u00e4t\u00e4\u00e4n. Esimerkiksi Tanskassa, jossa v\u00e4est\u00f6 on hyvin samankokoinen kuin Suomessa, on kolminkertainen m\u00e4\u00e4r\u00e4 arkkitehteja. Arkkitehtien v\u00e4h\u00e4inen m\u00e4\u00e4r\u00e4 uhkaa jo toimivan rakentamisen ja rakennusvalvonnan tulevaisuutta.<\/p>\n\n\n\n<p>J\u00e4tin hallitukselle vastattavaksi kirjallisen kysymyksen. Mit\u00e4 hallitus tekee arkkitehtien m\u00e4\u00e4r\u00e4n kasvattamiseksi ja osaavan ty\u00f6voiman lis\u00e4\u00e4miseksi Suomessa?<\/p>\n","protected":false},"excerpt":{"rendered":"<p>Arkkitehdeilla on laaja osaaminen rakentamisesta ja rakennusten suunnittelusta l\u00e4htien teknisist\u00e4 rakenteista ja toiminnallisuuksista ja p\u00e4\u00e4tyen rakennusten sosiaaliseen ulottuvuuteen ja pitk\u00e4aikaisiin [&hellip;]<\/p>\n","protected":false},"author":1,"featured_media":0,"comment_status":"closed","ping_status":"closed","sticky":false,"template":"","format":"standard","meta":{"_monsterinsights_skip_tracking":false,"_monsterinsights_sitenote_active":false,"_monsterinsights_sitenote_note":"","_monsterinsights_sitenote_category":0,"site-sidebar-layout":"default","site-content-layout":"","ast-site-content-layout":"default","site-content-style":"default","site-sidebar-style":"default","ast-global-header-display":"","ast-banner-title-visibility":"","ast-main-header-display":"","ast-hfb-above-header-display":"","ast-hfb-below-header-display":"","ast-hfb-mobile-header-display":"","site-post-title":"","ast-breadcrumbs-content":"","ast-featured-img":"","footer-sml-layout":"","ast-disable-related-posts":"","theme-transparent-header-meta":"","adv-header-id-meta":"","stick-header-meta":"","header-above-stick-meta":"","header-main-stick-meta":"","header-below-stick-meta":"","astra-migrate-meta-layouts":"default","ast-page-background-enabled":"default","ast-page-background-meta":{"desktop":{"background-color":"var(--ast-global-color-5)","background-image":"","background-repeat":"repeat","background-position":"center center","background-size":"auto","background-attachment":"scroll","background-type":"","background-media":"","overlay-type":"","overlay-color":"","overlay-opacity":"","overlay-gradient":""},"tablet":{"background-color":"","background-image":"","background-repeat":"repeat","background-position":"center center","background-size":"auto","background-attachment":"scroll","background-type":"","background-media":"","overlay-type":"","overlay-color":"","overlay-opacity":"","overlay-gradient":""},"mobile":{"background-color":"","background-image":"","background-repeat":"repeat","background-position":"center center","background-size":"auto","background-attachment":"scroll","background-type":"","background-media":"","overlay-type":"","overlay-color":"","overlay-opacity":"","overlay-gradient":""}},"ast-content-background-meta":{"desktop":{"background-color":"var(--ast-global-color-4)","background-image":"","background-repeat":"repeat","background-position":"center center","background-size":"auto","background-attachment":"scroll","background-type":"","background-media":"","overlay-type":"","overlay-color":"","overlay-opacity":"","overlay-gradient":""},"tablet":{"background-color":"var(--ast-global-color-4)","background-image":"","background-repeat":"repeat","background-position":"center center","background-size":"auto","background-attachment":"scroll","background-type":"","background-media":"","overlay-type":"","overlay-color":"","overlay-opacity":"","overlay-gradient":""},"mobile":{"background-color":"var(--ast-global-color-4)","background-image":"","background-repeat":"repeat","background-position":"center center","background-size":"auto","background-attachment":"scroll","background-type":"","background-media":"","overlay-type":"","overlay-color":"","overlay-opacity":"","overlay-gradient":""}},"footnotes":""},"categories":[2,359],"tags":[466,465,467,397,468,469],"class_list":["post-2744","post","type-post","status-publish","format-standard","hentry","category-blogi","category-valtiopaivatoimet","tag-arkkitehdit","tag-arkkitehti","tag-arkkitehtipula","tag-arkkitehtuuri","tag-osaajapula","tag-rakennettu-ymparisto"],"yoast_head":"<!-- This site is optimized with the Yoast SEO plugin v27.5 - https:\/\/yoast.com\/product\/yoast-seo-wordpress\/ -->\n<title>Kirjallinen kysymys arkkitehtipulasta - Jenni Pitko - Vihreiden varapuheenjohtaja, ymp\u00e4rist\u00f6valiokunnan puheenjohtaja, kansanedustaja ja arkkitehti Oulusta<\/title>\n<meta name=\"description\" content=\"Arkkitehtien m\u00e4\u00e4r\u00e4 Suomessa aiheuttaa huolta. Pula arkkitehdeista uhkaa rakennetun ymp\u00e4rist\u00f6n laatua ja sujuvia lupaprosesseja.\" \/>\n<meta name=\"robots\" content=\"index, follow, max-snippet:-1, max-image-preview:large, max-video-preview:-1\" \/>\n<link rel=\"canonical\" href=\"https:\/\/jennipitko.fi\/koti\/kirjallinen-kysymys-arkkitehtipulasta\/\" \/>\n<meta property=\"og:locale\" content=\"fi_FI\" \/>\n<meta property=\"og:type\" content=\"article\" \/>\n<meta property=\"og:title\" content=\"Kirjallinen kysymys arkkitehtipulasta - Jenni Pitko - Vihreiden varapuheenjohtaja, ymp\u00e4rist\u00f6valiokunnan puheenjohtaja, kansanedustaja ja arkkitehti Oulusta\" \/>\n<meta property=\"og:description\" content=\"Arkkitehtien m\u00e4\u00e4r\u00e4 Suomessa aiheuttaa huolta. Pula arkkitehdeista uhkaa rakennetun ymp\u00e4rist\u00f6n laatua ja sujuvia lupaprosesseja.\" \/>\n<meta property=\"og:url\" content=\"https:\/\/jennipitko.fi\/koti\/kirjallinen-kysymys-arkkitehtipulasta\/\" \/>\n<meta property=\"og:site_name\" content=\"Jenni Pitko - Vihreiden varapuheenjohtaja, ymp\u00e4rist\u00f6valiokunnan puheenjohtaja, kansanedustaja ja arkkitehti Oulusta\" \/>\n<meta property=\"article:published_time\" content=\"2023-03-01T13:32:13+00:00\" \/>\n<meta property=\"article:modified_time\" content=\"2023-03-01T13:32:15+00:00\" \/>\n<meta name=\"author\" content=\"Jenni\" \/>\n<meta name=\"twitter:card\" content=\"summary_large_image\" \/>\n<meta name=\"twitter:label1\" content=\"Kirjoittanut\" \/>\n\t<meta name=\"twitter:data1\" content=\"Jenni\" \/>\n\t<meta name=\"twitter:label2\" content=\"Arvioitu lukuaika\" \/>\n\t<meta name=\"twitter:data2\" content=\"2 minuuttia\" \/>\n<script type=\"application\/ld+json\" class=\"yoast-schema-graph\">{\"@context\":\"https:\\\/\\\/schema.org\",\"@graph\":[{\"@type\":\"Article\",\"@id\":\"https:\\\/\\\/jennipitko.fi\\\/koti\\\/kirjallinen-kysymys-arkkitehtipulasta\\\/#article\",\"isPartOf\":{\"@id\":\"https:\\\/\\\/jennipitko.fi\\\/koti\\\/kirjallinen-kysymys-arkkitehtipulasta\\\/\"},\"author\":{\"name\":\"Jenni\",\"@id\":\"https:\\\/\\\/jennipitko.fi\\\/koti\\\/#\\\/schema\\\/person\\\/35955c467f851f10124809310e7e7ee8\"},\"headline\":\"Kirjallinen kysymys arkkitehtipulasta\",\"datePublished\":\"2023-03-01T13:32:13+00:00\",\"dateModified\":\"2023-03-01T13:32:15+00:00\",\"mainEntityOfPage\":{\"@id\":\"https:\\\/\\\/jennipitko.fi\\\/koti\\\/kirjallinen-kysymys-arkkitehtipulasta\\\/\"},\"wordCount\":308,\"publisher\":{\"@id\":\"https:\\\/\\\/jennipitko.fi\\\/koti\\\/#organization\"},\"keywords\":[\"arkkitehdit\",\"arkkitehti\",\"arkkitehtipula\",\"arkkitehtuuri\",\"osaajapula\",\"rakennettu ymp\u00e4rist\u00f6\"],\"articleSection\":[\"Blogi\",\"Valtiop\u00e4iv\u00e4toimet\"],\"inLanguage\":\"fi\"},{\"@type\":\"WebPage\",\"@id\":\"https:\\\/\\\/jennipitko.fi\\\/koti\\\/kirjallinen-kysymys-arkkitehtipulasta\\\/\",\"url\":\"https:\\\/\\\/jennipitko.fi\\\/koti\\\/kirjallinen-kysymys-arkkitehtipulasta\\\/\",\"name\":\"Kirjallinen kysymys arkkitehtipulasta - Jenni Pitko - Vihreiden varapuheenjohtaja, ymp\u00e4rist\u00f6valiokunnan puheenjohtaja, kansanedustaja ja arkkitehti Oulusta\",\"isPartOf\":{\"@id\":\"https:\\\/\\\/jennipitko.fi\\\/koti\\\/#website\"},\"datePublished\":\"2023-03-01T13:32:13+00:00\",\"dateModified\":\"2023-03-01T13:32:15+00:00\",\"description\":\"Arkkitehtien m\u00e4\u00e4r\u00e4 Suomessa aiheuttaa huolta. Pula arkkitehdeista uhkaa rakennetun ymp\u00e4rist\u00f6n laatua ja sujuvia lupaprosesseja.\",\"breadcrumb\":{\"@id\":\"https:\\\/\\\/jennipitko.fi\\\/koti\\\/kirjallinen-kysymys-arkkitehtipulasta\\\/#breadcrumb\"},\"inLanguage\":\"fi\",\"potentialAction\":[{\"@type\":\"ReadAction\",\"target\":[\"https:\\\/\\\/jennipitko.fi\\\/koti\\\/kirjallinen-kysymys-arkkitehtipulasta\\\/\"]}]},{\"@type\":\"BreadcrumbList\",\"@id\":\"https:\\\/\\\/jennipitko.fi\\\/koti\\\/kirjallinen-kysymys-arkkitehtipulasta\\\/#breadcrumb\",\"itemListElement\":[{\"@type\":\"ListItem\",\"position\":1,\"name\":\"Home\",\"item\":\"https:\\\/\\\/jennipitko.fi\\\/koti\\\/\"},{\"@type\":\"ListItem\",\"position\":2,\"name\":\"Kirjallinen kysymys arkkitehtipulasta\"}]},{\"@type\":\"WebSite\",\"@id\":\"https:\\\/\\\/jennipitko.fi\\\/koti\\\/#website\",\"url\":\"https:\\\/\\\/jennipitko.fi\\\/koti\\\/\",\"name\":\"Jenni Pitko - Vihreiden varapuheenjohtaja, ymp\u00e4rist\u00f6valiokunnan puheenjohtaja, kansanedustaja ja arkkitehti Oulusta\",\"description\":\"Jenni Pitko - Vihreiden varapuheenjohtaja, ymp\u00e4rist\u00f6valiokunnan puheenjohtaja, kansanedustaja ja arkkitehti Oulusta\",\"publisher\":{\"@id\":\"https:\\\/\\\/jennipitko.fi\\\/koti\\\/#organization\"},\"potentialAction\":[{\"@type\":\"SearchAction\",\"target\":{\"@type\":\"EntryPoint\",\"urlTemplate\":\"https:\\\/\\\/jennipitko.fi\\\/koti\\\/?s={search_term_string}\"},\"query-input\":{\"@type\":\"PropertyValueSpecification\",\"valueRequired\":true,\"valueName\":\"search_term_string\"}}],\"inLanguage\":\"fi\"},{\"@type\":\"Organization\",\"@id\":\"https:\\\/\\\/jennipitko.fi\\\/koti\\\/#organization\",\"name\":\"Jenni Pitko - Vihreiden varapuheenjohtaja, ymp\u00e4rist\u00f6valiokunnan puheenjohtaja, kansanedustaja ja arkkitehti Oulusta\",\"url\":\"https:\\\/\\\/jennipitko.fi\\\/koti\\\/\",\"logo\":{\"@type\":\"ImageObject\",\"inLanguage\":\"fi\",\"@id\":\"https:\\\/\\\/jennipitko.fi\\\/koti\\\/#\\\/schema\\\/logo\\\/image\\\/\",\"url\":\"https:\\\/\\\/jennipitko.fi\\\/koti\\\/wp-content\\\/uploads\\\/2025\\\/09\\\/Nimeton-malli-38.png\",\"contentUrl\":\"https:\\\/\\\/jennipitko.fi\\\/koti\\\/wp-content\\\/uploads\\\/2025\\\/09\\\/Nimeton-malli-38.png\",\"width\":1280,\"height\":847,\"caption\":\"Jenni Pitko - Vihreiden varapuheenjohtaja, ymp\u00e4rist\u00f6valiokunnan puheenjohtaja, kansanedustaja ja arkkitehti Oulusta\"},\"image\":{\"@id\":\"https:\\\/\\\/jennipitko.fi\\\/koti\\\/#\\\/schema\\\/logo\\\/image\\\/\"}},{\"@type\":\"Person\",\"@id\":\"https:\\\/\\\/jennipitko.fi\\\/koti\\\/#\\\/schema\\\/person\\\/35955c467f851f10124809310e7e7ee8\",\"name\":\"Jenni\",\"image\":{\"@type\":\"ImageObject\",\"inLanguage\":\"fi\",\"@id\":\"https:\\\/\\\/secure.gravatar.com\\\/avatar\\\/625a0e6413b293da7739d42617828d564a4d6028aec3f45d8939a2ba1617199f?s=96&d=blank&r=g\",\"url\":\"https:\\\/\\\/secure.gravatar.com\\\/avatar\\\/625a0e6413b293da7739d42617828d564a4d6028aec3f45d8939a2ba1617199f?s=96&d=blank&r=g\",\"contentUrl\":\"https:\\\/\\\/secure.gravatar.com\\\/avatar\\\/625a0e6413b293da7739d42617828d564a4d6028aec3f45d8939a2ba1617199f?s=96&d=blank&r=g\",\"caption\":\"Jenni\"},\"url\":\"https:\\\/\\\/jennipitko.fi\\\/koti\\\/author\\\/jenni\\\/\"}]}<\/script>\n<!-- \/ Yoast SEO plugin. -->","yoast_head_json":{"title":"Kirjallinen kysymys arkkitehtipulasta - Jenni Pitko - Vihreiden varapuheenjohtaja, ymp\u00e4rist\u00f6valiokunnan puheenjohtaja, kansanedustaja ja arkkitehti Oulusta","description":"Arkkitehtien m\u00e4\u00e4r\u00e4 Suomessa aiheuttaa huolta. Pula arkkitehdeista uhkaa rakennetun ymp\u00e4rist\u00f6n laatua ja sujuvia lupaprosesseja.","robots":{"index":"index","follow":"follow","max-snippet":"max-snippet:-1","max-image-preview":"max-image-preview:large","max-video-preview":"max-video-preview:-1"},"canonical":"https:\/\/jennipitko.fi\/koti\/kirjallinen-kysymys-arkkitehtipulasta\/","og_locale":"fi_FI","og_type":"article","og_title":"Kirjallinen kysymys arkkitehtipulasta - Jenni Pitko - Vihreiden varapuheenjohtaja, ymp\u00e4rist\u00f6valiokunnan puheenjohtaja, kansanedustaja ja arkkitehti Oulusta","og_description":"Arkkitehtien m\u00e4\u00e4r\u00e4 Suomessa aiheuttaa huolta. Pula arkkitehdeista uhkaa rakennetun ymp\u00e4rist\u00f6n laatua ja sujuvia lupaprosesseja.","og_url":"https:\/\/jennipitko.fi\/koti\/kirjallinen-kysymys-arkkitehtipulasta\/","og_site_name":"Jenni Pitko - Vihreiden varapuheenjohtaja, ymp\u00e4rist\u00f6valiokunnan puheenjohtaja, kansanedustaja ja arkkitehti Oulusta","article_published_time":"2023-03-01T13:32:13+00:00","article_modified_time":"2023-03-01T13:32:15+00:00","author":"Jenni","twitter_card":"summary_large_image","twitter_misc":{"Kirjoittanut":"Jenni","Arvioitu lukuaika":"2 minuuttia"},"schema":{"@context":"https:\/\/schema.org","@graph":[{"@type":"Article","@id":"https:\/\/jennipitko.fi\/koti\/kirjallinen-kysymys-arkkitehtipulasta\/#article","isPartOf":{"@id":"https:\/\/jennipitko.fi\/koti\/kirjallinen-kysymys-arkkitehtipulasta\/"},"author":{"name":"Jenni","@id":"https:\/\/jennipitko.fi\/koti\/#\/schema\/person\/35955c467f851f10124809310e7e7ee8"},"headline":"Kirjallinen kysymys arkkitehtipulasta","datePublished":"2023-03-01T13:32:13+00:00","dateModified":"2023-03-01T13:32:15+00:00","mainEntityOfPage":{"@id":"https:\/\/jennipitko.fi\/koti\/kirjallinen-kysymys-arkkitehtipulasta\/"},"wordCount":308,"publisher":{"@id":"https:\/\/jennipitko.fi\/koti\/#organization"},"keywords":["arkkitehdit","arkkitehti","arkkitehtipula","arkkitehtuuri","osaajapula","rakennettu ymp\u00e4rist\u00f6"],"articleSection":["Blogi","Valtiop\u00e4iv\u00e4toimet"],"inLanguage":"fi"},{"@type":"WebPage","@id":"https:\/\/jennipitko.fi\/koti\/kirjallinen-kysymys-arkkitehtipulasta\/","url":"https:\/\/jennipitko.fi\/koti\/kirjallinen-kysymys-arkkitehtipulasta\/","name":"Kirjallinen kysymys arkkitehtipulasta - Jenni Pitko - Vihreiden varapuheenjohtaja, ymp\u00e4rist\u00f6valiokunnan puheenjohtaja, kansanedustaja ja arkkitehti Oulusta","isPartOf":{"@id":"https:\/\/jennipitko.fi\/koti\/#website"},"datePublished":"2023-03-01T13:32:13+00:00","dateModified":"2023-03-01T13:32:15+00:00","description":"Arkkitehtien m\u00e4\u00e4r\u00e4 Suomessa aiheuttaa huolta. Pula arkkitehdeista uhkaa rakennetun ymp\u00e4rist\u00f6n laatua ja sujuvia lupaprosesseja.","breadcrumb":{"@id":"https:\/\/jennipitko.fi\/koti\/kirjallinen-kysymys-arkkitehtipulasta\/#breadcrumb"},"inLanguage":"fi","potentialAction":[{"@type":"ReadAction","target":["https:\/\/jennipitko.fi\/koti\/kirjallinen-kysymys-arkkitehtipulasta\/"]}]},{"@type":"BreadcrumbList","@id":"https:\/\/jennipitko.fi\/koti\/kirjallinen-kysymys-arkkitehtipulasta\/#breadcrumb","itemListElement":[{"@type":"ListItem","position":1,"name":"Home","item":"https:\/\/jennipitko.fi\/koti\/"},{"@type":"ListItem","position":2,"name":"Kirjallinen kysymys arkkitehtipulasta"}]},{"@type":"WebSite","@id":"https:\/\/jennipitko.fi\/koti\/#website","url":"https:\/\/jennipitko.fi\/koti\/","name":"Jenni Pitko - Vihreiden varapuheenjohtaja, ymp\u00e4rist\u00f6valiokunnan puheenjohtaja, kansanedustaja ja arkkitehti Oulusta","description":"Jenni Pitko - Vihreiden varapuheenjohtaja, ymp\u00e4rist\u00f6valiokunnan puheenjohtaja, kansanedustaja ja arkkitehti Oulusta","publisher":{"@id":"https:\/\/jennipitko.fi\/koti\/#organization"},"potentialAction":[{"@type":"SearchAction","target":{"@type":"EntryPoint","urlTemplate":"https:\/\/jennipitko.fi\/koti\/?s={search_term_string}"},"query-input":{"@type":"PropertyValueSpecification","valueRequired":true,"valueName":"search_term_string"}}],"inLanguage":"fi"},{"@type":"Organization","@id":"https:\/\/jennipitko.fi\/koti\/#organization","name":"Jenni Pitko - Vihreiden varapuheenjohtaja, ymp\u00e4rist\u00f6valiokunnan puheenjohtaja, kansanedustaja ja arkkitehti Oulusta","url":"https:\/\/jennipitko.fi\/koti\/","logo":{"@type":"ImageObject","inLanguage":"fi","@id":"https:\/\/jennipitko.fi\/koti\/#\/schema\/logo\/image\/","url":"https:\/\/jennipitko.fi\/koti\/wp-content\/uploads\/2025\/09\/Nimeton-malli-38.png","contentUrl":"https:\/\/jennipitko.fi\/koti\/wp-content\/uploads\/2025\/09\/Nimeton-malli-38.png","width":1280,"height":847,"caption":"Jenni Pitko - Vihreiden varapuheenjohtaja, ymp\u00e4rist\u00f6valiokunnan puheenjohtaja, kansanedustaja ja arkkitehti Oulusta"},"image":{"@id":"https:\/\/jennipitko.fi\/koti\/#\/schema\/logo\/image\/"}},{"@type":"Person","@id":"https:\/\/jennipitko.fi\/koti\/#\/schema\/person\/35955c467f851f10124809310e7e7ee8","name":"Jenni","image":{"@type":"ImageObject","inLanguage":"fi","@id":"https:\/\/secure.gravatar.com\/avatar\/625a0e6413b293da7739d42617828d564a4d6028aec3f45d8939a2ba1617199f?s=96&d=blank&r=g","url":"https:\/\/secure.gravatar.com\/avatar\/625a0e6413b293da7739d42617828d564a4d6028aec3f45d8939a2ba1617199f?s=96&d=blank&r=g","contentUrl":"https:\/\/secure.gravatar.com\/avatar\/625a0e6413b293da7739d42617828d564a4d6028aec3f45d8939a2ba1617199f?s=96&d=blank&r=g","caption":"Jenni"},"url":"https:\/\/jennipitko.fi\/koti\/author\/jenni\/"}]}},"_links":{"self":[{"href":"https:\/\/jennipitko.fi\/koti\/wp-json\/wp\/v2\/posts\/2744","targetHints":{"allow":["GET"]}}],"collection":[{"href":"https:\/\/jennipitko.fi\/koti\/wp-json\/wp\/v2\/posts"}],"about":[{"href":"https:\/\/jennipitko.fi\/koti\/wp-json\/wp\/v2\/types\/post"}],"author":[{"embeddable":true,"href":"https:\/\/jennipitko.fi\/koti\/wp-json\/wp\/v2\/users\/1"}],"replies":[{"embeddable":true,"href":"https:\/\/jennipitko.fi\/koti\/wp-json\/wp\/v2\/comments?post=2744"}],"version-history":[{"count":1,"href":"https:\/\/jennipitko.fi\/koti\/wp-json\/wp\/v2\/posts\/2744\/revisions"}],"predecessor-version":[{"id":2745,"href":"https:\/\/jennipitko.fi\/koti\/wp-json\/wp\/v2\/posts\/2744\/revisions\/2745"}],"wp:attachment":[{"href":"https:\/\/jennipitko.fi\/koti\/wp-json\/wp\/v2\/media?parent=2744"}],"wp:term":[{"taxonomy":"category","embeddable":true,"href":"https:\/\/jennipitko.fi\/koti\/wp-json\/wp\/v2\/categories?post=2744"},{"taxonomy":"post_tag","embeddable":true,"href":"https:\/\/jennipitko.fi\/koti\/wp-json\/wp\/v2\/tags?post=2744"}],"curies":[{"name":"wp","href":"https:\/\/api.w.org\/{rel}","templated":true}]}}