{"id":2788,"date":"2023-03-20T16:00:07","date_gmt":"2023-03-20T14:00:07","guid":{"rendered":"https:\/\/jennipitko.fi\/koti\/?p=2788"},"modified":"2023-03-20T16:00:13","modified_gmt":"2023-03-20T14:00:13","slug":"nuorisorikkollisuus","status":"publish","type":"post","link":"https:\/\/jennipitko.fi\/koti\/nuorisorikkollisuus\/","title":{"rendered":"Kukaan hyvinvoiva nuori ei valitse rikollisuutta"},"content":{"rendered":"\n<p>Nuorisorikollisuudella on yhteys mielenterveyden haasteisiin, oppimisen ongelmiin ja kotioloihin. Jos keskitymme vain koventamaan rangaistuksia, pahennamme ongelmaa ja pahoinvoinnin kierrett\u00e4. Oulussa tapahtuneet nuorten tekem\u00e4t rikokset ovat puhuttaneet paljon. Kysyin tuntemiltani sote- ja&nbsp; rikosseuraamusalan ammattilaisilta, mihin heid\u00e4n mielest\u00e4 pit\u00e4isi kiinnitt\u00e4\u00e4 huomiota. H\u00e4tk\u00e4hdin vastausten konkreettisuudesta. N\u00e4ihin meid\u00e4n p\u00e4\u00e4tt\u00e4jien on ehdottomasti tartuttava!<\/p>\n\n\n\n<p>Kaikki tietenkin l\u00e4htee kodista. Turvallinen koti ja kasvuymp\u00e4rist\u00f6 tukevat nuoren kehityst\u00e4. Perheiden tukeminen on t\u00e4rke\u00e4\u00e4, ja tuen hakeminen pit\u00e4\u00e4 olla aina helppoa. Kun nuori saadaan palveluiden piiriin, pit\u00e4isi koko perhe ottaa mukaan, jotta olot my\u00f6s kotona voivat parantua.<\/p>\n\n\n\n<p>Kaikki nuoret tulee pit\u00e4\u00e4 koulussa ja jokaiselle nuorelle on l\u00f6ydett\u00e4v\u00e4 mieleinen harrastus laajentamaan sosiaalisia suhteita ja tarjoamaan onnistumisen kokemuksia. Rikostaustaisilla nuorilla jopa 25-60 prosentilla on tutkimusten mukaan merkitt\u00e4vi\u00e4 puheen, kielen ja kommunikaation vaikeuksia ja vankilassa olevilla nuorilla ADHD on joka kolmannella. Meid\u00e4n pit\u00e4\u00e4 saada oppimisen tuki sek\u00e4 puhe- ja toimintaterapian resurssit kuntoon niin yksil\u00f6n edun kuin koko yhteiskunnan edun nimiss\u00e4.<\/p>\n\n\n\n<p>Kun nuori p\u00e4\u00e4tyy rikoksen tielle, tulisi rangaistusten sijaan panostaa nuorisososiaality\u00f6h\u00f6n ja kehitt\u00e4\u00e4 nuorten tilanteen arviointia, tukipalveluita ja osoittaa erityist\u00e4 huomiota rikosten uusijoihin, joita ei t\u00e4ll\u00e4 hetkell\u00e4 ole riitt\u00e4v\u00e4sti huomioitu. Hyvi\u00e4 hankkeita on, mutta niist\u00e4 pit\u00e4isi saada pitk\u00e4j\u00e4nteist\u00e4 ja pysyv\u00e4\u00e4 toimintaa. T\u00e4llainen on esimerkiksi Oulussa k\u00e4ynniss\u00e4 oleva Nurri-hanke.<\/p>\n\n\n\n<p>Nuorta pit\u00e4\u00e4 my\u00f6s yritt\u00e4\u00e4 ymm\u00e4rt\u00e4\u00e4 syv\u00e4llisemmin niin poliisin ja oikeusj\u00e4rjestelm\u00e4n puolella kuin sote-palveluissa. Kun ammattilainen on tekemisiss\u00e4 nuoren kanssa, tulisi ammattilaisella olla riitt\u00e4v\u00e4t taidot puheeksiottoon, kohtaamiseen ja interventioihin. T\u00e4m\u00e4 vaatii uutta koulutusta ammattilaisille.<\/p>\n\n\n\n<p>Meid\u00e4n aikuisten pit\u00e4\u00e4 pinnistell\u00e4 ymm\u00e4rt\u00e4\u00e4ksemme rikoksilla oireilevia nuoria. Kukaan hyvinvoiva nuori ei valitse rikollisuutta. Nuoret tarvitsevat yhteiskunnan tukea ja konkreettisia tekoja. Jokainen nuori ansaitsee turvallisen alun el\u00e4m\u00e4\u00e4n!&nbsp;<\/p>\n","protected":false},"excerpt":{"rendered":"<p>Nuorisorikollisuudella on yhteys mielenterveyden haasteisiin, oppimisen ongelmiin ja kotioloihin. Jos keskitymme vain koventamaan rangaistuksia, pahennamme ongelmaa ja pahoinvoinnin kierrett\u00e4. Oulussa [&hellip;]<\/p>\n","protected":false},"author":1,"featured_media":0,"comment_status":"closed","ping_status":"closed","sticky":false,"template":"","format":"standard","meta":{"_monsterinsights_skip_tracking":false,"_monsterinsights_sitenote_active":false,"_monsterinsights_sitenote_note":"","_monsterinsights_sitenote_category":0,"site-sidebar-layout":"default","site-content-layout":"","ast-site-content-layout":"default","site-content-style":"default","site-sidebar-style":"default","ast-global-header-display":"","ast-banner-title-visibility":"","ast-main-header-display":"","ast-hfb-above-header-display":"","ast-hfb-below-header-display":"","ast-hfb-mobile-header-display":"","site-post-title":"","ast-breadcrumbs-content":"","ast-featured-img":"","footer-sml-layout":"","ast-disable-related-posts":"","theme-transparent-header-meta":"","adv-header-id-meta":"","stick-header-meta":"","header-above-stick-meta":"","header-main-stick-meta":"","header-below-stick-meta":"","astra-migrate-meta-layouts":"default","ast-page-background-enabled":"default","ast-page-background-meta":{"desktop":{"background-color":"var(--ast-global-color-5)","background-image":"","background-repeat":"repeat","background-position":"center center","background-size":"auto","background-attachment":"scroll","background-type":"","background-media":"","overlay-type":"","overlay-color":"","overlay-opacity":"","overlay-gradient":""},"tablet":{"background-color":"","background-image":"","background-repeat":"repeat","background-position":"center center","background-size":"auto","background-attachment":"scroll","background-type":"","background-media":"","overlay-type":"","overlay-color":"","overlay-opacity":"","overlay-gradient":""},"mobile":{"background-color":"","background-image":"","background-repeat":"repeat","background-position":"center center","background-size":"auto","background-attachment":"scroll","background-type":"","background-media":"","overlay-type":"","overlay-color":"","overlay-opacity":"","overlay-gradient":""}},"ast-content-background-meta":{"desktop":{"background-color":"var(--ast-global-color-4)","background-image":"","background-repeat":"repeat","background-position":"center center","background-size":"auto","background-attachment":"scroll","background-type":"","background-media":"","overlay-type":"","overlay-color":"","overlay-opacity":"","overlay-gradient":""},"tablet":{"background-color":"var(--ast-global-color-4)","background-image":"","background-repeat":"repeat","background-position":"center center","background-size":"auto","background-attachment":"scroll","background-type":"","background-media":"","overlay-type":"","overlay-color":"","overlay-opacity":"","overlay-gradient":""},"mobile":{"background-color":"var(--ast-global-color-4)","background-image":"","background-repeat":"repeat","background-position":"center center","background-size":"auto","background-attachment":"scroll","background-type":"","background-media":"","overlay-type":"","overlay-color":"","overlay-opacity":"","overlay-gradient":""}},"footnotes":""},"categories":[2],"tags":[],"class_list":["post-2788","post","type-post","status-publish","format-standard","hentry","category-blogi"],"yoast_head":"<!-- This site is optimized with the Yoast SEO plugin v27.5 - https:\/\/yoast.com\/product\/yoast-seo-wordpress\/ -->\n<title>Kukaan hyvinvoiva nuori ei valitse rikollisuutta - Jenni Pitko - Vihreiden varapuheenjohtaja, ymp\u00e4rist\u00f6valiokunnan puheenjohtaja, kansanedustaja ja arkkitehti Oulusta<\/title>\n<meta name=\"robots\" content=\"index, follow, max-snippet:-1, max-image-preview:large, max-video-preview:-1\" \/>\n<link rel=\"canonical\" href=\"https:\/\/jennipitko.fi\/koti\/nuorisorikkollisuus\/\" \/>\n<meta property=\"og:locale\" content=\"fi_FI\" \/>\n<meta property=\"og:type\" content=\"article\" \/>\n<meta property=\"og:title\" content=\"Kukaan hyvinvoiva nuori ei valitse rikollisuutta - Jenni Pitko - Vihreiden varapuheenjohtaja, ymp\u00e4rist\u00f6valiokunnan puheenjohtaja, kansanedustaja ja arkkitehti Oulusta\" \/>\n<meta property=\"og:description\" content=\"Nuorisorikollisuudella on yhteys mielenterveyden haasteisiin, oppimisen ongelmiin ja kotioloihin. Jos keskitymme vain koventamaan rangaistuksia, pahennamme ongelmaa ja pahoinvoinnin kierrett\u00e4. Oulussa [&hellip;]\" \/>\n<meta property=\"og:url\" content=\"https:\/\/jennipitko.fi\/koti\/nuorisorikkollisuus\/\" \/>\n<meta property=\"og:site_name\" content=\"Jenni Pitko - Vihreiden varapuheenjohtaja, ymp\u00e4rist\u00f6valiokunnan puheenjohtaja, kansanedustaja ja arkkitehti Oulusta\" \/>\n<meta property=\"article:published_time\" content=\"2023-03-20T14:00:07+00:00\" \/>\n<meta property=\"article:modified_time\" content=\"2023-03-20T14:00:13+00:00\" \/>\n<meta name=\"author\" content=\"Jenni\" \/>\n<meta name=\"twitter:card\" content=\"summary_large_image\" \/>\n<meta name=\"twitter:label1\" content=\"Kirjoittanut\" \/>\n\t<meta name=\"twitter:data1\" content=\"Jenni\" \/>\n\t<meta name=\"twitter:label2\" content=\"Arvioitu lukuaika\" \/>\n\t<meta name=\"twitter:data2\" content=\"2 minuuttia\" \/>\n<script type=\"application\/ld+json\" class=\"yoast-schema-graph\">{\"@context\":\"https:\\\/\\\/schema.org\",\"@graph\":[{\"@type\":\"Article\",\"@id\":\"https:\\\/\\\/jennipitko.fi\\\/koti\\\/nuorisorikkollisuus\\\/#article\",\"isPartOf\":{\"@id\":\"https:\\\/\\\/jennipitko.fi\\\/koti\\\/nuorisorikkollisuus\\\/\"},\"author\":{\"name\":\"Jenni\",\"@id\":\"https:\\\/\\\/jennipitko.fi\\\/koti\\\/#\\\/schema\\\/person\\\/35955c467f851f10124809310e7e7ee8\"},\"headline\":\"Kukaan hyvinvoiva nuori ei valitse rikollisuutta\",\"datePublished\":\"2023-03-20T14:00:07+00:00\",\"dateModified\":\"2023-03-20T14:00:13+00:00\",\"mainEntityOfPage\":{\"@id\":\"https:\\\/\\\/jennipitko.fi\\\/koti\\\/nuorisorikkollisuus\\\/\"},\"wordCount\":304,\"publisher\":{\"@id\":\"https:\\\/\\\/jennipitko.fi\\\/koti\\\/#organization\"},\"articleSection\":[\"Blogi\"],\"inLanguage\":\"fi\"},{\"@type\":\"WebPage\",\"@id\":\"https:\\\/\\\/jennipitko.fi\\\/koti\\\/nuorisorikkollisuus\\\/\",\"url\":\"https:\\\/\\\/jennipitko.fi\\\/koti\\\/nuorisorikkollisuus\\\/\",\"name\":\"Kukaan hyvinvoiva nuori ei valitse rikollisuutta - Jenni Pitko - Vihreiden varapuheenjohtaja, ymp\u00e4rist\u00f6valiokunnan puheenjohtaja, kansanedustaja ja arkkitehti Oulusta\",\"isPartOf\":{\"@id\":\"https:\\\/\\\/jennipitko.fi\\\/koti\\\/#website\"},\"datePublished\":\"2023-03-20T14:00:07+00:00\",\"dateModified\":\"2023-03-20T14:00:13+00:00\",\"breadcrumb\":{\"@id\":\"https:\\\/\\\/jennipitko.fi\\\/koti\\\/nuorisorikkollisuus\\\/#breadcrumb\"},\"inLanguage\":\"fi\",\"potentialAction\":[{\"@type\":\"ReadAction\",\"target\":[\"https:\\\/\\\/jennipitko.fi\\\/koti\\\/nuorisorikkollisuus\\\/\"]}]},{\"@type\":\"BreadcrumbList\",\"@id\":\"https:\\\/\\\/jennipitko.fi\\\/koti\\\/nuorisorikkollisuus\\\/#breadcrumb\",\"itemListElement\":[{\"@type\":\"ListItem\",\"position\":1,\"name\":\"Home\",\"item\":\"https:\\\/\\\/jennipitko.fi\\\/koti\\\/\"},{\"@type\":\"ListItem\",\"position\":2,\"name\":\"Kukaan hyvinvoiva nuori ei valitse rikollisuutta\"}]},{\"@type\":\"WebSite\",\"@id\":\"https:\\\/\\\/jennipitko.fi\\\/koti\\\/#website\",\"url\":\"https:\\\/\\\/jennipitko.fi\\\/koti\\\/\",\"name\":\"Jenni Pitko - Vihreiden varapuheenjohtaja, ymp\u00e4rist\u00f6valiokunnan puheenjohtaja, kansanedustaja ja arkkitehti Oulusta\",\"description\":\"Jenni Pitko - Vihreiden varapuheenjohtaja, ymp\u00e4rist\u00f6valiokunnan puheenjohtaja, kansanedustaja ja arkkitehti Oulusta\",\"publisher\":{\"@id\":\"https:\\\/\\\/jennipitko.fi\\\/koti\\\/#organization\"},\"potentialAction\":[{\"@type\":\"SearchAction\",\"target\":{\"@type\":\"EntryPoint\",\"urlTemplate\":\"https:\\\/\\\/jennipitko.fi\\\/koti\\\/?s={search_term_string}\"},\"query-input\":{\"@type\":\"PropertyValueSpecification\",\"valueRequired\":true,\"valueName\":\"search_term_string\"}}],\"inLanguage\":\"fi\"},{\"@type\":\"Organization\",\"@id\":\"https:\\\/\\\/jennipitko.fi\\\/koti\\\/#organization\",\"name\":\"Jenni Pitko - Vihreiden varapuheenjohtaja, ymp\u00e4rist\u00f6valiokunnan puheenjohtaja, kansanedustaja ja arkkitehti Oulusta\",\"url\":\"https:\\\/\\\/jennipitko.fi\\\/koti\\\/\",\"logo\":{\"@type\":\"ImageObject\",\"inLanguage\":\"fi\",\"@id\":\"https:\\\/\\\/jennipitko.fi\\\/koti\\\/#\\\/schema\\\/logo\\\/image\\\/\",\"url\":\"https:\\\/\\\/jennipitko.fi\\\/koti\\\/wp-content\\\/uploads\\\/2025\\\/09\\\/Nimeton-malli-38.png\",\"contentUrl\":\"https:\\\/\\\/jennipitko.fi\\\/koti\\\/wp-content\\\/uploads\\\/2025\\\/09\\\/Nimeton-malli-38.png\",\"width\":1280,\"height\":847,\"caption\":\"Jenni Pitko - Vihreiden varapuheenjohtaja, ymp\u00e4rist\u00f6valiokunnan puheenjohtaja, kansanedustaja ja arkkitehti Oulusta\"},\"image\":{\"@id\":\"https:\\\/\\\/jennipitko.fi\\\/koti\\\/#\\\/schema\\\/logo\\\/image\\\/\"}},{\"@type\":\"Person\",\"@id\":\"https:\\\/\\\/jennipitko.fi\\\/koti\\\/#\\\/schema\\\/person\\\/35955c467f851f10124809310e7e7ee8\",\"name\":\"Jenni\",\"image\":{\"@type\":\"ImageObject\",\"inLanguage\":\"fi\",\"@id\":\"https:\\\/\\\/secure.gravatar.com\\\/avatar\\\/625a0e6413b293da7739d42617828d564a4d6028aec3f45d8939a2ba1617199f?s=96&d=blank&r=g\",\"url\":\"https:\\\/\\\/secure.gravatar.com\\\/avatar\\\/625a0e6413b293da7739d42617828d564a4d6028aec3f45d8939a2ba1617199f?s=96&d=blank&r=g\",\"contentUrl\":\"https:\\\/\\\/secure.gravatar.com\\\/avatar\\\/625a0e6413b293da7739d42617828d564a4d6028aec3f45d8939a2ba1617199f?s=96&d=blank&r=g\",\"caption\":\"Jenni\"},\"url\":\"https:\\\/\\\/jennipitko.fi\\\/koti\\\/author\\\/jenni\\\/\"}]}<\/script>\n<!-- \/ Yoast SEO plugin. -->","yoast_head_json":{"title":"Kukaan hyvinvoiva nuori ei valitse rikollisuutta - Jenni Pitko - Vihreiden varapuheenjohtaja, ymp\u00e4rist\u00f6valiokunnan puheenjohtaja, kansanedustaja ja arkkitehti Oulusta","robots":{"index":"index","follow":"follow","max-snippet":"max-snippet:-1","max-image-preview":"max-image-preview:large","max-video-preview":"max-video-preview:-1"},"canonical":"https:\/\/jennipitko.fi\/koti\/nuorisorikkollisuus\/","og_locale":"fi_FI","og_type":"article","og_title":"Kukaan hyvinvoiva nuori ei valitse rikollisuutta - Jenni Pitko - Vihreiden varapuheenjohtaja, ymp\u00e4rist\u00f6valiokunnan puheenjohtaja, kansanedustaja ja arkkitehti Oulusta","og_description":"Nuorisorikollisuudella on yhteys mielenterveyden haasteisiin, oppimisen ongelmiin ja kotioloihin. Jos keskitymme vain koventamaan rangaistuksia, pahennamme ongelmaa ja pahoinvoinnin kierrett\u00e4. Oulussa [&hellip;]","og_url":"https:\/\/jennipitko.fi\/koti\/nuorisorikkollisuus\/","og_site_name":"Jenni Pitko - Vihreiden varapuheenjohtaja, ymp\u00e4rist\u00f6valiokunnan puheenjohtaja, kansanedustaja ja arkkitehti Oulusta","article_published_time":"2023-03-20T14:00:07+00:00","article_modified_time":"2023-03-20T14:00:13+00:00","author":"Jenni","twitter_card":"summary_large_image","twitter_misc":{"Kirjoittanut":"Jenni","Arvioitu lukuaika":"2 minuuttia"},"schema":{"@context":"https:\/\/schema.org","@graph":[{"@type":"Article","@id":"https:\/\/jennipitko.fi\/koti\/nuorisorikkollisuus\/#article","isPartOf":{"@id":"https:\/\/jennipitko.fi\/koti\/nuorisorikkollisuus\/"},"author":{"name":"Jenni","@id":"https:\/\/jennipitko.fi\/koti\/#\/schema\/person\/35955c467f851f10124809310e7e7ee8"},"headline":"Kukaan hyvinvoiva nuori ei valitse rikollisuutta","datePublished":"2023-03-20T14:00:07+00:00","dateModified":"2023-03-20T14:00:13+00:00","mainEntityOfPage":{"@id":"https:\/\/jennipitko.fi\/koti\/nuorisorikkollisuus\/"},"wordCount":304,"publisher":{"@id":"https:\/\/jennipitko.fi\/koti\/#organization"},"articleSection":["Blogi"],"inLanguage":"fi"},{"@type":"WebPage","@id":"https:\/\/jennipitko.fi\/koti\/nuorisorikkollisuus\/","url":"https:\/\/jennipitko.fi\/koti\/nuorisorikkollisuus\/","name":"Kukaan hyvinvoiva nuori ei valitse rikollisuutta - Jenni Pitko - Vihreiden varapuheenjohtaja, ymp\u00e4rist\u00f6valiokunnan puheenjohtaja, kansanedustaja ja arkkitehti Oulusta","isPartOf":{"@id":"https:\/\/jennipitko.fi\/koti\/#website"},"datePublished":"2023-03-20T14:00:07+00:00","dateModified":"2023-03-20T14:00:13+00:00","breadcrumb":{"@id":"https:\/\/jennipitko.fi\/koti\/nuorisorikkollisuus\/#breadcrumb"},"inLanguage":"fi","potentialAction":[{"@type":"ReadAction","target":["https:\/\/jennipitko.fi\/koti\/nuorisorikkollisuus\/"]}]},{"@type":"BreadcrumbList","@id":"https:\/\/jennipitko.fi\/koti\/nuorisorikkollisuus\/#breadcrumb","itemListElement":[{"@type":"ListItem","position":1,"name":"Home","item":"https:\/\/jennipitko.fi\/koti\/"},{"@type":"ListItem","position":2,"name":"Kukaan hyvinvoiva nuori ei valitse rikollisuutta"}]},{"@type":"WebSite","@id":"https:\/\/jennipitko.fi\/koti\/#website","url":"https:\/\/jennipitko.fi\/koti\/","name":"Jenni Pitko - Vihreiden varapuheenjohtaja, ymp\u00e4rist\u00f6valiokunnan puheenjohtaja, kansanedustaja ja arkkitehti Oulusta","description":"Jenni Pitko - Vihreiden varapuheenjohtaja, ymp\u00e4rist\u00f6valiokunnan puheenjohtaja, kansanedustaja ja arkkitehti Oulusta","publisher":{"@id":"https:\/\/jennipitko.fi\/koti\/#organization"},"potentialAction":[{"@type":"SearchAction","target":{"@type":"EntryPoint","urlTemplate":"https:\/\/jennipitko.fi\/koti\/?s={search_term_string}"},"query-input":{"@type":"PropertyValueSpecification","valueRequired":true,"valueName":"search_term_string"}}],"inLanguage":"fi"},{"@type":"Organization","@id":"https:\/\/jennipitko.fi\/koti\/#organization","name":"Jenni Pitko - Vihreiden varapuheenjohtaja, ymp\u00e4rist\u00f6valiokunnan puheenjohtaja, kansanedustaja ja arkkitehti Oulusta","url":"https:\/\/jennipitko.fi\/koti\/","logo":{"@type":"ImageObject","inLanguage":"fi","@id":"https:\/\/jennipitko.fi\/koti\/#\/schema\/logo\/image\/","url":"https:\/\/jennipitko.fi\/koti\/wp-content\/uploads\/2025\/09\/Nimeton-malli-38.png","contentUrl":"https:\/\/jennipitko.fi\/koti\/wp-content\/uploads\/2025\/09\/Nimeton-malli-38.png","width":1280,"height":847,"caption":"Jenni Pitko - Vihreiden varapuheenjohtaja, ymp\u00e4rist\u00f6valiokunnan puheenjohtaja, kansanedustaja ja arkkitehti Oulusta"},"image":{"@id":"https:\/\/jennipitko.fi\/koti\/#\/schema\/logo\/image\/"}},{"@type":"Person","@id":"https:\/\/jennipitko.fi\/koti\/#\/schema\/person\/35955c467f851f10124809310e7e7ee8","name":"Jenni","image":{"@type":"ImageObject","inLanguage":"fi","@id":"https:\/\/secure.gravatar.com\/avatar\/625a0e6413b293da7739d42617828d564a4d6028aec3f45d8939a2ba1617199f?s=96&d=blank&r=g","url":"https:\/\/secure.gravatar.com\/avatar\/625a0e6413b293da7739d42617828d564a4d6028aec3f45d8939a2ba1617199f?s=96&d=blank&r=g","contentUrl":"https:\/\/secure.gravatar.com\/avatar\/625a0e6413b293da7739d42617828d564a4d6028aec3f45d8939a2ba1617199f?s=96&d=blank&r=g","caption":"Jenni"},"url":"https:\/\/jennipitko.fi\/koti\/author\/jenni\/"}]}},"_links":{"self":[{"href":"https:\/\/jennipitko.fi\/koti\/wp-json\/wp\/v2\/posts\/2788","targetHints":{"allow":["GET"]}}],"collection":[{"href":"https:\/\/jennipitko.fi\/koti\/wp-json\/wp\/v2\/posts"}],"about":[{"href":"https:\/\/jennipitko.fi\/koti\/wp-json\/wp\/v2\/types\/post"}],"author":[{"embeddable":true,"href":"https:\/\/jennipitko.fi\/koti\/wp-json\/wp\/v2\/users\/1"}],"replies":[{"embeddable":true,"href":"https:\/\/jennipitko.fi\/koti\/wp-json\/wp\/v2\/comments?post=2788"}],"version-history":[{"count":1,"href":"https:\/\/jennipitko.fi\/koti\/wp-json\/wp\/v2\/posts\/2788\/revisions"}],"predecessor-version":[{"id":2789,"href":"https:\/\/jennipitko.fi\/koti\/wp-json\/wp\/v2\/posts\/2788\/revisions\/2789"}],"wp:attachment":[{"href":"https:\/\/jennipitko.fi\/koti\/wp-json\/wp\/v2\/media?parent=2788"}],"wp:term":[{"taxonomy":"category","embeddable":true,"href":"https:\/\/jennipitko.fi\/koti\/wp-json\/wp\/v2\/categories?post=2788"},{"taxonomy":"post_tag","embeddable":true,"href":"https:\/\/jennipitko.fi\/koti\/wp-json\/wp\/v2\/tags?post=2788"}],"curies":[{"name":"wp","href":"https:\/\/api.w.org\/{rel}","templated":true}]}}