{"id":2794,"date":"2023-04-01T08:11:02","date_gmt":"2023-04-01T06:11:02","guid":{"rendered":"https:\/\/jennipitko.fi\/koti\/?p=2794"},"modified":"2023-04-01T08:24:53","modified_gmt":"2023-04-01T06:24:53","slug":"tehdaan-sanginjoesta-seuraava-kansallispuisto","status":"publish","type":"post","link":"https:\/\/jennipitko.fi\/koti\/tehdaan-sanginjoesta-seuraava-kansallispuisto\/","title":{"rendered":"Tehd\u00e4\u00e4n Sanginjoesta seuraava kansallispuisto"},"content":{"rendered":"\n<p>Oulun seutu ansaitsee oman py\u00f6r\u00e4ll\u00e4 ja bussilla saavutettavan kansallispuiston esteett\u00f6mine ja kutsuvine reitteineen.<\/p>\n\n\n\n<p>Kansallispuistokartan pikavilkaisu jo osoittaa, ett\u00e4 Oulun seutu on ainoa iso kaupunkiseutu, jonka l\u00e4heisyydest\u00e4 puuttuu kansallispuisto. Siksi seuraava perustettava kansallispuisto pit\u00e4isi olla Sanginjoki &#8211; Oulun oma Nuuksio!<\/p>\n\n\n\n<p>Kansallispuiston saaminen olisi parasta, mit\u00e4 oululaisten virkistykselle ja Oulun seudun matkailulle voisi tapahtua. Kuluneella eduskuntakaudella perustimme uuden kansallispuiston Sallaan. Jo t\u00e4h\u00e4n menness\u00e4 se on tuonut 3500 asukkaan kuntaan investointeja 10 miljoonalla eurolla.<\/p>\n\n\n\n<p>Sanginjoen korpimets\u00e4t ja harjut ovat koti monelle lajille. Alueella on my\u00f6s erityisen runsas linnusto. Samalla se on meille oululaisille rakas retkikohde. Jo nyt Sanginjoella on k\u00e4vij\u00f6it\u00e4 enemm\u00e4n kuin monissa muissa kansallispuistoissa. Alue on my\u00f6s yksi harvoja suuria yhten\u00e4isisi\u00e4 vanhojen metsien alueita Oulussa.&nbsp;<\/p>\n\n\n\n<p>Olin taistelemassa Oulun valtuustossa vuosia suojelun puolesta ja lopulta saimme p\u00e4\u00e4t\u00f6ksen Suomen suurimmasta kunnallisesta luonnonsuojelualueesta. Koneen s\u00e4\u00e4ti\u00f6n avulla luonnonsuojelualue kasvoi lis\u00e4\u00e4. N\u00e4iden p\u00e4\u00e4t\u00f6sten my\u00f6t\u00e4 Sanginjoesta todella voisi tulla kansallispuisto.&nbsp;<\/p>\n\n\n\n<p>Kansanedustajana olen halunnut lis\u00e4t\u00e4 Sanginjoen tunnettavuutta Suomessa. Olen vienyt sinne esimerkiksi ymp\u00e4rist\u00f6ministerit Maria Ohisalon ja Krista Mikkosen.&nbsp;<\/p>\n\n\n\n<p>Tapana on ollut, ett\u00e4 jokaisella eduskuntakaudella Suomeen perustetaan v\u00e4hint\u00e4\u00e4n yksi uusi kansallispuisto. Luonnonarvojen lis\u00e4ksi yksi avaintekij\u00e4 on alueen yhteenhiileen puhaltaminen kansallispuiston eteen. Olen valmis tekem\u00e4\u00e4n kaikkeni, ett\u00e4 Ouluun saadaan oma kansallispuisto.<\/p>\n","protected":false},"excerpt":{"rendered":"<p>Oulun seutu ansaitsee oman py\u00f6r\u00e4ll\u00e4 ja bussilla saavutettavan kansallispuiston esteett\u00f6mine ja kutsuvine reitteineen. Kansallispuistokartan pikavilkaisu jo osoittaa, ett\u00e4 Oulun seutu [&hellip;]<\/p>\n","protected":false},"author":1,"featured_media":0,"comment_status":"closed","ping_status":"closed","sticky":false,"template":"","format":"standard","meta":{"_monsterinsights_skip_tracking":false,"_monsterinsights_sitenote_active":false,"_monsterinsights_sitenote_note":"","_monsterinsights_sitenote_category":0,"site-sidebar-layout":"default","site-content-layout":"","ast-site-content-layout":"default","site-content-style":"default","site-sidebar-style":"default","ast-global-header-display":"","ast-banner-title-visibility":"","ast-main-header-display":"","ast-hfb-above-header-display":"","ast-hfb-below-header-display":"","ast-hfb-mobile-header-display":"","site-post-title":"","ast-breadcrumbs-content":"","ast-featured-img":"","footer-sml-layout":"","ast-disable-related-posts":"","theme-transparent-header-meta":"","adv-header-id-meta":"","stick-header-meta":"","header-above-stick-meta":"","header-main-stick-meta":"","header-below-stick-meta":"","astra-migrate-meta-layouts":"default","ast-page-background-enabled":"default","ast-page-background-meta":{"desktop":{"background-color":"var(--ast-global-color-5)","background-image":"","background-repeat":"repeat","background-position":"center center","background-size":"auto","background-attachment":"scroll","background-type":"","background-media":"","overlay-type":"","overlay-color":"","overlay-opacity":"","overlay-gradient":""},"tablet":{"background-color":"","background-image":"","background-repeat":"repeat","background-position":"center center","background-size":"auto","background-attachment":"scroll","background-type":"","background-media":"","overlay-type":"","overlay-color":"","overlay-opacity":"","overlay-gradient":""},"mobile":{"background-color":"","background-image":"","background-repeat":"repeat","background-position":"center center","background-size":"auto","background-attachment":"scroll","background-type":"","background-media":"","overlay-type":"","overlay-color":"","overlay-opacity":"","overlay-gradient":""}},"ast-content-background-meta":{"desktop":{"background-color":"var(--ast-global-color-4)","background-image":"","background-repeat":"repeat","background-position":"center center","background-size":"auto","background-attachment":"scroll","background-type":"","background-media":"","overlay-type":"","overlay-color":"","overlay-opacity":"","overlay-gradient":""},"tablet":{"background-color":"var(--ast-global-color-4)","background-image":"","background-repeat":"repeat","background-position":"center center","background-size":"auto","background-attachment":"scroll","background-type":"","background-media":"","overlay-type":"","overlay-color":"","overlay-opacity":"","overlay-gradient":""},"mobile":{"background-color":"var(--ast-global-color-4)","background-image":"","background-repeat":"repeat","background-position":"center center","background-size":"auto","background-attachment":"scroll","background-type":"","background-media":"","overlay-type":"","overlay-color":"","overlay-opacity":"","overlay-gradient":""}},"footnotes":""},"categories":[1],"tags":[],"class_list":["post-2794","post","type-post","status-publish","format-standard","hentry","category-uncategorized"],"yoast_head":"<!-- This site is optimized with the Yoast SEO plugin v27.5 - https:\/\/yoast.com\/product\/yoast-seo-wordpress\/ -->\n<title>Tehd\u00e4\u00e4n Sanginjoesta seuraava kansallispuisto - Jenni Pitko - Vihreiden varapuheenjohtaja, ymp\u00e4rist\u00f6valiokunnan puheenjohtaja, kansanedustaja ja arkkitehti Oulusta<\/title>\n<meta name=\"robots\" content=\"index, follow, max-snippet:-1, max-image-preview:large, max-video-preview:-1\" \/>\n<link rel=\"canonical\" href=\"https:\/\/jennipitko.fi\/koti\/tehdaan-sanginjoesta-seuraava-kansallispuisto\/\" \/>\n<meta property=\"og:locale\" content=\"fi_FI\" \/>\n<meta property=\"og:type\" content=\"article\" \/>\n<meta property=\"og:title\" content=\"Tehd\u00e4\u00e4n Sanginjoesta seuraava kansallispuisto - Jenni Pitko - Vihreiden varapuheenjohtaja, ymp\u00e4rist\u00f6valiokunnan puheenjohtaja, kansanedustaja ja arkkitehti Oulusta\" \/>\n<meta property=\"og:description\" content=\"Oulun seutu ansaitsee oman py\u00f6r\u00e4ll\u00e4 ja bussilla saavutettavan kansallispuiston esteett\u00f6mine ja kutsuvine reitteineen. Kansallispuistokartan pikavilkaisu jo osoittaa, ett\u00e4 Oulun seutu [&hellip;]\" \/>\n<meta property=\"og:url\" content=\"https:\/\/jennipitko.fi\/koti\/tehdaan-sanginjoesta-seuraava-kansallispuisto\/\" \/>\n<meta property=\"og:site_name\" content=\"Jenni Pitko - Vihreiden varapuheenjohtaja, ymp\u00e4rist\u00f6valiokunnan puheenjohtaja, kansanedustaja ja arkkitehti Oulusta\" \/>\n<meta property=\"article:published_time\" content=\"2023-04-01T06:11:02+00:00\" \/>\n<meta property=\"article:modified_time\" content=\"2023-04-01T06:24:53+00:00\" \/>\n<meta name=\"author\" content=\"Jenni\" \/>\n<meta name=\"twitter:card\" content=\"summary_large_image\" \/>\n<meta name=\"twitter:label1\" content=\"Kirjoittanut\" \/>\n\t<meta name=\"twitter:data1\" content=\"Jenni\" \/>\n\t<meta name=\"twitter:label2\" content=\"Arvioitu lukuaika\" \/>\n\t<meta name=\"twitter:data2\" content=\"2 minuuttia\" \/>\n<script type=\"application\/ld+json\" class=\"yoast-schema-graph\">{\"@context\":\"https:\\\/\\\/schema.org\",\"@graph\":[{\"@type\":\"Article\",\"@id\":\"https:\\\/\\\/jennipitko.fi\\\/koti\\\/tehdaan-sanginjoesta-seuraava-kansallispuisto\\\/#article\",\"isPartOf\":{\"@id\":\"https:\\\/\\\/jennipitko.fi\\\/koti\\\/tehdaan-sanginjoesta-seuraava-kansallispuisto\\\/\"},\"author\":{\"name\":\"Jenni\",\"@id\":\"https:\\\/\\\/jennipitko.fi\\\/koti\\\/#\\\/schema\\\/person\\\/35955c467f851f10124809310e7e7ee8\"},\"headline\":\"Tehd\u00e4\u00e4n Sanginjoesta seuraava kansallispuisto\",\"datePublished\":\"2023-04-01T06:11:02+00:00\",\"dateModified\":\"2023-04-01T06:24:53+00:00\",\"mainEntityOfPage\":{\"@id\":\"https:\\\/\\\/jennipitko.fi\\\/koti\\\/tehdaan-sanginjoesta-seuraava-kansallispuisto\\\/\"},\"wordCount\":225,\"publisher\":{\"@id\":\"https:\\\/\\\/jennipitko.fi\\\/koti\\\/#organization\"},\"articleSection\":[\"Uncategorized\"],\"inLanguage\":\"fi\"},{\"@type\":\"WebPage\",\"@id\":\"https:\\\/\\\/jennipitko.fi\\\/koti\\\/tehdaan-sanginjoesta-seuraava-kansallispuisto\\\/\",\"url\":\"https:\\\/\\\/jennipitko.fi\\\/koti\\\/tehdaan-sanginjoesta-seuraava-kansallispuisto\\\/\",\"name\":\"Tehd\u00e4\u00e4n Sanginjoesta seuraava kansallispuisto - Jenni Pitko - Vihreiden varapuheenjohtaja, ymp\u00e4rist\u00f6valiokunnan puheenjohtaja, kansanedustaja ja arkkitehti Oulusta\",\"isPartOf\":{\"@id\":\"https:\\\/\\\/jennipitko.fi\\\/koti\\\/#website\"},\"datePublished\":\"2023-04-01T06:11:02+00:00\",\"dateModified\":\"2023-04-01T06:24:53+00:00\",\"breadcrumb\":{\"@id\":\"https:\\\/\\\/jennipitko.fi\\\/koti\\\/tehdaan-sanginjoesta-seuraava-kansallispuisto\\\/#breadcrumb\"},\"inLanguage\":\"fi\",\"potentialAction\":[{\"@type\":\"ReadAction\",\"target\":[\"https:\\\/\\\/jennipitko.fi\\\/koti\\\/tehdaan-sanginjoesta-seuraava-kansallispuisto\\\/\"]}]},{\"@type\":\"BreadcrumbList\",\"@id\":\"https:\\\/\\\/jennipitko.fi\\\/koti\\\/tehdaan-sanginjoesta-seuraava-kansallispuisto\\\/#breadcrumb\",\"itemListElement\":[{\"@type\":\"ListItem\",\"position\":1,\"name\":\"Home\",\"item\":\"https:\\\/\\\/jennipitko.fi\\\/koti\\\/\"},{\"@type\":\"ListItem\",\"position\":2,\"name\":\"Tehd\u00e4\u00e4n Sanginjoesta seuraava kansallispuisto\"}]},{\"@type\":\"WebSite\",\"@id\":\"https:\\\/\\\/jennipitko.fi\\\/koti\\\/#website\",\"url\":\"https:\\\/\\\/jennipitko.fi\\\/koti\\\/\",\"name\":\"Jenni Pitko - Vihreiden varapuheenjohtaja, ymp\u00e4rist\u00f6valiokunnan puheenjohtaja, kansanedustaja ja arkkitehti Oulusta\",\"description\":\"Jenni Pitko - Vihreiden varapuheenjohtaja, ymp\u00e4rist\u00f6valiokunnan puheenjohtaja, kansanedustaja ja arkkitehti Oulusta\",\"publisher\":{\"@id\":\"https:\\\/\\\/jennipitko.fi\\\/koti\\\/#organization\"},\"potentialAction\":[{\"@type\":\"SearchAction\",\"target\":{\"@type\":\"EntryPoint\",\"urlTemplate\":\"https:\\\/\\\/jennipitko.fi\\\/koti\\\/?s={search_term_string}\"},\"query-input\":{\"@type\":\"PropertyValueSpecification\",\"valueRequired\":true,\"valueName\":\"search_term_string\"}}],\"inLanguage\":\"fi\"},{\"@type\":\"Organization\",\"@id\":\"https:\\\/\\\/jennipitko.fi\\\/koti\\\/#organization\",\"name\":\"Jenni Pitko - Vihreiden varapuheenjohtaja, ymp\u00e4rist\u00f6valiokunnan puheenjohtaja, kansanedustaja ja arkkitehti Oulusta\",\"url\":\"https:\\\/\\\/jennipitko.fi\\\/koti\\\/\",\"logo\":{\"@type\":\"ImageObject\",\"inLanguage\":\"fi\",\"@id\":\"https:\\\/\\\/jennipitko.fi\\\/koti\\\/#\\\/schema\\\/logo\\\/image\\\/\",\"url\":\"https:\\\/\\\/jennipitko.fi\\\/koti\\\/wp-content\\\/uploads\\\/2025\\\/09\\\/Nimeton-malli-38.png\",\"contentUrl\":\"https:\\\/\\\/jennipitko.fi\\\/koti\\\/wp-content\\\/uploads\\\/2025\\\/09\\\/Nimeton-malli-38.png\",\"width\":1280,\"height\":847,\"caption\":\"Jenni Pitko - Vihreiden varapuheenjohtaja, ymp\u00e4rist\u00f6valiokunnan puheenjohtaja, kansanedustaja ja arkkitehti Oulusta\"},\"image\":{\"@id\":\"https:\\\/\\\/jennipitko.fi\\\/koti\\\/#\\\/schema\\\/logo\\\/image\\\/\"}},{\"@type\":\"Person\",\"@id\":\"https:\\\/\\\/jennipitko.fi\\\/koti\\\/#\\\/schema\\\/person\\\/35955c467f851f10124809310e7e7ee8\",\"name\":\"Jenni\",\"image\":{\"@type\":\"ImageObject\",\"inLanguage\":\"fi\",\"@id\":\"https:\\\/\\\/secure.gravatar.com\\\/avatar\\\/625a0e6413b293da7739d42617828d564a4d6028aec3f45d8939a2ba1617199f?s=96&d=blank&r=g\",\"url\":\"https:\\\/\\\/secure.gravatar.com\\\/avatar\\\/625a0e6413b293da7739d42617828d564a4d6028aec3f45d8939a2ba1617199f?s=96&d=blank&r=g\",\"contentUrl\":\"https:\\\/\\\/secure.gravatar.com\\\/avatar\\\/625a0e6413b293da7739d42617828d564a4d6028aec3f45d8939a2ba1617199f?s=96&d=blank&r=g\",\"caption\":\"Jenni\"},\"url\":\"https:\\\/\\\/jennipitko.fi\\\/koti\\\/author\\\/jenni\\\/\"}]}<\/script>\n<!-- \/ Yoast SEO plugin. -->","yoast_head_json":{"title":"Tehd\u00e4\u00e4n Sanginjoesta seuraava kansallispuisto - Jenni Pitko - Vihreiden varapuheenjohtaja, ymp\u00e4rist\u00f6valiokunnan puheenjohtaja, kansanedustaja ja arkkitehti Oulusta","robots":{"index":"index","follow":"follow","max-snippet":"max-snippet:-1","max-image-preview":"max-image-preview:large","max-video-preview":"max-video-preview:-1"},"canonical":"https:\/\/jennipitko.fi\/koti\/tehdaan-sanginjoesta-seuraava-kansallispuisto\/","og_locale":"fi_FI","og_type":"article","og_title":"Tehd\u00e4\u00e4n Sanginjoesta seuraava kansallispuisto - Jenni Pitko - Vihreiden varapuheenjohtaja, ymp\u00e4rist\u00f6valiokunnan puheenjohtaja, kansanedustaja ja arkkitehti Oulusta","og_description":"Oulun seutu ansaitsee oman py\u00f6r\u00e4ll\u00e4 ja bussilla saavutettavan kansallispuiston esteett\u00f6mine ja kutsuvine reitteineen. Kansallispuistokartan pikavilkaisu jo osoittaa, ett\u00e4 Oulun seutu [&hellip;]","og_url":"https:\/\/jennipitko.fi\/koti\/tehdaan-sanginjoesta-seuraava-kansallispuisto\/","og_site_name":"Jenni Pitko - Vihreiden varapuheenjohtaja, ymp\u00e4rist\u00f6valiokunnan puheenjohtaja, kansanedustaja ja arkkitehti Oulusta","article_published_time":"2023-04-01T06:11:02+00:00","article_modified_time":"2023-04-01T06:24:53+00:00","author":"Jenni","twitter_card":"summary_large_image","twitter_misc":{"Kirjoittanut":"Jenni","Arvioitu lukuaika":"2 minuuttia"},"schema":{"@context":"https:\/\/schema.org","@graph":[{"@type":"Article","@id":"https:\/\/jennipitko.fi\/koti\/tehdaan-sanginjoesta-seuraava-kansallispuisto\/#article","isPartOf":{"@id":"https:\/\/jennipitko.fi\/koti\/tehdaan-sanginjoesta-seuraava-kansallispuisto\/"},"author":{"name":"Jenni","@id":"https:\/\/jennipitko.fi\/koti\/#\/schema\/person\/35955c467f851f10124809310e7e7ee8"},"headline":"Tehd\u00e4\u00e4n Sanginjoesta seuraava kansallispuisto","datePublished":"2023-04-01T06:11:02+00:00","dateModified":"2023-04-01T06:24:53+00:00","mainEntityOfPage":{"@id":"https:\/\/jennipitko.fi\/koti\/tehdaan-sanginjoesta-seuraava-kansallispuisto\/"},"wordCount":225,"publisher":{"@id":"https:\/\/jennipitko.fi\/koti\/#organization"},"articleSection":["Uncategorized"],"inLanguage":"fi"},{"@type":"WebPage","@id":"https:\/\/jennipitko.fi\/koti\/tehdaan-sanginjoesta-seuraava-kansallispuisto\/","url":"https:\/\/jennipitko.fi\/koti\/tehdaan-sanginjoesta-seuraava-kansallispuisto\/","name":"Tehd\u00e4\u00e4n Sanginjoesta seuraava kansallispuisto - Jenni Pitko - Vihreiden varapuheenjohtaja, ymp\u00e4rist\u00f6valiokunnan puheenjohtaja, kansanedustaja ja arkkitehti Oulusta","isPartOf":{"@id":"https:\/\/jennipitko.fi\/koti\/#website"},"datePublished":"2023-04-01T06:11:02+00:00","dateModified":"2023-04-01T06:24:53+00:00","breadcrumb":{"@id":"https:\/\/jennipitko.fi\/koti\/tehdaan-sanginjoesta-seuraava-kansallispuisto\/#breadcrumb"},"inLanguage":"fi","potentialAction":[{"@type":"ReadAction","target":["https:\/\/jennipitko.fi\/koti\/tehdaan-sanginjoesta-seuraava-kansallispuisto\/"]}]},{"@type":"BreadcrumbList","@id":"https:\/\/jennipitko.fi\/koti\/tehdaan-sanginjoesta-seuraava-kansallispuisto\/#breadcrumb","itemListElement":[{"@type":"ListItem","position":1,"name":"Home","item":"https:\/\/jennipitko.fi\/koti\/"},{"@type":"ListItem","position":2,"name":"Tehd\u00e4\u00e4n Sanginjoesta seuraava kansallispuisto"}]},{"@type":"WebSite","@id":"https:\/\/jennipitko.fi\/koti\/#website","url":"https:\/\/jennipitko.fi\/koti\/","name":"Jenni Pitko - Vihreiden varapuheenjohtaja, ymp\u00e4rist\u00f6valiokunnan puheenjohtaja, kansanedustaja ja arkkitehti Oulusta","description":"Jenni Pitko - Vihreiden varapuheenjohtaja, ymp\u00e4rist\u00f6valiokunnan puheenjohtaja, kansanedustaja ja arkkitehti Oulusta","publisher":{"@id":"https:\/\/jennipitko.fi\/koti\/#organization"},"potentialAction":[{"@type":"SearchAction","target":{"@type":"EntryPoint","urlTemplate":"https:\/\/jennipitko.fi\/koti\/?s={search_term_string}"},"query-input":{"@type":"PropertyValueSpecification","valueRequired":true,"valueName":"search_term_string"}}],"inLanguage":"fi"},{"@type":"Organization","@id":"https:\/\/jennipitko.fi\/koti\/#organization","name":"Jenni Pitko - Vihreiden varapuheenjohtaja, ymp\u00e4rist\u00f6valiokunnan puheenjohtaja, kansanedustaja ja arkkitehti Oulusta","url":"https:\/\/jennipitko.fi\/koti\/","logo":{"@type":"ImageObject","inLanguage":"fi","@id":"https:\/\/jennipitko.fi\/koti\/#\/schema\/logo\/image\/","url":"https:\/\/jennipitko.fi\/koti\/wp-content\/uploads\/2025\/09\/Nimeton-malli-38.png","contentUrl":"https:\/\/jennipitko.fi\/koti\/wp-content\/uploads\/2025\/09\/Nimeton-malli-38.png","width":1280,"height":847,"caption":"Jenni Pitko - Vihreiden varapuheenjohtaja, ymp\u00e4rist\u00f6valiokunnan puheenjohtaja, kansanedustaja ja arkkitehti Oulusta"},"image":{"@id":"https:\/\/jennipitko.fi\/koti\/#\/schema\/logo\/image\/"}},{"@type":"Person","@id":"https:\/\/jennipitko.fi\/koti\/#\/schema\/person\/35955c467f851f10124809310e7e7ee8","name":"Jenni","image":{"@type":"ImageObject","inLanguage":"fi","@id":"https:\/\/secure.gravatar.com\/avatar\/625a0e6413b293da7739d42617828d564a4d6028aec3f45d8939a2ba1617199f?s=96&d=blank&r=g","url":"https:\/\/secure.gravatar.com\/avatar\/625a0e6413b293da7739d42617828d564a4d6028aec3f45d8939a2ba1617199f?s=96&d=blank&r=g","contentUrl":"https:\/\/secure.gravatar.com\/avatar\/625a0e6413b293da7739d42617828d564a4d6028aec3f45d8939a2ba1617199f?s=96&d=blank&r=g","caption":"Jenni"},"url":"https:\/\/jennipitko.fi\/koti\/author\/jenni\/"}]}},"_links":{"self":[{"href":"https:\/\/jennipitko.fi\/koti\/wp-json\/wp\/v2\/posts\/2794","targetHints":{"allow":["GET"]}}],"collection":[{"href":"https:\/\/jennipitko.fi\/koti\/wp-json\/wp\/v2\/posts"}],"about":[{"href":"https:\/\/jennipitko.fi\/koti\/wp-json\/wp\/v2\/types\/post"}],"author":[{"embeddable":true,"href":"https:\/\/jennipitko.fi\/koti\/wp-json\/wp\/v2\/users\/1"}],"replies":[{"embeddable":true,"href":"https:\/\/jennipitko.fi\/koti\/wp-json\/wp\/v2\/comments?post=2794"}],"version-history":[{"count":1,"href":"https:\/\/jennipitko.fi\/koti\/wp-json\/wp\/v2\/posts\/2794\/revisions"}],"predecessor-version":[{"id":2796,"href":"https:\/\/jennipitko.fi\/koti\/wp-json\/wp\/v2\/posts\/2794\/revisions\/2796"}],"wp:attachment":[{"href":"https:\/\/jennipitko.fi\/koti\/wp-json\/wp\/v2\/media?parent=2794"}],"wp:term":[{"taxonomy":"category","embeddable":true,"href":"https:\/\/jennipitko.fi\/koti\/wp-json\/wp\/v2\/categories?post=2794"},{"taxonomy":"post_tag","embeddable":true,"href":"https:\/\/jennipitko.fi\/koti\/wp-json\/wp\/v2\/tags?post=2794"}],"curies":[{"name":"wp","href":"https:\/\/api.w.org\/{rel}","templated":true}]}}